{"id":399,"date":"2024-07-16T08:03:34","date_gmt":"2024-07-16T08:03:34","guid":{"rendered":"https:\/\/impreza33.us-themes.com\/?p=1"},"modified":"2024-08-12T11:09:05","modified_gmt":"2024-08-12T11:09:05","slug":"de-ce-au-scazut-castigurile-salariale-in-luna-mai-bugetarii-au-inregistrat-cresteri-in-principal-datorita-tichetelor-de-vacanta","status":"publish","type":"post","link":"https:\/\/carpathiacenter.ro\/en\/de-ce-au-scazut-castigurile-salariale-in-luna-mai-bugetarii-au-inregistrat-cresteri-in-principal-datorita-tichetelor-de-vacanta\/","title":{"rendered":"De ce au sc\u0103zut c\u00e2\u0219tigurile salariale \u00een luna Mai? Bugetarii au \u00eenregistrat cre\u0219teri \u00een principal datorit\u0103 tichetelor de vacan\u021b\u0103"},"content":{"rendered":"<p><\/p>\r\n<p><strong>C\u00e2\u015ftigul salarial mediu net a fost 5.118 lei, \u00een luna Mai, \u00een sc\u0103dere cu 99 lei (-1,9%) fa\u021b\u0103 de luna aprilie 2024, conform datelor Institutului Na\u021bional de Statistic\u0103 (INS).<\/strong><\/p>\r\n<p>\r\n\r\n<\/p>\r\n<p>Motivul sc\u0103derii, spune institu\u021bia, este legat de acordarea unor prime ocazionale \u00een lunile precedente, respectiv, prime trimestriale, anuale, pentru performan\u021be deosebite ori pentru s\u0103rb\u0103torile de Pa\u0219te, drepturi \u00een natur\u0103 \u015fi ajutoare b\u0103ne\u015fti, sume din profitul net \u015fi din alte fonduri (inclusiv bilete de valoare).<\/p>\r\n<p>\r\n\r\n<\/p>\r\n<p>Un alt motiv, men\u021bioneaz\u0103 INS, este legat de nerealiz\u0103rile de produc\u021bie ori \u00eencas\u0103rile mai mici (func\u0163ie de contracte\/proiecte).<\/p>\r\n<p>\r\n\r\n<\/p>\r\n<h2 class=\"wp-block-heading\">Unde au fost cele mai mai sc\u0103deri ale c\u00e2\u0219tigurilor salariale<\/h2>\r\n<p>\r\n\r\n<\/p>\r\n<p>Cele mai semnificative sc\u0103deri ale c\u00e2\u015ftigului salarial mediu net au fost:<\/p>\r\n<p>\r\n\r\n<\/p>\r\n<ul class=\"wp-block-list\">\r\n<li>cu 21,8% \u020bn activit\u0103\u0163i de asigur\u0103ri, reasigur\u0103ri \u015fi ale fondurilor de pensii (cu excep\u0163ia celor din sistemul public de asigur\u0103ri sociale), respectiv cu 19,4% \u00een extrac\u0163ia petrolului brut \u015fi a gazelor naturale;<\/li>\r\n\r\n\r\n\r\n<li>\u00eentre 9,0% \u0219i 14,5% \u00een fabricarea autovehiculelor de transport rutier, a remorcilor \u015fi semiremorcilor, activit\u0103\u0163i de servicii anexe extrac\u021biei, extrac\u0163ia c\u0103rbunelui superior \u015fi inferior, fabricarea produselor din tutun, fabricarea altor mijloace de transport, fabricarea produselor din cauciuc \u015fi mase plastice;<\/li>\r\n\r\n\r\n\r\n<li>\u00eentre 5,0% \u0219i 7,5% \u00een intermedieri financiare (cu excep\u0163ia activit\u0103\u0163ilor de asigur\u0103ri \u015fi ale fondurilor de pensii), fabricarea altor produse din minerale nemetalice, transporturi pe ap\u0103, activit\u0103\u0163i de servicii \u00een tehnologia informa\u021biei (inclusiv activit\u0103\u0163i de servicii informatice), repararea, \u00eentre\u0163inerea \u015fi instalarea ma\u0219inilor \u015fi echipamentelor, silvicultur\u0103 \u015fi exploatare forestier\u0103 (inclusiv pescuit \u015fi acvacultur\u0103), industria construc\u0163iilor metalice \u015fi a produselor din metal (exclusiv ma\u015fini, utilaje \u015fi instala\u0163ii), fabricarea produselor de cocserie \u015fi a produselor ob\u0163inute din prelucrarea \u021bi\u021beiului, fabricarea produselor farmaceutice de baz\u0103 \u015fi a preparatelor farmaceutice.<\/li>\r\n<\/ul>\r\n<p>\r\n\r\n<\/p>\r\n<p>Au existat \u0219i sectoare cu cre\u0219teri ale c\u00e2\u0219tigurilor salariale, respectiv:<\/p>\r\n<p>\r\n\r\n<\/p>\r\n<ul class=\"wp-block-list\">\r\n<li>cu 6,9% \u00een tip\u0103rirea \u015fi reproducerea pe suporturi a \u00eenregistr\u0103rilor;<\/li>\r\n\r\n\r\n\r\n<li>\u00eentre 2,5% \u0219i 4,0% \u00een extrac\u0163ia minereurilor metalifere, activit\u0103\u0163i de produc\u021bie cinematografic\u0103, video \u015fi de programe de televiziune, \u00eenregistr\u0103ri audio \u015fi activit\u0103\u0163i de editare muzical\u0103 (inclusiv activit\u0103\u0163i de difuzare \u015fi transmitere de programe), colectarea, tratarea \u015fi eliminarea de\u015feurilor; activit\u0103\u0163i de recuperare a materialelor reciclabile (inclusiv activit\u0103\u0163i \u015fi servicii de decontaminare), fabricarea calculatoarelor \u015fi a produselor electronice \u015fi optice, t\u0103b\u0103cirea \u015fi finisarea pieilor (inclusiv fabricarea articolelor de voiaj \u015fi marochin\u0103rie, harna\u0219amentelor \u015fi \u00eenc\u0103l\u021b\u0103mintei; prepararea \u015fi vopsirea bl\u0103nurilor), depozitare \u015fi activit\u0103\u0163i auxiliare pentru transporturi.<\/li>\r\n<\/ul>\r\n<p>\r\n\r\n<\/p>\r\n<p><strong>\u00cen sectorul bugetar<\/strong>, \u00een luna Mai 2024, s-au \u00eenregistrat cre\u015fteri ale c\u00e2\u015ftigului salarial mediu net comparativ cu luna precedent\u0103 \u00een \u00eenv\u0103\u0163\u0103m\u00e2nt (+9,9%), \u00een principal ca urmare a acord\u0103rii biletelor de valoare (tichete de vacan\u0163\u0103). De asemenea, c\u00e2\u015ftigul salarial mediu net a crescut u\u015for \u00een s\u0103n\u0103tate \u015fi asisten\u021b\u0103 social\u0103 (+1,5%), respectiv \u00een administra\u0163ia public\u0103 (+0,4%).<\/p>\r\n<p>\r\n\r\n<\/p>\r\n<h2 class=\"wp-block-heading\">\u00cen ce domenii erau cele mai mari c\u00e2\u0219tiguri salariale \u00een luna Mai 2024<\/h2>\r\n<p>\r\n\r\n<\/p>\r\n<p>Valorile cele mai mari ale c\u00e2\u015ftigului salarial mediu net s-au \u00eenregistrat \u00een:<\/p>\r\n<p>\r\n\r\n<\/p>\r\n<ul class=\"wp-block-list\">\r\n<li>activit\u0103\u0163i de servicii \u00een tehnologia informa\u0163iei (inclusiv activit\u0103\u0163i de servicii informatice): 11.253 lei<\/li>\r\n\r\n\r\n\r\n<li>Fabricarea produselor de cocserie \u015fi a produselor ob\u0163inute din prelucrarea \u0163i\u0163eiului: 10.736 lei<\/li>\r\n\r\n\r\n\r\n<li>Informa\u021bii \u0219i comunica\u021bii: 9.737 lei<\/li>\r\n\r\n\r\n\r\n<li>Extrac\u0163ia petrolului brut \u015fi a gazelor naturale: 9.321 lei<\/li>\r\n\r\n\r\n\r\n<li>Intermedieri financiare, cu excep\u0163ia activit\u0103\u0163ilor de asigur\u0103ri \u015fi ale fondurilor de pensii: 9.311 lei<\/li>\r\n\r\n\r\n\r\n<li>Transporturi aeriene: 8.976 lei<\/li>\r\n<\/ul>\r\n<p>\r\n\r\n<\/p>\r\n<p>Cele mai mici c\u00e2\u0219tiguri salariale nete au fost \u00een:<\/p>\r\n<p>\r\n\r\n<\/p>\r\n<ul class=\"wp-block-list\">\r\n<li>Fabricarea articolelor de \u00eembr\u0103c\u0103minte: 2.784 lei<\/li>\r\n\r\n\r\n\r\n<li>Fabricarea de mobil\u0103: 3.292 lei<\/li>\r\n\r\n\r\n\r\n<li>T\u0103b\u0103cirea \u015fi finisarea pieilor; fabricarea articolelor de voiaj \u015fi marochin\u0103rie, harna\u015famentelor \u015fi \u00eenc\u0103l\u0163\u0103mintei; prepararea \u015fi vopsirea bl\u0103nurilor: 3317 lei<\/li>\r\n\r\n\r\n\r\n<li>Fabricarea produselor textile: 3427 lei<\/li>\r\n\r\n\r\n\r\n<li>Prelucrarea lemnului, fabricarea produselor din lemn \u015fi plut\u0103, cu excep\u0163ia mobilei: 3.485 lei<\/li>\r\n<\/ul>\r\n<p>\r\n\r\n<\/p>\r\n<p>Dac\u0103 ne uit\u0103m la agricultur\u0103, unde exist\u0103 facilit\u0103\u021bi fiscale (nu se pl\u0103te\u0219te impozit pe venit p\u00e2n\u0103 la 10.000 de lei), c\u00e2\u0219tigul salarial net a fost de 3.937 lei. \u00cen ceea ce prive\u0219te industria alimentar\u0103, acolo a fost de 3.823 lei.<\/p>\r\n<p>\r\n\r\n<\/p>\r\n<p>De asemenea, \u00een construc\u021bii, unde exist\u0103 acelea\u0219i prevederi fiscale, suma a fost \u00een luna Mai de 4.709 lei.<\/p>\r\n<p>\r\n\r\n<\/p>\r\n<p>Sursa: <a href=\"https:\/\/hotnews.ro\/de-ce-au-scazut-castigurile-salariale-in-luna-mai-bugetarii-au-inregistrat-cresteri-in-principal-datorita-tichetelor-de-vacanta-1746170\" target=\"_blank\" rel=\"noopener\">https:\/\/hotnews.ro\/de-ce-au-scazut-castigurile-salariale-in-luna-mai-bugetarii-au-inregistrat-cresteri-in-principal-datorita-tichetelor-de-vacanta-17<\/a><\/p>\r\n<p><\/p>","protected":false},"excerpt":{"rendered":"<p>C\u00e2\u015ftigul salarial mediu net a fost 5.118 lei, \u00een luna Mai, \u00een sc\u0103dere cu 99 lei (-1,9%) fa\u021b\u0103 de luna aprilie 2024, conform datelor Institutului Na\u021bional de Statistic\u0103 (INS). Motivul sc\u0103derii, spune institu\u021bia, este legat de acordarea unor prime ocazionale \u00een lunile precedente, respectiv, prime trimestriale, anuale, pentru performan\u021be deosebite ori pentru s\u0103rb\u0103torile de Pa\u0219te,&#8230;<\/p>","protected":false},"author":1,"featured_media":1046,"comment_status":"open","ping_status":"open","sticky":false,"template":"","format":"standard","meta":{"footnotes":""},"categories":[1],"tags":[],"class_list":["post-399","post","type-post","status-publish","format-standard","has-post-thumbnail","hentry","category-uncategorized"],"yoast_head":"<!-- This site is optimized with the Yoast SEO plugin v26.1.1 - https:\/\/yoast.com\/wordpress\/plugins\/seo\/ -->\n<title>De ce au sc\u0103zut c\u00e2\u0219tigurile salariale \u00een luna Mai? Bugetarii au \u00eenregistrat cre\u0219teri \u00een principal datorit\u0103 tichetelor de vacan\u021b\u0103 - Carpathia Center Romania<\/title>\n<meta name=\"robots\" content=\"index, follow, max-snippet:-1, max-image-preview:large, max-video-preview:-1\" \/>\n<link rel=\"canonical\" href=\"https:\/\/carpathiacenter.ro\/en\/de-ce-au-scazut-castigurile-salariale-in-luna-mai-bugetarii-au-inregistrat-cresteri-in-principal-datorita-tichetelor-de-vacanta\/\" \/>\n<meta property=\"og:locale\" content=\"en_GB\" \/>\n<meta property=\"og:type\" content=\"article\" \/>\n<meta property=\"og:title\" content=\"De ce au sc\u0103zut c\u00e2\u0219tigurile salariale \u00een luna Mai? Bugetarii au \u00eenregistrat cre\u0219teri \u00een principal datorit\u0103 tichetelor de vacan\u021b\u0103 - Carpathia Center Romania\" \/>\n<meta property=\"og:description\" content=\"C\u00e2\u015ftigul salarial mediu net a fost 5.118 lei, \u00een luna Mai, \u00een sc\u0103dere cu 99 lei (-1,9%) fa\u021b\u0103 de luna aprilie 2024, conform datelor Institutului Na\u021bional de Statistic\u0103 (INS). Motivul sc\u0103derii, spune institu\u021bia, este legat de acordarea unor prime ocazionale \u00een lunile precedente, respectiv, prime trimestriale, anuale, pentru performan\u021be deosebite ori pentru s\u0103rb\u0103torile de Pa\u0219te,...\" \/>\n<meta property=\"og:url\" content=\"https:\/\/carpathiacenter.ro\/en\/de-ce-au-scazut-castigurile-salariale-in-luna-mai-bugetarii-au-inregistrat-cresteri-in-principal-datorita-tichetelor-de-vacanta\/\" \/>\n<meta property=\"og:site_name\" content=\"Carpathia Center Romania\" \/>\n<meta property=\"article:publisher\" content=\"https:\/\/www.facebook.com\/fdpscarpathia\/\" \/>\n<meta property=\"article:published_time\" content=\"2024-07-16T08:03:34+00:00\" \/>\n<meta property=\"article:modified_time\" content=\"2024-08-12T11:09:05+00:00\" \/>\n<meta property=\"og:image\" content=\"https:\/\/carpathiacenter.ro\/wp-content\/uploads\/2021\/12\/image-143-1024x683-1.png\" \/>\n\t<meta property=\"og:image:width\" content=\"1024\" \/>\n\t<meta property=\"og:image:height\" content=\"683\" \/>\n\t<meta property=\"og:image:type\" content=\"image\/png\" \/>\n<meta name=\"author\" content=\"SkepSyS\" \/>\n<meta name=\"twitter:card\" content=\"summary_large_image\" \/>\n<meta name=\"twitter:label1\" content=\"Written by\" \/>\n\t<meta name=\"twitter:data1\" content=\"SkepSyS\" \/>\n\t<meta name=\"twitter:label2\" content=\"Estimated reading time\" \/>\n\t<meta name=\"twitter:data2\" content=\"4 minutes\" \/>\n<script type=\"application\/ld+json\" class=\"yoast-schema-graph\">{\"@context\":\"https:\/\/schema.org\",\"@graph\":[{\"@type\":\"Article\",\"@id\":\"https:\/\/carpathiacenter.ro\/de-ce-au-scazut-castigurile-salariale-in-luna-mai-bugetarii-au-inregistrat-cresteri-in-principal-datorita-tichetelor-de-vacanta\/#article\",\"isPartOf\":{\"@id\":\"https:\/\/carpathiacenter.ro\/de-ce-au-scazut-castigurile-salariale-in-luna-mai-bugetarii-au-inregistrat-cresteri-in-principal-datorita-tichetelor-de-vacanta\/\"},\"author\":{\"name\":\"SkepSyS\",\"@id\":\"https:\/\/carpathiacenter.ro\/#\/schema\/person\/2bf4282fce579d1f218f0b80c458452a\"},\"headline\":\"De ce au sc\u0103zut c\u00e2\u0219tigurile salariale \u00een luna Mai? Bugetarii au \u00eenregistrat cre\u0219teri \u00een principal datorit\u0103 tichetelor de vacan\u021b\u0103\",\"datePublished\":\"2024-07-16T08:03:34+00:00\",\"dateModified\":\"2024-08-12T11:09:05+00:00\",\"mainEntityOfPage\":{\"@id\":\"https:\/\/carpathiacenter.ro\/de-ce-au-scazut-castigurile-salariale-in-luna-mai-bugetarii-au-inregistrat-cresteri-in-principal-datorita-tichetelor-de-vacanta\/\"},\"wordCount\":726,\"commentCount\":0,\"publisher\":{\"@id\":\"https:\/\/carpathiacenter.ro\/#organization\"},\"image\":{\"@id\":\"https:\/\/carpathiacenter.ro\/de-ce-au-scazut-castigurile-salariale-in-luna-mai-bugetarii-au-inregistrat-cresteri-in-principal-datorita-tichetelor-de-vacanta\/#primaryimage\"},\"thumbnailUrl\":\"https:\/\/carpathiacenter.ro\/wp-content\/uploads\/2021\/12\/image-143-1024x683-1.png\",\"articleSection\":[\"Uncategorized\"],\"inLanguage\":\"en-GB\",\"potentialAction\":[{\"@type\":\"CommentAction\",\"name\":\"Comment\",\"target\":[\"https:\/\/carpathiacenter.ro\/de-ce-au-scazut-castigurile-salariale-in-luna-mai-bugetarii-au-inregistrat-cresteri-in-principal-datorita-tichetelor-de-vacanta\/#respond\"]}]},{\"@type\":\"WebPage\",\"@id\":\"https:\/\/carpathiacenter.ro\/de-ce-au-scazut-castigurile-salariale-in-luna-mai-bugetarii-au-inregistrat-cresteri-in-principal-datorita-tichetelor-de-vacanta\/\",\"url\":\"https:\/\/carpathiacenter.ro\/de-ce-au-scazut-castigurile-salariale-in-luna-mai-bugetarii-au-inregistrat-cresteri-in-principal-datorita-tichetelor-de-vacanta\/\",\"name\":\"De ce au sc\u0103zut c\u00e2\u0219tigurile salariale \u00een luna Mai? Bugetarii au \u00eenregistrat cre\u0219teri \u00een principal datorit\u0103 tichetelor de vacan\u021b\u0103 - Carpathia Center Romania\",\"isPartOf\":{\"@id\":\"https:\/\/carpathiacenter.ro\/#website\"},\"primaryImageOfPage\":{\"@id\":\"https:\/\/carpathiacenter.ro\/de-ce-au-scazut-castigurile-salariale-in-luna-mai-bugetarii-au-inregistrat-cresteri-in-principal-datorita-tichetelor-de-vacanta\/#primaryimage\"},\"image\":{\"@id\":\"https:\/\/carpathiacenter.ro\/de-ce-au-scazut-castigurile-salariale-in-luna-mai-bugetarii-au-inregistrat-cresteri-in-principal-datorita-tichetelor-de-vacanta\/#primaryimage\"},\"thumbnailUrl\":\"https:\/\/carpathiacenter.ro\/wp-content\/uploads\/2021\/12\/image-143-1024x683-1.png\",\"datePublished\":\"2024-07-16T08:03:34+00:00\",\"dateModified\":\"2024-08-12T11:09:05+00:00\",\"breadcrumb\":{\"@id\":\"https:\/\/carpathiacenter.ro\/de-ce-au-scazut-castigurile-salariale-in-luna-mai-bugetarii-au-inregistrat-cresteri-in-principal-datorita-tichetelor-de-vacanta\/#breadcrumb\"},\"inLanguage\":\"en-GB\",\"potentialAction\":[{\"@type\":\"ReadAction\",\"target\":[\"https:\/\/carpathiacenter.ro\/de-ce-au-scazut-castigurile-salariale-in-luna-mai-bugetarii-au-inregistrat-cresteri-in-principal-datorita-tichetelor-de-vacanta\/\"]}]},{\"@type\":\"ImageObject\",\"inLanguage\":\"en-GB\",\"@id\":\"https:\/\/carpathiacenter.ro\/de-ce-au-scazut-castigurile-salariale-in-luna-mai-bugetarii-au-inregistrat-cresteri-in-principal-datorita-tichetelor-de-vacanta\/#primaryimage\",\"url\":\"https:\/\/carpathiacenter.ro\/wp-content\/uploads\/2021\/12\/image-143-1024x683-1.png\",\"contentUrl\":\"https:\/\/carpathiacenter.ro\/wp-content\/uploads\/2021\/12\/image-143-1024x683-1.png\",\"width\":1024,\"height\":683},{\"@type\":\"BreadcrumbList\",\"@id\":\"https:\/\/carpathiacenter.ro\/de-ce-au-scazut-castigurile-salariale-in-luna-mai-bugetarii-au-inregistrat-cresteri-in-principal-datorita-tichetelor-de-vacanta\/#breadcrumb\",\"itemListElement\":[{\"@type\":\"ListItem\",\"position\":1,\"name\":\"Prima pagin\u0103\",\"item\":\"https:\/\/carpathiacenter.ro\/\"},{\"@type\":\"ListItem\",\"position\":2,\"name\":\"De ce au sc\u0103zut c\u00e2\u0219tigurile salariale \u00een luna Mai? Bugetarii au \u00eenregistrat cre\u0219teri \u00een principal datorit\u0103 tichetelor de vacan\u021b\u0103\"}]},{\"@type\":\"WebSite\",\"@id\":\"https:\/\/carpathiacenter.ro\/#website\",\"url\":\"https:\/\/carpathiacenter.ro\/\",\"name\":\"Carpathia Center Romania\",\"description\":\"Impossible made possible!\",\"publisher\":{\"@id\":\"https:\/\/carpathiacenter.ro\/#organization\"},\"potentialAction\":[{\"@type\":\"SearchAction\",\"target\":{\"@type\":\"EntryPoint\",\"urlTemplate\":\"https:\/\/carpathiacenter.ro\/?s={search_term_string}\"},\"query-input\":{\"@type\":\"PropertyValueSpecification\",\"valueRequired\":true,\"valueName\":\"search_term_string\"}}],\"inLanguage\":\"en-GB\"},{\"@type\":\"Organization\",\"@id\":\"https:\/\/carpathiacenter.ro\/#organization\",\"name\":\"Carpathia Center Romania\",\"url\":\"https:\/\/carpathiacenter.ro\/\",\"logo\":{\"@type\":\"ImageObject\",\"inLanguage\":\"en-GB\",\"@id\":\"https:\/\/carpathiacenter.ro\/#\/schema\/logo\/image\/\",\"url\":\"https:\/\/carpathiacenter.ro\/wp-content\/uploads\/2024\/07\/logo-carpathia_bg_white-1024x941.png\",\"contentUrl\":\"https:\/\/carpathiacenter.ro\/wp-content\/uploads\/2024\/07\/logo-carpathia_bg_white-1024x941.png\",\"width\":1024,\"height\":941,\"caption\":\"Carpathia Center Romania\"},\"image\":{\"@id\":\"https:\/\/carpathiacenter.ro\/#\/schema\/logo\/image\/\"},\"sameAs\":[\"https:\/\/www.facebook.com\/fdpscarpathia\/\"]},{\"@type\":\"Person\",\"@id\":\"https:\/\/carpathiacenter.ro\/#\/schema\/person\/2bf4282fce579d1f218f0b80c458452a\",\"name\":\"SkepSyS\",\"image\":{\"@type\":\"ImageObject\",\"inLanguage\":\"en-GB\",\"@id\":\"https:\/\/carpathiacenter.ro\/#\/schema\/person\/image\/\",\"url\":\"https:\/\/secure.gravatar.com\/avatar\/ad97e963180889723c13ecbeafe09ff1638b86289e0ee6848739f38c4ca4d305?s=96&d=mm&r=g\",\"contentUrl\":\"https:\/\/secure.gravatar.com\/avatar\/ad97e963180889723c13ecbeafe09ff1638b86289e0ee6848739f38c4ca4d305?s=96&d=mm&r=g\",\"caption\":\"SkepSyS\"},\"sameAs\":[\"https:\/\/carpathiacenter.ro\"],\"url\":\"https:\/\/carpathiacenter.ro\/en\/author\/skepsys\/\"}]}<\/script>\n<!-- \/ Yoast SEO plugin. -->","yoast_head_json":{"title":"De ce au sc\u0103zut c\u00e2\u0219tigurile salariale \u00een luna Mai? Bugetarii au \u00eenregistrat cre\u0219teri \u00een principal datorit\u0103 tichetelor de vacan\u021b\u0103 - Carpathia Center Romania","robots":{"index":"index","follow":"follow","max-snippet":"max-snippet:-1","max-image-preview":"max-image-preview:large","max-video-preview":"max-video-preview:-1"},"canonical":"https:\/\/carpathiacenter.ro\/en\/de-ce-au-scazut-castigurile-salariale-in-luna-mai-bugetarii-au-inregistrat-cresteri-in-principal-datorita-tichetelor-de-vacanta\/","og_locale":"en_GB","og_type":"article","og_title":"De ce au sc\u0103zut c\u00e2\u0219tigurile salariale \u00een luna Mai? Bugetarii au \u00eenregistrat cre\u0219teri \u00een principal datorit\u0103 tichetelor de vacan\u021b\u0103 - Carpathia Center Romania","og_description":"C\u00e2\u015ftigul salarial mediu net a fost 5.118 lei, \u00een luna Mai, \u00een sc\u0103dere cu 99 lei (-1,9%) fa\u021b\u0103 de luna aprilie 2024, conform datelor Institutului Na\u021bional de Statistic\u0103 (INS). Motivul sc\u0103derii, spune institu\u021bia, este legat de acordarea unor prime ocazionale \u00een lunile precedente, respectiv, prime trimestriale, anuale, pentru performan\u021be deosebite ori pentru s\u0103rb\u0103torile de Pa\u0219te,...","og_url":"https:\/\/carpathiacenter.ro\/en\/de-ce-au-scazut-castigurile-salariale-in-luna-mai-bugetarii-au-inregistrat-cresteri-in-principal-datorita-tichetelor-de-vacanta\/","og_site_name":"Carpathia Center Romania","article_publisher":"https:\/\/www.facebook.com\/fdpscarpathia\/","article_published_time":"2024-07-16T08:03:34+00:00","article_modified_time":"2024-08-12T11:09:05+00:00","og_image":[{"width":1024,"height":683,"url":"https:\/\/carpathiacenter.ro\/wp-content\/uploads\/2021\/12\/image-143-1024x683-1.png","type":"image\/png"}],"author":"SkepSyS","twitter_card":"summary_large_image","twitter_misc":{"Written by":"SkepSyS","Estimated reading time":"4 minutes"},"schema":{"@context":"https:\/\/schema.org","@graph":[{"@type":"Article","@id":"https:\/\/carpathiacenter.ro\/de-ce-au-scazut-castigurile-salariale-in-luna-mai-bugetarii-au-inregistrat-cresteri-in-principal-datorita-tichetelor-de-vacanta\/#article","isPartOf":{"@id":"https:\/\/carpathiacenter.ro\/de-ce-au-scazut-castigurile-salariale-in-luna-mai-bugetarii-au-inregistrat-cresteri-in-principal-datorita-tichetelor-de-vacanta\/"},"author":{"name":"SkepSyS","@id":"https:\/\/carpathiacenter.ro\/#\/schema\/person\/2bf4282fce579d1f218f0b80c458452a"},"headline":"De ce au sc\u0103zut c\u00e2\u0219tigurile salariale \u00een luna Mai? Bugetarii au \u00eenregistrat cre\u0219teri \u00een principal datorit\u0103 tichetelor de vacan\u021b\u0103","datePublished":"2024-07-16T08:03:34+00:00","dateModified":"2024-08-12T11:09:05+00:00","mainEntityOfPage":{"@id":"https:\/\/carpathiacenter.ro\/de-ce-au-scazut-castigurile-salariale-in-luna-mai-bugetarii-au-inregistrat-cresteri-in-principal-datorita-tichetelor-de-vacanta\/"},"wordCount":726,"commentCount":0,"publisher":{"@id":"https:\/\/carpathiacenter.ro\/#organization"},"image":{"@id":"https:\/\/carpathiacenter.ro\/de-ce-au-scazut-castigurile-salariale-in-luna-mai-bugetarii-au-inregistrat-cresteri-in-principal-datorita-tichetelor-de-vacanta\/#primaryimage"},"thumbnailUrl":"https:\/\/carpathiacenter.ro\/wp-content\/uploads\/2021\/12\/image-143-1024x683-1.png","articleSection":["Uncategorized"],"inLanguage":"en-GB","potentialAction":[{"@type":"CommentAction","name":"Comment","target":["https:\/\/carpathiacenter.ro\/de-ce-au-scazut-castigurile-salariale-in-luna-mai-bugetarii-au-inregistrat-cresteri-in-principal-datorita-tichetelor-de-vacanta\/#respond"]}]},{"@type":"WebPage","@id":"https:\/\/carpathiacenter.ro\/de-ce-au-scazut-castigurile-salariale-in-luna-mai-bugetarii-au-inregistrat-cresteri-in-principal-datorita-tichetelor-de-vacanta\/","url":"https:\/\/carpathiacenter.ro\/de-ce-au-scazut-castigurile-salariale-in-luna-mai-bugetarii-au-inregistrat-cresteri-in-principal-datorita-tichetelor-de-vacanta\/","name":"De ce au sc\u0103zut c\u00e2\u0219tigurile salariale \u00een luna Mai? Bugetarii au \u00eenregistrat cre\u0219teri \u00een principal datorit\u0103 tichetelor de vacan\u021b\u0103 - Carpathia Center Romania","isPartOf":{"@id":"https:\/\/carpathiacenter.ro\/#website"},"primaryImageOfPage":{"@id":"https:\/\/carpathiacenter.ro\/de-ce-au-scazut-castigurile-salariale-in-luna-mai-bugetarii-au-inregistrat-cresteri-in-principal-datorita-tichetelor-de-vacanta\/#primaryimage"},"image":{"@id":"https:\/\/carpathiacenter.ro\/de-ce-au-scazut-castigurile-salariale-in-luna-mai-bugetarii-au-inregistrat-cresteri-in-principal-datorita-tichetelor-de-vacanta\/#primaryimage"},"thumbnailUrl":"https:\/\/carpathiacenter.ro\/wp-content\/uploads\/2021\/12\/image-143-1024x683-1.png","datePublished":"2024-07-16T08:03:34+00:00","dateModified":"2024-08-12T11:09:05+00:00","breadcrumb":{"@id":"https:\/\/carpathiacenter.ro\/de-ce-au-scazut-castigurile-salariale-in-luna-mai-bugetarii-au-inregistrat-cresteri-in-principal-datorita-tichetelor-de-vacanta\/#breadcrumb"},"inLanguage":"en-GB","potentialAction":[{"@type":"ReadAction","target":["https:\/\/carpathiacenter.ro\/de-ce-au-scazut-castigurile-salariale-in-luna-mai-bugetarii-au-inregistrat-cresteri-in-principal-datorita-tichetelor-de-vacanta\/"]}]},{"@type":"ImageObject","inLanguage":"en-GB","@id":"https:\/\/carpathiacenter.ro\/de-ce-au-scazut-castigurile-salariale-in-luna-mai-bugetarii-au-inregistrat-cresteri-in-principal-datorita-tichetelor-de-vacanta\/#primaryimage","url":"https:\/\/carpathiacenter.ro\/wp-content\/uploads\/2021\/12\/image-143-1024x683-1.png","contentUrl":"https:\/\/carpathiacenter.ro\/wp-content\/uploads\/2021\/12\/image-143-1024x683-1.png","width":1024,"height":683},{"@type":"BreadcrumbList","@id":"https:\/\/carpathiacenter.ro\/de-ce-au-scazut-castigurile-salariale-in-luna-mai-bugetarii-au-inregistrat-cresteri-in-principal-datorita-tichetelor-de-vacanta\/#breadcrumb","itemListElement":[{"@type":"ListItem","position":1,"name":"Prima pagin\u0103","item":"https:\/\/carpathiacenter.ro\/"},{"@type":"ListItem","position":2,"name":"De ce au sc\u0103zut c\u00e2\u0219tigurile salariale \u00een luna Mai? Bugetarii au \u00eenregistrat cre\u0219teri \u00een principal datorit\u0103 tichetelor de vacan\u021b\u0103"}]},{"@type":"WebSite","@id":"https:\/\/carpathiacenter.ro\/#website","url":"https:\/\/carpathiacenter.ro\/","name":"Carpathia Center Romania","description":"Impossible made possible!","publisher":{"@id":"https:\/\/carpathiacenter.ro\/#organization"},"potentialAction":[{"@type":"SearchAction","target":{"@type":"EntryPoint","urlTemplate":"https:\/\/carpathiacenter.ro\/?s={search_term_string}"},"query-input":{"@type":"PropertyValueSpecification","valueRequired":true,"valueName":"search_term_string"}}],"inLanguage":"en-GB"},{"@type":"Organization","@id":"https:\/\/carpathiacenter.ro\/#organization","name":"Carpathia Center Romania","url":"https:\/\/carpathiacenter.ro\/","logo":{"@type":"ImageObject","inLanguage":"en-GB","@id":"https:\/\/carpathiacenter.ro\/#\/schema\/logo\/image\/","url":"https:\/\/carpathiacenter.ro\/wp-content\/uploads\/2024\/07\/logo-carpathia_bg_white-1024x941.png","contentUrl":"https:\/\/carpathiacenter.ro\/wp-content\/uploads\/2024\/07\/logo-carpathia_bg_white-1024x941.png","width":1024,"height":941,"caption":"Carpathia Center Romania"},"image":{"@id":"https:\/\/carpathiacenter.ro\/#\/schema\/logo\/image\/"},"sameAs":["https:\/\/www.facebook.com\/fdpscarpathia\/"]},{"@type":"Person","@id":"https:\/\/carpathiacenter.ro\/#\/schema\/person\/2bf4282fce579d1f218f0b80c458452a","name":"SkepSyS","image":{"@type":"ImageObject","inLanguage":"en-GB","@id":"https:\/\/carpathiacenter.ro\/#\/schema\/person\/image\/","url":"https:\/\/secure.gravatar.com\/avatar\/ad97e963180889723c13ecbeafe09ff1638b86289e0ee6848739f38c4ca4d305?s=96&d=mm&r=g","contentUrl":"https:\/\/secure.gravatar.com\/avatar\/ad97e963180889723c13ecbeafe09ff1638b86289e0ee6848739f38c4ca4d305?s=96&d=mm&r=g","caption":"SkepSyS"},"sameAs":["https:\/\/carpathiacenter.ro"],"url":"https:\/\/carpathiacenter.ro\/en\/author\/skepsys\/"}]}},"_links":{"self":[{"href":"https:\/\/carpathiacenter.ro\/en\/wp-json\/wp\/v2\/posts\/399","targetHints":{"allow":["GET"]}}],"collection":[{"href":"https:\/\/carpathiacenter.ro\/en\/wp-json\/wp\/v2\/posts"}],"about":[{"href":"https:\/\/carpathiacenter.ro\/en\/wp-json\/wp\/v2\/types\/post"}],"author":[{"embeddable":true,"href":"https:\/\/carpathiacenter.ro\/en\/wp-json\/wp\/v2\/users\/1"}],"replies":[{"embeddable":true,"href":"https:\/\/carpathiacenter.ro\/en\/wp-json\/wp\/v2\/comments?post=399"}],"version-history":[{"count":3,"href":"https:\/\/carpathiacenter.ro\/en\/wp-json\/wp\/v2\/posts\/399\/revisions"}],"predecessor-version":[{"id":1049,"href":"https:\/\/carpathiacenter.ro\/en\/wp-json\/wp\/v2\/posts\/399\/revisions\/1049"}],"wp:featuredmedia":[{"embeddable":true,"href":"https:\/\/carpathiacenter.ro\/en\/wp-json\/wp\/v2\/media\/1046"}],"wp:attachment":[{"href":"https:\/\/carpathiacenter.ro\/en\/wp-json\/wp\/v2\/media?parent=399"}],"wp:term":[{"taxonomy":"category","embeddable":true,"href":"https:\/\/carpathiacenter.ro\/en\/wp-json\/wp\/v2\/categories?post=399"},{"taxonomy":"post_tag","embeddable":true,"href":"https:\/\/carpathiacenter.ro\/en\/wp-json\/wp\/v2\/tags?post=399"}],"curies":[{"name":"wp","href":"https:\/\/api.w.org\/{rel}","templated":true}]}}