{"id":3737,"date":"2026-01-30T09:09:16","date_gmt":"2026-01-30T09:09:16","guid":{"rendered":"https:\/\/carpathiacenter.ro\/?p=3737"},"modified":"2026-01-30T09:09:16","modified_gmt":"2026-01-30T09:09:16","slug":"conflict-intre-procurorii-si-judecatorii-din-csm-primii-acuza-ca-le-a-fost-blocat-accesul-in-aplicatia-ecris-prin-care-au-acces-la-dosare","status":"publish","type":"post","link":"https:\/\/carpathiacenter.ro\/en\/conflict-intre-procurorii-si-judecatorii-din-csm-primii-acuza-ca-le-a-fost-blocat-accesul-in-aplicatia-ecris-prin-care-au-acces-la-dosare\/","title":{"rendered":"Conflict \u00eentre procurorii \u0219i judec\u0103torii din CSM. Primii acuz\u0103 c\u0103 le-a fost blocat accesul \u00een aplica\u021bia ECRIS prin care au acces la dosare"},"content":{"rendered":"<p><strong>Sec\u0163ia pentru procurori a Consiliului Superior al Magistraturii a ie\u0219it public joi cu un\u00a0<a href=\"https:\/\/www.csm1909.ro\/PageDetails.aspx?PageId=299&amp;FolderId=12546&amp;FolderTitle=COMUNICAT%20DE%20PRES%C4%82-(2026-01-29)\" target=\"_blank\" rel=\"noopener\">comunicat de pres\u0103<\/a>\u00a0\u00een care acuz\u0103 c\u0103 o decizie a\u00a0judec\u0103torii din CSM las\u0103 procurorii din \u021bar\u0103 care efectueaz\u0103 activitate judiciar\u0103 f\u0103r\u0103 orice mijloc tipic de acces la dosare.<\/strong><\/p>\n<p>Prin\u00a0<a href=\"chrome-extension:\/\/efaidnbmnnnibpcajpcglclefindmkaj\/https:\/\/csm1909.ro\/ViewFile.ashx?guid=e108268e-8d0c-486b-b328-1ca575147c83-InfoCSM\" target=\"_blank\" rel=\"noopener\">respectiva decizie<\/a>, din noiembrie 2025, judec\u0103torii din CSM au stabilit c\u0103 \u201eaccesul \u00een aplica\u021bia ECRIS a instan\u021belor s\u0103 fie configurat doar pentru personalul instan\u021belor, Consiliului Superior al Magistraturii, Inspec\u021biei Judiciare, Institutului Na\u021bional al Magistraturii \u0219i \u0218colii Na\u021bionale de Grefieri\u201d.<\/p>\n<div id=\"billboard2\" class=\"inserted-position billboard-2\"><\/div>\n<p>\u201eAccesul electronic la dosar al altor participan\u021bi la proces urmeaz\u0103 s\u0103 se realizeze prin intermediul dosarului electronic\u201d, stabileau judec\u0103torii la finalul anului trecut.<\/p>\n<h2 class=\"wp-block-heading\">Procurorii acuz\u0103 c\u0103 decizia este \u201ef\u0103r\u0103 nici o justificare logic\u0103 \u0219i f\u0103r\u0103 o alternativ\u0103 func\u021bional\u0103\u201d<\/h2>\n<p>\u00cen comunicatul emis joi, Sec\u021bia pentru Procurori spune c\u0103 numeroase parchete i-au sesizat cu privire la faptul c\u0103 nu mai au acces la aplica\u021bia ECRIS a instan\u021belor \u00eencep\u00e2nd de mar\u021bi, 27 ianuarie. Procurorii spun c\u0103 acest lucru \u201edetermin\u0103 imposibilitatea desf\u0103\u0219ur\u0103rii corespunz\u0103toare a activit\u0103\u021bii judiciare\u201d.<\/p>\n<p>\u201eDecizia Comisiei nr. 3 a Sec\u021biei de judec\u0103tori lipse\u0219te procurorii care efectueaz\u0103 activitate judiciar\u0103 (sus\u021bin rechizitorii \u0219i alte solu\u021bii \u00een fa\u021ba judec\u0103torului, intr\u0103 \u00een cauze civile, etc) de orice mijloc tipic de acces la dosare\u201d, explic\u0103 ei.<\/p>\n<div id=\"billboard3\" class=\"inserted-position billboard-3\"><\/div>\n<p>Sec\u021bia pentru procurori mai afirm\u0103 c\u0103 \u201erestric\u021bionarea accesului Ministerului Public ca reprezentant al intereselor generale ale societ\u0103\u021bii la aplica\u021bia ECRIS, f\u0103r\u0103 nici o justificare logic\u0103 \u0219i f\u0103r\u0103 o alternativ\u0103 func\u021bional\u0103, reprezint\u0103 expresia unei gre\u0219ite \u00een\u021belegeri a rolului fiec\u0103rui participant la procesul penal.\u201d<\/p>\n<p>\u00cen \u0219edin\u021ba avut\u0103 ast\u0103zi, procurorii au decis cu unanimitate de voturi s\u0103 solicite restabilirea ordinii ini\u021biale \u0219i s\u0103 garanteze accesul procurorilor la dosarele instan\u021belor.<\/p>\n<p>Sursa articolului:  <a href=\"https:\/\/hotnews.ro\/conflict-intre-procurorii-si-judecatorii-din-csm-primii-acuza-ca-le-a-fost-blocat-accesul-in-aplicatia-ecris-prin-care-au-acces-la-dosare-2160988\" target=\"_blank\" rel=\"noopener\" title=\"\">HotNews<\/a><\/p>","protected":false},"excerpt":{"rendered":"<p>Sec\u0163ia pentru procurori a Consiliului Superior al Magistraturii a ie\u0219it public joi cu un\u00a0comunicat de pres\u0103\u00a0\u00een care acuz\u0103 c\u0103 o decizie a\u00a0judec\u0103torii din CSM las\u0103 procurorii din \u021bar\u0103 care efectueaz\u0103 activitate judiciar\u0103 f\u0103r\u0103 orice mijloc tipic de acces la dosare. Prin\u00a0respectiva decizie, din noiembrie 2025, judec\u0103torii din CSM au stabilit c\u0103 \u201eaccesul \u00een aplica\u021bia ECRIS&#8230;<\/p>","protected":false},"author":4,"featured_media":0,"comment_status":"open","ping_status":"open","sticky":false,"template":"","format":"standard","meta":{"footnotes":""},"categories":[1],"tags":[],"class_list":["post-3737","post","type-post","status-publish","format-standard","hentry","category-uncategorized"],"yoast_head":"<!-- This site is optimized with the Yoast SEO plugin v26.1.1 - https:\/\/yoast.com\/wordpress\/plugins\/seo\/ -->\n<title>Conflict \u00eentre procurorii \u0219i judec\u0103torii din CSM. Primii acuz\u0103 c\u0103 le-a fost blocat accesul \u00een aplica\u021bia ECRIS prin care au acces la dosare - Carpathia Center Romania<\/title>\n<meta name=\"robots\" content=\"index, follow, max-snippet:-1, max-image-preview:large, max-video-preview:-1\" \/>\n<link rel=\"canonical\" href=\"https:\/\/carpathiacenter.ro\/en\/conflict-intre-procurorii-si-judecatorii-din-csm-primii-acuza-ca-le-a-fost-blocat-accesul-in-aplicatia-ecris-prin-care-au-acces-la-dosare\/\" \/>\n<meta property=\"og:locale\" content=\"en_GB\" \/>\n<meta property=\"og:type\" content=\"article\" \/>\n<meta property=\"og:title\" content=\"Conflict \u00eentre procurorii \u0219i judec\u0103torii din CSM. Primii acuz\u0103 c\u0103 le-a fost blocat accesul \u00een aplica\u021bia ECRIS prin care au acces la dosare - Carpathia Center Romania\" \/>\n<meta property=\"og:description\" content=\"Sec\u0163ia pentru procurori a Consiliului Superior al Magistraturii a ie\u0219it public joi cu un\u00a0comunicat de pres\u0103\u00a0\u00een care acuz\u0103 c\u0103 o decizie a\u00a0judec\u0103torii din CSM las\u0103 procurorii din \u021bar\u0103 care efectueaz\u0103 activitate judiciar\u0103 f\u0103r\u0103 orice mijloc tipic de acces la dosare. Prin\u00a0respectiva decizie, din noiembrie 2025, judec\u0103torii din CSM au stabilit c\u0103 \u201eaccesul \u00een aplica\u021bia ECRIS...\" \/>\n<meta property=\"og:url\" content=\"https:\/\/carpathiacenter.ro\/en\/conflict-intre-procurorii-si-judecatorii-din-csm-primii-acuza-ca-le-a-fost-blocat-accesul-in-aplicatia-ecris-prin-care-au-acces-la-dosare\/\" \/>\n<meta property=\"og:site_name\" content=\"Carpathia Center Romania\" \/>\n<meta property=\"article:publisher\" content=\"https:\/\/www.facebook.com\/fdpscarpathia\/\" \/>\n<meta property=\"article:published_time\" content=\"2026-01-30T09:09:16+00:00\" \/>\n<meta name=\"author\" content=\"creativebitsolutions\" \/>\n<meta name=\"twitter:card\" content=\"summary_large_image\" \/>\n<meta name=\"twitter:label1\" content=\"Written by\" \/>\n\t<meta name=\"twitter:data1\" content=\"creativebitsolutions\" \/>\n\t<meta name=\"twitter:label2\" content=\"Estimated reading time\" \/>\n\t<meta name=\"twitter:data2\" content=\"2 minutes\" \/>\n<script type=\"application\/ld+json\" class=\"yoast-schema-graph\">{\"@context\":\"https:\/\/schema.org\",\"@graph\":[{\"@type\":\"Article\",\"@id\":\"https:\/\/carpathiacenter.ro\/conflict-intre-procurorii-si-judecatorii-din-csm-primii-acuza-ca-le-a-fost-blocat-accesul-in-aplicatia-ecris-prin-care-au-acces-la-dosare\/#article\",\"isPartOf\":{\"@id\":\"https:\/\/carpathiacenter.ro\/conflict-intre-procurorii-si-judecatorii-din-csm-primii-acuza-ca-le-a-fost-blocat-accesul-in-aplicatia-ecris-prin-care-au-acces-la-dosare\/\"},\"author\":{\"name\":\"creativebitsolutions\",\"@id\":\"https:\/\/carpathiacenter.ro\/#\/schema\/person\/03d9f58202fee8379268f34afa195006\"},\"headline\":\"Conflict \u00eentre procurorii \u0219i judec\u0103torii din CSM. Primii acuz\u0103 c\u0103 le-a fost blocat accesul \u00een aplica\u021bia ECRIS prin care au acces la dosare\",\"datePublished\":\"2026-01-30T09:09:16+00:00\",\"mainEntityOfPage\":{\"@id\":\"https:\/\/carpathiacenter.ro\/conflict-intre-procurorii-si-judecatorii-din-csm-primii-acuza-ca-le-a-fost-blocat-accesul-in-aplicatia-ecris-prin-care-au-acces-la-dosare\/\"},\"wordCount\":339,\"commentCount\":0,\"publisher\":{\"@id\":\"https:\/\/carpathiacenter.ro\/#organization\"},\"articleSection\":[\"Uncategorized\"],\"inLanguage\":\"en-GB\",\"potentialAction\":[{\"@type\":\"CommentAction\",\"name\":\"Comment\",\"target\":[\"https:\/\/carpathiacenter.ro\/conflict-intre-procurorii-si-judecatorii-din-csm-primii-acuza-ca-le-a-fost-blocat-accesul-in-aplicatia-ecris-prin-care-au-acces-la-dosare\/#respond\"]}]},{\"@type\":\"WebPage\",\"@id\":\"https:\/\/carpathiacenter.ro\/conflict-intre-procurorii-si-judecatorii-din-csm-primii-acuza-ca-le-a-fost-blocat-accesul-in-aplicatia-ecris-prin-care-au-acces-la-dosare\/\",\"url\":\"https:\/\/carpathiacenter.ro\/conflict-intre-procurorii-si-judecatorii-din-csm-primii-acuza-ca-le-a-fost-blocat-accesul-in-aplicatia-ecris-prin-care-au-acces-la-dosare\/\",\"name\":\"Conflict \u00eentre procurorii \u0219i judec\u0103torii din CSM. Primii acuz\u0103 c\u0103 le-a fost blocat accesul \u00een aplica\u021bia ECRIS prin care au acces la dosare - Carpathia Center Romania\",\"isPartOf\":{\"@id\":\"https:\/\/carpathiacenter.ro\/#website\"},\"datePublished\":\"2026-01-30T09:09:16+00:00\",\"breadcrumb\":{\"@id\":\"https:\/\/carpathiacenter.ro\/conflict-intre-procurorii-si-judecatorii-din-csm-primii-acuza-ca-le-a-fost-blocat-accesul-in-aplicatia-ecris-prin-care-au-acces-la-dosare\/#breadcrumb\"},\"inLanguage\":\"en-GB\",\"potentialAction\":[{\"@type\":\"ReadAction\",\"target\":[\"https:\/\/carpathiacenter.ro\/conflict-intre-procurorii-si-judecatorii-din-csm-primii-acuza-ca-le-a-fost-blocat-accesul-in-aplicatia-ecris-prin-care-au-acces-la-dosare\/\"]}]},{\"@type\":\"BreadcrumbList\",\"@id\":\"https:\/\/carpathiacenter.ro\/conflict-intre-procurorii-si-judecatorii-din-csm-primii-acuza-ca-le-a-fost-blocat-accesul-in-aplicatia-ecris-prin-care-au-acces-la-dosare\/#breadcrumb\",\"itemListElement\":[{\"@type\":\"ListItem\",\"position\":1,\"name\":\"Prima pagin\u0103\",\"item\":\"https:\/\/carpathiacenter.ro\/\"},{\"@type\":\"ListItem\",\"position\":2,\"name\":\"Conflict \u00eentre procurorii \u0219i judec\u0103torii din CSM. Primii acuz\u0103 c\u0103 le-a fost blocat accesul \u00een aplica\u021bia ECRIS prin care au acces la dosare\"}]},{\"@type\":\"WebSite\",\"@id\":\"https:\/\/carpathiacenter.ro\/#website\",\"url\":\"https:\/\/carpathiacenter.ro\/\",\"name\":\"Carpathia Center Romania\",\"description\":\"Impossible made possible!\",\"publisher\":{\"@id\":\"https:\/\/carpathiacenter.ro\/#organization\"},\"potentialAction\":[{\"@type\":\"SearchAction\",\"target\":{\"@type\":\"EntryPoint\",\"urlTemplate\":\"https:\/\/carpathiacenter.ro\/?s={search_term_string}\"},\"query-input\":{\"@type\":\"PropertyValueSpecification\",\"valueRequired\":true,\"valueName\":\"search_term_string\"}}],\"inLanguage\":\"en-GB\"},{\"@type\":\"Organization\",\"@id\":\"https:\/\/carpathiacenter.ro\/#organization\",\"name\":\"Carpathia Center Romania\",\"url\":\"https:\/\/carpathiacenter.ro\/\",\"logo\":{\"@type\":\"ImageObject\",\"inLanguage\":\"en-GB\",\"@id\":\"https:\/\/carpathiacenter.ro\/#\/schema\/logo\/image\/\",\"url\":\"https:\/\/carpathiacenter.ro\/wp-content\/uploads\/2024\/07\/logo-carpathia_bg_white-1024x941.png\",\"contentUrl\":\"https:\/\/carpathiacenter.ro\/wp-content\/uploads\/2024\/07\/logo-carpathia_bg_white-1024x941.png\",\"width\":1024,\"height\":941,\"caption\":\"Carpathia Center Romania\"},\"image\":{\"@id\":\"https:\/\/carpathiacenter.ro\/#\/schema\/logo\/image\/\"},\"sameAs\":[\"https:\/\/www.facebook.com\/fdpscarpathia\/\"]},{\"@type\":\"Person\",\"@id\":\"https:\/\/carpathiacenter.ro\/#\/schema\/person\/03d9f58202fee8379268f34afa195006\",\"name\":\"creativebitsolutions\",\"image\":{\"@type\":\"ImageObject\",\"inLanguage\":\"en-GB\",\"@id\":\"https:\/\/carpathiacenter.ro\/#\/schema\/person\/image\/\",\"url\":\"https:\/\/secure.gravatar.com\/avatar\/1b1a13e37f847c635dab78348f1dff2f07651ee2a3d77a5c355a4b8c75f9165a?s=96&d=mm&r=g\",\"contentUrl\":\"https:\/\/secure.gravatar.com\/avatar\/1b1a13e37f847c635dab78348f1dff2f07651ee2a3d77a5c355a4b8c75f9165a?s=96&d=mm&r=g\",\"caption\":\"creativebitsolutions\"},\"url\":\"https:\/\/carpathiacenter.ro\/en\/author\/creativebitsolutions\/\"}]}<\/script>\n<!-- \/ Yoast SEO plugin. -->","yoast_head_json":{"title":"Conflict \u00eentre procurorii \u0219i judec\u0103torii din CSM. Primii acuz\u0103 c\u0103 le-a fost blocat accesul \u00een aplica\u021bia ECRIS prin care au acces la dosare - Carpathia Center Romania","robots":{"index":"index","follow":"follow","max-snippet":"max-snippet:-1","max-image-preview":"max-image-preview:large","max-video-preview":"max-video-preview:-1"},"canonical":"https:\/\/carpathiacenter.ro\/en\/conflict-intre-procurorii-si-judecatorii-din-csm-primii-acuza-ca-le-a-fost-blocat-accesul-in-aplicatia-ecris-prin-care-au-acces-la-dosare\/","og_locale":"en_GB","og_type":"article","og_title":"Conflict \u00eentre procurorii \u0219i judec\u0103torii din CSM. Primii acuz\u0103 c\u0103 le-a fost blocat accesul \u00een aplica\u021bia ECRIS prin care au acces la dosare - Carpathia Center Romania","og_description":"Sec\u0163ia pentru procurori a Consiliului Superior al Magistraturii a ie\u0219it public joi cu un\u00a0comunicat de pres\u0103\u00a0\u00een care acuz\u0103 c\u0103 o decizie a\u00a0judec\u0103torii din CSM las\u0103 procurorii din \u021bar\u0103 care efectueaz\u0103 activitate judiciar\u0103 f\u0103r\u0103 orice mijloc tipic de acces la dosare. Prin\u00a0respectiva decizie, din noiembrie 2025, judec\u0103torii din CSM au stabilit c\u0103 \u201eaccesul \u00een aplica\u021bia ECRIS...","og_url":"https:\/\/carpathiacenter.ro\/en\/conflict-intre-procurorii-si-judecatorii-din-csm-primii-acuza-ca-le-a-fost-blocat-accesul-in-aplicatia-ecris-prin-care-au-acces-la-dosare\/","og_site_name":"Carpathia Center Romania","article_publisher":"https:\/\/www.facebook.com\/fdpscarpathia\/","article_published_time":"2026-01-30T09:09:16+00:00","author":"creativebitsolutions","twitter_card":"summary_large_image","twitter_misc":{"Written by":"creativebitsolutions","Estimated reading time":"2 minutes"},"schema":{"@context":"https:\/\/schema.org","@graph":[{"@type":"Article","@id":"https:\/\/carpathiacenter.ro\/conflict-intre-procurorii-si-judecatorii-din-csm-primii-acuza-ca-le-a-fost-blocat-accesul-in-aplicatia-ecris-prin-care-au-acces-la-dosare\/#article","isPartOf":{"@id":"https:\/\/carpathiacenter.ro\/conflict-intre-procurorii-si-judecatorii-din-csm-primii-acuza-ca-le-a-fost-blocat-accesul-in-aplicatia-ecris-prin-care-au-acces-la-dosare\/"},"author":{"name":"creativebitsolutions","@id":"https:\/\/carpathiacenter.ro\/#\/schema\/person\/03d9f58202fee8379268f34afa195006"},"headline":"Conflict \u00eentre procurorii \u0219i judec\u0103torii din CSM. Primii acuz\u0103 c\u0103 le-a fost blocat accesul \u00een aplica\u021bia ECRIS prin care au acces la dosare","datePublished":"2026-01-30T09:09:16+00:00","mainEntityOfPage":{"@id":"https:\/\/carpathiacenter.ro\/conflict-intre-procurorii-si-judecatorii-din-csm-primii-acuza-ca-le-a-fost-blocat-accesul-in-aplicatia-ecris-prin-care-au-acces-la-dosare\/"},"wordCount":339,"commentCount":0,"publisher":{"@id":"https:\/\/carpathiacenter.ro\/#organization"},"articleSection":["Uncategorized"],"inLanguage":"en-GB","potentialAction":[{"@type":"CommentAction","name":"Comment","target":["https:\/\/carpathiacenter.ro\/conflict-intre-procurorii-si-judecatorii-din-csm-primii-acuza-ca-le-a-fost-blocat-accesul-in-aplicatia-ecris-prin-care-au-acces-la-dosare\/#respond"]}]},{"@type":"WebPage","@id":"https:\/\/carpathiacenter.ro\/conflict-intre-procurorii-si-judecatorii-din-csm-primii-acuza-ca-le-a-fost-blocat-accesul-in-aplicatia-ecris-prin-care-au-acces-la-dosare\/","url":"https:\/\/carpathiacenter.ro\/conflict-intre-procurorii-si-judecatorii-din-csm-primii-acuza-ca-le-a-fost-blocat-accesul-in-aplicatia-ecris-prin-care-au-acces-la-dosare\/","name":"Conflict \u00eentre procurorii \u0219i judec\u0103torii din CSM. Primii acuz\u0103 c\u0103 le-a fost blocat accesul \u00een aplica\u021bia ECRIS prin care au acces la dosare - Carpathia Center Romania","isPartOf":{"@id":"https:\/\/carpathiacenter.ro\/#website"},"datePublished":"2026-01-30T09:09:16+00:00","breadcrumb":{"@id":"https:\/\/carpathiacenter.ro\/conflict-intre-procurorii-si-judecatorii-din-csm-primii-acuza-ca-le-a-fost-blocat-accesul-in-aplicatia-ecris-prin-care-au-acces-la-dosare\/#breadcrumb"},"inLanguage":"en-GB","potentialAction":[{"@type":"ReadAction","target":["https:\/\/carpathiacenter.ro\/conflict-intre-procurorii-si-judecatorii-din-csm-primii-acuza-ca-le-a-fost-blocat-accesul-in-aplicatia-ecris-prin-care-au-acces-la-dosare\/"]}]},{"@type":"BreadcrumbList","@id":"https:\/\/carpathiacenter.ro\/conflict-intre-procurorii-si-judecatorii-din-csm-primii-acuza-ca-le-a-fost-blocat-accesul-in-aplicatia-ecris-prin-care-au-acces-la-dosare\/#breadcrumb","itemListElement":[{"@type":"ListItem","position":1,"name":"Prima pagin\u0103","item":"https:\/\/carpathiacenter.ro\/"},{"@type":"ListItem","position":2,"name":"Conflict \u00eentre procurorii \u0219i judec\u0103torii din CSM. Primii acuz\u0103 c\u0103 le-a fost blocat accesul \u00een aplica\u021bia ECRIS prin care au acces la dosare"}]},{"@type":"WebSite","@id":"https:\/\/carpathiacenter.ro\/#website","url":"https:\/\/carpathiacenter.ro\/","name":"Carpathia Center Romania","description":"Impossible made possible!","publisher":{"@id":"https:\/\/carpathiacenter.ro\/#organization"},"potentialAction":[{"@type":"SearchAction","target":{"@type":"EntryPoint","urlTemplate":"https:\/\/carpathiacenter.ro\/?s={search_term_string}"},"query-input":{"@type":"PropertyValueSpecification","valueRequired":true,"valueName":"search_term_string"}}],"inLanguage":"en-GB"},{"@type":"Organization","@id":"https:\/\/carpathiacenter.ro\/#organization","name":"Carpathia Center Romania","url":"https:\/\/carpathiacenter.ro\/","logo":{"@type":"ImageObject","inLanguage":"en-GB","@id":"https:\/\/carpathiacenter.ro\/#\/schema\/logo\/image\/","url":"https:\/\/carpathiacenter.ro\/wp-content\/uploads\/2024\/07\/logo-carpathia_bg_white-1024x941.png","contentUrl":"https:\/\/carpathiacenter.ro\/wp-content\/uploads\/2024\/07\/logo-carpathia_bg_white-1024x941.png","width":1024,"height":941,"caption":"Carpathia Center Romania"},"image":{"@id":"https:\/\/carpathiacenter.ro\/#\/schema\/logo\/image\/"},"sameAs":["https:\/\/www.facebook.com\/fdpscarpathia\/"]},{"@type":"Person","@id":"https:\/\/carpathiacenter.ro\/#\/schema\/person\/03d9f58202fee8379268f34afa195006","name":"creativebitsolutions","image":{"@type":"ImageObject","inLanguage":"en-GB","@id":"https:\/\/carpathiacenter.ro\/#\/schema\/person\/image\/","url":"https:\/\/secure.gravatar.com\/avatar\/1b1a13e37f847c635dab78348f1dff2f07651ee2a3d77a5c355a4b8c75f9165a?s=96&d=mm&r=g","contentUrl":"https:\/\/secure.gravatar.com\/avatar\/1b1a13e37f847c635dab78348f1dff2f07651ee2a3d77a5c355a4b8c75f9165a?s=96&d=mm&r=g","caption":"creativebitsolutions"},"url":"https:\/\/carpathiacenter.ro\/en\/author\/creativebitsolutions\/"}]}},"_links":{"self":[{"href":"https:\/\/carpathiacenter.ro\/en\/wp-json\/wp\/v2\/posts\/3737","targetHints":{"allow":["GET"]}}],"collection":[{"href":"https:\/\/carpathiacenter.ro\/en\/wp-json\/wp\/v2\/posts"}],"about":[{"href":"https:\/\/carpathiacenter.ro\/en\/wp-json\/wp\/v2\/types\/post"}],"author":[{"embeddable":true,"href":"https:\/\/carpathiacenter.ro\/en\/wp-json\/wp\/v2\/users\/4"}],"replies":[{"embeddable":true,"href":"https:\/\/carpathiacenter.ro\/en\/wp-json\/wp\/v2\/comments?post=3737"}],"version-history":[{"count":1,"href":"https:\/\/carpathiacenter.ro\/en\/wp-json\/wp\/v2\/posts\/3737\/revisions"}],"predecessor-version":[{"id":3738,"href":"https:\/\/carpathiacenter.ro\/en\/wp-json\/wp\/v2\/posts\/3737\/revisions\/3738"}],"wp:attachment":[{"href":"https:\/\/carpathiacenter.ro\/en\/wp-json\/wp\/v2\/media?parent=3737"}],"wp:term":[{"taxonomy":"category","embeddable":true,"href":"https:\/\/carpathiacenter.ro\/en\/wp-json\/wp\/v2\/categories?post=3737"},{"taxonomy":"post_tag","embeddable":true,"href":"https:\/\/carpathiacenter.ro\/en\/wp-json\/wp\/v2\/tags?post=3737"}],"curies":[{"name":"wp","href":"https:\/\/api.w.org\/{rel}","templated":true}]}}