{"id":3735,"date":"2026-01-29T09:07:37","date_gmt":"2026-01-29T09:07:37","guid":{"rendered":"https:\/\/carpathiacenter.ro\/?p=3735"},"modified":"2026-01-29T09:07:37","modified_gmt":"2026-01-29T09:07:37","slug":"bolojan-explica-de-ce-romania-nu-poate-adera-la-zona-euro-mai-repede-cum-a-facut-bulgaria-pana-atunci-acest-tip-de-problema-nu-este-pe-agenda","status":"publish","type":"post","link":"https:\/\/carpathiacenter.ro\/en\/bolojan-explica-de-ce-romania-nu-poate-adera-la-zona-euro-mai-repede-cum-a-facut-bulgaria-pana-atunci-acest-tip-de-problema-nu-este-pe-agenda\/","title":{"rendered":"Bolojan explic\u0103 de ce Rom\u00e2nia nu poate adera la zona euro mai repede, cum a f\u0103cut Bulgaria. \u201eP\u00e2n\u0103 atunci, acest tip de problem\u0103 nu este pe agend\u0103\u201d"},"content":{"rendered":"<p><strong>Premierul Ilie Bolojan afirm\u0103 c\u0103, p\u00e2n\u0103 c\u00e2nd Rom\u00e2nia nu va atinge o cot\u0103 de deficit sub 3%, \u201enu este pe agend\u0103\u201d aderarea \u021b\u0103rii noastre la zona euro.<\/strong><\/p>\n<p>\u201eAderarea Rom\u00e2niei la zona euro este o tem\u0103 care ar putea fi una de baz\u0103 in Rom\u00e2nia la alegerile parlamentare din 2028, c\u00e2nd for\u021bele politice ar putea s\u0103 cad\u0103 pe un acord, a\u0219a cum s-a c\u0103zut \u00een anii anteriori, c\u00e2nd am aderat la UE sau la NATO\u201d, a declarat miercuri, la Berlin, Bolojan.<\/p>\n<p>\u0218eful guvernului a fost \u00eentrebat joi, \u00eentr-o conferin\u021b\u0103 de pres\u0103 comun\u0103 cu cancelarul Germaniei, Friedrich Merz, c\u00e2nd vrea Rom\u00e2nia s\u0103 adere la zona euro, dat fiind faptul c\u0103 Bulgaria a aderat deja.<\/p>\n<h2 class=\"wp-block-heading\">Explica\u021bii privind aderarea la zona euro<\/h2>\n<p>\u201e\u00cen ceea ce prive\u0219te aderarea Rom\u00e2niei la zona euro, Bulgaria \u00eendepline\u0219te condi\u021biile legate de componenta de deficit. A\u0219a cum \u0219ti\u021bi Rom\u00e2nia a avut \u00een ace\u0219ti ani ni\u0219te deficite foarte mari \u0219i p\u00e2n\u0103 nu atingem o cot\u0103 de deficit care s\u0103 se situeze sub 3% acest tip de problem\u0103 nu este pe agend\u0103. Suntem \u00eentr-o situa\u021bie \u00een care ne reducem deficitele. \u021ainta pe anul acesta este de 6,2-6,3% \u0219i ne-am angajat s\u0103 reducem acest deficit \u00een zona de 3% p\u00e2n\u0103 \u00een 2030\u201d, a spus Bolojan.<\/p>\n<p>Premierul a dat apoi apoi un orizont de timp \u00een care s-ar putea pune pe agend\u0103 aderarea la zona euro.<\/p>\n<div id=\"billboard3\" class=\"inserted-position billboard-3\"><\/div>\n<p>\u201eConsider c\u0103 aceasta tem\u0103 legat\u0103 de aderarea Rom\u00e2niei la zona euro este o tem\u0103 care ar putea fi una de baz\u0103 in Rom\u00e2nia la alegerile parlamentare din 2028, c\u00e2nd for\u021bele politice ar putea s\u0103 cad\u0103 pe un acord, a\u0219a cum s-a c\u0103zut in anii anteriori atunci cand am aderat la UE sau la NATO asupra acestei priorit\u0103\u021bi de a adera la \u021b\u0103rile din UE\u201d, a precizat Ilie Bolojan.<\/p>\n<p>Premierul rom\u00e2n a mai fost \u00eentrebat \u0219i dac\u0103 Republica Moldova ar deveni parte a zonei euro \u00een scenariul \u00een care \u201ear fuziona\u201d cu Rom\u00e2nia.<\/p>\n<p>\u201e\u00cen ceea ce prive\u0219te rela\u021bia cu Republica Moldova, pentru Rom\u00e2nia aceast\u0103 rela\u021bie este una special\u0103. \u00cen condi\u021biile \u00een care s-ar deschide negocierile cu UE pentru aderare, consider c\u0103 ar fi cel mai mare c\u00e2\u0219tig pentru Republica Moldova, o \u021bar\u0103 care \u0219i \u00een ultimele alegeri \u0219i-a dovedit voca\u021bia proeuropean\u0103\u201d, a spus premierul.<\/p>\n<div id=\"billboard4\" class=\"inserted-position billboard-4 mobile\"><\/div>\n<p>Bolojan i-a mul\u021bumit apoi cancelarului german pentru prezen\u021ba acestuia \u00een Chi\u0219in\u0103u, la un miting important \u00eenainte de alegerile din Republica Moldova, \u00een care a transmis sprijinul Germaniei pentru aceast\u0103 aspira\u021bie a cet\u0103\u021benilor Republicii Moldova.<\/p>\n<p>\u00cen discursul ini\u021bial, premierul a subliniat importan\u021ba Republicii Moldova pentru Rom\u00e2nia \u0219i \u00eentreaga regiune.<\/p>\n<p>\u201ePentru Rom\u00e2nia, Republica Moldova este o prioritate strategic\u0103. Stabilitatea Chi\u0219in\u0103ului \u0219i parcursul s\u0103u european conteaz\u0103 pentru \u00eentreaga regiune. \u00cen acest context, rolul Uniunii Europene este esen\u021bial, iar deschiderea c\u00e2t mai cur\u00e2nd a negocierilor de aderare ar fi un semnal important pentru cet\u0103\u021beni \u0219i pentru securitatea regional\u0103\u201d, a spus premierul rom\u00e2n.<\/p>\n<h2 class=\"wp-block-heading\">Germania, principalul partener economic al Rom\u00e2niei<\/h2>\n<p>Premierul Ilie Bolojan a \u00eenceput mar\u0163i, 27 ianuarie, o vizit\u0103 oficial\u0103 de dou\u0103 zile \u00een Germania, \u201ecel mai important partener comercial al Rom\u00e2niei\u201d, la invita\u0163ia cancelarului federal Friedrich Merz.<\/p>\n<div id=\"billboard5\" class=\"inserted-position billboard-5 mobile\"><\/div>\n<p>\u201eGermania este principalul partener economic al Rom\u00e2niei\u201d, a spus miercuri Ilie Bolojan \u00een conferin\u021ba comun\u0103 cu cancelarul german.<\/p>\n<p>\u201eComer\u021bul bilateral a dep\u0103\u0219it 42 de miliarde de euro \u00een 2024. Ne a\u0219tept\u0103m la aceea\u0219i tendin\u021b\u0103 \u0219i \u00een 2025. Investi\u021biile germane sunt de peste 18 miliarde de euro. Peste 10.000 de companii cu capital german sunt active \u00een Rom\u00e2nia, av\u00e2nd peste 200.000 de angaja\u021bi rom\u00e2ni. Asta \u00eenseamn\u0103 locuri de munc\u0103, transfer de tehnologie \u0219i stabilitate\u201d, a subliniat premierul.<\/p>\n<h2 class=\"wp-block-heading\">Memorandum comun pe Ap\u0103rare<\/h2>\n<p>Vizita delega\u021biei rom\u00e2ne \u0219i-a propus s\u0103 dezvolte aceast\u0103 colaborare economic\u0103.<\/p>\n<div id=\"billboard6\" class=\"inserted-position billboard-6 mobile\"><\/div>\n<p>\u201eAm discutat ast\u0103zi cu domnul cancelar Merz despre cre\u0219terea investi\u021biilor \u00een domenii strategice precum energie, industrie, \u0219i ap\u0103rare, inclusiv prin valorificarea instrumentelor europene, precum programul SAFE. Sunt domenii care vor decide competitivitatea Europei \u00een urm\u0103torii ani \u0219i unde Rom\u00e2nia vrea s\u0103 fie un partener pe care s\u0103 te po\u021bi baza\u201d, a spus Bolojan.<\/p>\n<p>Cu acest prilej cei doi oficiali au anun\u021bat c\u0103 ast\u0103zi va fi semnat un memorandum de c\u0103tre cele dou\u0103 ministere ale Ap\u0103r\u0103rii din Rom\u00e2nia \u0219i Germania, care va fi \u201eun instrument practic care ne permite s\u0103 ne moderniz\u0103m industria de ap\u0103rare \u0219i s\u0103 r\u0103spundem mai rapid nevoilor de securitate\u201d.<\/p>\n<p>Sursa articolului:  <a href=\"https:\/\/hotnews.ro\/bolojan-explica-de-ce-romania-nu-poate-adera-la-zona-euro-mai-repede-cum-a-facut-bulgaria-pana-atunci-acest-tip-de-problema-nu-este-agenda-2160363\" target=\"_blank\" rel=\"noopener\" title=\"\">HotNews<\/a><\/p>","protected":false},"excerpt":{"rendered":"<p>Premierul Ilie Bolojan afirm\u0103 c\u0103, p\u00e2n\u0103 c\u00e2nd Rom\u00e2nia nu va atinge o cot\u0103 de deficit sub 3%, \u201enu este pe agend\u0103\u201d aderarea \u021b\u0103rii noastre la zona euro. \u201eAderarea Rom\u00e2niei la zona euro este o tem\u0103 care ar putea fi una de baz\u0103 in Rom\u00e2nia la alegerile parlamentare din 2028, c\u00e2nd for\u021bele politice ar putea s\u0103&#8230;<\/p>","protected":false},"author":4,"featured_media":0,"comment_status":"open","ping_status":"open","sticky":false,"template":"","format":"standard","meta":{"footnotes":""},"categories":[1],"tags":[],"class_list":["post-3735","post","type-post","status-publish","format-standard","hentry","category-uncategorized"],"yoast_head":"<!-- This site is optimized with the Yoast SEO plugin v26.1.1 - https:\/\/yoast.com\/wordpress\/plugins\/seo\/ -->\n<title>Bolojan explic\u0103 de ce Rom\u00e2nia nu poate adera la zona euro mai repede, cum a f\u0103cut Bulgaria. \u201eP\u00e2n\u0103 atunci, acest tip de problem\u0103 nu este pe agend\u0103\u201d - Carpathia Center Romania<\/title>\n<meta name=\"robots\" content=\"index, follow, max-snippet:-1, max-image-preview:large, max-video-preview:-1\" \/>\n<link rel=\"canonical\" href=\"https:\/\/carpathiacenter.ro\/en\/bolojan-explica-de-ce-romania-nu-poate-adera-la-zona-euro-mai-repede-cum-a-facut-bulgaria-pana-atunci-acest-tip-de-problema-nu-este-pe-agenda\/\" \/>\n<meta property=\"og:locale\" content=\"en_GB\" \/>\n<meta property=\"og:type\" content=\"article\" \/>\n<meta property=\"og:title\" content=\"Bolojan explic\u0103 de ce Rom\u00e2nia nu poate adera la zona euro mai repede, cum a f\u0103cut Bulgaria. \u201eP\u00e2n\u0103 atunci, acest tip de problem\u0103 nu este pe agend\u0103\u201d - Carpathia Center Romania\" \/>\n<meta property=\"og:description\" content=\"Premierul Ilie Bolojan afirm\u0103 c\u0103, p\u00e2n\u0103 c\u00e2nd Rom\u00e2nia nu va atinge o cot\u0103 de deficit sub 3%, \u201enu este pe agend\u0103\u201d aderarea \u021b\u0103rii noastre la zona euro. \u201eAderarea Rom\u00e2niei la zona euro este o tem\u0103 care ar putea fi una de baz\u0103 in Rom\u00e2nia la alegerile parlamentare din 2028, c\u00e2nd for\u021bele politice ar putea s\u0103...\" \/>\n<meta property=\"og:url\" content=\"https:\/\/carpathiacenter.ro\/en\/bolojan-explica-de-ce-romania-nu-poate-adera-la-zona-euro-mai-repede-cum-a-facut-bulgaria-pana-atunci-acest-tip-de-problema-nu-este-pe-agenda\/\" \/>\n<meta property=\"og:site_name\" content=\"Carpathia Center Romania\" \/>\n<meta property=\"article:publisher\" content=\"https:\/\/www.facebook.com\/fdpscarpathia\/\" \/>\n<meta property=\"article:published_time\" content=\"2026-01-29T09:07:37+00:00\" \/>\n<meta name=\"author\" content=\"creativebitsolutions\" \/>\n<meta name=\"twitter:card\" content=\"summary_large_image\" \/>\n<meta name=\"twitter:label1\" content=\"Written by\" \/>\n\t<meta name=\"twitter:data1\" content=\"creativebitsolutions\" \/>\n\t<meta name=\"twitter:label2\" content=\"Estimated reading time\" \/>\n\t<meta name=\"twitter:data2\" content=\"4 minutes\" \/>\n<script type=\"application\/ld+json\" class=\"yoast-schema-graph\">{\"@context\":\"https:\/\/schema.org\",\"@graph\":[{\"@type\":\"Article\",\"@id\":\"https:\/\/carpathiacenter.ro\/bolojan-explica-de-ce-romania-nu-poate-adera-la-zona-euro-mai-repede-cum-a-facut-bulgaria-pana-atunci-acest-tip-de-problema-nu-este-pe-agenda\/#article\",\"isPartOf\":{\"@id\":\"https:\/\/carpathiacenter.ro\/bolojan-explica-de-ce-romania-nu-poate-adera-la-zona-euro-mai-repede-cum-a-facut-bulgaria-pana-atunci-acest-tip-de-problema-nu-este-pe-agenda\/\"},\"author\":{\"name\":\"creativebitsolutions\",\"@id\":\"https:\/\/carpathiacenter.ro\/#\/schema\/person\/03d9f58202fee8379268f34afa195006\"},\"headline\":\"Bolojan explic\u0103 de ce Rom\u00e2nia nu poate adera la zona euro mai repede, cum a f\u0103cut Bulgaria. \u201eP\u00e2n\u0103 atunci, acest tip de problem\u0103 nu este pe agend\u0103\u201d\",\"datePublished\":\"2026-01-29T09:07:37+00:00\",\"mainEntityOfPage\":{\"@id\":\"https:\/\/carpathiacenter.ro\/bolojan-explica-de-ce-romania-nu-poate-adera-la-zona-euro-mai-repede-cum-a-facut-bulgaria-pana-atunci-acest-tip-de-problema-nu-este-pe-agenda\/\"},\"wordCount\":804,\"commentCount\":0,\"publisher\":{\"@id\":\"https:\/\/carpathiacenter.ro\/#organization\"},\"articleSection\":[\"Uncategorized\"],\"inLanguage\":\"en-GB\",\"potentialAction\":[{\"@type\":\"CommentAction\",\"name\":\"Comment\",\"target\":[\"https:\/\/carpathiacenter.ro\/bolojan-explica-de-ce-romania-nu-poate-adera-la-zona-euro-mai-repede-cum-a-facut-bulgaria-pana-atunci-acest-tip-de-problema-nu-este-pe-agenda\/#respond\"]}]},{\"@type\":\"WebPage\",\"@id\":\"https:\/\/carpathiacenter.ro\/bolojan-explica-de-ce-romania-nu-poate-adera-la-zona-euro-mai-repede-cum-a-facut-bulgaria-pana-atunci-acest-tip-de-problema-nu-este-pe-agenda\/\",\"url\":\"https:\/\/carpathiacenter.ro\/bolojan-explica-de-ce-romania-nu-poate-adera-la-zona-euro-mai-repede-cum-a-facut-bulgaria-pana-atunci-acest-tip-de-problema-nu-este-pe-agenda\/\",\"name\":\"Bolojan explic\u0103 de ce Rom\u00e2nia nu poate adera la zona euro mai repede, cum a f\u0103cut Bulgaria. \u201eP\u00e2n\u0103 atunci, acest tip de problem\u0103 nu este pe agend\u0103\u201d - Carpathia Center Romania\",\"isPartOf\":{\"@id\":\"https:\/\/carpathiacenter.ro\/#website\"},\"datePublished\":\"2026-01-29T09:07:37+00:00\",\"breadcrumb\":{\"@id\":\"https:\/\/carpathiacenter.ro\/bolojan-explica-de-ce-romania-nu-poate-adera-la-zona-euro-mai-repede-cum-a-facut-bulgaria-pana-atunci-acest-tip-de-problema-nu-este-pe-agenda\/#breadcrumb\"},\"inLanguage\":\"en-GB\",\"potentialAction\":[{\"@type\":\"ReadAction\",\"target\":[\"https:\/\/carpathiacenter.ro\/bolojan-explica-de-ce-romania-nu-poate-adera-la-zona-euro-mai-repede-cum-a-facut-bulgaria-pana-atunci-acest-tip-de-problema-nu-este-pe-agenda\/\"]}]},{\"@type\":\"BreadcrumbList\",\"@id\":\"https:\/\/carpathiacenter.ro\/bolojan-explica-de-ce-romania-nu-poate-adera-la-zona-euro-mai-repede-cum-a-facut-bulgaria-pana-atunci-acest-tip-de-problema-nu-este-pe-agenda\/#breadcrumb\",\"itemListElement\":[{\"@type\":\"ListItem\",\"position\":1,\"name\":\"Prima pagin\u0103\",\"item\":\"https:\/\/carpathiacenter.ro\/\"},{\"@type\":\"ListItem\",\"position\":2,\"name\":\"Bolojan explic\u0103 de ce Rom\u00e2nia nu poate adera la zona euro mai repede, cum a f\u0103cut Bulgaria. \u201eP\u00e2n\u0103 atunci, acest tip de problem\u0103 nu este pe agend\u0103\u201d\"}]},{\"@type\":\"WebSite\",\"@id\":\"https:\/\/carpathiacenter.ro\/#website\",\"url\":\"https:\/\/carpathiacenter.ro\/\",\"name\":\"Carpathia Center Romania\",\"description\":\"Impossible made possible!\",\"publisher\":{\"@id\":\"https:\/\/carpathiacenter.ro\/#organization\"},\"potentialAction\":[{\"@type\":\"SearchAction\",\"target\":{\"@type\":\"EntryPoint\",\"urlTemplate\":\"https:\/\/carpathiacenter.ro\/?s={search_term_string}\"},\"query-input\":{\"@type\":\"PropertyValueSpecification\",\"valueRequired\":true,\"valueName\":\"search_term_string\"}}],\"inLanguage\":\"en-GB\"},{\"@type\":\"Organization\",\"@id\":\"https:\/\/carpathiacenter.ro\/#organization\",\"name\":\"Carpathia Center Romania\",\"url\":\"https:\/\/carpathiacenter.ro\/\",\"logo\":{\"@type\":\"ImageObject\",\"inLanguage\":\"en-GB\",\"@id\":\"https:\/\/carpathiacenter.ro\/#\/schema\/logo\/image\/\",\"url\":\"https:\/\/carpathiacenter.ro\/wp-content\/uploads\/2024\/07\/logo-carpathia_bg_white-1024x941.png\",\"contentUrl\":\"https:\/\/carpathiacenter.ro\/wp-content\/uploads\/2024\/07\/logo-carpathia_bg_white-1024x941.png\",\"width\":1024,\"height\":941,\"caption\":\"Carpathia Center Romania\"},\"image\":{\"@id\":\"https:\/\/carpathiacenter.ro\/#\/schema\/logo\/image\/\"},\"sameAs\":[\"https:\/\/www.facebook.com\/fdpscarpathia\/\"]},{\"@type\":\"Person\",\"@id\":\"https:\/\/carpathiacenter.ro\/#\/schema\/person\/03d9f58202fee8379268f34afa195006\",\"name\":\"creativebitsolutions\",\"image\":{\"@type\":\"ImageObject\",\"inLanguage\":\"en-GB\",\"@id\":\"https:\/\/carpathiacenter.ro\/#\/schema\/person\/image\/\",\"url\":\"https:\/\/secure.gravatar.com\/avatar\/1b1a13e37f847c635dab78348f1dff2f07651ee2a3d77a5c355a4b8c75f9165a?s=96&d=mm&r=g\",\"contentUrl\":\"https:\/\/secure.gravatar.com\/avatar\/1b1a13e37f847c635dab78348f1dff2f07651ee2a3d77a5c355a4b8c75f9165a?s=96&d=mm&r=g\",\"caption\":\"creativebitsolutions\"},\"url\":\"https:\/\/carpathiacenter.ro\/en\/author\/creativebitsolutions\/\"}]}<\/script>\n<!-- \/ Yoast SEO plugin. -->","yoast_head_json":{"title":"Bolojan explic\u0103 de ce Rom\u00e2nia nu poate adera la zona euro mai repede, cum a f\u0103cut Bulgaria. \u201eP\u00e2n\u0103 atunci, acest tip de problem\u0103 nu este pe agend\u0103\u201d - Carpathia Center Romania","robots":{"index":"index","follow":"follow","max-snippet":"max-snippet:-1","max-image-preview":"max-image-preview:large","max-video-preview":"max-video-preview:-1"},"canonical":"https:\/\/carpathiacenter.ro\/en\/bolojan-explica-de-ce-romania-nu-poate-adera-la-zona-euro-mai-repede-cum-a-facut-bulgaria-pana-atunci-acest-tip-de-problema-nu-este-pe-agenda\/","og_locale":"en_GB","og_type":"article","og_title":"Bolojan explic\u0103 de ce Rom\u00e2nia nu poate adera la zona euro mai repede, cum a f\u0103cut Bulgaria. \u201eP\u00e2n\u0103 atunci, acest tip de problem\u0103 nu este pe agend\u0103\u201d - Carpathia Center Romania","og_description":"Premierul Ilie Bolojan afirm\u0103 c\u0103, p\u00e2n\u0103 c\u00e2nd Rom\u00e2nia nu va atinge o cot\u0103 de deficit sub 3%, \u201enu este pe agend\u0103\u201d aderarea \u021b\u0103rii noastre la zona euro. \u201eAderarea Rom\u00e2niei la zona euro este o tem\u0103 care ar putea fi una de baz\u0103 in Rom\u00e2nia la alegerile parlamentare din 2028, c\u00e2nd for\u021bele politice ar putea s\u0103...","og_url":"https:\/\/carpathiacenter.ro\/en\/bolojan-explica-de-ce-romania-nu-poate-adera-la-zona-euro-mai-repede-cum-a-facut-bulgaria-pana-atunci-acest-tip-de-problema-nu-este-pe-agenda\/","og_site_name":"Carpathia Center Romania","article_publisher":"https:\/\/www.facebook.com\/fdpscarpathia\/","article_published_time":"2026-01-29T09:07:37+00:00","author":"creativebitsolutions","twitter_card":"summary_large_image","twitter_misc":{"Written by":"creativebitsolutions","Estimated reading time":"4 minutes"},"schema":{"@context":"https:\/\/schema.org","@graph":[{"@type":"Article","@id":"https:\/\/carpathiacenter.ro\/bolojan-explica-de-ce-romania-nu-poate-adera-la-zona-euro-mai-repede-cum-a-facut-bulgaria-pana-atunci-acest-tip-de-problema-nu-este-pe-agenda\/#article","isPartOf":{"@id":"https:\/\/carpathiacenter.ro\/bolojan-explica-de-ce-romania-nu-poate-adera-la-zona-euro-mai-repede-cum-a-facut-bulgaria-pana-atunci-acest-tip-de-problema-nu-este-pe-agenda\/"},"author":{"name":"creativebitsolutions","@id":"https:\/\/carpathiacenter.ro\/#\/schema\/person\/03d9f58202fee8379268f34afa195006"},"headline":"Bolojan explic\u0103 de ce Rom\u00e2nia nu poate adera la zona euro mai repede, cum a f\u0103cut Bulgaria. \u201eP\u00e2n\u0103 atunci, acest tip de problem\u0103 nu este pe agend\u0103\u201d","datePublished":"2026-01-29T09:07:37+00:00","mainEntityOfPage":{"@id":"https:\/\/carpathiacenter.ro\/bolojan-explica-de-ce-romania-nu-poate-adera-la-zona-euro-mai-repede-cum-a-facut-bulgaria-pana-atunci-acest-tip-de-problema-nu-este-pe-agenda\/"},"wordCount":804,"commentCount":0,"publisher":{"@id":"https:\/\/carpathiacenter.ro\/#organization"},"articleSection":["Uncategorized"],"inLanguage":"en-GB","potentialAction":[{"@type":"CommentAction","name":"Comment","target":["https:\/\/carpathiacenter.ro\/bolojan-explica-de-ce-romania-nu-poate-adera-la-zona-euro-mai-repede-cum-a-facut-bulgaria-pana-atunci-acest-tip-de-problema-nu-este-pe-agenda\/#respond"]}]},{"@type":"WebPage","@id":"https:\/\/carpathiacenter.ro\/bolojan-explica-de-ce-romania-nu-poate-adera-la-zona-euro-mai-repede-cum-a-facut-bulgaria-pana-atunci-acest-tip-de-problema-nu-este-pe-agenda\/","url":"https:\/\/carpathiacenter.ro\/bolojan-explica-de-ce-romania-nu-poate-adera-la-zona-euro-mai-repede-cum-a-facut-bulgaria-pana-atunci-acest-tip-de-problema-nu-este-pe-agenda\/","name":"Bolojan explic\u0103 de ce Rom\u00e2nia nu poate adera la zona euro mai repede, cum a f\u0103cut Bulgaria. \u201eP\u00e2n\u0103 atunci, acest tip de problem\u0103 nu este pe agend\u0103\u201d - Carpathia Center Romania","isPartOf":{"@id":"https:\/\/carpathiacenter.ro\/#website"},"datePublished":"2026-01-29T09:07:37+00:00","breadcrumb":{"@id":"https:\/\/carpathiacenter.ro\/bolojan-explica-de-ce-romania-nu-poate-adera-la-zona-euro-mai-repede-cum-a-facut-bulgaria-pana-atunci-acest-tip-de-problema-nu-este-pe-agenda\/#breadcrumb"},"inLanguage":"en-GB","potentialAction":[{"@type":"ReadAction","target":["https:\/\/carpathiacenter.ro\/bolojan-explica-de-ce-romania-nu-poate-adera-la-zona-euro-mai-repede-cum-a-facut-bulgaria-pana-atunci-acest-tip-de-problema-nu-este-pe-agenda\/"]}]},{"@type":"BreadcrumbList","@id":"https:\/\/carpathiacenter.ro\/bolojan-explica-de-ce-romania-nu-poate-adera-la-zona-euro-mai-repede-cum-a-facut-bulgaria-pana-atunci-acest-tip-de-problema-nu-este-pe-agenda\/#breadcrumb","itemListElement":[{"@type":"ListItem","position":1,"name":"Prima pagin\u0103","item":"https:\/\/carpathiacenter.ro\/"},{"@type":"ListItem","position":2,"name":"Bolojan explic\u0103 de ce Rom\u00e2nia nu poate adera la zona euro mai repede, cum a f\u0103cut Bulgaria. \u201eP\u00e2n\u0103 atunci, acest tip de problem\u0103 nu este pe agend\u0103\u201d"}]},{"@type":"WebSite","@id":"https:\/\/carpathiacenter.ro\/#website","url":"https:\/\/carpathiacenter.ro\/","name":"Carpathia Center Romania","description":"Impossible made possible!","publisher":{"@id":"https:\/\/carpathiacenter.ro\/#organization"},"potentialAction":[{"@type":"SearchAction","target":{"@type":"EntryPoint","urlTemplate":"https:\/\/carpathiacenter.ro\/?s={search_term_string}"},"query-input":{"@type":"PropertyValueSpecification","valueRequired":true,"valueName":"search_term_string"}}],"inLanguage":"en-GB"},{"@type":"Organization","@id":"https:\/\/carpathiacenter.ro\/#organization","name":"Carpathia Center Romania","url":"https:\/\/carpathiacenter.ro\/","logo":{"@type":"ImageObject","inLanguage":"en-GB","@id":"https:\/\/carpathiacenter.ro\/#\/schema\/logo\/image\/","url":"https:\/\/carpathiacenter.ro\/wp-content\/uploads\/2024\/07\/logo-carpathia_bg_white-1024x941.png","contentUrl":"https:\/\/carpathiacenter.ro\/wp-content\/uploads\/2024\/07\/logo-carpathia_bg_white-1024x941.png","width":1024,"height":941,"caption":"Carpathia Center Romania"},"image":{"@id":"https:\/\/carpathiacenter.ro\/#\/schema\/logo\/image\/"},"sameAs":["https:\/\/www.facebook.com\/fdpscarpathia\/"]},{"@type":"Person","@id":"https:\/\/carpathiacenter.ro\/#\/schema\/person\/03d9f58202fee8379268f34afa195006","name":"creativebitsolutions","image":{"@type":"ImageObject","inLanguage":"en-GB","@id":"https:\/\/carpathiacenter.ro\/#\/schema\/person\/image\/","url":"https:\/\/secure.gravatar.com\/avatar\/1b1a13e37f847c635dab78348f1dff2f07651ee2a3d77a5c355a4b8c75f9165a?s=96&d=mm&r=g","contentUrl":"https:\/\/secure.gravatar.com\/avatar\/1b1a13e37f847c635dab78348f1dff2f07651ee2a3d77a5c355a4b8c75f9165a?s=96&d=mm&r=g","caption":"creativebitsolutions"},"url":"https:\/\/carpathiacenter.ro\/en\/author\/creativebitsolutions\/"}]}},"_links":{"self":[{"href":"https:\/\/carpathiacenter.ro\/en\/wp-json\/wp\/v2\/posts\/3735","targetHints":{"allow":["GET"]}}],"collection":[{"href":"https:\/\/carpathiacenter.ro\/en\/wp-json\/wp\/v2\/posts"}],"about":[{"href":"https:\/\/carpathiacenter.ro\/en\/wp-json\/wp\/v2\/types\/post"}],"author":[{"embeddable":true,"href":"https:\/\/carpathiacenter.ro\/en\/wp-json\/wp\/v2\/users\/4"}],"replies":[{"embeddable":true,"href":"https:\/\/carpathiacenter.ro\/en\/wp-json\/wp\/v2\/comments?post=3735"}],"version-history":[{"count":1,"href":"https:\/\/carpathiacenter.ro\/en\/wp-json\/wp\/v2\/posts\/3735\/revisions"}],"predecessor-version":[{"id":3736,"href":"https:\/\/carpathiacenter.ro\/en\/wp-json\/wp\/v2\/posts\/3735\/revisions\/3736"}],"wp:attachment":[{"href":"https:\/\/carpathiacenter.ro\/en\/wp-json\/wp\/v2\/media?parent=3735"}],"wp:term":[{"taxonomy":"category","embeddable":true,"href":"https:\/\/carpathiacenter.ro\/en\/wp-json\/wp\/v2\/categories?post=3735"},{"taxonomy":"post_tag","embeddable":true,"href":"https:\/\/carpathiacenter.ro\/en\/wp-json\/wp\/v2\/tags?post=3735"}],"curies":[{"name":"wp","href":"https:\/\/api.w.org\/{rel}","templated":true}]}}