{"id":3733,"date":"2026-01-29T09:04:41","date_gmt":"2026-01-29T09:04:41","guid":{"rendered":"https:\/\/carpathiacenter.ro\/?p=3733"},"modified":"2026-01-29T09:04:41","modified_gmt":"2026-01-29T09:04:41","slug":"bugetul-primariei-bucuresti-discutat-astazi-intr-o-sedinta-la-guvern-dupa-ce-ciprian-ciucu-a-spus-ca-nu-are-bani-nici-sa-treaca-strada","status":"publish","type":"post","link":"https:\/\/carpathiacenter.ro\/en\/bugetul-primariei-bucuresti-discutat-astazi-intr-o-sedinta-la-guvern-dupa-ce-ciprian-ciucu-a-spus-ca-nu-are-bani-nici-sa-treaca-strada\/","title":{"rendered":"Bugetul Prim\u0103riei Bucure\u0219ti, discutat ast\u0103zi \u00eentr-o \u0219edin\u021b\u0103 la Guvern dup\u0103 ce Ciprian Ciucu a spus c\u0103 \u201enu are bani nici s\u0103 treac\u0103 strada\u201d"},"content":{"rendered":"<p><strong>Primarul general al Capitalei, Ciprian Ciucu, a mers miercuri la Guvern \u00eempreun\u0103 cu primarii de sectoare pentru a discuta cu vicepremierul Taczos Barna despre viitorul buget al Capitalei, \u00eens\u0103 nu a fost luat\u0103 nicio decizie.<\/strong><\/p>\n<p><time class=\"live-text-simple hour-minute\">16:55<\/time><\/p>\n<p>\u0218edin\u021ba de la Palatul Victoria a durat aproximativ o or\u0103 \u0219i jum\u0103tate. Fiecare primar de Sector a prezentat situa\u021bia bugetar\u0103, \u00eens\u0103 nu a fost luat\u0103 nicio decizie. Totu\u0219i, potrivit informa\u021biilor HotNews, ar urma ca \u00een perioada urm\u0103toare s\u0103 aib\u0103 loc mai multe astfel de \u00eent\u00e2lniri p\u00e2n\u0103 la aprobarea bugetului na\u021bional pentru anul 2026.<\/p>\n<p>\u201cDiscu\u021biile au fost constructive\u201d, spun surse care au participat la \u0219edin\u021b\u0103.<\/p>\n<p>Guvernul a transmis, printr-un\u00a0<a href=\"https:\/\/gov.ro\/ro\/stiri\/consultari-cu-primarul-general-al-capitalei-i-cu-primariile-de-sector-pentru-pregatirea-bugetului-pentru-2026%20-%20FOTO%20SI%20COMUNICAT%20DE%20PRES%C4%82\" target=\"_blank\" rel=\"noreferrer noopener\">comunicat de pres\u0103\u00a0<\/a>c\u0103 scopul reuniunii a fost \u201erealizarea unei sinteze privind situa\u021biile financiare ale Prim\u0103riei Generale \u0219i ale sectoarelor, prezentarea punctelor de vedere referitoare la necesarul de finan\u021bare \u0219i modul de repartizare a veniturilor din impozitul pe venit \u0219i a mecanismelor de echilibrare din TVA\u201d.<\/p>\n<p>Tanczos Barna, care a \u0219i condus \u0219edin\u021ba, a transmis c\u0103 deciziile privind repartizarea impozitelor \u0219i echilibrarea bugetelor locale \u201evor fi luate dup\u0103 realizarea analizelor necesare \u0219i un dialog cu structurile asociative ale autorit\u0103\u021bilor publice locale\u201d.<\/p>\n<p>***<\/p>\n<p>\u0218edin\u021ba, care este programat\u0103 pentru ora 15.00, are loc \u00eentr-o zi \u00een care premierul Ilie Bolojan este plecat \u00eentr-o vizit\u0103 oficial\u0103 \u00een Germania.<\/p>\n<p>Guvernul Bolojan a intrat \u00een 2026 f\u0103r\u0103 a finaliza bugetul na\u021bional, a\u0219a cum se \u00eent\u00e2mpl\u0103 \u00een mod uzual. Ini\u021bial, planul era ca bugetul s\u0103 fie adoptat la finalul lunii ianuarie sau \u00eenceputul lunii februarie.\u00a0Estimarea actual\u0103 a autorit\u0103\u021bilor este a doua jum\u0103tate a lunii februarie.<\/p>\n<p>Premierul a purtat, p\u00e2n\u0103 acum, discu\u021bii despre proiectul de buget cu to\u021bi mini\u0219trii, cu guvernatorul B\u0103ncii Na\u021bionale \u0219i cu pre\u0219edintele Nicu\u0219or Dan.<\/p>\n<p>Nicu\u0219or Dan spunea pe 17 decembrie 2025 c\u0103 \u201enu e bine c\u0103 nu avem nici m\u0103car proiectul de buget\u201d. \u201eNoi trebuia la 31 decembrie s\u0103 avem bugetul. Urgen\u0163a pentru coali\u0163ie este s\u0103 dea bugetul pe 2026\u201d, a mai spus atunci pre\u0219edintele.<\/p>\n<h2 class=\"wp-block-heading\">Condi\u021bia pus\u0103 de pre\u0219edinte pentru a semna bugetul<\/h2>\n<p>Nicu\u0219or Dan a declarat \u00eentr-un interviu oferit \u00een decembrie pentru Epoch Times c\u0103 nu va promulga bugetul dac\u0103 ignor\u0103\u00a0<a href=\"https:\/\/hotnews.ro\/referendum-bucuresti-2024-bucurestenii-asteptati-duminica-sa-raspunda-la-trei-intrebari-1842800\" target=\"_blank\" rel=\"noreferrer noopener\" data-type=\"link\" data-id=\"https:\/\/hotnews.ro\/referendum-bucuresti-2024-bucurestenii-asteptati-duminica-sa-raspunda-la-trei-intrebari-1842800\">referendumul pentru Capital\u0103<\/a>\u00a0din 2024 c\u00e2nd bucure\u0219tenii au votat ca repartizarea \u00eentre Prim\u0103ria Municipiului Bucure\u0219ti \u0219i Prim\u0103riile de Sector a impozitelor pe venit \u0219i a taxelor \u0219i impozitelor locale colectate de la bucure\u0219teni s\u0103 fie aprobat\u0103 de c\u0103tre Consiliul General al Municipiului Bucure\u0219ti. P\u00e2n\u0103 acum, repatizarea era f\u0103cut\u0103 de guvern, iar Nicu\u0219or Dan s-a pl\u00e2ns, c\u00e2nd era primar general, de aloc\u0103ri insuficiente pentru PMB.<\/p>\n<p>\u201eParlamentul trebuie s\u0103 fie pro-activ \u0219i s\u0103 schimbe partea de taxe locale, \u0219i una care \u021bine de legea bugetului na\u021bional \u2013 \u00eemp\u0103r\u021birea \u00eentre Prim\u0103ria Capitalei \u0219i prim\u0103riile de sector. Eu nu o s\u0103 semnez legea bugetului na\u021bional care ignor\u0103 referendumul\u201d, a spus Nicu\u0219or Dan pentru Epoch Times.<\/p>\n<h2 class=\"wp-block-heading\">Ciprian Ciucu: \u201ePMB nu are bani nici s\u0103 treac\u0103 strada\u201d<\/h2>\n<p>La r\u00e2ndul s\u0103u, noul primar al Capitalei, Ciprian Ciucu, a declarat de mai multe ori c\u0103, de\u0219i Prim\u0103ria General\u0103 a primit 317 milioane de lei de la Guvern pentru luna ianuarie, \u201ePMB nu are bani nici s\u0103 treac\u0103 strada\u201d. Printr-o postare pe Facebook, primarul general ar\u0103ta c\u0103, \u00een compara\u021bie cu lunile ianuarie din al\u021bi bani, suma primit\u0103 \u00een 2026 e mai mic\u0103:<\/p>\n<ul class=\"wp-block-list\">\n<li>\u201e358 mil, ianuarie 2022;<\/li>\n<\/ul>\n<ul class=\"wp-block-list\">\n<li>488 mil, ianuarie 2023;<\/li>\n<\/ul>\n<ul class=\"wp-block-list\">\n<li>551 mil, ianuarie 2024;<\/li>\n<\/ul>\n<ul class=\"wp-block-list\">\n<li>400 mil, ianuarie 2025\u201d, explica Ciprian Ciucu \u00een postarea de pe 13 ianuarie.<\/li>\n<\/ul>\n<p>El a ar\u0103tat c\u0103 cele 317 milioane de lei au fost cheltuite, \u00een mare parte pe salarii, datorii, subven\u021bii sau litigii \u0219i c\u0103 Prim\u0103ria Capitalei a r\u0103mas cu \u201ecca. 20 de mil\u201d.<\/p>\n<h2 class=\"wp-block-heading\">Ciucu a cerut sprijin de la Nicu\u0219or Dan \u0219i Ilie Bolojan<\/h2>\n<p>\u00cen prima sa conferin\u021b\u0103 de pres\u0103 ca primar general, Ciucu a confirmat problemele semnalate anterior de Nicu\u0219or Dan \u00een privin\u021ba problemelor bugetului municipiului Bucure\u0219ti.<\/p>\n<p>\u201eVreau s\u0103 spun, din capul locului, c\u0103 domnul pre\u015fedinte Nicu\u015for Dan a avut \u015fi are dreptate \u00een ceea ce prive\u015fte problema structural\u0103 a bugetului municipiului Bucure\u0219ti. Este o mic\u0103 minune faptul c\u0103 domnul fost primar general Nicu\u015for Dan a reu\u015fit s\u0103 \u0163in\u0103 aceast\u0103 prim\u0103rie pe linia de plutire\u201d, spunea Ciprian Ciucu pe 20 decembrie.<\/p>\n<p>El a subliniat \u00een legea bugetului na\u021bional pentru anul 2026 e nevoie ca Prim\u0103ria Municipiului Bucuresti s\u0103 primeasc\u0103 70% din bugetul \u00eentregului ora\u0219 \u201epentru a evita falimentul\u201d. Pe Facebook, a transmis c\u0103 se bazeaz\u0103 pe sprijinul pre\u0219edintelui Nicu\u0219or Dan pentru a pune \u00een aplicare referendumul pentru Bucure\u0219ti \u0219i pe premierul Bolojan pentru reformele necesare la nivelul Capitalei.<\/p>\n<h2 class=\"wp-block-heading\">Comas\u0103ri de institu\u021bii \u0219i cre\u0219terea pre\u021burilor pentru transportul \u00een comun<\/h2>\n<p>\u00centr-o interven\u021bie la\u00a0<a href=\"https:\/\/www.euronews.ro\/articole\/exclusiv-criza-financiara-la-primaria-capitalei-ciucu-anunta-inchiderea-unor-inst\" target=\"_blank\" rel=\"noreferrer noopener\" data-type=\"link\" data-id=\"https:\/\/www.euronews.ro\/articole\/exclusiv-criza-financiara-la-primaria-capitalei-ciucu-anunta-inchiderea-unor-inst\">Euronews Rom\u00e2nia<\/a>, Ciucu a anun\u021bat c\u0103 preg\u0103te\u0219te o serie de m\u0103suri pentru a aduce mai mul\u021bi bani la bugetul Prim\u0103riei Generale.<\/p>\n<p>\u201ePot s\u0103 anun\u021b \u00een premier\u0103 c\u0103 pe ordinea de zi de s\u0103pt\u0103m\u00e2na viitoare a Consiliului Local o mic\u0103 serie de institu\u021bii publice vor fi \u00eenchise, am preg\u0103tit proiecte. Sunt institu\u021bii care nu au nicio ra\u021biune de a exista dar care cheltuie bani pe chirii, ma\u0219ini, fel \u0219i fel de prostii.\u201d, a declarat Ciprian Ciucu.<\/p>\n<p>El a spus c\u0103 e posibil s\u0103 creasc\u0103 \u0219i pre\u021bul biletelor pentru transportul \u00een comun:<\/p>\n<p>\u201eEste foarte probabil \u015fi este \u015fi necesar s\u0103 cre\u015ftem pre\u0163ul c\u0103l\u0103toriei pentru STB. Sunt pus \u00een situa\u0163ia de a face multe reforme structurale. Unele grele. Comas\u0103ri, restructur\u0103ri, \u00eenchideri de companii, de administra\u0163ii, de institu\u0163ii publice\u201d, a ad\u0103ugat primarul general al Capitalei.<\/p>\n<p>Sursa articolului:  <a href=\"https:\/\/hotnews.ro\/bugetul-primariei-bucuresti-discutat-astazi-intr-o-sedinta-la-guvern-dupa-ce-ciprian-ciucu-a-spus-ca-nu-are-bani-nici-sa-treaca-strada-2159955\" target=\"_blank\" rel=\"noopener\" title=\"\">HotNews<\/a><\/p>","protected":false},"excerpt":{"rendered":"<p>Primarul general al Capitalei, Ciprian Ciucu, a mers miercuri la Guvern \u00eempreun\u0103 cu primarii de sectoare pentru a discuta cu vicepremierul Taczos Barna despre viitorul buget al Capitalei, \u00eens\u0103 nu a fost luat\u0103 nicio decizie. 16:55 \u0218edin\u021ba de la Palatul Victoria a durat aproximativ o or\u0103 \u0219i jum\u0103tate. Fiecare primar de Sector a prezentat situa\u021bia&#8230;<\/p>","protected":false},"author":4,"featured_media":0,"comment_status":"open","ping_status":"open","sticky":false,"template":"","format":"standard","meta":{"footnotes":""},"categories":[1],"tags":[],"class_list":["post-3733","post","type-post","status-publish","format-standard","hentry","category-uncategorized"],"yoast_head":"<!-- This site is optimized with the Yoast SEO plugin v26.1.1 - https:\/\/yoast.com\/wordpress\/plugins\/seo\/ -->\n<title>Bugetul Prim\u0103riei Bucure\u0219ti, discutat ast\u0103zi \u00eentr-o \u0219edin\u021b\u0103 la Guvern dup\u0103 ce Ciprian Ciucu a spus c\u0103 \u201enu are bani nici s\u0103 treac\u0103 strada\u201d - Carpathia Center Romania<\/title>\n<meta name=\"robots\" content=\"index, follow, max-snippet:-1, max-image-preview:large, max-video-preview:-1\" \/>\n<link rel=\"canonical\" href=\"https:\/\/carpathiacenter.ro\/en\/bugetul-primariei-bucuresti-discutat-astazi-intr-o-sedinta-la-guvern-dupa-ce-ciprian-ciucu-a-spus-ca-nu-are-bani-nici-sa-treaca-strada\/\" \/>\n<meta property=\"og:locale\" content=\"en_GB\" \/>\n<meta property=\"og:type\" content=\"article\" \/>\n<meta property=\"og:title\" content=\"Bugetul Prim\u0103riei Bucure\u0219ti, discutat ast\u0103zi \u00eentr-o \u0219edin\u021b\u0103 la Guvern dup\u0103 ce Ciprian Ciucu a spus c\u0103 \u201enu are bani nici s\u0103 treac\u0103 strada\u201d - Carpathia Center Romania\" \/>\n<meta property=\"og:description\" content=\"Primarul general al Capitalei, Ciprian Ciucu, a mers miercuri la Guvern \u00eempreun\u0103 cu primarii de sectoare pentru a discuta cu vicepremierul Taczos Barna despre viitorul buget al Capitalei, \u00eens\u0103 nu a fost luat\u0103 nicio decizie. 16:55 \u0218edin\u021ba de la Palatul Victoria a durat aproximativ o or\u0103 \u0219i jum\u0103tate. Fiecare primar de Sector a prezentat situa\u021bia...\" \/>\n<meta property=\"og:url\" content=\"https:\/\/carpathiacenter.ro\/en\/bugetul-primariei-bucuresti-discutat-astazi-intr-o-sedinta-la-guvern-dupa-ce-ciprian-ciucu-a-spus-ca-nu-are-bani-nici-sa-treaca-strada\/\" \/>\n<meta property=\"og:site_name\" content=\"Carpathia Center Romania\" \/>\n<meta property=\"article:publisher\" content=\"https:\/\/www.facebook.com\/fdpscarpathia\/\" \/>\n<meta property=\"article:published_time\" content=\"2026-01-29T09:04:41+00:00\" \/>\n<meta name=\"author\" content=\"creativebitsolutions\" \/>\n<meta name=\"twitter:card\" content=\"summary_large_image\" \/>\n<meta name=\"twitter:label1\" content=\"Written by\" \/>\n\t<meta name=\"twitter:data1\" content=\"creativebitsolutions\" \/>\n\t<meta name=\"twitter:label2\" content=\"Estimated reading time\" \/>\n\t<meta name=\"twitter:data2\" content=\"5 minutes\" \/>\n<script type=\"application\/ld+json\" class=\"yoast-schema-graph\">{\"@context\":\"https:\/\/schema.org\",\"@graph\":[{\"@type\":\"Article\",\"@id\":\"https:\/\/carpathiacenter.ro\/bugetul-primariei-bucuresti-discutat-astazi-intr-o-sedinta-la-guvern-dupa-ce-ciprian-ciucu-a-spus-ca-nu-are-bani-nici-sa-treaca-strada\/#article\",\"isPartOf\":{\"@id\":\"https:\/\/carpathiacenter.ro\/bugetul-primariei-bucuresti-discutat-astazi-intr-o-sedinta-la-guvern-dupa-ce-ciprian-ciucu-a-spus-ca-nu-are-bani-nici-sa-treaca-strada\/\"},\"author\":{\"name\":\"creativebitsolutions\",\"@id\":\"https:\/\/carpathiacenter.ro\/#\/schema\/person\/03d9f58202fee8379268f34afa195006\"},\"headline\":\"Bugetul Prim\u0103riei Bucure\u0219ti, discutat ast\u0103zi \u00eentr-o \u0219edin\u021b\u0103 la Guvern dup\u0103 ce Ciprian Ciucu a spus c\u0103 \u201enu are bani nici s\u0103 treac\u0103 strada\u201d\",\"datePublished\":\"2026-01-29T09:04:41+00:00\",\"mainEntityOfPage\":{\"@id\":\"https:\/\/carpathiacenter.ro\/bugetul-primariei-bucuresti-discutat-astazi-intr-o-sedinta-la-guvern-dupa-ce-ciprian-ciucu-a-spus-ca-nu-are-bani-nici-sa-treaca-strada\/\"},\"wordCount\":994,\"commentCount\":0,\"publisher\":{\"@id\":\"https:\/\/carpathiacenter.ro\/#organization\"},\"articleSection\":[\"Uncategorized\"],\"inLanguage\":\"en-GB\",\"potentialAction\":[{\"@type\":\"CommentAction\",\"name\":\"Comment\",\"target\":[\"https:\/\/carpathiacenter.ro\/bugetul-primariei-bucuresti-discutat-astazi-intr-o-sedinta-la-guvern-dupa-ce-ciprian-ciucu-a-spus-ca-nu-are-bani-nici-sa-treaca-strada\/#respond\"]}]},{\"@type\":\"WebPage\",\"@id\":\"https:\/\/carpathiacenter.ro\/bugetul-primariei-bucuresti-discutat-astazi-intr-o-sedinta-la-guvern-dupa-ce-ciprian-ciucu-a-spus-ca-nu-are-bani-nici-sa-treaca-strada\/\",\"url\":\"https:\/\/carpathiacenter.ro\/bugetul-primariei-bucuresti-discutat-astazi-intr-o-sedinta-la-guvern-dupa-ce-ciprian-ciucu-a-spus-ca-nu-are-bani-nici-sa-treaca-strada\/\",\"name\":\"Bugetul Prim\u0103riei Bucure\u0219ti, discutat ast\u0103zi \u00eentr-o \u0219edin\u021b\u0103 la Guvern dup\u0103 ce Ciprian Ciucu a spus c\u0103 \u201enu are bani nici s\u0103 treac\u0103 strada\u201d - Carpathia Center Romania\",\"isPartOf\":{\"@id\":\"https:\/\/carpathiacenter.ro\/#website\"},\"datePublished\":\"2026-01-29T09:04:41+00:00\",\"breadcrumb\":{\"@id\":\"https:\/\/carpathiacenter.ro\/bugetul-primariei-bucuresti-discutat-astazi-intr-o-sedinta-la-guvern-dupa-ce-ciprian-ciucu-a-spus-ca-nu-are-bani-nici-sa-treaca-strada\/#breadcrumb\"},\"inLanguage\":\"en-GB\",\"potentialAction\":[{\"@type\":\"ReadAction\",\"target\":[\"https:\/\/carpathiacenter.ro\/bugetul-primariei-bucuresti-discutat-astazi-intr-o-sedinta-la-guvern-dupa-ce-ciprian-ciucu-a-spus-ca-nu-are-bani-nici-sa-treaca-strada\/\"]}]},{\"@type\":\"BreadcrumbList\",\"@id\":\"https:\/\/carpathiacenter.ro\/bugetul-primariei-bucuresti-discutat-astazi-intr-o-sedinta-la-guvern-dupa-ce-ciprian-ciucu-a-spus-ca-nu-are-bani-nici-sa-treaca-strada\/#breadcrumb\",\"itemListElement\":[{\"@type\":\"ListItem\",\"position\":1,\"name\":\"Prima pagin\u0103\",\"item\":\"https:\/\/carpathiacenter.ro\/\"},{\"@type\":\"ListItem\",\"position\":2,\"name\":\"Bugetul Prim\u0103riei Bucure\u0219ti, discutat ast\u0103zi \u00eentr-o \u0219edin\u021b\u0103 la Guvern dup\u0103 ce Ciprian Ciucu a spus c\u0103 \u201enu are bani nici s\u0103 treac\u0103 strada\u201d\"}]},{\"@type\":\"WebSite\",\"@id\":\"https:\/\/carpathiacenter.ro\/#website\",\"url\":\"https:\/\/carpathiacenter.ro\/\",\"name\":\"Carpathia Center Romania\",\"description\":\"Impossible made possible!\",\"publisher\":{\"@id\":\"https:\/\/carpathiacenter.ro\/#organization\"},\"potentialAction\":[{\"@type\":\"SearchAction\",\"target\":{\"@type\":\"EntryPoint\",\"urlTemplate\":\"https:\/\/carpathiacenter.ro\/?s={search_term_string}\"},\"query-input\":{\"@type\":\"PropertyValueSpecification\",\"valueRequired\":true,\"valueName\":\"search_term_string\"}}],\"inLanguage\":\"en-GB\"},{\"@type\":\"Organization\",\"@id\":\"https:\/\/carpathiacenter.ro\/#organization\",\"name\":\"Carpathia Center Romania\",\"url\":\"https:\/\/carpathiacenter.ro\/\",\"logo\":{\"@type\":\"ImageObject\",\"inLanguage\":\"en-GB\",\"@id\":\"https:\/\/carpathiacenter.ro\/#\/schema\/logo\/image\/\",\"url\":\"https:\/\/carpathiacenter.ro\/wp-content\/uploads\/2024\/07\/logo-carpathia_bg_white-1024x941.png\",\"contentUrl\":\"https:\/\/carpathiacenter.ro\/wp-content\/uploads\/2024\/07\/logo-carpathia_bg_white-1024x941.png\",\"width\":1024,\"height\":941,\"caption\":\"Carpathia Center Romania\"},\"image\":{\"@id\":\"https:\/\/carpathiacenter.ro\/#\/schema\/logo\/image\/\"},\"sameAs\":[\"https:\/\/www.facebook.com\/fdpscarpathia\/\"]},{\"@type\":\"Person\",\"@id\":\"https:\/\/carpathiacenter.ro\/#\/schema\/person\/03d9f58202fee8379268f34afa195006\",\"name\":\"creativebitsolutions\",\"image\":{\"@type\":\"ImageObject\",\"inLanguage\":\"en-GB\",\"@id\":\"https:\/\/carpathiacenter.ro\/#\/schema\/person\/image\/\",\"url\":\"https:\/\/secure.gravatar.com\/avatar\/1b1a13e37f847c635dab78348f1dff2f07651ee2a3d77a5c355a4b8c75f9165a?s=96&d=mm&r=g\",\"contentUrl\":\"https:\/\/secure.gravatar.com\/avatar\/1b1a13e37f847c635dab78348f1dff2f07651ee2a3d77a5c355a4b8c75f9165a?s=96&d=mm&r=g\",\"caption\":\"creativebitsolutions\"},\"url\":\"https:\/\/carpathiacenter.ro\/en\/author\/creativebitsolutions\/\"}]}<\/script>\n<!-- \/ Yoast SEO plugin. -->","yoast_head_json":{"title":"Bugetul Prim\u0103riei Bucure\u0219ti, discutat ast\u0103zi \u00eentr-o \u0219edin\u021b\u0103 la Guvern dup\u0103 ce Ciprian Ciucu a spus c\u0103 \u201enu are bani nici s\u0103 treac\u0103 strada\u201d - Carpathia Center Romania","robots":{"index":"index","follow":"follow","max-snippet":"max-snippet:-1","max-image-preview":"max-image-preview:large","max-video-preview":"max-video-preview:-1"},"canonical":"https:\/\/carpathiacenter.ro\/en\/bugetul-primariei-bucuresti-discutat-astazi-intr-o-sedinta-la-guvern-dupa-ce-ciprian-ciucu-a-spus-ca-nu-are-bani-nici-sa-treaca-strada\/","og_locale":"en_GB","og_type":"article","og_title":"Bugetul Prim\u0103riei Bucure\u0219ti, discutat ast\u0103zi \u00eentr-o \u0219edin\u021b\u0103 la Guvern dup\u0103 ce Ciprian Ciucu a spus c\u0103 \u201enu are bani nici s\u0103 treac\u0103 strada\u201d - Carpathia Center Romania","og_description":"Primarul general al Capitalei, Ciprian Ciucu, a mers miercuri la Guvern \u00eempreun\u0103 cu primarii de sectoare pentru a discuta cu vicepremierul Taczos Barna despre viitorul buget al Capitalei, \u00eens\u0103 nu a fost luat\u0103 nicio decizie. 16:55 \u0218edin\u021ba de la Palatul Victoria a durat aproximativ o or\u0103 \u0219i jum\u0103tate. Fiecare primar de Sector a prezentat situa\u021bia...","og_url":"https:\/\/carpathiacenter.ro\/en\/bugetul-primariei-bucuresti-discutat-astazi-intr-o-sedinta-la-guvern-dupa-ce-ciprian-ciucu-a-spus-ca-nu-are-bani-nici-sa-treaca-strada\/","og_site_name":"Carpathia Center Romania","article_publisher":"https:\/\/www.facebook.com\/fdpscarpathia\/","article_published_time":"2026-01-29T09:04:41+00:00","author":"creativebitsolutions","twitter_card":"summary_large_image","twitter_misc":{"Written by":"creativebitsolutions","Estimated reading time":"5 minutes"},"schema":{"@context":"https:\/\/schema.org","@graph":[{"@type":"Article","@id":"https:\/\/carpathiacenter.ro\/bugetul-primariei-bucuresti-discutat-astazi-intr-o-sedinta-la-guvern-dupa-ce-ciprian-ciucu-a-spus-ca-nu-are-bani-nici-sa-treaca-strada\/#article","isPartOf":{"@id":"https:\/\/carpathiacenter.ro\/bugetul-primariei-bucuresti-discutat-astazi-intr-o-sedinta-la-guvern-dupa-ce-ciprian-ciucu-a-spus-ca-nu-are-bani-nici-sa-treaca-strada\/"},"author":{"name":"creativebitsolutions","@id":"https:\/\/carpathiacenter.ro\/#\/schema\/person\/03d9f58202fee8379268f34afa195006"},"headline":"Bugetul Prim\u0103riei Bucure\u0219ti, discutat ast\u0103zi \u00eentr-o \u0219edin\u021b\u0103 la Guvern dup\u0103 ce Ciprian Ciucu a spus c\u0103 \u201enu are bani nici s\u0103 treac\u0103 strada\u201d","datePublished":"2026-01-29T09:04:41+00:00","mainEntityOfPage":{"@id":"https:\/\/carpathiacenter.ro\/bugetul-primariei-bucuresti-discutat-astazi-intr-o-sedinta-la-guvern-dupa-ce-ciprian-ciucu-a-spus-ca-nu-are-bani-nici-sa-treaca-strada\/"},"wordCount":994,"commentCount":0,"publisher":{"@id":"https:\/\/carpathiacenter.ro\/#organization"},"articleSection":["Uncategorized"],"inLanguage":"en-GB","potentialAction":[{"@type":"CommentAction","name":"Comment","target":["https:\/\/carpathiacenter.ro\/bugetul-primariei-bucuresti-discutat-astazi-intr-o-sedinta-la-guvern-dupa-ce-ciprian-ciucu-a-spus-ca-nu-are-bani-nici-sa-treaca-strada\/#respond"]}]},{"@type":"WebPage","@id":"https:\/\/carpathiacenter.ro\/bugetul-primariei-bucuresti-discutat-astazi-intr-o-sedinta-la-guvern-dupa-ce-ciprian-ciucu-a-spus-ca-nu-are-bani-nici-sa-treaca-strada\/","url":"https:\/\/carpathiacenter.ro\/bugetul-primariei-bucuresti-discutat-astazi-intr-o-sedinta-la-guvern-dupa-ce-ciprian-ciucu-a-spus-ca-nu-are-bani-nici-sa-treaca-strada\/","name":"Bugetul Prim\u0103riei Bucure\u0219ti, discutat ast\u0103zi \u00eentr-o \u0219edin\u021b\u0103 la Guvern dup\u0103 ce Ciprian Ciucu a spus c\u0103 \u201enu are bani nici s\u0103 treac\u0103 strada\u201d - Carpathia Center Romania","isPartOf":{"@id":"https:\/\/carpathiacenter.ro\/#website"},"datePublished":"2026-01-29T09:04:41+00:00","breadcrumb":{"@id":"https:\/\/carpathiacenter.ro\/bugetul-primariei-bucuresti-discutat-astazi-intr-o-sedinta-la-guvern-dupa-ce-ciprian-ciucu-a-spus-ca-nu-are-bani-nici-sa-treaca-strada\/#breadcrumb"},"inLanguage":"en-GB","potentialAction":[{"@type":"ReadAction","target":["https:\/\/carpathiacenter.ro\/bugetul-primariei-bucuresti-discutat-astazi-intr-o-sedinta-la-guvern-dupa-ce-ciprian-ciucu-a-spus-ca-nu-are-bani-nici-sa-treaca-strada\/"]}]},{"@type":"BreadcrumbList","@id":"https:\/\/carpathiacenter.ro\/bugetul-primariei-bucuresti-discutat-astazi-intr-o-sedinta-la-guvern-dupa-ce-ciprian-ciucu-a-spus-ca-nu-are-bani-nici-sa-treaca-strada\/#breadcrumb","itemListElement":[{"@type":"ListItem","position":1,"name":"Prima pagin\u0103","item":"https:\/\/carpathiacenter.ro\/"},{"@type":"ListItem","position":2,"name":"Bugetul Prim\u0103riei Bucure\u0219ti, discutat ast\u0103zi \u00eentr-o \u0219edin\u021b\u0103 la Guvern dup\u0103 ce Ciprian Ciucu a spus c\u0103 \u201enu are bani nici s\u0103 treac\u0103 strada\u201d"}]},{"@type":"WebSite","@id":"https:\/\/carpathiacenter.ro\/#website","url":"https:\/\/carpathiacenter.ro\/","name":"Carpathia Center Romania","description":"Impossible made possible!","publisher":{"@id":"https:\/\/carpathiacenter.ro\/#organization"},"potentialAction":[{"@type":"SearchAction","target":{"@type":"EntryPoint","urlTemplate":"https:\/\/carpathiacenter.ro\/?s={search_term_string}"},"query-input":{"@type":"PropertyValueSpecification","valueRequired":true,"valueName":"search_term_string"}}],"inLanguage":"en-GB"},{"@type":"Organization","@id":"https:\/\/carpathiacenter.ro\/#organization","name":"Carpathia Center Romania","url":"https:\/\/carpathiacenter.ro\/","logo":{"@type":"ImageObject","inLanguage":"en-GB","@id":"https:\/\/carpathiacenter.ro\/#\/schema\/logo\/image\/","url":"https:\/\/carpathiacenter.ro\/wp-content\/uploads\/2024\/07\/logo-carpathia_bg_white-1024x941.png","contentUrl":"https:\/\/carpathiacenter.ro\/wp-content\/uploads\/2024\/07\/logo-carpathia_bg_white-1024x941.png","width":1024,"height":941,"caption":"Carpathia Center Romania"},"image":{"@id":"https:\/\/carpathiacenter.ro\/#\/schema\/logo\/image\/"},"sameAs":["https:\/\/www.facebook.com\/fdpscarpathia\/"]},{"@type":"Person","@id":"https:\/\/carpathiacenter.ro\/#\/schema\/person\/03d9f58202fee8379268f34afa195006","name":"creativebitsolutions","image":{"@type":"ImageObject","inLanguage":"en-GB","@id":"https:\/\/carpathiacenter.ro\/#\/schema\/person\/image\/","url":"https:\/\/secure.gravatar.com\/avatar\/1b1a13e37f847c635dab78348f1dff2f07651ee2a3d77a5c355a4b8c75f9165a?s=96&d=mm&r=g","contentUrl":"https:\/\/secure.gravatar.com\/avatar\/1b1a13e37f847c635dab78348f1dff2f07651ee2a3d77a5c355a4b8c75f9165a?s=96&d=mm&r=g","caption":"creativebitsolutions"},"url":"https:\/\/carpathiacenter.ro\/en\/author\/creativebitsolutions\/"}]}},"_links":{"self":[{"href":"https:\/\/carpathiacenter.ro\/en\/wp-json\/wp\/v2\/posts\/3733","targetHints":{"allow":["GET"]}}],"collection":[{"href":"https:\/\/carpathiacenter.ro\/en\/wp-json\/wp\/v2\/posts"}],"about":[{"href":"https:\/\/carpathiacenter.ro\/en\/wp-json\/wp\/v2\/types\/post"}],"author":[{"embeddable":true,"href":"https:\/\/carpathiacenter.ro\/en\/wp-json\/wp\/v2\/users\/4"}],"replies":[{"embeddable":true,"href":"https:\/\/carpathiacenter.ro\/en\/wp-json\/wp\/v2\/comments?post=3733"}],"version-history":[{"count":1,"href":"https:\/\/carpathiacenter.ro\/en\/wp-json\/wp\/v2\/posts\/3733\/revisions"}],"predecessor-version":[{"id":3734,"href":"https:\/\/carpathiacenter.ro\/en\/wp-json\/wp\/v2\/posts\/3733\/revisions\/3734"}],"wp:attachment":[{"href":"https:\/\/carpathiacenter.ro\/en\/wp-json\/wp\/v2\/media?parent=3733"}],"wp:term":[{"taxonomy":"category","embeddable":true,"href":"https:\/\/carpathiacenter.ro\/en\/wp-json\/wp\/v2\/categories?post=3733"},{"taxonomy":"post_tag","embeddable":true,"href":"https:\/\/carpathiacenter.ro\/en\/wp-json\/wp\/v2\/tags?post=3733"}],"curies":[{"name":"wp","href":"https:\/\/api.w.org\/{rel}","templated":true}]}}