{"id":3706,"date":"2026-01-28T07:27:17","date_gmt":"2026-01-28T07:27:17","guid":{"rendered":"https:\/\/carpathiacenter.ro\/?p=3706"},"modified":"2026-01-28T07:27:17","modified_gmt":"2026-01-28T07:27:17","slug":"de-ce-romania-nu-are-incineratoare-municipale-mari-precum-cele-din-centrul-si-nordul-europei-cum-au-reactionat-bulgarii-in-fata-construirii-unui-asemenea-incinerator","status":"publish","type":"post","link":"https:\/\/carpathiacenter.ro\/en\/de-ce-romania-nu-are-incineratoare-municipale-mari-precum-cele-din-centrul-si-nordul-europei-cum-au-reactionat-bulgarii-in-fata-construirii-unui-asemenea-incinerator\/","title":{"rendered":"De ce Rom\u00e2nia nu are incineratoare municipale mari precum cele din centrul \u0219i nordul Europei. Cum au reac\u021bionat bulgarii \u00een fa\u021ba construirii unui asemenea incinerator"},"content":{"rendered":"<p><strong>Spre deosebire de alte \u021b\u0103ri europene printre care Austria sau Danemarca, Rom\u00e2nia nu a construit niciun mare incinerator de de\u0219euri municipale care s\u0103 produc\u0103 energie, de\u0219i au existat planuri. \u201eMarea problem\u0103 este c\u0103 \u0219i dac\u0103 am avea un super incinerator modern, la noi s-ar arde \u00een el toate de\u0219eurile, inclusiv cele reciclabile\u201d, explic\u0103 pentru HotNews.ro, Dan Trifu, vicepre\u0219edinte al funda\u021biei Eco-Civica.<\/strong><\/p>\n<p>Bucure\u0219tiul a avut multe probleme cu apa cald\u0103 \u0219i c\u0103ldura \u00een aceast\u0103 iarn\u0103 \u0219i este nevoie de investi\u021bii mari \u00een sistemul de termoficare. Incineratoarele municipale sunt o solu\u021bie \u00een c\u00e2teva \u021b\u0103ri, \u00eens\u0103, dup\u0103 cum arat\u0103 exemplul Danemarcei, chiar \u0219i c\u00e2nd ai cea mai modern\u0103 instala\u021bie te love\u0219ti de dificult\u0103\u021bi, iar planurile g\u00e2ndite ini\u021bial ajung s\u0103 fie radical modificate \u00een c\u00e2\u021biva ani \u0219i apar critici.<\/p>\n<ul class=\"wp-block-list\">\n<li>Acest articol a fost realizat \u00een cadrul proiectului transfrontalier Pulse de Vlad Barz\u0103 (HotNews.ro), Zornitsa Lateva (Mediapool, Bulgaria), Manuel Escher (Der Standard, Austria) \u0219i Lena Kyriakidi (Efsyn, Grecia),<\/li>\n<\/ul>\n<h2 class=\"wp-block-heading\"><strong>\u201e\u00cen atmosfer\u0103 ar ajunge emisii extrem de nocive\u201d<\/strong><\/h2>\n<p>Incineratoarele municipale de de\u0219euri sunt instala\u021bii industriale care ard de\u0219eurile menajere (gunoiul produs \u00een ora\u0219e) la temperaturi foarte ridicate, pentru a reduce volumul acestora \u0219i, uneori, pentru a produce energie.<\/p>\n<p>C\u00e2teva \u021b\u0103ri europene, cum ar fi Austria, Suedia sau Germania, au incineratoare mari \u0219i moderne care produc energie termic\u0103 \u0219i uneori electric\u0103.<\/p>\n<p>Rom\u00e2nia nu de\u021bine incineratoare municipale mari care s\u0103 produc\u0103 simultan c\u0103ldur\u0103 \u0219i electricitate \u0219i care s\u0103 fie integrate \u00een sistemele de termoficare, a\u0219a cum se \u00eent\u00e2mpl\u0103 \u00een alte c\u00e2teva capitale UE.<\/p>\n<h2 class=\"wp-block-heading\">De ce nu avem astfel de instala\u021bii?<\/h2>\n<p>\u201eLa noi problema este c\u0103 at\u00e2t timp c\u00e2t nu colect\u0103m separat, vom avea tendin\u021ba s\u0103 ardem tot \u0219i \u2013 cum la noi nu prea se face mentenan\u021b\u0103 \u2013 acele filtre de la incinerator ar fi doar de form\u0103, iar \u00een atmosfer\u0103 ar ajunge emisii extrem de nocive pentru popula\u021bie\u201d, spune Dan Trifu, vicepre\u0219edinte al funda\u021biei Eco-Civica.<\/p>\n<p>Mai exact, marea problem\u0103, spune Trifu, este c\u0103 \u0219i dac\u0103 am avea un super incinerator modern, \u00een Rom\u00e2nia s-ar arde \u00een el toate de\u0219eurile, inclusiv cele reciclabile.<\/p>\n<p>Normal ar fi s\u0103 facem, dup\u0103 modelul din Austria sau Scandinavia, un incinerator \u00een care s\u0103 punem doar de\u0219euri municipale.\u00a0 \u201eLa noi este garantat c\u0103 un incinerator nu ar avea parte de mentenan\u021ba corespunz\u0103toare, mai ales c\u0103 \u00eentre\u021binerea cost\u0103 mult \u0219i diversele componente trebuie schimbate des. \u201eUn filtru are costuri enorme\u201d, spune activistul de mediu, care explic\u0103 faptul c\u0103 mai exist\u0103 o mare problem\u0103.<\/p>\n<p>\u201eNoi \u00eengrop\u0103m deja de\u0219euri reciclabile de cinci miliarde de euro\/an \u00een Rom\u00e2nia \u0219i, dac\u0103 am avea incineratoare am \u0219i arde de\u0219euri reciclabile, am \u00eengropa mai pu\u021bine, \u00eens\u0103 am arde \u00een compensa\u021bie \u00een incineratoarele respective. Asta este problema.\u201d<\/p>\n<h2 class=\"wp-block-heading\"><strong>De ce Bucure\u0219tiul nu are un mare incinerator municipal<\/strong><\/h2>\n<p>Dan Trifu a explicat de ce nu s-a construit un mare incinerator municipal la Bucure\u0219ti, de\u0219i planuri au fost \u0219i se f\u0103cuse \u0219i o list\u0103 scurt\u0103 cu posibile amplasamente. El spune c\u0103 erau fonduri insuficiente, dar proiectul nu s-a concretizat \u0219i din cauz\u0103 c\u0103 a fost o opozi\u021bie mare din partea organiza\u021biilor de mediu, dar \u0219i din partea unor cet\u0103\u021beni. Construirea unui incinerator ar \u00eensemna \u00eencurajarea lipsei colect\u0103rii separate a de\u0219eurilor, este de p\u0103rere activistul de mediu.<\/p>\n<p>\u201eAu contribuit foarte mult \u0219i protestele de atunci \u0219i articolele de pres\u0103, dar a contat \u0219i faptul c\u0103 autorit\u0103\u021bile din unele \u021b\u0103ri europene se g\u00e2ndeau la \u00eenchiderea incineratoarelor fiindc\u0103, a\u0219a cum se \u00eent\u00e2mpl\u0103 \u0219i \u00een Rom\u00e2nia, to\u021bi aveau tendin\u021ba de a duce totul la ardere \u0219i nu mai exista aceast\u0103 obliga\u021bie de a recicla c\u00e2t mai mult din de\u0219eurile respective\u201d.<\/p>\n<h2 class=\"wp-block-heading\"><strong>Scurta istorie a planului pentru incineratorul din Capital\u0103<\/strong><\/h2>\n<p>Ideea construirii \u00een Bucure\u0219ti a unui incinerator de de\u0219euri care s\u0103 produc\u0103 energie din arderea lor este veche de un deceniu. \u00cen 2015, Prim\u0103ria Bucure\u0219tiului propunea o \u201estrategie de salubritate\u201d care indica \u0219i necesitatea construirii unui incinerator de de\u0219euri.<\/p>\n<p><a href=\"https:\/\/hotnews.ro\/primaria-capitalei-va-construi-un-incinerator-de-deseuri-cu-o-capacitate-de-235-000-de-tone-pe-an-unde-va-fi-amplasat-ct-costa-si-cum-vom-ajunge-sa-depunem-la-groapa-doar-13-din-gunoiul-pro-304178\">Discu\u021bia a revenit \u00een for\u021b\u0103 \u00een 2019<\/a>, \u00eens\u0103 opozi\u021bia a fost puternic\u0103 \u0219i nimic nu s-a concretizat. Dup\u0103 cum scria HotNews.ro, \u00een Master \u2013 Planul adoptat \u00een vara lui 2019 de Consiliul General al Capitalei se propunea construirea unui incinerator cu o capacitate de 235.000 de tone pe an, instala\u021bie complex\u0103 care s\u0103 ard\u0103 de\u0219eurile ce ajungeau \u00een mod normal la groapa de gunoi. Investi\u021bia propus\u0103 era de 146 milioane euro.<\/p>\n<p>Pentru amplasarea incineratorului erau atunci propuse trei zone: Baza RATB Titan (strada Nicolae Teclu), CTE Progresu (strada Pogoanelor) \u0219i CTE Bucure\u0219ti Sud (strada Releului).<\/p>\n<p>Cel mai mare punctaj a fost ob\u021binut de CTE Progresu. Obiectivul proiectului era ca ponderea de\u0219eurilor generate de ora\u0219 \u0219i care ajung la groapa de gunoi s\u0103 scad\u0103 de la 73%, la numai 13%, se spunea \u00een propunerea din 2019.<\/p>\n<div id=\"billboard6\" class=\"inserted-position billboard-6 mobile\" data-google-query-id=\"CJ6y1KDarZIDFfLsDQkdlF0Pmw\">\n<h2 class=\"wp-block-heading\"><strong>C\u00e2te incineratoare de de\u0219euri sunt \u00een Rom\u00e2nia \u0219i cine le de\u021bine<\/strong><\/h2>\n<p>La acest moment, \u00een Rom\u00e2nia exist\u0103 un num\u0103r de 14 instala\u021bii de incinerare a de\u0219eurilor medicale periculoase \u0219i 24 instala\u021bii de incinerare a de\u0219eurilor periculoase altele dec\u00e2t cele medicale \u0219i de\u0219euri nepericuloase\u201d, au spus, \u00eentr-un r\u0103spuns pentru HotNews.ro, reprezentan\u021bii ANMAP (Agen\u021bia Na\u021bional\u0103 pentru Mediu \u0219i Arii Protejate).\u00a0<a href=\"https:\/\/anmap.gov.ro\/wp-content\/uploads\/2025\/10\/Inventarul-instalatiilor-de-incinerare-si-coincinerare-din-anul-2024.pdf\" target=\"_blank\" rel=\"noopener\">Aici<\/a>\u00a0pute\u021bi vedea lista cu instala\u021biile.<\/p>\n<p>Printre companiile mari care au astfel de instala\u021bii se num\u0103r\u0103 Apa Nova Bucure\u0219ti, Holcim Rom\u00e2nia, Antibiotice Ia\u0219i; HeidelbergCement \u0219i Vrancart Adjud.<\/p>\n<p>Pe site-ul agen\u021biei sunt descrise \u0219i diferen\u021bele dintre cele\u00a0<a href=\"https:\/\/anmap.gov.ro\/capitolul-iv-instalatii-de-incinerare-coincinerare\/\" target=\"_blank\" rel=\"noopener\">dou\u0103 tipuri mari<\/a>\u00a0de incineratoare de de\u0219euri.<\/p>\n<p>O instala\u021bie de incinerare este construit\u0103 pentru a elimina de\u0219eurile prin ardere sau alte tratamente termice, cu sau f\u0103r\u0103 recuperarea energiei. \u00cen cazul coinciner\u0103rii, obiectivul principal este producerea de energie sau fabricarea unor materiale, iar de\u0219eurile sunt folosite pe post de combustibil alternativ sau sunt tratate \u00een cadrul procesului tehnologic.<\/p>\n<\/div>\n<p>Incineratoare mari au \u00een special fabricile de ciment \u0219i mai exist\u0103 o serie de instala\u021bii de incinerare care de\u021bin autoriza\u021bii pentru a prelucra o gam\u0103 larg\u0103 de de\u0219euri (anvelope uzate, uleiuri, de\u0219euri municipale sortate, n\u0103moluri uleioase).<\/p>\n<h2 class=\"wp-block-heading\"><strong>Bulgaria a spus NU unui uria\u0219 incinerator la Sofia<\/strong><\/h2>\n<p>\u00cen Bulgaria exist\u0103 opt instala\u021bii de mari dimensiuni care ard de\u0219euri sub forma a\u0219a-numitului RDF (refuse-derived fuel \u2013 combustibil derivat din de\u0219euri), folosit \u00een principal \u00een marile fabrici de ciment din \u021bar\u0103. Toate sunt \u00een proprietate privat\u0103, noteaz\u0103 jurnali\u0219tii de la publica\u021bia Mediapool.<\/p>\n<p>Jurnali\u0219tii de la publica\u021bia Mediapool noteaz\u0103 c\u0103, un incinerator mare, pe baz\u0103 de RDF, fusese planificat pentru compania municipal\u0103 de termoficare din Sofia. Acesta era proiectat s\u0103 proceseze anual p\u00e2n\u0103 la 180.000 de tone de RDF, generate la sta\u021bia de tratare a de\u0219eurilor a ora\u0219ului.<\/p>\n<p>Noul incinerator \u2013 menit s\u0103 produc\u0103 at\u00e2t energie termic\u0103, c\u00e2t \u0219i electricitate \u2013 ar fi trebuit s\u0103 completeze sistemul de valorificare a de\u0219eurilor din Sofia \u0219i urma s\u0103 fie finan\u021bat de Uniunea European\u0103.<\/p>\n<p>Totu\u0219i, \u00eent\u00e2rzierile \u00een organizarea licita\u021biei au blocat construc\u021bia \u0219i au dus la pierderea finan\u021b\u0103rii europene. De-a lungul anilor, proiectul, situat aproape de centrul ora\u0219ului a fost puternic criticat, at\u00e2t de politicieni, c\u00e2t \u0219i de activi\u0219tii de mediu care avertizau c\u0103 o astfel de instala\u021bie ar cre\u0219te \u0219i mai mult poluarea aerului \u00een Sofia, mai noteaz\u0103 jurnali\u0219tii de la Mediapool.bg.<\/p>\n<p>Publica\u021bia Mediapool noteaz\u0103 c\u0103 autorit\u0103\u021bile locale au sus\u021binut \u00een repetate r\u00e2nduri c\u0103 tehnologia ar reduce la minim emisiile nocive, subliniind c\u0103 instala\u021bii similare func\u021bioneaz\u0103 \u00een alte \u021b\u0103ri europene. Ele afirmau, de asemenea, c\u0103 proiectul ar economisi milioane de euro la costurile de procesare a de\u0219eurilor \u0219i c\u0103 ar reduce dependen\u021ba de gazul natural.<\/p>\n<p>Planul a fost anulat definitiv de partidul care a c\u00e2\u0219tigat alegerile generale din Sofia \u00een 2023. Capitala bulgar\u0103 se confrunt\u0103 acum cu provocarea de a sc\u0103pa de de\u0219euri \u00een alt mod, pl\u0103tind anual peste 20 de milioane de leva (10 milioane de euro) pentru a le procesa \u00een fabrici de ciment \u0219i \u00een dou\u0103 termocentrale pe c\u0103rbune asociate cu un important om ce are afaceri \u00een domeniul energiei.<\/p>\n<p>Ecologi\u0219tii sus\u021bin c\u0103 arderea de\u0219eurilor municipale nu reduce cantitatea trimis\u0103 la gropile de gunoi \u0219i nu produce energie cu adev\u0103rat \u201everde\u201d, submin\u00e2nd reciclarea \u0219i prezent\u00e2nd riscuri pentru s\u0103n\u0103tate \u0219i mediu, noteaz\u0103 Mediapool.<\/p>\n<p><em><a href=\"https:\/\/hotnews.ro\/c\/actualitate\/proiect-pulse\">Proiectul PULSE<\/a>\u00a0este o ini\u021biativ\u0103 european\u0103 de promovare a parteneriatelor jurnalistice transfrontaliere, co-finan\u021bat\u0103 de Comisia European\u0103 (DG CONNECT) \u00een cadrul Ac\u021biunilor Multimedia prin acordul de grant LC-02772862.<\/em>\u00a0HotNews.ro colaboreaz\u0103 \u00een cadrul proiectului cu alte publica\u021bii prestigioase din Europa: Delfi (Lituania), Den\u00edk Referendum (Cehia), cel mai mare ziar austriac Der Standard (Austria), unele dintre cele mai mari publica\u021bii din Grecia \u2013 EFSYN, El Confidencial \u2013 Spania, cel mai mare ziar polonez Gazeta Wyborcza, cel mai vechi site analitic \u0219i informa\u021bional bulgar Mediapool, una dintre cele mai mari publica\u021bii independente maghiare HVG \u0219i ziar italian cu profil economic Il Sole 24 Ore, una dintre cele mai vechi \u0219i puternice publica\u021bii din Peninsul\u0103.<\/p>\n<p>Trei organiza\u021bii media transna\u021bionale de renume \u2013 OBCT (Italia), N-ost (Germania) \u0219i Voxeurop (Fran\u021ba) vor coordona activit\u0103\u021bile proiectului.<\/p>\n<p>Sursa articolului:  <a href=\"https:\/\/hotnews.ro\/de-ce-romania-nu-are-incineratoare-municipale-mari-precum-cele-din-centrul-si-nordul-europei-cum-au-reactionat-bulgarii-in-fata-construirii-unui-asemenea-incinerator-2156101\" target=\"_blank\" rel=\"noopener\" title=\"\">HotNews<\/a><\/p>","protected":false},"excerpt":{"rendered":"<p>Spre deosebire de alte \u021b\u0103ri europene printre care Austria sau Danemarca, Rom\u00e2nia nu a construit niciun mare incinerator de de\u0219euri municipale care s\u0103 produc\u0103 energie, de\u0219i au existat planuri. \u201eMarea problem\u0103 este c\u0103 \u0219i dac\u0103 am avea un super incinerator modern, la noi s-ar arde \u00een el toate de\u0219eurile, inclusiv cele reciclabile\u201d, explic\u0103 pentru HotNews.ro,&#8230;<\/p>","protected":false},"author":4,"featured_media":0,"comment_status":"open","ping_status":"open","sticky":false,"template":"","format":"standard","meta":{"footnotes":""},"categories":[1],"tags":[],"class_list":["post-3706","post","type-post","status-publish","format-standard","hentry","category-uncategorized"],"yoast_head":"<!-- This site is optimized with the Yoast SEO plugin v26.1.1 - https:\/\/yoast.com\/wordpress\/plugins\/seo\/ -->\n<title>De ce Rom\u00e2nia nu are incineratoare municipale mari precum cele din centrul \u0219i nordul Europei. Cum au reac\u021bionat bulgarii \u00een fa\u021ba construirii unui asemenea incinerator - Carpathia Center Romania<\/title>\n<meta name=\"robots\" content=\"index, follow, max-snippet:-1, max-image-preview:large, max-video-preview:-1\" \/>\n<link rel=\"canonical\" href=\"https:\/\/carpathiacenter.ro\/en\/de-ce-romania-nu-are-incineratoare-municipale-mari-precum-cele-din-centrul-si-nordul-europei-cum-au-reactionat-bulgarii-in-fata-construirii-unui-asemenea-incinerator\/\" \/>\n<meta property=\"og:locale\" content=\"en_GB\" \/>\n<meta property=\"og:type\" content=\"article\" \/>\n<meta property=\"og:title\" content=\"De ce Rom\u00e2nia nu are incineratoare municipale mari precum cele din centrul \u0219i nordul Europei. Cum au reac\u021bionat bulgarii \u00een fa\u021ba construirii unui asemenea incinerator - Carpathia Center Romania\" \/>\n<meta property=\"og:description\" content=\"Spre deosebire de alte \u021b\u0103ri europene printre care Austria sau Danemarca, Rom\u00e2nia nu a construit niciun mare incinerator de de\u0219euri municipale care s\u0103 produc\u0103 energie, de\u0219i au existat planuri. \u201eMarea problem\u0103 este c\u0103 \u0219i dac\u0103 am avea un super incinerator modern, la noi s-ar arde \u00een el toate de\u0219eurile, inclusiv cele reciclabile\u201d, explic\u0103 pentru HotNews.ro,...\" \/>\n<meta property=\"og:url\" content=\"https:\/\/carpathiacenter.ro\/en\/de-ce-romania-nu-are-incineratoare-municipale-mari-precum-cele-din-centrul-si-nordul-europei-cum-au-reactionat-bulgarii-in-fata-construirii-unui-asemenea-incinerator\/\" \/>\n<meta property=\"og:site_name\" content=\"Carpathia Center Romania\" \/>\n<meta property=\"article:publisher\" content=\"https:\/\/www.facebook.com\/fdpscarpathia\/\" \/>\n<meta property=\"article:published_time\" content=\"2026-01-28T07:27:17+00:00\" \/>\n<meta name=\"author\" content=\"creativebitsolutions\" \/>\n<meta name=\"twitter:card\" content=\"summary_large_image\" \/>\n<meta name=\"twitter:label1\" content=\"Written by\" \/>\n\t<meta name=\"twitter:data1\" content=\"creativebitsolutions\" \/>\n\t<meta name=\"twitter:label2\" content=\"Estimated reading time\" \/>\n\t<meta name=\"twitter:data2\" content=\"8 minutes\" \/>\n<script type=\"application\/ld+json\" class=\"yoast-schema-graph\">{\"@context\":\"https:\/\/schema.org\",\"@graph\":[{\"@type\":\"Article\",\"@id\":\"https:\/\/carpathiacenter.ro\/de-ce-romania-nu-are-incineratoare-municipale-mari-precum-cele-din-centrul-si-nordul-europei-cum-au-reactionat-bulgarii-in-fata-construirii-unui-asemenea-incinerator\/#article\",\"isPartOf\":{\"@id\":\"https:\/\/carpathiacenter.ro\/de-ce-romania-nu-are-incineratoare-municipale-mari-precum-cele-din-centrul-si-nordul-europei-cum-au-reactionat-bulgarii-in-fata-construirii-unui-asemenea-incinerator\/\"},\"author\":{\"name\":\"creativebitsolutions\",\"@id\":\"https:\/\/carpathiacenter.ro\/#\/schema\/person\/03d9f58202fee8379268f34afa195006\"},\"headline\":\"De ce Rom\u00e2nia nu are incineratoare municipale mari precum cele din centrul \u0219i nordul Europei. Cum au reac\u021bionat bulgarii \u00een fa\u021ba construirii unui asemenea incinerator\",\"datePublished\":\"2026-01-28T07:27:17+00:00\",\"mainEntityOfPage\":{\"@id\":\"https:\/\/carpathiacenter.ro\/de-ce-romania-nu-are-incineratoare-municipale-mari-precum-cele-din-centrul-si-nordul-europei-cum-au-reactionat-bulgarii-in-fata-construirii-unui-asemenea-incinerator\/\"},\"wordCount\":1615,\"commentCount\":0,\"publisher\":{\"@id\":\"https:\/\/carpathiacenter.ro\/#organization\"},\"articleSection\":[\"Uncategorized\"],\"inLanguage\":\"en-GB\",\"potentialAction\":[{\"@type\":\"CommentAction\",\"name\":\"Comment\",\"target\":[\"https:\/\/carpathiacenter.ro\/de-ce-romania-nu-are-incineratoare-municipale-mari-precum-cele-din-centrul-si-nordul-europei-cum-au-reactionat-bulgarii-in-fata-construirii-unui-asemenea-incinerator\/#respond\"]}]},{\"@type\":\"WebPage\",\"@id\":\"https:\/\/carpathiacenter.ro\/de-ce-romania-nu-are-incineratoare-municipale-mari-precum-cele-din-centrul-si-nordul-europei-cum-au-reactionat-bulgarii-in-fata-construirii-unui-asemenea-incinerator\/\",\"url\":\"https:\/\/carpathiacenter.ro\/de-ce-romania-nu-are-incineratoare-municipale-mari-precum-cele-din-centrul-si-nordul-europei-cum-au-reactionat-bulgarii-in-fata-construirii-unui-asemenea-incinerator\/\",\"name\":\"De ce Rom\u00e2nia nu are incineratoare municipale mari precum cele din centrul \u0219i nordul Europei. Cum au reac\u021bionat bulgarii \u00een fa\u021ba construirii unui asemenea incinerator - Carpathia Center Romania\",\"isPartOf\":{\"@id\":\"https:\/\/carpathiacenter.ro\/#website\"},\"datePublished\":\"2026-01-28T07:27:17+00:00\",\"breadcrumb\":{\"@id\":\"https:\/\/carpathiacenter.ro\/de-ce-romania-nu-are-incineratoare-municipale-mari-precum-cele-din-centrul-si-nordul-europei-cum-au-reactionat-bulgarii-in-fata-construirii-unui-asemenea-incinerator\/#breadcrumb\"},\"inLanguage\":\"en-GB\",\"potentialAction\":[{\"@type\":\"ReadAction\",\"target\":[\"https:\/\/carpathiacenter.ro\/de-ce-romania-nu-are-incineratoare-municipale-mari-precum-cele-din-centrul-si-nordul-europei-cum-au-reactionat-bulgarii-in-fata-construirii-unui-asemenea-incinerator\/\"]}]},{\"@type\":\"BreadcrumbList\",\"@id\":\"https:\/\/carpathiacenter.ro\/de-ce-romania-nu-are-incineratoare-municipale-mari-precum-cele-din-centrul-si-nordul-europei-cum-au-reactionat-bulgarii-in-fata-construirii-unui-asemenea-incinerator\/#breadcrumb\",\"itemListElement\":[{\"@type\":\"ListItem\",\"position\":1,\"name\":\"Prima pagin\u0103\",\"item\":\"https:\/\/carpathiacenter.ro\/\"},{\"@type\":\"ListItem\",\"position\":2,\"name\":\"De ce Rom\u00e2nia nu are incineratoare municipale mari precum cele din centrul \u0219i nordul Europei. Cum au reac\u021bionat bulgarii \u00een fa\u021ba construirii unui asemenea incinerator\"}]},{\"@type\":\"WebSite\",\"@id\":\"https:\/\/carpathiacenter.ro\/#website\",\"url\":\"https:\/\/carpathiacenter.ro\/\",\"name\":\"Carpathia Center Romania\",\"description\":\"Impossible made possible!\",\"publisher\":{\"@id\":\"https:\/\/carpathiacenter.ro\/#organization\"},\"potentialAction\":[{\"@type\":\"SearchAction\",\"target\":{\"@type\":\"EntryPoint\",\"urlTemplate\":\"https:\/\/carpathiacenter.ro\/?s={search_term_string}\"},\"query-input\":{\"@type\":\"PropertyValueSpecification\",\"valueRequired\":true,\"valueName\":\"search_term_string\"}}],\"inLanguage\":\"en-GB\"},{\"@type\":\"Organization\",\"@id\":\"https:\/\/carpathiacenter.ro\/#organization\",\"name\":\"Carpathia Center Romania\",\"url\":\"https:\/\/carpathiacenter.ro\/\",\"logo\":{\"@type\":\"ImageObject\",\"inLanguage\":\"en-GB\",\"@id\":\"https:\/\/carpathiacenter.ro\/#\/schema\/logo\/image\/\",\"url\":\"https:\/\/carpathiacenter.ro\/wp-content\/uploads\/2024\/07\/logo-carpathia_bg_white-1024x941.png\",\"contentUrl\":\"https:\/\/carpathiacenter.ro\/wp-content\/uploads\/2024\/07\/logo-carpathia_bg_white-1024x941.png\",\"width\":1024,\"height\":941,\"caption\":\"Carpathia Center Romania\"},\"image\":{\"@id\":\"https:\/\/carpathiacenter.ro\/#\/schema\/logo\/image\/\"},\"sameAs\":[\"https:\/\/www.facebook.com\/fdpscarpathia\/\"]},{\"@type\":\"Person\",\"@id\":\"https:\/\/carpathiacenter.ro\/#\/schema\/person\/03d9f58202fee8379268f34afa195006\",\"name\":\"creativebitsolutions\",\"image\":{\"@type\":\"ImageObject\",\"inLanguage\":\"en-GB\",\"@id\":\"https:\/\/carpathiacenter.ro\/#\/schema\/person\/image\/\",\"url\":\"https:\/\/secure.gravatar.com\/avatar\/1b1a13e37f847c635dab78348f1dff2f07651ee2a3d77a5c355a4b8c75f9165a?s=96&d=mm&r=g\",\"contentUrl\":\"https:\/\/secure.gravatar.com\/avatar\/1b1a13e37f847c635dab78348f1dff2f07651ee2a3d77a5c355a4b8c75f9165a?s=96&d=mm&r=g\",\"caption\":\"creativebitsolutions\"},\"url\":\"https:\/\/carpathiacenter.ro\/en\/author\/creativebitsolutions\/\"}]}<\/script>\n<!-- \/ Yoast SEO plugin. -->","yoast_head_json":{"title":"De ce Rom\u00e2nia nu are incineratoare municipale mari precum cele din centrul \u0219i nordul Europei. Cum au reac\u021bionat bulgarii \u00een fa\u021ba construirii unui asemenea incinerator - Carpathia Center Romania","robots":{"index":"index","follow":"follow","max-snippet":"max-snippet:-1","max-image-preview":"max-image-preview:large","max-video-preview":"max-video-preview:-1"},"canonical":"https:\/\/carpathiacenter.ro\/en\/de-ce-romania-nu-are-incineratoare-municipale-mari-precum-cele-din-centrul-si-nordul-europei-cum-au-reactionat-bulgarii-in-fata-construirii-unui-asemenea-incinerator\/","og_locale":"en_GB","og_type":"article","og_title":"De ce Rom\u00e2nia nu are incineratoare municipale mari precum cele din centrul \u0219i nordul Europei. Cum au reac\u021bionat bulgarii \u00een fa\u021ba construirii unui asemenea incinerator - Carpathia Center Romania","og_description":"Spre deosebire de alte \u021b\u0103ri europene printre care Austria sau Danemarca, Rom\u00e2nia nu a construit niciun mare incinerator de de\u0219euri municipale care s\u0103 produc\u0103 energie, de\u0219i au existat planuri. \u201eMarea problem\u0103 este c\u0103 \u0219i dac\u0103 am avea un super incinerator modern, la noi s-ar arde \u00een el toate de\u0219eurile, inclusiv cele reciclabile\u201d, explic\u0103 pentru HotNews.ro,...","og_url":"https:\/\/carpathiacenter.ro\/en\/de-ce-romania-nu-are-incineratoare-municipale-mari-precum-cele-din-centrul-si-nordul-europei-cum-au-reactionat-bulgarii-in-fata-construirii-unui-asemenea-incinerator\/","og_site_name":"Carpathia Center Romania","article_publisher":"https:\/\/www.facebook.com\/fdpscarpathia\/","article_published_time":"2026-01-28T07:27:17+00:00","author":"creativebitsolutions","twitter_card":"summary_large_image","twitter_misc":{"Written by":"creativebitsolutions","Estimated reading time":"8 minutes"},"schema":{"@context":"https:\/\/schema.org","@graph":[{"@type":"Article","@id":"https:\/\/carpathiacenter.ro\/de-ce-romania-nu-are-incineratoare-municipale-mari-precum-cele-din-centrul-si-nordul-europei-cum-au-reactionat-bulgarii-in-fata-construirii-unui-asemenea-incinerator\/#article","isPartOf":{"@id":"https:\/\/carpathiacenter.ro\/de-ce-romania-nu-are-incineratoare-municipale-mari-precum-cele-din-centrul-si-nordul-europei-cum-au-reactionat-bulgarii-in-fata-construirii-unui-asemenea-incinerator\/"},"author":{"name":"creativebitsolutions","@id":"https:\/\/carpathiacenter.ro\/#\/schema\/person\/03d9f58202fee8379268f34afa195006"},"headline":"De ce Rom\u00e2nia nu are incineratoare municipale mari precum cele din centrul \u0219i nordul Europei. Cum au reac\u021bionat bulgarii \u00een fa\u021ba construirii unui asemenea incinerator","datePublished":"2026-01-28T07:27:17+00:00","mainEntityOfPage":{"@id":"https:\/\/carpathiacenter.ro\/de-ce-romania-nu-are-incineratoare-municipale-mari-precum-cele-din-centrul-si-nordul-europei-cum-au-reactionat-bulgarii-in-fata-construirii-unui-asemenea-incinerator\/"},"wordCount":1615,"commentCount":0,"publisher":{"@id":"https:\/\/carpathiacenter.ro\/#organization"},"articleSection":["Uncategorized"],"inLanguage":"en-GB","potentialAction":[{"@type":"CommentAction","name":"Comment","target":["https:\/\/carpathiacenter.ro\/de-ce-romania-nu-are-incineratoare-municipale-mari-precum-cele-din-centrul-si-nordul-europei-cum-au-reactionat-bulgarii-in-fata-construirii-unui-asemenea-incinerator\/#respond"]}]},{"@type":"WebPage","@id":"https:\/\/carpathiacenter.ro\/de-ce-romania-nu-are-incineratoare-municipale-mari-precum-cele-din-centrul-si-nordul-europei-cum-au-reactionat-bulgarii-in-fata-construirii-unui-asemenea-incinerator\/","url":"https:\/\/carpathiacenter.ro\/de-ce-romania-nu-are-incineratoare-municipale-mari-precum-cele-din-centrul-si-nordul-europei-cum-au-reactionat-bulgarii-in-fata-construirii-unui-asemenea-incinerator\/","name":"De ce Rom\u00e2nia nu are incineratoare municipale mari precum cele din centrul \u0219i nordul Europei. Cum au reac\u021bionat bulgarii \u00een fa\u021ba construirii unui asemenea incinerator - Carpathia Center Romania","isPartOf":{"@id":"https:\/\/carpathiacenter.ro\/#website"},"datePublished":"2026-01-28T07:27:17+00:00","breadcrumb":{"@id":"https:\/\/carpathiacenter.ro\/de-ce-romania-nu-are-incineratoare-municipale-mari-precum-cele-din-centrul-si-nordul-europei-cum-au-reactionat-bulgarii-in-fata-construirii-unui-asemenea-incinerator\/#breadcrumb"},"inLanguage":"en-GB","potentialAction":[{"@type":"ReadAction","target":["https:\/\/carpathiacenter.ro\/de-ce-romania-nu-are-incineratoare-municipale-mari-precum-cele-din-centrul-si-nordul-europei-cum-au-reactionat-bulgarii-in-fata-construirii-unui-asemenea-incinerator\/"]}]},{"@type":"BreadcrumbList","@id":"https:\/\/carpathiacenter.ro\/de-ce-romania-nu-are-incineratoare-municipale-mari-precum-cele-din-centrul-si-nordul-europei-cum-au-reactionat-bulgarii-in-fata-construirii-unui-asemenea-incinerator\/#breadcrumb","itemListElement":[{"@type":"ListItem","position":1,"name":"Prima pagin\u0103","item":"https:\/\/carpathiacenter.ro\/"},{"@type":"ListItem","position":2,"name":"De ce Rom\u00e2nia nu are incineratoare municipale mari precum cele din centrul \u0219i nordul Europei. Cum au reac\u021bionat bulgarii \u00een fa\u021ba construirii unui asemenea incinerator"}]},{"@type":"WebSite","@id":"https:\/\/carpathiacenter.ro\/#website","url":"https:\/\/carpathiacenter.ro\/","name":"Carpathia Center Romania","description":"Impossible made possible!","publisher":{"@id":"https:\/\/carpathiacenter.ro\/#organization"},"potentialAction":[{"@type":"SearchAction","target":{"@type":"EntryPoint","urlTemplate":"https:\/\/carpathiacenter.ro\/?s={search_term_string}"},"query-input":{"@type":"PropertyValueSpecification","valueRequired":true,"valueName":"search_term_string"}}],"inLanguage":"en-GB"},{"@type":"Organization","@id":"https:\/\/carpathiacenter.ro\/#organization","name":"Carpathia Center Romania","url":"https:\/\/carpathiacenter.ro\/","logo":{"@type":"ImageObject","inLanguage":"en-GB","@id":"https:\/\/carpathiacenter.ro\/#\/schema\/logo\/image\/","url":"https:\/\/carpathiacenter.ro\/wp-content\/uploads\/2024\/07\/logo-carpathia_bg_white-1024x941.png","contentUrl":"https:\/\/carpathiacenter.ro\/wp-content\/uploads\/2024\/07\/logo-carpathia_bg_white-1024x941.png","width":1024,"height":941,"caption":"Carpathia Center Romania"},"image":{"@id":"https:\/\/carpathiacenter.ro\/#\/schema\/logo\/image\/"},"sameAs":["https:\/\/www.facebook.com\/fdpscarpathia\/"]},{"@type":"Person","@id":"https:\/\/carpathiacenter.ro\/#\/schema\/person\/03d9f58202fee8379268f34afa195006","name":"creativebitsolutions","image":{"@type":"ImageObject","inLanguage":"en-GB","@id":"https:\/\/carpathiacenter.ro\/#\/schema\/person\/image\/","url":"https:\/\/secure.gravatar.com\/avatar\/1b1a13e37f847c635dab78348f1dff2f07651ee2a3d77a5c355a4b8c75f9165a?s=96&d=mm&r=g","contentUrl":"https:\/\/secure.gravatar.com\/avatar\/1b1a13e37f847c635dab78348f1dff2f07651ee2a3d77a5c355a4b8c75f9165a?s=96&d=mm&r=g","caption":"creativebitsolutions"},"url":"https:\/\/carpathiacenter.ro\/en\/author\/creativebitsolutions\/"}]}},"_links":{"self":[{"href":"https:\/\/carpathiacenter.ro\/en\/wp-json\/wp\/v2\/posts\/3706","targetHints":{"allow":["GET"]}}],"collection":[{"href":"https:\/\/carpathiacenter.ro\/en\/wp-json\/wp\/v2\/posts"}],"about":[{"href":"https:\/\/carpathiacenter.ro\/en\/wp-json\/wp\/v2\/types\/post"}],"author":[{"embeddable":true,"href":"https:\/\/carpathiacenter.ro\/en\/wp-json\/wp\/v2\/users\/4"}],"replies":[{"embeddable":true,"href":"https:\/\/carpathiacenter.ro\/en\/wp-json\/wp\/v2\/comments?post=3706"}],"version-history":[{"count":1,"href":"https:\/\/carpathiacenter.ro\/en\/wp-json\/wp\/v2\/posts\/3706\/revisions"}],"predecessor-version":[{"id":3711,"href":"https:\/\/carpathiacenter.ro\/en\/wp-json\/wp\/v2\/posts\/3706\/revisions\/3711"}],"wp:attachment":[{"href":"https:\/\/carpathiacenter.ro\/en\/wp-json\/wp\/v2\/media?parent=3706"}],"wp:term":[{"taxonomy":"category","embeddable":true,"href":"https:\/\/carpathiacenter.ro\/en\/wp-json\/wp\/v2\/categories?post=3706"},{"taxonomy":"post_tag","embeddable":true,"href":"https:\/\/carpathiacenter.ro\/en\/wp-json\/wp\/v2\/tags?post=3706"}],"curies":[{"name":"wp","href":"https:\/\/api.w.org\/{rel}","templated":true}]}}