{"id":3697,"date":"2026-01-27T08:52:44","date_gmt":"2026-01-27T08:52:44","guid":{"rendered":"https:\/\/carpathiacenter.ro\/?p=3697"},"modified":"2026-01-27T08:52:44","modified_gmt":"2026-01-27T08:52:44","slug":"europenii-sunt-pesimisti-cam-in-toate-privintele-iar-romania-conduce-in-topul-pesimismului","status":"publish","type":"post","link":"https:\/\/carpathiacenter.ro\/en\/europenii-sunt-pesimisti-cam-in-toate-privintele-iar-romania-conduce-in-topul-pesimismului\/","title":{"rendered":"Europenii sunt pesimi\u0219ti cam \u00een toate privin\u021bele. Iar Rom\u00e2nia conduce \u00een topul pesimismului"},"content":{"rendered":"<p><strong>Aproape dou\u0103 treimi din responden\u021bi au spus c\u0103 \u201ecei mai buni ani i-am l\u0103sat \u00een urm\u0103\u201d (63%), iar 77% cred c\u0103 via\u021ba \u00een \u021bara lor \u201eva fi mai dificil\u0103 pentru urm\u0103toarea genera\u021bie\u201d, potrivit unui sondaj realizat de firma de comunicare strategic\u0103 FGS Global\u00a0<a href=\"https:\/\/www.politico.eu\/article\/europeans-gloomy-everything-world-donald-trump\/\" target=\"_blank\" rel=\"noopener\" data-type=\"link\" data-id=\"https:\/\/www.politico.eu\/article\/europeans-gloomy-everything-world-donald-trump\/\">\u00een exclusivitate pentru POLITICO<\/a>, care a intervievat \u00een noiembrie peste 11.000 de cet\u0103\u021beni din 23 de \u021b\u0103ri UE.<\/strong><\/p>\n<p>Starea de spirit sumbr\u0103 predomin\u0103 \u00een Europa de Vest \u0219i Central\u0103. Majoritatea europenilor (76%) au declarat c\u0103 democra\u021bia din \u021bara lor e \u00een declin.<\/p>\n<div id=\"billboard2\" class=\"inserted-position billboard-2\"><\/div>\n<p>Sondajul eviden\u021biaz\u0103 \u00eengrijor\u0103ri larg r\u0103sp\u00e2ndite cu privire la starea democra\u021biilor europene \u0219i capacitatea guvernelor de a face fa\u021b\u0103 provoc\u0103rilor, printre care r\u0103zboiul de pe flancul estic al continentului, incertitudinea economic\u0103 \u0219i geopolitic\u0103, precum \u0219i fric\u021biunile tot mai mari cu Washingtonul.<\/p>\n<p>Chiar mai \u00eenainte ca pre\u0219edintele SUA s\u0103 declare c\u0103 vrea s\u0103 preia Groenlanda, o mare majoritate a europenilor \u00eel considerau o for\u021b\u0103 negativ\u0103 \u00een raport cu pacea, \u021bara lor \u0219i economia global\u0103.<\/p>\n<p>\u201eE clar c\u0103 exist\u0103 un grad foarte, foarte ridicat de pesimism\u201d, a declarat Craig Oliver, co-director global de strategie la FGS Global \u0219i fost consilier de comunicare al fostului premier britanic David Cameron.<\/p>\n<div id=\"billboard3\" class=\"inserted-position billboard-3\"><\/div>\n<p>De\u0219i guvernele ar trebui s\u0103 fie atente la aceast\u0103 stare de spirit, ele pot de asemenea \u00eencerca s\u0103 o valorifice, a ad\u0103ugat el: \u201eIstoric vorbind, acestea sunt momentele \u00een care pot ap\u0103rea schimb\u0103ri \u0219i \u00eembun\u0103t\u0103\u021biri, c\u00e2nd oamenii sunt pesimi\u0219ti\u201d.<\/p>\n<h2 class=\"wp-block-heading\">Mesajul europenilor pentru guvernele lor: Se poate \u0219i mai bine<\/h2>\n<p>\u00cen aproape fiecare \u021bar\u0103 inclus\u0103 \u00een sondaj o majoritate crede c\u0103 \u021bara se \u00eendreapt\u0103 \u00eentr-o direc\u021bie gre\u0219it\u0103. Excep\u021biile sunt Polonia, Lituania \u0219i Danemarca \u2014 chiar dac\u0103 sunt printre cele mai expuse Rusiei sau, \u00een cazul Danemarcei, presiunii SUA din cauza Groenlandei.<\/p>\n<p>Oliver a atribuit aceast\u0103 divergen\u021b\u0103 modului \u00een care sunt guvernate \u021b\u0103rile. \u201eExist\u0103 \u021b\u0103ri unde oamenii simt c\u0103 exist\u0103 ini\u021biativ\u0103, schimbare \u0219i c\u0103 lucrurile sunt gestionate\u201d, a declarat el. \u201eOamenii simt profund nevoia unei conduceri; vor claritate din partea guvernelor.\u201d<\/p>\n<div id=\"billboard4\" class=\"inserted-position billboard-4 mobile\"><\/div>\n<p>Sondajul \u00eenseamn\u0103 ve\u0219ti proaste pentru majoritatea guvernelor, dezv\u0103luind o \u00eencredere public\u0103 sc\u0103zut\u0103 \u00een sistemele politice \u0219i scepticism cu privire la capacitatea lor de a func\u021biona eficient.<\/p>\n<p>Pu\u0219i s\u0103 aleag\u0103 \u00eentre dou\u0103 afirma\u021bii opuse, cel pu\u021bin jum\u0103tate dintre responden\u021bi au spus c\u0103 sistemul lor politic \u201enu serve\u0219te oamenii \u0219i are nevoie de reform\u0103 fundamental\u0103\u201d, \u00een loc de \u201efunc\u021bioneaz\u0103 destul de bine \u0219i nu necesit\u0103 reforme semnificative\u201d.<\/p>\n<p>\u021a\u0103rile nordice, de obicei mai pu\u021bin pesimiste, au avut cele mai optimiste rezultate. Opiniile negative au fost mai ridicate \u00een Rom\u00e2nia (91%), Grecia (88%) \u0219i Bulgaria (86%).<\/p>\n<p>\u00cen toate \u021b\u0103rile peste 70% din responden\u021bi consider\u0103 c\u0103 \u201eau dreptul s\u0103 aib\u0103 a\u0219tept\u0103ri mai mari de la guvern\u201d, iar nu c\u0103 ar avea a\u0219tept\u0103ri prea mari.<\/p>\n<div id=\"billboard5\" class=\"inserted-position billboard-5 mobile\"><\/div>\n<h2 class=\"wp-block-heading\">Se dore\u0219te: O ap\u0103rare solid\u0103<\/h2>\n<p>Av\u00e2nd \u00een vedere numeroasele provoc\u0103ri cu care se confrunt\u0103 continentul, europenii \u00ee\u0219i doresc conduc\u0103tori mai activi \u2013 \u0219i mai competen\u021bi.<\/p>\n<p>\u00centreba\u021bi dac\u0103 sunt de acord ca \u021b\u0103rile lor \u201es\u0103 fie mai ferme \u00een afirmarea intereselor na\u021bionale, chiar dac\u0103 acest lucru creeaz\u0103 fric\u021biuni cu alte \u021b\u0103ri\u201d, o mare majoritate a aprobat (71%).<\/p>\n<p>Responden\u021bii au sus\u021binut de asemenea m\u0103rirea investi\u021biilor \u00een securitatea european\u0103, 57% fiind \u00een favoarea \u201emajor\u0103rii cheltuielilor de ap\u0103rare \u0219i securitate\u201d.<\/p>\n<div id=\"billboard6\" class=\"inserted-position billboard-6 mobile\"><\/div>\n<h2 class=\"wp-block-heading\">Efectul Trump<\/h2>\n<p>De\u0219i sondajul a fost realizat \u00eenaintea ultimului val de ostilitate din partea lui Trump, pre\u0219edintele SUA era deja perceput ca o for\u021b\u0103 negativ\u0103.<\/p>\n<p>Alte sondaje au ar\u0103tat c\u0103 Trump e nepopular pe continent, chiar \u0219i printre sus\u021bin\u0103torii partidelor populiste de dreapta pe care el le vede drept alia\u021bi.<\/p>\n<p>Aproximativ dou\u0103 treimi din responden\u021bi au spus c\u0103 sunt pesimi\u0219ti cu privire la impactul lui Trump asupra economiei globale \u00een 2026 (69%), p\u0103cii \u0219i securit\u0103\u021bii (64%) \u0219i propriei \u021b\u0103ri (64%).<\/p>\n<p>\u00centreba\u021bi dac\u0103 Trump merit\u0103 Premiul Nobel, 77% au r\u0103spuns c\u0103 nu.<\/p>\n<div id=\"billboard7\" class=\"inserted-position billboard-7 mobile\"><\/div>\n<p>FGS a intervievat 11.714 adul\u021bi din 23 de \u021b\u0103ri UE \u00eentre 10 \u0219i 23 noiembrie 2025. Un minim de 500 de interviuri au fost realizate \u00een fiecare dintre urm\u0103toarele \u021b\u0103ri: Austria, Belgia, Bulgaria, Croa\u021bia, Cehia, Danemarca, Finlanda, Fran\u021ba, Germania, Grecia, Ungaria, Irlanda, Italia, Letonia, Lituania, \u021a\u0103rile de Jos, Polonia, Portugalia, Rom\u00e2nia, Slovacia, Slovenia, Spania \u0219i Suedia. Interviurile au fost efectuate online, iar datele au fost ponderate pentru a fi reprezentative la nivel na\u021bional pentru fiecare \u021bar\u0103 \u00een func\u021bie de sex, v\u00e2rst\u0103, venit, regiune \u0219i grup socio-economic. Datele ob\u021binute dintr-un sondaj reprezentativ na\u021bional de 500 de adul\u021bi au o marj\u0103 de eroare de +\/-4,4% la un interval de \u00eencredere de 95%.<\/p>\n<p><em>Material realizat cu sprijinul Rador Radio Rom\u00e2nia<\/em><\/p>\n<p>Sursa articolului:  <a href=\"https:\/\/hotnews.ro\/europenii-sunt-pesimisti-cam-in-toate-privintele-iar-romania-conduce-in-topul-pesimismului-2157789\" target=\"_blank\" rel=\"noopener\" title=\"\">HotNews<\/a><\/p>","protected":false},"excerpt":{"rendered":"<p>Aproape dou\u0103 treimi din responden\u021bi au spus c\u0103 \u201ecei mai buni ani i-am l\u0103sat \u00een urm\u0103\u201d (63%), iar 77% cred c\u0103 via\u021ba \u00een \u021bara lor \u201eva fi mai dificil\u0103 pentru urm\u0103toarea genera\u021bie\u201d, potrivit unui sondaj realizat de firma de comunicare strategic\u0103 FGS Global\u00a0\u00een exclusivitate pentru POLITICO, care a intervievat \u00een noiembrie peste 11.000 de cet\u0103\u021beni&#8230;<\/p>","protected":false},"author":4,"featured_media":0,"comment_status":"open","ping_status":"open","sticky":false,"template":"","format":"standard","meta":{"footnotes":""},"categories":[1],"tags":[],"class_list":["post-3697","post","type-post","status-publish","format-standard","hentry","category-uncategorized"],"yoast_head":"<!-- This site is optimized with the Yoast SEO plugin v26.1.1 - https:\/\/yoast.com\/wordpress\/plugins\/seo\/ -->\n<title>Europenii sunt pesimi\u0219ti cam \u00een toate privin\u021bele. Iar Rom\u00e2nia conduce \u00een topul pesimismului - Carpathia Center Romania<\/title>\n<meta name=\"robots\" content=\"index, follow, max-snippet:-1, max-image-preview:large, max-video-preview:-1\" \/>\n<link rel=\"canonical\" href=\"https:\/\/carpathiacenter.ro\/en\/europenii-sunt-pesimisti-cam-in-toate-privintele-iar-romania-conduce-in-topul-pesimismului\/\" \/>\n<meta property=\"og:locale\" content=\"en_GB\" \/>\n<meta property=\"og:type\" content=\"article\" \/>\n<meta property=\"og:title\" content=\"Europenii sunt pesimi\u0219ti cam \u00een toate privin\u021bele. Iar Rom\u00e2nia conduce \u00een topul pesimismului - Carpathia Center Romania\" \/>\n<meta property=\"og:description\" content=\"Aproape dou\u0103 treimi din responden\u021bi au spus c\u0103 \u201ecei mai buni ani i-am l\u0103sat \u00een urm\u0103\u201d (63%), iar 77% cred c\u0103 via\u021ba \u00een \u021bara lor \u201eva fi mai dificil\u0103 pentru urm\u0103toarea genera\u021bie\u201d, potrivit unui sondaj realizat de firma de comunicare strategic\u0103 FGS Global\u00a0\u00een exclusivitate pentru POLITICO, care a intervievat \u00een noiembrie peste 11.000 de cet\u0103\u021beni...\" \/>\n<meta property=\"og:url\" content=\"https:\/\/carpathiacenter.ro\/en\/europenii-sunt-pesimisti-cam-in-toate-privintele-iar-romania-conduce-in-topul-pesimismului\/\" \/>\n<meta property=\"og:site_name\" content=\"Carpathia Center Romania\" \/>\n<meta property=\"article:publisher\" content=\"https:\/\/www.facebook.com\/fdpscarpathia\/\" \/>\n<meta property=\"article:published_time\" content=\"2026-01-27T08:52:44+00:00\" \/>\n<meta name=\"author\" content=\"creativebitsolutions\" \/>\n<meta name=\"twitter:card\" content=\"summary_large_image\" \/>\n<meta name=\"twitter:label1\" content=\"Written by\" \/>\n\t<meta name=\"twitter:data1\" content=\"creativebitsolutions\" \/>\n\t<meta name=\"twitter:label2\" content=\"Estimated reading time\" \/>\n\t<meta name=\"twitter:data2\" content=\"4 minutes\" \/>\n<script type=\"application\/ld+json\" class=\"yoast-schema-graph\">{\"@context\":\"https:\/\/schema.org\",\"@graph\":[{\"@type\":\"Article\",\"@id\":\"https:\/\/carpathiacenter.ro\/europenii-sunt-pesimisti-cam-in-toate-privintele-iar-romania-conduce-in-topul-pesimismului\/#article\",\"isPartOf\":{\"@id\":\"https:\/\/carpathiacenter.ro\/europenii-sunt-pesimisti-cam-in-toate-privintele-iar-romania-conduce-in-topul-pesimismului\/\"},\"author\":{\"name\":\"creativebitsolutions\",\"@id\":\"https:\/\/carpathiacenter.ro\/#\/schema\/person\/03d9f58202fee8379268f34afa195006\"},\"headline\":\"Europenii sunt pesimi\u0219ti cam \u00een toate privin\u021bele. Iar Rom\u00e2nia conduce \u00een topul pesimismului\",\"datePublished\":\"2026-01-27T08:52:44+00:00\",\"mainEntityOfPage\":{\"@id\":\"https:\/\/carpathiacenter.ro\/europenii-sunt-pesimisti-cam-in-toate-privintele-iar-romania-conduce-in-topul-pesimismului\/\"},\"wordCount\":800,\"commentCount\":0,\"publisher\":{\"@id\":\"https:\/\/carpathiacenter.ro\/#organization\"},\"articleSection\":[\"Uncategorized\"],\"inLanguage\":\"en-GB\",\"potentialAction\":[{\"@type\":\"CommentAction\",\"name\":\"Comment\",\"target\":[\"https:\/\/carpathiacenter.ro\/europenii-sunt-pesimisti-cam-in-toate-privintele-iar-romania-conduce-in-topul-pesimismului\/#respond\"]}]},{\"@type\":\"WebPage\",\"@id\":\"https:\/\/carpathiacenter.ro\/europenii-sunt-pesimisti-cam-in-toate-privintele-iar-romania-conduce-in-topul-pesimismului\/\",\"url\":\"https:\/\/carpathiacenter.ro\/europenii-sunt-pesimisti-cam-in-toate-privintele-iar-romania-conduce-in-topul-pesimismului\/\",\"name\":\"Europenii sunt pesimi\u0219ti cam \u00een toate privin\u021bele. Iar Rom\u00e2nia conduce \u00een topul pesimismului - Carpathia Center Romania\",\"isPartOf\":{\"@id\":\"https:\/\/carpathiacenter.ro\/#website\"},\"datePublished\":\"2026-01-27T08:52:44+00:00\",\"breadcrumb\":{\"@id\":\"https:\/\/carpathiacenter.ro\/europenii-sunt-pesimisti-cam-in-toate-privintele-iar-romania-conduce-in-topul-pesimismului\/#breadcrumb\"},\"inLanguage\":\"en-GB\",\"potentialAction\":[{\"@type\":\"ReadAction\",\"target\":[\"https:\/\/carpathiacenter.ro\/europenii-sunt-pesimisti-cam-in-toate-privintele-iar-romania-conduce-in-topul-pesimismului\/\"]}]},{\"@type\":\"BreadcrumbList\",\"@id\":\"https:\/\/carpathiacenter.ro\/europenii-sunt-pesimisti-cam-in-toate-privintele-iar-romania-conduce-in-topul-pesimismului\/#breadcrumb\",\"itemListElement\":[{\"@type\":\"ListItem\",\"position\":1,\"name\":\"Prima pagin\u0103\",\"item\":\"https:\/\/carpathiacenter.ro\/\"},{\"@type\":\"ListItem\",\"position\":2,\"name\":\"Europenii sunt pesimi\u0219ti cam \u00een toate privin\u021bele. Iar Rom\u00e2nia conduce \u00een topul pesimismului\"}]},{\"@type\":\"WebSite\",\"@id\":\"https:\/\/carpathiacenter.ro\/#website\",\"url\":\"https:\/\/carpathiacenter.ro\/\",\"name\":\"Carpathia Center Romania\",\"description\":\"Impossible made possible!\",\"publisher\":{\"@id\":\"https:\/\/carpathiacenter.ro\/#organization\"},\"potentialAction\":[{\"@type\":\"SearchAction\",\"target\":{\"@type\":\"EntryPoint\",\"urlTemplate\":\"https:\/\/carpathiacenter.ro\/?s={search_term_string}\"},\"query-input\":{\"@type\":\"PropertyValueSpecification\",\"valueRequired\":true,\"valueName\":\"search_term_string\"}}],\"inLanguage\":\"en-GB\"},{\"@type\":\"Organization\",\"@id\":\"https:\/\/carpathiacenter.ro\/#organization\",\"name\":\"Carpathia Center Romania\",\"url\":\"https:\/\/carpathiacenter.ro\/\",\"logo\":{\"@type\":\"ImageObject\",\"inLanguage\":\"en-GB\",\"@id\":\"https:\/\/carpathiacenter.ro\/#\/schema\/logo\/image\/\",\"url\":\"https:\/\/carpathiacenter.ro\/wp-content\/uploads\/2024\/07\/logo-carpathia_bg_white-1024x941.png\",\"contentUrl\":\"https:\/\/carpathiacenter.ro\/wp-content\/uploads\/2024\/07\/logo-carpathia_bg_white-1024x941.png\",\"width\":1024,\"height\":941,\"caption\":\"Carpathia Center Romania\"},\"image\":{\"@id\":\"https:\/\/carpathiacenter.ro\/#\/schema\/logo\/image\/\"},\"sameAs\":[\"https:\/\/www.facebook.com\/fdpscarpathia\/\"]},{\"@type\":\"Person\",\"@id\":\"https:\/\/carpathiacenter.ro\/#\/schema\/person\/03d9f58202fee8379268f34afa195006\",\"name\":\"creativebitsolutions\",\"image\":{\"@type\":\"ImageObject\",\"inLanguage\":\"en-GB\",\"@id\":\"https:\/\/carpathiacenter.ro\/#\/schema\/person\/image\/\",\"url\":\"https:\/\/secure.gravatar.com\/avatar\/1b1a13e37f847c635dab78348f1dff2f07651ee2a3d77a5c355a4b8c75f9165a?s=96&d=mm&r=g\",\"contentUrl\":\"https:\/\/secure.gravatar.com\/avatar\/1b1a13e37f847c635dab78348f1dff2f07651ee2a3d77a5c355a4b8c75f9165a?s=96&d=mm&r=g\",\"caption\":\"creativebitsolutions\"},\"url\":\"https:\/\/carpathiacenter.ro\/en\/author\/creativebitsolutions\/\"}]}<\/script>\n<!-- \/ Yoast SEO plugin. -->","yoast_head_json":{"title":"Europenii sunt pesimi\u0219ti cam \u00een toate privin\u021bele. Iar Rom\u00e2nia conduce \u00een topul pesimismului - Carpathia Center Romania","robots":{"index":"index","follow":"follow","max-snippet":"max-snippet:-1","max-image-preview":"max-image-preview:large","max-video-preview":"max-video-preview:-1"},"canonical":"https:\/\/carpathiacenter.ro\/en\/europenii-sunt-pesimisti-cam-in-toate-privintele-iar-romania-conduce-in-topul-pesimismului\/","og_locale":"en_GB","og_type":"article","og_title":"Europenii sunt pesimi\u0219ti cam \u00een toate privin\u021bele. Iar Rom\u00e2nia conduce \u00een topul pesimismului - Carpathia Center Romania","og_description":"Aproape dou\u0103 treimi din responden\u021bi au spus c\u0103 \u201ecei mai buni ani i-am l\u0103sat \u00een urm\u0103\u201d (63%), iar 77% cred c\u0103 via\u021ba \u00een \u021bara lor \u201eva fi mai dificil\u0103 pentru urm\u0103toarea genera\u021bie\u201d, potrivit unui sondaj realizat de firma de comunicare strategic\u0103 FGS Global\u00a0\u00een exclusivitate pentru POLITICO, care a intervievat \u00een noiembrie peste 11.000 de cet\u0103\u021beni...","og_url":"https:\/\/carpathiacenter.ro\/en\/europenii-sunt-pesimisti-cam-in-toate-privintele-iar-romania-conduce-in-topul-pesimismului\/","og_site_name":"Carpathia Center Romania","article_publisher":"https:\/\/www.facebook.com\/fdpscarpathia\/","article_published_time":"2026-01-27T08:52:44+00:00","author":"creativebitsolutions","twitter_card":"summary_large_image","twitter_misc":{"Written by":"creativebitsolutions","Estimated reading time":"4 minutes"},"schema":{"@context":"https:\/\/schema.org","@graph":[{"@type":"Article","@id":"https:\/\/carpathiacenter.ro\/europenii-sunt-pesimisti-cam-in-toate-privintele-iar-romania-conduce-in-topul-pesimismului\/#article","isPartOf":{"@id":"https:\/\/carpathiacenter.ro\/europenii-sunt-pesimisti-cam-in-toate-privintele-iar-romania-conduce-in-topul-pesimismului\/"},"author":{"name":"creativebitsolutions","@id":"https:\/\/carpathiacenter.ro\/#\/schema\/person\/03d9f58202fee8379268f34afa195006"},"headline":"Europenii sunt pesimi\u0219ti cam \u00een toate privin\u021bele. Iar Rom\u00e2nia conduce \u00een topul pesimismului","datePublished":"2026-01-27T08:52:44+00:00","mainEntityOfPage":{"@id":"https:\/\/carpathiacenter.ro\/europenii-sunt-pesimisti-cam-in-toate-privintele-iar-romania-conduce-in-topul-pesimismului\/"},"wordCount":800,"commentCount":0,"publisher":{"@id":"https:\/\/carpathiacenter.ro\/#organization"},"articleSection":["Uncategorized"],"inLanguage":"en-GB","potentialAction":[{"@type":"CommentAction","name":"Comment","target":["https:\/\/carpathiacenter.ro\/europenii-sunt-pesimisti-cam-in-toate-privintele-iar-romania-conduce-in-topul-pesimismului\/#respond"]}]},{"@type":"WebPage","@id":"https:\/\/carpathiacenter.ro\/europenii-sunt-pesimisti-cam-in-toate-privintele-iar-romania-conduce-in-topul-pesimismului\/","url":"https:\/\/carpathiacenter.ro\/europenii-sunt-pesimisti-cam-in-toate-privintele-iar-romania-conduce-in-topul-pesimismului\/","name":"Europenii sunt pesimi\u0219ti cam \u00een toate privin\u021bele. Iar Rom\u00e2nia conduce \u00een topul pesimismului - Carpathia Center Romania","isPartOf":{"@id":"https:\/\/carpathiacenter.ro\/#website"},"datePublished":"2026-01-27T08:52:44+00:00","breadcrumb":{"@id":"https:\/\/carpathiacenter.ro\/europenii-sunt-pesimisti-cam-in-toate-privintele-iar-romania-conduce-in-topul-pesimismului\/#breadcrumb"},"inLanguage":"en-GB","potentialAction":[{"@type":"ReadAction","target":["https:\/\/carpathiacenter.ro\/europenii-sunt-pesimisti-cam-in-toate-privintele-iar-romania-conduce-in-topul-pesimismului\/"]}]},{"@type":"BreadcrumbList","@id":"https:\/\/carpathiacenter.ro\/europenii-sunt-pesimisti-cam-in-toate-privintele-iar-romania-conduce-in-topul-pesimismului\/#breadcrumb","itemListElement":[{"@type":"ListItem","position":1,"name":"Prima pagin\u0103","item":"https:\/\/carpathiacenter.ro\/"},{"@type":"ListItem","position":2,"name":"Europenii sunt pesimi\u0219ti cam \u00een toate privin\u021bele. Iar Rom\u00e2nia conduce \u00een topul pesimismului"}]},{"@type":"WebSite","@id":"https:\/\/carpathiacenter.ro\/#website","url":"https:\/\/carpathiacenter.ro\/","name":"Carpathia Center Romania","description":"Impossible made possible!","publisher":{"@id":"https:\/\/carpathiacenter.ro\/#organization"},"potentialAction":[{"@type":"SearchAction","target":{"@type":"EntryPoint","urlTemplate":"https:\/\/carpathiacenter.ro\/?s={search_term_string}"},"query-input":{"@type":"PropertyValueSpecification","valueRequired":true,"valueName":"search_term_string"}}],"inLanguage":"en-GB"},{"@type":"Organization","@id":"https:\/\/carpathiacenter.ro\/#organization","name":"Carpathia Center Romania","url":"https:\/\/carpathiacenter.ro\/","logo":{"@type":"ImageObject","inLanguage":"en-GB","@id":"https:\/\/carpathiacenter.ro\/#\/schema\/logo\/image\/","url":"https:\/\/carpathiacenter.ro\/wp-content\/uploads\/2024\/07\/logo-carpathia_bg_white-1024x941.png","contentUrl":"https:\/\/carpathiacenter.ro\/wp-content\/uploads\/2024\/07\/logo-carpathia_bg_white-1024x941.png","width":1024,"height":941,"caption":"Carpathia Center Romania"},"image":{"@id":"https:\/\/carpathiacenter.ro\/#\/schema\/logo\/image\/"},"sameAs":["https:\/\/www.facebook.com\/fdpscarpathia\/"]},{"@type":"Person","@id":"https:\/\/carpathiacenter.ro\/#\/schema\/person\/03d9f58202fee8379268f34afa195006","name":"creativebitsolutions","image":{"@type":"ImageObject","inLanguage":"en-GB","@id":"https:\/\/carpathiacenter.ro\/#\/schema\/person\/image\/","url":"https:\/\/secure.gravatar.com\/avatar\/1b1a13e37f847c635dab78348f1dff2f07651ee2a3d77a5c355a4b8c75f9165a?s=96&d=mm&r=g","contentUrl":"https:\/\/secure.gravatar.com\/avatar\/1b1a13e37f847c635dab78348f1dff2f07651ee2a3d77a5c355a4b8c75f9165a?s=96&d=mm&r=g","caption":"creativebitsolutions"},"url":"https:\/\/carpathiacenter.ro\/en\/author\/creativebitsolutions\/"}]}},"_links":{"self":[{"href":"https:\/\/carpathiacenter.ro\/en\/wp-json\/wp\/v2\/posts\/3697","targetHints":{"allow":["GET"]}}],"collection":[{"href":"https:\/\/carpathiacenter.ro\/en\/wp-json\/wp\/v2\/posts"}],"about":[{"href":"https:\/\/carpathiacenter.ro\/en\/wp-json\/wp\/v2\/types\/post"}],"author":[{"embeddable":true,"href":"https:\/\/carpathiacenter.ro\/en\/wp-json\/wp\/v2\/users\/4"}],"replies":[{"embeddable":true,"href":"https:\/\/carpathiacenter.ro\/en\/wp-json\/wp\/v2\/comments?post=3697"}],"version-history":[{"count":1,"href":"https:\/\/carpathiacenter.ro\/en\/wp-json\/wp\/v2\/posts\/3697\/revisions"}],"predecessor-version":[{"id":3698,"href":"https:\/\/carpathiacenter.ro\/en\/wp-json\/wp\/v2\/posts\/3697\/revisions\/3698"}],"wp:attachment":[{"href":"https:\/\/carpathiacenter.ro\/en\/wp-json\/wp\/v2\/media?parent=3697"}],"wp:term":[{"taxonomy":"category","embeddable":true,"href":"https:\/\/carpathiacenter.ro\/en\/wp-json\/wp\/v2\/categories?post=3697"},{"taxonomy":"post_tag","embeddable":true,"href":"https:\/\/carpathiacenter.ro\/en\/wp-json\/wp\/v2\/tags?post=3697"}],"curies":[{"name":"wp","href":"https:\/\/api.w.org\/{rel}","templated":true}]}}