{"id":3695,"date":"2026-01-27T08:50:46","date_gmt":"2026-01-27T08:50:46","guid":{"rendered":"https:\/\/carpathiacenter.ro\/?p=3695"},"modified":"2026-01-27T08:50:46","modified_gmt":"2026-01-27T08:50:46","slug":"premierul-bolojan-incepe-astazi-o-vizita-in-germania-intalnire-cu-friedrich-merz-si-alti-lideri-politici-si-economici","status":"publish","type":"post","link":"https:\/\/carpathiacenter.ro\/en\/premierul-bolojan-incepe-astazi-o-vizita-in-germania-intalnire-cu-friedrich-merz-si-alti-lideri-politici-si-economici\/","title":{"rendered":"Premierul Bolojan \u00eencepe ast\u0103zi o vizit\u0103 \u00een Germania. \u00cent\u00e2lnire cu Friedrich Merz \u0219i al\u021bi lideri politici \u0219i economici"},"content":{"rendered":"<p><strong>Premierul Ilie Bolojan \u00eencepe mar\u0163i, 27 ianuarie, o vizit\u0103 oficial\u0103 de dou\u0103 zile \u00een Germania, \u201ecel mai important partener comercial al Rom\u00e2niei\u201d, la invita\u0163ia cancelarului federal Friedrich Merz, a anun\u021bat Guvernul.<\/strong><\/p>\n<p>Mar\u021bi dup\u0103-amiaz\u0103, de la ora 17.00, premierul Bolojan se va \u00eent\u00e2lni cu Peter Adrian, pre\u0219edintele Camerei Germane de Comer\u021b \u0219i Industrie, potrivit agendei premierului.<\/p>\n<div id=\"billboard2\" class=\"inserted-position billboard-2\"><\/div>\n<p>\u00cent\u00e2lnirea cu cancelarul german Friedrich Merz este programat\u0103 miercuri, 28 ianuarie, de la ora 14.00, al\u0103turi de care va sus\u021bine o conferi\u021b\u0103 comun\u0103 de pres\u0103, la ora 15.00.<\/p>\n<p>\u201eVizita premierului se \u00eenscrie \u00een cadrul rela\u0163iei excelente dintre Rom\u00e2nia \u015fi Germania, care, de\u015fi nu se \u00eentemeiaz\u0103 formal pe un Parteneriat strategic propriu-zis, are caracter strategic \u015fi pune accent pe domenii de interes actuale \u015fi de perspectiv\u0103, precum cooperarea economic\u0103 \u015fi comercial\u0103, afaceri europene \u015fi securitate\u201d, a transmis Guvernul, \u00eentr-un comunicat.<\/p>\n<h2 class=\"wp-block-heading\">\u00cent\u00e2lniri cu lideri importan\u021bi \u0219i diaspora rom\u00e2neasc\u0103<\/h2>\n<p>Miercuri, \u00een cadrul vizitei, al\u0103turi de \u00eentrevederea cu cancelarul Friedrich Merz, prim-ministrul mai are programate \u00eent\u00e2lniri cu vicepre\u015fedintele Parlamentului Federal (Bundestag), Andrea Lindholz, cu liderul grupului parlamentar CDU, Jens Spahn, \u015fi cu pre\u015fedintele Funda\u0163iei Konrad Adenauer, Annegret Kramp-Karrenbauer.<\/p>\n<div id=\"billboard3\" class=\"inserted-position billboard-3\"><\/div>\n<p>\u201eCu o important\u0103 component\u0103 economic\u0103, agenda vizitei cuprinde \u00eent\u00e2lniri cu pre\u015fedintele Camerei Germane de Comer\u0163 \u015fi Industrie, Peter Adrian, \u015fi cu directorul general al Federa\u0163iei Industriilor din Germania, Tanja Gonner\u201d, potrivit Guvernului.<\/p>\n<p>Totodat\u0103, premierul va avea o \u00eentrevedere cu pre\u015fedintele Consiliului Central al Evreilor din Germania, Josef Schuster, \u00een contextul marc\u0103rii, la data de 27 ianuarie, a Zilei Interna\u0163ionale de Comemorare a Holocaustului \u015fi de eliberare a lag\u0103rului de concentrare Auschwitz-Birkenau. Bolojan va vizita Memorialul Evreilor Uci\u015fi \u00een Europa \u015fi va avea o \u00eentrevedere cu directorul Funda\u0163iei Memorialului Evreilor Uci\u015fi din Europa, Uwe Neumarker.<\/p>\n<p>\u015eeful Executivului se va \u00eent\u00e2lni, la Ambasada Rom\u00e2niei \u00een Germania, cu reprezentan\u0163i ai comunit\u0103\u0163ii rom\u00e2ne\u015fti. Potrivit Guvernului, rom\u00e2nii constituie a patra cea mai numeroas\u0103 comunitate de str\u0103ini din Germania, cu aproximativ 910.000 de persoane. Peste 90.000 dintre ace\u015ftia au primit cet\u0103\u0163enie german\u0103. Lor li se adaug\u0103 cei aproximativ 500.000 etnici germani originari din Rom\u00e2nia, bine integra\u0163i \u00een Germania.<\/p>\n<div id=\"billboard4\" class=\"inserted-position billboard-4 mobile\"><\/div>\n<h2 class=\"wp-block-heading\">Schimburi comerciale de 42 miliarde euro<\/h2>\n<p>Germania este cel mai important partener comercial al Rom\u00e2niei, cu o pondere de peste 20% din totalul exporturilor rom\u00e2ne\u015fti. \u00cen 2024, schimburile comerciale bilaterale a fost de circa 42 miliarde euro, cu exporturi \u00een valoare de 19 miliarde \u015fi importuri de 23 de miliarde de euro, a precizat Executivul.<\/p>\n<p>\u201eLa finele anului 2024, Germania era principalul investitor str\u0103in \u00een economia rom\u00e2neasc\u0103, men\u0163in\u00e2ndu-\u015fi pozi\u0163ia dominant\u0103. Firmele rezidente \u00een Germania de\u0163in \u00een Rom\u00e2nia investi\u0163ii de peste 18,66 miliarde euro, reprezent\u00e2nd aproape 15% din soldul total al investi\u0163iilor str\u0103ine directe\u201d, a men\u0163ionat Guvernul.<\/p>\n<p>Din delega\u0163ia care \u00eel va \u00eenso\u0163i pe premierul Ilie Bolojan vor face parte ministrul Ap\u0103r\u0103rii Na\u0163ionale, Radu Miru\u0163\u0103, \u015feful Cancelariei prim-ministrului, Mihai Jurca, \u015feful Statului Major al Ap\u0103r\u0103rii, Gheorghi\u0163\u0103 Vlad, deputatul Ovidiu Gan\u0163, reprezentantul Forumului Democrat al Germanilor din Rom\u00e2nia, secretarul de stat \u00een Cancelaria Prim-ministrului Drago\u015f Hotea \u015fi consilierul de stat \u00een Cancelaria Prim-ministrului Raul Gutin.<\/p>\n<p>Sursa articolului:  <a href=\"https:\/\/hotnews.ro\/premierul-bolojan-incepe-astazi-o-vizita-in-germania-intalnire-cu-friedrich-merz-si-alti-lideri-politici-si-economici-2157803\" target=\"_blank\" rel=\"noopener\" title=\"\">HotNews<\/a><\/p>","protected":false},"excerpt":{"rendered":"<p>Premierul Ilie Bolojan \u00eencepe mar\u0163i, 27 ianuarie, o vizit\u0103 oficial\u0103 de dou\u0103 zile \u00een Germania, \u201ecel mai important partener comercial al Rom\u00e2niei\u201d, la invita\u0163ia cancelarului federal Friedrich Merz, a anun\u021bat Guvernul. Mar\u021bi dup\u0103-amiaz\u0103, de la ora 17.00, premierul Bolojan se va \u00eent\u00e2lni cu Peter Adrian, pre\u0219edintele Camerei Germane de Comer\u021b \u0219i Industrie, potrivit agendei premierului&#8230;.<\/p>","protected":false},"author":4,"featured_media":0,"comment_status":"open","ping_status":"open","sticky":false,"template":"","format":"standard","meta":{"footnotes":""},"categories":[1],"tags":[],"class_list":["post-3695","post","type-post","status-publish","format-standard","hentry","category-uncategorized"],"yoast_head":"<!-- This site is optimized with the Yoast SEO plugin v26.1.1 - https:\/\/yoast.com\/wordpress\/plugins\/seo\/ -->\n<title>Premierul Bolojan \u00eencepe ast\u0103zi o vizit\u0103 \u00een Germania. \u00cent\u00e2lnire cu Friedrich Merz \u0219i al\u021bi lideri politici \u0219i economici - Carpathia Center Romania<\/title>\n<meta name=\"robots\" content=\"index, follow, max-snippet:-1, max-image-preview:large, max-video-preview:-1\" \/>\n<link rel=\"canonical\" href=\"https:\/\/carpathiacenter.ro\/en\/premierul-bolojan-incepe-astazi-o-vizita-in-germania-intalnire-cu-friedrich-merz-si-alti-lideri-politici-si-economici\/\" \/>\n<meta property=\"og:locale\" content=\"en_GB\" \/>\n<meta property=\"og:type\" content=\"article\" \/>\n<meta property=\"og:title\" content=\"Premierul Bolojan \u00eencepe ast\u0103zi o vizit\u0103 \u00een Germania. \u00cent\u00e2lnire cu Friedrich Merz \u0219i al\u021bi lideri politici \u0219i economici - Carpathia Center Romania\" \/>\n<meta property=\"og:description\" content=\"Premierul Ilie Bolojan \u00eencepe mar\u0163i, 27 ianuarie, o vizit\u0103 oficial\u0103 de dou\u0103 zile \u00een Germania, \u201ecel mai important partener comercial al Rom\u00e2niei\u201d, la invita\u0163ia cancelarului federal Friedrich Merz, a anun\u021bat Guvernul. Mar\u021bi dup\u0103-amiaz\u0103, de la ora 17.00, premierul Bolojan se va \u00eent\u00e2lni cu Peter Adrian, pre\u0219edintele Camerei Germane de Comer\u021b \u0219i Industrie, potrivit agendei premierului....\" \/>\n<meta property=\"og:url\" content=\"https:\/\/carpathiacenter.ro\/en\/premierul-bolojan-incepe-astazi-o-vizita-in-germania-intalnire-cu-friedrich-merz-si-alti-lideri-politici-si-economici\/\" \/>\n<meta property=\"og:site_name\" content=\"Carpathia Center Romania\" \/>\n<meta property=\"article:publisher\" content=\"https:\/\/www.facebook.com\/fdpscarpathia\/\" \/>\n<meta property=\"article:published_time\" content=\"2026-01-27T08:50:46+00:00\" \/>\n<meta name=\"author\" content=\"creativebitsolutions\" \/>\n<meta name=\"twitter:card\" content=\"summary_large_image\" \/>\n<meta name=\"twitter:label1\" content=\"Written by\" \/>\n\t<meta name=\"twitter:data1\" content=\"creativebitsolutions\" \/>\n\t<meta name=\"twitter:label2\" content=\"Estimated reading time\" \/>\n\t<meta name=\"twitter:data2\" content=\"3 minutes\" \/>\n<script type=\"application\/ld+json\" class=\"yoast-schema-graph\">{\"@context\":\"https:\/\/schema.org\",\"@graph\":[{\"@type\":\"Article\",\"@id\":\"https:\/\/carpathiacenter.ro\/premierul-bolojan-incepe-astazi-o-vizita-in-germania-intalnire-cu-friedrich-merz-si-alti-lideri-politici-si-economici\/#article\",\"isPartOf\":{\"@id\":\"https:\/\/carpathiacenter.ro\/premierul-bolojan-incepe-astazi-o-vizita-in-germania-intalnire-cu-friedrich-merz-si-alti-lideri-politici-si-economici\/\"},\"author\":{\"name\":\"creativebitsolutions\",\"@id\":\"https:\/\/carpathiacenter.ro\/#\/schema\/person\/03d9f58202fee8379268f34afa195006\"},\"headline\":\"Premierul Bolojan \u00eencepe ast\u0103zi o vizit\u0103 \u00een Germania. \u00cent\u00e2lnire cu Friedrich Merz \u0219i al\u021bi lideri politici \u0219i economici\",\"datePublished\":\"2026-01-27T08:50:46+00:00\",\"mainEntityOfPage\":{\"@id\":\"https:\/\/carpathiacenter.ro\/premierul-bolojan-incepe-astazi-o-vizita-in-germania-intalnire-cu-friedrich-merz-si-alti-lideri-politici-si-economici\/\"},\"wordCount\":558,\"commentCount\":0,\"publisher\":{\"@id\":\"https:\/\/carpathiacenter.ro\/#organization\"},\"articleSection\":[\"Uncategorized\"],\"inLanguage\":\"en-GB\",\"potentialAction\":[{\"@type\":\"CommentAction\",\"name\":\"Comment\",\"target\":[\"https:\/\/carpathiacenter.ro\/premierul-bolojan-incepe-astazi-o-vizita-in-germania-intalnire-cu-friedrich-merz-si-alti-lideri-politici-si-economici\/#respond\"]}]},{\"@type\":\"WebPage\",\"@id\":\"https:\/\/carpathiacenter.ro\/premierul-bolojan-incepe-astazi-o-vizita-in-germania-intalnire-cu-friedrich-merz-si-alti-lideri-politici-si-economici\/\",\"url\":\"https:\/\/carpathiacenter.ro\/premierul-bolojan-incepe-astazi-o-vizita-in-germania-intalnire-cu-friedrich-merz-si-alti-lideri-politici-si-economici\/\",\"name\":\"Premierul Bolojan \u00eencepe ast\u0103zi o vizit\u0103 \u00een Germania. \u00cent\u00e2lnire cu Friedrich Merz \u0219i al\u021bi lideri politici \u0219i economici - Carpathia Center Romania\",\"isPartOf\":{\"@id\":\"https:\/\/carpathiacenter.ro\/#website\"},\"datePublished\":\"2026-01-27T08:50:46+00:00\",\"breadcrumb\":{\"@id\":\"https:\/\/carpathiacenter.ro\/premierul-bolojan-incepe-astazi-o-vizita-in-germania-intalnire-cu-friedrich-merz-si-alti-lideri-politici-si-economici\/#breadcrumb\"},\"inLanguage\":\"en-GB\",\"potentialAction\":[{\"@type\":\"ReadAction\",\"target\":[\"https:\/\/carpathiacenter.ro\/premierul-bolojan-incepe-astazi-o-vizita-in-germania-intalnire-cu-friedrich-merz-si-alti-lideri-politici-si-economici\/\"]}]},{\"@type\":\"BreadcrumbList\",\"@id\":\"https:\/\/carpathiacenter.ro\/premierul-bolojan-incepe-astazi-o-vizita-in-germania-intalnire-cu-friedrich-merz-si-alti-lideri-politici-si-economici\/#breadcrumb\",\"itemListElement\":[{\"@type\":\"ListItem\",\"position\":1,\"name\":\"Prima pagin\u0103\",\"item\":\"https:\/\/carpathiacenter.ro\/\"},{\"@type\":\"ListItem\",\"position\":2,\"name\":\"Premierul Bolojan \u00eencepe ast\u0103zi o vizit\u0103 \u00een Germania. \u00cent\u00e2lnire cu Friedrich Merz \u0219i al\u021bi lideri politici \u0219i economici\"}]},{\"@type\":\"WebSite\",\"@id\":\"https:\/\/carpathiacenter.ro\/#website\",\"url\":\"https:\/\/carpathiacenter.ro\/\",\"name\":\"Carpathia Center Romania\",\"description\":\"Impossible made possible!\",\"publisher\":{\"@id\":\"https:\/\/carpathiacenter.ro\/#organization\"},\"potentialAction\":[{\"@type\":\"SearchAction\",\"target\":{\"@type\":\"EntryPoint\",\"urlTemplate\":\"https:\/\/carpathiacenter.ro\/?s={search_term_string}\"},\"query-input\":{\"@type\":\"PropertyValueSpecification\",\"valueRequired\":true,\"valueName\":\"search_term_string\"}}],\"inLanguage\":\"en-GB\"},{\"@type\":\"Organization\",\"@id\":\"https:\/\/carpathiacenter.ro\/#organization\",\"name\":\"Carpathia Center Romania\",\"url\":\"https:\/\/carpathiacenter.ro\/\",\"logo\":{\"@type\":\"ImageObject\",\"inLanguage\":\"en-GB\",\"@id\":\"https:\/\/carpathiacenter.ro\/#\/schema\/logo\/image\/\",\"url\":\"https:\/\/carpathiacenter.ro\/wp-content\/uploads\/2024\/07\/logo-carpathia_bg_white-1024x941.png\",\"contentUrl\":\"https:\/\/carpathiacenter.ro\/wp-content\/uploads\/2024\/07\/logo-carpathia_bg_white-1024x941.png\",\"width\":1024,\"height\":941,\"caption\":\"Carpathia Center Romania\"},\"image\":{\"@id\":\"https:\/\/carpathiacenter.ro\/#\/schema\/logo\/image\/\"},\"sameAs\":[\"https:\/\/www.facebook.com\/fdpscarpathia\/\"]},{\"@type\":\"Person\",\"@id\":\"https:\/\/carpathiacenter.ro\/#\/schema\/person\/03d9f58202fee8379268f34afa195006\",\"name\":\"creativebitsolutions\",\"image\":{\"@type\":\"ImageObject\",\"inLanguage\":\"en-GB\",\"@id\":\"https:\/\/carpathiacenter.ro\/#\/schema\/person\/image\/\",\"url\":\"https:\/\/secure.gravatar.com\/avatar\/1b1a13e37f847c635dab78348f1dff2f07651ee2a3d77a5c355a4b8c75f9165a?s=96&d=mm&r=g\",\"contentUrl\":\"https:\/\/secure.gravatar.com\/avatar\/1b1a13e37f847c635dab78348f1dff2f07651ee2a3d77a5c355a4b8c75f9165a?s=96&d=mm&r=g\",\"caption\":\"creativebitsolutions\"},\"url\":\"https:\/\/carpathiacenter.ro\/en\/author\/creativebitsolutions\/\"}]}<\/script>\n<!-- \/ Yoast SEO plugin. -->","yoast_head_json":{"title":"Premierul Bolojan \u00eencepe ast\u0103zi o vizit\u0103 \u00een Germania. \u00cent\u00e2lnire cu Friedrich Merz \u0219i al\u021bi lideri politici \u0219i economici - Carpathia Center Romania","robots":{"index":"index","follow":"follow","max-snippet":"max-snippet:-1","max-image-preview":"max-image-preview:large","max-video-preview":"max-video-preview:-1"},"canonical":"https:\/\/carpathiacenter.ro\/en\/premierul-bolojan-incepe-astazi-o-vizita-in-germania-intalnire-cu-friedrich-merz-si-alti-lideri-politici-si-economici\/","og_locale":"en_GB","og_type":"article","og_title":"Premierul Bolojan \u00eencepe ast\u0103zi o vizit\u0103 \u00een Germania. \u00cent\u00e2lnire cu Friedrich Merz \u0219i al\u021bi lideri politici \u0219i economici - Carpathia Center Romania","og_description":"Premierul Ilie Bolojan \u00eencepe mar\u0163i, 27 ianuarie, o vizit\u0103 oficial\u0103 de dou\u0103 zile \u00een Germania, \u201ecel mai important partener comercial al Rom\u00e2niei\u201d, la invita\u0163ia cancelarului federal Friedrich Merz, a anun\u021bat Guvernul. Mar\u021bi dup\u0103-amiaz\u0103, de la ora 17.00, premierul Bolojan se va \u00eent\u00e2lni cu Peter Adrian, pre\u0219edintele Camerei Germane de Comer\u021b \u0219i Industrie, potrivit agendei premierului....","og_url":"https:\/\/carpathiacenter.ro\/en\/premierul-bolojan-incepe-astazi-o-vizita-in-germania-intalnire-cu-friedrich-merz-si-alti-lideri-politici-si-economici\/","og_site_name":"Carpathia Center Romania","article_publisher":"https:\/\/www.facebook.com\/fdpscarpathia\/","article_published_time":"2026-01-27T08:50:46+00:00","author":"creativebitsolutions","twitter_card":"summary_large_image","twitter_misc":{"Written by":"creativebitsolutions","Estimated reading time":"3 minutes"},"schema":{"@context":"https:\/\/schema.org","@graph":[{"@type":"Article","@id":"https:\/\/carpathiacenter.ro\/premierul-bolojan-incepe-astazi-o-vizita-in-germania-intalnire-cu-friedrich-merz-si-alti-lideri-politici-si-economici\/#article","isPartOf":{"@id":"https:\/\/carpathiacenter.ro\/premierul-bolojan-incepe-astazi-o-vizita-in-germania-intalnire-cu-friedrich-merz-si-alti-lideri-politici-si-economici\/"},"author":{"name":"creativebitsolutions","@id":"https:\/\/carpathiacenter.ro\/#\/schema\/person\/03d9f58202fee8379268f34afa195006"},"headline":"Premierul Bolojan \u00eencepe ast\u0103zi o vizit\u0103 \u00een Germania. \u00cent\u00e2lnire cu Friedrich Merz \u0219i al\u021bi lideri politici \u0219i economici","datePublished":"2026-01-27T08:50:46+00:00","mainEntityOfPage":{"@id":"https:\/\/carpathiacenter.ro\/premierul-bolojan-incepe-astazi-o-vizita-in-germania-intalnire-cu-friedrich-merz-si-alti-lideri-politici-si-economici\/"},"wordCount":558,"commentCount":0,"publisher":{"@id":"https:\/\/carpathiacenter.ro\/#organization"},"articleSection":["Uncategorized"],"inLanguage":"en-GB","potentialAction":[{"@type":"CommentAction","name":"Comment","target":["https:\/\/carpathiacenter.ro\/premierul-bolojan-incepe-astazi-o-vizita-in-germania-intalnire-cu-friedrich-merz-si-alti-lideri-politici-si-economici\/#respond"]}]},{"@type":"WebPage","@id":"https:\/\/carpathiacenter.ro\/premierul-bolojan-incepe-astazi-o-vizita-in-germania-intalnire-cu-friedrich-merz-si-alti-lideri-politici-si-economici\/","url":"https:\/\/carpathiacenter.ro\/premierul-bolojan-incepe-astazi-o-vizita-in-germania-intalnire-cu-friedrich-merz-si-alti-lideri-politici-si-economici\/","name":"Premierul Bolojan \u00eencepe ast\u0103zi o vizit\u0103 \u00een Germania. \u00cent\u00e2lnire cu Friedrich Merz \u0219i al\u021bi lideri politici \u0219i economici - Carpathia Center Romania","isPartOf":{"@id":"https:\/\/carpathiacenter.ro\/#website"},"datePublished":"2026-01-27T08:50:46+00:00","breadcrumb":{"@id":"https:\/\/carpathiacenter.ro\/premierul-bolojan-incepe-astazi-o-vizita-in-germania-intalnire-cu-friedrich-merz-si-alti-lideri-politici-si-economici\/#breadcrumb"},"inLanguage":"en-GB","potentialAction":[{"@type":"ReadAction","target":["https:\/\/carpathiacenter.ro\/premierul-bolojan-incepe-astazi-o-vizita-in-germania-intalnire-cu-friedrich-merz-si-alti-lideri-politici-si-economici\/"]}]},{"@type":"BreadcrumbList","@id":"https:\/\/carpathiacenter.ro\/premierul-bolojan-incepe-astazi-o-vizita-in-germania-intalnire-cu-friedrich-merz-si-alti-lideri-politici-si-economici\/#breadcrumb","itemListElement":[{"@type":"ListItem","position":1,"name":"Prima pagin\u0103","item":"https:\/\/carpathiacenter.ro\/"},{"@type":"ListItem","position":2,"name":"Premierul Bolojan \u00eencepe ast\u0103zi o vizit\u0103 \u00een Germania. \u00cent\u00e2lnire cu Friedrich Merz \u0219i al\u021bi lideri politici \u0219i economici"}]},{"@type":"WebSite","@id":"https:\/\/carpathiacenter.ro\/#website","url":"https:\/\/carpathiacenter.ro\/","name":"Carpathia Center Romania","description":"Impossible made possible!","publisher":{"@id":"https:\/\/carpathiacenter.ro\/#organization"},"potentialAction":[{"@type":"SearchAction","target":{"@type":"EntryPoint","urlTemplate":"https:\/\/carpathiacenter.ro\/?s={search_term_string}"},"query-input":{"@type":"PropertyValueSpecification","valueRequired":true,"valueName":"search_term_string"}}],"inLanguage":"en-GB"},{"@type":"Organization","@id":"https:\/\/carpathiacenter.ro\/#organization","name":"Carpathia Center Romania","url":"https:\/\/carpathiacenter.ro\/","logo":{"@type":"ImageObject","inLanguage":"en-GB","@id":"https:\/\/carpathiacenter.ro\/#\/schema\/logo\/image\/","url":"https:\/\/carpathiacenter.ro\/wp-content\/uploads\/2024\/07\/logo-carpathia_bg_white-1024x941.png","contentUrl":"https:\/\/carpathiacenter.ro\/wp-content\/uploads\/2024\/07\/logo-carpathia_bg_white-1024x941.png","width":1024,"height":941,"caption":"Carpathia Center Romania"},"image":{"@id":"https:\/\/carpathiacenter.ro\/#\/schema\/logo\/image\/"},"sameAs":["https:\/\/www.facebook.com\/fdpscarpathia\/"]},{"@type":"Person","@id":"https:\/\/carpathiacenter.ro\/#\/schema\/person\/03d9f58202fee8379268f34afa195006","name":"creativebitsolutions","image":{"@type":"ImageObject","inLanguage":"en-GB","@id":"https:\/\/carpathiacenter.ro\/#\/schema\/person\/image\/","url":"https:\/\/secure.gravatar.com\/avatar\/1b1a13e37f847c635dab78348f1dff2f07651ee2a3d77a5c355a4b8c75f9165a?s=96&d=mm&r=g","contentUrl":"https:\/\/secure.gravatar.com\/avatar\/1b1a13e37f847c635dab78348f1dff2f07651ee2a3d77a5c355a4b8c75f9165a?s=96&d=mm&r=g","caption":"creativebitsolutions"},"url":"https:\/\/carpathiacenter.ro\/en\/author\/creativebitsolutions\/"}]}},"_links":{"self":[{"href":"https:\/\/carpathiacenter.ro\/en\/wp-json\/wp\/v2\/posts\/3695","targetHints":{"allow":["GET"]}}],"collection":[{"href":"https:\/\/carpathiacenter.ro\/en\/wp-json\/wp\/v2\/posts"}],"about":[{"href":"https:\/\/carpathiacenter.ro\/en\/wp-json\/wp\/v2\/types\/post"}],"author":[{"embeddable":true,"href":"https:\/\/carpathiacenter.ro\/en\/wp-json\/wp\/v2\/users\/4"}],"replies":[{"embeddable":true,"href":"https:\/\/carpathiacenter.ro\/en\/wp-json\/wp\/v2\/comments?post=3695"}],"version-history":[{"count":1,"href":"https:\/\/carpathiacenter.ro\/en\/wp-json\/wp\/v2\/posts\/3695\/revisions"}],"predecessor-version":[{"id":3696,"href":"https:\/\/carpathiacenter.ro\/en\/wp-json\/wp\/v2\/posts\/3695\/revisions\/3696"}],"wp:attachment":[{"href":"https:\/\/carpathiacenter.ro\/en\/wp-json\/wp\/v2\/media?parent=3695"}],"wp:term":[{"taxonomy":"category","embeddable":true,"href":"https:\/\/carpathiacenter.ro\/en\/wp-json\/wp\/v2\/categories?post=3695"},{"taxonomy":"post_tag","embeddable":true,"href":"https:\/\/carpathiacenter.ro\/en\/wp-json\/wp\/v2\/tags?post=3695"}],"curies":[{"name":"wp","href":"https:\/\/api.w.org\/{rel}","templated":true}]}}