{"id":3687,"date":"2026-01-26T08:13:48","date_gmt":"2026-01-26T08:13:48","guid":{"rendered":"https:\/\/carpathiacenter.ro\/?p=3687"},"modified":"2026-01-26T08:15:33","modified_gmt":"2026-01-26T08:15:33","slug":"cand-se-vor-uni-romania-si-bulgaria-cu-o-autostrada-pana-in-grecia-la-ruse-bulgarii-vor-sa-iasa-in-strada-sa-protesteze-cum-arata-la-zi-planurile-pentru-o-conexiune-rapida-intre-cele-doua-tari","status":"publish","type":"post","link":"https:\/\/carpathiacenter.ro\/en\/cand-se-vor-uni-romania-si-bulgaria-cu-o-autostrada-pana-in-grecia-la-ruse-bulgarii-vor-sa-iasa-in-strada-sa-protesteze-cum-arata-la-zi-planurile-pentru-o-conexiune-rapida-intre-cele-doua-tari\/","title":{"rendered":"C\u00e2nd se vor uni Rom\u00e2nia \u0219i Bulgaria cu o autostrad\u0103 p\u00e2n\u0103 \u00een Grecia. La Ruse bulgarii vor s\u0103 ias\u0103 \u00een strad\u0103 s\u0103 protesteze \/ Cum arat\u0103 la zi planurile pentru o conexiune rapid\u0103 \u00eentre cele dou\u0103 \u021b\u0103ri"},"content":{"rendered":"<p><strong>Rom\u00e2nia este deja conectat\u0103 pe autostrada cu Ungaria, iar acum lanseaz\u0103 proiectul s\u0103 construiasc\u0103 Autostrada \u201eMoldovei\u201d p\u00e2n\u0103 dincolo de Siret, \u00een Ucraina. Despre o conexiune de mare vitez\u0103 pe rutier cu Bulgaria, statul vecin de la sud de Dun\u0103re, se vorbe\u0219te \u00eens\u0103 mai pu\u021bin. Autorit\u0103\u021bile de la Sofia au \u00een plan s\u0103 aduc\u0103 autostrada p\u00e2n\u0103 la Ruse \u00eenainte ca Rom\u00e2nia s\u0103 fie gata cu o infrastructur\u0103 comparabil\u0103 pe partea sa.<\/strong><\/p>\n<ul class=\"wp-block-list\">\n<li>Articol realizat \u00een cadrul proiectului european PULSE de c\u0103tre Victor Cozmei (<a href=\"https:\/\/hotnews.ro\/\">HotNews.ro<\/a>), cu contribu\u021bia lui Lilly Granitska (<a href=\"http:\/\/mediapool.bg\/\" target=\"_blank\" rel=\"noopener\">Mediapool.bg<\/a>\u00a0\u2013 Bulgaria).<\/li>\n<\/ul>\n<p>Bulgaria inten\u021bioneaz\u0103 s\u0103 lege Ruse de capitala Sofia pe autostrad\u0103, dar \u0219i s\u0103 prelungeasc\u0103 actuala re\u021bea de \u0219osele rapide cu o leg\u0103tur\u0103 spre sud, \u00eencep\u00e2nd cu Veliko T\u00e2rnovo \u0219i trec\u00e2nd prin Stara Zagora, c\u0103tre grani\u021ba cu Grecia.<\/p>\n<div id=\"billboard2\" class=\"inserted-position billboard-2\"><\/div>\n<p>Ambele rute sunt importante pentru Rom\u00e2nia. Odat\u0103 c\u0103 ar reprezenta o conexiune rapid\u0103 \u00eentre capitalele celor dou\u0103 \u021b\u0103ri, \u00een timp ce o autostrad\u0103 pe axa Nord-Sud \u00een Bulgaria ar ajuta nu doar traficul de marf\u0103, dar \u0219i traficul sezonier al zecilor de mii de rom\u00e2ni care merg \u00een concediu \u00een Grecia.<\/p>\n<p>Deocamdat\u0103, planul concret al Bulgariei prevede o autostrad\u0103 de la Ruse \u0219i p\u00e2n\u0103 la Veliko T\u00e2rnovo pe o distan\u021b\u0103 de 133 de km, parte din Coridorul 9 pan-european.<\/p>\n<p>Primele tronsoane, de la Ruse \u0219i p\u00e2n\u0103 la Byala sunt contractate, dar lucr\u0103rile \u00eenc\u0103 n-au \u00eenceput. Orizontul pentru finalizarea autostr\u0103zii care s\u0103 \u00eenceap\u0103 de la grani\u021ba cu Rom\u00e2nia este 2030, \u00eenainte ca \u021bara noastr\u0103 s\u0103 reu\u0219easc\u0103 s\u0103 aduc\u0103 la Giurgiu o \u0219osea de mare vitez\u0103 \u0219i s\u0103 construiasc\u0103 un nou Pod peste Dun\u0103re.<\/p>\n<div id=\"billboard3\" class=\"inserted-position billboard-3\"><\/div>\n<h2 class=\"wp-block-heading\"><strong>Rom\u00e2nia abia acum studiaz\u0103 o conexiune rutier\u0103 de mare vitez\u0103 \u00eentre Bucure\u0219ti \u0219i Giurgiu<\/strong><\/h2>\n<p>De\u0219i Bulgaria deja are contractate primele tronsoane de autostrad\u0103 de la Ruse, chiar dac\u0103 lucr\u0103rile \u00eent\u00e2rzie s\u0103 \u00eenceap\u0103, Rom\u00e2nia abia acum a \u00eenceput s\u0103 studieze varianta construirii unei noi conexiuni rutiere de mare vitez\u0103 \u00eentre Bucure\u0219ti \u0219i Giurgiu, care va face leg\u0103tura cu viitorul pod peste Dun\u0103re ce urmeaz\u0103 a fi construit \u00een zona Giurgiu-Ruse.<\/p>\n<p>Momentan, este \u00een derulare un contract pentru elaborarea Studiului de Fezabilitate (SF) prin care va fi analizat care va fi tipul de drum (autostrad\u0103 sau drum expres), traseul final \u0219i solu\u021biile tehnice de execu\u021bie.<\/p>\n<p>Contractul, \u00een valoare de 6,6 milioane de euro, a fost semnat \u00een decembrie 2025 de c\u0103tre CNIR (Compania Na\u021bional\u0103 de Investi\u021bii Rutiere) cu consor\u021biul format din Activ Proiectare Infrastructur\u0103 S.R.L. (lider) \u0219i Emay Uluslararasi Muhendislik ve Mu\u0219avirlik Anonim \u0218irketi, iar pe 19 ianuarie, antreprenorul a primit ordinul de \u00eencepere a lucr\u0103rilor, av\u00e2nd un termen de 16 luni.<\/p>\n<div id=\"billboard4\" class=\"inserted-position billboard-4 mobile\"><\/div>\n<p>Astfel, dac\u0103 totul decurge conform planului, p\u00e2n\u0103 \u00een vara anului 2027 studiul ar putea fi finalizat, permi\u021b\u00e2nd lansarea licita\u021biei pentru proiectare \u0219i execu\u021bie. Construc\u021bia este estimat\u0103 s\u0103 dureze aproximativ 24 de luni, \u00een timp ce faza de proiectare ar putea dura \u00eentre 8 \u0219i 12 luni.<\/p>\n<p>Doar \u00eentr-un scenariu foarte optimist o conexiune rapid\u0103 \u00eentre Bucure\u0219ti \u0219i Giurgiu ar putea fi inaugurat\u0103 \u00een 2030. \u00centr-un scenariu mai realist, deschiderea ar putea avea loc \u00eentre 2033 \u0219i 2035.<\/p>\n<p>Calendarul \u00eens\u0103 ar putea fi accelerat \u00een func\u021bie de evolu\u021bia proiectului noului pod peste Dun\u0103re \u0219i de rapiditatea cu care Bulgaria va ajunge cu autostrada sa la grani\u021b\u0103.<\/p>\n<h2 class=\"wp-block-heading\"><strong>Autostrada Bucure\u0219ti \u2013 Giurgiu: pe unde va trece?<\/strong><\/h2>\n<p>\u00cen prezent, lungimea estimat\u0103 a proiectului este de aproximativ 85 km, \u00eens\u0103 proiectantul are misiunea de a testa diverse variante de traseu care s\u0103 se conecteze la Bucure\u0219ti \u0219i la autostrada de centur\u0103 A0.<\/p>\n<div id=\"billboard5\" class=\"inserted-position billboard-5 mobile\"><\/div>\n<p>O variant\u0103 ce va fi testat\u0103 prevede ca drumul s\u0103 ocoleasc\u0103 Bucure\u0219tiul cu totul prin sud-vest, f\u0103c\u00e2nd jonc\u021biunea cu viitoarea autostrada A6 spre Alexandria \u0219i mai departe cu A1, \u00een func\u021bie de fluxurile de transport preferate. Directorul CNIR, Gabriel Budescu,\u00a0<a href=\"https:\/\/hotnews.ro\/autostrada-de-la-bucuresti-la-giurgiu-contract-nou-atribuit-dupa-revaluarea-ofertelor-variantele-de-traseu-luate-in-calcul-2052978\">argumenta pentru HotNews\u00a0<\/a>c\u0103 o astfel de variant\u0103 de traseu ar putea transforma parte din Autostrada Bucure\u0219ti-Giurgiu \u00eentr-un veritabil sector de inel doi de autostrad\u0103 de centur\u0103 a Capitalei pentru zona de sud-vest.<\/p>\n<p>Studiul va calcula costurile de proiectare \u0219i execu\u021bie \u00een func\u021bie de traseul preferat \u0219i lungimea final\u0103.<\/p>\n<p>Un element interesant al studiului se va concentra pe materialele de construc\u021bie, analiz\u00e2nd dac\u0103 utilizarea betonului rutier, \u00een locul asfaltului, ar fi mai economic\u0103 pentru Rom\u00e2nia (\u021bar\u0103 care produce beton, dar import\u0103 bitum pentru asfalt).<\/p>\n<h2 class=\"wp-block-heading\"><strong>Situa\u021bia actual\u0103: Drumul Bucure\u0219ti \u2013 Giurgiu e modernizat, dar trece prin toate localit\u0103\u021bile<\/strong><\/h2>\n<p>\u00cen prezent, traficul \u00eentre Bucure\u0219ti \u0219i Giurgiu (de la o centur\u0103 la alta) se desf\u0103\u0219oar\u0103 \u00een principal pe\u00a0<strong>DN5<\/strong>. Drumul are o lungime de aproximativ 50 km, iar parcurgerea acestuia dureaz\u0103, \u00een medie, \u00eentre 45 de minute \u0219i o or\u0103.<\/p>\n<p>De\u0219i este unul modernizat \u0219i are c\u00e2te dou\u0103 benzi pe sens, pe mare lungime separate cu parapete, DN5 este \u00eengreunat de faptul c\u0103 traverseaz\u0103 numeroase localit\u0103\u021bi. \u00cen afara localit\u0103\u021bilor, limita de vitez\u0103 este de 100 km\/h, \u00eens\u0103 \u00een sate aceasta scade la 60-50 km\/h sau chiar 30 km\/h \u00een anumite puncte critice.<\/p>\n<p>O excep\u021bie notabil\u0103 este varianta de ocolire de est a ora\u0219ului Giurgiu (drumul \u201eprieteniei\u201d), de aproximativ 5 km, deschis\u0103 acum cinci ani la standard de drum expres \u0219i construit\u0103 din beton.<\/p>\n<h2 class=\"wp-block-heading\"><strong>Viitorul pod peste Dun\u0103re de la Giurgiu bate pasul pe loc<\/strong><\/h2>\n<p>Studiul de Fezabilitate pentru cel de-al doilea pod peste Dun\u0103re \u00een zona Giurgiu este gestionat de CNAIR (Compania Na\u021bional\u0103 de Administrare a Infrastructurii Rutiere) \u0219i, de\u0219i a fost scos la licita\u021bie \u00eenc\u0103 din toamna anului 2024, \u00eenc\u0103 nu a fost atribuit.<\/p>\n<div id=\"billboard7\" class=\"inserted-position billboard-7 mobile\"><\/div>\n<p>\u00cen iulie anul trecut au fost depuse 11 oferte, dar nici p\u00e2n\u0103 azi comisia CNAIR nu a anun\u021bat \u00eenc\u0103 un c\u00e2\u0219tig\u0103tor. Urm\u0103torul termen este 30 ianuarie, \u00eens\u0103 \u0219i acesta poate fi am\u00e2nat din nou.<\/p>\n<p>Valoarea estimat\u0103 a studiului este de 14,4 milioane de euro, jum\u0103tate provenind din fonduri europene.<\/p>\n<p>Odat\u0103 semnat contractul, termenul pentru finalizarea studiului este de 23 de luni. Ulterior, va fi lansat\u0103 o licita\u021bie separat\u0103 pentru proiectare \u0219i execu\u021bie, faz\u0103 estimat\u0103 s\u0103 dureze \u00eentre 36 \u0219i 48 de luni.<\/p>\n<p>\u00centr-un scenariu optimist, inaugurarea ar putea avea loc \u00een perioada 2032-2033. Realist, f\u0103r\u0103 un impuls politic sus\u021binut sau dac\u0103 nu se g\u0103sesc surse de finan\u021bare adecvate, este foarte posibil ca noul pod s\u0103 nu fie gata \u00eenainte de finalul deceniului urm\u0103tor.<\/p>\n<h2 class=\"wp-block-heading\"><strong>Autostrada de la Ruse la Veliko T\u00e2rnovo<\/strong><\/h2>\n<p>Bulgaria deja s-a apucat de o autostrad\u0103 care s\u0103 uneasc\u0103 dou\u0103 dintre cele mai importante ora\u0219e din nordul \u021b\u0103rii. Autostrada de la Ruse la Veliko T\u00e2rnovo va avea 133 km lungime \u0219i a fost \u00eemp\u0103r\u021bit\u0103 \u00een trei sec\u021biuni:<\/p>\n<div id=\"billboard8\" class=\"inserted-position billboard-8 mobile\"><\/div>\n<ul class=\"wp-block-list\">\n<li>Lot 1: Ruse \u2013 Byala \u2013 40.6 km<\/li>\n<li>Lot 2: Centura Byala \u2013 35,4 km<\/li>\n<li>Lot 3: Byala \u2013 Veliko T\u00e2rnovo \u2013 57 km<\/li>\n<\/ul>\n<p>Primele dou\u0103 loturi au un cost cumulat de circa 1 miliard de euro pentru cei circa 76 de kilometri, iar banii sunt asigura\u021bi par\u021bial din fondurile europene din ciclul financiar 2021-2027.<\/p>\n<p>Primele dou\u0103 loturi sunt programate a fi deschise traficului p\u00e2n\u0103 la final de 2030, constructorii au fost deja selecta\u021bi, dar lucr\u0103rile sunt \u00een \u00eent\u00e2rziere, transmit jurnali\u0219tii bulgari de la\u00a0<a href=\"http:\/\/mediapool.bg\/\" target=\"_blank\" rel=\"noopener\">Mediapool.bg<\/a>, publica\u021bie care, \u00eempreun\u0103 cu HotNews, face parte din proiectul european Pulse.<\/p>\n<p>Primele lucr\u0103ri au demarat \u00eenc\u0103 din 2020 pe Lotul 2 care reprezint\u0103 practic varianta ocolitoare pentru ora\u0219ul Byala, \u00eens\u0103 descoperirea pe traseu a unor soluri instabile a obligat constructorul s\u0103 proiecteze noi solu\u021bii tehnice.<\/p>\n<h2 class=\"wp-block-heading\"><strong>Bulgarii vor s\u0103 protesteze la Ruse pentru autostrad\u0103<\/strong><\/h2>\n<p>Construc\u021bia celuilalt tronson, cei 40,6 km de la Ruse la Byala \u00eenc\u0103 nu a \u00eenceput, de\u0219i autorit\u0103\u021bile au atribuit contractul unui constructor, dar, f\u0103r\u0103 s\u0103 ofere explica\u021bii, nu au dat \u00eenc\u0103 ordinul de \u00eencepere a lucr\u0103rilor.<\/p>\n<p>\u00cent\u00e2rzierea a f\u0103cut ca locuitorii din Ruse s\u0103 formeze o ini\u021biativ\u0103 civic\u0103 ce solicit\u0103 accelerarea lucr\u0103rilor la proiectul de autostrad\u0103. Ini\u021biativa civic\u0103 amenin\u021b\u0103 s\u0103 ias\u0103 \u00een strad\u0103 \u0219i s\u0103 blocheze traficul pe podul Ruse-Giurgiu. Locuitorii sunt nemul\u021bumi\u021bi de \u00eent\u00e2rzieri \u0219i cer o implicare clar\u0103 a guvernului pentru a accelera proiectul, transmit jurnali\u0219tii Mediapool.<\/p>\n<div id=\"billboard9\" class=\"inserted-position billboard-9 mobile\"><\/div>\n<p>Ultimul tronson de aproape 60 de km p\u00e2n\u0103 la Veliko T\u00e2rnovo deocamdat\u0103 nu a fost contractat. Proiectul autostr\u0103zii a fost scos la licita\u021bie \u00een mai 2025, dar p\u00e2n\u0103 acum au fost deschise doar ofertele tehnice depuse de constructor, nu \u0219i ofertele financiare.<\/p>\n<h2 class=\"wp-block-heading\"><strong>Lotul 3 e foarte scump. Bulgarii arat\u0103 spre Rom\u00e2nia<\/strong><\/h2>\n<p>Costul lotului 3 este unul destul de mare \u0219i a declan\u0219at controverse \u00een Bulgaria. Pentru cei circa 57,2 km ai proiectului autorit\u0103\u021bile de la Sofia estimeaz\u0103 un cost de 1,82 miliarde de euro, adic\u0103 un cost de aproape 32 de milioane de euro pe kilometru.<\/p>\n<p>Acest lucru a f\u0103cut ca politicienii din opozi\u021bie s\u0103 acuze guvernul c\u0103 \u00een pre\u021b a fost inclus \u0219i \u201eo prim\u0103 de corup\u021bie\u201d.<\/p>\n<p>Guvernul a justificat pre\u021bul record prin infla\u021bie \u0219i terenul foarte dificil, plin de dealuri \u0219i v\u0103i, sus\u021bin jurnali\u0219tii Mediapool.<\/p>\n<p>\u00cen acest sens, autorit\u0103\u021bile bulgare arat\u0103 adesea cu degetul spre Rom\u00e2nia ca av\u00e2nd cele mai scumpe autostr\u0103zi din Balcani.<\/p>\n<h2 class=\"wp-block-heading\"><strong>Mai departe pe autostrad\u0103 de la Veliko Tarnovo: \u00cen ce direc\u021bie?\u00a0<\/strong><\/h2>\n<p>De la Veliko T\u00e2rnovo, autostrada ar urma s\u0103 se conecteze la autostrada Hemus (A2) aflat\u0103 \u00een construc\u021bie \u0219i care va lega Sofia de Varna.<\/p>\n<p>Construc\u021bia autostr\u0103zii A2 Hemus a \u00eenceput acum 52 de ani, \u00een octombrie 1973, sub conducerea liderului comunist Todor Jivkov. Cu o lungime estimat\u0103 de circa 420 de kilometri de la est la vest, din ea mai sunt de finalizat circa 200 de km.<\/p>\n<p>\u00cen 2025 a fost deschis un tronson de 15 km al autostr\u0103zii Hemus, dup\u0103 \u0219apte ani de construc\u021bie (\u00eenceput\u0103 \u00een 2019), \u00eens\u0103 restul e sub semnul \u00eentreb\u0103rii, inclusiv conexiunea cu Veliko T\u00e2rnovo.<\/p>\n<p>Problema apare la partea de finan\u021bare: Autostrada Hemus este finan\u021bat\u0103 \u00een \u00eentregime din bugetul de stat, iar construc\u021bia se realizeaz\u0103 prin a\u0219a-numita metod\u0103 \u201eintern\u0103\u201d, prin care statul atribuie lucr\u0103rile de construc\u021bie companiei de stat Avtomagistrali, care apoi subcontracteaz\u0103 lucr\u0103rile prin contracte de furnizare de echipamente \u0219i materiale c\u0103tre companii private. Aceast\u0103 abordare ocole\u0219te procedurile standard de achizi\u021bii publice, scriu jurnali\u0219tii bulgari.<\/p>\n<p>Metoda a fost introdus\u0103 de al treilea guvern al lui Boyko Borissov cu scopul de a accelera construc\u021bia, cu promisiunea c\u0103 autostrada va fi finalizat\u0103 p\u00e2n\u0103 \u00een 2024. \u00cen practic\u0103, s-a dovedit ineficient\u0103, iar \u00een urma schimb\u0103rilor de guvern au fost lansate anchete de corup\u021bie, iar ast\u0103zi niciun reprezentant politic din Bulgaria nu este preg\u0103tit s\u0103 ofere un calendar pentru finalizarea celor 200 km r\u0103ma\u0219i.<\/p>\n<p>C\u00e2t prive\u0219te conexiunea pe Nord-Sud care trece prin Veliko T\u00e2rnovo, aceasta reprezint\u0103 o parte din re\u021beaua rutier\u0103 principal\u0103 european\u0103 TEN-T Core \u0219i parte din Coridorul 9 pan-european.<\/p>\n<p>Dac\u0103 autostrada Ruse\u2013Veliko Tarnovo este un proiect ferm \u0219i deja prinde contur, continuarea spre sud r\u0103m\u00e2ne deocamdat\u0103 la nivel de plan.<\/p>\n<p>La sud de Veliko Tarnovo, planurile Bulgariei prev\u0103d construirea unei autostr\u0103zi care s\u0103 treac\u0103 prin Stara Zagora \u0219i s\u0103 fac\u0103 leg\u0103tura, \u00een apropiere de Haskovo, cu autostrada Maritsa, care face leg\u0103tura cu Turcia.<\/p>\n<p>Apoi, mai departe, o rut\u0103 alternativ\u0103 de mare vitez\u0103 prin Kardzhali ar asigura conexiunea cu Grecia \u0219i Marea Egee.<\/p>\n<p><em><a href=\"https:\/\/hotnews.ro\/c\/actualitate\/proiect-pulse\">Proiectul PULSE<\/a>\u00a0este o ini\u021biativ\u0103 european\u0103 de promovare a parteneriatelor jurnalistice transfrontaliere, co-finan\u021bat\u0103 de Comisia European\u0103 (DG CONNECT) \u00een cadrul Ac\u021biunilor Multimedia prin acordul de grant LC-02772862.<\/em>\u00a0HotNews.ro colaboreaz\u0103 \u00een cadrul proiectului cu alte publica\u021bii prestigioase din Europa: Delfi (Lituania), Den\u00edk Referendum (Cehia), cel mai mare ziar austriac Der Standard (Austria), unele dintre cele mai mari publica\u021bii din Grecia \u2013 EFSYN, El Confidencial \u2013 Spania, cel mai mare ziar polonez Gazeta Wyborcza, cel mai vechi site analitic \u0219i informa\u021bional bulgar Mediapool, una dintre cele mai mari publica\u021bii independente maghiare HVG \u0219i ziar italian cu profil economic Il Sole 24 Ore, una dintre cele mai vechi \u0219i puternice publica\u021bii din Peninsul\u0103.<\/p>\n<p>Trei organiza\u021bii media transna\u021bionale de renume \u2013 OBCT (Italia), N-ost (Germania) \u0219i Voxeurop (Fran\u021ba) vor coordona activit\u0103\u021bile proiectului.<\/p>\n<p>Sursa articolului: <a title=\"\" href=\"https:\/\/hotnews.ro\/autostrada-romania-bulgaria-pana-in-grecia-giurgiu-ruse-veliko-tarnovo-2156185\" target=\"_blank\" rel=\"noopener\">HotNews<\/a><\/p>","protected":false},"excerpt":{"rendered":"<p>Rom\u00e2nia este deja conectat\u0103 pe autostrada cu Ungaria, iar acum lanseaz\u0103 proiectul s\u0103 construiasc\u0103 Autostrada \u201eMoldovei\u201d p\u00e2n\u0103 dincolo de Siret, \u00een Ucraina. Despre o conexiune de mare vitez\u0103 pe rutier cu Bulgaria, statul vecin de la sud de Dun\u0103re, se vorbe\u0219te \u00eens\u0103 mai pu\u021bin. Autorit\u0103\u021bile de la Sofia au \u00een plan s\u0103 aduc\u0103 autostrada p\u00e2n\u0103&#8230;<\/p>","protected":false},"author":4,"featured_media":0,"comment_status":"open","ping_status":"open","sticky":false,"template":"","format":"standard","meta":{"footnotes":""},"categories":[1],"tags":[],"class_list":["post-3687","post","type-post","status-publish","format-standard","hentry","category-uncategorized"],"yoast_head":"<!-- This site is optimized with the Yoast SEO plugin v26.1.1 - https:\/\/yoast.com\/wordpress\/plugins\/seo\/ -->\n<title>C\u00e2nd se vor uni Rom\u00e2nia \u0219i Bulgaria cu o autostrad\u0103 p\u00e2n\u0103 \u00een Grecia. La Ruse bulgarii vor s\u0103 ias\u0103 \u00een strad\u0103 s\u0103 protesteze \/ Cum arat\u0103 la zi planurile pentru o conexiune rapid\u0103 \u00eentre cele dou\u0103 \u021b\u0103ri - Carpathia Center Romania<\/title>\n<meta name=\"robots\" content=\"index, follow, max-snippet:-1, max-image-preview:large, max-video-preview:-1\" \/>\n<link rel=\"canonical\" href=\"https:\/\/carpathiacenter.ro\/en\/cand-se-vor-uni-romania-si-bulgaria-cu-o-autostrada-pana-in-grecia-la-ruse-bulgarii-vor-sa-iasa-in-strada-sa-protesteze-cum-arata-la-zi-planurile-pentru-o-conexiune-rapida-intre-cele-doua-tari\/\" \/>\n<meta property=\"og:locale\" content=\"en_GB\" \/>\n<meta property=\"og:type\" content=\"article\" \/>\n<meta property=\"og:title\" content=\"C\u00e2nd se vor uni Rom\u00e2nia \u0219i Bulgaria cu o autostrad\u0103 p\u00e2n\u0103 \u00een Grecia. La Ruse bulgarii vor s\u0103 ias\u0103 \u00een strad\u0103 s\u0103 protesteze \/ Cum arat\u0103 la zi planurile pentru o conexiune rapid\u0103 \u00eentre cele dou\u0103 \u021b\u0103ri - Carpathia Center Romania\" \/>\n<meta property=\"og:description\" content=\"Rom\u00e2nia este deja conectat\u0103 pe autostrada cu Ungaria, iar acum lanseaz\u0103 proiectul s\u0103 construiasc\u0103 Autostrada \u201eMoldovei\u201d p\u00e2n\u0103 dincolo de Siret, \u00een Ucraina. Despre o conexiune de mare vitez\u0103 pe rutier cu Bulgaria, statul vecin de la sud de Dun\u0103re, se vorbe\u0219te \u00eens\u0103 mai pu\u021bin. Autorit\u0103\u021bile de la Sofia au \u00een plan s\u0103 aduc\u0103 autostrada p\u00e2n\u0103...\" \/>\n<meta property=\"og:url\" content=\"https:\/\/carpathiacenter.ro\/en\/cand-se-vor-uni-romania-si-bulgaria-cu-o-autostrada-pana-in-grecia-la-ruse-bulgarii-vor-sa-iasa-in-strada-sa-protesteze-cum-arata-la-zi-planurile-pentru-o-conexiune-rapida-intre-cele-doua-tari\/\" \/>\n<meta property=\"og:site_name\" content=\"Carpathia Center Romania\" \/>\n<meta property=\"article:publisher\" content=\"https:\/\/www.facebook.com\/fdpscarpathia\/\" \/>\n<meta property=\"article:published_time\" content=\"2026-01-26T08:13:48+00:00\" \/>\n<meta property=\"article:modified_time\" content=\"2026-01-26T08:15:33+00:00\" \/>\n<meta name=\"author\" content=\"creativebitsolutions\" \/>\n<meta name=\"twitter:card\" content=\"summary_large_image\" \/>\n<meta name=\"twitter:label1\" content=\"Written by\" \/>\n\t<meta name=\"twitter:data1\" content=\"creativebitsolutions\" \/>\n\t<meta name=\"twitter:label2\" content=\"Estimated reading time\" \/>\n\t<meta name=\"twitter:data2\" content=\"11 minutes\" \/>\n<script type=\"application\/ld+json\" class=\"yoast-schema-graph\">{\"@context\":\"https:\/\/schema.org\",\"@graph\":[{\"@type\":\"Article\",\"@id\":\"https:\/\/carpathiacenter.ro\/cand-se-vor-uni-romania-si-bulgaria-cu-o-autostrada-pana-in-grecia-la-ruse-bulgarii-vor-sa-iasa-in-strada-sa-protesteze-cum-arata-la-zi-planurile-pentru-o-conexiune-rapida-intre-cele-doua-tari\/#article\",\"isPartOf\":{\"@id\":\"https:\/\/carpathiacenter.ro\/cand-se-vor-uni-romania-si-bulgaria-cu-o-autostrada-pana-in-grecia-la-ruse-bulgarii-vor-sa-iasa-in-strada-sa-protesteze-cum-arata-la-zi-planurile-pentru-o-conexiune-rapida-intre-cele-doua-tari\/\"},\"author\":{\"name\":\"creativebitsolutions\",\"@id\":\"https:\/\/carpathiacenter.ro\/#\/schema\/person\/03d9f58202fee8379268f34afa195006\"},\"headline\":\"C\u00e2nd se vor uni Rom\u00e2nia \u0219i Bulgaria cu o autostrad\u0103 p\u00e2n\u0103 \u00een Grecia. La Ruse bulgarii vor s\u0103 ias\u0103 \u00een strad\u0103 s\u0103 protesteze \/ Cum arat\u0103 la zi planurile pentru o conexiune rapid\u0103 \u00eentre cele dou\u0103 \u021b\u0103ri\",\"datePublished\":\"2026-01-26T08:13:48+00:00\",\"dateModified\":\"2026-01-26T08:15:33+00:00\",\"mainEntityOfPage\":{\"@id\":\"https:\/\/carpathiacenter.ro\/cand-se-vor-uni-romania-si-bulgaria-cu-o-autostrada-pana-in-grecia-la-ruse-bulgarii-vor-sa-iasa-in-strada-sa-protesteze-cum-arata-la-zi-planurile-pentru-o-conexiune-rapida-intre-cele-doua-tari\/\"},\"wordCount\":2079,\"commentCount\":0,\"publisher\":{\"@id\":\"https:\/\/carpathiacenter.ro\/#organization\"},\"articleSection\":[\"Uncategorized\"],\"inLanguage\":\"en-GB\",\"potentialAction\":[{\"@type\":\"CommentAction\",\"name\":\"Comment\",\"target\":[\"https:\/\/carpathiacenter.ro\/cand-se-vor-uni-romania-si-bulgaria-cu-o-autostrada-pana-in-grecia-la-ruse-bulgarii-vor-sa-iasa-in-strada-sa-protesteze-cum-arata-la-zi-planurile-pentru-o-conexiune-rapida-intre-cele-doua-tari\/#respond\"]}]},{\"@type\":\"WebPage\",\"@id\":\"https:\/\/carpathiacenter.ro\/cand-se-vor-uni-romania-si-bulgaria-cu-o-autostrada-pana-in-grecia-la-ruse-bulgarii-vor-sa-iasa-in-strada-sa-protesteze-cum-arata-la-zi-planurile-pentru-o-conexiune-rapida-intre-cele-doua-tari\/\",\"url\":\"https:\/\/carpathiacenter.ro\/cand-se-vor-uni-romania-si-bulgaria-cu-o-autostrada-pana-in-grecia-la-ruse-bulgarii-vor-sa-iasa-in-strada-sa-protesteze-cum-arata-la-zi-planurile-pentru-o-conexiune-rapida-intre-cele-doua-tari\/\",\"name\":\"C\u00e2nd se vor uni Rom\u00e2nia \u0219i Bulgaria cu o autostrad\u0103 p\u00e2n\u0103 \u00een Grecia. La Ruse bulgarii vor s\u0103 ias\u0103 \u00een strad\u0103 s\u0103 protesteze \/ Cum arat\u0103 la zi planurile pentru o conexiune rapid\u0103 \u00eentre cele dou\u0103 \u021b\u0103ri - Carpathia Center Romania\",\"isPartOf\":{\"@id\":\"https:\/\/carpathiacenter.ro\/#website\"},\"datePublished\":\"2026-01-26T08:13:48+00:00\",\"dateModified\":\"2026-01-26T08:15:33+00:00\",\"breadcrumb\":{\"@id\":\"https:\/\/carpathiacenter.ro\/cand-se-vor-uni-romania-si-bulgaria-cu-o-autostrada-pana-in-grecia-la-ruse-bulgarii-vor-sa-iasa-in-strada-sa-protesteze-cum-arata-la-zi-planurile-pentru-o-conexiune-rapida-intre-cele-doua-tari\/#breadcrumb\"},\"inLanguage\":\"en-GB\",\"potentialAction\":[{\"@type\":\"ReadAction\",\"target\":[\"https:\/\/carpathiacenter.ro\/cand-se-vor-uni-romania-si-bulgaria-cu-o-autostrada-pana-in-grecia-la-ruse-bulgarii-vor-sa-iasa-in-strada-sa-protesteze-cum-arata-la-zi-planurile-pentru-o-conexiune-rapida-intre-cele-doua-tari\/\"]}]},{\"@type\":\"BreadcrumbList\",\"@id\":\"https:\/\/carpathiacenter.ro\/cand-se-vor-uni-romania-si-bulgaria-cu-o-autostrada-pana-in-grecia-la-ruse-bulgarii-vor-sa-iasa-in-strada-sa-protesteze-cum-arata-la-zi-planurile-pentru-o-conexiune-rapida-intre-cele-doua-tari\/#breadcrumb\",\"itemListElement\":[{\"@type\":\"ListItem\",\"position\":1,\"name\":\"Prima pagin\u0103\",\"item\":\"https:\/\/carpathiacenter.ro\/\"},{\"@type\":\"ListItem\",\"position\":2,\"name\":\"C\u00e2nd se vor uni Rom\u00e2nia \u0219i Bulgaria cu o autostrad\u0103 p\u00e2n\u0103 \u00een Grecia. La Ruse bulgarii vor s\u0103 ias\u0103 \u00een strad\u0103 s\u0103 protesteze \/ Cum arat\u0103 la zi planurile pentru o conexiune rapid\u0103 \u00eentre cele dou\u0103 \u021b\u0103ri\"}]},{\"@type\":\"WebSite\",\"@id\":\"https:\/\/carpathiacenter.ro\/#website\",\"url\":\"https:\/\/carpathiacenter.ro\/\",\"name\":\"Carpathia Center Romania\",\"description\":\"Impossible made possible!\",\"publisher\":{\"@id\":\"https:\/\/carpathiacenter.ro\/#organization\"},\"potentialAction\":[{\"@type\":\"SearchAction\",\"target\":{\"@type\":\"EntryPoint\",\"urlTemplate\":\"https:\/\/carpathiacenter.ro\/?s={search_term_string}\"},\"query-input\":{\"@type\":\"PropertyValueSpecification\",\"valueRequired\":true,\"valueName\":\"search_term_string\"}}],\"inLanguage\":\"en-GB\"},{\"@type\":\"Organization\",\"@id\":\"https:\/\/carpathiacenter.ro\/#organization\",\"name\":\"Carpathia Center Romania\",\"url\":\"https:\/\/carpathiacenter.ro\/\",\"logo\":{\"@type\":\"ImageObject\",\"inLanguage\":\"en-GB\",\"@id\":\"https:\/\/carpathiacenter.ro\/#\/schema\/logo\/image\/\",\"url\":\"https:\/\/carpathiacenter.ro\/wp-content\/uploads\/2024\/07\/logo-carpathia_bg_white-1024x941.png\",\"contentUrl\":\"https:\/\/carpathiacenter.ro\/wp-content\/uploads\/2024\/07\/logo-carpathia_bg_white-1024x941.png\",\"width\":1024,\"height\":941,\"caption\":\"Carpathia Center Romania\"},\"image\":{\"@id\":\"https:\/\/carpathiacenter.ro\/#\/schema\/logo\/image\/\"},\"sameAs\":[\"https:\/\/www.facebook.com\/fdpscarpathia\/\"]},{\"@type\":\"Person\",\"@id\":\"https:\/\/carpathiacenter.ro\/#\/schema\/person\/03d9f58202fee8379268f34afa195006\",\"name\":\"creativebitsolutions\",\"image\":{\"@type\":\"ImageObject\",\"inLanguage\":\"en-GB\",\"@id\":\"https:\/\/carpathiacenter.ro\/#\/schema\/person\/image\/\",\"url\":\"https:\/\/secure.gravatar.com\/avatar\/1b1a13e37f847c635dab78348f1dff2f07651ee2a3d77a5c355a4b8c75f9165a?s=96&d=mm&r=g\",\"contentUrl\":\"https:\/\/secure.gravatar.com\/avatar\/1b1a13e37f847c635dab78348f1dff2f07651ee2a3d77a5c355a4b8c75f9165a?s=96&d=mm&r=g\",\"caption\":\"creativebitsolutions\"},\"url\":\"https:\/\/carpathiacenter.ro\/en\/author\/creativebitsolutions\/\"}]}<\/script>\n<!-- \/ Yoast SEO plugin. -->","yoast_head_json":{"title":"C\u00e2nd se vor uni Rom\u00e2nia \u0219i Bulgaria cu o autostrad\u0103 p\u00e2n\u0103 \u00een Grecia. La Ruse bulgarii vor s\u0103 ias\u0103 \u00een strad\u0103 s\u0103 protesteze \/ Cum arat\u0103 la zi planurile pentru o conexiune rapid\u0103 \u00eentre cele dou\u0103 \u021b\u0103ri - Carpathia Center Romania","robots":{"index":"index","follow":"follow","max-snippet":"max-snippet:-1","max-image-preview":"max-image-preview:large","max-video-preview":"max-video-preview:-1"},"canonical":"https:\/\/carpathiacenter.ro\/en\/cand-se-vor-uni-romania-si-bulgaria-cu-o-autostrada-pana-in-grecia-la-ruse-bulgarii-vor-sa-iasa-in-strada-sa-protesteze-cum-arata-la-zi-planurile-pentru-o-conexiune-rapida-intre-cele-doua-tari\/","og_locale":"en_GB","og_type":"article","og_title":"C\u00e2nd se vor uni Rom\u00e2nia \u0219i Bulgaria cu o autostrad\u0103 p\u00e2n\u0103 \u00een Grecia. La Ruse bulgarii vor s\u0103 ias\u0103 \u00een strad\u0103 s\u0103 protesteze \/ Cum arat\u0103 la zi planurile pentru o conexiune rapid\u0103 \u00eentre cele dou\u0103 \u021b\u0103ri - Carpathia Center Romania","og_description":"Rom\u00e2nia este deja conectat\u0103 pe autostrada cu Ungaria, iar acum lanseaz\u0103 proiectul s\u0103 construiasc\u0103 Autostrada \u201eMoldovei\u201d p\u00e2n\u0103 dincolo de Siret, \u00een Ucraina. Despre o conexiune de mare vitez\u0103 pe rutier cu Bulgaria, statul vecin de la sud de Dun\u0103re, se vorbe\u0219te \u00eens\u0103 mai pu\u021bin. Autorit\u0103\u021bile de la Sofia au \u00een plan s\u0103 aduc\u0103 autostrada p\u00e2n\u0103...","og_url":"https:\/\/carpathiacenter.ro\/en\/cand-se-vor-uni-romania-si-bulgaria-cu-o-autostrada-pana-in-grecia-la-ruse-bulgarii-vor-sa-iasa-in-strada-sa-protesteze-cum-arata-la-zi-planurile-pentru-o-conexiune-rapida-intre-cele-doua-tari\/","og_site_name":"Carpathia Center Romania","article_publisher":"https:\/\/www.facebook.com\/fdpscarpathia\/","article_published_time":"2026-01-26T08:13:48+00:00","article_modified_time":"2026-01-26T08:15:33+00:00","author":"creativebitsolutions","twitter_card":"summary_large_image","twitter_misc":{"Written by":"creativebitsolutions","Estimated reading time":"11 minutes"},"schema":{"@context":"https:\/\/schema.org","@graph":[{"@type":"Article","@id":"https:\/\/carpathiacenter.ro\/cand-se-vor-uni-romania-si-bulgaria-cu-o-autostrada-pana-in-grecia-la-ruse-bulgarii-vor-sa-iasa-in-strada-sa-protesteze-cum-arata-la-zi-planurile-pentru-o-conexiune-rapida-intre-cele-doua-tari\/#article","isPartOf":{"@id":"https:\/\/carpathiacenter.ro\/cand-se-vor-uni-romania-si-bulgaria-cu-o-autostrada-pana-in-grecia-la-ruse-bulgarii-vor-sa-iasa-in-strada-sa-protesteze-cum-arata-la-zi-planurile-pentru-o-conexiune-rapida-intre-cele-doua-tari\/"},"author":{"name":"creativebitsolutions","@id":"https:\/\/carpathiacenter.ro\/#\/schema\/person\/03d9f58202fee8379268f34afa195006"},"headline":"C\u00e2nd se vor uni Rom\u00e2nia \u0219i Bulgaria cu o autostrad\u0103 p\u00e2n\u0103 \u00een Grecia. La Ruse bulgarii vor s\u0103 ias\u0103 \u00een strad\u0103 s\u0103 protesteze \/ Cum arat\u0103 la zi planurile pentru o conexiune rapid\u0103 \u00eentre cele dou\u0103 \u021b\u0103ri","datePublished":"2026-01-26T08:13:48+00:00","dateModified":"2026-01-26T08:15:33+00:00","mainEntityOfPage":{"@id":"https:\/\/carpathiacenter.ro\/cand-se-vor-uni-romania-si-bulgaria-cu-o-autostrada-pana-in-grecia-la-ruse-bulgarii-vor-sa-iasa-in-strada-sa-protesteze-cum-arata-la-zi-planurile-pentru-o-conexiune-rapida-intre-cele-doua-tari\/"},"wordCount":2079,"commentCount":0,"publisher":{"@id":"https:\/\/carpathiacenter.ro\/#organization"},"articleSection":["Uncategorized"],"inLanguage":"en-GB","potentialAction":[{"@type":"CommentAction","name":"Comment","target":["https:\/\/carpathiacenter.ro\/cand-se-vor-uni-romania-si-bulgaria-cu-o-autostrada-pana-in-grecia-la-ruse-bulgarii-vor-sa-iasa-in-strada-sa-protesteze-cum-arata-la-zi-planurile-pentru-o-conexiune-rapida-intre-cele-doua-tari\/#respond"]}]},{"@type":"WebPage","@id":"https:\/\/carpathiacenter.ro\/cand-se-vor-uni-romania-si-bulgaria-cu-o-autostrada-pana-in-grecia-la-ruse-bulgarii-vor-sa-iasa-in-strada-sa-protesteze-cum-arata-la-zi-planurile-pentru-o-conexiune-rapida-intre-cele-doua-tari\/","url":"https:\/\/carpathiacenter.ro\/cand-se-vor-uni-romania-si-bulgaria-cu-o-autostrada-pana-in-grecia-la-ruse-bulgarii-vor-sa-iasa-in-strada-sa-protesteze-cum-arata-la-zi-planurile-pentru-o-conexiune-rapida-intre-cele-doua-tari\/","name":"C\u00e2nd se vor uni Rom\u00e2nia \u0219i Bulgaria cu o autostrad\u0103 p\u00e2n\u0103 \u00een Grecia. La Ruse bulgarii vor s\u0103 ias\u0103 \u00een strad\u0103 s\u0103 protesteze \/ Cum arat\u0103 la zi planurile pentru o conexiune rapid\u0103 \u00eentre cele dou\u0103 \u021b\u0103ri - Carpathia Center Romania","isPartOf":{"@id":"https:\/\/carpathiacenter.ro\/#website"},"datePublished":"2026-01-26T08:13:48+00:00","dateModified":"2026-01-26T08:15:33+00:00","breadcrumb":{"@id":"https:\/\/carpathiacenter.ro\/cand-se-vor-uni-romania-si-bulgaria-cu-o-autostrada-pana-in-grecia-la-ruse-bulgarii-vor-sa-iasa-in-strada-sa-protesteze-cum-arata-la-zi-planurile-pentru-o-conexiune-rapida-intre-cele-doua-tari\/#breadcrumb"},"inLanguage":"en-GB","potentialAction":[{"@type":"ReadAction","target":["https:\/\/carpathiacenter.ro\/cand-se-vor-uni-romania-si-bulgaria-cu-o-autostrada-pana-in-grecia-la-ruse-bulgarii-vor-sa-iasa-in-strada-sa-protesteze-cum-arata-la-zi-planurile-pentru-o-conexiune-rapida-intre-cele-doua-tari\/"]}]},{"@type":"BreadcrumbList","@id":"https:\/\/carpathiacenter.ro\/cand-se-vor-uni-romania-si-bulgaria-cu-o-autostrada-pana-in-grecia-la-ruse-bulgarii-vor-sa-iasa-in-strada-sa-protesteze-cum-arata-la-zi-planurile-pentru-o-conexiune-rapida-intre-cele-doua-tari\/#breadcrumb","itemListElement":[{"@type":"ListItem","position":1,"name":"Prima pagin\u0103","item":"https:\/\/carpathiacenter.ro\/"},{"@type":"ListItem","position":2,"name":"C\u00e2nd se vor uni Rom\u00e2nia \u0219i Bulgaria cu o autostrad\u0103 p\u00e2n\u0103 \u00een Grecia. La Ruse bulgarii vor s\u0103 ias\u0103 \u00een strad\u0103 s\u0103 protesteze \/ Cum arat\u0103 la zi planurile pentru o conexiune rapid\u0103 \u00eentre cele dou\u0103 \u021b\u0103ri"}]},{"@type":"WebSite","@id":"https:\/\/carpathiacenter.ro\/#website","url":"https:\/\/carpathiacenter.ro\/","name":"Carpathia Center Romania","description":"Impossible made possible!","publisher":{"@id":"https:\/\/carpathiacenter.ro\/#organization"},"potentialAction":[{"@type":"SearchAction","target":{"@type":"EntryPoint","urlTemplate":"https:\/\/carpathiacenter.ro\/?s={search_term_string}"},"query-input":{"@type":"PropertyValueSpecification","valueRequired":true,"valueName":"search_term_string"}}],"inLanguage":"en-GB"},{"@type":"Organization","@id":"https:\/\/carpathiacenter.ro\/#organization","name":"Carpathia Center Romania","url":"https:\/\/carpathiacenter.ro\/","logo":{"@type":"ImageObject","inLanguage":"en-GB","@id":"https:\/\/carpathiacenter.ro\/#\/schema\/logo\/image\/","url":"https:\/\/carpathiacenter.ro\/wp-content\/uploads\/2024\/07\/logo-carpathia_bg_white-1024x941.png","contentUrl":"https:\/\/carpathiacenter.ro\/wp-content\/uploads\/2024\/07\/logo-carpathia_bg_white-1024x941.png","width":1024,"height":941,"caption":"Carpathia Center Romania"},"image":{"@id":"https:\/\/carpathiacenter.ro\/#\/schema\/logo\/image\/"},"sameAs":["https:\/\/www.facebook.com\/fdpscarpathia\/"]},{"@type":"Person","@id":"https:\/\/carpathiacenter.ro\/#\/schema\/person\/03d9f58202fee8379268f34afa195006","name":"creativebitsolutions","image":{"@type":"ImageObject","inLanguage":"en-GB","@id":"https:\/\/carpathiacenter.ro\/#\/schema\/person\/image\/","url":"https:\/\/secure.gravatar.com\/avatar\/1b1a13e37f847c635dab78348f1dff2f07651ee2a3d77a5c355a4b8c75f9165a?s=96&d=mm&r=g","contentUrl":"https:\/\/secure.gravatar.com\/avatar\/1b1a13e37f847c635dab78348f1dff2f07651ee2a3d77a5c355a4b8c75f9165a?s=96&d=mm&r=g","caption":"creativebitsolutions"},"url":"https:\/\/carpathiacenter.ro\/en\/author\/creativebitsolutions\/"}]}},"_links":{"self":[{"href":"https:\/\/carpathiacenter.ro\/en\/wp-json\/wp\/v2\/posts\/3687","targetHints":{"allow":["GET"]}}],"collection":[{"href":"https:\/\/carpathiacenter.ro\/en\/wp-json\/wp\/v2\/posts"}],"about":[{"href":"https:\/\/carpathiacenter.ro\/en\/wp-json\/wp\/v2\/types\/post"}],"author":[{"embeddable":true,"href":"https:\/\/carpathiacenter.ro\/en\/wp-json\/wp\/v2\/users\/4"}],"replies":[{"embeddable":true,"href":"https:\/\/carpathiacenter.ro\/en\/wp-json\/wp\/v2\/comments?post=3687"}],"version-history":[{"count":3,"href":"https:\/\/carpathiacenter.ro\/en\/wp-json\/wp\/v2\/posts\/3687\/revisions"}],"predecessor-version":[{"id":3690,"href":"https:\/\/carpathiacenter.ro\/en\/wp-json\/wp\/v2\/posts\/3687\/revisions\/3690"}],"wp:attachment":[{"href":"https:\/\/carpathiacenter.ro\/en\/wp-json\/wp\/v2\/media?parent=3687"}],"wp:term":[{"taxonomy":"category","embeddable":true,"href":"https:\/\/carpathiacenter.ro\/en\/wp-json\/wp\/v2\/categories?post=3687"},{"taxonomy":"post_tag","embeddable":true,"href":"https:\/\/carpathiacenter.ro\/en\/wp-json\/wp\/v2\/tags?post=3687"}],"curies":[{"name":"wp","href":"https:\/\/api.w.org\/{rel}","templated":true}]}}