{"id":3682,"date":"2026-01-23T09:16:14","date_gmt":"2026-01-23T09:16:14","guid":{"rendered":"https:\/\/carpathiacenter.ro\/?p=3682"},"modified":"2026-01-23T09:16:14","modified_gmt":"2026-01-23T09:16:14","slug":"cancelaria-premierului-bolojan-vrea-sa-inchirieze-pana-la-19-masini-de-tip-suv-pick-up-pe-3-ani-procedura-folosita-aceeasi-ca-cea-de-anul-trecut-explicatiile-guvernului","status":"publish","type":"post","link":"https:\/\/carpathiacenter.ro\/en\/cancelaria-premierului-bolojan-vrea-sa-inchirieze-pana-la-19-masini-de-tip-suv-pick-up-pe-3-ani-procedura-folosita-aceeasi-ca-cea-de-anul-trecut-explicatiile-guvernului\/","title":{"rendered":"Cancelaria premierului Bolojan vrea s\u0103 \u00eenchirieze p\u00e2n\u0103 la 19 ma\u0219ini de tip SUV\/pick-up pe 3 ani. Procedura folosit\u0103, aceea\u0219i ca cea de anul trecut \/ Explica\u021biile Guvernului"},"content":{"rendered":"<p><strong>Cancelaria prim-ministrului, condus\u0103 de Mihai Jurca, a demarat joi o licita\u021bie deschis\u0103 pentru furnizarea prin leasing opera\u021bional a maxim 19 autovehicule categoria N1 (autoutilitare \u2013 n.r.) de tip SUV\/pick-up pe o perioad\u0103 de 3 ani, f\u0103r\u0103 a dob\u00e2ndi proprietatea asupra acestora, contract estimat la peste 2,1 milioane de lei (f\u0103t\u0103 TVA), potrivit unui anun\u021b publicat \u00een Sistemul Electronic de Achizi\u021bii Publice (SEAP).<\/strong><\/p>\n<p>Achizi\u021bia are loc \u00een contextul \u00een care expir\u0103 contractul de leasing opera\u021bional \u00eencheiat \u00een toamna anului trecut, prin care s-au \u00eenchiriat 17 autoutilitare, \u00een loc de autoturisme, pentru ca prevederile legii s\u0103 fie respectate.<\/p>\n<div id=\"billboard2\" class=\"inserted-position billboard-2\"><\/div>\n<p>\u201eObiectul acordului-cadru este de furnizare de autovehicule prin servicii de leasing opera\u021bional a maxim 19 autovehicule categoria N1 \u2013 caroserie de tip SUV\/pick-up cu cabin\u0103 dubl\u0103 complet \u00eenchis, cu destina\u021bie mixt\u0103 \u0219i arhitectur\u0103 \u00eenchis\u0103, pe 36 de luni, f\u0103r\u0103 a dob\u00e2ndi proprietatea asupra acestora.<\/p>\n<p>Leasingul opera\u021bional este o variant\u0103 \u00een care bunul este utilizat pe o perioad\u0103 determinat\u0103, iar la finalul contractului acesta este returnat locatorului (proprietarului)\u201d, scrie \u00een\u00a0<a href=\"https:\/\/www.e-licitatie.ro\/pub\/notices\/c-notice\/v2\/view\/100204188\" target=\"_blank\" rel=\"noreferrer noopener\">anun\u021bul de licita\u021bie.<\/a><\/p>\n<p>Cu alte cuvinte, cele 19 autovehicule vor fi \u00eenchiriate, nu cump\u0103rate.<\/p>\n<div id=\"billboard3\" class=\"inserted-position billboard-3\"><\/div>\n<p>Termenul limit\u0103 pentru primirea ofertelor sau a cererilor de participare este 23 februarie 2026. \u00cen aceea\u0219i zi va avea loc \u0219i \u0219edin\u021ba de deschidere a ofertelor.<\/p>\n<h2 class=\"wp-block-heading\">De ce nu mai sunt suficiente 17 ma\u0219ini ca anul trecut<\/h2>\n<p>\u00cen documenta\u021bia de atribuire se precizeaz\u0103 motivele pentru care se cer maxim 19 autovehicule, astfel:<\/p>\n<p>\u201e\u00cen prezent, \u00een cadrul Cancelariei \u00ee\u015fi desf\u0103\u015foar\u0103 activitatea un num\u0103r de 14 demnitari, respectiv 3 secretari de stat \u015fi 10 consilieri de stat, precum \u015fi directorul de cabinet al prim-ministrului, cu rang de secretar de stat.<\/p>\n<div id=\"billboard4\" class=\"inserted-position billboard-4 mobile\"><\/div>\n<p>Drept urmare, este necesar un num\u0103r de cel pu\u021bin 14 autovehicule care s\u0103 fie puse la dispozi\u021bia acestora. Totodat\u0103, pentru activitatea curent\u0103 a cabinetului \u0219efului Cancelariei Prim-Ministrului este necesar un num\u0103r de cel pu\u021bin 1 autovehicul. Acest autovehicul trebuie s\u0103 asigure desf\u0103\u0219urarea activit\u0103\u021bilor specifice ale cabinetului.<\/p>\n<p>De asemenea, pentru realizarea \u00een bune condi\u021bii a activit\u0103\u021bii \u00eentreprinse de structurile de specialitate de la nivelul Cancelariei, respectiv activitatea de gestiune economico-administrativ\u0103, protocol \u0219i comunicare, prezen\u021b\u0103 la termenele de judecat\u0103, la Trezorerie pentru efectuarea pl\u0103\u021bilor specifice, de transport la institu\u021bii publice pentru ob\u021binerea anumitor avize sau \u0219edin\u021be de lucru sau interinstitu\u021bionale \u0219.a.m.d. este necesar un num\u0103r de cel pu\u021bin 4 autovehicule\u201d.<\/p>\n<p>HotNews.ro a semnalat Guvernului c\u0103 \u00een toamna anului trecut Cancelaria a \u00eencheiat un contract de leasing opera\u021bional pentru 17 autovehicule N1 Dacia Duster pick-up noi \u0219i a anun\u021bat c\u0103 Ford a fost dispus\u0103 s\u0103 pun\u0103 la dispozi\u021bie, printr-un contract de comodat (gratuit), dou\u0103 autoturisme electrice Puma, produse \u00een Rom\u00e2nia.<\/p>\n<p>Mihai Jurca, \u0219eful Cancelariei lui Bolojan,\u00a0<a href=\"https:\/\/hotnews.ro\/acuzat-de-sindicatul-din-guvern-ca-a-achizitionat-ilegal-17-masini-duster-seful-cancelariei-premierului-explica-au-fost-inchiriate-autoutilitare-ca-sa-nu-incalcam-legea-ce-economie-spune-ca-a-facu-2078799\" target=\"_blank\" rel=\"noreferrer noopener\">declara atunci<\/a>\u00a0c\u0103 \u201ecele 17 ma\u0219ini \u00eenchiriate vor fi folosite de angaja\u021bii Cancelariei \u0219i de demnitari \u0219i c\u0103 num\u0103rul acestora este suficient\u201d.<\/p>\n<div id=\"billboard5\" class=\"inserted-position billboard-5 mobile\"><\/div>\n<p>De ce nu mai sunt suficiente 17 ma\u0219ini?<\/p>\n<p>\u201eNecesarul estimat de ma\u0219ini pentru direc\u021bii \u0219i demnitari a fost calculat dintr-un bun \u00eenceput \u00eentre un minim de 15 \u0219i un maxim 19 buc\u0103\u021bi. \u00cen prima faz\u0103 era vorba de 17 ma\u0219ini \u00een leasing opera\u021bional \u0219i dou\u0103 ma\u0219ini Ford Puma electrice care ar fi trebuit luate \u00een comodat (folosin\u021b\u0103 gratuit\u0103) de la Ford. Acest din urm\u0103 contract de comodat nu a fost \u00eencheiat, motiv pentru care a existat \u00een aceste luni un deficit de dou\u0103 ma\u0219ini. Noul contract fiind pe 3 ani, trebuie s\u0103 acopere necesarul integral al nevoilor Cancelariei\u201d, a precizat joi pentru HotNews.ro biroul purt\u0103toarei de cuv\u00e2nt a Guvernului, Ioana Dogioiu.<\/p>\n<p>Oficialii Guvernului reamintesc \u00een r\u0103spunsul transmis joi seara pentru HotNews.ro c\u0103 \u201eeconomia realizat\u0103 de Cancelarie prin \u00eencheierea contractului de leasing opera\u021bional pentru cele 17 ma\u0219ini a redus cheltuiala lunar\u0103 \u00een acest domeniu de la 840.000 lei la 84.000 lei\u201d.<\/p>\n<div id=\"billboard6\" class=\"inserted-position billboard-6 mobile\"><\/div>\n<h2 class=\"wp-block-heading\">Cum poate Cancelaria premierului s\u0103 \u00eenchirieze ma\u0219ini<\/h2>\n<p>Cancelaria explic\u0103 \u00een caietul de licita\u021bie c\u0103 cere \u201ecategoria N1 de autovehicule\u201d, care este definit\u0103 conform Reglement\u0103rilor privind omologarea de tip \u0219i eliberarea c\u0103r\u021bii de identitate a vehiculelor rutiere, precum \u0219i omologarea de tip a produselor utilizate la acestea \u2013 RNTR, care nu intr\u0103 sub inciden\u021ba legisla\u021biei (OUG 34\/2023 n.a.) care interzice achizi\u021bia, preluarea \u00een leasing sau \u00eenchirierea de autoturisme.<\/p>\n<p>Potrivit acestor reglement\u0103ri, autoutilitara (autovehicul transport marf\u0103) este definit\u0103 ca: \u201eautovehicul din categoria N1, N2 sau N3, cu cel pu\u0163in 4 ro\u0163i \u015fi o vitez\u0103 maxim\u0103 constructiv\u0103 mai mare de 25 km\/h, conceput \u015fi construit pentru transportul de m\u0103rfuri \u015fi care poate tracta o remorc\u0103\u201d.<\/p>\n<p>Pe de alt\u0103 parte, autoturismul este definit ca: \u201eautovehicul din categoria M1, cu cel pu\u0163in 4 ro\u0163i \u015fi o vitez\u0103 maxim\u0103 constructiv\u0103 mai mare de 25 km\/h, conceput \u015fi construit pentru transportul de pasageri \u015fi care are, \u00een afara locului conduc\u0103torului, cel mult 8 locuri \u015fez\u00e2nd\u201d.<\/p>\n<p>Cu alte cuvinte, Cancelaria a folosit acela\u0219i prevederi ca \u00een toamna anului trecut pentru a \u00eenchiria ma\u0219ini astfel \u00eenc\u00e2t legea s\u0103 fie respectat\u0103.<\/p>\n<div id=\"billboard7\" class=\"inserted-position billboard-7 mobile\"><\/div>\n<h2 class=\"wp-block-heading\">Mihai Jurca, \u00een scandalul iscat anul trecut: Au fost \u00eenchiriate autoutilitare, ca s\u0103 nu \u00eenc\u0103lc\u0103m legea<\/h2>\n<p>\u0218eful Cancelariei, Mihai Jurca, a fost acuzat \u00een luna octombrie a anului trecut de Sindicatul Angaja\u021bilor din Aparatul de Lucru al Guvernului (SAALG) c\u0103 a decis s\u0103 fenteze legea \u0219i a achizi\u021bionat ilegal 17 ma\u0219ini Duster de tip \u201epick-up\u201d.<\/p>\n<p>Mihai Jurca a recunoscut, \u00eentr-o conferin\u021b\u0103 de pres\u0103 din 3 octombrie, c\u0103 legea interzice \u00een acest moment institu\u021biilor s\u0103 \u00eenchirieze un anumit tip de vehicule. A\u0219a c\u0103, a precizat el, pentru c\u0103 Guvernul voia s\u0103 reduc\u0103 cheltuielile la acest capitol, cancelaria premierului a decis\u00a0<a href=\"https:\/\/hotnews.ro\/acuzat-de-sindicatul-din-guvern-ca-a-achizitionat-ilegal-17-masini-duster-seful-cancelariei-premierului-explica-au-fost-inchiriate-autoutilitare-ca-sa-nu-incalcam-legea-ce-economie-spune-ca-a-facu-2078799\" target=\"_blank\" rel=\"noreferrer noopener\">s\u0103 \u00eenchirieze, pentru trei luni, ma\u0219ini \u00eencadrate la categoria \u201eutilitare\u201d<\/a>.<\/p>\n<p>El a mai sus\u021binut c\u0103 astfel s-a ajuns la \u201ecosturi de 10 ori mai mici\u201d.<\/p>\n<p>\u201eAveam un contract cu RAAPPS pentru 30 de ma\u0219ini cu \u0219ef, costurile erau aproximativ 850.000 de lei, astfel c\u0103 am redus costurile la jum\u0103tate, ini\u021bial. \u00cen toat\u0103 aceast\u0103 perioad\u0103 am c\u0103utat solu\u021bii ca suma s\u0103 fie mai mic\u0103. Am cerut ofert\u0103 de pre\u021b at\u00e2t de la RAAPPS pentru a \u00eenchiria ma\u0219ini cu \u0219ofer sau f\u0103r\u0103 \u0219ofer, c\u00e2t \u0219i de la Ford \u0219i Dacia, doi produc\u0103tori din Rom\u00e2nia. Ofertele de la RAAPPS au fost de 120.000 de lei lunar, iar oferta de la Dacia a fost de 80.000 dei lei pe lun\u0103. \u00cen discu\u021biile cu cei de la Ford am convenit s\u0103 fie alocat\u0103 cu contract de comodat gratuit, dou\u0103 ma\u0219ini, pentru a fi folosite de colegii din Cancelarie\u201d, a explicat, la acel moment, Mihai Jurca, cum a ajuns institu\u021bia s\u0103 \u00eenchirieze cele 17 ma\u0219ini.<\/p>\n<p>Contractul a fost luat prin achizi\u021bie direct\u0103, iar firma care ofer\u0103 ma\u0219inile este \u201eI.F.N. RCI Leasing Romania IFN S.A\u201d, conform datelor de pe SEAP.<\/p>\n<div id=\"billboard8\" class=\"inserted-position billboard-8 mobile\"><\/div>\n<p>Datele achizi\u021biei directe disponibile pe SEAP pot fi v\u0103zute\u00a0<a href=\"https:\/\/www.e-licitatie.ro\/pub\/direct-acquisition\/view\/120556446\" target=\"_blank\" rel=\"noreferrer noopener\">AICI<\/a>.<\/p>\n<p>Jurca a spus c\u0103 nu se cunoa\u0219te cu administratorul firmei. Conform caietului de sarcini, ma\u0219inile trebuie s\u0103 fie noi, nefolosite \u0219i s\u0103 aib\u0103 o culoare \u201ec\u00e2t mai \u00eenchis\u0103\u201d.<\/p>\n<p>Sursa articolului:  <a href=\"https:\/\/hotnews.ro\/cancelaria-premierului-bolojan-vrea-sa-inchirieze-pana-la-19-masini-de-tip-suv-pick-up-pe-3-ani-procedura-folosita-aceeasi-ca-cea-de-anul-trecut-explicatiile-guvernului-2155507\" target=\"_blank\" rel=\"noopener\" title=\"\">HotNews<\/a><\/p>","protected":false},"excerpt":{"rendered":"<p>Cancelaria prim-ministrului, condus\u0103 de Mihai Jurca, a demarat joi o licita\u021bie deschis\u0103 pentru furnizarea prin leasing opera\u021bional a maxim 19 autovehicule categoria N1 (autoutilitare \u2013 n.r.) de tip SUV\/pick-up pe o perioad\u0103 de 3 ani, f\u0103r\u0103 a dob\u00e2ndi proprietatea asupra acestora, contract estimat la peste 2,1 milioane de lei (f\u0103t\u0103 TVA), potrivit unui anun\u021b publicat&#8230;<\/p>","protected":false},"author":4,"featured_media":0,"comment_status":"open","ping_status":"open","sticky":false,"template":"","format":"standard","meta":{"footnotes":""},"categories":[1],"tags":[],"class_list":["post-3682","post","type-post","status-publish","format-standard","hentry","category-uncategorized"],"yoast_head":"<!-- This site is optimized with the Yoast SEO plugin v26.1.1 - https:\/\/yoast.com\/wordpress\/plugins\/seo\/ -->\n<title>Cancelaria premierului Bolojan vrea s\u0103 \u00eenchirieze p\u00e2n\u0103 la 19 ma\u0219ini de tip SUV\/pick-up pe 3 ani. Procedura folosit\u0103, aceea\u0219i ca cea de anul trecut \/ Explica\u021biile Guvernului - Carpathia Center Romania<\/title>\n<meta name=\"robots\" content=\"index, follow, max-snippet:-1, max-image-preview:large, max-video-preview:-1\" \/>\n<link rel=\"canonical\" href=\"https:\/\/carpathiacenter.ro\/en\/cancelaria-premierului-bolojan-vrea-sa-inchirieze-pana-la-19-masini-de-tip-suv-pick-up-pe-3-ani-procedura-folosita-aceeasi-ca-cea-de-anul-trecut-explicatiile-guvernului\/\" \/>\n<meta property=\"og:locale\" content=\"en_GB\" \/>\n<meta property=\"og:type\" content=\"article\" \/>\n<meta property=\"og:title\" content=\"Cancelaria premierului Bolojan vrea s\u0103 \u00eenchirieze p\u00e2n\u0103 la 19 ma\u0219ini de tip SUV\/pick-up pe 3 ani. Procedura folosit\u0103, aceea\u0219i ca cea de anul trecut \/ Explica\u021biile Guvernului - Carpathia Center Romania\" \/>\n<meta property=\"og:description\" content=\"Cancelaria prim-ministrului, condus\u0103 de Mihai Jurca, a demarat joi o licita\u021bie deschis\u0103 pentru furnizarea prin leasing opera\u021bional a maxim 19 autovehicule categoria N1 (autoutilitare \u2013 n.r.) de tip SUV\/pick-up pe o perioad\u0103 de 3 ani, f\u0103r\u0103 a dob\u00e2ndi proprietatea asupra acestora, contract estimat la peste 2,1 milioane de lei (f\u0103t\u0103 TVA), potrivit unui anun\u021b publicat...\" \/>\n<meta property=\"og:url\" content=\"https:\/\/carpathiacenter.ro\/en\/cancelaria-premierului-bolojan-vrea-sa-inchirieze-pana-la-19-masini-de-tip-suv-pick-up-pe-3-ani-procedura-folosita-aceeasi-ca-cea-de-anul-trecut-explicatiile-guvernului\/\" \/>\n<meta property=\"og:site_name\" content=\"Carpathia Center Romania\" \/>\n<meta property=\"article:publisher\" content=\"https:\/\/www.facebook.com\/fdpscarpathia\/\" \/>\n<meta property=\"article:published_time\" content=\"2026-01-23T09:16:14+00:00\" \/>\n<meta name=\"author\" content=\"creativebitsolutions\" \/>\n<meta name=\"twitter:card\" content=\"summary_large_image\" \/>\n<meta name=\"twitter:label1\" content=\"Written by\" \/>\n\t<meta name=\"twitter:data1\" content=\"creativebitsolutions\" \/>\n\t<meta name=\"twitter:label2\" content=\"Estimated reading time\" \/>\n\t<meta name=\"twitter:data2\" content=\"7 minutes\" \/>\n<script type=\"application\/ld+json\" class=\"yoast-schema-graph\">{\"@context\":\"https:\/\/schema.org\",\"@graph\":[{\"@type\":\"Article\",\"@id\":\"https:\/\/carpathiacenter.ro\/cancelaria-premierului-bolojan-vrea-sa-inchirieze-pana-la-19-masini-de-tip-suv-pick-up-pe-3-ani-procedura-folosita-aceeasi-ca-cea-de-anul-trecut-explicatiile-guvernului\/#article\",\"isPartOf\":{\"@id\":\"https:\/\/carpathiacenter.ro\/cancelaria-premierului-bolojan-vrea-sa-inchirieze-pana-la-19-masini-de-tip-suv-pick-up-pe-3-ani-procedura-folosita-aceeasi-ca-cea-de-anul-trecut-explicatiile-guvernului\/\"},\"author\":{\"name\":\"creativebitsolutions\",\"@id\":\"https:\/\/carpathiacenter.ro\/#\/schema\/person\/03d9f58202fee8379268f34afa195006\"},\"headline\":\"Cancelaria premierului Bolojan vrea s\u0103 \u00eenchirieze p\u00e2n\u0103 la 19 ma\u0219ini de tip SUV\/pick-up pe 3 ani. Procedura folosit\u0103, aceea\u0219i ca cea de anul trecut \/ Explica\u021biile Guvernului\",\"datePublished\":\"2026-01-23T09:16:14+00:00\",\"mainEntityOfPage\":{\"@id\":\"https:\/\/carpathiacenter.ro\/cancelaria-premierului-bolojan-vrea-sa-inchirieze-pana-la-19-masini-de-tip-suv-pick-up-pe-3-ani-procedura-folosita-aceeasi-ca-cea-de-anul-trecut-explicatiile-guvernului\/\"},\"wordCount\":1213,\"commentCount\":0,\"publisher\":{\"@id\":\"https:\/\/carpathiacenter.ro\/#organization\"},\"articleSection\":[\"Uncategorized\"],\"inLanguage\":\"en-GB\",\"potentialAction\":[{\"@type\":\"CommentAction\",\"name\":\"Comment\",\"target\":[\"https:\/\/carpathiacenter.ro\/cancelaria-premierului-bolojan-vrea-sa-inchirieze-pana-la-19-masini-de-tip-suv-pick-up-pe-3-ani-procedura-folosita-aceeasi-ca-cea-de-anul-trecut-explicatiile-guvernului\/#respond\"]}]},{\"@type\":\"WebPage\",\"@id\":\"https:\/\/carpathiacenter.ro\/cancelaria-premierului-bolojan-vrea-sa-inchirieze-pana-la-19-masini-de-tip-suv-pick-up-pe-3-ani-procedura-folosita-aceeasi-ca-cea-de-anul-trecut-explicatiile-guvernului\/\",\"url\":\"https:\/\/carpathiacenter.ro\/cancelaria-premierului-bolojan-vrea-sa-inchirieze-pana-la-19-masini-de-tip-suv-pick-up-pe-3-ani-procedura-folosita-aceeasi-ca-cea-de-anul-trecut-explicatiile-guvernului\/\",\"name\":\"Cancelaria premierului Bolojan vrea s\u0103 \u00eenchirieze p\u00e2n\u0103 la 19 ma\u0219ini de tip SUV\/pick-up pe 3 ani. Procedura folosit\u0103, aceea\u0219i ca cea de anul trecut \/ Explica\u021biile Guvernului - Carpathia Center Romania\",\"isPartOf\":{\"@id\":\"https:\/\/carpathiacenter.ro\/#website\"},\"datePublished\":\"2026-01-23T09:16:14+00:00\",\"breadcrumb\":{\"@id\":\"https:\/\/carpathiacenter.ro\/cancelaria-premierului-bolojan-vrea-sa-inchirieze-pana-la-19-masini-de-tip-suv-pick-up-pe-3-ani-procedura-folosita-aceeasi-ca-cea-de-anul-trecut-explicatiile-guvernului\/#breadcrumb\"},\"inLanguage\":\"en-GB\",\"potentialAction\":[{\"@type\":\"ReadAction\",\"target\":[\"https:\/\/carpathiacenter.ro\/cancelaria-premierului-bolojan-vrea-sa-inchirieze-pana-la-19-masini-de-tip-suv-pick-up-pe-3-ani-procedura-folosita-aceeasi-ca-cea-de-anul-trecut-explicatiile-guvernului\/\"]}]},{\"@type\":\"BreadcrumbList\",\"@id\":\"https:\/\/carpathiacenter.ro\/cancelaria-premierului-bolojan-vrea-sa-inchirieze-pana-la-19-masini-de-tip-suv-pick-up-pe-3-ani-procedura-folosita-aceeasi-ca-cea-de-anul-trecut-explicatiile-guvernului\/#breadcrumb\",\"itemListElement\":[{\"@type\":\"ListItem\",\"position\":1,\"name\":\"Prima pagin\u0103\",\"item\":\"https:\/\/carpathiacenter.ro\/\"},{\"@type\":\"ListItem\",\"position\":2,\"name\":\"Cancelaria premierului Bolojan vrea s\u0103 \u00eenchirieze p\u00e2n\u0103 la 19 ma\u0219ini de tip SUV\/pick-up pe 3 ani. Procedura folosit\u0103, aceea\u0219i ca cea de anul trecut \/ Explica\u021biile Guvernului\"}]},{\"@type\":\"WebSite\",\"@id\":\"https:\/\/carpathiacenter.ro\/#website\",\"url\":\"https:\/\/carpathiacenter.ro\/\",\"name\":\"Carpathia Center Romania\",\"description\":\"Impossible made possible!\",\"publisher\":{\"@id\":\"https:\/\/carpathiacenter.ro\/#organization\"},\"potentialAction\":[{\"@type\":\"SearchAction\",\"target\":{\"@type\":\"EntryPoint\",\"urlTemplate\":\"https:\/\/carpathiacenter.ro\/?s={search_term_string}\"},\"query-input\":{\"@type\":\"PropertyValueSpecification\",\"valueRequired\":true,\"valueName\":\"search_term_string\"}}],\"inLanguage\":\"en-GB\"},{\"@type\":\"Organization\",\"@id\":\"https:\/\/carpathiacenter.ro\/#organization\",\"name\":\"Carpathia Center Romania\",\"url\":\"https:\/\/carpathiacenter.ro\/\",\"logo\":{\"@type\":\"ImageObject\",\"inLanguage\":\"en-GB\",\"@id\":\"https:\/\/carpathiacenter.ro\/#\/schema\/logo\/image\/\",\"url\":\"https:\/\/carpathiacenter.ro\/wp-content\/uploads\/2024\/07\/logo-carpathia_bg_white-1024x941.png\",\"contentUrl\":\"https:\/\/carpathiacenter.ro\/wp-content\/uploads\/2024\/07\/logo-carpathia_bg_white-1024x941.png\",\"width\":1024,\"height\":941,\"caption\":\"Carpathia Center Romania\"},\"image\":{\"@id\":\"https:\/\/carpathiacenter.ro\/#\/schema\/logo\/image\/\"},\"sameAs\":[\"https:\/\/www.facebook.com\/fdpscarpathia\/\"]},{\"@type\":\"Person\",\"@id\":\"https:\/\/carpathiacenter.ro\/#\/schema\/person\/03d9f58202fee8379268f34afa195006\",\"name\":\"creativebitsolutions\",\"image\":{\"@type\":\"ImageObject\",\"inLanguage\":\"en-GB\",\"@id\":\"https:\/\/carpathiacenter.ro\/#\/schema\/person\/image\/\",\"url\":\"https:\/\/secure.gravatar.com\/avatar\/1b1a13e37f847c635dab78348f1dff2f07651ee2a3d77a5c355a4b8c75f9165a?s=96&d=mm&r=g\",\"contentUrl\":\"https:\/\/secure.gravatar.com\/avatar\/1b1a13e37f847c635dab78348f1dff2f07651ee2a3d77a5c355a4b8c75f9165a?s=96&d=mm&r=g\",\"caption\":\"creativebitsolutions\"},\"url\":\"https:\/\/carpathiacenter.ro\/en\/author\/creativebitsolutions\/\"}]}<\/script>\n<!-- \/ Yoast SEO plugin. -->","yoast_head_json":{"title":"Cancelaria premierului Bolojan vrea s\u0103 \u00eenchirieze p\u00e2n\u0103 la 19 ma\u0219ini de tip SUV\/pick-up pe 3 ani. Procedura folosit\u0103, aceea\u0219i ca cea de anul trecut \/ Explica\u021biile Guvernului - Carpathia Center Romania","robots":{"index":"index","follow":"follow","max-snippet":"max-snippet:-1","max-image-preview":"max-image-preview:large","max-video-preview":"max-video-preview:-1"},"canonical":"https:\/\/carpathiacenter.ro\/en\/cancelaria-premierului-bolojan-vrea-sa-inchirieze-pana-la-19-masini-de-tip-suv-pick-up-pe-3-ani-procedura-folosita-aceeasi-ca-cea-de-anul-trecut-explicatiile-guvernului\/","og_locale":"en_GB","og_type":"article","og_title":"Cancelaria premierului Bolojan vrea s\u0103 \u00eenchirieze p\u00e2n\u0103 la 19 ma\u0219ini de tip SUV\/pick-up pe 3 ani. Procedura folosit\u0103, aceea\u0219i ca cea de anul trecut \/ Explica\u021biile Guvernului - Carpathia Center Romania","og_description":"Cancelaria prim-ministrului, condus\u0103 de Mihai Jurca, a demarat joi o licita\u021bie deschis\u0103 pentru furnizarea prin leasing opera\u021bional a maxim 19 autovehicule categoria N1 (autoutilitare \u2013 n.r.) de tip SUV\/pick-up pe o perioad\u0103 de 3 ani, f\u0103r\u0103 a dob\u00e2ndi proprietatea asupra acestora, contract estimat la peste 2,1 milioane de lei (f\u0103t\u0103 TVA), potrivit unui anun\u021b publicat...","og_url":"https:\/\/carpathiacenter.ro\/en\/cancelaria-premierului-bolojan-vrea-sa-inchirieze-pana-la-19-masini-de-tip-suv-pick-up-pe-3-ani-procedura-folosita-aceeasi-ca-cea-de-anul-trecut-explicatiile-guvernului\/","og_site_name":"Carpathia Center Romania","article_publisher":"https:\/\/www.facebook.com\/fdpscarpathia\/","article_published_time":"2026-01-23T09:16:14+00:00","author":"creativebitsolutions","twitter_card":"summary_large_image","twitter_misc":{"Written by":"creativebitsolutions","Estimated reading time":"7 minutes"},"schema":{"@context":"https:\/\/schema.org","@graph":[{"@type":"Article","@id":"https:\/\/carpathiacenter.ro\/cancelaria-premierului-bolojan-vrea-sa-inchirieze-pana-la-19-masini-de-tip-suv-pick-up-pe-3-ani-procedura-folosita-aceeasi-ca-cea-de-anul-trecut-explicatiile-guvernului\/#article","isPartOf":{"@id":"https:\/\/carpathiacenter.ro\/cancelaria-premierului-bolojan-vrea-sa-inchirieze-pana-la-19-masini-de-tip-suv-pick-up-pe-3-ani-procedura-folosita-aceeasi-ca-cea-de-anul-trecut-explicatiile-guvernului\/"},"author":{"name":"creativebitsolutions","@id":"https:\/\/carpathiacenter.ro\/#\/schema\/person\/03d9f58202fee8379268f34afa195006"},"headline":"Cancelaria premierului Bolojan vrea s\u0103 \u00eenchirieze p\u00e2n\u0103 la 19 ma\u0219ini de tip SUV\/pick-up pe 3 ani. Procedura folosit\u0103, aceea\u0219i ca cea de anul trecut \/ Explica\u021biile Guvernului","datePublished":"2026-01-23T09:16:14+00:00","mainEntityOfPage":{"@id":"https:\/\/carpathiacenter.ro\/cancelaria-premierului-bolojan-vrea-sa-inchirieze-pana-la-19-masini-de-tip-suv-pick-up-pe-3-ani-procedura-folosita-aceeasi-ca-cea-de-anul-trecut-explicatiile-guvernului\/"},"wordCount":1213,"commentCount":0,"publisher":{"@id":"https:\/\/carpathiacenter.ro\/#organization"},"articleSection":["Uncategorized"],"inLanguage":"en-GB","potentialAction":[{"@type":"CommentAction","name":"Comment","target":["https:\/\/carpathiacenter.ro\/cancelaria-premierului-bolojan-vrea-sa-inchirieze-pana-la-19-masini-de-tip-suv-pick-up-pe-3-ani-procedura-folosita-aceeasi-ca-cea-de-anul-trecut-explicatiile-guvernului\/#respond"]}]},{"@type":"WebPage","@id":"https:\/\/carpathiacenter.ro\/cancelaria-premierului-bolojan-vrea-sa-inchirieze-pana-la-19-masini-de-tip-suv-pick-up-pe-3-ani-procedura-folosita-aceeasi-ca-cea-de-anul-trecut-explicatiile-guvernului\/","url":"https:\/\/carpathiacenter.ro\/cancelaria-premierului-bolojan-vrea-sa-inchirieze-pana-la-19-masini-de-tip-suv-pick-up-pe-3-ani-procedura-folosita-aceeasi-ca-cea-de-anul-trecut-explicatiile-guvernului\/","name":"Cancelaria premierului Bolojan vrea s\u0103 \u00eenchirieze p\u00e2n\u0103 la 19 ma\u0219ini de tip SUV\/pick-up pe 3 ani. Procedura folosit\u0103, aceea\u0219i ca cea de anul trecut \/ Explica\u021biile Guvernului - Carpathia Center Romania","isPartOf":{"@id":"https:\/\/carpathiacenter.ro\/#website"},"datePublished":"2026-01-23T09:16:14+00:00","breadcrumb":{"@id":"https:\/\/carpathiacenter.ro\/cancelaria-premierului-bolojan-vrea-sa-inchirieze-pana-la-19-masini-de-tip-suv-pick-up-pe-3-ani-procedura-folosita-aceeasi-ca-cea-de-anul-trecut-explicatiile-guvernului\/#breadcrumb"},"inLanguage":"en-GB","potentialAction":[{"@type":"ReadAction","target":["https:\/\/carpathiacenter.ro\/cancelaria-premierului-bolojan-vrea-sa-inchirieze-pana-la-19-masini-de-tip-suv-pick-up-pe-3-ani-procedura-folosita-aceeasi-ca-cea-de-anul-trecut-explicatiile-guvernului\/"]}]},{"@type":"BreadcrumbList","@id":"https:\/\/carpathiacenter.ro\/cancelaria-premierului-bolojan-vrea-sa-inchirieze-pana-la-19-masini-de-tip-suv-pick-up-pe-3-ani-procedura-folosita-aceeasi-ca-cea-de-anul-trecut-explicatiile-guvernului\/#breadcrumb","itemListElement":[{"@type":"ListItem","position":1,"name":"Prima pagin\u0103","item":"https:\/\/carpathiacenter.ro\/"},{"@type":"ListItem","position":2,"name":"Cancelaria premierului Bolojan vrea s\u0103 \u00eenchirieze p\u00e2n\u0103 la 19 ma\u0219ini de tip SUV\/pick-up pe 3 ani. Procedura folosit\u0103, aceea\u0219i ca cea de anul trecut \/ Explica\u021biile Guvernului"}]},{"@type":"WebSite","@id":"https:\/\/carpathiacenter.ro\/#website","url":"https:\/\/carpathiacenter.ro\/","name":"Carpathia Center Romania","description":"Impossible made possible!","publisher":{"@id":"https:\/\/carpathiacenter.ro\/#organization"},"potentialAction":[{"@type":"SearchAction","target":{"@type":"EntryPoint","urlTemplate":"https:\/\/carpathiacenter.ro\/?s={search_term_string}"},"query-input":{"@type":"PropertyValueSpecification","valueRequired":true,"valueName":"search_term_string"}}],"inLanguage":"en-GB"},{"@type":"Organization","@id":"https:\/\/carpathiacenter.ro\/#organization","name":"Carpathia Center Romania","url":"https:\/\/carpathiacenter.ro\/","logo":{"@type":"ImageObject","inLanguage":"en-GB","@id":"https:\/\/carpathiacenter.ro\/#\/schema\/logo\/image\/","url":"https:\/\/carpathiacenter.ro\/wp-content\/uploads\/2024\/07\/logo-carpathia_bg_white-1024x941.png","contentUrl":"https:\/\/carpathiacenter.ro\/wp-content\/uploads\/2024\/07\/logo-carpathia_bg_white-1024x941.png","width":1024,"height":941,"caption":"Carpathia Center Romania"},"image":{"@id":"https:\/\/carpathiacenter.ro\/#\/schema\/logo\/image\/"},"sameAs":["https:\/\/www.facebook.com\/fdpscarpathia\/"]},{"@type":"Person","@id":"https:\/\/carpathiacenter.ro\/#\/schema\/person\/03d9f58202fee8379268f34afa195006","name":"creativebitsolutions","image":{"@type":"ImageObject","inLanguage":"en-GB","@id":"https:\/\/carpathiacenter.ro\/#\/schema\/person\/image\/","url":"https:\/\/secure.gravatar.com\/avatar\/1b1a13e37f847c635dab78348f1dff2f07651ee2a3d77a5c355a4b8c75f9165a?s=96&d=mm&r=g","contentUrl":"https:\/\/secure.gravatar.com\/avatar\/1b1a13e37f847c635dab78348f1dff2f07651ee2a3d77a5c355a4b8c75f9165a?s=96&d=mm&r=g","caption":"creativebitsolutions"},"url":"https:\/\/carpathiacenter.ro\/en\/author\/creativebitsolutions\/"}]}},"_links":{"self":[{"href":"https:\/\/carpathiacenter.ro\/en\/wp-json\/wp\/v2\/posts\/3682","targetHints":{"allow":["GET"]}}],"collection":[{"href":"https:\/\/carpathiacenter.ro\/en\/wp-json\/wp\/v2\/posts"}],"about":[{"href":"https:\/\/carpathiacenter.ro\/en\/wp-json\/wp\/v2\/types\/post"}],"author":[{"embeddable":true,"href":"https:\/\/carpathiacenter.ro\/en\/wp-json\/wp\/v2\/users\/4"}],"replies":[{"embeddable":true,"href":"https:\/\/carpathiacenter.ro\/en\/wp-json\/wp\/v2\/comments?post=3682"}],"version-history":[{"count":1,"href":"https:\/\/carpathiacenter.ro\/en\/wp-json\/wp\/v2\/posts\/3682\/revisions"}],"predecessor-version":[{"id":3683,"href":"https:\/\/carpathiacenter.ro\/en\/wp-json\/wp\/v2\/posts\/3682\/revisions\/3683"}],"wp:attachment":[{"href":"https:\/\/carpathiacenter.ro\/en\/wp-json\/wp\/v2\/media?parent=3682"}],"wp:term":[{"taxonomy":"category","embeddable":true,"href":"https:\/\/carpathiacenter.ro\/en\/wp-json\/wp\/v2\/categories?post=3682"},{"taxonomy":"post_tag","embeddable":true,"href":"https:\/\/carpathiacenter.ro\/en\/wp-json\/wp\/v2\/tags?post=3682"}],"curies":[{"name":"wp","href":"https:\/\/api.w.org\/{rel}","templated":true}]}}