{"id":3680,"date":"2026-01-23T09:14:46","date_gmt":"2026-01-23T09:14:46","guid":{"rendered":"https:\/\/carpathiacenter.ro\/?p=3680"},"modified":"2026-01-23T09:14:46","modified_gmt":"2026-01-23T09:14:46","slug":"note-de-4-si-5-pentru-conducerea-ani-toti-candidatii-inclusiv-seful-interimar-au-picat-concursul-el-ramane-insa-la-conducere-cine-sunt-ceilalti","status":"publish","type":"post","link":"https:\/\/carpathiacenter.ro\/en\/note-de-4-si-5-pentru-conducerea-ani-toti-candidatii-inclusiv-seful-interimar-au-picat-concursul-el-ramane-insa-la-conducere-cine-sunt-ceilalti\/","title":{"rendered":"Note de 4 \u0219i 5 pentru conducerea ANI. To\u021bi candida\u021bii, inclusiv \u0219eful interimar, au picat concursul. El r\u0103m\u00e2ne \u00eens\u0103 la conducere \/ Cine sunt ceilal\u021bi"},"content":{"rendered":"<p><strong>Patru candida\u021bi au concurat \u00een ianuarie 2026 pentru func\u021bia de pre\u0219edinte al ANI. To\u021bi au picat. Institu\u021bia a r\u0103mas f\u0103r\u0103 \u0219ef din iulie 2025 \u0219i nu are nici secretar general, scrie site-ul de investiga\u021bii\u00a0<a href=\"http:\/\/snoop.ro\/\" target=\"_blank\" rel=\"noreferrer noopener\">Snoop<\/a>.\u00a0<\/strong><\/p>\n<ul class=\"wp-block-list\">\n<li>De\u0219i a realizat un punctaj insuficient pentru func\u021bia de pre\u0219edinte, Bogdan Sticlosu va conduce \u00een continuare institu\u021bia din calitatea sa de\u00a0<a href=\"https:\/\/integritate.eu\/a-n-i\/conducere\/\" target=\"_blank\" rel=\"noreferrer noopener\">vicepre\u0219edinte cu atribu\u021bii de pre\u0219edinte<\/a>, mai scrie site-ul de investiga\u021bii. Noul concurs va fi organizat peste cel pu\u021bin 3 luni. Informa\u021bia despre rezultatul ob\u021binut de Bogdan Sticlosu a fost publicat\u0103 anterior \u0219i de publica\u021bia\u00a0<a href=\"https:\/\/www.g4media.ro\/competenta-si-profesionalism-seful-interimar-al-ani-a-picat-concursul-de-presedinte-al-institutiei-dar-conduce-ani-in-continuare.html\" target=\"_blank\" rel=\"noreferrer noopener\">G4Media<\/a>.<\/li>\n<li>Snoop face o analiz\u0103 a candida\u021bilor \u0219i a institu\u021biei care verific\u0103 declara\u021biile de avere \u0219i situa\u021biile de incompatibilitate, dup\u0103 ce a publicat, \u00een 2025, investiga\u021bii despre averile mai multor parlamentari.<\/li>\n<\/ul>\n<p>Consiliul Na\u021bional de Integritate a organizat pe 12 ianuarie 2026 examenul scris pentru func\u021bia de pre\u0219edinte al ANI. Un alt concurs a fost am\u00e2nat \u00een toamna lui 2025, din cauza faptului c\u0103 s-a contestat procedura de \u00eenscriere.<\/p>\n<div id=\"billboard2\" class=\"inserted-position billboard-2\"><\/div>\n<p>\u00cen ianuarie s-au prezentat trei candida\u021bi. Al patrulea s-a \u00eenscris la concurs, dar nu a sus\u021binut proba scris\u0103, care este obligatorie. Fiecare candidat a avut de rezolvat trei subiecte, fiecare subiect av\u00e2nd un punctaj maxim de 100 de puncte. Nota final\u0103 s-a ob\u021binut din media celor trei subiecte.<\/p>\n<p>Pentru a merge mai departe, candida\u021bii trebuiau s\u0103 ob\u021bin\u0103 minimum 70 de puncte la fiecare dintre cele trei subiecte. Urma apoi, conform procedurii, un interviu \u00een fa\u021ba Consiliului Na\u021bional de Integritate (CNI), \u00een care ar fi trebuit s\u0103 prezinte un plan de management.<\/p>\n<p>Nu s-a ajuns \u00eens\u0103 \u00een acest\u0103 situa\u021bie.<\/p>\n<div id=\"billboard3\" class=\"inserted-position billboard-3\"><\/div>\n<h2 class=\"wp-block-heading\"><strong>A luat cu nou\u0103 puncte mai pu\u021bin dec\u00e2t pragul minim pentru promovare. R\u0103m\u00e2ne \u0219ef\u00a0<\/strong><\/h2>\n<p>Cel mai mare punctaj a fost de 61 de puncte, insuficient pentru promovare. De\u0219i a ob\u021binut 88 de puncte la primul subiect, cu proba gril\u0103, candidatul a luat 55 la subiectul num\u0103rul doi \u0219i 40 de puncte la ultimul subiect.<\/p>\n<p>Surse Snoop spun c\u0103 rezultatul \u00eei apar\u021bine vicepre\u0219edintelui ANI, Bogdan Alexandru Sticlosu, care conduce institu\u021bia \u00een acest moment.<\/p>\n<p>Snoop l-a contactat pe Bogdan Sticlosu, vicepre\u0219edintele ANI a r\u0103spuns la telefon, dar nu a dorit s\u0103 dea o declara\u021bie oficial\u0103 despre concursul pe care l-a sus\u021binut.<\/p>\n<div id=\"billboard4\" class=\"inserted-position billboard-4 mobile\"><\/div>\n<p>Sticlosu a contestat rezultatele concursului din 12 ianuarie, iar pe 16 ianuarie a primit r\u0103spunsul. \u00cen urma contesta\u021biei, punctajul i-a fost recalculat \u0219i a sc\u0103zut sub nota 6. Cu toate acestea, CNI a anun\u021bat c\u0103 Bogdan Sticlosu r\u0103m\u00e2ne cu 61 de puncte. Indiferent de varianta luat\u0103 \u00een calcul \u2013 \u00eenainte sau dup\u0103 contesta\u021bie \u2013 punctajul ob\u021binut nu atinge pragul minim de 70 de puncte necesar pentru promovare.<\/p>\n<p>De\u0219i a realizat un punctaj insuficient pentru func\u021bia de pre\u0219edinte, Bogdan Sticlosu va conduce \u00een continuare institu\u021bia din calitatea sa de\u00a0<a href=\"https:\/\/integritate.eu\/a-n-i\/conducere\/\" target=\"_blank\" rel=\"noopener\">vicepre\u0219edinte cu atribu\u021bii de pre\u0219edinte.<\/a>\u00a0Informa\u021bia a ap\u0103rut ast\u0103zi \u0219i \u00een G4Media.<\/p>\n<h2 class=\"wp-block-heading\"><strong>Concurentul cu num\u0103rul 2 a ob\u021binut 57 de puncte. Despre cine e vorba\u00a0<\/strong><\/h2>\n<p>Concurentul cu num\u0103rul doi a ob\u021binut 57 de puncte. Punctajul ob\u021binut la cele trei subiecte a fost: 92, 33, 47. Practic, \u00een afar\u0103 de subiectul de tip gril\u0103, unde a luat nota 9.3, la urm\u0103toarele dou\u0103 subiecte notele au fost de 3 \u0219i 4.<\/p>\n<p>Surse Snoop au precizat c\u0103 nota apar\u021bine candidatei Adriana Claudia Pampu Romanescu, fost\u0103 procuroare SIIJ, care a anchetat procurorii DNA dup\u0103 OUG 13, opera lui Liviu Dragnea \u0219i Florin Iordache.<\/p>\n<div id=\"billboard5\" class=\"inserted-position billboard-5 mobile\"><\/div>\n<p>Contactat\u0103 de Snoop, ea acuz\u0103 CNI c\u0103 a am\u00e2nat cu o lun\u0103 concursul.<\/p>\n<p>\u201eMi se pare incredibil c\u0103 s-a anun\u021bat un concurs cu 45 de zile \u00eenainte \u0219i apoi s-a am\u00e2nat. M-a \u0219ocat\u201d, a declarat fosta procuroare pentru Snoop. Potrivit acesteia, exist\u0103 o diferen\u021b\u0103 \u00eentre tematica \u0219i bibliografia pentru concursul de pre\u0219edinte al ANI.<\/p>\n<p>Fosta procuroare a precizat c\u0103 inten\u021bioneaz\u0103 s\u0103 concureze \u0219i la urm\u0103torul concurs organizat de CNI pentru \u0219efia ANI.<\/p>\n<p>\u201eIndependen\u021ba opera\u021bional\u0103 de la ANI este foarte asem\u0103n\u0103toare cu Inspec\u021bia Judiciar\u0103 \u00een cadrul c\u0103reia am activat. \u0218tii ce po\u021bi face cu aceast\u0103 independen\u021b\u0103 opera\u021bional\u0103\u201d, a declarat Pampu Romanescu.<\/p>\n<div id=\"billboard6\" class=\"inserted-position billboard-6 mobile\"><\/div>\n<p><strong>Mai multe detalii despre candida\u021bii la concursul organizat pentru \u0219efia \u00a0Agen\u021biei Na\u021bionale de Integritate, rezultatele ob\u021binute \u0219i explica\u021biile, pe\u00a0<\/strong><a href=\"http:\/\/snoop.ro\/\" target=\"_blank\" rel=\"noopener\"><strong>Snoop.ro<\/strong><\/a><strong>.<\/strong><\/p>\n<p>Sursa articolului:  <a href=\"https:\/\/hotnews.ro\/concurs-sefia-agentia-nationala-de-integritate-ani-bogdan-sticlosu-2155291\" target=\"_blank\" rel=\"noopener\" title=\"\">HotNews<\/a><\/p>","protected":false},"excerpt":{"rendered":"<p>Patru candida\u021bi au concurat \u00een ianuarie 2026 pentru func\u021bia de pre\u0219edinte al ANI. To\u021bi au picat. Institu\u021bia a r\u0103mas f\u0103r\u0103 \u0219ef din iulie 2025 \u0219i nu are nici secretar general, scrie site-ul de investiga\u021bii\u00a0Snoop.\u00a0 De\u0219i a realizat un punctaj insuficient pentru func\u021bia de pre\u0219edinte, Bogdan Sticlosu va conduce \u00een continuare institu\u021bia din calitatea sa de\u00a0vicepre\u0219edinte&#8230;<\/p>","protected":false},"author":4,"featured_media":0,"comment_status":"open","ping_status":"open","sticky":false,"template":"","format":"standard","meta":{"footnotes":""},"categories":[1],"tags":[],"class_list":["post-3680","post","type-post","status-publish","format-standard","hentry","category-uncategorized"],"yoast_head":"<!-- This site is optimized with the Yoast SEO plugin v26.1.1 - https:\/\/yoast.com\/wordpress\/plugins\/seo\/ -->\n<title>Note de 4 \u0219i 5 pentru conducerea ANI. To\u021bi candida\u021bii, inclusiv \u0219eful interimar, au picat concursul. El r\u0103m\u00e2ne \u00eens\u0103 la conducere \/ Cine sunt ceilal\u021bi - Carpathia Center Romania<\/title>\n<meta name=\"robots\" content=\"index, follow, max-snippet:-1, max-image-preview:large, max-video-preview:-1\" \/>\n<link rel=\"canonical\" href=\"https:\/\/carpathiacenter.ro\/en\/note-de-4-si-5-pentru-conducerea-ani-toti-candidatii-inclusiv-seful-interimar-au-picat-concursul-el-ramane-insa-la-conducere-cine-sunt-ceilalti\/\" \/>\n<meta property=\"og:locale\" content=\"en_GB\" \/>\n<meta property=\"og:type\" content=\"article\" \/>\n<meta property=\"og:title\" content=\"Note de 4 \u0219i 5 pentru conducerea ANI. To\u021bi candida\u021bii, inclusiv \u0219eful interimar, au picat concursul. El r\u0103m\u00e2ne \u00eens\u0103 la conducere \/ Cine sunt ceilal\u021bi - Carpathia Center Romania\" \/>\n<meta property=\"og:description\" content=\"Patru candida\u021bi au concurat \u00een ianuarie 2026 pentru func\u021bia de pre\u0219edinte al ANI. To\u021bi au picat. Institu\u021bia a r\u0103mas f\u0103r\u0103 \u0219ef din iulie 2025 \u0219i nu are nici secretar general, scrie site-ul de investiga\u021bii\u00a0Snoop.\u00a0 De\u0219i a realizat un punctaj insuficient pentru func\u021bia de pre\u0219edinte, Bogdan Sticlosu va conduce \u00een continuare institu\u021bia din calitatea sa de\u00a0vicepre\u0219edinte...\" \/>\n<meta property=\"og:url\" content=\"https:\/\/carpathiacenter.ro\/en\/note-de-4-si-5-pentru-conducerea-ani-toti-candidatii-inclusiv-seful-interimar-au-picat-concursul-el-ramane-insa-la-conducere-cine-sunt-ceilalti\/\" \/>\n<meta property=\"og:site_name\" content=\"Carpathia Center Romania\" \/>\n<meta property=\"article:publisher\" content=\"https:\/\/www.facebook.com\/fdpscarpathia\/\" \/>\n<meta property=\"article:published_time\" content=\"2026-01-23T09:14:46+00:00\" \/>\n<meta name=\"author\" content=\"creativebitsolutions\" \/>\n<meta name=\"twitter:card\" content=\"summary_large_image\" \/>\n<meta name=\"twitter:label1\" content=\"Written by\" \/>\n\t<meta name=\"twitter:data1\" content=\"creativebitsolutions\" \/>\n\t<meta name=\"twitter:label2\" content=\"Estimated reading time\" \/>\n\t<meta name=\"twitter:data2\" content=\"4 minutes\" \/>\n<script type=\"application\/ld+json\" class=\"yoast-schema-graph\">{\"@context\":\"https:\/\/schema.org\",\"@graph\":[{\"@type\":\"Article\",\"@id\":\"https:\/\/carpathiacenter.ro\/note-de-4-si-5-pentru-conducerea-ani-toti-candidatii-inclusiv-seful-interimar-au-picat-concursul-el-ramane-insa-la-conducere-cine-sunt-ceilalti\/#article\",\"isPartOf\":{\"@id\":\"https:\/\/carpathiacenter.ro\/note-de-4-si-5-pentru-conducerea-ani-toti-candidatii-inclusiv-seful-interimar-au-picat-concursul-el-ramane-insa-la-conducere-cine-sunt-ceilalti\/\"},\"author\":{\"name\":\"creativebitsolutions\",\"@id\":\"https:\/\/carpathiacenter.ro\/#\/schema\/person\/03d9f58202fee8379268f34afa195006\"},\"headline\":\"Note de 4 \u0219i 5 pentru conducerea ANI. To\u021bi candida\u021bii, inclusiv \u0219eful interimar, au picat concursul. El r\u0103m\u00e2ne \u00eens\u0103 la conducere \/ Cine sunt ceilal\u021bi\",\"datePublished\":\"2026-01-23T09:14:46+00:00\",\"mainEntityOfPage\":{\"@id\":\"https:\/\/carpathiacenter.ro\/note-de-4-si-5-pentru-conducerea-ani-toti-candidatii-inclusiv-seful-interimar-au-picat-concursul-el-ramane-insa-la-conducere-cine-sunt-ceilalti\/\"},\"wordCount\":760,\"commentCount\":0,\"publisher\":{\"@id\":\"https:\/\/carpathiacenter.ro\/#organization\"},\"articleSection\":[\"Uncategorized\"],\"inLanguage\":\"en-GB\",\"potentialAction\":[{\"@type\":\"CommentAction\",\"name\":\"Comment\",\"target\":[\"https:\/\/carpathiacenter.ro\/note-de-4-si-5-pentru-conducerea-ani-toti-candidatii-inclusiv-seful-interimar-au-picat-concursul-el-ramane-insa-la-conducere-cine-sunt-ceilalti\/#respond\"]}]},{\"@type\":\"WebPage\",\"@id\":\"https:\/\/carpathiacenter.ro\/note-de-4-si-5-pentru-conducerea-ani-toti-candidatii-inclusiv-seful-interimar-au-picat-concursul-el-ramane-insa-la-conducere-cine-sunt-ceilalti\/\",\"url\":\"https:\/\/carpathiacenter.ro\/note-de-4-si-5-pentru-conducerea-ani-toti-candidatii-inclusiv-seful-interimar-au-picat-concursul-el-ramane-insa-la-conducere-cine-sunt-ceilalti\/\",\"name\":\"Note de 4 \u0219i 5 pentru conducerea ANI. To\u021bi candida\u021bii, inclusiv \u0219eful interimar, au picat concursul. El r\u0103m\u00e2ne \u00eens\u0103 la conducere \/ Cine sunt ceilal\u021bi - Carpathia Center Romania\",\"isPartOf\":{\"@id\":\"https:\/\/carpathiacenter.ro\/#website\"},\"datePublished\":\"2026-01-23T09:14:46+00:00\",\"breadcrumb\":{\"@id\":\"https:\/\/carpathiacenter.ro\/note-de-4-si-5-pentru-conducerea-ani-toti-candidatii-inclusiv-seful-interimar-au-picat-concursul-el-ramane-insa-la-conducere-cine-sunt-ceilalti\/#breadcrumb\"},\"inLanguage\":\"en-GB\",\"potentialAction\":[{\"@type\":\"ReadAction\",\"target\":[\"https:\/\/carpathiacenter.ro\/note-de-4-si-5-pentru-conducerea-ani-toti-candidatii-inclusiv-seful-interimar-au-picat-concursul-el-ramane-insa-la-conducere-cine-sunt-ceilalti\/\"]}]},{\"@type\":\"BreadcrumbList\",\"@id\":\"https:\/\/carpathiacenter.ro\/note-de-4-si-5-pentru-conducerea-ani-toti-candidatii-inclusiv-seful-interimar-au-picat-concursul-el-ramane-insa-la-conducere-cine-sunt-ceilalti\/#breadcrumb\",\"itemListElement\":[{\"@type\":\"ListItem\",\"position\":1,\"name\":\"Prima pagin\u0103\",\"item\":\"https:\/\/carpathiacenter.ro\/\"},{\"@type\":\"ListItem\",\"position\":2,\"name\":\"Note de 4 \u0219i 5 pentru conducerea ANI. To\u021bi candida\u021bii, inclusiv \u0219eful interimar, au picat concursul. El r\u0103m\u00e2ne \u00eens\u0103 la conducere \/ Cine sunt ceilal\u021bi\"}]},{\"@type\":\"WebSite\",\"@id\":\"https:\/\/carpathiacenter.ro\/#website\",\"url\":\"https:\/\/carpathiacenter.ro\/\",\"name\":\"Carpathia Center Romania\",\"description\":\"Impossible made possible!\",\"publisher\":{\"@id\":\"https:\/\/carpathiacenter.ro\/#organization\"},\"potentialAction\":[{\"@type\":\"SearchAction\",\"target\":{\"@type\":\"EntryPoint\",\"urlTemplate\":\"https:\/\/carpathiacenter.ro\/?s={search_term_string}\"},\"query-input\":{\"@type\":\"PropertyValueSpecification\",\"valueRequired\":true,\"valueName\":\"search_term_string\"}}],\"inLanguage\":\"en-GB\"},{\"@type\":\"Organization\",\"@id\":\"https:\/\/carpathiacenter.ro\/#organization\",\"name\":\"Carpathia Center Romania\",\"url\":\"https:\/\/carpathiacenter.ro\/\",\"logo\":{\"@type\":\"ImageObject\",\"inLanguage\":\"en-GB\",\"@id\":\"https:\/\/carpathiacenter.ro\/#\/schema\/logo\/image\/\",\"url\":\"https:\/\/carpathiacenter.ro\/wp-content\/uploads\/2024\/07\/logo-carpathia_bg_white-1024x941.png\",\"contentUrl\":\"https:\/\/carpathiacenter.ro\/wp-content\/uploads\/2024\/07\/logo-carpathia_bg_white-1024x941.png\",\"width\":1024,\"height\":941,\"caption\":\"Carpathia Center Romania\"},\"image\":{\"@id\":\"https:\/\/carpathiacenter.ro\/#\/schema\/logo\/image\/\"},\"sameAs\":[\"https:\/\/www.facebook.com\/fdpscarpathia\/\"]},{\"@type\":\"Person\",\"@id\":\"https:\/\/carpathiacenter.ro\/#\/schema\/person\/03d9f58202fee8379268f34afa195006\",\"name\":\"creativebitsolutions\",\"image\":{\"@type\":\"ImageObject\",\"inLanguage\":\"en-GB\",\"@id\":\"https:\/\/carpathiacenter.ro\/#\/schema\/person\/image\/\",\"url\":\"https:\/\/secure.gravatar.com\/avatar\/1b1a13e37f847c635dab78348f1dff2f07651ee2a3d77a5c355a4b8c75f9165a?s=96&d=mm&r=g\",\"contentUrl\":\"https:\/\/secure.gravatar.com\/avatar\/1b1a13e37f847c635dab78348f1dff2f07651ee2a3d77a5c355a4b8c75f9165a?s=96&d=mm&r=g\",\"caption\":\"creativebitsolutions\"},\"url\":\"https:\/\/carpathiacenter.ro\/en\/author\/creativebitsolutions\/\"}]}<\/script>\n<!-- \/ Yoast SEO plugin. -->","yoast_head_json":{"title":"Note de 4 \u0219i 5 pentru conducerea ANI. To\u021bi candida\u021bii, inclusiv \u0219eful interimar, au picat concursul. El r\u0103m\u00e2ne \u00eens\u0103 la conducere \/ Cine sunt ceilal\u021bi - Carpathia Center Romania","robots":{"index":"index","follow":"follow","max-snippet":"max-snippet:-1","max-image-preview":"max-image-preview:large","max-video-preview":"max-video-preview:-1"},"canonical":"https:\/\/carpathiacenter.ro\/en\/note-de-4-si-5-pentru-conducerea-ani-toti-candidatii-inclusiv-seful-interimar-au-picat-concursul-el-ramane-insa-la-conducere-cine-sunt-ceilalti\/","og_locale":"en_GB","og_type":"article","og_title":"Note de 4 \u0219i 5 pentru conducerea ANI. To\u021bi candida\u021bii, inclusiv \u0219eful interimar, au picat concursul. El r\u0103m\u00e2ne \u00eens\u0103 la conducere \/ Cine sunt ceilal\u021bi - Carpathia Center Romania","og_description":"Patru candida\u021bi au concurat \u00een ianuarie 2026 pentru func\u021bia de pre\u0219edinte al ANI. To\u021bi au picat. Institu\u021bia a r\u0103mas f\u0103r\u0103 \u0219ef din iulie 2025 \u0219i nu are nici secretar general, scrie site-ul de investiga\u021bii\u00a0Snoop.\u00a0 De\u0219i a realizat un punctaj insuficient pentru func\u021bia de pre\u0219edinte, Bogdan Sticlosu va conduce \u00een continuare institu\u021bia din calitatea sa de\u00a0vicepre\u0219edinte...","og_url":"https:\/\/carpathiacenter.ro\/en\/note-de-4-si-5-pentru-conducerea-ani-toti-candidatii-inclusiv-seful-interimar-au-picat-concursul-el-ramane-insa-la-conducere-cine-sunt-ceilalti\/","og_site_name":"Carpathia Center Romania","article_publisher":"https:\/\/www.facebook.com\/fdpscarpathia\/","article_published_time":"2026-01-23T09:14:46+00:00","author":"creativebitsolutions","twitter_card":"summary_large_image","twitter_misc":{"Written by":"creativebitsolutions","Estimated reading time":"4 minutes"},"schema":{"@context":"https:\/\/schema.org","@graph":[{"@type":"Article","@id":"https:\/\/carpathiacenter.ro\/note-de-4-si-5-pentru-conducerea-ani-toti-candidatii-inclusiv-seful-interimar-au-picat-concursul-el-ramane-insa-la-conducere-cine-sunt-ceilalti\/#article","isPartOf":{"@id":"https:\/\/carpathiacenter.ro\/note-de-4-si-5-pentru-conducerea-ani-toti-candidatii-inclusiv-seful-interimar-au-picat-concursul-el-ramane-insa-la-conducere-cine-sunt-ceilalti\/"},"author":{"name":"creativebitsolutions","@id":"https:\/\/carpathiacenter.ro\/#\/schema\/person\/03d9f58202fee8379268f34afa195006"},"headline":"Note de 4 \u0219i 5 pentru conducerea ANI. To\u021bi candida\u021bii, inclusiv \u0219eful interimar, au picat concursul. El r\u0103m\u00e2ne \u00eens\u0103 la conducere \/ Cine sunt ceilal\u021bi","datePublished":"2026-01-23T09:14:46+00:00","mainEntityOfPage":{"@id":"https:\/\/carpathiacenter.ro\/note-de-4-si-5-pentru-conducerea-ani-toti-candidatii-inclusiv-seful-interimar-au-picat-concursul-el-ramane-insa-la-conducere-cine-sunt-ceilalti\/"},"wordCount":760,"commentCount":0,"publisher":{"@id":"https:\/\/carpathiacenter.ro\/#organization"},"articleSection":["Uncategorized"],"inLanguage":"en-GB","potentialAction":[{"@type":"CommentAction","name":"Comment","target":["https:\/\/carpathiacenter.ro\/note-de-4-si-5-pentru-conducerea-ani-toti-candidatii-inclusiv-seful-interimar-au-picat-concursul-el-ramane-insa-la-conducere-cine-sunt-ceilalti\/#respond"]}]},{"@type":"WebPage","@id":"https:\/\/carpathiacenter.ro\/note-de-4-si-5-pentru-conducerea-ani-toti-candidatii-inclusiv-seful-interimar-au-picat-concursul-el-ramane-insa-la-conducere-cine-sunt-ceilalti\/","url":"https:\/\/carpathiacenter.ro\/note-de-4-si-5-pentru-conducerea-ani-toti-candidatii-inclusiv-seful-interimar-au-picat-concursul-el-ramane-insa-la-conducere-cine-sunt-ceilalti\/","name":"Note de 4 \u0219i 5 pentru conducerea ANI. To\u021bi candida\u021bii, inclusiv \u0219eful interimar, au picat concursul. El r\u0103m\u00e2ne \u00eens\u0103 la conducere \/ Cine sunt ceilal\u021bi - Carpathia Center Romania","isPartOf":{"@id":"https:\/\/carpathiacenter.ro\/#website"},"datePublished":"2026-01-23T09:14:46+00:00","breadcrumb":{"@id":"https:\/\/carpathiacenter.ro\/note-de-4-si-5-pentru-conducerea-ani-toti-candidatii-inclusiv-seful-interimar-au-picat-concursul-el-ramane-insa-la-conducere-cine-sunt-ceilalti\/#breadcrumb"},"inLanguage":"en-GB","potentialAction":[{"@type":"ReadAction","target":["https:\/\/carpathiacenter.ro\/note-de-4-si-5-pentru-conducerea-ani-toti-candidatii-inclusiv-seful-interimar-au-picat-concursul-el-ramane-insa-la-conducere-cine-sunt-ceilalti\/"]}]},{"@type":"BreadcrumbList","@id":"https:\/\/carpathiacenter.ro\/note-de-4-si-5-pentru-conducerea-ani-toti-candidatii-inclusiv-seful-interimar-au-picat-concursul-el-ramane-insa-la-conducere-cine-sunt-ceilalti\/#breadcrumb","itemListElement":[{"@type":"ListItem","position":1,"name":"Prima pagin\u0103","item":"https:\/\/carpathiacenter.ro\/"},{"@type":"ListItem","position":2,"name":"Note de 4 \u0219i 5 pentru conducerea ANI. To\u021bi candida\u021bii, inclusiv \u0219eful interimar, au picat concursul. El r\u0103m\u00e2ne \u00eens\u0103 la conducere \/ Cine sunt ceilal\u021bi"}]},{"@type":"WebSite","@id":"https:\/\/carpathiacenter.ro\/#website","url":"https:\/\/carpathiacenter.ro\/","name":"Carpathia Center Romania","description":"Impossible made possible!","publisher":{"@id":"https:\/\/carpathiacenter.ro\/#organization"},"potentialAction":[{"@type":"SearchAction","target":{"@type":"EntryPoint","urlTemplate":"https:\/\/carpathiacenter.ro\/?s={search_term_string}"},"query-input":{"@type":"PropertyValueSpecification","valueRequired":true,"valueName":"search_term_string"}}],"inLanguage":"en-GB"},{"@type":"Organization","@id":"https:\/\/carpathiacenter.ro\/#organization","name":"Carpathia Center Romania","url":"https:\/\/carpathiacenter.ro\/","logo":{"@type":"ImageObject","inLanguage":"en-GB","@id":"https:\/\/carpathiacenter.ro\/#\/schema\/logo\/image\/","url":"https:\/\/carpathiacenter.ro\/wp-content\/uploads\/2024\/07\/logo-carpathia_bg_white-1024x941.png","contentUrl":"https:\/\/carpathiacenter.ro\/wp-content\/uploads\/2024\/07\/logo-carpathia_bg_white-1024x941.png","width":1024,"height":941,"caption":"Carpathia Center Romania"},"image":{"@id":"https:\/\/carpathiacenter.ro\/#\/schema\/logo\/image\/"},"sameAs":["https:\/\/www.facebook.com\/fdpscarpathia\/"]},{"@type":"Person","@id":"https:\/\/carpathiacenter.ro\/#\/schema\/person\/03d9f58202fee8379268f34afa195006","name":"creativebitsolutions","image":{"@type":"ImageObject","inLanguage":"en-GB","@id":"https:\/\/carpathiacenter.ro\/#\/schema\/person\/image\/","url":"https:\/\/secure.gravatar.com\/avatar\/1b1a13e37f847c635dab78348f1dff2f07651ee2a3d77a5c355a4b8c75f9165a?s=96&d=mm&r=g","contentUrl":"https:\/\/secure.gravatar.com\/avatar\/1b1a13e37f847c635dab78348f1dff2f07651ee2a3d77a5c355a4b8c75f9165a?s=96&d=mm&r=g","caption":"creativebitsolutions"},"url":"https:\/\/carpathiacenter.ro\/en\/author\/creativebitsolutions\/"}]}},"_links":{"self":[{"href":"https:\/\/carpathiacenter.ro\/en\/wp-json\/wp\/v2\/posts\/3680","targetHints":{"allow":["GET"]}}],"collection":[{"href":"https:\/\/carpathiacenter.ro\/en\/wp-json\/wp\/v2\/posts"}],"about":[{"href":"https:\/\/carpathiacenter.ro\/en\/wp-json\/wp\/v2\/types\/post"}],"author":[{"embeddable":true,"href":"https:\/\/carpathiacenter.ro\/en\/wp-json\/wp\/v2\/users\/4"}],"replies":[{"embeddable":true,"href":"https:\/\/carpathiacenter.ro\/en\/wp-json\/wp\/v2\/comments?post=3680"}],"version-history":[{"count":1,"href":"https:\/\/carpathiacenter.ro\/en\/wp-json\/wp\/v2\/posts\/3680\/revisions"}],"predecessor-version":[{"id":3681,"href":"https:\/\/carpathiacenter.ro\/en\/wp-json\/wp\/v2\/posts\/3680\/revisions\/3681"}],"wp:attachment":[{"href":"https:\/\/carpathiacenter.ro\/en\/wp-json\/wp\/v2\/media?parent=3680"}],"wp:term":[{"taxonomy":"category","embeddable":true,"href":"https:\/\/carpathiacenter.ro\/en\/wp-json\/wp\/v2\/categories?post=3680"},{"taxonomy":"post_tag","embeddable":true,"href":"https:\/\/carpathiacenter.ro\/en\/wp-json\/wp\/v2\/tags?post=3680"}],"curies":[{"name":"wp","href":"https:\/\/api.w.org\/{rel}","templated":true}]}}