{"id":3671,"date":"2026-01-21T06:43:23","date_gmt":"2026-01-21T06:43:23","guid":{"rendered":"https:\/\/carpathiacenter.ro\/?p=3671"},"modified":"2026-01-21T06:43:23","modified_gmt":"2026-01-21T06:43:23","slug":"sesizarea-lui-nicusor-dan-pe-legea-privind-utilizarea-plajei-marii-negre-analizata-de-ccr-care-sunt-obiectiile-presedintelui","status":"publish","type":"post","link":"https:\/\/carpathiacenter.ro\/en\/sesizarea-lui-nicusor-dan-pe-legea-privind-utilizarea-plajei-marii-negre-analizata-de-ccr-care-sunt-obiectiile-presedintelui\/","title":{"rendered":"Sesizarea lui Nicu\u015for Dan pe legea privind utilizarea plajei M\u0103rii Negre, analizat\u0103 de CCR. Care sunt obiec\u021biile pre\u0219edintelui"},"content":{"rendered":"<p><strong>Curtea Constitu\u0163ional\u0103 a Rom\u00e2niei dezbate, miercuri, sesizarea pre\u015fedintelui Nicu\u015for Dan asupra legii care permite atribuirea gratuit\u0103 c\u0103tre autorit\u0103\u021bile locale a unor suprafe\u021be din plajele M\u0103rii Negre<\/strong>.<\/p>\n<p>\u00cen luna noiembrie 2025, Nicu\u0219or Dan a trimis Cur\u0163ii Constitu\u0163ionale o sesizare de neconstitu\u0163ionalitate asupra Legii pentru modificarea \u015fi completarea Ordonan\u0163ei de urgen\u0163\u0103 a Guvernului 19\/2006 privind utilizarea plajei M\u0103rii Negre \u015fi controlul activit\u0103\u0163ilor desf\u0103\u015furate pe plaj\u0103, transmite Agerpres.<\/p>\n<div id=\"billboard2\" class=\"inserted-position billboard-2\"><\/div>\n<p>Legea contestat\u0103 stabile\u015fte ca titularul dreptului de proprietate a plajelor s\u0103 atribuie \u00een folosin\u0163\u0103 gratuit\u0103 autorit\u0103\u0163ilor administra\u0163iei publice locale din localit\u0103\u0163ile riverane M\u0103rii Negre, la solicitarea acestora, o cot\u0103 de p\u00e2n\u0103 la 20% din suprafa\u0163a plajelor utilizate \u00een scop turistic care sunt situate pe raza lor administrativ-teritorial\u0103, pentru a fi amenajate ca plaje publice.<\/p>\n<p>Titularul dreptului de proprietate este statul, \u00eentruc\u00e2t faleza \u015fi plaja m\u0103rii sunt prev\u0103zute \u00een lista bunurilor care apar\u0163in domeniului public al statului, se men\u0163ioneaz\u0103 \u00een sesizare.<\/p>\n<p>Pre\u0219edintele Nicu\u0219or Dan contest\u0103 legea, sus\u021bin\u00e2nd c\u0103 autorit\u0103\u021bile administra\u021biei publice locale nu sunt institu\u021bii de utilitate public\u0103 \u0219i, prin urmare, nu pot primi bunuri din domeniul public al statului \u00een folosin\u021b\u0103 gratuit.<\/p>\n<div id=\"billboard3\" class=\"inserted-position billboard-3\"><\/div>\n<p>Astfel, pre\u0219edintele spune c\u0103 legea ce vizeaz\u0103 atribuirea \u00een folosin\u0163\u0103 gratuit\u0103 autorit\u0103\u0163ilor administra\u0163iei publice locale din localit\u0103\u0163ile riverane M\u0103rii Negre a unei cote de p\u00e2n\u0103 la 20% din suprafa\u0163a plajelor utilizate \u00een scop turistic contravine articolului 136 alineatul 4, teza final\u0103 din Constitu\u0163ie, \u00eentruc\u00e2t aceste entit\u0103\u0163i nu reprezint\u0103 institu\u0163ii de utilitate public\u0103.<\/p>\n<p>Sursa articolului:  <a href=\"https:\/\/hotnews.ro\/sesizarea-lui-nicusor-dan-pe-legea-privind-utilizarea-plajei-marii-negre-analizata-de-ccr-care-sunt-obiectiile-presedintului-2153916\" target=\"_blank\" rel=\"noopener\" title=\"\">HotNews<\/a><\/p>","protected":false},"excerpt":{"rendered":"<p>Curtea Constitu\u0163ional\u0103 a Rom\u00e2niei dezbate, miercuri, sesizarea pre\u015fedintelui Nicu\u015for Dan asupra legii care permite atribuirea gratuit\u0103 c\u0103tre autorit\u0103\u021bile locale a unor suprafe\u021be din plajele M\u0103rii Negre. \u00cen luna noiembrie 2025, Nicu\u0219or Dan a trimis Cur\u0163ii Constitu\u0163ionale o sesizare de neconstitu\u0163ionalitate asupra Legii pentru modificarea \u015fi completarea Ordonan\u0163ei de urgen\u0163\u0103 a Guvernului 19\/2006 privind utilizarea plajei&#8230;<\/p>","protected":false},"author":4,"featured_media":0,"comment_status":"open","ping_status":"open","sticky":false,"template":"","format":"standard","meta":{"footnotes":""},"categories":[1],"tags":[],"class_list":["post-3671","post","type-post","status-publish","format-standard","hentry","category-uncategorized"],"yoast_head":"<!-- This site is optimized with the Yoast SEO plugin v26.1.1 - https:\/\/yoast.com\/wordpress\/plugins\/seo\/ -->\n<title>Sesizarea lui Nicu\u015for Dan pe legea privind utilizarea plajei M\u0103rii Negre, analizat\u0103 de CCR. Care sunt obiec\u021biile pre\u0219edintelui - Carpathia Center Romania<\/title>\n<meta name=\"robots\" content=\"index, follow, max-snippet:-1, max-image-preview:large, max-video-preview:-1\" \/>\n<link rel=\"canonical\" href=\"https:\/\/carpathiacenter.ro\/en\/sesizarea-lui-nicusor-dan-pe-legea-privind-utilizarea-plajei-marii-negre-analizata-de-ccr-care-sunt-obiectiile-presedintelui\/\" \/>\n<meta property=\"og:locale\" content=\"en_GB\" \/>\n<meta property=\"og:type\" content=\"article\" \/>\n<meta property=\"og:title\" content=\"Sesizarea lui Nicu\u015for Dan pe legea privind utilizarea plajei M\u0103rii Negre, analizat\u0103 de CCR. Care sunt obiec\u021biile pre\u0219edintelui - Carpathia Center Romania\" \/>\n<meta property=\"og:description\" content=\"Curtea Constitu\u0163ional\u0103 a Rom\u00e2niei dezbate, miercuri, sesizarea pre\u015fedintelui Nicu\u015for Dan asupra legii care permite atribuirea gratuit\u0103 c\u0103tre autorit\u0103\u021bile locale a unor suprafe\u021be din plajele M\u0103rii Negre. \u00cen luna noiembrie 2025, Nicu\u0219or Dan a trimis Cur\u0163ii Constitu\u0163ionale o sesizare de neconstitu\u0163ionalitate asupra Legii pentru modificarea \u015fi completarea Ordonan\u0163ei de urgen\u0163\u0103 a Guvernului 19\/2006 privind utilizarea plajei...\" \/>\n<meta property=\"og:url\" content=\"https:\/\/carpathiacenter.ro\/en\/sesizarea-lui-nicusor-dan-pe-legea-privind-utilizarea-plajei-marii-negre-analizata-de-ccr-care-sunt-obiectiile-presedintelui\/\" \/>\n<meta property=\"og:site_name\" content=\"Carpathia Center Romania\" \/>\n<meta property=\"article:publisher\" content=\"https:\/\/www.facebook.com\/fdpscarpathia\/\" \/>\n<meta property=\"article:published_time\" content=\"2026-01-21T06:43:23+00:00\" \/>\n<meta name=\"author\" content=\"creativebitsolutions\" \/>\n<meta name=\"twitter:card\" content=\"summary_large_image\" \/>\n<meta name=\"twitter:label1\" content=\"Written by\" \/>\n\t<meta name=\"twitter:data1\" content=\"creativebitsolutions\" \/>\n\t<meta name=\"twitter:label2\" content=\"Estimated reading time\" \/>\n\t<meta name=\"twitter:data2\" content=\"2 minutes\" \/>\n<script type=\"application\/ld+json\" class=\"yoast-schema-graph\">{\"@context\":\"https:\/\/schema.org\",\"@graph\":[{\"@type\":\"Article\",\"@id\":\"https:\/\/carpathiacenter.ro\/sesizarea-lui-nicusor-dan-pe-legea-privind-utilizarea-plajei-marii-negre-analizata-de-ccr-care-sunt-obiectiile-presedintelui\/#article\",\"isPartOf\":{\"@id\":\"https:\/\/carpathiacenter.ro\/sesizarea-lui-nicusor-dan-pe-legea-privind-utilizarea-plajei-marii-negre-analizata-de-ccr-care-sunt-obiectiile-presedintelui\/\"},\"author\":{\"name\":\"creativebitsolutions\",\"@id\":\"https:\/\/carpathiacenter.ro\/#\/schema\/person\/03d9f58202fee8379268f34afa195006\"},\"headline\":\"Sesizarea lui Nicu\u015for Dan pe legea privind utilizarea plajei M\u0103rii Negre, analizat\u0103 de CCR. Care sunt obiec\u021biile pre\u0219edintelui\",\"datePublished\":\"2026-01-21T06:43:23+00:00\",\"mainEntityOfPage\":{\"@id\":\"https:\/\/carpathiacenter.ro\/sesizarea-lui-nicusor-dan-pe-legea-privind-utilizarea-plajei-marii-negre-analizata-de-ccr-care-sunt-obiectiile-presedintelui\/\"},\"wordCount\":294,\"commentCount\":0,\"publisher\":{\"@id\":\"https:\/\/carpathiacenter.ro\/#organization\"},\"articleSection\":[\"Uncategorized\"],\"inLanguage\":\"en-GB\",\"potentialAction\":[{\"@type\":\"CommentAction\",\"name\":\"Comment\",\"target\":[\"https:\/\/carpathiacenter.ro\/sesizarea-lui-nicusor-dan-pe-legea-privind-utilizarea-plajei-marii-negre-analizata-de-ccr-care-sunt-obiectiile-presedintelui\/#respond\"]}]},{\"@type\":\"WebPage\",\"@id\":\"https:\/\/carpathiacenter.ro\/sesizarea-lui-nicusor-dan-pe-legea-privind-utilizarea-plajei-marii-negre-analizata-de-ccr-care-sunt-obiectiile-presedintelui\/\",\"url\":\"https:\/\/carpathiacenter.ro\/sesizarea-lui-nicusor-dan-pe-legea-privind-utilizarea-plajei-marii-negre-analizata-de-ccr-care-sunt-obiectiile-presedintelui\/\",\"name\":\"Sesizarea lui Nicu\u015for Dan pe legea privind utilizarea plajei M\u0103rii Negre, analizat\u0103 de CCR. Care sunt obiec\u021biile pre\u0219edintelui - Carpathia Center Romania\",\"isPartOf\":{\"@id\":\"https:\/\/carpathiacenter.ro\/#website\"},\"datePublished\":\"2026-01-21T06:43:23+00:00\",\"breadcrumb\":{\"@id\":\"https:\/\/carpathiacenter.ro\/sesizarea-lui-nicusor-dan-pe-legea-privind-utilizarea-plajei-marii-negre-analizata-de-ccr-care-sunt-obiectiile-presedintelui\/#breadcrumb\"},\"inLanguage\":\"en-GB\",\"potentialAction\":[{\"@type\":\"ReadAction\",\"target\":[\"https:\/\/carpathiacenter.ro\/sesizarea-lui-nicusor-dan-pe-legea-privind-utilizarea-plajei-marii-negre-analizata-de-ccr-care-sunt-obiectiile-presedintelui\/\"]}]},{\"@type\":\"BreadcrumbList\",\"@id\":\"https:\/\/carpathiacenter.ro\/sesizarea-lui-nicusor-dan-pe-legea-privind-utilizarea-plajei-marii-negre-analizata-de-ccr-care-sunt-obiectiile-presedintelui\/#breadcrumb\",\"itemListElement\":[{\"@type\":\"ListItem\",\"position\":1,\"name\":\"Prima pagin\u0103\",\"item\":\"https:\/\/carpathiacenter.ro\/\"},{\"@type\":\"ListItem\",\"position\":2,\"name\":\"Sesizarea lui Nicu\u015for Dan pe legea privind utilizarea plajei M\u0103rii Negre, analizat\u0103 de CCR. Care sunt obiec\u021biile pre\u0219edintelui\"}]},{\"@type\":\"WebSite\",\"@id\":\"https:\/\/carpathiacenter.ro\/#website\",\"url\":\"https:\/\/carpathiacenter.ro\/\",\"name\":\"Carpathia Center Romania\",\"description\":\"Impossible made possible!\",\"publisher\":{\"@id\":\"https:\/\/carpathiacenter.ro\/#organization\"},\"potentialAction\":[{\"@type\":\"SearchAction\",\"target\":{\"@type\":\"EntryPoint\",\"urlTemplate\":\"https:\/\/carpathiacenter.ro\/?s={search_term_string}\"},\"query-input\":{\"@type\":\"PropertyValueSpecification\",\"valueRequired\":true,\"valueName\":\"search_term_string\"}}],\"inLanguage\":\"en-GB\"},{\"@type\":\"Organization\",\"@id\":\"https:\/\/carpathiacenter.ro\/#organization\",\"name\":\"Carpathia Center Romania\",\"url\":\"https:\/\/carpathiacenter.ro\/\",\"logo\":{\"@type\":\"ImageObject\",\"inLanguage\":\"en-GB\",\"@id\":\"https:\/\/carpathiacenter.ro\/#\/schema\/logo\/image\/\",\"url\":\"https:\/\/carpathiacenter.ro\/wp-content\/uploads\/2024\/07\/logo-carpathia_bg_white-1024x941.png\",\"contentUrl\":\"https:\/\/carpathiacenter.ro\/wp-content\/uploads\/2024\/07\/logo-carpathia_bg_white-1024x941.png\",\"width\":1024,\"height\":941,\"caption\":\"Carpathia Center Romania\"},\"image\":{\"@id\":\"https:\/\/carpathiacenter.ro\/#\/schema\/logo\/image\/\"},\"sameAs\":[\"https:\/\/www.facebook.com\/fdpscarpathia\/\"]},{\"@type\":\"Person\",\"@id\":\"https:\/\/carpathiacenter.ro\/#\/schema\/person\/03d9f58202fee8379268f34afa195006\",\"name\":\"creativebitsolutions\",\"image\":{\"@type\":\"ImageObject\",\"inLanguage\":\"en-GB\",\"@id\":\"https:\/\/carpathiacenter.ro\/#\/schema\/person\/image\/\",\"url\":\"https:\/\/secure.gravatar.com\/avatar\/1b1a13e37f847c635dab78348f1dff2f07651ee2a3d77a5c355a4b8c75f9165a?s=96&d=mm&r=g\",\"contentUrl\":\"https:\/\/secure.gravatar.com\/avatar\/1b1a13e37f847c635dab78348f1dff2f07651ee2a3d77a5c355a4b8c75f9165a?s=96&d=mm&r=g\",\"caption\":\"creativebitsolutions\"},\"url\":\"https:\/\/carpathiacenter.ro\/en\/author\/creativebitsolutions\/\"}]}<\/script>\n<!-- \/ Yoast SEO plugin. -->","yoast_head_json":{"title":"Sesizarea lui Nicu\u015for Dan pe legea privind utilizarea plajei M\u0103rii Negre, analizat\u0103 de CCR. Care sunt obiec\u021biile pre\u0219edintelui - Carpathia Center Romania","robots":{"index":"index","follow":"follow","max-snippet":"max-snippet:-1","max-image-preview":"max-image-preview:large","max-video-preview":"max-video-preview:-1"},"canonical":"https:\/\/carpathiacenter.ro\/en\/sesizarea-lui-nicusor-dan-pe-legea-privind-utilizarea-plajei-marii-negre-analizata-de-ccr-care-sunt-obiectiile-presedintelui\/","og_locale":"en_GB","og_type":"article","og_title":"Sesizarea lui Nicu\u015for Dan pe legea privind utilizarea plajei M\u0103rii Negre, analizat\u0103 de CCR. Care sunt obiec\u021biile pre\u0219edintelui - Carpathia Center Romania","og_description":"Curtea Constitu\u0163ional\u0103 a Rom\u00e2niei dezbate, miercuri, sesizarea pre\u015fedintelui Nicu\u015for Dan asupra legii care permite atribuirea gratuit\u0103 c\u0103tre autorit\u0103\u021bile locale a unor suprafe\u021be din plajele M\u0103rii Negre. \u00cen luna noiembrie 2025, Nicu\u0219or Dan a trimis Cur\u0163ii Constitu\u0163ionale o sesizare de neconstitu\u0163ionalitate asupra Legii pentru modificarea \u015fi completarea Ordonan\u0163ei de urgen\u0163\u0103 a Guvernului 19\/2006 privind utilizarea plajei...","og_url":"https:\/\/carpathiacenter.ro\/en\/sesizarea-lui-nicusor-dan-pe-legea-privind-utilizarea-plajei-marii-negre-analizata-de-ccr-care-sunt-obiectiile-presedintelui\/","og_site_name":"Carpathia Center Romania","article_publisher":"https:\/\/www.facebook.com\/fdpscarpathia\/","article_published_time":"2026-01-21T06:43:23+00:00","author":"creativebitsolutions","twitter_card":"summary_large_image","twitter_misc":{"Written by":"creativebitsolutions","Estimated reading time":"2 minutes"},"schema":{"@context":"https:\/\/schema.org","@graph":[{"@type":"Article","@id":"https:\/\/carpathiacenter.ro\/sesizarea-lui-nicusor-dan-pe-legea-privind-utilizarea-plajei-marii-negre-analizata-de-ccr-care-sunt-obiectiile-presedintelui\/#article","isPartOf":{"@id":"https:\/\/carpathiacenter.ro\/sesizarea-lui-nicusor-dan-pe-legea-privind-utilizarea-plajei-marii-negre-analizata-de-ccr-care-sunt-obiectiile-presedintelui\/"},"author":{"name":"creativebitsolutions","@id":"https:\/\/carpathiacenter.ro\/#\/schema\/person\/03d9f58202fee8379268f34afa195006"},"headline":"Sesizarea lui Nicu\u015for Dan pe legea privind utilizarea plajei M\u0103rii Negre, analizat\u0103 de CCR. Care sunt obiec\u021biile pre\u0219edintelui","datePublished":"2026-01-21T06:43:23+00:00","mainEntityOfPage":{"@id":"https:\/\/carpathiacenter.ro\/sesizarea-lui-nicusor-dan-pe-legea-privind-utilizarea-plajei-marii-negre-analizata-de-ccr-care-sunt-obiectiile-presedintelui\/"},"wordCount":294,"commentCount":0,"publisher":{"@id":"https:\/\/carpathiacenter.ro\/#organization"},"articleSection":["Uncategorized"],"inLanguage":"en-GB","potentialAction":[{"@type":"CommentAction","name":"Comment","target":["https:\/\/carpathiacenter.ro\/sesizarea-lui-nicusor-dan-pe-legea-privind-utilizarea-plajei-marii-negre-analizata-de-ccr-care-sunt-obiectiile-presedintelui\/#respond"]}]},{"@type":"WebPage","@id":"https:\/\/carpathiacenter.ro\/sesizarea-lui-nicusor-dan-pe-legea-privind-utilizarea-plajei-marii-negre-analizata-de-ccr-care-sunt-obiectiile-presedintelui\/","url":"https:\/\/carpathiacenter.ro\/sesizarea-lui-nicusor-dan-pe-legea-privind-utilizarea-plajei-marii-negre-analizata-de-ccr-care-sunt-obiectiile-presedintelui\/","name":"Sesizarea lui Nicu\u015for Dan pe legea privind utilizarea plajei M\u0103rii Negre, analizat\u0103 de CCR. Care sunt obiec\u021biile pre\u0219edintelui - Carpathia Center Romania","isPartOf":{"@id":"https:\/\/carpathiacenter.ro\/#website"},"datePublished":"2026-01-21T06:43:23+00:00","breadcrumb":{"@id":"https:\/\/carpathiacenter.ro\/sesizarea-lui-nicusor-dan-pe-legea-privind-utilizarea-plajei-marii-negre-analizata-de-ccr-care-sunt-obiectiile-presedintelui\/#breadcrumb"},"inLanguage":"en-GB","potentialAction":[{"@type":"ReadAction","target":["https:\/\/carpathiacenter.ro\/sesizarea-lui-nicusor-dan-pe-legea-privind-utilizarea-plajei-marii-negre-analizata-de-ccr-care-sunt-obiectiile-presedintelui\/"]}]},{"@type":"BreadcrumbList","@id":"https:\/\/carpathiacenter.ro\/sesizarea-lui-nicusor-dan-pe-legea-privind-utilizarea-plajei-marii-negre-analizata-de-ccr-care-sunt-obiectiile-presedintelui\/#breadcrumb","itemListElement":[{"@type":"ListItem","position":1,"name":"Prima pagin\u0103","item":"https:\/\/carpathiacenter.ro\/"},{"@type":"ListItem","position":2,"name":"Sesizarea lui Nicu\u015for Dan pe legea privind utilizarea plajei M\u0103rii Negre, analizat\u0103 de CCR. Care sunt obiec\u021biile pre\u0219edintelui"}]},{"@type":"WebSite","@id":"https:\/\/carpathiacenter.ro\/#website","url":"https:\/\/carpathiacenter.ro\/","name":"Carpathia Center Romania","description":"Impossible made possible!","publisher":{"@id":"https:\/\/carpathiacenter.ro\/#organization"},"potentialAction":[{"@type":"SearchAction","target":{"@type":"EntryPoint","urlTemplate":"https:\/\/carpathiacenter.ro\/?s={search_term_string}"},"query-input":{"@type":"PropertyValueSpecification","valueRequired":true,"valueName":"search_term_string"}}],"inLanguage":"en-GB"},{"@type":"Organization","@id":"https:\/\/carpathiacenter.ro\/#organization","name":"Carpathia Center Romania","url":"https:\/\/carpathiacenter.ro\/","logo":{"@type":"ImageObject","inLanguage":"en-GB","@id":"https:\/\/carpathiacenter.ro\/#\/schema\/logo\/image\/","url":"https:\/\/carpathiacenter.ro\/wp-content\/uploads\/2024\/07\/logo-carpathia_bg_white-1024x941.png","contentUrl":"https:\/\/carpathiacenter.ro\/wp-content\/uploads\/2024\/07\/logo-carpathia_bg_white-1024x941.png","width":1024,"height":941,"caption":"Carpathia Center Romania"},"image":{"@id":"https:\/\/carpathiacenter.ro\/#\/schema\/logo\/image\/"},"sameAs":["https:\/\/www.facebook.com\/fdpscarpathia\/"]},{"@type":"Person","@id":"https:\/\/carpathiacenter.ro\/#\/schema\/person\/03d9f58202fee8379268f34afa195006","name":"creativebitsolutions","image":{"@type":"ImageObject","inLanguage":"en-GB","@id":"https:\/\/carpathiacenter.ro\/#\/schema\/person\/image\/","url":"https:\/\/secure.gravatar.com\/avatar\/1b1a13e37f847c635dab78348f1dff2f07651ee2a3d77a5c355a4b8c75f9165a?s=96&d=mm&r=g","contentUrl":"https:\/\/secure.gravatar.com\/avatar\/1b1a13e37f847c635dab78348f1dff2f07651ee2a3d77a5c355a4b8c75f9165a?s=96&d=mm&r=g","caption":"creativebitsolutions"},"url":"https:\/\/carpathiacenter.ro\/en\/author\/creativebitsolutions\/"}]}},"_links":{"self":[{"href":"https:\/\/carpathiacenter.ro\/en\/wp-json\/wp\/v2\/posts\/3671","targetHints":{"allow":["GET"]}}],"collection":[{"href":"https:\/\/carpathiacenter.ro\/en\/wp-json\/wp\/v2\/posts"}],"about":[{"href":"https:\/\/carpathiacenter.ro\/en\/wp-json\/wp\/v2\/types\/post"}],"author":[{"embeddable":true,"href":"https:\/\/carpathiacenter.ro\/en\/wp-json\/wp\/v2\/users\/4"}],"replies":[{"embeddable":true,"href":"https:\/\/carpathiacenter.ro\/en\/wp-json\/wp\/v2\/comments?post=3671"}],"version-history":[{"count":1,"href":"https:\/\/carpathiacenter.ro\/en\/wp-json\/wp\/v2\/posts\/3671\/revisions"}],"predecessor-version":[{"id":3672,"href":"https:\/\/carpathiacenter.ro\/en\/wp-json\/wp\/v2\/posts\/3671\/revisions\/3672"}],"wp:attachment":[{"href":"https:\/\/carpathiacenter.ro\/en\/wp-json\/wp\/v2\/media?parent=3671"}],"wp:term":[{"taxonomy":"category","embeddable":true,"href":"https:\/\/carpathiacenter.ro\/en\/wp-json\/wp\/v2\/categories?post=3671"},{"taxonomy":"post_tag","embeddable":true,"href":"https:\/\/carpathiacenter.ro\/en\/wp-json\/wp\/v2\/tags?post=3671"}],"curies":[{"name":"wp","href":"https:\/\/api.w.org\/{rel}","templated":true}]}}