{"id":3668,"date":"2026-01-21T06:42:03","date_gmt":"2026-01-21T06:42:03","guid":{"rendered":"https:\/\/carpathiacenter.ro\/?p=3668"},"modified":"2026-01-21T06:42:03","modified_gmt":"2026-01-21T06:42:03","slug":"una-dintre-institutiile-cu-cel-mai-bine-platiti-angajati-se-plange-ca-taierile-lui-bolojan-ii-vor-afecta-activitatea-cat-au-scazut-salariile-si-cati-oameni-au-fost-concediati-de-la-1-ianuarie-2026","status":"publish","type":"post","link":"https:\/\/carpathiacenter.ro\/en\/una-dintre-institutiile-cu-cel-mai-bine-platiti-angajati-se-plange-ca-taierile-lui-bolojan-ii-vor-afecta-activitatea-cat-au-scazut-salariile-si-cati-oameni-au-fost-concediati-de-la-1-ianuarie-2026\/","title":{"rendered":"Una dintre institu\u021biile cu cel mai bine pl\u0103ti\u021bi angaja\u021bi se pl\u00e2nge c\u0103 t\u0103ierile lui Bolojan \u00eei vor afecta activitatea. C\u00e2t au sc\u0103zut salariile \u0219i c\u00e2\u021bi oameni au fost concedia\u021bi de la 1 ianuarie 2026"},"content":{"rendered":"<p><strong>Salariul net lunar al pre\u0219edintelui Autorit\u0103\u021bii de Supraveghere Financiar\u0103 (ASF), Alexandru Petrescu, a sc\u0103zut de la peste 12.500 de euro \u00een luna decembrie a anului trecut la aproximativ 8.800 de euro de la 1 ianuarie 2026, salariul mediu \u00een institu\u021bie a ajuns sub 2.000 de euro \u0219i 38 de angaja\u021bi au fost afecta\u021bi de reducerile de posturi. A\u0219a arat\u0103 pe scurt m\u0103surile luate de conducerea ASF \u0219i comunicate HotNews.ro pentru aplicarea uneia dintre reformele pe care guvernul Bolojan \u0219i-a angajat r\u0103spunderea \u00een Parlament.<\/strong><\/p>\n<p>Autoritatea de Supraveghere Financiar\u0103 (ASF), care supravegheaz\u0103 pie\u021bele de capital, asigur\u0103ri \u0219i pensii private, a comunicat la solicitarea HotNews.ro m\u0103surile pe care le-a luat pentru aplicarea Legii 145\/2025 care vizeaz\u0103 t\u0103ieri de posturi \u0219i reducerea cu 30% a tuturor salariilor \u00een aceast\u0103 institu\u021bie, precum \u0219i \u00een alte dou\u0103 autorit\u0103\u021bi de reglementare: ANCOM \u0219i ANRE.<\/p>\n<div id=\"billboard2\" class=\"inserted-position billboard-2\"><\/div>\n<p>At\u00e2t \u00een ASF, c\u00e2t \u0219i \u00een ANRE \u0219i ANCOM, salariile sunt printre cele mai mari din sectorul public rom\u00e2nesc, cele trei autorit\u0103\u021bi autofinan\u021b\u00e2ndu-se din diverse taxe asupra sectoarelor pe care le supravegheaz\u0103, taxe care se reg\u0103sesc \u00een final \u00een facturile pe care le pl\u0103tesc rom\u00e2nii la RCA, energie electric\u0103 \u0219i gaze naturale ori telefonie, internet \u0219i TV.<\/p>\n<h2 class=\"wp-block-heading\">38 de angaja\u021bi din ASF, afecta\u021bi de reducerea posturilor<\/h2>\n<p>\u00cencep\u00e2nd cu data de 1 ianuarie 2026, din totalul de 544 posturi c\u00e2t avea institu\u021bia, au fost desfiin\u021bate 75 de posturi, dintre care 33 erau posturi ocupate, a comunicat pentru HotNews.ro Autoritatea de Supraveghere Financiar\u0103.<\/p>\n<p>\u201eEliminarea unui num\u0103r semnificativ de posturi din organigrama ASF va afecta \u0219i capacitatea institu\u021biei, pe viitor, de a angaja resurse specializate, necesare exercit\u0103rii corespunz\u0103toare a atribu\u021biilor legale, inclusiv a noilor responsabilit\u0103\u021bi care vor rezulta din dezvoltarea cadrului de reglementare european \u00een domenii precum rezilien\u021ba opera\u021bional\u0103 digital\u0103, sustenabilitate, inteligen\u021b\u0103 artificial\u0103 \u0219i active digitale\u201d, aten\u021bioneaz\u0103 institu\u021bia.<\/p>\n<div id=\"billboard3\" class=\"inserted-position billboard-3\"><\/div>\n<p>Autoritatea a prezentat \u0219i num\u0103rul exact al angaja\u021bilor afecta\u021bi de aceste reduceri de posturi.<\/p>\n<p>\u201e\u00cen contextul generat la nivelul ASF de aplicarea prevederilor Legii 145\/2025, au fost afecta\u021bi un num\u0103r de 38 de angaja\u021bi. Pentru 17 dintre ace\u0219tia au fost emise preavize de concediere, iar pentru un num\u0103r de 21 angaja\u021bi raporturile de munc\u0103 au \u00eencetat prin acordul p\u0103r\u021bilor, \u00een condi\u021biile legii. Nu au fost acordate salarii compensatorii. To\u021bi salaria\u021bii care au primit preavize ocupau posturi suport\u201d,\u00a0 potrivit ASF.<\/p>\n<p>\u00cen ceea ce prive\u0219te num\u0103rul total de angaja\u021bi ai ASF, mai arat\u0103 autoritatea, \u00een anii anteriori procesului de restructurare (1 ianuarie 2023 \u2013 1 ianuarie 2025) este de men\u021bionat c\u0103 acesta a fost \u00een continu\u0103 sc\u0103dere \u2013 de la 535 la 503.<\/p>\n<div id=\"billboard4\" class=\"inserted-position billboard-4 mobile\"><\/div>\n<p>\u201ePreciz\u0103m c\u0103 \u00een mandatul actualei conduceri a ASF nu au fost f\u0103cute noi angaj\u0103ri. De asemenea, \u00een aceast\u0103 perioad\u0103 nu au fost acordate sporuri, prime sau alte beneficii pentru angaja\u021bi\u201d, se arat\u0103 \u00een r\u0103spunsul autorit\u0103\u021bii.<\/p>\n<h2 class=\"wp-block-heading\">C\u00e2t au sc\u0103zut salariile conducerii ASF<\/h2>\n<p><img decoding=\"async\" class=\"alignnone size-medium wp-image-3669\" src=\"https:\/\/carpathiacenter.ro\/wp-content\/uploads\/2026\/01\/Captura-de-ecran-2026-01-21-083927-300x99.png\" alt=\"\" width=\"300\" height=\"99\" srcset=\"https:\/\/carpathiacenter.ro\/wp-content\/uploads\/2026\/01\/Captura-de-ecran-2026-01-21-083927-300x99.png 300w, https:\/\/carpathiacenter.ro\/wp-content\/uploads\/2026\/01\/Captura-de-ecran-2026-01-21-083927-1024x338.png 1024w, https:\/\/carpathiacenter.ro\/wp-content\/uploads\/2026\/01\/Captura-de-ecran-2026-01-21-083927-18x6.png 18w, https:\/\/carpathiacenter.ro\/wp-content\/uploads\/2026\/01\/Captura-de-ecran-2026-01-21-083927-600x198.png 600w, https:\/\/carpathiacenter.ro\/wp-content\/uploads\/2026\/01\/Captura-de-ecran-2026-01-21-083927.png 1071w\" sizes=\"(max-width: 300px) 100vw, 300px\" \/><\/p>\n<p>Autoritatea a prezentat la solicitarea HotNews.ro ce salarii aveau membrii\u00a0<a href=\"https:\/\/asfromania.ro\/ro\/a\/140\/consiliul-asf\" target=\"_blank\" rel=\"noopener\">consiliului de conducere<\/a>, \u00een frunte cu Alexandru Petrescu, pre\u0219edintele autorit\u0103\u021bii.<\/p>\n<p>Astfel, indemniza\u021bia net\u0103 lunar\u0103 a pre\u0219edintelui ASF a sc\u0103zut la 43.991 de lei (circa 8.800 de euro n.a.) de la 1 ianuarie 2026, fa\u021b\u0103 de 62.844 de lei (peste 12.500 de euro) la sf\u00e2r\u0219itul anului trecut.<\/p>\n<p>Salariul net al prim vicepre\u0219edintelui ASF, Gabriel Ioan Avr\u0103mescu, a sc\u0103zut de la 58.142 de lei (peste 11.600 de euro) \u00een decembrie 2025 p\u00e2n\u0103 la 40.699 de lei (peste 8.100 de euro) de la 1 ianuarie 2026.<\/p>\n<div id=\"billboard5\" class=\"inserted-position billboard-5 mobile\"><\/div>\n<p>Salariile nete ale celor doi vicepre\u0219edin\u021bi: Sorin Mititelu, responsabil de sectorul asigur\u0103rilor, \u0219i Dan Armeanu, responsabil de pensii private, au fost reduse de la 53.439 de lei (peste 10.600 de euro) la 37.407 lei (circa 7.500 de euro).<\/p>\n<p>Salariile nete lunare celor trei membri neexecutivi \u2013 Jozsef Birtalan, Ovidiu R\u0103zvan Wlassopol \u0219i Elena Monica St\u0103nic\u0103 \u2013 au sc\u0103zut de la 29.641 de lei (circa 6.000 de euro) la 20.749 de lei (peste 4.100 de euro).<\/p>\n<h2 class=\"wp-block-heading\">Cel mai mic salariu net din ASF a sc\u0103zut sub 1.000 de euro<\/h2>\n<p>\u00cenainte de implementarea prevederilor Legii nr. 145\/2025 la nivelul ASF, erau \u00een plat\u0103 urm\u0103toarele niveluri salariale:<\/p>\n<div id=\"billboard6\" class=\"inserted-position billboard-6 mobile\"><\/div>\n<p>\u2013 Salariul minim net (referent): 5.380 lei<\/p>\n<p>\u2013 Salariul mediu net: 13.560 lei<\/p>\n<p>\u2013 Salariul maxim net (director general): 40.640 lei<\/p>\n<p>Dup\u0103 reducerea cu 30% a tuturor salariilor aflate \u00een plat\u0103 pentru salaria\u021bii ASF, precum \u0219i cel al grilelor salariale, prin Hot\u0103r\u00e2re a Consiliului ASF, \u00eencep\u00e2nd cu data de 01.01.2026, au rezultat urm\u0103toarele niveluri salariale:<\/p>\n<p>\u2013 Salariul minim net (referent): 4.097 lei<\/p>\n<p>\u2013 Salariul mediu net: 9.500 lei<\/p>\n<p>\u2013 Salariul maxim net (director): 27.000 lei<\/p>\n<p>Autoritatea subliniaz\u0103 c\u0103 de la 1 ianuarie 2026 a desfiin\u021bat toate func\u021biile de director general de la nivelul institu\u021biei.<\/p>\n<h2 class=\"wp-block-heading\">O parte din angaja\u021bii ASF au contestat reducerea salariilor<\/h2>\n<p>Oficialii Autorit\u0103\u021bii au mai precizat c\u0103 \u201enu au cuno\u0219tin\u021b\u0103, p\u00e2n\u0103 la acest moment, de niciun litigiu \u00een care angaja\u021bi ai ASF, respectiv Sindicatul ASF, s\u0103 fi contestat procesul de restructurare\u201d.<\/p>\n<div id=\"billboard8\" class=\"inserted-position billboard-8 mobile\"><\/div>\n<p>Pe de alt\u0103 parte, conducerea ASF a confirmat c\u0103 \u201eSindicatul ASF, respectiv o parte din salaria\u021bii ASF, au contestat, printr-o ac\u021biune \u00een suspendarea execut\u0103rii, reducerea cu 30% a salariilor de baz\u0103. Ac\u021biunea a fost introdus\u0103 la data de 13.01.2026, iar litigiul face obiectul dosarului nr. 124\/2\/2026, aflat pe rolul Cur\u021bii de Apel Bucure\u0219ti, cu termen de judecat\u0103 \u00een data de 3.02.2026\u201d.<\/p>\n<p>HotNews.ro a scris \u00een premier\u0103, joi, 15 ianuarie, c\u0103 sute de angaja\u021bi din cadrul Autorit\u0103\u021bii de Supraveghere Financiar\u0103 (ASF) \u0219i ai Autorit\u0103\u021bii de reglementare \u00een Energie (ANRE), precum \u0219i sindicatele celor dou\u0103 institu\u021bii de stat, au mers \u00een instan\u021b\u0103 pentru a contesta reforma pentru care Bolojan \u0219i-a angajat r\u0103spunderea \u00een Parlament.<\/p>\n<p>M\u0103sura a venit dup\u0103 ce Sindicatul salaria\u021bilor din ANCOM a reu\u0219it, printr-o decizie a Cur\u021bii de Apel Bucure\u0219ti, s\u0103 opreasc\u0103 aplicarea m\u0103surilor.<\/p>\n<p>Sursa articolului:  <a href=\"https:\/\/hotnews.ro\/exclusiv-una-dintre-institutiile-cu-cel-mai-bine-platiti-angajati-se-plange-ca-taierile-lui-bolojan-ii-vor-afecta-activitatea-cat-au-scazut-salariile-si-cati-oameni-au-fost-concediati-de-la-1-ianuari-2153491\" target=\"_blank\" rel=\"noopener\" title=\"\">HotNews<\/a><\/p>","protected":false},"excerpt":{"rendered":"<p>Salariul net lunar al pre\u0219edintelui Autorit\u0103\u021bii de Supraveghere Financiar\u0103 (ASF), Alexandru Petrescu, a sc\u0103zut de la peste 12.500 de euro \u00een luna decembrie a anului trecut la aproximativ 8.800 de euro de la 1 ianuarie 2026, salariul mediu \u00een institu\u021bie a ajuns sub 2.000 de euro \u0219i 38 de angaja\u021bi au fost afecta\u021bi de reducerile&#8230;<\/p>","protected":false},"author":4,"featured_media":0,"comment_status":"open","ping_status":"open","sticky":false,"template":"","format":"standard","meta":{"footnotes":""},"categories":[1],"tags":[],"class_list":["post-3668","post","type-post","status-publish","format-standard","hentry","category-uncategorized"],"yoast_head":"<!-- This site is optimized with the Yoast SEO plugin v26.1.1 - https:\/\/yoast.com\/wordpress\/plugins\/seo\/ -->\n<title>Una dintre institu\u021biile cu cel mai bine pl\u0103ti\u021bi angaja\u021bi se pl\u00e2nge c\u0103 t\u0103ierile lui Bolojan \u00eei vor afecta activitatea. C\u00e2t au sc\u0103zut salariile \u0219i c\u00e2\u021bi oameni au fost concedia\u021bi de la 1 ianuarie 2026 - Carpathia Center Romania<\/title>\n<meta name=\"robots\" content=\"index, follow, max-snippet:-1, max-image-preview:large, max-video-preview:-1\" \/>\n<link rel=\"canonical\" href=\"https:\/\/carpathiacenter.ro\/en\/una-dintre-institutiile-cu-cel-mai-bine-platiti-angajati-se-plange-ca-taierile-lui-bolojan-ii-vor-afecta-activitatea-cat-au-scazut-salariile-si-cati-oameni-au-fost-concediati-de-la-1-ianuarie-2026\/\" \/>\n<meta property=\"og:locale\" content=\"en_GB\" \/>\n<meta property=\"og:type\" content=\"article\" \/>\n<meta property=\"og:title\" content=\"Una dintre institu\u021biile cu cel mai bine pl\u0103ti\u021bi angaja\u021bi se pl\u00e2nge c\u0103 t\u0103ierile lui Bolojan \u00eei vor afecta activitatea. C\u00e2t au sc\u0103zut salariile \u0219i c\u00e2\u021bi oameni au fost concedia\u021bi de la 1 ianuarie 2026 - Carpathia Center Romania\" \/>\n<meta property=\"og:description\" content=\"Salariul net lunar al pre\u0219edintelui Autorit\u0103\u021bii de Supraveghere Financiar\u0103 (ASF), Alexandru Petrescu, a sc\u0103zut de la peste 12.500 de euro \u00een luna decembrie a anului trecut la aproximativ 8.800 de euro de la 1 ianuarie 2026, salariul mediu \u00een institu\u021bie a ajuns sub 2.000 de euro \u0219i 38 de angaja\u021bi au fost afecta\u021bi de reducerile...\" \/>\n<meta property=\"og:url\" content=\"https:\/\/carpathiacenter.ro\/en\/una-dintre-institutiile-cu-cel-mai-bine-platiti-angajati-se-plange-ca-taierile-lui-bolojan-ii-vor-afecta-activitatea-cat-au-scazut-salariile-si-cati-oameni-au-fost-concediati-de-la-1-ianuarie-2026\/\" \/>\n<meta property=\"og:site_name\" content=\"Carpathia Center Romania\" \/>\n<meta property=\"article:publisher\" content=\"https:\/\/www.facebook.com\/fdpscarpathia\/\" \/>\n<meta property=\"article:published_time\" content=\"2026-01-21T06:42:03+00:00\" \/>\n<meta property=\"og:image\" content=\"https:\/\/carpathiacenter.ro\/wp-content\/uploads\/2026\/01\/Captura-de-ecran-2026-01-21-083927.png\" \/>\n\t<meta property=\"og:image:width\" content=\"1071\" \/>\n\t<meta property=\"og:image:height\" content=\"354\" \/>\n\t<meta property=\"og:image:type\" content=\"image\/png\" \/>\n<meta name=\"author\" content=\"creativebitsolutions\" \/>\n<meta name=\"twitter:card\" content=\"summary_large_image\" \/>\n<meta name=\"twitter:label1\" content=\"Written by\" \/>\n\t<meta name=\"twitter:data1\" content=\"creativebitsolutions\" \/>\n\t<meta name=\"twitter:label2\" content=\"Estimated reading time\" \/>\n\t<meta name=\"twitter:data2\" content=\"6 minutes\" \/>\n<script type=\"application\/ld+json\" class=\"yoast-schema-graph\">{\"@context\":\"https:\/\/schema.org\",\"@graph\":[{\"@type\":\"Article\",\"@id\":\"https:\/\/carpathiacenter.ro\/una-dintre-institutiile-cu-cel-mai-bine-platiti-angajati-se-plange-ca-taierile-lui-bolojan-ii-vor-afecta-activitatea-cat-au-scazut-salariile-si-cati-oameni-au-fost-concediati-de-la-1-ianuarie-2026\/#article\",\"isPartOf\":{\"@id\":\"https:\/\/carpathiacenter.ro\/una-dintre-institutiile-cu-cel-mai-bine-platiti-angajati-se-plange-ca-taierile-lui-bolojan-ii-vor-afecta-activitatea-cat-au-scazut-salariile-si-cati-oameni-au-fost-concediati-de-la-1-ianuarie-2026\/\"},\"author\":{\"name\":\"creativebitsolutions\",\"@id\":\"https:\/\/carpathiacenter.ro\/#\/schema\/person\/03d9f58202fee8379268f34afa195006\"},\"headline\":\"Una dintre institu\u021biile cu cel mai bine pl\u0103ti\u021bi angaja\u021bi se pl\u00e2nge c\u0103 t\u0103ierile lui Bolojan \u00eei vor afecta activitatea. C\u00e2t au sc\u0103zut salariile \u0219i c\u00e2\u021bi oameni au fost concedia\u021bi de la 1 ianuarie 2026\",\"datePublished\":\"2026-01-21T06:42:03+00:00\",\"mainEntityOfPage\":{\"@id\":\"https:\/\/carpathiacenter.ro\/una-dintre-institutiile-cu-cel-mai-bine-platiti-angajati-se-plange-ca-taierile-lui-bolojan-ii-vor-afecta-activitatea-cat-au-scazut-salariile-si-cati-oameni-au-fost-concediati-de-la-1-ianuarie-2026\/\"},\"wordCount\":1012,\"commentCount\":0,\"publisher\":{\"@id\":\"https:\/\/carpathiacenter.ro\/#organization\"},\"image\":{\"@id\":\"https:\/\/carpathiacenter.ro\/una-dintre-institutiile-cu-cel-mai-bine-platiti-angajati-se-plange-ca-taierile-lui-bolojan-ii-vor-afecta-activitatea-cat-au-scazut-salariile-si-cati-oameni-au-fost-concediati-de-la-1-ianuarie-2026\/#primaryimage\"},\"thumbnailUrl\":\"https:\/\/carpathiacenter.ro\/wp-content\/uploads\/2026\/01\/Captura-de-ecran-2026-01-21-083927-300x99.png\",\"articleSection\":[\"Uncategorized\"],\"inLanguage\":\"en-GB\",\"potentialAction\":[{\"@type\":\"CommentAction\",\"name\":\"Comment\",\"target\":[\"https:\/\/carpathiacenter.ro\/una-dintre-institutiile-cu-cel-mai-bine-platiti-angajati-se-plange-ca-taierile-lui-bolojan-ii-vor-afecta-activitatea-cat-au-scazut-salariile-si-cati-oameni-au-fost-concediati-de-la-1-ianuarie-2026\/#respond\"]}]},{\"@type\":\"WebPage\",\"@id\":\"https:\/\/carpathiacenter.ro\/una-dintre-institutiile-cu-cel-mai-bine-platiti-angajati-se-plange-ca-taierile-lui-bolojan-ii-vor-afecta-activitatea-cat-au-scazut-salariile-si-cati-oameni-au-fost-concediati-de-la-1-ianuarie-2026\/\",\"url\":\"https:\/\/carpathiacenter.ro\/una-dintre-institutiile-cu-cel-mai-bine-platiti-angajati-se-plange-ca-taierile-lui-bolojan-ii-vor-afecta-activitatea-cat-au-scazut-salariile-si-cati-oameni-au-fost-concediati-de-la-1-ianuarie-2026\/\",\"name\":\"Una dintre institu\u021biile cu cel mai bine pl\u0103ti\u021bi angaja\u021bi se pl\u00e2nge c\u0103 t\u0103ierile lui Bolojan \u00eei vor afecta activitatea. C\u00e2t au sc\u0103zut salariile \u0219i c\u00e2\u021bi oameni au fost concedia\u021bi de la 1 ianuarie 2026 - Carpathia Center Romania\",\"isPartOf\":{\"@id\":\"https:\/\/carpathiacenter.ro\/#website\"},\"primaryImageOfPage\":{\"@id\":\"https:\/\/carpathiacenter.ro\/una-dintre-institutiile-cu-cel-mai-bine-platiti-angajati-se-plange-ca-taierile-lui-bolojan-ii-vor-afecta-activitatea-cat-au-scazut-salariile-si-cati-oameni-au-fost-concediati-de-la-1-ianuarie-2026\/#primaryimage\"},\"image\":{\"@id\":\"https:\/\/carpathiacenter.ro\/una-dintre-institutiile-cu-cel-mai-bine-platiti-angajati-se-plange-ca-taierile-lui-bolojan-ii-vor-afecta-activitatea-cat-au-scazut-salariile-si-cati-oameni-au-fost-concediati-de-la-1-ianuarie-2026\/#primaryimage\"},\"thumbnailUrl\":\"https:\/\/carpathiacenter.ro\/wp-content\/uploads\/2026\/01\/Captura-de-ecran-2026-01-21-083927-300x99.png\",\"datePublished\":\"2026-01-21T06:42:03+00:00\",\"breadcrumb\":{\"@id\":\"https:\/\/carpathiacenter.ro\/una-dintre-institutiile-cu-cel-mai-bine-platiti-angajati-se-plange-ca-taierile-lui-bolojan-ii-vor-afecta-activitatea-cat-au-scazut-salariile-si-cati-oameni-au-fost-concediati-de-la-1-ianuarie-2026\/#breadcrumb\"},\"inLanguage\":\"en-GB\",\"potentialAction\":[{\"@type\":\"ReadAction\",\"target\":[\"https:\/\/carpathiacenter.ro\/una-dintre-institutiile-cu-cel-mai-bine-platiti-angajati-se-plange-ca-taierile-lui-bolojan-ii-vor-afecta-activitatea-cat-au-scazut-salariile-si-cati-oameni-au-fost-concediati-de-la-1-ianuarie-2026\/\"]}]},{\"@type\":\"ImageObject\",\"inLanguage\":\"en-GB\",\"@id\":\"https:\/\/carpathiacenter.ro\/una-dintre-institutiile-cu-cel-mai-bine-platiti-angajati-se-plange-ca-taierile-lui-bolojan-ii-vor-afecta-activitatea-cat-au-scazut-salariile-si-cati-oameni-au-fost-concediati-de-la-1-ianuarie-2026\/#primaryimage\",\"url\":\"https:\/\/carpathiacenter.ro\/wp-content\/uploads\/2026\/01\/Captura-de-ecran-2026-01-21-083927-300x99.png\",\"contentUrl\":\"https:\/\/carpathiacenter.ro\/wp-content\/uploads\/2026\/01\/Captura-de-ecran-2026-01-21-083927-300x99.png\"},{\"@type\":\"BreadcrumbList\",\"@id\":\"https:\/\/carpathiacenter.ro\/una-dintre-institutiile-cu-cel-mai-bine-platiti-angajati-se-plange-ca-taierile-lui-bolojan-ii-vor-afecta-activitatea-cat-au-scazut-salariile-si-cati-oameni-au-fost-concediati-de-la-1-ianuarie-2026\/#breadcrumb\",\"itemListElement\":[{\"@type\":\"ListItem\",\"position\":1,\"name\":\"Prima pagin\u0103\",\"item\":\"https:\/\/carpathiacenter.ro\/\"},{\"@type\":\"ListItem\",\"position\":2,\"name\":\"Una dintre institu\u021biile cu cel mai bine pl\u0103ti\u021bi angaja\u021bi se pl\u00e2nge c\u0103 t\u0103ierile lui Bolojan \u00eei vor afecta activitatea. C\u00e2t au sc\u0103zut salariile \u0219i c\u00e2\u021bi oameni au fost concedia\u021bi de la 1 ianuarie 2026\"}]},{\"@type\":\"WebSite\",\"@id\":\"https:\/\/carpathiacenter.ro\/#website\",\"url\":\"https:\/\/carpathiacenter.ro\/\",\"name\":\"Carpathia Center Romania\",\"description\":\"Impossible made possible!\",\"publisher\":{\"@id\":\"https:\/\/carpathiacenter.ro\/#organization\"},\"potentialAction\":[{\"@type\":\"SearchAction\",\"target\":{\"@type\":\"EntryPoint\",\"urlTemplate\":\"https:\/\/carpathiacenter.ro\/?s={search_term_string}\"},\"query-input\":{\"@type\":\"PropertyValueSpecification\",\"valueRequired\":true,\"valueName\":\"search_term_string\"}}],\"inLanguage\":\"en-GB\"},{\"@type\":\"Organization\",\"@id\":\"https:\/\/carpathiacenter.ro\/#organization\",\"name\":\"Carpathia Center Romania\",\"url\":\"https:\/\/carpathiacenter.ro\/\",\"logo\":{\"@type\":\"ImageObject\",\"inLanguage\":\"en-GB\",\"@id\":\"https:\/\/carpathiacenter.ro\/#\/schema\/logo\/image\/\",\"url\":\"https:\/\/carpathiacenter.ro\/wp-content\/uploads\/2024\/07\/logo-carpathia_bg_white-1024x941.png\",\"contentUrl\":\"https:\/\/carpathiacenter.ro\/wp-content\/uploads\/2024\/07\/logo-carpathia_bg_white-1024x941.png\",\"width\":1024,\"height\":941,\"caption\":\"Carpathia Center Romania\"},\"image\":{\"@id\":\"https:\/\/carpathiacenter.ro\/#\/schema\/logo\/image\/\"},\"sameAs\":[\"https:\/\/www.facebook.com\/fdpscarpathia\/\"]},{\"@type\":\"Person\",\"@id\":\"https:\/\/carpathiacenter.ro\/#\/schema\/person\/03d9f58202fee8379268f34afa195006\",\"name\":\"creativebitsolutions\",\"image\":{\"@type\":\"ImageObject\",\"inLanguage\":\"en-GB\",\"@id\":\"https:\/\/carpathiacenter.ro\/#\/schema\/person\/image\/\",\"url\":\"https:\/\/secure.gravatar.com\/avatar\/1b1a13e37f847c635dab78348f1dff2f07651ee2a3d77a5c355a4b8c75f9165a?s=96&d=mm&r=g\",\"contentUrl\":\"https:\/\/secure.gravatar.com\/avatar\/1b1a13e37f847c635dab78348f1dff2f07651ee2a3d77a5c355a4b8c75f9165a?s=96&d=mm&r=g\",\"caption\":\"creativebitsolutions\"},\"url\":\"https:\/\/carpathiacenter.ro\/en\/author\/creativebitsolutions\/\"}]}<\/script>\n<!-- \/ Yoast SEO plugin. -->","yoast_head_json":{"title":"Una dintre institu\u021biile cu cel mai bine pl\u0103ti\u021bi angaja\u021bi se pl\u00e2nge c\u0103 t\u0103ierile lui Bolojan \u00eei vor afecta activitatea. C\u00e2t au sc\u0103zut salariile \u0219i c\u00e2\u021bi oameni au fost concedia\u021bi de la 1 ianuarie 2026 - Carpathia Center Romania","robots":{"index":"index","follow":"follow","max-snippet":"max-snippet:-1","max-image-preview":"max-image-preview:large","max-video-preview":"max-video-preview:-1"},"canonical":"https:\/\/carpathiacenter.ro\/en\/una-dintre-institutiile-cu-cel-mai-bine-platiti-angajati-se-plange-ca-taierile-lui-bolojan-ii-vor-afecta-activitatea-cat-au-scazut-salariile-si-cati-oameni-au-fost-concediati-de-la-1-ianuarie-2026\/","og_locale":"en_GB","og_type":"article","og_title":"Una dintre institu\u021biile cu cel mai bine pl\u0103ti\u021bi angaja\u021bi se pl\u00e2nge c\u0103 t\u0103ierile lui Bolojan \u00eei vor afecta activitatea. C\u00e2t au sc\u0103zut salariile \u0219i c\u00e2\u021bi oameni au fost concedia\u021bi de la 1 ianuarie 2026 - Carpathia Center Romania","og_description":"Salariul net lunar al pre\u0219edintelui Autorit\u0103\u021bii de Supraveghere Financiar\u0103 (ASF), Alexandru Petrescu, a sc\u0103zut de la peste 12.500 de euro \u00een luna decembrie a anului trecut la aproximativ 8.800 de euro de la 1 ianuarie 2026, salariul mediu \u00een institu\u021bie a ajuns sub 2.000 de euro \u0219i 38 de angaja\u021bi au fost afecta\u021bi de reducerile...","og_url":"https:\/\/carpathiacenter.ro\/en\/una-dintre-institutiile-cu-cel-mai-bine-platiti-angajati-se-plange-ca-taierile-lui-bolojan-ii-vor-afecta-activitatea-cat-au-scazut-salariile-si-cati-oameni-au-fost-concediati-de-la-1-ianuarie-2026\/","og_site_name":"Carpathia Center Romania","article_publisher":"https:\/\/www.facebook.com\/fdpscarpathia\/","article_published_time":"2026-01-21T06:42:03+00:00","og_image":[{"width":1071,"height":354,"url":"https:\/\/carpathiacenter.ro\/wp-content\/uploads\/2026\/01\/Captura-de-ecran-2026-01-21-083927.png","type":"image\/png"}],"author":"creativebitsolutions","twitter_card":"summary_large_image","twitter_misc":{"Written by":"creativebitsolutions","Estimated reading time":"6 minutes"},"schema":{"@context":"https:\/\/schema.org","@graph":[{"@type":"Article","@id":"https:\/\/carpathiacenter.ro\/una-dintre-institutiile-cu-cel-mai-bine-platiti-angajati-se-plange-ca-taierile-lui-bolojan-ii-vor-afecta-activitatea-cat-au-scazut-salariile-si-cati-oameni-au-fost-concediati-de-la-1-ianuarie-2026\/#article","isPartOf":{"@id":"https:\/\/carpathiacenter.ro\/una-dintre-institutiile-cu-cel-mai-bine-platiti-angajati-se-plange-ca-taierile-lui-bolojan-ii-vor-afecta-activitatea-cat-au-scazut-salariile-si-cati-oameni-au-fost-concediati-de-la-1-ianuarie-2026\/"},"author":{"name":"creativebitsolutions","@id":"https:\/\/carpathiacenter.ro\/#\/schema\/person\/03d9f58202fee8379268f34afa195006"},"headline":"Una dintre institu\u021biile cu cel mai bine pl\u0103ti\u021bi angaja\u021bi se pl\u00e2nge c\u0103 t\u0103ierile lui Bolojan \u00eei vor afecta activitatea. C\u00e2t au sc\u0103zut salariile \u0219i c\u00e2\u021bi oameni au fost concedia\u021bi de la 1 ianuarie 2026","datePublished":"2026-01-21T06:42:03+00:00","mainEntityOfPage":{"@id":"https:\/\/carpathiacenter.ro\/una-dintre-institutiile-cu-cel-mai-bine-platiti-angajati-se-plange-ca-taierile-lui-bolojan-ii-vor-afecta-activitatea-cat-au-scazut-salariile-si-cati-oameni-au-fost-concediati-de-la-1-ianuarie-2026\/"},"wordCount":1012,"commentCount":0,"publisher":{"@id":"https:\/\/carpathiacenter.ro\/#organization"},"image":{"@id":"https:\/\/carpathiacenter.ro\/una-dintre-institutiile-cu-cel-mai-bine-platiti-angajati-se-plange-ca-taierile-lui-bolojan-ii-vor-afecta-activitatea-cat-au-scazut-salariile-si-cati-oameni-au-fost-concediati-de-la-1-ianuarie-2026\/#primaryimage"},"thumbnailUrl":"https:\/\/carpathiacenter.ro\/wp-content\/uploads\/2026\/01\/Captura-de-ecran-2026-01-21-083927-300x99.png","articleSection":["Uncategorized"],"inLanguage":"en-GB","potentialAction":[{"@type":"CommentAction","name":"Comment","target":["https:\/\/carpathiacenter.ro\/una-dintre-institutiile-cu-cel-mai-bine-platiti-angajati-se-plange-ca-taierile-lui-bolojan-ii-vor-afecta-activitatea-cat-au-scazut-salariile-si-cati-oameni-au-fost-concediati-de-la-1-ianuarie-2026\/#respond"]}]},{"@type":"WebPage","@id":"https:\/\/carpathiacenter.ro\/una-dintre-institutiile-cu-cel-mai-bine-platiti-angajati-se-plange-ca-taierile-lui-bolojan-ii-vor-afecta-activitatea-cat-au-scazut-salariile-si-cati-oameni-au-fost-concediati-de-la-1-ianuarie-2026\/","url":"https:\/\/carpathiacenter.ro\/una-dintre-institutiile-cu-cel-mai-bine-platiti-angajati-se-plange-ca-taierile-lui-bolojan-ii-vor-afecta-activitatea-cat-au-scazut-salariile-si-cati-oameni-au-fost-concediati-de-la-1-ianuarie-2026\/","name":"Una dintre institu\u021biile cu cel mai bine pl\u0103ti\u021bi angaja\u021bi se pl\u00e2nge c\u0103 t\u0103ierile lui Bolojan \u00eei vor afecta activitatea. C\u00e2t au sc\u0103zut salariile \u0219i c\u00e2\u021bi oameni au fost concedia\u021bi de la 1 ianuarie 2026 - Carpathia Center Romania","isPartOf":{"@id":"https:\/\/carpathiacenter.ro\/#website"},"primaryImageOfPage":{"@id":"https:\/\/carpathiacenter.ro\/una-dintre-institutiile-cu-cel-mai-bine-platiti-angajati-se-plange-ca-taierile-lui-bolojan-ii-vor-afecta-activitatea-cat-au-scazut-salariile-si-cati-oameni-au-fost-concediati-de-la-1-ianuarie-2026\/#primaryimage"},"image":{"@id":"https:\/\/carpathiacenter.ro\/una-dintre-institutiile-cu-cel-mai-bine-platiti-angajati-se-plange-ca-taierile-lui-bolojan-ii-vor-afecta-activitatea-cat-au-scazut-salariile-si-cati-oameni-au-fost-concediati-de-la-1-ianuarie-2026\/#primaryimage"},"thumbnailUrl":"https:\/\/carpathiacenter.ro\/wp-content\/uploads\/2026\/01\/Captura-de-ecran-2026-01-21-083927-300x99.png","datePublished":"2026-01-21T06:42:03+00:00","breadcrumb":{"@id":"https:\/\/carpathiacenter.ro\/una-dintre-institutiile-cu-cel-mai-bine-platiti-angajati-se-plange-ca-taierile-lui-bolojan-ii-vor-afecta-activitatea-cat-au-scazut-salariile-si-cati-oameni-au-fost-concediati-de-la-1-ianuarie-2026\/#breadcrumb"},"inLanguage":"en-GB","potentialAction":[{"@type":"ReadAction","target":["https:\/\/carpathiacenter.ro\/una-dintre-institutiile-cu-cel-mai-bine-platiti-angajati-se-plange-ca-taierile-lui-bolojan-ii-vor-afecta-activitatea-cat-au-scazut-salariile-si-cati-oameni-au-fost-concediati-de-la-1-ianuarie-2026\/"]}]},{"@type":"ImageObject","inLanguage":"en-GB","@id":"https:\/\/carpathiacenter.ro\/una-dintre-institutiile-cu-cel-mai-bine-platiti-angajati-se-plange-ca-taierile-lui-bolojan-ii-vor-afecta-activitatea-cat-au-scazut-salariile-si-cati-oameni-au-fost-concediati-de-la-1-ianuarie-2026\/#primaryimage","url":"https:\/\/carpathiacenter.ro\/wp-content\/uploads\/2026\/01\/Captura-de-ecran-2026-01-21-083927-300x99.png","contentUrl":"https:\/\/carpathiacenter.ro\/wp-content\/uploads\/2026\/01\/Captura-de-ecran-2026-01-21-083927-300x99.png"},{"@type":"BreadcrumbList","@id":"https:\/\/carpathiacenter.ro\/una-dintre-institutiile-cu-cel-mai-bine-platiti-angajati-se-plange-ca-taierile-lui-bolojan-ii-vor-afecta-activitatea-cat-au-scazut-salariile-si-cati-oameni-au-fost-concediati-de-la-1-ianuarie-2026\/#breadcrumb","itemListElement":[{"@type":"ListItem","position":1,"name":"Prima pagin\u0103","item":"https:\/\/carpathiacenter.ro\/"},{"@type":"ListItem","position":2,"name":"Una dintre institu\u021biile cu cel mai bine pl\u0103ti\u021bi angaja\u021bi se pl\u00e2nge c\u0103 t\u0103ierile lui Bolojan \u00eei vor afecta activitatea. C\u00e2t au sc\u0103zut salariile \u0219i c\u00e2\u021bi oameni au fost concedia\u021bi de la 1 ianuarie 2026"}]},{"@type":"WebSite","@id":"https:\/\/carpathiacenter.ro\/#website","url":"https:\/\/carpathiacenter.ro\/","name":"Carpathia Center Romania","description":"Impossible made possible!","publisher":{"@id":"https:\/\/carpathiacenter.ro\/#organization"},"potentialAction":[{"@type":"SearchAction","target":{"@type":"EntryPoint","urlTemplate":"https:\/\/carpathiacenter.ro\/?s={search_term_string}"},"query-input":{"@type":"PropertyValueSpecification","valueRequired":true,"valueName":"search_term_string"}}],"inLanguage":"en-GB"},{"@type":"Organization","@id":"https:\/\/carpathiacenter.ro\/#organization","name":"Carpathia Center Romania","url":"https:\/\/carpathiacenter.ro\/","logo":{"@type":"ImageObject","inLanguage":"en-GB","@id":"https:\/\/carpathiacenter.ro\/#\/schema\/logo\/image\/","url":"https:\/\/carpathiacenter.ro\/wp-content\/uploads\/2024\/07\/logo-carpathia_bg_white-1024x941.png","contentUrl":"https:\/\/carpathiacenter.ro\/wp-content\/uploads\/2024\/07\/logo-carpathia_bg_white-1024x941.png","width":1024,"height":941,"caption":"Carpathia Center Romania"},"image":{"@id":"https:\/\/carpathiacenter.ro\/#\/schema\/logo\/image\/"},"sameAs":["https:\/\/www.facebook.com\/fdpscarpathia\/"]},{"@type":"Person","@id":"https:\/\/carpathiacenter.ro\/#\/schema\/person\/03d9f58202fee8379268f34afa195006","name":"creativebitsolutions","image":{"@type":"ImageObject","inLanguage":"en-GB","@id":"https:\/\/carpathiacenter.ro\/#\/schema\/person\/image\/","url":"https:\/\/secure.gravatar.com\/avatar\/1b1a13e37f847c635dab78348f1dff2f07651ee2a3d77a5c355a4b8c75f9165a?s=96&d=mm&r=g","contentUrl":"https:\/\/secure.gravatar.com\/avatar\/1b1a13e37f847c635dab78348f1dff2f07651ee2a3d77a5c355a4b8c75f9165a?s=96&d=mm&r=g","caption":"creativebitsolutions"},"url":"https:\/\/carpathiacenter.ro\/en\/author\/creativebitsolutions\/"}]}},"_links":{"self":[{"href":"https:\/\/carpathiacenter.ro\/en\/wp-json\/wp\/v2\/posts\/3668","targetHints":{"allow":["GET"]}}],"collection":[{"href":"https:\/\/carpathiacenter.ro\/en\/wp-json\/wp\/v2\/posts"}],"about":[{"href":"https:\/\/carpathiacenter.ro\/en\/wp-json\/wp\/v2\/types\/post"}],"author":[{"embeddable":true,"href":"https:\/\/carpathiacenter.ro\/en\/wp-json\/wp\/v2\/users\/4"}],"replies":[{"embeddable":true,"href":"https:\/\/carpathiacenter.ro\/en\/wp-json\/wp\/v2\/comments?post=3668"}],"version-history":[{"count":1,"href":"https:\/\/carpathiacenter.ro\/en\/wp-json\/wp\/v2\/posts\/3668\/revisions"}],"predecessor-version":[{"id":3670,"href":"https:\/\/carpathiacenter.ro\/en\/wp-json\/wp\/v2\/posts\/3668\/revisions\/3670"}],"wp:attachment":[{"href":"https:\/\/carpathiacenter.ro\/en\/wp-json\/wp\/v2\/media?parent=3668"}],"wp:term":[{"taxonomy":"category","embeddable":true,"href":"https:\/\/carpathiacenter.ro\/en\/wp-json\/wp\/v2\/categories?post=3668"},{"taxonomy":"post_tag","embeddable":true,"href":"https:\/\/carpathiacenter.ro\/en\/wp-json\/wp\/v2\/tags?post=3668"}],"curies":[{"name":"wp","href":"https:\/\/api.w.org\/{rel}","templated":true}]}}