{"id":3666,"date":"2026-01-20T08:46:08","date_gmt":"2026-01-20T08:46:08","guid":{"rendered":"https:\/\/carpathiacenter.ro\/?p=3666"},"modified":"2026-01-20T08:46:08","modified_gmt":"2026-01-20T08:46:08","slug":"bugetul-pe-2026-ajunge-in-parlament-cel-mai-devreme-la-jumatatea-lui-februarie-spune-tanczos-barna-oricum-suntem-in-intarziere","status":"publish","type":"post","link":"https:\/\/carpathiacenter.ro\/en\/bugetul-pe-2026-ajunge-in-parlament-cel-mai-devreme-la-jumatatea-lui-februarie-spune-tanczos-barna-oricum-suntem-in-intarziere\/","title":{"rendered":"Bugetul pe 2026 ajunge \u00een Parlament cel mai devreme la jum\u0103tatea lui februarie, spune Tanczos Barna: \u201eOricum suntem \u00een \u00eent\u00e2rziere\u201d"},"content":{"rendered":"<p><strong>Vicepremierul Tanczos Barna a declarat luni sear\u0103, la Digi24, c\u0103 \u201erealist, mai devreme de jum\u0103tatea lunii februarie\u201d Rom\u00e2nua nu va avea buget propus \u00een Parlament. Tanczos Barna a mai spus c\u0103 actuala coali\u0163ie trebuie s\u0103 se concentreze pe finalizarea bugetului de stat, el ad\u0103ug\u00e2nd c\u0103 \u201doricum suntem \u00een \u00eent\u00e2rziere\u201d, potrivit News.ro.\u00a0<\/strong><\/p>\n<p>\u201eSuntem la jum\u0103tatea lunii ianuarie \u015fi, dup\u0103 calendarul pe care l-am creat ast\u0103zi, mai devreme de jum\u0103tatea lunii februarie n-o s\u0103 avem buget propus \u00een Parlament. Jum\u0103tatea lunii februarie este varianta realist\u0103. Nu se poate am\u00e2na mai mult. \u00centr-o anumit\u0103 form\u0103, sigur, trebuie s\u0103 propunem Parlamentului bugetul \u015fi trebuie aprobat pe legisla\u0163ia care va exista, cu sau f\u0103r\u0103 reforma \u00een administratie, cu sau f\u0103r\u0103 anumite legi aprobate p\u00e2n\u0103 atunci, dar trebuie mers \u00eenainte\u201d, a declarat vicepremierul Tanczos Barna.<\/p>\n<div id=\"billboard2\" class=\"inserted-position billboard-2\"><\/div>\n<p>El consider\u0103 c\u0103 ministerele trebuie s\u0103 aib\u0103 buget, pentru a avea predictibilitate.<\/p>\n<p>\u201eAvem PNRR-ul care este foarte, foarte important \u015fi orice zi de \u00eent\u00e2rziere poate s\u0103 afecteze absorb\u0163ia \u015fi succesul acestui program. Iar fondurile europene sunt esen\u0163iale anul acesta. Prioritatea trebuie s\u0103 fie pe PNRR, ca s\u0103 termin\u0103m la sf\u00e2r\u015fitul lunii august acest program, s\u0103 facem absorb\u0163ie c\u00e2t mai apropiat\u0103 de sut\u0103 la sut\u0103, s\u0103 atingem indicatorii, s\u0103 facem reformele ata\u015fate de aceste sume primite de la Comisia European\u0103\u201d, a afirmat Tanczos Barna.<\/p>\n<p>Totodat\u0103, Tanczos Barna a precizat c\u0103 \u00een\u0163elege nemul\u0163umirile, spun\u00e2nd c\u0103 e de \u00een\u0163eles c\u0103 sunt multe persoane sup\u0103rate. \u00cen acela\u015fi timp, vicepremierul sper\u0103 s\u0103 fie ultimele decizii dureroase luate de actualul guvern.<\/p>\n<div id=\"billboard3\" class=\"inserted-position billboard-3\"><\/div>\n<p>Ministrul Finan\u0163elor, Alexandru Nazare, a anun\u0163at, luni, c\u0103 a agreat, al\u0103turi de colegii din coali\u0163ia de guvernare, un calendar pentru aprobarea bugetului de stat pe 2026, iar \u00een c\u00e2teva zile vor aproba plafoanele bugetare, urm\u00e2nd apoi consult\u0103ri cu toate ministerele.<\/p>\n<p>Ministrul de resort a precizat c\u0103, la mijlocul lunii februarie, urmeaz\u0103 publicarea proiectului de buget \u015fi aprobarea \u00een Guvern, iar \u00een a doua parte a lunii februarie bugetul va intra \u00een dezbatere \u015fi la vot \u00een Parlament.<\/p>\n<p>Sursa articolului:  <a href=\"https:\/\/hotnews.ro\/bugetul-pe-2026-ajunge-in-parlament-cel-mai-devreme-la-jumatatea-lui-februarie-spune-tanczos-barna-oricum-suntem-in-intarziere-2153199\" target=\"_blank\" rel=\"noopener\" title=\"\">HotNews<\/a><\/p>","protected":false},"excerpt":{"rendered":"<p>Vicepremierul Tanczos Barna a declarat luni sear\u0103, la Digi24, c\u0103 \u201erealist, mai devreme de jum\u0103tatea lunii februarie\u201d Rom\u00e2nua nu va avea buget propus \u00een Parlament. Tanczos Barna a mai spus c\u0103 actuala coali\u0163ie trebuie s\u0103 se concentreze pe finalizarea bugetului de stat, el ad\u0103ug\u00e2nd c\u0103 \u201doricum suntem \u00een \u00eent\u00e2rziere\u201d, potrivit News.ro.\u00a0 \u201eSuntem la jum\u0103tatea lunii&#8230;<\/p>","protected":false},"author":4,"featured_media":0,"comment_status":"open","ping_status":"open","sticky":false,"template":"","format":"standard","meta":{"footnotes":""},"categories":[1],"tags":[],"class_list":["post-3666","post","type-post","status-publish","format-standard","hentry","category-uncategorized"],"yoast_head":"<!-- This site is optimized with the Yoast SEO plugin v26.1.1 - https:\/\/yoast.com\/wordpress\/plugins\/seo\/ -->\n<title>Bugetul pe 2026 ajunge \u00een Parlament cel mai devreme la jum\u0103tatea lui februarie, spune Tanczos Barna: \u201eOricum suntem \u00een \u00eent\u00e2rziere\u201d - Carpathia Center Romania<\/title>\n<meta name=\"robots\" content=\"index, follow, max-snippet:-1, max-image-preview:large, max-video-preview:-1\" \/>\n<link rel=\"canonical\" href=\"https:\/\/carpathiacenter.ro\/en\/bugetul-pe-2026-ajunge-in-parlament-cel-mai-devreme-la-jumatatea-lui-februarie-spune-tanczos-barna-oricum-suntem-in-intarziere\/\" \/>\n<meta property=\"og:locale\" content=\"en_GB\" \/>\n<meta property=\"og:type\" content=\"article\" \/>\n<meta property=\"og:title\" content=\"Bugetul pe 2026 ajunge \u00een Parlament cel mai devreme la jum\u0103tatea lui februarie, spune Tanczos Barna: \u201eOricum suntem \u00een \u00eent\u00e2rziere\u201d - Carpathia Center Romania\" \/>\n<meta property=\"og:description\" content=\"Vicepremierul Tanczos Barna a declarat luni sear\u0103, la Digi24, c\u0103 \u201erealist, mai devreme de jum\u0103tatea lunii februarie\u201d Rom\u00e2nua nu va avea buget propus \u00een Parlament. Tanczos Barna a mai spus c\u0103 actuala coali\u0163ie trebuie s\u0103 se concentreze pe finalizarea bugetului de stat, el ad\u0103ug\u00e2nd c\u0103 \u201doricum suntem \u00een \u00eent\u00e2rziere\u201d, potrivit News.ro.\u00a0 \u201eSuntem la jum\u0103tatea lunii...\" \/>\n<meta property=\"og:url\" content=\"https:\/\/carpathiacenter.ro\/en\/bugetul-pe-2026-ajunge-in-parlament-cel-mai-devreme-la-jumatatea-lui-februarie-spune-tanczos-barna-oricum-suntem-in-intarziere\/\" \/>\n<meta property=\"og:site_name\" content=\"Carpathia Center Romania\" \/>\n<meta property=\"article:publisher\" content=\"https:\/\/www.facebook.com\/fdpscarpathia\/\" \/>\n<meta property=\"article:published_time\" content=\"2026-01-20T08:46:08+00:00\" \/>\n<meta name=\"author\" content=\"creativebitsolutions\" \/>\n<meta name=\"twitter:card\" content=\"summary_large_image\" \/>\n<meta name=\"twitter:label1\" content=\"Written by\" \/>\n\t<meta name=\"twitter:data1\" content=\"creativebitsolutions\" \/>\n\t<meta name=\"twitter:label2\" content=\"Estimated reading time\" \/>\n\t<meta name=\"twitter:data2\" content=\"2 minutes\" \/>\n<script type=\"application\/ld+json\" class=\"yoast-schema-graph\">{\"@context\":\"https:\/\/schema.org\",\"@graph\":[{\"@type\":\"Article\",\"@id\":\"https:\/\/carpathiacenter.ro\/bugetul-pe-2026-ajunge-in-parlament-cel-mai-devreme-la-jumatatea-lui-februarie-spune-tanczos-barna-oricum-suntem-in-intarziere\/#article\",\"isPartOf\":{\"@id\":\"https:\/\/carpathiacenter.ro\/bugetul-pe-2026-ajunge-in-parlament-cel-mai-devreme-la-jumatatea-lui-februarie-spune-tanczos-barna-oricum-suntem-in-intarziere\/\"},\"author\":{\"name\":\"creativebitsolutions\",\"@id\":\"https:\/\/carpathiacenter.ro\/#\/schema\/person\/03d9f58202fee8379268f34afa195006\"},\"headline\":\"Bugetul pe 2026 ajunge \u00een Parlament cel mai devreme la jum\u0103tatea lui februarie, spune Tanczos Barna: \u201eOricum suntem \u00een \u00eent\u00e2rziere\u201d\",\"datePublished\":\"2026-01-20T08:46:08+00:00\",\"mainEntityOfPage\":{\"@id\":\"https:\/\/carpathiacenter.ro\/bugetul-pe-2026-ajunge-in-parlament-cel-mai-devreme-la-jumatatea-lui-februarie-spune-tanczos-barna-oricum-suntem-in-intarziere\/\"},\"wordCount\":382,\"commentCount\":0,\"publisher\":{\"@id\":\"https:\/\/carpathiacenter.ro\/#organization\"},\"articleSection\":[\"Uncategorized\"],\"inLanguage\":\"en-GB\",\"potentialAction\":[{\"@type\":\"CommentAction\",\"name\":\"Comment\",\"target\":[\"https:\/\/carpathiacenter.ro\/bugetul-pe-2026-ajunge-in-parlament-cel-mai-devreme-la-jumatatea-lui-februarie-spune-tanczos-barna-oricum-suntem-in-intarziere\/#respond\"]}]},{\"@type\":\"WebPage\",\"@id\":\"https:\/\/carpathiacenter.ro\/bugetul-pe-2026-ajunge-in-parlament-cel-mai-devreme-la-jumatatea-lui-februarie-spune-tanczos-barna-oricum-suntem-in-intarziere\/\",\"url\":\"https:\/\/carpathiacenter.ro\/bugetul-pe-2026-ajunge-in-parlament-cel-mai-devreme-la-jumatatea-lui-februarie-spune-tanczos-barna-oricum-suntem-in-intarziere\/\",\"name\":\"Bugetul pe 2026 ajunge \u00een Parlament cel mai devreme la jum\u0103tatea lui februarie, spune Tanczos Barna: \u201eOricum suntem \u00een \u00eent\u00e2rziere\u201d - Carpathia Center Romania\",\"isPartOf\":{\"@id\":\"https:\/\/carpathiacenter.ro\/#website\"},\"datePublished\":\"2026-01-20T08:46:08+00:00\",\"breadcrumb\":{\"@id\":\"https:\/\/carpathiacenter.ro\/bugetul-pe-2026-ajunge-in-parlament-cel-mai-devreme-la-jumatatea-lui-februarie-spune-tanczos-barna-oricum-suntem-in-intarziere\/#breadcrumb\"},\"inLanguage\":\"en-GB\",\"potentialAction\":[{\"@type\":\"ReadAction\",\"target\":[\"https:\/\/carpathiacenter.ro\/bugetul-pe-2026-ajunge-in-parlament-cel-mai-devreme-la-jumatatea-lui-februarie-spune-tanczos-barna-oricum-suntem-in-intarziere\/\"]}]},{\"@type\":\"BreadcrumbList\",\"@id\":\"https:\/\/carpathiacenter.ro\/bugetul-pe-2026-ajunge-in-parlament-cel-mai-devreme-la-jumatatea-lui-februarie-spune-tanczos-barna-oricum-suntem-in-intarziere\/#breadcrumb\",\"itemListElement\":[{\"@type\":\"ListItem\",\"position\":1,\"name\":\"Prima pagin\u0103\",\"item\":\"https:\/\/carpathiacenter.ro\/\"},{\"@type\":\"ListItem\",\"position\":2,\"name\":\"Bugetul pe 2026 ajunge \u00een Parlament cel mai devreme la jum\u0103tatea lui februarie, spune Tanczos Barna: \u201eOricum suntem \u00een \u00eent\u00e2rziere\u201d\"}]},{\"@type\":\"WebSite\",\"@id\":\"https:\/\/carpathiacenter.ro\/#website\",\"url\":\"https:\/\/carpathiacenter.ro\/\",\"name\":\"Carpathia Center Romania\",\"description\":\"Impossible made possible!\",\"publisher\":{\"@id\":\"https:\/\/carpathiacenter.ro\/#organization\"},\"potentialAction\":[{\"@type\":\"SearchAction\",\"target\":{\"@type\":\"EntryPoint\",\"urlTemplate\":\"https:\/\/carpathiacenter.ro\/?s={search_term_string}\"},\"query-input\":{\"@type\":\"PropertyValueSpecification\",\"valueRequired\":true,\"valueName\":\"search_term_string\"}}],\"inLanguage\":\"en-GB\"},{\"@type\":\"Organization\",\"@id\":\"https:\/\/carpathiacenter.ro\/#organization\",\"name\":\"Carpathia Center Romania\",\"url\":\"https:\/\/carpathiacenter.ro\/\",\"logo\":{\"@type\":\"ImageObject\",\"inLanguage\":\"en-GB\",\"@id\":\"https:\/\/carpathiacenter.ro\/#\/schema\/logo\/image\/\",\"url\":\"https:\/\/carpathiacenter.ro\/wp-content\/uploads\/2024\/07\/logo-carpathia_bg_white-1024x941.png\",\"contentUrl\":\"https:\/\/carpathiacenter.ro\/wp-content\/uploads\/2024\/07\/logo-carpathia_bg_white-1024x941.png\",\"width\":1024,\"height\":941,\"caption\":\"Carpathia Center Romania\"},\"image\":{\"@id\":\"https:\/\/carpathiacenter.ro\/#\/schema\/logo\/image\/\"},\"sameAs\":[\"https:\/\/www.facebook.com\/fdpscarpathia\/\"]},{\"@type\":\"Person\",\"@id\":\"https:\/\/carpathiacenter.ro\/#\/schema\/person\/03d9f58202fee8379268f34afa195006\",\"name\":\"creativebitsolutions\",\"image\":{\"@type\":\"ImageObject\",\"inLanguage\":\"en-GB\",\"@id\":\"https:\/\/carpathiacenter.ro\/#\/schema\/person\/image\/\",\"url\":\"https:\/\/secure.gravatar.com\/avatar\/1b1a13e37f847c635dab78348f1dff2f07651ee2a3d77a5c355a4b8c75f9165a?s=96&d=mm&r=g\",\"contentUrl\":\"https:\/\/secure.gravatar.com\/avatar\/1b1a13e37f847c635dab78348f1dff2f07651ee2a3d77a5c355a4b8c75f9165a?s=96&d=mm&r=g\",\"caption\":\"creativebitsolutions\"},\"url\":\"https:\/\/carpathiacenter.ro\/en\/author\/creativebitsolutions\/\"}]}<\/script>\n<!-- \/ Yoast SEO plugin. -->","yoast_head_json":{"title":"Bugetul pe 2026 ajunge \u00een Parlament cel mai devreme la jum\u0103tatea lui februarie, spune Tanczos Barna: \u201eOricum suntem \u00een \u00eent\u00e2rziere\u201d - Carpathia Center Romania","robots":{"index":"index","follow":"follow","max-snippet":"max-snippet:-1","max-image-preview":"max-image-preview:large","max-video-preview":"max-video-preview:-1"},"canonical":"https:\/\/carpathiacenter.ro\/en\/bugetul-pe-2026-ajunge-in-parlament-cel-mai-devreme-la-jumatatea-lui-februarie-spune-tanczos-barna-oricum-suntem-in-intarziere\/","og_locale":"en_GB","og_type":"article","og_title":"Bugetul pe 2026 ajunge \u00een Parlament cel mai devreme la jum\u0103tatea lui februarie, spune Tanczos Barna: \u201eOricum suntem \u00een \u00eent\u00e2rziere\u201d - Carpathia Center Romania","og_description":"Vicepremierul Tanczos Barna a declarat luni sear\u0103, la Digi24, c\u0103 \u201erealist, mai devreme de jum\u0103tatea lunii februarie\u201d Rom\u00e2nua nu va avea buget propus \u00een Parlament. Tanczos Barna a mai spus c\u0103 actuala coali\u0163ie trebuie s\u0103 se concentreze pe finalizarea bugetului de stat, el ad\u0103ug\u00e2nd c\u0103 \u201doricum suntem \u00een \u00eent\u00e2rziere\u201d, potrivit News.ro.\u00a0 \u201eSuntem la jum\u0103tatea lunii...","og_url":"https:\/\/carpathiacenter.ro\/en\/bugetul-pe-2026-ajunge-in-parlament-cel-mai-devreme-la-jumatatea-lui-februarie-spune-tanczos-barna-oricum-suntem-in-intarziere\/","og_site_name":"Carpathia Center Romania","article_publisher":"https:\/\/www.facebook.com\/fdpscarpathia\/","article_published_time":"2026-01-20T08:46:08+00:00","author":"creativebitsolutions","twitter_card":"summary_large_image","twitter_misc":{"Written by":"creativebitsolutions","Estimated reading time":"2 minutes"},"schema":{"@context":"https:\/\/schema.org","@graph":[{"@type":"Article","@id":"https:\/\/carpathiacenter.ro\/bugetul-pe-2026-ajunge-in-parlament-cel-mai-devreme-la-jumatatea-lui-februarie-spune-tanczos-barna-oricum-suntem-in-intarziere\/#article","isPartOf":{"@id":"https:\/\/carpathiacenter.ro\/bugetul-pe-2026-ajunge-in-parlament-cel-mai-devreme-la-jumatatea-lui-februarie-spune-tanczos-barna-oricum-suntem-in-intarziere\/"},"author":{"name":"creativebitsolutions","@id":"https:\/\/carpathiacenter.ro\/#\/schema\/person\/03d9f58202fee8379268f34afa195006"},"headline":"Bugetul pe 2026 ajunge \u00een Parlament cel mai devreme la jum\u0103tatea lui februarie, spune Tanczos Barna: \u201eOricum suntem \u00een \u00eent\u00e2rziere\u201d","datePublished":"2026-01-20T08:46:08+00:00","mainEntityOfPage":{"@id":"https:\/\/carpathiacenter.ro\/bugetul-pe-2026-ajunge-in-parlament-cel-mai-devreme-la-jumatatea-lui-februarie-spune-tanczos-barna-oricum-suntem-in-intarziere\/"},"wordCount":382,"commentCount":0,"publisher":{"@id":"https:\/\/carpathiacenter.ro\/#organization"},"articleSection":["Uncategorized"],"inLanguage":"en-GB","potentialAction":[{"@type":"CommentAction","name":"Comment","target":["https:\/\/carpathiacenter.ro\/bugetul-pe-2026-ajunge-in-parlament-cel-mai-devreme-la-jumatatea-lui-februarie-spune-tanczos-barna-oricum-suntem-in-intarziere\/#respond"]}]},{"@type":"WebPage","@id":"https:\/\/carpathiacenter.ro\/bugetul-pe-2026-ajunge-in-parlament-cel-mai-devreme-la-jumatatea-lui-februarie-spune-tanczos-barna-oricum-suntem-in-intarziere\/","url":"https:\/\/carpathiacenter.ro\/bugetul-pe-2026-ajunge-in-parlament-cel-mai-devreme-la-jumatatea-lui-februarie-spune-tanczos-barna-oricum-suntem-in-intarziere\/","name":"Bugetul pe 2026 ajunge \u00een Parlament cel mai devreme la jum\u0103tatea lui februarie, spune Tanczos Barna: \u201eOricum suntem \u00een \u00eent\u00e2rziere\u201d - Carpathia Center Romania","isPartOf":{"@id":"https:\/\/carpathiacenter.ro\/#website"},"datePublished":"2026-01-20T08:46:08+00:00","breadcrumb":{"@id":"https:\/\/carpathiacenter.ro\/bugetul-pe-2026-ajunge-in-parlament-cel-mai-devreme-la-jumatatea-lui-februarie-spune-tanczos-barna-oricum-suntem-in-intarziere\/#breadcrumb"},"inLanguage":"en-GB","potentialAction":[{"@type":"ReadAction","target":["https:\/\/carpathiacenter.ro\/bugetul-pe-2026-ajunge-in-parlament-cel-mai-devreme-la-jumatatea-lui-februarie-spune-tanczos-barna-oricum-suntem-in-intarziere\/"]}]},{"@type":"BreadcrumbList","@id":"https:\/\/carpathiacenter.ro\/bugetul-pe-2026-ajunge-in-parlament-cel-mai-devreme-la-jumatatea-lui-februarie-spune-tanczos-barna-oricum-suntem-in-intarziere\/#breadcrumb","itemListElement":[{"@type":"ListItem","position":1,"name":"Prima pagin\u0103","item":"https:\/\/carpathiacenter.ro\/"},{"@type":"ListItem","position":2,"name":"Bugetul pe 2026 ajunge \u00een Parlament cel mai devreme la jum\u0103tatea lui februarie, spune Tanczos Barna: \u201eOricum suntem \u00een \u00eent\u00e2rziere\u201d"}]},{"@type":"WebSite","@id":"https:\/\/carpathiacenter.ro\/#website","url":"https:\/\/carpathiacenter.ro\/","name":"Carpathia Center Romania","description":"Impossible made possible!","publisher":{"@id":"https:\/\/carpathiacenter.ro\/#organization"},"potentialAction":[{"@type":"SearchAction","target":{"@type":"EntryPoint","urlTemplate":"https:\/\/carpathiacenter.ro\/?s={search_term_string}"},"query-input":{"@type":"PropertyValueSpecification","valueRequired":true,"valueName":"search_term_string"}}],"inLanguage":"en-GB"},{"@type":"Organization","@id":"https:\/\/carpathiacenter.ro\/#organization","name":"Carpathia Center Romania","url":"https:\/\/carpathiacenter.ro\/","logo":{"@type":"ImageObject","inLanguage":"en-GB","@id":"https:\/\/carpathiacenter.ro\/#\/schema\/logo\/image\/","url":"https:\/\/carpathiacenter.ro\/wp-content\/uploads\/2024\/07\/logo-carpathia_bg_white-1024x941.png","contentUrl":"https:\/\/carpathiacenter.ro\/wp-content\/uploads\/2024\/07\/logo-carpathia_bg_white-1024x941.png","width":1024,"height":941,"caption":"Carpathia Center Romania"},"image":{"@id":"https:\/\/carpathiacenter.ro\/#\/schema\/logo\/image\/"},"sameAs":["https:\/\/www.facebook.com\/fdpscarpathia\/"]},{"@type":"Person","@id":"https:\/\/carpathiacenter.ro\/#\/schema\/person\/03d9f58202fee8379268f34afa195006","name":"creativebitsolutions","image":{"@type":"ImageObject","inLanguage":"en-GB","@id":"https:\/\/carpathiacenter.ro\/#\/schema\/person\/image\/","url":"https:\/\/secure.gravatar.com\/avatar\/1b1a13e37f847c635dab78348f1dff2f07651ee2a3d77a5c355a4b8c75f9165a?s=96&d=mm&r=g","contentUrl":"https:\/\/secure.gravatar.com\/avatar\/1b1a13e37f847c635dab78348f1dff2f07651ee2a3d77a5c355a4b8c75f9165a?s=96&d=mm&r=g","caption":"creativebitsolutions"},"url":"https:\/\/carpathiacenter.ro\/en\/author\/creativebitsolutions\/"}]}},"_links":{"self":[{"href":"https:\/\/carpathiacenter.ro\/en\/wp-json\/wp\/v2\/posts\/3666","targetHints":{"allow":["GET"]}}],"collection":[{"href":"https:\/\/carpathiacenter.ro\/en\/wp-json\/wp\/v2\/posts"}],"about":[{"href":"https:\/\/carpathiacenter.ro\/en\/wp-json\/wp\/v2\/types\/post"}],"author":[{"embeddable":true,"href":"https:\/\/carpathiacenter.ro\/en\/wp-json\/wp\/v2\/users\/4"}],"replies":[{"embeddable":true,"href":"https:\/\/carpathiacenter.ro\/en\/wp-json\/wp\/v2\/comments?post=3666"}],"version-history":[{"count":1,"href":"https:\/\/carpathiacenter.ro\/en\/wp-json\/wp\/v2\/posts\/3666\/revisions"}],"predecessor-version":[{"id":3667,"href":"https:\/\/carpathiacenter.ro\/en\/wp-json\/wp\/v2\/posts\/3666\/revisions\/3667"}],"wp:attachment":[{"href":"https:\/\/carpathiacenter.ro\/en\/wp-json\/wp\/v2\/media?parent=3666"}],"wp:term":[{"taxonomy":"category","embeddable":true,"href":"https:\/\/carpathiacenter.ro\/en\/wp-json\/wp\/v2\/categories?post=3666"},{"taxonomy":"post_tag","embeddable":true,"href":"https:\/\/carpathiacenter.ro\/en\/wp-json\/wp\/v2\/tags?post=3666"}],"curies":[{"name":"wp","href":"https:\/\/api.w.org\/{rel}","templated":true}]}}