{"id":3663,"date":"2026-01-20T08:44:57","date_gmt":"2026-01-20T08:44:57","guid":{"rendered":"https:\/\/carpathiacenter.ro\/?p=3663"},"modified":"2026-01-20T08:44:57","modified_gmt":"2026-01-20T08:44:57","slug":"cand-vrea-guvernul-sa-adopte-pachetul-3-si-masurile-economice-daniel-constantin-propus-de-pnl-presedinte-al-arice-adrian-zvinca-la-anofm","status":"publish","type":"post","link":"https:\/\/carpathiacenter.ro\/en\/cand-vrea-guvernul-sa-adopte-pachetul-3-si-masurile-economice-daniel-constantin-propus-de-pnl-presedinte-al-arice-adrian-zvinca-la-anofm\/","title":{"rendered":"C\u00e2nd vrea Guvernul s\u0103 adopte pachetul 3 \u0219i m\u0103surile economice \/ Daniel Constantin, propus de PNL pre\u0219edinte al ARICE. Adrian Zv\u00eenca, la ANOFM"},"content":{"rendered":"<p><strong>Guvernul \u00ee\u0219i propune s\u0103 \u00ee\u0219i asume r\u0103spunderea \u00een fa\u021ba Parlamentului pe reforma administra\u021biei publice centrale \u0219i locale \u0219i pe pachetul de m\u0103suri pentru relansare economic\u0103 \u00een data de 29 ianuarie, conform anun\u021bului f\u0103cut luni sear\u0103 de PNL.<\/strong><\/p>\n<p>Potrivit liberalilor, forma agreat\u0103 \u00een coali\u021bie \u00een privin\u021ba reformei este foarte apropiat\u0103 de forma proiectului de lege de pe site-ul Ministerului Dezvolt\u0103rii, iar premierul a propus ca pe data de 29 ianuarie s\u0103 fie angajat\u0103 r\u0103spunderea Guvernului \u00een fa\u021ba Parlamentului pentru acest proiect de lege.<\/p>\n<p>\u00cen aceea\u0219i zi, Guvernul \u00ee\u0219i propune s\u0103 \u00ee\u0219i angajeze r\u0103spunderea \u00een fa\u021ba Parlamentului \u0219i pe un pachet de m\u0103suri de relansare economic\u0103. Forma va fi definitivat\u0103 p\u00e2n\u0103 pe 26 ianuarie, cu contribu\u021bia partenerilor din coali\u021bie, au mai spus liberalii.<\/p>\n<p>Ilie Bolojan a descris absorb\u021bia fondurilor din PNRR drept unul dintre obiectivele majore ale acestui an.<\/p>\n<h2 class=\"wp-block-heading\">Propunerile pentru ARICE \u0219i ANOFM<\/h2>\n<p>Biroul Politic Na\u021bional al PNL a aprobat o decizie de a-l propune pe Daniel Constantin pentru func\u021bia de pre\u0219edinte al Agen\u021biei Rom\u00e2ne pentru Investi\u021bii \u0219i Comer\u021b Exterior (ARICE).<\/p>\n<p>Pentru func\u021bia de pre\u0219edinte al Agen\u021biei Na\u021bionale pentru Ocuparea For\u021bei de Munc\u0103 (ANOFM), liberalii \u00eel propun pe Adrian Zv\u00eenca.<\/p>\n<p>Sursa articolului:  <a href=\"https:\/\/hotnews.ro\/cand-vrea-guvernul-sa-adopte-pachetul-3-si-masurile-economice-daniel-constantin-propus-de-pnl-presedinte-al-arice-adrian-zvinca-la-anofm-2153170\" target=\"_blank\" rel=\"noopener\" title=\"\">HotNews<\/a><\/p>","protected":false},"excerpt":{"rendered":"<p>Guvernul \u00ee\u0219i propune s\u0103 \u00ee\u0219i asume r\u0103spunderea \u00een fa\u021ba Parlamentului pe reforma administra\u021biei publice centrale \u0219i locale \u0219i pe pachetul de m\u0103suri pentru relansare economic\u0103 \u00een data de 29 ianuarie, conform anun\u021bului f\u0103cut luni sear\u0103 de PNL. Potrivit liberalilor, forma agreat\u0103 \u00een coali\u021bie \u00een privin\u021ba reformei este foarte apropiat\u0103 de forma proiectului de lege de&#8230;<\/p>","protected":false},"author":4,"featured_media":0,"comment_status":"open","ping_status":"open","sticky":false,"template":"","format":"standard","meta":{"footnotes":""},"categories":[1],"tags":[],"class_list":["post-3663","post","type-post","status-publish","format-standard","hentry","category-uncategorized"],"yoast_head":"<!-- This site is optimized with the Yoast SEO plugin v26.1.1 - https:\/\/yoast.com\/wordpress\/plugins\/seo\/ -->\n<title>C\u00e2nd vrea Guvernul s\u0103 adopte pachetul 3 \u0219i m\u0103surile economice \/ Daniel Constantin, propus de PNL pre\u0219edinte al ARICE. Adrian Zv\u00eenca, la ANOFM - Carpathia Center Romania<\/title>\n<meta name=\"robots\" content=\"index, follow, max-snippet:-1, max-image-preview:large, max-video-preview:-1\" \/>\n<link rel=\"canonical\" href=\"https:\/\/carpathiacenter.ro\/en\/cand-vrea-guvernul-sa-adopte-pachetul-3-si-masurile-economice-daniel-constantin-propus-de-pnl-presedinte-al-arice-adrian-zvinca-la-anofm\/\" \/>\n<meta property=\"og:locale\" content=\"en_GB\" \/>\n<meta property=\"og:type\" content=\"article\" \/>\n<meta property=\"og:title\" content=\"C\u00e2nd vrea Guvernul s\u0103 adopte pachetul 3 \u0219i m\u0103surile economice \/ Daniel Constantin, propus de PNL pre\u0219edinte al ARICE. Adrian Zv\u00eenca, la ANOFM - Carpathia Center Romania\" \/>\n<meta property=\"og:description\" content=\"Guvernul \u00ee\u0219i propune s\u0103 \u00ee\u0219i asume r\u0103spunderea \u00een fa\u021ba Parlamentului pe reforma administra\u021biei publice centrale \u0219i locale \u0219i pe pachetul de m\u0103suri pentru relansare economic\u0103 \u00een data de 29 ianuarie, conform anun\u021bului f\u0103cut luni sear\u0103 de PNL. Potrivit liberalilor, forma agreat\u0103 \u00een coali\u021bie \u00een privin\u021ba reformei este foarte apropiat\u0103 de forma proiectului de lege de...\" \/>\n<meta property=\"og:url\" content=\"https:\/\/carpathiacenter.ro\/en\/cand-vrea-guvernul-sa-adopte-pachetul-3-si-masurile-economice-daniel-constantin-propus-de-pnl-presedinte-al-arice-adrian-zvinca-la-anofm\/\" \/>\n<meta property=\"og:site_name\" content=\"Carpathia Center Romania\" \/>\n<meta property=\"article:publisher\" content=\"https:\/\/www.facebook.com\/fdpscarpathia\/\" \/>\n<meta property=\"article:published_time\" content=\"2026-01-20T08:44:57+00:00\" \/>\n<meta name=\"author\" content=\"creativebitsolutions\" \/>\n<meta name=\"twitter:card\" content=\"summary_large_image\" \/>\n<meta name=\"twitter:label1\" content=\"Written by\" \/>\n\t<meta name=\"twitter:data1\" content=\"creativebitsolutions\" \/>\n\t<meta name=\"twitter:label2\" content=\"Estimated reading time\" \/>\n\t<meta name=\"twitter:data2\" content=\"2 minutes\" \/>\n<script type=\"application\/ld+json\" class=\"yoast-schema-graph\">{\"@context\":\"https:\/\/schema.org\",\"@graph\":[{\"@type\":\"Article\",\"@id\":\"https:\/\/carpathiacenter.ro\/cand-vrea-guvernul-sa-adopte-pachetul-3-si-masurile-economice-daniel-constantin-propus-de-pnl-presedinte-al-arice-adrian-zvinca-la-anofm\/#article\",\"isPartOf\":{\"@id\":\"https:\/\/carpathiacenter.ro\/cand-vrea-guvernul-sa-adopte-pachetul-3-si-masurile-economice-daniel-constantin-propus-de-pnl-presedinte-al-arice-adrian-zvinca-la-anofm\/\"},\"author\":{\"name\":\"creativebitsolutions\",\"@id\":\"https:\/\/carpathiacenter.ro\/#\/schema\/person\/03d9f58202fee8379268f34afa195006\"},\"headline\":\"C\u00e2nd vrea Guvernul s\u0103 adopte pachetul 3 \u0219i m\u0103surile economice \/ Daniel Constantin, propus de PNL pre\u0219edinte al ARICE. Adrian Zv\u00eenca, la ANOFM\",\"datePublished\":\"2026-01-20T08:44:57+00:00\",\"mainEntityOfPage\":{\"@id\":\"https:\/\/carpathiacenter.ro\/cand-vrea-guvernul-sa-adopte-pachetul-3-si-masurile-economice-daniel-constantin-propus-de-pnl-presedinte-al-arice-adrian-zvinca-la-anofm\/\"},\"wordCount\":245,\"commentCount\":0,\"publisher\":{\"@id\":\"https:\/\/carpathiacenter.ro\/#organization\"},\"articleSection\":[\"Uncategorized\"],\"inLanguage\":\"en-GB\",\"potentialAction\":[{\"@type\":\"CommentAction\",\"name\":\"Comment\",\"target\":[\"https:\/\/carpathiacenter.ro\/cand-vrea-guvernul-sa-adopte-pachetul-3-si-masurile-economice-daniel-constantin-propus-de-pnl-presedinte-al-arice-adrian-zvinca-la-anofm\/#respond\"]}]},{\"@type\":\"WebPage\",\"@id\":\"https:\/\/carpathiacenter.ro\/cand-vrea-guvernul-sa-adopte-pachetul-3-si-masurile-economice-daniel-constantin-propus-de-pnl-presedinte-al-arice-adrian-zvinca-la-anofm\/\",\"url\":\"https:\/\/carpathiacenter.ro\/cand-vrea-guvernul-sa-adopte-pachetul-3-si-masurile-economice-daniel-constantin-propus-de-pnl-presedinte-al-arice-adrian-zvinca-la-anofm\/\",\"name\":\"C\u00e2nd vrea Guvernul s\u0103 adopte pachetul 3 \u0219i m\u0103surile economice \/ Daniel Constantin, propus de PNL pre\u0219edinte al ARICE. Adrian Zv\u00eenca, la ANOFM - Carpathia Center Romania\",\"isPartOf\":{\"@id\":\"https:\/\/carpathiacenter.ro\/#website\"},\"datePublished\":\"2026-01-20T08:44:57+00:00\",\"breadcrumb\":{\"@id\":\"https:\/\/carpathiacenter.ro\/cand-vrea-guvernul-sa-adopte-pachetul-3-si-masurile-economice-daniel-constantin-propus-de-pnl-presedinte-al-arice-adrian-zvinca-la-anofm\/#breadcrumb\"},\"inLanguage\":\"en-GB\",\"potentialAction\":[{\"@type\":\"ReadAction\",\"target\":[\"https:\/\/carpathiacenter.ro\/cand-vrea-guvernul-sa-adopte-pachetul-3-si-masurile-economice-daniel-constantin-propus-de-pnl-presedinte-al-arice-adrian-zvinca-la-anofm\/\"]}]},{\"@type\":\"BreadcrumbList\",\"@id\":\"https:\/\/carpathiacenter.ro\/cand-vrea-guvernul-sa-adopte-pachetul-3-si-masurile-economice-daniel-constantin-propus-de-pnl-presedinte-al-arice-adrian-zvinca-la-anofm\/#breadcrumb\",\"itemListElement\":[{\"@type\":\"ListItem\",\"position\":1,\"name\":\"Prima pagin\u0103\",\"item\":\"https:\/\/carpathiacenter.ro\/\"},{\"@type\":\"ListItem\",\"position\":2,\"name\":\"C\u00e2nd vrea Guvernul s\u0103 adopte pachetul 3 \u0219i m\u0103surile economice \/ Daniel Constantin, propus de PNL pre\u0219edinte al ARICE. Adrian Zv\u00eenca, la ANOFM\"}]},{\"@type\":\"WebSite\",\"@id\":\"https:\/\/carpathiacenter.ro\/#website\",\"url\":\"https:\/\/carpathiacenter.ro\/\",\"name\":\"Carpathia Center Romania\",\"description\":\"Impossible made possible!\",\"publisher\":{\"@id\":\"https:\/\/carpathiacenter.ro\/#organization\"},\"potentialAction\":[{\"@type\":\"SearchAction\",\"target\":{\"@type\":\"EntryPoint\",\"urlTemplate\":\"https:\/\/carpathiacenter.ro\/?s={search_term_string}\"},\"query-input\":{\"@type\":\"PropertyValueSpecification\",\"valueRequired\":true,\"valueName\":\"search_term_string\"}}],\"inLanguage\":\"en-GB\"},{\"@type\":\"Organization\",\"@id\":\"https:\/\/carpathiacenter.ro\/#organization\",\"name\":\"Carpathia Center Romania\",\"url\":\"https:\/\/carpathiacenter.ro\/\",\"logo\":{\"@type\":\"ImageObject\",\"inLanguage\":\"en-GB\",\"@id\":\"https:\/\/carpathiacenter.ro\/#\/schema\/logo\/image\/\",\"url\":\"https:\/\/carpathiacenter.ro\/wp-content\/uploads\/2024\/07\/logo-carpathia_bg_white-1024x941.png\",\"contentUrl\":\"https:\/\/carpathiacenter.ro\/wp-content\/uploads\/2024\/07\/logo-carpathia_bg_white-1024x941.png\",\"width\":1024,\"height\":941,\"caption\":\"Carpathia Center Romania\"},\"image\":{\"@id\":\"https:\/\/carpathiacenter.ro\/#\/schema\/logo\/image\/\"},\"sameAs\":[\"https:\/\/www.facebook.com\/fdpscarpathia\/\"]},{\"@type\":\"Person\",\"@id\":\"https:\/\/carpathiacenter.ro\/#\/schema\/person\/03d9f58202fee8379268f34afa195006\",\"name\":\"creativebitsolutions\",\"image\":{\"@type\":\"ImageObject\",\"inLanguage\":\"en-GB\",\"@id\":\"https:\/\/carpathiacenter.ro\/#\/schema\/person\/image\/\",\"url\":\"https:\/\/secure.gravatar.com\/avatar\/1b1a13e37f847c635dab78348f1dff2f07651ee2a3d77a5c355a4b8c75f9165a?s=96&d=mm&r=g\",\"contentUrl\":\"https:\/\/secure.gravatar.com\/avatar\/1b1a13e37f847c635dab78348f1dff2f07651ee2a3d77a5c355a4b8c75f9165a?s=96&d=mm&r=g\",\"caption\":\"creativebitsolutions\"},\"url\":\"https:\/\/carpathiacenter.ro\/en\/author\/creativebitsolutions\/\"}]}<\/script>\n<!-- \/ Yoast SEO plugin. -->","yoast_head_json":{"title":"C\u00e2nd vrea Guvernul s\u0103 adopte pachetul 3 \u0219i m\u0103surile economice \/ Daniel Constantin, propus de PNL pre\u0219edinte al ARICE. Adrian Zv\u00eenca, la ANOFM - Carpathia Center Romania","robots":{"index":"index","follow":"follow","max-snippet":"max-snippet:-1","max-image-preview":"max-image-preview:large","max-video-preview":"max-video-preview:-1"},"canonical":"https:\/\/carpathiacenter.ro\/en\/cand-vrea-guvernul-sa-adopte-pachetul-3-si-masurile-economice-daniel-constantin-propus-de-pnl-presedinte-al-arice-adrian-zvinca-la-anofm\/","og_locale":"en_GB","og_type":"article","og_title":"C\u00e2nd vrea Guvernul s\u0103 adopte pachetul 3 \u0219i m\u0103surile economice \/ Daniel Constantin, propus de PNL pre\u0219edinte al ARICE. Adrian Zv\u00eenca, la ANOFM - Carpathia Center Romania","og_description":"Guvernul \u00ee\u0219i propune s\u0103 \u00ee\u0219i asume r\u0103spunderea \u00een fa\u021ba Parlamentului pe reforma administra\u021biei publice centrale \u0219i locale \u0219i pe pachetul de m\u0103suri pentru relansare economic\u0103 \u00een data de 29 ianuarie, conform anun\u021bului f\u0103cut luni sear\u0103 de PNL. Potrivit liberalilor, forma agreat\u0103 \u00een coali\u021bie \u00een privin\u021ba reformei este foarte apropiat\u0103 de forma proiectului de lege de...","og_url":"https:\/\/carpathiacenter.ro\/en\/cand-vrea-guvernul-sa-adopte-pachetul-3-si-masurile-economice-daniel-constantin-propus-de-pnl-presedinte-al-arice-adrian-zvinca-la-anofm\/","og_site_name":"Carpathia Center Romania","article_publisher":"https:\/\/www.facebook.com\/fdpscarpathia\/","article_published_time":"2026-01-20T08:44:57+00:00","author":"creativebitsolutions","twitter_card":"summary_large_image","twitter_misc":{"Written by":"creativebitsolutions","Estimated reading time":"2 minutes"},"schema":{"@context":"https:\/\/schema.org","@graph":[{"@type":"Article","@id":"https:\/\/carpathiacenter.ro\/cand-vrea-guvernul-sa-adopte-pachetul-3-si-masurile-economice-daniel-constantin-propus-de-pnl-presedinte-al-arice-adrian-zvinca-la-anofm\/#article","isPartOf":{"@id":"https:\/\/carpathiacenter.ro\/cand-vrea-guvernul-sa-adopte-pachetul-3-si-masurile-economice-daniel-constantin-propus-de-pnl-presedinte-al-arice-adrian-zvinca-la-anofm\/"},"author":{"name":"creativebitsolutions","@id":"https:\/\/carpathiacenter.ro\/#\/schema\/person\/03d9f58202fee8379268f34afa195006"},"headline":"C\u00e2nd vrea Guvernul s\u0103 adopte pachetul 3 \u0219i m\u0103surile economice \/ Daniel Constantin, propus de PNL pre\u0219edinte al ARICE. Adrian Zv\u00eenca, la ANOFM","datePublished":"2026-01-20T08:44:57+00:00","mainEntityOfPage":{"@id":"https:\/\/carpathiacenter.ro\/cand-vrea-guvernul-sa-adopte-pachetul-3-si-masurile-economice-daniel-constantin-propus-de-pnl-presedinte-al-arice-adrian-zvinca-la-anofm\/"},"wordCount":245,"commentCount":0,"publisher":{"@id":"https:\/\/carpathiacenter.ro\/#organization"},"articleSection":["Uncategorized"],"inLanguage":"en-GB","potentialAction":[{"@type":"CommentAction","name":"Comment","target":["https:\/\/carpathiacenter.ro\/cand-vrea-guvernul-sa-adopte-pachetul-3-si-masurile-economice-daniel-constantin-propus-de-pnl-presedinte-al-arice-adrian-zvinca-la-anofm\/#respond"]}]},{"@type":"WebPage","@id":"https:\/\/carpathiacenter.ro\/cand-vrea-guvernul-sa-adopte-pachetul-3-si-masurile-economice-daniel-constantin-propus-de-pnl-presedinte-al-arice-adrian-zvinca-la-anofm\/","url":"https:\/\/carpathiacenter.ro\/cand-vrea-guvernul-sa-adopte-pachetul-3-si-masurile-economice-daniel-constantin-propus-de-pnl-presedinte-al-arice-adrian-zvinca-la-anofm\/","name":"C\u00e2nd vrea Guvernul s\u0103 adopte pachetul 3 \u0219i m\u0103surile economice \/ Daniel Constantin, propus de PNL pre\u0219edinte al ARICE. Adrian Zv\u00eenca, la ANOFM - Carpathia Center Romania","isPartOf":{"@id":"https:\/\/carpathiacenter.ro\/#website"},"datePublished":"2026-01-20T08:44:57+00:00","breadcrumb":{"@id":"https:\/\/carpathiacenter.ro\/cand-vrea-guvernul-sa-adopte-pachetul-3-si-masurile-economice-daniel-constantin-propus-de-pnl-presedinte-al-arice-adrian-zvinca-la-anofm\/#breadcrumb"},"inLanguage":"en-GB","potentialAction":[{"@type":"ReadAction","target":["https:\/\/carpathiacenter.ro\/cand-vrea-guvernul-sa-adopte-pachetul-3-si-masurile-economice-daniel-constantin-propus-de-pnl-presedinte-al-arice-adrian-zvinca-la-anofm\/"]}]},{"@type":"BreadcrumbList","@id":"https:\/\/carpathiacenter.ro\/cand-vrea-guvernul-sa-adopte-pachetul-3-si-masurile-economice-daniel-constantin-propus-de-pnl-presedinte-al-arice-adrian-zvinca-la-anofm\/#breadcrumb","itemListElement":[{"@type":"ListItem","position":1,"name":"Prima pagin\u0103","item":"https:\/\/carpathiacenter.ro\/"},{"@type":"ListItem","position":2,"name":"C\u00e2nd vrea Guvernul s\u0103 adopte pachetul 3 \u0219i m\u0103surile economice \/ Daniel Constantin, propus de PNL pre\u0219edinte al ARICE. Adrian Zv\u00eenca, la ANOFM"}]},{"@type":"WebSite","@id":"https:\/\/carpathiacenter.ro\/#website","url":"https:\/\/carpathiacenter.ro\/","name":"Carpathia Center Romania","description":"Impossible made possible!","publisher":{"@id":"https:\/\/carpathiacenter.ro\/#organization"},"potentialAction":[{"@type":"SearchAction","target":{"@type":"EntryPoint","urlTemplate":"https:\/\/carpathiacenter.ro\/?s={search_term_string}"},"query-input":{"@type":"PropertyValueSpecification","valueRequired":true,"valueName":"search_term_string"}}],"inLanguage":"en-GB"},{"@type":"Organization","@id":"https:\/\/carpathiacenter.ro\/#organization","name":"Carpathia Center Romania","url":"https:\/\/carpathiacenter.ro\/","logo":{"@type":"ImageObject","inLanguage":"en-GB","@id":"https:\/\/carpathiacenter.ro\/#\/schema\/logo\/image\/","url":"https:\/\/carpathiacenter.ro\/wp-content\/uploads\/2024\/07\/logo-carpathia_bg_white-1024x941.png","contentUrl":"https:\/\/carpathiacenter.ro\/wp-content\/uploads\/2024\/07\/logo-carpathia_bg_white-1024x941.png","width":1024,"height":941,"caption":"Carpathia Center Romania"},"image":{"@id":"https:\/\/carpathiacenter.ro\/#\/schema\/logo\/image\/"},"sameAs":["https:\/\/www.facebook.com\/fdpscarpathia\/"]},{"@type":"Person","@id":"https:\/\/carpathiacenter.ro\/#\/schema\/person\/03d9f58202fee8379268f34afa195006","name":"creativebitsolutions","image":{"@type":"ImageObject","inLanguage":"en-GB","@id":"https:\/\/carpathiacenter.ro\/#\/schema\/person\/image\/","url":"https:\/\/secure.gravatar.com\/avatar\/1b1a13e37f847c635dab78348f1dff2f07651ee2a3d77a5c355a4b8c75f9165a?s=96&d=mm&r=g","contentUrl":"https:\/\/secure.gravatar.com\/avatar\/1b1a13e37f847c635dab78348f1dff2f07651ee2a3d77a5c355a4b8c75f9165a?s=96&d=mm&r=g","caption":"creativebitsolutions"},"url":"https:\/\/carpathiacenter.ro\/en\/author\/creativebitsolutions\/"}]}},"_links":{"self":[{"href":"https:\/\/carpathiacenter.ro\/en\/wp-json\/wp\/v2\/posts\/3663","targetHints":{"allow":["GET"]}}],"collection":[{"href":"https:\/\/carpathiacenter.ro\/en\/wp-json\/wp\/v2\/posts"}],"about":[{"href":"https:\/\/carpathiacenter.ro\/en\/wp-json\/wp\/v2\/types\/post"}],"author":[{"embeddable":true,"href":"https:\/\/carpathiacenter.ro\/en\/wp-json\/wp\/v2\/users\/4"}],"replies":[{"embeddable":true,"href":"https:\/\/carpathiacenter.ro\/en\/wp-json\/wp\/v2\/comments?post=3663"}],"version-history":[{"count":1,"href":"https:\/\/carpathiacenter.ro\/en\/wp-json\/wp\/v2\/posts\/3663\/revisions"}],"predecessor-version":[{"id":3665,"href":"https:\/\/carpathiacenter.ro\/en\/wp-json\/wp\/v2\/posts\/3663\/revisions\/3665"}],"wp:attachment":[{"href":"https:\/\/carpathiacenter.ro\/en\/wp-json\/wp\/v2\/media?parent=3663"}],"wp:term":[{"taxonomy":"category","embeddable":true,"href":"https:\/\/carpathiacenter.ro\/en\/wp-json\/wp\/v2\/categories?post=3663"},{"taxonomy":"post_tag","embeddable":true,"href":"https:\/\/carpathiacenter.ro\/en\/wp-json\/wp\/v2\/tags?post=3663"}],"curies":[{"name":"wp","href":"https:\/\/api.w.org\/{rel}","templated":true}]}}