{"id":3657,"date":"2026-01-19T07:57:41","date_gmt":"2026-01-19T07:57:41","guid":{"rendered":"https:\/\/carpathiacenter.ro\/?p=3657"},"modified":"2026-01-19T07:57:41","modified_gmt":"2026-01-19T07:57:41","slug":"ministrul-muncii-intrebat-daca-a-fost-afectat-personal-de-majorarile-de-taxe-a-platit-sotia-mea-eu-nu-am-o-proprietate-florin-manole-readuce-in-discutie-impozitarea-progresiva","status":"publish","type":"post","link":"https:\/\/carpathiacenter.ro\/en\/ministrul-muncii-intrebat-daca-a-fost-afectat-personal-de-majorarile-de-taxe-a-platit-sotia-mea-eu-nu-am-o-proprietate-florin-manole-readuce-in-discutie-impozitarea-progresiva\/","title":{"rendered":"Ministrul Muncii, \u00eentrebat dac\u0103 a fost afectat personal de major\u0103rile de taxe: \u201eA pl\u0103tit so\u0163ia mea, eu nu am o proprietate\u201d \/ Florin Manole readuce \u00een discu\u0163ie impozitarea progresiv\u0103"},"content":{"rendered":"<p><strong>Ministrul PSD al Muncii, Florin Manole, a readus \u00een discu\u0163ie impozitarea progresiv\u0103, ca o solu\u0163ie pentru \u201eun sistem fiscal mai echitabil\u201d, \u00een contextul cre\u015fterilor de taxe, apreciind c\u0103 majorarea impozitelor pe proprietate i-a afectat \u00een special pe rom\u00e2nii cu venituri mici. \u00centrebat dac\u0103 a fost afectat personal de aceste major\u0103ri, Manole a r\u0103spuns: \u201eAu pl\u0103tit p\u0103rin\u0163ii mei \u015fi so\u0163ia mea, pentru c\u0103 eu nu am o proprietate. Dar da, impozitele au crescut considerabil\u201d.<\/strong><\/p>\n<p>Ministrul Muncii a fost \u00eentrebat, duminic\u0103 sear\u0103, la Digi 24, dac\u0103 major\u0103rile de taxe \u015fi impozite pe proprietate de la 1 ianuarie 2026 l-au afectat personal, el r\u0103spunz\u00e2nd c\u0103 nu are o proprietate \u015fi c\u0103 cei care au pl\u0103tit sunt p\u0103rin\u0163ii \u015fi so\u0163ia sa, relateaz\u0103 News.ro.<\/p>\n<div id=\"billboard2\" class=\"inserted-position billboard-2\"><\/div>\n<p>\u201eAu pl\u0103tit p\u0103rin\u0163ii mei \u015fi so\u0163ia mea, pentru c\u0103 eu nu am o proprietate. Dar da, impozitele au crescut considerabil. Nu e nicio excep\u0163ie pentru niciun om, to\u0163i am sim\u0163it asta, sigur, cu mai mare ap\u0103sare pentru cei cu venituri mai mici. So\u0163ia a pl\u0103tit pentru casa din Chitila aproximativ 1.200 de lei, fa\u0163\u0103 de 400-500 de lei anul trecut. A fost o cre\u015ftere consistent\u0103\u201d, a afirmat Florin Manole.<\/p>\n<p>Manole a subliniat c\u0103 aceste cre\u015fteri de impozite au fost resim\u0163ite cel mai mult de c\u0103tre cei cu venituri reduse, explic\u00e2nd c\u0103 problema real\u0103 nu o reprezint\u0103 impactul asupra familiilor cu venituri mari, ci efectul dispropor\u0163ionat asupra celor cu resurse financiare limitate.<\/p>\n<p>\u201eNu cei cu venituri mari din aceast\u0103 \u0163ar\u0103 sunt problema atunci c\u00e2nd vorbim despre impozitele pe proprietate. Nu o s\u0103 fiu aici ridicol \u015fi s\u0103 zic c\u0103 bugetul familiei a avut un impact enorm din chestiunea asta. Dar pentru oamenii cu venituri mici, aceast\u0103 impozitare s-a sim\u0163it foarte mult \u015fi asta este o problem\u0103\u201d, a spus ministrul Muncii.<\/p>\n<div id=\"billboard3\" class=\"inserted-position billboard-3\"><\/div>\n<h2 class=\"wp-block-heading\">\u201eSingura solu\u0163ie este impozitarea progresiv\u0103\u201d<\/h2>\n<p>\u00cen acest context, Florin Manole a readus \u00een discu\u0163ie impozitarea progresiv\u0103. \u201eAsta este singura solu\u0163ie pentru orice \u0163ar\u0103 civilizat\u0103 din Uniunea European\u0103. Singura solu\u0163ie este impozitarea progresiv\u0103\u201d.<\/p>\n<p>Potrivit ministrului Muncii, aceasta este solu\u0163ia \u201epentru a nu pune presiune egal\u0103 pe cei cu venituri mici \u015fi pe cei cu venituri mari\u201d.<\/p>\n<p>\u201eImpozitarea progresiv\u0103 are \u00een spate rapoarte ale Comisiei Europene, ale B\u0103ncii Mondiale \u015fi analize care arat\u0103 c\u00e2t de mul\u0163i bani am putea colecta \u00een plus. Este extrem de important\u0103\u201d, a mai spus el.<\/p>\n<p>Sursa articolului:  <a href=\"https:\/\/hotnews.ro\/ministrul-muncii-intrebat-daca-a-fost-afectat-personal-de-majorarile-de-taxe-a-platit-sotia-mea-eu-nu-am-o-proprietate-florin-manole-readuce-in-discutie-impozitarea-progresiva-2152539\" target=\"_blank\" rel=\"noopener\" title=\"\">HotNews<\/a><\/p>","protected":false},"excerpt":{"rendered":"<p>Ministrul PSD al Muncii, Florin Manole, a readus \u00een discu\u0163ie impozitarea progresiv\u0103, ca o solu\u0163ie pentru \u201eun sistem fiscal mai echitabil\u201d, \u00een contextul cre\u015fterilor de taxe, apreciind c\u0103 majorarea impozitelor pe proprietate i-a afectat \u00een special pe rom\u00e2nii cu venituri mici. \u00centrebat dac\u0103 a fost afectat personal de aceste major\u0103ri, Manole a r\u0103spuns: \u201eAu pl\u0103tit&#8230;<\/p>","protected":false},"author":4,"featured_media":0,"comment_status":"open","ping_status":"open","sticky":false,"template":"","format":"standard","meta":{"footnotes":""},"categories":[1],"tags":[],"class_list":["post-3657","post","type-post","status-publish","format-standard","hentry","category-uncategorized"],"yoast_head":"<!-- This site is optimized with the Yoast SEO plugin v26.1.1 - https:\/\/yoast.com\/wordpress\/plugins\/seo\/ -->\n<title>Ministrul Muncii, \u00eentrebat dac\u0103 a fost afectat personal de major\u0103rile de taxe: \u201eA pl\u0103tit so\u0163ia mea, eu nu am o proprietate\u201d \/ Florin Manole readuce \u00een discu\u0163ie impozitarea progresiv\u0103 - Carpathia Center Romania<\/title>\n<meta name=\"robots\" content=\"index, follow, max-snippet:-1, max-image-preview:large, max-video-preview:-1\" \/>\n<link rel=\"canonical\" href=\"https:\/\/carpathiacenter.ro\/en\/ministrul-muncii-intrebat-daca-a-fost-afectat-personal-de-majorarile-de-taxe-a-platit-sotia-mea-eu-nu-am-o-proprietate-florin-manole-readuce-in-discutie-impozitarea-progresiva\/\" \/>\n<meta property=\"og:locale\" content=\"en_GB\" \/>\n<meta property=\"og:type\" content=\"article\" \/>\n<meta property=\"og:title\" content=\"Ministrul Muncii, \u00eentrebat dac\u0103 a fost afectat personal de major\u0103rile de taxe: \u201eA pl\u0103tit so\u0163ia mea, eu nu am o proprietate\u201d \/ Florin Manole readuce \u00een discu\u0163ie impozitarea progresiv\u0103 - Carpathia Center Romania\" \/>\n<meta property=\"og:description\" content=\"Ministrul PSD al Muncii, Florin Manole, a readus \u00een discu\u0163ie impozitarea progresiv\u0103, ca o solu\u0163ie pentru \u201eun sistem fiscal mai echitabil\u201d, \u00een contextul cre\u015fterilor de taxe, apreciind c\u0103 majorarea impozitelor pe proprietate i-a afectat \u00een special pe rom\u00e2nii cu venituri mici. \u00centrebat dac\u0103 a fost afectat personal de aceste major\u0103ri, Manole a r\u0103spuns: \u201eAu pl\u0103tit...\" \/>\n<meta property=\"og:url\" content=\"https:\/\/carpathiacenter.ro\/en\/ministrul-muncii-intrebat-daca-a-fost-afectat-personal-de-majorarile-de-taxe-a-platit-sotia-mea-eu-nu-am-o-proprietate-florin-manole-readuce-in-discutie-impozitarea-progresiva\/\" \/>\n<meta property=\"og:site_name\" content=\"Carpathia Center Romania\" \/>\n<meta property=\"article:publisher\" content=\"https:\/\/www.facebook.com\/fdpscarpathia\/\" \/>\n<meta property=\"article:published_time\" content=\"2026-01-19T07:57:41+00:00\" \/>\n<meta name=\"author\" content=\"creativebitsolutions\" \/>\n<meta name=\"twitter:card\" content=\"summary_large_image\" \/>\n<meta name=\"twitter:label1\" content=\"Written by\" \/>\n\t<meta name=\"twitter:data1\" content=\"creativebitsolutions\" \/>\n\t<meta name=\"twitter:label2\" content=\"Estimated reading time\" \/>\n\t<meta name=\"twitter:data2\" content=\"3 minutes\" \/>\n<script type=\"application\/ld+json\" class=\"yoast-schema-graph\">{\"@context\":\"https:\/\/schema.org\",\"@graph\":[{\"@type\":\"Article\",\"@id\":\"https:\/\/carpathiacenter.ro\/ministrul-muncii-intrebat-daca-a-fost-afectat-personal-de-majorarile-de-taxe-a-platit-sotia-mea-eu-nu-am-o-proprietate-florin-manole-readuce-in-discutie-impozitarea-progresiva\/#article\",\"isPartOf\":{\"@id\":\"https:\/\/carpathiacenter.ro\/ministrul-muncii-intrebat-daca-a-fost-afectat-personal-de-majorarile-de-taxe-a-platit-sotia-mea-eu-nu-am-o-proprietate-florin-manole-readuce-in-discutie-impozitarea-progresiva\/\"},\"author\":{\"name\":\"creativebitsolutions\",\"@id\":\"https:\/\/carpathiacenter.ro\/#\/schema\/person\/03d9f58202fee8379268f34afa195006\"},\"headline\":\"Ministrul Muncii, \u00eentrebat dac\u0103 a fost afectat personal de major\u0103rile de taxe: \u201eA pl\u0103tit so\u0163ia mea, eu nu am o proprietate\u201d \/ Florin Manole readuce \u00een discu\u0163ie impozitarea progresiv\u0103\",\"datePublished\":\"2026-01-19T07:57:41+00:00\",\"mainEntityOfPage\":{\"@id\":\"https:\/\/carpathiacenter.ro\/ministrul-muncii-intrebat-daca-a-fost-afectat-personal-de-majorarile-de-taxe-a-platit-sotia-mea-eu-nu-am-o-proprietate-florin-manole-readuce-in-discutie-impozitarea-progresiva\/\"},\"wordCount\":451,\"commentCount\":0,\"publisher\":{\"@id\":\"https:\/\/carpathiacenter.ro\/#organization\"},\"articleSection\":[\"Uncategorized\"],\"inLanguage\":\"en-GB\",\"potentialAction\":[{\"@type\":\"CommentAction\",\"name\":\"Comment\",\"target\":[\"https:\/\/carpathiacenter.ro\/ministrul-muncii-intrebat-daca-a-fost-afectat-personal-de-majorarile-de-taxe-a-platit-sotia-mea-eu-nu-am-o-proprietate-florin-manole-readuce-in-discutie-impozitarea-progresiva\/#respond\"]}]},{\"@type\":\"WebPage\",\"@id\":\"https:\/\/carpathiacenter.ro\/ministrul-muncii-intrebat-daca-a-fost-afectat-personal-de-majorarile-de-taxe-a-platit-sotia-mea-eu-nu-am-o-proprietate-florin-manole-readuce-in-discutie-impozitarea-progresiva\/\",\"url\":\"https:\/\/carpathiacenter.ro\/ministrul-muncii-intrebat-daca-a-fost-afectat-personal-de-majorarile-de-taxe-a-platit-sotia-mea-eu-nu-am-o-proprietate-florin-manole-readuce-in-discutie-impozitarea-progresiva\/\",\"name\":\"Ministrul Muncii, \u00eentrebat dac\u0103 a fost afectat personal de major\u0103rile de taxe: \u201eA pl\u0103tit so\u0163ia mea, eu nu am o proprietate\u201d \/ Florin Manole readuce \u00een discu\u0163ie impozitarea progresiv\u0103 - Carpathia Center Romania\",\"isPartOf\":{\"@id\":\"https:\/\/carpathiacenter.ro\/#website\"},\"datePublished\":\"2026-01-19T07:57:41+00:00\",\"breadcrumb\":{\"@id\":\"https:\/\/carpathiacenter.ro\/ministrul-muncii-intrebat-daca-a-fost-afectat-personal-de-majorarile-de-taxe-a-platit-sotia-mea-eu-nu-am-o-proprietate-florin-manole-readuce-in-discutie-impozitarea-progresiva\/#breadcrumb\"},\"inLanguage\":\"en-GB\",\"potentialAction\":[{\"@type\":\"ReadAction\",\"target\":[\"https:\/\/carpathiacenter.ro\/ministrul-muncii-intrebat-daca-a-fost-afectat-personal-de-majorarile-de-taxe-a-platit-sotia-mea-eu-nu-am-o-proprietate-florin-manole-readuce-in-discutie-impozitarea-progresiva\/\"]}]},{\"@type\":\"BreadcrumbList\",\"@id\":\"https:\/\/carpathiacenter.ro\/ministrul-muncii-intrebat-daca-a-fost-afectat-personal-de-majorarile-de-taxe-a-platit-sotia-mea-eu-nu-am-o-proprietate-florin-manole-readuce-in-discutie-impozitarea-progresiva\/#breadcrumb\",\"itemListElement\":[{\"@type\":\"ListItem\",\"position\":1,\"name\":\"Prima pagin\u0103\",\"item\":\"https:\/\/carpathiacenter.ro\/\"},{\"@type\":\"ListItem\",\"position\":2,\"name\":\"Ministrul Muncii, \u00eentrebat dac\u0103 a fost afectat personal de major\u0103rile de taxe: \u201eA pl\u0103tit so\u0163ia mea, eu nu am o proprietate\u201d \/ Florin Manole readuce \u00een discu\u0163ie impozitarea progresiv\u0103\"}]},{\"@type\":\"WebSite\",\"@id\":\"https:\/\/carpathiacenter.ro\/#website\",\"url\":\"https:\/\/carpathiacenter.ro\/\",\"name\":\"Carpathia Center Romania\",\"description\":\"Impossible made possible!\",\"publisher\":{\"@id\":\"https:\/\/carpathiacenter.ro\/#organization\"},\"potentialAction\":[{\"@type\":\"SearchAction\",\"target\":{\"@type\":\"EntryPoint\",\"urlTemplate\":\"https:\/\/carpathiacenter.ro\/?s={search_term_string}\"},\"query-input\":{\"@type\":\"PropertyValueSpecification\",\"valueRequired\":true,\"valueName\":\"search_term_string\"}}],\"inLanguage\":\"en-GB\"},{\"@type\":\"Organization\",\"@id\":\"https:\/\/carpathiacenter.ro\/#organization\",\"name\":\"Carpathia Center Romania\",\"url\":\"https:\/\/carpathiacenter.ro\/\",\"logo\":{\"@type\":\"ImageObject\",\"inLanguage\":\"en-GB\",\"@id\":\"https:\/\/carpathiacenter.ro\/#\/schema\/logo\/image\/\",\"url\":\"https:\/\/carpathiacenter.ro\/wp-content\/uploads\/2024\/07\/logo-carpathia_bg_white-1024x941.png\",\"contentUrl\":\"https:\/\/carpathiacenter.ro\/wp-content\/uploads\/2024\/07\/logo-carpathia_bg_white-1024x941.png\",\"width\":1024,\"height\":941,\"caption\":\"Carpathia Center Romania\"},\"image\":{\"@id\":\"https:\/\/carpathiacenter.ro\/#\/schema\/logo\/image\/\"},\"sameAs\":[\"https:\/\/www.facebook.com\/fdpscarpathia\/\"]},{\"@type\":\"Person\",\"@id\":\"https:\/\/carpathiacenter.ro\/#\/schema\/person\/03d9f58202fee8379268f34afa195006\",\"name\":\"creativebitsolutions\",\"image\":{\"@type\":\"ImageObject\",\"inLanguage\":\"en-GB\",\"@id\":\"https:\/\/carpathiacenter.ro\/#\/schema\/person\/image\/\",\"url\":\"https:\/\/secure.gravatar.com\/avatar\/1b1a13e37f847c635dab78348f1dff2f07651ee2a3d77a5c355a4b8c75f9165a?s=96&d=mm&r=g\",\"contentUrl\":\"https:\/\/secure.gravatar.com\/avatar\/1b1a13e37f847c635dab78348f1dff2f07651ee2a3d77a5c355a4b8c75f9165a?s=96&d=mm&r=g\",\"caption\":\"creativebitsolutions\"},\"url\":\"https:\/\/carpathiacenter.ro\/en\/author\/creativebitsolutions\/\"}]}<\/script>\n<!-- \/ Yoast SEO plugin. -->","yoast_head_json":{"title":"Ministrul Muncii, \u00eentrebat dac\u0103 a fost afectat personal de major\u0103rile de taxe: \u201eA pl\u0103tit so\u0163ia mea, eu nu am o proprietate\u201d \/ Florin Manole readuce \u00een discu\u0163ie impozitarea progresiv\u0103 - Carpathia Center Romania","robots":{"index":"index","follow":"follow","max-snippet":"max-snippet:-1","max-image-preview":"max-image-preview:large","max-video-preview":"max-video-preview:-1"},"canonical":"https:\/\/carpathiacenter.ro\/en\/ministrul-muncii-intrebat-daca-a-fost-afectat-personal-de-majorarile-de-taxe-a-platit-sotia-mea-eu-nu-am-o-proprietate-florin-manole-readuce-in-discutie-impozitarea-progresiva\/","og_locale":"en_GB","og_type":"article","og_title":"Ministrul Muncii, \u00eentrebat dac\u0103 a fost afectat personal de major\u0103rile de taxe: \u201eA pl\u0103tit so\u0163ia mea, eu nu am o proprietate\u201d \/ Florin Manole readuce \u00een discu\u0163ie impozitarea progresiv\u0103 - Carpathia Center Romania","og_description":"Ministrul PSD al Muncii, Florin Manole, a readus \u00een discu\u0163ie impozitarea progresiv\u0103, ca o solu\u0163ie pentru \u201eun sistem fiscal mai echitabil\u201d, \u00een contextul cre\u015fterilor de taxe, apreciind c\u0103 majorarea impozitelor pe proprietate i-a afectat \u00een special pe rom\u00e2nii cu venituri mici. \u00centrebat dac\u0103 a fost afectat personal de aceste major\u0103ri, Manole a r\u0103spuns: \u201eAu pl\u0103tit...","og_url":"https:\/\/carpathiacenter.ro\/en\/ministrul-muncii-intrebat-daca-a-fost-afectat-personal-de-majorarile-de-taxe-a-platit-sotia-mea-eu-nu-am-o-proprietate-florin-manole-readuce-in-discutie-impozitarea-progresiva\/","og_site_name":"Carpathia Center Romania","article_publisher":"https:\/\/www.facebook.com\/fdpscarpathia\/","article_published_time":"2026-01-19T07:57:41+00:00","author":"creativebitsolutions","twitter_card":"summary_large_image","twitter_misc":{"Written by":"creativebitsolutions","Estimated reading time":"3 minutes"},"schema":{"@context":"https:\/\/schema.org","@graph":[{"@type":"Article","@id":"https:\/\/carpathiacenter.ro\/ministrul-muncii-intrebat-daca-a-fost-afectat-personal-de-majorarile-de-taxe-a-platit-sotia-mea-eu-nu-am-o-proprietate-florin-manole-readuce-in-discutie-impozitarea-progresiva\/#article","isPartOf":{"@id":"https:\/\/carpathiacenter.ro\/ministrul-muncii-intrebat-daca-a-fost-afectat-personal-de-majorarile-de-taxe-a-platit-sotia-mea-eu-nu-am-o-proprietate-florin-manole-readuce-in-discutie-impozitarea-progresiva\/"},"author":{"name":"creativebitsolutions","@id":"https:\/\/carpathiacenter.ro\/#\/schema\/person\/03d9f58202fee8379268f34afa195006"},"headline":"Ministrul Muncii, \u00eentrebat dac\u0103 a fost afectat personal de major\u0103rile de taxe: \u201eA pl\u0103tit so\u0163ia mea, eu nu am o proprietate\u201d \/ Florin Manole readuce \u00een discu\u0163ie impozitarea progresiv\u0103","datePublished":"2026-01-19T07:57:41+00:00","mainEntityOfPage":{"@id":"https:\/\/carpathiacenter.ro\/ministrul-muncii-intrebat-daca-a-fost-afectat-personal-de-majorarile-de-taxe-a-platit-sotia-mea-eu-nu-am-o-proprietate-florin-manole-readuce-in-discutie-impozitarea-progresiva\/"},"wordCount":451,"commentCount":0,"publisher":{"@id":"https:\/\/carpathiacenter.ro\/#organization"},"articleSection":["Uncategorized"],"inLanguage":"en-GB","potentialAction":[{"@type":"CommentAction","name":"Comment","target":["https:\/\/carpathiacenter.ro\/ministrul-muncii-intrebat-daca-a-fost-afectat-personal-de-majorarile-de-taxe-a-platit-sotia-mea-eu-nu-am-o-proprietate-florin-manole-readuce-in-discutie-impozitarea-progresiva\/#respond"]}]},{"@type":"WebPage","@id":"https:\/\/carpathiacenter.ro\/ministrul-muncii-intrebat-daca-a-fost-afectat-personal-de-majorarile-de-taxe-a-platit-sotia-mea-eu-nu-am-o-proprietate-florin-manole-readuce-in-discutie-impozitarea-progresiva\/","url":"https:\/\/carpathiacenter.ro\/ministrul-muncii-intrebat-daca-a-fost-afectat-personal-de-majorarile-de-taxe-a-platit-sotia-mea-eu-nu-am-o-proprietate-florin-manole-readuce-in-discutie-impozitarea-progresiva\/","name":"Ministrul Muncii, \u00eentrebat dac\u0103 a fost afectat personal de major\u0103rile de taxe: \u201eA pl\u0103tit so\u0163ia mea, eu nu am o proprietate\u201d \/ Florin Manole readuce \u00een discu\u0163ie impozitarea progresiv\u0103 - Carpathia Center Romania","isPartOf":{"@id":"https:\/\/carpathiacenter.ro\/#website"},"datePublished":"2026-01-19T07:57:41+00:00","breadcrumb":{"@id":"https:\/\/carpathiacenter.ro\/ministrul-muncii-intrebat-daca-a-fost-afectat-personal-de-majorarile-de-taxe-a-platit-sotia-mea-eu-nu-am-o-proprietate-florin-manole-readuce-in-discutie-impozitarea-progresiva\/#breadcrumb"},"inLanguage":"en-GB","potentialAction":[{"@type":"ReadAction","target":["https:\/\/carpathiacenter.ro\/ministrul-muncii-intrebat-daca-a-fost-afectat-personal-de-majorarile-de-taxe-a-platit-sotia-mea-eu-nu-am-o-proprietate-florin-manole-readuce-in-discutie-impozitarea-progresiva\/"]}]},{"@type":"BreadcrumbList","@id":"https:\/\/carpathiacenter.ro\/ministrul-muncii-intrebat-daca-a-fost-afectat-personal-de-majorarile-de-taxe-a-platit-sotia-mea-eu-nu-am-o-proprietate-florin-manole-readuce-in-discutie-impozitarea-progresiva\/#breadcrumb","itemListElement":[{"@type":"ListItem","position":1,"name":"Prima pagin\u0103","item":"https:\/\/carpathiacenter.ro\/"},{"@type":"ListItem","position":2,"name":"Ministrul Muncii, \u00eentrebat dac\u0103 a fost afectat personal de major\u0103rile de taxe: \u201eA pl\u0103tit so\u0163ia mea, eu nu am o proprietate\u201d \/ Florin Manole readuce \u00een discu\u0163ie impozitarea progresiv\u0103"}]},{"@type":"WebSite","@id":"https:\/\/carpathiacenter.ro\/#website","url":"https:\/\/carpathiacenter.ro\/","name":"Carpathia Center Romania","description":"Impossible made possible!","publisher":{"@id":"https:\/\/carpathiacenter.ro\/#organization"},"potentialAction":[{"@type":"SearchAction","target":{"@type":"EntryPoint","urlTemplate":"https:\/\/carpathiacenter.ro\/?s={search_term_string}"},"query-input":{"@type":"PropertyValueSpecification","valueRequired":true,"valueName":"search_term_string"}}],"inLanguage":"en-GB"},{"@type":"Organization","@id":"https:\/\/carpathiacenter.ro\/#organization","name":"Carpathia Center Romania","url":"https:\/\/carpathiacenter.ro\/","logo":{"@type":"ImageObject","inLanguage":"en-GB","@id":"https:\/\/carpathiacenter.ro\/#\/schema\/logo\/image\/","url":"https:\/\/carpathiacenter.ro\/wp-content\/uploads\/2024\/07\/logo-carpathia_bg_white-1024x941.png","contentUrl":"https:\/\/carpathiacenter.ro\/wp-content\/uploads\/2024\/07\/logo-carpathia_bg_white-1024x941.png","width":1024,"height":941,"caption":"Carpathia Center Romania"},"image":{"@id":"https:\/\/carpathiacenter.ro\/#\/schema\/logo\/image\/"},"sameAs":["https:\/\/www.facebook.com\/fdpscarpathia\/"]},{"@type":"Person","@id":"https:\/\/carpathiacenter.ro\/#\/schema\/person\/03d9f58202fee8379268f34afa195006","name":"creativebitsolutions","image":{"@type":"ImageObject","inLanguage":"en-GB","@id":"https:\/\/carpathiacenter.ro\/#\/schema\/person\/image\/","url":"https:\/\/secure.gravatar.com\/avatar\/1b1a13e37f847c635dab78348f1dff2f07651ee2a3d77a5c355a4b8c75f9165a?s=96&d=mm&r=g","contentUrl":"https:\/\/secure.gravatar.com\/avatar\/1b1a13e37f847c635dab78348f1dff2f07651ee2a3d77a5c355a4b8c75f9165a?s=96&d=mm&r=g","caption":"creativebitsolutions"},"url":"https:\/\/carpathiacenter.ro\/en\/author\/creativebitsolutions\/"}]}},"_links":{"self":[{"href":"https:\/\/carpathiacenter.ro\/en\/wp-json\/wp\/v2\/posts\/3657","targetHints":{"allow":["GET"]}}],"collection":[{"href":"https:\/\/carpathiacenter.ro\/en\/wp-json\/wp\/v2\/posts"}],"about":[{"href":"https:\/\/carpathiacenter.ro\/en\/wp-json\/wp\/v2\/types\/post"}],"author":[{"embeddable":true,"href":"https:\/\/carpathiacenter.ro\/en\/wp-json\/wp\/v2\/users\/4"}],"replies":[{"embeddable":true,"href":"https:\/\/carpathiacenter.ro\/en\/wp-json\/wp\/v2\/comments?post=3657"}],"version-history":[{"count":1,"href":"https:\/\/carpathiacenter.ro\/en\/wp-json\/wp\/v2\/posts\/3657\/revisions"}],"predecessor-version":[{"id":3658,"href":"https:\/\/carpathiacenter.ro\/en\/wp-json\/wp\/v2\/posts\/3657\/revisions\/3658"}],"wp:attachment":[{"href":"https:\/\/carpathiacenter.ro\/en\/wp-json\/wp\/v2\/media?parent=3657"}],"wp:term":[{"taxonomy":"category","embeddable":true,"href":"https:\/\/carpathiacenter.ro\/en\/wp-json\/wp\/v2\/categories?post=3657"},{"taxonomy":"post_tag","embeddable":true,"href":"https:\/\/carpathiacenter.ro\/en\/wp-json\/wp\/v2\/tags?post=3657"}],"curies":[{"name":"wp","href":"https:\/\/api.w.org\/{rel}","templated":true}]}}