{"id":3655,"date":"2026-01-19T07:56:21","date_gmt":"2026-01-19T07:56:21","guid":{"rendered":"https:\/\/carpathiacenter.ro\/?p=3655"},"modified":"2026-01-19T07:56:21","modified_gmt":"2026-01-19T07:56:21","slug":"unde-vor-fi-cei-250-de-km-noi-de-autostrada-cu-care-romania-va-incheia-anul-2026","status":"publish","type":"post","link":"https:\/\/carpathiacenter.ro\/en\/unde-vor-fi-cei-250-de-km-noi-de-autostrada-cu-care-romania-va-incheia-anul-2026\/","title":{"rendered":"Unde vor fi cei 250 de km noi de autostrad\u0103 cu care Rom\u00e2nia va \u00eencheia anul  2026"},"content":{"rendered":"<p><strong>Anul 2026 va fi un an record \u00een materie de deschideri de \u0219osele de mari vitez\u0103. P\u00e2n\u0103 acum, cel mai prolific an a fost 2024 c\u00e2nd s-au inaugurat 195 de km, dar \u00een 2026 \u0219anse reale sunt pentru deschideri de aproape 250 de km. \u00cen plus, exist\u0103 \u0219i un scenariu optimist \u00een care num\u0103rul real de kilometri de \u0219osea de mare vitez\u0103 da\u021bi \u00een trafic s\u0103 fie \u0219i mai mare.<\/strong><\/p>\n<p>Autostr\u0103zile \u0219i drumurile expres aflate \u00een exploatare \u00een Rom\u00e2nia \u00een prezent au trecut de borna 1.400, ajung\u00e2nd la 1.416,3 kilometri, din care aproape 146,5 km\u00a0<a href=\"https:\/\/hotnews.ro\/cati-kilometri-de-autostrada-s-au-deschis-in-2025-si-ce-tronsoane-vor-fi-gata-in-2026-un-an-care-poate-stabili-un-nou-record-2140854\">au fost da\u021bi \u00een folosin\u021b\u0103<\/a>\u00a0\u00een 2025.<\/p>\n<div id=\"billboard2\" class=\"inserted-position billboard-2\"><\/div>\n<p>Asta dup\u0103 ce \u00een 2024 au fost deschi\u0219i traficului nu mai pu\u021bin de 195 km de autostrad\u0103 \u0219i drum expres.<\/p>\n<h2 class=\"wp-block-heading\"><strong>Centura Bucure\u0219tiul va fi \u00eentregit\u0103<\/strong><\/h2>\n<p>Anul acesta va fi marcat un moment simbolic \u0219i foarte important: Autostrada de Centur\u0103 a Capitalei A0 va fi complet \u00eenchis\u0103, ultimele trei loturi de pe sectorul nordic urm\u00e2nd a fi deschise traficului.<\/p>\n<p>Astfel, Capitala va avea peste 100 de km de \u0219osea de mare vitez\u0103 care va ocoli complet zona urban\u0103, dubl\u00e2nd actuala \u0219osea de centur\u0103 pe toat\u0103 circumferin\u021ba ei.<\/p>\n<div id=\"billboard3\" class=\"inserted-position billboard-3\"><\/div>\n<h2 class=\"wp-block-heading\"><strong>Ce se va \u00eent\u00e2mpla pe Autostrada Moldovei<\/strong><\/h2>\n<p>Tot anul 2026, fiind anul termen pentru finalizarea proiectelor PNRR, va vedea inaugurarea restului de tronsoane din Autostrada \u201eMoldovei\u201d A7. Aceasta este prins\u0103 la finan\u021bare prin programul european de relansare economic\u0103 post-pandemie.<\/p>\n<p>Astfel, dup\u0103 inaugur\u0103rile de pe final de 2025 care au f\u0103cut ca A7 spre Moldova s\u0103 \u00eensemne aproape 200 de kilometri ne\u00eentrerup\u021bi de autostrad\u0103, \u0219i s\u0103 permit\u0103 \u0219oferilor s\u0103 circule pe ruta Bucure\u0219ti \u2013 Adjud pe circa 250 de kilometri de \u0219osea de mare vitez\u0103 f\u0103r\u0103 nicio gaur\u0103 pe parcurs, anul 2026 va veni cu continuarea A7 spre Nord.<\/p>\n<p>Cur\u00e2nd, \u00een prim\u0103var\u0103-var\u0103 ar urma s\u0103 fie inaugurate por\u021biunile de la Adjud la R\u0103c\u0103ciuni \u0219i apoi spre Bac\u0103u, unde deja exist\u0103 16 km din A7 care func\u021bioneaz\u0103 \u00eenc\u0103 din 2020 drept variant\u0103 ocolitoare.<\/p>\n<div id=\"billboard4\" class=\"inserted-position billboard-4 mobile\"><\/div>\n<p>\u00cen august A7 va cunoa\u0219te noi deschideri de la Bac\u0103u la Roman (S\u0103b\u0103oani), marc\u00e2nd toate por\u021biunile finan\u021bate prin fonduri nerambursabile din PNRR.<\/p>\n<p>Ultima bucat\u0103, de la S\u0103b\u0103oani la Pa\u0219cani, finan\u021bat\u0103 prin \u00eemprumuturi rambursabile PNRR, ar urma s\u0103 fie gata \u00een toamn\u0103 sau iarn\u0103.<\/p>\n<h2 class=\"wp-block-heading\"><strong>Ce autostr\u0103zi \u0219i drumuri expres au \u0219anse s\u0103 fie gata \u00een 2026<\/strong><\/h2>\n<ul class=\"wp-block-list\">\n<li>A0 Nord \u2013 Lotul 1 \u2013 18 km<\/li>\n<li>A0 Nord \u2013 Lotul 3 (DN2 \u2013 DN3) \u2013 8,6 km<\/li>\n<li>A0 Nord \u2013 Lotul 4 (DN3 \u2013 A2) \u2013 4,5 km<\/li>\n<li>A1 Sibiu \u2013 Pite\u0219ti, Sec\u021biunea 4 (Curtea de Arge\u0219 \u2013 Tigveni) \u2013 9,9 km<\/li>\n<li>A3 N\u0103d\u0103\u0219elu \u2013 Zimbor \u2013 Poarta S\u0103lajului \u2013 42,3 km<\/li>\n<li>A3 Suplacu de Barc\u0103u \u2013 Chiribi\u0219 \u2013 27 km<\/li>\n<li>A7 Foc\u0219ani \u2013 Bac\u0103u, Lotul 2 complet (Adjud \u2013 R\u0103c\u0103ciuni) \u2013 23,7 km<\/li>\n<li>A7 Foc\u0219ani \u2013 Bac\u0103u, Lotul 3 \u2013 R\u0103c\u0103ciuni \u2013 Bac\u0103u: 21,5 km<\/li>\n<li>A7 Bac\u0103u \u2013 Pa\u0219cani, Lotul 1 (Bac\u0103u \u2013 Trife\u0219ti) \u2013 30,3 km<\/li>\n<li>A7 Bac\u0103u \u2013 Pa\u0219cani, Lotul 2 (Triife\u0219ti \u2013 S\u0103b\u0103oani) \u2013 19 km<\/li>\n<li>A7 Bac\u0103u \u2013 Pa\u0219cani, Lotul 3 (S\u0103b\u0103oani \u2013 Pa\u0219cani) \u2013 28 km<\/li>\n<li>Drumul Expres Gala\u021bi \u2013 Br\u0103ila \u2013 11 km<\/li>\n<\/ul>\n<p><strong>Total: 243,8 km<\/strong><\/p>\n<h2 class=\"wp-block-heading\"><strong>Scenariul optimist: se va putea merge pe autostrada de la grani\u021ba cu Ungaria p\u00e2n\u0103 la T\u00e2rgu Mure\u0219, mai pu\u021bin pe o bucat\u0103 de 40 de km<\/strong><\/h2>\n<p>Dincolo de tronsoanele de mai sus care aproape sigur vor fi date \u00een trafic, exist\u0103 \u0219i un scenariu \u00een care \u201etoate planetele se aliniaz\u0103\u201d, iar anul-record 2026 va fi \u0219i mai mare: aproape 284 de km de autostrad\u0103 \u0219i drum expres.<\/p>\n<div id=\"billboard5\" class=\"inserted-position billboard-5 mobile\"><\/div>\n<p>\u201eCu planetele aliniate \u00een scenariul ultra optimist, dac\u0103 grupul Selina condus de Beniamin Rus va dori \u0219i va g\u0103si for\u021ba s\u0103-\u0219i mai spele din p\u0103cate, s-ar putea inaugura la limit\u0103, \u00een decembrie, sectorul A3 Chiribi\u0219-Biharia (28,55 km) cu vreo 5 luni \u00eenainte de scaden\u021b\u0103\u201d, apreciaz\u0103 Asocia\u021bia Pro Infrastructura, una dintre cele mai active organiza\u021bii civice care monitorizeaz\u0103 marile proiecte de infrastructur\u0103.<\/p>\n<p>\u201eAr fi de mare efect fiindc\u0103 s-ar circula complet pe autostrad\u0103 de la grani\u021ba cu Ungaria p\u00e2n\u0103 la Nu\u0219fal\u0103u, iar de acolo p\u00e2n\u0103 la T\u00e2rgu Mure\u0219 vor lipsi doar 40 de kilometri din A3: perla coroanei, tunelul Mese\u0219, cel mai lung din \u021bar\u0103 (3 km)\u201d, mai spune Pro Infrastructura.<\/p>\n<p>\u201eTot la capitolul ultra-optimist, cu mult\u0103 munc\u0103 la privat dar \u0219i la stat, este posibil\u0103 deschiderea sec\u021biunii T\u00e2rgu Mure\u0219-Ac\u0103\u021bari (vreo 11 kilometri), parte din A8 T\u00e2rgu Mure\u0219-Miercurea Nirajului (24,39 km). Este practic o centur\u0103 de sud a ora\u0219ului T\u00e2rgu Mure\u0219, de mare ajutor pentru \u0219oferii din zon\u0103. Dac\u0103 li se cere, turcii de la Nurol pot s\u0103 livreze aceast\u0103 bucat\u0103 \u00een decembrie, in-extremis, de\u0219i termenul contractual este iulie 2027 pe tot lotul\u201d, mai sus\u021bine organiza\u021bia.<\/p>\n<div id=\"billboard6\" class=\"inserted-position billboard-6 mobile\"><\/div>\n<h2 class=\"wp-block-heading\"><strong>Peste 800 de km de autostrad\u0103 \u00een execu\u021bie acum<\/strong><\/h2>\n<p>Re\u021beaua de autostr\u0103zi \u0219i drumuri expres a ajuns la final de 2025 la 1.416,3 kilometri afla\u021bi \u00een exploatare.<\/p>\n<p>Pe l\u00e2ng\u0103 ace\u0219tia, mai sunt 840 km contracta\u021bi pentru proiectare \u0219i execu\u021bie \u0219i \u00eenc\u0103 486 km afla\u021bi \u00een diferite stadii de licita\u021bie.<\/p>\n<p><strong>Evolu\u021bia kilometrilor de autostrad\u0103 deschi\u0219i circula\u021biei anual \u00een ultimii ani \u00een Rom\u00e2nia<\/strong><\/p>\n<ul class=\"wp-block-list\">\n<li>2004 \u2013 97,2 km<\/li>\n<li>2007 \u2013 50,7 km<\/li>\n<li>2009 \u2013 42 km<\/li>\n<li>2010 \u2013 28 km<\/li>\n<li>2011 \u2013 57 km<\/li>\n<li>2012 \u2013 139 km<\/li>\n<li>2013 \u2013 108 km<\/li>\n<li>2014 \u2013 28,2 km*<\/li>\n<li>2015 \u2013 46,6 km<\/li>\n<li>2016 \u2013 22,1 km*<\/li>\n<li>2017 \u2013 15 km<\/li>\n<li>2018 \u2013 55,4 km<\/li>\n<li>2019 \u2013 42 km<\/li>\n<li>2020 \u2013 60,6 km<\/li>\n<li>2021 \u2013 33,5 km<\/li>\n<li>2022 \u2013 53,02 km<\/li>\n<li>2023 \u2013 81 km<\/li>\n<li>2024 \u2013 195 km<\/li>\n<li><strong>2025 \u2013 146,5 km<\/strong><\/li>\n<\/ul>\n<p><em>*Lotul 3 Cun\u021ba \u2013 S\u0103li\u0219te din A1 Sibiu \u2013 Or\u0103\u0219tie \u2013 22,11 km \u2013 a fost deschis ini\u021bial \u00een noiembrie 2014, dar a fost \u00eenchis \u00een 2015 pentru repara\u021bii capitale pe o bucat\u0103. \u00centreg lotul a fost redeschis definitiv \u00een octombrie 2016.<\/em><\/p>\n<p>Sursa articolului:  <a href=\"https:\/\/hotnews.ro\/unde-vor-fi-cei-250-de-km-noi-de-autostrada-cu-care-romania-va-incheia-anul-2026-2150507\" target=\"_blank\" rel=\"noopener\" title=\"\">HotNews<\/a><\/p>","protected":false},"excerpt":{"rendered":"<p>Anul 2026 va fi un an record \u00een materie de deschideri de \u0219osele de mari vitez\u0103. P\u00e2n\u0103 acum, cel mai prolific an a fost 2024 c\u00e2nd s-au inaugurat 195 de km, dar \u00een 2026 \u0219anse reale sunt pentru deschideri de aproape 250 de km. \u00cen plus, exist\u0103 \u0219i un scenariu optimist \u00een care num\u0103rul real&#8230;<\/p>","protected":false},"author":4,"featured_media":0,"comment_status":"open","ping_status":"open","sticky":false,"template":"","format":"standard","meta":{"footnotes":""},"categories":[1],"tags":[],"class_list":["post-3655","post","type-post","status-publish","format-standard","hentry","category-uncategorized"],"yoast_head":"<!-- This site is optimized with the Yoast SEO plugin v26.1.1 - https:\/\/yoast.com\/wordpress\/plugins\/seo\/ -->\n<title>Unde vor fi cei 250 de km noi de autostrad\u0103 cu care Rom\u00e2nia va \u00eencheia anul 2026 - Carpathia Center Romania<\/title>\n<meta name=\"robots\" content=\"index, follow, max-snippet:-1, max-image-preview:large, max-video-preview:-1\" \/>\n<link rel=\"canonical\" href=\"https:\/\/carpathiacenter.ro\/en\/unde-vor-fi-cei-250-de-km-noi-de-autostrada-cu-care-romania-va-incheia-anul-2026\/\" \/>\n<meta property=\"og:locale\" content=\"en_GB\" \/>\n<meta property=\"og:type\" content=\"article\" \/>\n<meta property=\"og:title\" content=\"Unde vor fi cei 250 de km noi de autostrad\u0103 cu care Rom\u00e2nia va \u00eencheia anul 2026 - Carpathia Center Romania\" \/>\n<meta property=\"og:description\" content=\"Anul 2026 va fi un an record \u00een materie de deschideri de \u0219osele de mari vitez\u0103. P\u00e2n\u0103 acum, cel mai prolific an a fost 2024 c\u00e2nd s-au inaugurat 195 de km, dar \u00een 2026 \u0219anse reale sunt pentru deschideri de aproape 250 de km. \u00cen plus, exist\u0103 \u0219i un scenariu optimist \u00een care num\u0103rul real...\" \/>\n<meta property=\"og:url\" content=\"https:\/\/carpathiacenter.ro\/en\/unde-vor-fi-cei-250-de-km-noi-de-autostrada-cu-care-romania-va-incheia-anul-2026\/\" \/>\n<meta property=\"og:site_name\" content=\"Carpathia Center Romania\" \/>\n<meta property=\"article:publisher\" content=\"https:\/\/www.facebook.com\/fdpscarpathia\/\" \/>\n<meta property=\"article:published_time\" content=\"2026-01-19T07:56:21+00:00\" \/>\n<meta name=\"author\" content=\"creativebitsolutions\" \/>\n<meta name=\"twitter:card\" content=\"summary_large_image\" \/>\n<meta name=\"twitter:label1\" content=\"Written by\" \/>\n\t<meta name=\"twitter:data1\" content=\"creativebitsolutions\" \/>\n\t<meta name=\"twitter:label2\" content=\"Estimated reading time\" \/>\n\t<meta name=\"twitter:data2\" content=\"5 minutes\" \/>\n<script type=\"application\/ld+json\" class=\"yoast-schema-graph\">{\"@context\":\"https:\/\/schema.org\",\"@graph\":[{\"@type\":\"Article\",\"@id\":\"https:\/\/carpathiacenter.ro\/unde-vor-fi-cei-250-de-km-noi-de-autostrada-cu-care-romania-va-incheia-anul-2026\/#article\",\"isPartOf\":{\"@id\":\"https:\/\/carpathiacenter.ro\/unde-vor-fi-cei-250-de-km-noi-de-autostrada-cu-care-romania-va-incheia-anul-2026\/\"},\"author\":{\"name\":\"creativebitsolutions\",\"@id\":\"https:\/\/carpathiacenter.ro\/#\/schema\/person\/03d9f58202fee8379268f34afa195006\"},\"headline\":\"Unde vor fi cei 250 de km noi de autostrad\u0103 cu care Rom\u00e2nia va \u00eencheia anul 2026\",\"datePublished\":\"2026-01-19T07:56:21+00:00\",\"mainEntityOfPage\":{\"@id\":\"https:\/\/carpathiacenter.ro\/unde-vor-fi-cei-250-de-km-noi-de-autostrada-cu-care-romania-va-incheia-anul-2026\/\"},\"wordCount\":924,\"commentCount\":0,\"publisher\":{\"@id\":\"https:\/\/carpathiacenter.ro\/#organization\"},\"articleSection\":[\"Uncategorized\"],\"inLanguage\":\"en-GB\",\"potentialAction\":[{\"@type\":\"CommentAction\",\"name\":\"Comment\",\"target\":[\"https:\/\/carpathiacenter.ro\/unde-vor-fi-cei-250-de-km-noi-de-autostrada-cu-care-romania-va-incheia-anul-2026\/#respond\"]}]},{\"@type\":\"WebPage\",\"@id\":\"https:\/\/carpathiacenter.ro\/unde-vor-fi-cei-250-de-km-noi-de-autostrada-cu-care-romania-va-incheia-anul-2026\/\",\"url\":\"https:\/\/carpathiacenter.ro\/unde-vor-fi-cei-250-de-km-noi-de-autostrada-cu-care-romania-va-incheia-anul-2026\/\",\"name\":\"Unde vor fi cei 250 de km noi de autostrad\u0103 cu care Rom\u00e2nia va \u00eencheia anul 2026 - Carpathia Center Romania\",\"isPartOf\":{\"@id\":\"https:\/\/carpathiacenter.ro\/#website\"},\"datePublished\":\"2026-01-19T07:56:21+00:00\",\"breadcrumb\":{\"@id\":\"https:\/\/carpathiacenter.ro\/unde-vor-fi-cei-250-de-km-noi-de-autostrada-cu-care-romania-va-incheia-anul-2026\/#breadcrumb\"},\"inLanguage\":\"en-GB\",\"potentialAction\":[{\"@type\":\"ReadAction\",\"target\":[\"https:\/\/carpathiacenter.ro\/unde-vor-fi-cei-250-de-km-noi-de-autostrada-cu-care-romania-va-incheia-anul-2026\/\"]}]},{\"@type\":\"BreadcrumbList\",\"@id\":\"https:\/\/carpathiacenter.ro\/unde-vor-fi-cei-250-de-km-noi-de-autostrada-cu-care-romania-va-incheia-anul-2026\/#breadcrumb\",\"itemListElement\":[{\"@type\":\"ListItem\",\"position\":1,\"name\":\"Prima pagin\u0103\",\"item\":\"https:\/\/carpathiacenter.ro\/\"},{\"@type\":\"ListItem\",\"position\":2,\"name\":\"Unde vor fi cei 250 de km noi de autostrad\u0103 cu care Rom\u00e2nia va \u00eencheia anul 2026\"}]},{\"@type\":\"WebSite\",\"@id\":\"https:\/\/carpathiacenter.ro\/#website\",\"url\":\"https:\/\/carpathiacenter.ro\/\",\"name\":\"Carpathia Center Romania\",\"description\":\"Impossible made possible!\",\"publisher\":{\"@id\":\"https:\/\/carpathiacenter.ro\/#organization\"},\"potentialAction\":[{\"@type\":\"SearchAction\",\"target\":{\"@type\":\"EntryPoint\",\"urlTemplate\":\"https:\/\/carpathiacenter.ro\/?s={search_term_string}\"},\"query-input\":{\"@type\":\"PropertyValueSpecification\",\"valueRequired\":true,\"valueName\":\"search_term_string\"}}],\"inLanguage\":\"en-GB\"},{\"@type\":\"Organization\",\"@id\":\"https:\/\/carpathiacenter.ro\/#organization\",\"name\":\"Carpathia Center Romania\",\"url\":\"https:\/\/carpathiacenter.ro\/\",\"logo\":{\"@type\":\"ImageObject\",\"inLanguage\":\"en-GB\",\"@id\":\"https:\/\/carpathiacenter.ro\/#\/schema\/logo\/image\/\",\"url\":\"https:\/\/carpathiacenter.ro\/wp-content\/uploads\/2024\/07\/logo-carpathia_bg_white-1024x941.png\",\"contentUrl\":\"https:\/\/carpathiacenter.ro\/wp-content\/uploads\/2024\/07\/logo-carpathia_bg_white-1024x941.png\",\"width\":1024,\"height\":941,\"caption\":\"Carpathia Center Romania\"},\"image\":{\"@id\":\"https:\/\/carpathiacenter.ro\/#\/schema\/logo\/image\/\"},\"sameAs\":[\"https:\/\/www.facebook.com\/fdpscarpathia\/\"]},{\"@type\":\"Person\",\"@id\":\"https:\/\/carpathiacenter.ro\/#\/schema\/person\/03d9f58202fee8379268f34afa195006\",\"name\":\"creativebitsolutions\",\"image\":{\"@type\":\"ImageObject\",\"inLanguage\":\"en-GB\",\"@id\":\"https:\/\/carpathiacenter.ro\/#\/schema\/person\/image\/\",\"url\":\"https:\/\/secure.gravatar.com\/avatar\/1b1a13e37f847c635dab78348f1dff2f07651ee2a3d77a5c355a4b8c75f9165a?s=96&d=mm&r=g\",\"contentUrl\":\"https:\/\/secure.gravatar.com\/avatar\/1b1a13e37f847c635dab78348f1dff2f07651ee2a3d77a5c355a4b8c75f9165a?s=96&d=mm&r=g\",\"caption\":\"creativebitsolutions\"},\"url\":\"https:\/\/carpathiacenter.ro\/en\/author\/creativebitsolutions\/\"}]}<\/script>\n<!-- \/ Yoast SEO plugin. -->","yoast_head_json":{"title":"Unde vor fi cei 250 de km noi de autostrad\u0103 cu care Rom\u00e2nia va \u00eencheia anul 2026 - Carpathia Center Romania","robots":{"index":"index","follow":"follow","max-snippet":"max-snippet:-1","max-image-preview":"max-image-preview:large","max-video-preview":"max-video-preview:-1"},"canonical":"https:\/\/carpathiacenter.ro\/en\/unde-vor-fi-cei-250-de-km-noi-de-autostrada-cu-care-romania-va-incheia-anul-2026\/","og_locale":"en_GB","og_type":"article","og_title":"Unde vor fi cei 250 de km noi de autostrad\u0103 cu care Rom\u00e2nia va \u00eencheia anul 2026 - Carpathia Center Romania","og_description":"Anul 2026 va fi un an record \u00een materie de deschideri de \u0219osele de mari vitez\u0103. P\u00e2n\u0103 acum, cel mai prolific an a fost 2024 c\u00e2nd s-au inaugurat 195 de km, dar \u00een 2026 \u0219anse reale sunt pentru deschideri de aproape 250 de km. \u00cen plus, exist\u0103 \u0219i un scenariu optimist \u00een care num\u0103rul real...","og_url":"https:\/\/carpathiacenter.ro\/en\/unde-vor-fi-cei-250-de-km-noi-de-autostrada-cu-care-romania-va-incheia-anul-2026\/","og_site_name":"Carpathia Center Romania","article_publisher":"https:\/\/www.facebook.com\/fdpscarpathia\/","article_published_time":"2026-01-19T07:56:21+00:00","author":"creativebitsolutions","twitter_card":"summary_large_image","twitter_misc":{"Written by":"creativebitsolutions","Estimated reading time":"5 minutes"},"schema":{"@context":"https:\/\/schema.org","@graph":[{"@type":"Article","@id":"https:\/\/carpathiacenter.ro\/unde-vor-fi-cei-250-de-km-noi-de-autostrada-cu-care-romania-va-incheia-anul-2026\/#article","isPartOf":{"@id":"https:\/\/carpathiacenter.ro\/unde-vor-fi-cei-250-de-km-noi-de-autostrada-cu-care-romania-va-incheia-anul-2026\/"},"author":{"name":"creativebitsolutions","@id":"https:\/\/carpathiacenter.ro\/#\/schema\/person\/03d9f58202fee8379268f34afa195006"},"headline":"Unde vor fi cei 250 de km noi de autostrad\u0103 cu care Rom\u00e2nia va \u00eencheia anul 2026","datePublished":"2026-01-19T07:56:21+00:00","mainEntityOfPage":{"@id":"https:\/\/carpathiacenter.ro\/unde-vor-fi-cei-250-de-km-noi-de-autostrada-cu-care-romania-va-incheia-anul-2026\/"},"wordCount":924,"commentCount":0,"publisher":{"@id":"https:\/\/carpathiacenter.ro\/#organization"},"articleSection":["Uncategorized"],"inLanguage":"en-GB","potentialAction":[{"@type":"CommentAction","name":"Comment","target":["https:\/\/carpathiacenter.ro\/unde-vor-fi-cei-250-de-km-noi-de-autostrada-cu-care-romania-va-incheia-anul-2026\/#respond"]}]},{"@type":"WebPage","@id":"https:\/\/carpathiacenter.ro\/unde-vor-fi-cei-250-de-km-noi-de-autostrada-cu-care-romania-va-incheia-anul-2026\/","url":"https:\/\/carpathiacenter.ro\/unde-vor-fi-cei-250-de-km-noi-de-autostrada-cu-care-romania-va-incheia-anul-2026\/","name":"Unde vor fi cei 250 de km noi de autostrad\u0103 cu care Rom\u00e2nia va \u00eencheia anul 2026 - Carpathia Center Romania","isPartOf":{"@id":"https:\/\/carpathiacenter.ro\/#website"},"datePublished":"2026-01-19T07:56:21+00:00","breadcrumb":{"@id":"https:\/\/carpathiacenter.ro\/unde-vor-fi-cei-250-de-km-noi-de-autostrada-cu-care-romania-va-incheia-anul-2026\/#breadcrumb"},"inLanguage":"en-GB","potentialAction":[{"@type":"ReadAction","target":["https:\/\/carpathiacenter.ro\/unde-vor-fi-cei-250-de-km-noi-de-autostrada-cu-care-romania-va-incheia-anul-2026\/"]}]},{"@type":"BreadcrumbList","@id":"https:\/\/carpathiacenter.ro\/unde-vor-fi-cei-250-de-km-noi-de-autostrada-cu-care-romania-va-incheia-anul-2026\/#breadcrumb","itemListElement":[{"@type":"ListItem","position":1,"name":"Prima pagin\u0103","item":"https:\/\/carpathiacenter.ro\/"},{"@type":"ListItem","position":2,"name":"Unde vor fi cei 250 de km noi de autostrad\u0103 cu care Rom\u00e2nia va \u00eencheia anul 2026"}]},{"@type":"WebSite","@id":"https:\/\/carpathiacenter.ro\/#website","url":"https:\/\/carpathiacenter.ro\/","name":"Carpathia Center Romania","description":"Impossible made possible!","publisher":{"@id":"https:\/\/carpathiacenter.ro\/#organization"},"potentialAction":[{"@type":"SearchAction","target":{"@type":"EntryPoint","urlTemplate":"https:\/\/carpathiacenter.ro\/?s={search_term_string}"},"query-input":{"@type":"PropertyValueSpecification","valueRequired":true,"valueName":"search_term_string"}}],"inLanguage":"en-GB"},{"@type":"Organization","@id":"https:\/\/carpathiacenter.ro\/#organization","name":"Carpathia Center Romania","url":"https:\/\/carpathiacenter.ro\/","logo":{"@type":"ImageObject","inLanguage":"en-GB","@id":"https:\/\/carpathiacenter.ro\/#\/schema\/logo\/image\/","url":"https:\/\/carpathiacenter.ro\/wp-content\/uploads\/2024\/07\/logo-carpathia_bg_white-1024x941.png","contentUrl":"https:\/\/carpathiacenter.ro\/wp-content\/uploads\/2024\/07\/logo-carpathia_bg_white-1024x941.png","width":1024,"height":941,"caption":"Carpathia Center Romania"},"image":{"@id":"https:\/\/carpathiacenter.ro\/#\/schema\/logo\/image\/"},"sameAs":["https:\/\/www.facebook.com\/fdpscarpathia\/"]},{"@type":"Person","@id":"https:\/\/carpathiacenter.ro\/#\/schema\/person\/03d9f58202fee8379268f34afa195006","name":"creativebitsolutions","image":{"@type":"ImageObject","inLanguage":"en-GB","@id":"https:\/\/carpathiacenter.ro\/#\/schema\/person\/image\/","url":"https:\/\/secure.gravatar.com\/avatar\/1b1a13e37f847c635dab78348f1dff2f07651ee2a3d77a5c355a4b8c75f9165a?s=96&d=mm&r=g","contentUrl":"https:\/\/secure.gravatar.com\/avatar\/1b1a13e37f847c635dab78348f1dff2f07651ee2a3d77a5c355a4b8c75f9165a?s=96&d=mm&r=g","caption":"creativebitsolutions"},"url":"https:\/\/carpathiacenter.ro\/en\/author\/creativebitsolutions\/"}]}},"_links":{"self":[{"href":"https:\/\/carpathiacenter.ro\/en\/wp-json\/wp\/v2\/posts\/3655","targetHints":{"allow":["GET"]}}],"collection":[{"href":"https:\/\/carpathiacenter.ro\/en\/wp-json\/wp\/v2\/posts"}],"about":[{"href":"https:\/\/carpathiacenter.ro\/en\/wp-json\/wp\/v2\/types\/post"}],"author":[{"embeddable":true,"href":"https:\/\/carpathiacenter.ro\/en\/wp-json\/wp\/v2\/users\/4"}],"replies":[{"embeddable":true,"href":"https:\/\/carpathiacenter.ro\/en\/wp-json\/wp\/v2\/comments?post=3655"}],"version-history":[{"count":1,"href":"https:\/\/carpathiacenter.ro\/en\/wp-json\/wp\/v2\/posts\/3655\/revisions"}],"predecessor-version":[{"id":3656,"href":"https:\/\/carpathiacenter.ro\/en\/wp-json\/wp\/v2\/posts\/3655\/revisions\/3656"}],"wp:attachment":[{"href":"https:\/\/carpathiacenter.ro\/en\/wp-json\/wp\/v2\/media?parent=3655"}],"wp:term":[{"taxonomy":"category","embeddable":true,"href":"https:\/\/carpathiacenter.ro\/en\/wp-json\/wp\/v2\/categories?post=3655"},{"taxonomy":"post_tag","embeddable":true,"href":"https:\/\/carpathiacenter.ro\/en\/wp-json\/wp\/v2\/tags?post=3655"}],"curies":[{"name":"wp","href":"https:\/\/api.w.org\/{rel}","templated":true}]}}