{"id":3653,"date":"2026-01-15T08:51:51","date_gmt":"2026-01-15T08:51:51","guid":{"rendered":"https:\/\/carpathiacenter.ro\/?p=3653"},"modified":"2026-01-15T08:51:51","modified_gmt":"2026-01-15T08:51:51","slug":"gazele-s-au-scumpit-in-romania-peste-nivelul-din-piata-europeana-in-pragul-liberalizarii-pietei","status":"publish","type":"post","link":"https:\/\/carpathiacenter.ro\/en\/gazele-s-au-scumpit-in-romania-peste-nivelul-din-piata-europeana-in-pragul-liberalizarii-pietei\/","title":{"rendered":"Gazele s-au scumpit \u00een Rom\u00e2nia peste nivelul din pia\u021ba european\u0103, \u00een pragul liberaliz\u0103rii pie\u021bei"},"content":{"rendered":"<p><strong>Pre\u021bul gazelor la Bursa Rom\u00e2n\u0103 de M\u0103rfuri a crescut semnificativ \u00een ultima perioad\u0103, cu 35% fa\u021b\u0103 de primele zile ale anului, ajung\u00e2nd la niveluri peste cele din pia\u021ba european\u0103. Se \u00eent\u00e2mpl\u0103 \u00een special din cauza perioadei geroase pe care o traverseaz\u0103 Rom\u00e2nia. Pre\u021bul final pl\u0103tit de consumatori este plafonat, \u00eens\u0103 pia\u021ba se preg\u0103te\u0219te de liberalizare de la 1 aprilie.<\/strong><\/p>\n<p>Gerul din ultimele s\u0103pt\u0103m\u00e2ni a determinat cre\u0219terea consumului de gaze din Rom\u00e2nia, care a ajuns la cele mai \u00eenalte niveluri din ultimii ani. Spre exemplu, luni \u0219i mar\u021bi, \u021bara noastr\u0103 a consumat peste 58 de milioane de metru cubi pe zi. Niveluri mai ridicate au mai fost atinse \u00een 2018, \u00eens\u0103 atunci consumul industrial era mult mai mare dec\u00e2t acum.<\/p>\n<p>Consumul nu putut fi acoperit \u00een totalitate de produc\u021bia intern\u0103 \u0219i din depozite, astfel c\u0103\u00a0<a href=\"https:\/\/hotnews.ro\/romania-importa-cantitati-uriase-de-gaze-din-cauza-gerului-ministrul-energiei-a-convocat-comandamentul-energetic-national-2148195\">s-a apelat la importuri.<\/a>\u00a0Datele Transgaz, analizate de HotNews, ar\u0103tau c\u0103 joi la ora 8:00 Rom\u00e2nia consuma 7,5 milioane de metri cubi pe zi din import, la un consum de 55 milioane de mc\/zi.<\/p>\n<p>\u00cen acest context, \u0219i pre\u021burile la bursa de la Bucure\u0219ti au crescut cu 35% \u00een doar o s\u0103pt\u0103m\u00e2n\u0103, de 153 lei pe MWh pe 6 ianuarie, la 206 lei pe MWh (40 de euro) pe 13 ianuarie. Pentru ziua de joi, pre\u021bul a sc\u0103zut u\u0219or, p\u00e2n\u0103 la 198 de lei (38 de euro) pe MWh.<\/p>\n<p>\u00cen acela\u0219i timp, gazul se tranzac\u021bioneaz\u0103 cu 32 de euro pe MWh la bursa de la Amsterdam \u0219i cu 35 de euro pe MWh la Viena, acestea fiind pie\u021bele de referin\u021b\u0103 pentru pre\u021bul european al gazelor.<\/p>\n<div id=\"billboard3\" class=\"inserted-position billboard-3\"><\/div>\n<h2 class=\"wp-block-heading\">Ministerul Energiei are un plan B pentru liberalizarea de la 1 aprilie<\/h2>\n<p>Pre\u021bul gazelor pentru consumatorii din Rom\u00e2nia este plafonat \u00eenc\u0103 din 2022, urm\u00e2nd ca la 1 aprilie 2026 pia\u021ba s\u0103 fie liberalizat\u0103.<\/p>\n<p>S\u0103pt\u0103m\u00e2na trecut\u0103, ministrul Energiei, Bogdan Ivan, a anun\u021bat c\u0103 Guvernul lucreaz\u0103 la un plan B \u00een privin\u021ba liberaliz\u0103rii pie\u021bei gazelor, prev\u0103zut\u0103 pentru 1 aprilie 2026. Dac\u0103 pre\u021burile vor cre\u0219te mai mult dec\u00e2t plafonul care este \u00een prezent, se ia \u00een calcul un calendar de liberalizare treptat\u0103 care s\u0103 includ\u0103 \u0219i iarna 2026-2027.<\/p>\n<p>\u201eDin predic\u021biile pe care le avem, nu vedem o cre\u0219tere a pre\u021bului gazelor dup\u0103 31 martie 2026. Chiar \u0219i acum sunt operatori care furnizeaz\u0103 sub pre\u021bul plafonat de lege\u201d, a spus Ivan.<\/p>\n<div id=\"billboard4\" class=\"inserted-position billboard-4 mobile\"><\/div>\n<p>\u201eVrem s\u0103 ne asigur\u0103m c\u0103 \u00een cursul iernii viitoare (2006\/2027 \u2013 n.r.) nu vom avea perturba\u021bii \u0219i pre\u021buri m\u0103rite. Acum lucr\u0103m la acest scenariu, care ar trebui s\u0103 se \u00eentind\u0103 pentru o perioad\u0103 de un an, pentru c\u0103 pe noi ne intereseaz\u0103 sezonul rece c\u00e2nd avem un v\u00e2rf de consum, mai ales \u00een zona consumatorilor casnici. (Liberalizarea \u2013 n.r.) Se poate treptat, lunar, p\u00e2n\u0103 \u00een 2027, pentru \u00eentreaga pia\u021b\u0103\u201d, a continuat ministrul.<\/p>\n<p>Sursa articolului:  <a href=\"https:\/\/hotnews.ro\/gazele-s-au-scumpit-in-romania-peste-nivelul-din-piata-europeana-in-pragul-liberalizarii-pietei-2150306\" target=\"_blank\" rel=\"noopener\" title=\"\">HotNews<\/a><\/p>","protected":false},"excerpt":{"rendered":"<p>Pre\u021bul gazelor la Bursa Rom\u00e2n\u0103 de M\u0103rfuri a crescut semnificativ \u00een ultima perioad\u0103, cu 35% fa\u021b\u0103 de primele zile ale anului, ajung\u00e2nd la niveluri peste cele din pia\u021ba european\u0103. Se \u00eent\u00e2mpl\u0103 \u00een special din cauza perioadei geroase pe care o traverseaz\u0103 Rom\u00e2nia. Pre\u021bul final pl\u0103tit de consumatori este plafonat, \u00eens\u0103 pia\u021ba se preg\u0103te\u0219te de liberalizare&#8230;<\/p>","protected":false},"author":4,"featured_media":0,"comment_status":"open","ping_status":"open","sticky":false,"template":"","format":"standard","meta":{"footnotes":""},"categories":[1],"tags":[],"class_list":["post-3653","post","type-post","status-publish","format-standard","hentry","category-uncategorized"],"yoast_head":"<!-- This site is optimized with the Yoast SEO plugin v26.1.1 - https:\/\/yoast.com\/wordpress\/plugins\/seo\/ -->\n<title>Gazele s-au scumpit \u00een Rom\u00e2nia peste nivelul din pia\u021ba european\u0103, \u00een pragul liberaliz\u0103rii pie\u021bei - Carpathia Center Romania<\/title>\n<meta name=\"robots\" content=\"index, follow, max-snippet:-1, max-image-preview:large, max-video-preview:-1\" \/>\n<link rel=\"canonical\" href=\"https:\/\/carpathiacenter.ro\/en\/gazele-s-au-scumpit-in-romania-peste-nivelul-din-piata-europeana-in-pragul-liberalizarii-pietei\/\" \/>\n<meta property=\"og:locale\" content=\"en_GB\" \/>\n<meta property=\"og:type\" content=\"article\" \/>\n<meta property=\"og:title\" content=\"Gazele s-au scumpit \u00een Rom\u00e2nia peste nivelul din pia\u021ba european\u0103, \u00een pragul liberaliz\u0103rii pie\u021bei - Carpathia Center Romania\" \/>\n<meta property=\"og:description\" content=\"Pre\u021bul gazelor la Bursa Rom\u00e2n\u0103 de M\u0103rfuri a crescut semnificativ \u00een ultima perioad\u0103, cu 35% fa\u021b\u0103 de primele zile ale anului, ajung\u00e2nd la niveluri peste cele din pia\u021ba european\u0103. Se \u00eent\u00e2mpl\u0103 \u00een special din cauza perioadei geroase pe care o traverseaz\u0103 Rom\u00e2nia. Pre\u021bul final pl\u0103tit de consumatori este plafonat, \u00eens\u0103 pia\u021ba se preg\u0103te\u0219te de liberalizare...\" \/>\n<meta property=\"og:url\" content=\"https:\/\/carpathiacenter.ro\/en\/gazele-s-au-scumpit-in-romania-peste-nivelul-din-piata-europeana-in-pragul-liberalizarii-pietei\/\" \/>\n<meta property=\"og:site_name\" content=\"Carpathia Center Romania\" \/>\n<meta property=\"article:publisher\" content=\"https:\/\/www.facebook.com\/fdpscarpathia\/\" \/>\n<meta property=\"article:published_time\" content=\"2026-01-15T08:51:51+00:00\" \/>\n<meta name=\"author\" content=\"creativebitsolutions\" \/>\n<meta name=\"twitter:card\" content=\"summary_large_image\" \/>\n<meta name=\"twitter:label1\" content=\"Written by\" \/>\n\t<meta name=\"twitter:data1\" content=\"creativebitsolutions\" \/>\n\t<meta name=\"twitter:label2\" content=\"Estimated reading time\" \/>\n\t<meta name=\"twitter:data2\" content=\"3 minutes\" \/>\n<script type=\"application\/ld+json\" class=\"yoast-schema-graph\">{\"@context\":\"https:\/\/schema.org\",\"@graph\":[{\"@type\":\"Article\",\"@id\":\"https:\/\/carpathiacenter.ro\/gazele-s-au-scumpit-in-romania-peste-nivelul-din-piata-europeana-in-pragul-liberalizarii-pietei\/#article\",\"isPartOf\":{\"@id\":\"https:\/\/carpathiacenter.ro\/gazele-s-au-scumpit-in-romania-peste-nivelul-din-piata-europeana-in-pragul-liberalizarii-pietei\/\"},\"author\":{\"name\":\"creativebitsolutions\",\"@id\":\"https:\/\/carpathiacenter.ro\/#\/schema\/person\/03d9f58202fee8379268f34afa195006\"},\"headline\":\"Gazele s-au scumpit \u00een Rom\u00e2nia peste nivelul din pia\u021ba european\u0103, \u00een pragul liberaliz\u0103rii pie\u021bei\",\"datePublished\":\"2026-01-15T08:51:51+00:00\",\"mainEntityOfPage\":{\"@id\":\"https:\/\/carpathiacenter.ro\/gazele-s-au-scumpit-in-romania-peste-nivelul-din-piata-europeana-in-pragul-liberalizarii-pietei\/\"},\"wordCount\":505,\"commentCount\":0,\"publisher\":{\"@id\":\"https:\/\/carpathiacenter.ro\/#organization\"},\"articleSection\":[\"Uncategorized\"],\"inLanguage\":\"en-GB\",\"potentialAction\":[{\"@type\":\"CommentAction\",\"name\":\"Comment\",\"target\":[\"https:\/\/carpathiacenter.ro\/gazele-s-au-scumpit-in-romania-peste-nivelul-din-piata-europeana-in-pragul-liberalizarii-pietei\/#respond\"]}]},{\"@type\":\"WebPage\",\"@id\":\"https:\/\/carpathiacenter.ro\/gazele-s-au-scumpit-in-romania-peste-nivelul-din-piata-europeana-in-pragul-liberalizarii-pietei\/\",\"url\":\"https:\/\/carpathiacenter.ro\/gazele-s-au-scumpit-in-romania-peste-nivelul-din-piata-europeana-in-pragul-liberalizarii-pietei\/\",\"name\":\"Gazele s-au scumpit \u00een Rom\u00e2nia peste nivelul din pia\u021ba european\u0103, \u00een pragul liberaliz\u0103rii pie\u021bei - Carpathia Center Romania\",\"isPartOf\":{\"@id\":\"https:\/\/carpathiacenter.ro\/#website\"},\"datePublished\":\"2026-01-15T08:51:51+00:00\",\"breadcrumb\":{\"@id\":\"https:\/\/carpathiacenter.ro\/gazele-s-au-scumpit-in-romania-peste-nivelul-din-piata-europeana-in-pragul-liberalizarii-pietei\/#breadcrumb\"},\"inLanguage\":\"en-GB\",\"potentialAction\":[{\"@type\":\"ReadAction\",\"target\":[\"https:\/\/carpathiacenter.ro\/gazele-s-au-scumpit-in-romania-peste-nivelul-din-piata-europeana-in-pragul-liberalizarii-pietei\/\"]}]},{\"@type\":\"BreadcrumbList\",\"@id\":\"https:\/\/carpathiacenter.ro\/gazele-s-au-scumpit-in-romania-peste-nivelul-din-piata-europeana-in-pragul-liberalizarii-pietei\/#breadcrumb\",\"itemListElement\":[{\"@type\":\"ListItem\",\"position\":1,\"name\":\"Prima pagin\u0103\",\"item\":\"https:\/\/carpathiacenter.ro\/\"},{\"@type\":\"ListItem\",\"position\":2,\"name\":\"Gazele s-au scumpit \u00een Rom\u00e2nia peste nivelul din pia\u021ba european\u0103, \u00een pragul liberaliz\u0103rii pie\u021bei\"}]},{\"@type\":\"WebSite\",\"@id\":\"https:\/\/carpathiacenter.ro\/#website\",\"url\":\"https:\/\/carpathiacenter.ro\/\",\"name\":\"Carpathia Center Romania\",\"description\":\"Impossible made possible!\",\"publisher\":{\"@id\":\"https:\/\/carpathiacenter.ro\/#organization\"},\"potentialAction\":[{\"@type\":\"SearchAction\",\"target\":{\"@type\":\"EntryPoint\",\"urlTemplate\":\"https:\/\/carpathiacenter.ro\/?s={search_term_string}\"},\"query-input\":{\"@type\":\"PropertyValueSpecification\",\"valueRequired\":true,\"valueName\":\"search_term_string\"}}],\"inLanguage\":\"en-GB\"},{\"@type\":\"Organization\",\"@id\":\"https:\/\/carpathiacenter.ro\/#organization\",\"name\":\"Carpathia Center Romania\",\"url\":\"https:\/\/carpathiacenter.ro\/\",\"logo\":{\"@type\":\"ImageObject\",\"inLanguage\":\"en-GB\",\"@id\":\"https:\/\/carpathiacenter.ro\/#\/schema\/logo\/image\/\",\"url\":\"https:\/\/carpathiacenter.ro\/wp-content\/uploads\/2024\/07\/logo-carpathia_bg_white-1024x941.png\",\"contentUrl\":\"https:\/\/carpathiacenter.ro\/wp-content\/uploads\/2024\/07\/logo-carpathia_bg_white-1024x941.png\",\"width\":1024,\"height\":941,\"caption\":\"Carpathia Center Romania\"},\"image\":{\"@id\":\"https:\/\/carpathiacenter.ro\/#\/schema\/logo\/image\/\"},\"sameAs\":[\"https:\/\/www.facebook.com\/fdpscarpathia\/\"]},{\"@type\":\"Person\",\"@id\":\"https:\/\/carpathiacenter.ro\/#\/schema\/person\/03d9f58202fee8379268f34afa195006\",\"name\":\"creativebitsolutions\",\"image\":{\"@type\":\"ImageObject\",\"inLanguage\":\"en-GB\",\"@id\":\"https:\/\/carpathiacenter.ro\/#\/schema\/person\/image\/\",\"url\":\"https:\/\/secure.gravatar.com\/avatar\/1b1a13e37f847c635dab78348f1dff2f07651ee2a3d77a5c355a4b8c75f9165a?s=96&d=mm&r=g\",\"contentUrl\":\"https:\/\/secure.gravatar.com\/avatar\/1b1a13e37f847c635dab78348f1dff2f07651ee2a3d77a5c355a4b8c75f9165a?s=96&d=mm&r=g\",\"caption\":\"creativebitsolutions\"},\"url\":\"https:\/\/carpathiacenter.ro\/en\/author\/creativebitsolutions\/\"}]}<\/script>\n<!-- \/ Yoast SEO plugin. -->","yoast_head_json":{"title":"Gazele s-au scumpit \u00een Rom\u00e2nia peste nivelul din pia\u021ba european\u0103, \u00een pragul liberaliz\u0103rii pie\u021bei - Carpathia Center Romania","robots":{"index":"index","follow":"follow","max-snippet":"max-snippet:-1","max-image-preview":"max-image-preview:large","max-video-preview":"max-video-preview:-1"},"canonical":"https:\/\/carpathiacenter.ro\/en\/gazele-s-au-scumpit-in-romania-peste-nivelul-din-piata-europeana-in-pragul-liberalizarii-pietei\/","og_locale":"en_GB","og_type":"article","og_title":"Gazele s-au scumpit \u00een Rom\u00e2nia peste nivelul din pia\u021ba european\u0103, \u00een pragul liberaliz\u0103rii pie\u021bei - Carpathia Center Romania","og_description":"Pre\u021bul gazelor la Bursa Rom\u00e2n\u0103 de M\u0103rfuri a crescut semnificativ \u00een ultima perioad\u0103, cu 35% fa\u021b\u0103 de primele zile ale anului, ajung\u00e2nd la niveluri peste cele din pia\u021ba european\u0103. Se \u00eent\u00e2mpl\u0103 \u00een special din cauza perioadei geroase pe care o traverseaz\u0103 Rom\u00e2nia. Pre\u021bul final pl\u0103tit de consumatori este plafonat, \u00eens\u0103 pia\u021ba se preg\u0103te\u0219te de liberalizare...","og_url":"https:\/\/carpathiacenter.ro\/en\/gazele-s-au-scumpit-in-romania-peste-nivelul-din-piata-europeana-in-pragul-liberalizarii-pietei\/","og_site_name":"Carpathia Center Romania","article_publisher":"https:\/\/www.facebook.com\/fdpscarpathia\/","article_published_time":"2026-01-15T08:51:51+00:00","author":"creativebitsolutions","twitter_card":"summary_large_image","twitter_misc":{"Written by":"creativebitsolutions","Estimated reading time":"3 minutes"},"schema":{"@context":"https:\/\/schema.org","@graph":[{"@type":"Article","@id":"https:\/\/carpathiacenter.ro\/gazele-s-au-scumpit-in-romania-peste-nivelul-din-piata-europeana-in-pragul-liberalizarii-pietei\/#article","isPartOf":{"@id":"https:\/\/carpathiacenter.ro\/gazele-s-au-scumpit-in-romania-peste-nivelul-din-piata-europeana-in-pragul-liberalizarii-pietei\/"},"author":{"name":"creativebitsolutions","@id":"https:\/\/carpathiacenter.ro\/#\/schema\/person\/03d9f58202fee8379268f34afa195006"},"headline":"Gazele s-au scumpit \u00een Rom\u00e2nia peste nivelul din pia\u021ba european\u0103, \u00een pragul liberaliz\u0103rii pie\u021bei","datePublished":"2026-01-15T08:51:51+00:00","mainEntityOfPage":{"@id":"https:\/\/carpathiacenter.ro\/gazele-s-au-scumpit-in-romania-peste-nivelul-din-piata-europeana-in-pragul-liberalizarii-pietei\/"},"wordCount":505,"commentCount":0,"publisher":{"@id":"https:\/\/carpathiacenter.ro\/#organization"},"articleSection":["Uncategorized"],"inLanguage":"en-GB","potentialAction":[{"@type":"CommentAction","name":"Comment","target":["https:\/\/carpathiacenter.ro\/gazele-s-au-scumpit-in-romania-peste-nivelul-din-piata-europeana-in-pragul-liberalizarii-pietei\/#respond"]}]},{"@type":"WebPage","@id":"https:\/\/carpathiacenter.ro\/gazele-s-au-scumpit-in-romania-peste-nivelul-din-piata-europeana-in-pragul-liberalizarii-pietei\/","url":"https:\/\/carpathiacenter.ro\/gazele-s-au-scumpit-in-romania-peste-nivelul-din-piata-europeana-in-pragul-liberalizarii-pietei\/","name":"Gazele s-au scumpit \u00een Rom\u00e2nia peste nivelul din pia\u021ba european\u0103, \u00een pragul liberaliz\u0103rii pie\u021bei - Carpathia Center Romania","isPartOf":{"@id":"https:\/\/carpathiacenter.ro\/#website"},"datePublished":"2026-01-15T08:51:51+00:00","breadcrumb":{"@id":"https:\/\/carpathiacenter.ro\/gazele-s-au-scumpit-in-romania-peste-nivelul-din-piata-europeana-in-pragul-liberalizarii-pietei\/#breadcrumb"},"inLanguage":"en-GB","potentialAction":[{"@type":"ReadAction","target":["https:\/\/carpathiacenter.ro\/gazele-s-au-scumpit-in-romania-peste-nivelul-din-piata-europeana-in-pragul-liberalizarii-pietei\/"]}]},{"@type":"BreadcrumbList","@id":"https:\/\/carpathiacenter.ro\/gazele-s-au-scumpit-in-romania-peste-nivelul-din-piata-europeana-in-pragul-liberalizarii-pietei\/#breadcrumb","itemListElement":[{"@type":"ListItem","position":1,"name":"Prima pagin\u0103","item":"https:\/\/carpathiacenter.ro\/"},{"@type":"ListItem","position":2,"name":"Gazele s-au scumpit \u00een Rom\u00e2nia peste nivelul din pia\u021ba european\u0103, \u00een pragul liberaliz\u0103rii pie\u021bei"}]},{"@type":"WebSite","@id":"https:\/\/carpathiacenter.ro\/#website","url":"https:\/\/carpathiacenter.ro\/","name":"Carpathia Center Romania","description":"Impossible made possible!","publisher":{"@id":"https:\/\/carpathiacenter.ro\/#organization"},"potentialAction":[{"@type":"SearchAction","target":{"@type":"EntryPoint","urlTemplate":"https:\/\/carpathiacenter.ro\/?s={search_term_string}"},"query-input":{"@type":"PropertyValueSpecification","valueRequired":true,"valueName":"search_term_string"}}],"inLanguage":"en-GB"},{"@type":"Organization","@id":"https:\/\/carpathiacenter.ro\/#organization","name":"Carpathia Center Romania","url":"https:\/\/carpathiacenter.ro\/","logo":{"@type":"ImageObject","inLanguage":"en-GB","@id":"https:\/\/carpathiacenter.ro\/#\/schema\/logo\/image\/","url":"https:\/\/carpathiacenter.ro\/wp-content\/uploads\/2024\/07\/logo-carpathia_bg_white-1024x941.png","contentUrl":"https:\/\/carpathiacenter.ro\/wp-content\/uploads\/2024\/07\/logo-carpathia_bg_white-1024x941.png","width":1024,"height":941,"caption":"Carpathia Center Romania"},"image":{"@id":"https:\/\/carpathiacenter.ro\/#\/schema\/logo\/image\/"},"sameAs":["https:\/\/www.facebook.com\/fdpscarpathia\/"]},{"@type":"Person","@id":"https:\/\/carpathiacenter.ro\/#\/schema\/person\/03d9f58202fee8379268f34afa195006","name":"creativebitsolutions","image":{"@type":"ImageObject","inLanguage":"en-GB","@id":"https:\/\/carpathiacenter.ro\/#\/schema\/person\/image\/","url":"https:\/\/secure.gravatar.com\/avatar\/1b1a13e37f847c635dab78348f1dff2f07651ee2a3d77a5c355a4b8c75f9165a?s=96&d=mm&r=g","contentUrl":"https:\/\/secure.gravatar.com\/avatar\/1b1a13e37f847c635dab78348f1dff2f07651ee2a3d77a5c355a4b8c75f9165a?s=96&d=mm&r=g","caption":"creativebitsolutions"},"url":"https:\/\/carpathiacenter.ro\/en\/author\/creativebitsolutions\/"}]}},"_links":{"self":[{"href":"https:\/\/carpathiacenter.ro\/en\/wp-json\/wp\/v2\/posts\/3653","targetHints":{"allow":["GET"]}}],"collection":[{"href":"https:\/\/carpathiacenter.ro\/en\/wp-json\/wp\/v2\/posts"}],"about":[{"href":"https:\/\/carpathiacenter.ro\/en\/wp-json\/wp\/v2\/types\/post"}],"author":[{"embeddable":true,"href":"https:\/\/carpathiacenter.ro\/en\/wp-json\/wp\/v2\/users\/4"}],"replies":[{"embeddable":true,"href":"https:\/\/carpathiacenter.ro\/en\/wp-json\/wp\/v2\/comments?post=3653"}],"version-history":[{"count":1,"href":"https:\/\/carpathiacenter.ro\/en\/wp-json\/wp\/v2\/posts\/3653\/revisions"}],"predecessor-version":[{"id":3654,"href":"https:\/\/carpathiacenter.ro\/en\/wp-json\/wp\/v2\/posts\/3653\/revisions\/3654"}],"wp:attachment":[{"href":"https:\/\/carpathiacenter.ro\/en\/wp-json\/wp\/v2\/media?parent=3653"}],"wp:term":[{"taxonomy":"category","embeddable":true,"href":"https:\/\/carpathiacenter.ro\/en\/wp-json\/wp\/v2\/categories?post=3653"},{"taxonomy":"post_tag","embeddable":true,"href":"https:\/\/carpathiacenter.ro\/en\/wp-json\/wp\/v2\/tags?post=3653"}],"curies":[{"name":"wp","href":"https:\/\/api.w.org\/{rel}","templated":true}]}}