{"id":3651,"date":"2026-01-15T08:49:41","date_gmt":"2026-01-15T08:49:41","guid":{"rendered":"https:\/\/carpathiacenter.ro\/?p=3651"},"modified":"2026-01-15T08:49:41","modified_gmt":"2026-01-15T08:49:41","slug":"700-800-de-fugari-romani-sunt-prinsi-anual-si-adusi-in-tara-politia-le-deschide-procese-sa-recupereze-cheltuielile-mari-ale-capturarii-lor-cine-se-mai-afla-pe-lista-fugarilor-celebri","status":"publish","type":"post","link":"https:\/\/carpathiacenter.ro\/en\/700-800-de-fugari-romani-sunt-prinsi-anual-si-adusi-in-tara-politia-le-deschide-procese-sa-recupereze-cheltuielile-mari-ale-capturarii-lor-cine-se-mai-afla-pe-lista-fugarilor-celebri\/","title":{"rendered":"700-800 de fugari rom\u00e2ni sunt prin\u0219i anual \u0219i adu\u0219i \u00een \u021bar\u0103. Poli\u021bia le deschide procese s\u0103 recupereze cheltuielile mari ale captur\u0103rii lor. Cine se mai afl\u0103 pe lista fugarilor celebri"},"content":{"rendered":"<p><strong>Peste 2 milioane de euro a cheltuit anul trecut Inspectoratul General al Poli\u021biei Rom\u00e2ne (IGPR) pentru aducerea \u00een \u021bar\u0103 a persoanelor care se sustr\u0103geau urm\u0103ririi penale sau execut\u0103rii unor pedepse, potrivit datelor comunicate la solicitarea HotNews. Pentru recuperarea banilor, Poli\u021bia Rom\u00e2n\u0103 i-a dat \u00een judecat\u0103 pe fugari. \u00cen toamna anului 2024 a intrat \u00een vigoare o lege care permite statului s\u0103 se \u00eendrepte \u00eempotriva fugarilor pentru a-\u0219i recupera cheltuielile.\u00a0<\/strong><\/p>\n<ul class=\"wp-block-list\">\n<li>11 condamna\u021bi celebri se afl\u0103 pe lista marilor fugari care se sustrag execut\u0103rii pedepselor, conform datelor comunicate HotNews de Ministerul Justi\u021biei. Num\u0103rul este la jum\u0103tate fa\u021b\u0103 de lista pe care institu\u021bia a f\u0103cut-o public\u0103 pentru prima dat\u0103 \u00een 2022, pentru c\u0103 la ceilal\u021bi s-a anulat condamnarea.<\/li>\n<\/ul>\n<p>\u00cen anul 2025, Poli\u021bia Rom\u00e2n\u0103 a cheltuit 10 milioane de lei pentru aducerea \u00een \u021bar\u0103 a persoanelor care s-au sustras de la urm\u0103rirea penal\u0103, de la judecat\u0103 sau de la executarea pedepselor, potrivit datelor comunicate de IGPR la solicitarea HotNews.<\/p>\n<div id=\"billboard2\" class=\"inserted-position billboard-2\"><\/div>\n<p>Cele mai mari costuri au fost reprezentate de contravaloarea biletelor de avion pentru poli\u021bi\u0219ti \u0219i persoanele extr\u0103date: 8,3 milioane lei.<\/p>\n<p>Pe l\u00e2ng\u0103 aceste sume, Poli\u021bia Rom\u00e2n\u0103 a cheltuit 477.797 lei diurn\u0103 pentru poli\u021bi\u0219ti, 1.216.757 lei pentru cazare \u0219i 155.304 lei cheltuieli cu transportul intern,<\/p>\n<p>Costurile se men\u021bin la nivelul anilor preceden\u021bi, la fel \u0219i num\u0103rul fugarilor adu\u0219i \u00een \u021bar\u0103.<\/p>\n<div id=\"billboard3\" class=\"inserted-position billboard-3\"><\/div>\n<h2 class=\"wp-block-heading\"><strong>Legea recuper\u0103rii banilor cheltui\u021bi cu prinderea<\/strong><\/h2>\n<p>Av\u00e2nd \u00een vedere costurile ridicate pe care statul le cheltuie cu aducerea \u00een \u021bar\u0103 a fugarilor, \u00een urm\u0103 cu doi ani, Ministerul Justi\u021biei, condus atunci de Alina Gorghiu, a ini\u021biat un proiect de lege privind recuperarea cheltuielilor de la fugari.<\/p>\n<p>Legea a vigoare \u00een toamna anului 2024 \u0219i are \u00een vedere dou\u0103 ipoteze. cazul \u00een care fugarul se sustrage de la urm\u0103rirea penal\u0103 sau judecat\u0103, cheltuielile f\u0103cute de stat pentru aducerea lui \u00een \u021bar\u0103 urmeaz\u0103 s\u0103 fie avute \u00een vedere la stabilirea cheltuielilor judiciare.<\/p>\n<p>\u00cen cazul \u00een care fugarul reu\u0219e\u0219te s\u0103 fug\u0103 din \u021bar\u0103 dup\u0103 ce este condamnat definitiv, cheltuielile f\u0103cute de stat pentru aducerea lui \u00een Rom\u00e2nia urmeaz\u0103 s\u0103 fie recuperate printr-o ac\u021biune \u00een instan\u021ba civil\u0103, titularul ac\u021biunii fiind ministerul care a f\u0103cut cheltuielile.<\/p>\n<div id=\"billboard4\" class=\"inserted-position billboard-4 mobile\"><\/div>\n<h2 class=\"wp-block-heading\"><strong>548 de ac\u021biuni \u00een instan\u021b\u0103 pe an: 6 milioane de lei s-au recuperat<\/strong><\/h2>\n<p>IGPR a comunicat HotNews c\u0103 anul trecut \u201ePoli\u021bia Rom\u00e2n\u0103 a formulat 548 de ac\u021biuni \u00een instan\u021b\u0103 \u00eempotriva persoanelor solicitate, extr\u0103date sau extr\u0103dabile, pentru recuperarea sumelor ocazionate de aducerea acestora \u00een \u021bar\u0103, cuantumul total al sumelor recuperate fiind de 6.871.373,2 lei\u201d.<\/p>\n<p>Ac\u021biunile deschise de IGPR \u00een instan\u021b\u0103, solu\u021bionate p\u00e2n\u0103 \u00een prezent, au fost admise, potrivit datelor centralizate de pe portalul instan\u021belor de judecat\u0103.<\/p>\n<p>Au fost \u0219i situa\u021bii \u00een care fugarii da\u021bi \u00een judecat\u0103 au achitat cheltuielile de bun\u0103 voie, instan\u021bele lu\u00e2nd act de efectuarea pl\u0103\u021bii.<\/p>\n<p>Ultimul astfel de caz s-a \u00eenregistrat la sf\u00e2r\u0219itul anului \u00een jude\u021bul Gala\u021bi, unde un b\u0103rbat a achitat 12.000 de lei Poli\u021biei Rom\u00e2ne, bani cheltui\u021bi pentru aducerea sa \u00een \u021bar\u0103 din Marea Britanie. Acesta se sustr\u0103gea execut\u0103rii unei condamn\u0103ri \u00eentr-un dosar de trafic de droguri, potrivit hot\u0103r\u00e2rii Judec\u0103toriei Lie\u0219ti, prin care s-a luat act de efectuarea pl\u0103\u021bii de c\u0103tre fugar.<\/p>\n<div id=\"billboard5\" class=\"inserted-position billboard-5 mobile\"><\/div>\n<h2 class=\"wp-block-heading\"><strong>Aducerea unui fugar din Buenos Aires a costat aproape 8.000 de euro<\/strong><\/h2>\n<p>Pentru aducerea \u00een \u021bar\u0103 a unui fugar dintr-o \u021bar\u0103 european\u0103, costurile medii sunt cuprinse \u00eentre 10.000 \u0219i 12.000 de lei. Costurile cele mai ridicate sunt \u00eenregistrate \u00een cazul misiunilor pe alte continente.<\/p>\n<p>\u00cen 2024, cele mai scumpe deplas\u0103ri pentru aducerea \u00een \u021bar\u0103 a unor fugari au avut ca destina\u021bie Buenos Aires, Argentina- 7.925 euro \u0219i Baku, Azerdbadjian (8.240 euro), potrivit datelor IGPR.<\/p>\n<p>\u00cen 2024, p\u00e2n\u0103 \u00een luna noiembrie 682 de fugari au fost adu\u0219i \u00een \u021bar\u0103, a transmis Ministerul Justi\u021biei. Except\u00e2nd gruparea lui Hora\u021biu Potra, niciun alt nume de pe lista fugarilor celebri nu a fost adus \u00een \u021bar\u0103.<\/p>\n<div id=\"billboard6\" class=\"inserted-position billboard-6 mobile\"><\/div>\n<h2 class=\"wp-block-heading\"><strong>Doi fugari celebri adu\u0219i \u00een \u021bar\u0103 \u00een ultimii trei ani<\/strong><\/h2>\n<p>\u00cen 2022, Ministerul Justi\u021biei din Rom\u00e2nia a f\u0103cut public\u0103 pentru prima dat\u0103 lista marilor fugari- inculpa\u021bi \u0219i condamna\u021bi celebri care s-au stabilit \u00een alte \u021b\u0103ri \u00eenainte ca instan\u021bele na\u021bionale s\u0103 emit\u0103 pe numele lor mandate de arestare sau de executare a pedepselor. 23 de persoane cu notorietate se aflau atunci \u00een eviden\u021bele institu\u021biei, iar oficialii anun\u021bau c\u0103 procedurile privind extr\u0103darea sunt \u00een curs pentru toate acestea.<\/p>\n<p>La trei ani distan\u021b\u0103, pe lista marilor fugari au mai r\u0103mas 11 persoane, de\u0219i \u00een \u021bar\u0103 nu au fost adu\u0219i dec\u00e2t doi condamna\u021bi celebri:\u00a0 Cristian Rizea, extr\u0103dat din Republica Moldova, \u0219i fostul primar de Slatina, Minel Prina, adus din Italia.\u00a0 Rizea fugise \u00een Moldova \u00eenainte de a fi condamnat la 4 ani \u0219i 8 luni de \u00eenchisoare \u00eentr-un dosar de trafic de influen\u021b\u0103 \u0219i sp\u0103lare de bani, iar fost edil de Slatina se sustr\u0103gea unei pedepse de 4 ani \u0219i 6 luni \u00eenchisoare primite \u00eentr-un dosar de corup\u021bie \u00een care a fost condamnat \u0219i ministru al Finan\u021belor, Darius V\u00e2lcov.<\/p>\n<h2 class=\"wp-block-heading\"><strong>Cine sunt cei care au ie\u0219it de pe lista fugarilor celebri<\/strong><\/h2>\n<p>Fosta \u0219ef\u0103 DIICOT, Alina Bica, \u0219i o serie de oameni de afaceri celebri condamna\u021bi \u00een dosare de corup\u021bie nu se mai reg\u0103sesc pe lista marilor fugari a Ministerului Justi\u021biei din 2022, potrivit r\u0103spunsului comunicat HotNews. Mandatele europene de arestare emise pe numele lor au fost revocate \u00een urma unor decizii ale instan\u021belor din Rom\u00e2nia.<\/p>\n<p><strong>Alina Bica<\/strong><\/p>\n<p>\u00cen 3 octombrie, anul curent, Curtea de Apel Bucure\u0219ti (CAB) a decis, printr-o decizie definitiv\u0103, retragerea mandatului european de executare a pedepsei cu \u00eenchisoarea \u0219i a mandatului european de arestare care fuseser\u0103 emise pe numele fostei \u0219efe DIICOT, Alina Bica.<\/p>\n<p>Judec\u0103torii CAB au stabilit c\u0103 Bica a executat integral pedeapsa de 4 ani primit\u0103 \u00een 2019 \u00eentr-un dosar privind favorizarea omului de afaceri Ovidiu Tender. Mandatul de executare a pedepsei emis pe numele ei nu a fost niciodat\u0103 pus \u00een executare. Bica a fost dat\u0103 \u00een urm\u0103rire interna\u021bional\u0103 \u0219i a fost re\u021binut\u0103 \u00een iulie 2020 \u00een Italia.\u00a0 Autorit\u0103\u021bile italiene au refuzat predarea sa.<\/p>\n<p>\u00cen prezent, Alina Bica a revenit \u00een spa\u021biul public, oferind sfaturi juridice pe re\u021belele de socializare.<\/p>\n<p><strong>Puiu Popoviciu<\/strong><\/p>\n<p>Considerat unul dintre cei mai boga\u021bi rom\u00e2ni, omul de afaceri Gabriel Aurel Popoviciu, cunoscut drept Puiu Popoviciu, a fost condamnat \u00een 2017, la 7 ani de \u00eenchisoare pentru complicitate la abuz \u00een serviciu \u00een form\u0103 calificat\u0103 \u015fi pentru dare de mit\u0103 \u00een dosarul privind retroced\u0103rile din \u201eFerma B\u0103neasa\u201d.<\/p>\n<div id=\"billboard8\" class=\"inserted-position billboard-8 mobile\"><\/div>\n<p>Popoviciu s-a stabilit \u00een Marea Britanie, unde autorit\u0103\u021bile au refuzat predarea sa.<\/p>\n<p>\u00cen ianuarie 2025, Instan\u021ba Suprem\u0103 din Rom\u00e2nia a anulat condamnarea de 7 ani, dup\u0103 ce a admis calea extraordinar\u0103 de atac exercitat\u0103 de Puiu Popoviciu.<\/p>\n<p><strong>Drago\u0219 S\u0103vulescu<\/strong><\/p>\n<p>Fost ac\u021bionar al clubului Dinamo, omul de afaceri Drago\u0219 S\u0103vulescu nu se mai afl\u0103 nici el pe lista marilor fugari dup\u0103 ce a ob\u021binut o decizie similar\u0103 cu a fostei \u0219efe DIICOT.<\/p>\n<p>\u00cen februarie, anul curent, \u00cenalta Curte de Casa\u021bie \u0219i Justi\u021bie a admis contesta\u021bia la executare depus\u0103 de S\u0103vulescu \u0219i a anulat definitiv mandatul european de arestare emis pe numele lui, ca urmare a recunoa\u0219terii execut\u0103rii pedepsei \u00een Italia.<\/p>\n<div id=\"billboard9\" class=\"inserted-position billboard-9 mobile\"><\/div>\n<p>Autorit\u0103\u021bile italiene au refuzat predarea, hot\u0103r\u00e2nd executarea \u0219i adaptarea pedepsei conform legisla\u021biei italiene.<\/p>\n<p><strong>Alexander Bogdan Adamescu<\/strong><\/p>\n<p>\u00cen 2016, Curtea de Apel Bucure\u0219ti a emis un mandat de arestare \u00eempotriva lui Alexander Bogdan Adamescu, fiul omului de afaceri Dan Adamescu, \u00eentr-un dosar \u00een care era acuzat de mituirea unor judec\u0103tori.<\/p>\n<p>Autorit\u0103\u021bile din Marea Britanie, acolo unde se stabilise Alexander Bogdan Adamescu, au refuzat predarea sa.<\/p>\n<p>\u00cen august 2024, Curtea de Apel Bucure\u0219ti a revocat definitiv mandatul de arestare emis pe numele lui Adamescu. Decizia a fost luat\u0103 dup\u0103 ce \u00een februarie 2024, un judec\u0103tor de la Tribunalul Bucure\u015fti\u00a0<a href=\"https:\/\/hotnews.ro\/tribunalul-bucuresti-anuleaza-tot-dosarul-de-coruptie-n-care-era-judecat-alexander-adamescu-14475\">a dispus anularea<\/a>\u00a0tuturor probelor str\u00e2nse de procurorii DNA\u00a0 \u0219i a decis restituirea dosarului la parchet.<\/p>\n<p><strong>Ioan Neculaie<\/strong><\/p>\n<p>Fostul patron al FC Bra\u0219ov, omul de afaceri Ioan Neculaie nu se mai afl\u0103 nici el pe lista marilor fugari.<\/p>\n<p>\u00cen ianuarie 2022, omul de afaceri din Bra\u0219ov a fost condamnat la doi ani \u015fi dou\u0103 luni de \u00eenchisoare pentru nerespectarea regimului armelor \u015fi muni\u0163iilor. Neculaie a fost acuzat de procurori c\u0103 a tras cu arma \u00een ro\u021biile propriei ma\u0219ini, \u00een 2017, sup\u0103rat pentru c\u0103 f\u0103cuse pan\u0103 chiar \u00eenainte de a pleca la o partid\u0103 de v\u00e2n\u0103toare. El a fugit din \u021bar\u0103, schimb\u00e2ndu-\u0219i \u00eenf\u0103\u021bi\u0219area \u00een speran\u021ba c\u0103 nu va mai putea fi recunoscut. Omul de afaceri s-a operat la fa\u021b\u0103, \u0219i-a vopsit p\u0103rul \u0219i barba. A fost prins \u00een Grecia la o s\u0103pt\u0103m\u00e2n\u0103 dup\u0103 pronun\u021barea sentin\u021bei din Rom\u00e2nia.<\/p>\n<p>\u00cen decembrie 2022, Neculaie a ob\u021binut anularea condamn\u0103rii \u00een urma unei c\u0103i ecxtraordinare de atac. Curtea de Apel Bra\u0219ov i-a admis o contesta\u021bie \u00een anulare, invoc\u00e2nd c\u0103 a intervenit prescrip\u021bia.<\/p>\n<p><strong>Shmuel Sorin Beraru (Bar Or)<\/strong><\/p>\n<p>Timp de peste 20 de ani autorit\u0103\u021bile rom\u00e2ne au cerut extr\u0103darea din Israel a omului de afaceri Sorin Beraru, care \u0219i-a schimbat identitarea\u00a0 identitatea \u00een Shmuel Bar Or. Condamnat la 5 ani de \u00eenchisoare pentru sp\u0103lare de bani \u00een dosarul privatiz\u0103rii CICO S.A., omul de afaceri a ob\u021binut protec\u021bia statului israelial. Autorit\u0103\u021bile din Tel Aviv au refuzat predarea lui pe motiv c\u0103 nu este \u00eendeplinit\u0103 condi\u021bia esen\u021bial\u0103 a dublei incrimin\u0103ri.<\/p>\n<p>Ministerul Justi\u021biei a anun\u021bat c\u0103, \u00een prezent,<strong>\u00a0<\/strong>Shmuel Sorin Beraru (Bar Or) nu se afl\u0103 pe lista de urm\u0103ri\u021bi interna\u021bional.<\/p>\n<p><strong>Marko Attilo Gabor<\/strong><\/p>\n<p>Din 2015 \u0219i p\u00e2n\u0103 \u00een 2022, deputatul UDMR Marko Attilo Gabor s-a aflat pe lista \u201eMost wanted\u201d a fugarilor c\u0103uta\u021bi de Poli\u021bia Rom\u00e2n\u0103.\u00a0Vizat de mai multe dosare DNA, Marko Attilo Gabor a ob\u021binut achitarea la \u00cenalta Curte de Casa\u021bie \u0219i Justi\u021bie care, \u00een septembrie 2022, \u00eentr-un dosar privind desp\u0103gubirile dispuse de Autoritatea Na\u021bional\u0103 pentru Restituirea Propriet\u0103\u021bilor. Odat\u0103 cu pronun\u021barea sentin\u021bei definitive a constatat ca \u00eencetat\u0103 de drept m\u0103sura arest\u0103rii preventive \u0219i a dispus retragerea formelor de executare.<\/p>\n<p>\u00cen 2023, Marko Attilo Gabor a revenit \u00een Rom\u00e2nia, iar \u00een 2024 a fost ales din nou\u00a0<a href=\"https:\/\/www.cdep.ro\/pls\/parlam\/structura2015.mp?idm=180&amp;leg=2024&amp;cam=2\" target=\"_blank\" rel=\"noopener\">deputat<\/a>\u00a0pe listele UDMR.<\/p>\n<h2 class=\"wp-block-heading\"><strong>Execut\u0103rile preluate de Italia, \u021bara preferat\u0103 a fugarilor<\/strong><\/h2>\n<p>\u00cen cazul mai multor fugari celebri, Italia- \u021bara \u00een care s-au stabilit cei mai mul\u021bi dintre condamna\u021bii cu notorietate- a refuzat predarea acestora, solicit\u00e2nd preluarea execut\u0103rii pedepselor pe teritoriul italian. Potrivit procedurilor, condamn\u0103rile dispuse de instan\u021bele rom\u00e2ne\u0219ti sunt adaptate confom legisla\u021biei italiene.<\/p>\n<p>Pe lista fugarilor pentru care Italia a solicitat executarea pedepselor pe teritoriul italian:<\/p>\n<ul class=\"wp-block-list\">\n<li><strong>Gabriel Sorin Strutinsky<\/strong>, partener de afaceri a fostului primar de Constan\u021ba, Radu Maz\u0103re.<\/li>\n<\/ul>\n<p>Condamnat definitiv luni la 10 ani \u0219i 8 luni de \u00eenchisoare pentru fapte de corup\u021bie, Struntinsky, s-a stabilit \u00een Italia, unde autorit\u0103\u021bile au refuzat extr\u0103darea sa,<\/p>\n<p>\u201eExecutarea pedepsei a fost preluat\u0103 de autorit\u0103\u021bile italiene\u201d, au precizat oficialii Ministerului Justi\u021biei.<\/p>\n<ul class=\"wp-block-list\">\n<li><strong>Romeo Albu,<\/strong>\u00a0om de afaceri condamnat \u00een dosarul fostului primar al Capitalei Sorin Oprescu<\/li>\n<\/ul>\n<p>\u0218ase ani de \u00eenchisoare a fost pedeapsa primit\u0103 de afaceristul Bogdan Albu \u00een dosarul \u00een care a fost vizat \u0219i fostul primar de Bucure\u0219ti, Sorin Oprescu, la r\u00e2ndu-i pe lista marilor fugari. O instan\u021b\u0103 din Napoi s-a opus extr\u0103d\u0103rii afaceristului rom\u00e2n. Autorit\u0103\u021bile italiene au decis preluarea execut\u0103rii pedepsei.<\/p>\n<ul class=\"wp-block-list\">\n<li><strong>Cornel Popa,<\/strong>\u00a0fost director \u00een Prim\u0103ria Bucure\u0219ti<\/li>\n<\/ul>\n<p>Fost director al Administra\u021biei Cimitirelor din cadrul Prim\u0103riei Bucure\u0219ti \u0219i na\u0219 al omului de afaceri Romeo Albu, Cornel Popa a fost condamnat la 11 ani \u0219i 6 luni de \u00eenchisoare, \u00een dosarul lui Sorin Oprescu, fiind acuzat c\u0103 el era cel care ducea mita la domiciliul fostului primar. \u0218i \u00een cazul s\u0103u, autorit\u0103\u021bile din Italia au decis ca pedeapsa s\u0103 fie exacutat\u0103 pe teritoriul italian, a\u0219a cum a cerut condamnatul.<\/p>\n<h2 class=\"wp-block-heading\"><strong>Cine se mai afl\u0103 pe lista marilor fugari<\/strong><\/h2>\n<p>Din cei 23 de fugari celebri, afla\u021bi pe lista Ministerului Justi\u021biei \u00een 22, doar 11 se mai afl\u0103 \u0219i ast\u0103zi, institu\u021bia anun\u021b\u00e2nd c\u0103 \u00een cazul lor procedurile sunt \u00een curs. Ace\u0219tia sunt:<\/p>\n<ul class=\"wp-block-list\">\n<li><strong>Sorin Mircea Oprescu<\/strong><\/li>\n<\/ul>\n<p>Condamnat la 10 ani de \u00eenchisoare pentru fapte de corup\u021bie, fostul primar al capitalei, Sorin Oprescu a fugit \u00een Grecia \u00eenainte de pronun\u021barea sentin\u021bei definitive din 2022. Pe numele s\u0103u a fost emis mandat european de arestare, \u00eens\u0103 autorit\u0103\u021bile elene au refuzat extr\u0103darea, invoc\u00e2nd condi\u021biile grele de deten\u021bie din Rom\u00e2nia. Din 2022 \u0219i p\u00e2n\u0103 \u00een 2025, Oprescu a depus \u00een instan\u021bele din Rom\u00e2nia opt c\u0103i extraordinare de atac \u00een \u00eencercarea de a sc\u0103pa de condamnare.<\/p>\n<p>La \u00eenceputul lunii octombrie, autorit\u0103\u021bile elene l-au re\u021binut din nou pe Sorin Oprescu, \u00eens\u0103 Curtea Suprem\u0103 din Atena a decis plasare sub control judiciar pe durata derul\u0103rii procedurilor judiciare. Oprescu refuz\u0103 extr\u0103darea.<\/p>\n<ul>\n<li><strong>Gino Mario Iorgulescu<\/strong><\/li>\n<\/ul>\n<p>Condamnat la 8 ani de \u00eenchisoare \u00een cazul accidentului provocat \u00een 2019 \u0219i soldat cu moartea unui t\u00e2n\u0103r de 24 de ani, Mario Iorgulescu nu a executat nicio zi de \u00eenchisoare.<\/p>\n<p>La c\u00e2teva zile dup\u0103 accident, Mario Iorgulescu, care provocase accidentul pe fondul consumului de droguri \u0219i a vitezei excesive, a fost transferat de c\u0103tre familie \u00een Italia. Autorit\u0103\u021bile s-au opus extr\u0103d\u0103rii Autorit\u0103\u021bile italiene au refuzat predarea motiv\u00e2nd c\u0103 \u00een urma unor expertize medico-legale dispuse s-a stabilit c\u0103 starea mental\u0103 \u00eel \u00eempiedic\u0103 \u00een mod ireversibil s\u0103 participe con\u0219tient la proces.<\/p>\n<p>Ministerul Justi\u021biei anun\u021b\u0103 c\u0103 \u00een cazul Iorgulescu \u201eprocedura de predare este \u00een curs \u00een rela\u021bia cu autorit\u0103\u021bile italiene\u201d.<\/p>\n<ul class=\"wp-block-list\">\n<li><strong>Marian Zlotea<\/strong><\/li>\n<\/ul>\n<p>Fost europarlamentar PDL, Marian Zlotea a fost condamnat, \u00een ianuarie 2021, la 8 ani \u0219i 6 luni de \u00eenchisoare, pentru trafic de influen\u021b\u0103 \u0219i luare de mit\u0103 pentru fapte comise pe vremea<\/p>\n<p>c\u00e2nd era \u0219ef al Autorit\u0103\u021bii Na\u021bionale Sanitar Veterinare \u0219i pentru Siguran\u021ba Animalelor. \u00cenainte de condamnarea definitiv\u0103 a fugit \u00een Italia. Autorit\u0103\u021bile de acolo au refuzat predarea invoc\u00e2nd acelea\u0219i condi\u021bii necorespunz\u0103toare din penitenciarele rom\u00e2ne\u0219ti. Zlotea a solicitat executarea pedepsei \u00een Italia. Procedura de recunoa\u0219tere a hot\u0103r\u00e2rii de condamnare emis\u0103 de instan\u021ba din Rom\u00e2nia este \u00een curs, anun\u021b\u0103 Ministerul Justi\u021biei.<\/p>\n<ul class=\"wp-block-list\">\n<li><strong>Paul Philippe al Rom\u00e2niei\u00a0\u00a0<\/strong><\/li>\n<\/ul>\n<p>Condamnat la 3 ani \u0219i 4 luni \u00eenchisoare \u00een dosarul retroced\u0103rilor Fermei B\u0103neasa, Paul al Rom\u00e2niei, descendent al regelui Carol al II-lea, se afl\u0103 pe\u00a0<a href=\"https:\/\/politiaromana.ro\/ro\/persoane-urmarite\/al-romaniei-paul-philippe-1381948\" target=\"_blank\" rel=\"noopener\">lista persoanelor urm\u0103rite<\/a>\u00a0a Poli\u021biei Rom\u00e2ne. Trei instan\u021be din Fran\u021ba \u0219i Malta s-au opus pred\u0103rii acestuia \u00een Rom\u00e2nia.<strong>\u00a0<\/strong>\u00a0\u0218 \u00een cazul s\u0103u Ministerul Justi\u021biei precizeaz\u0103 c\u0103 procedura de predare este \u00een curs \u00een rela\u021bia cu autorit\u0103\u021bile franceza.<\/p>\n<ul class=\"wp-block-list\">\n<li><strong>Daniel Dragomir<\/strong><\/li>\n<\/ul>\n<p>Fost ofi\u021ber al Serviciului Rom\u00e2n de Informa\u021bii (SRI), Daniel Dragomir se afl\u0103 pe\u00a0<a href=\"https:\/\/politiaromana.ro\/ro\/persoane-urmarite\/dragomir-daniel-2981978\" target=\"_blank\" rel=\"noopener\">lista persoanelor urm\u0103rite<\/a>\u00a0a Poli\u021biei Rom\u00e2ne de 5 ani. Condamnat \u00een 2020 la \u00a03 ani si 10 luni \u00eenchisoare pentru trafic de influen\u021b\u0103, sp\u0103lare de bani \u0219i participa\u021bie improprie la fals \u00een \u00eenscrisuri sub semnaturp privat\u0103, Dragomir a fugit \u00een Italia cu o zi \u00eenainte ca instan\u021ba s\u0103 pronun\u021be sentin\u021ba definitiv\u0103 \u00een cazul s\u0103u. S-a predat autorit\u0103\u021bilor italiene, iar Curtea de Apel din Bari a refuzat extr\u0103darea sa, invoc\u00e2nd condi\u021biile de deten\u021bie din Rom\u00e2nia. Dragomir a solicitat exchivalarea pedepsei conform legisla\u021biei italiene.<\/p>\n<ul>\n<li><strong>Ionel Arsene<\/strong><\/li>\n<\/ul>\n<p>Fostul pre\u0219edinte al Consiliului Jude\u021bean Neam\u021b, Ionel Arsene a fugit \u0219i el \u00een Italia, \u00een 2023, \u00eenainte ca judec\u0103torii rom\u00e2ni s\u0103 pronun\u021be condamnarea sa la 6 ani \u0219i 8 luni \u00eenchisoare \u00een dosarul \u00een care era judecat pentru trafic de influen\u021b\u0103.<\/p>\n<p>La fel ca \u0219i \u00een cazul celorlal\u021bi fugari celebri, instan\u021bele din Italia au refuzat extr\u0103darea lui Arsene, invoc\u00e2nd at\u00e2t condi\u021biile de deten\u021bie din \u00eenchisorile rom\u00e2ne\u0219ti, c\u00e2t \u0219i o stare psihic\u0103 fragil\u0103 a lui fostului pre\u0219edinte al CJ Neam\u021b.<\/p>\n<p>Arsene continu\u0103 s\u0103 se reg\u0103seasc\u0103 pe\u00a0<a href=\"https:\/\/politiaromana.ro\/ro\/persoane-urmarite\/arsene-ionel-1191972\" target=\"_blank\" rel=\"noopener\">lista<\/a>\u00a0persoanelor urm\u0103rite a Poli\u021biei Rom\u00e2ne.<\/p>\n<ul class=\"wp-block-list\">\n<li><strong>Avraham Morgenstern\u00a0<\/strong><\/li>\n<\/ul>\n<p>Fost patronul al companiei Shapir Structures, cu ajutorul c\u0103reia fostul edil Radu Maz\u0103re a ridicat cartierul de locuin\u021be sociale \u201eHenri Coand\u0103\u201d din Constan\u021ba, Avraham Mogenstern este urm\u0103rit interna\u021bional \u00een vederea execut\u0103rii unei pedepse de 12 ani \u00eenchisoare pentru evaziune fiscal\u0103. A fost condamnat definitiv \u00een august 2017, \u00eens\u0103 mandatul de executare a pedepsei nu a fost pus \u00een aplicare pentru c\u0103 Morgentern a fugit din \u021bar\u0103. A fost prins \u00een Argentina. Autorit\u0103\u021bile rom\u00e2ne au trimis o cerere de extr\u0103dare, \u00eens\u0103 procedurile nu au fost solu\u021bionate p\u00e2n\u0103 \u00een pezent.<\/p>\n<ul class=\"wp-block-list\">\n<li><strong>Florian Tudor (zis Rechinul)<\/strong><\/li>\n<\/ul>\n<p>Cunoscut ca fiind unul dintre cei mai de temut interlopi rom\u00e2ni, Florian Tudor a fost dat \u00een urm\u0103rire interna\u021bional\u0103 din 2021. \u00cen ancheta procurorilor rom\u00e2ni, \u00een care Tribunalul Bucure\u0219ti a dispus arestarea sa \u00een lips\u0103, Florian Tudor este acuzat de constituire a unui grup infrac\u021bional organizat, \u0219antaj \u0219i instigare la tentativ\u0103 de omor calificat.<br \/>\nRise Project a scris c\u0103 prin intermediul grup\u0103rii \u201cRiviera Maya\u201d, Florian Tudor coordona vaste re\u021bele specializate \u00een clonare de carduri \u0219i sp\u0103lare de bani, care ac\u021biona pe teritoriile mai multor state din Statele Unite, Mexic \u0219i Brazilia.<\/p>\n<p>A fost prins \u00een Mexic \u00een 2021, \u00eens\u0103 procedura de extr\u0103dare este \u00eenc\u0103 \u00een curs \u00een rela\u021bia cu autorit\u0103\u021bile mexicane, anun\u021b\u0103 MJ.<\/p>\n<ul class=\"wp-block-list\">\n<li><strong>Benyamin Steinmetz<\/strong><\/li>\n<\/ul>\n<p>Miliardarul israelian Benyamin Steinmetz a fost dat \u00een urm\u0103rire interna\u021bional\u0103 dup\u0103 ce \u00een decembrie 2020 a fost condamnat definitiv la 5 ani de \u00eenchisoare \u00een dosarul Ferma B\u0103neasa \u0219i prins un an mai t\u00e2rziu la Atena.<strong>\u00a0<\/strong>Autorit\u0103\u021bile elene au refuzat predarea lui \u00een Rom\u00e2nia, Grecia apreciind c\u0103 acesta nu a beneficiat de un proces echitabil. Steinmetz\u00a0 a continuat s\u0103 figureze pe lista urm\u0103ri\u021bilor interna\u021bional.<\/p>\n<p>A mai fost re\u021binut de autorit\u0103\u021bile din Cipru \u0219i Grecia, ultima dat\u0103 \u00een\u00a0<a href=\"https:\/\/hotnews.ro\/afaceristul-beny-steinmetz-condamnat-in-romania-in-dosarul-ferma-baneasa-a-fost-retinut-pentru-a-doua-oara-in-grecia-1812217\">2024<\/a>, \u00eens\u0103 procedurile privind extr\u0103darea nu s-au finalizat cu succes. Benyamin Steinmetz este urm\u0103rit interna\u021bional \u0219i \u00een prezent.<\/p>\n<ul class=\"wp-block-list\">\n<li><strong>Nela Ignatenco<\/strong><\/li>\n<\/ul>\n<p>Fost consilier guvernamental \u00een Guvernul C\u0103lin Popescu T\u0103riceanu, Nela Ignatenco a fost condamnat\u0103 \u00een 2020 la 5 ani de \u00eenchisoare \u00een dosarul Ferma B\u0103neasa. Ignatenco a fugit din \u021bar\u0103 \u00eenainte de anun\u021barea sentin\u021bei definitiv\u0103. A fost localizat\u0103 \u00een Belgia, \u00eens\u0103 autorit\u0103\u021bile de acolo au refuzat extr\u0103darea ei. Procedurile privind predarea sunt \u00een curs \u0219i \u00een cazul ei.<\/p>\n<ul class=\"wp-block-list\">\n<li><strong>Antonina Radu<\/strong><\/li>\n<\/ul>\n<p>Fost ofi\u021ber \u00een cadrul Inspectoratului de Urgen\u021b\u0103 Bucure\u0219ti, Antonina Radu este singurul inculpat condamnat cu executare din dosarul Colectiv care nu a ajuns la \u00eenchisoare. A plecat \u00een Republica Moldova, av\u00e2nd \u0219i cet\u0103\u021benie moldoveneasc\u0103, \u00een timp ce procesul din dosarul Colectiv se afla \u00een curs la instan\u021bele rom\u00e2ne\u0219ti. Condamnat\u0103 definitiv la 8 ani \u0219i 8 luni \u00eenchisoare, Antonina Radu a ini\u021biat mai multe demersuri juridice \u00een Republica Moldova, solicit\u00e2nd ca pedeapsa s\u0103 fie adaptat\u0103 legisla\u021biei din Republica Moldova iar executarea pedepsei s\u0103 fie efectuat\u0103 tot acolo.<\/p>\n<p><a href=\"https:\/\/hotnews.ro\/10-ani-de-la-colectiv-dosarele-colectiv-2096367\">HotNews a scris<\/a>\u00a0 despre deciziile instan\u021belor din Chi\u0219in\u0103u care au decis rejudecarea spe\u021bei, ar\u0103t\u00e2nd \u00een motivare c\u0103 faptele imputate Antoninei Radu s-au prescris potrivit legisla\u021biei din Republica Moldova.<\/p>\n<p>Sursa articolului:  <a href=\"https:\/\/hotnews.ro\/700-800-de-fugari-romani-sunt-prinsi-anual-si-adusi-in-tara-politia-le-deschide-procese-sa-recupereze-cheltuielile-mari-ale-capturarii-lor-cine-se-mai-afla-pe-lista-fugarilor-celebri-2146868\" target=\"_blank\" rel=\"noopener\" title=\"\">HotNews<\/a><\/p>","protected":false},"excerpt":{"rendered":"<p>Peste 2 milioane de euro a cheltuit anul trecut Inspectoratul General al Poli\u021biei Rom\u00e2ne (IGPR) pentru aducerea \u00een \u021bar\u0103 a persoanelor care se sustr\u0103geau urm\u0103ririi penale sau execut\u0103rii unor pedepse, potrivit datelor comunicate la solicitarea HotNews. Pentru recuperarea banilor, Poli\u021bia Rom\u00e2n\u0103 i-a dat \u00een judecat\u0103 pe fugari. \u00cen toamna anului 2024 a intrat \u00een vigoare&#8230;<\/p>","protected":false},"author":4,"featured_media":0,"comment_status":"open","ping_status":"open","sticky":false,"template":"","format":"standard","meta":{"footnotes":""},"categories":[1],"tags":[],"class_list":["post-3651","post","type-post","status-publish","format-standard","hentry","category-uncategorized"],"yoast_head":"<!-- This site is optimized with the Yoast SEO plugin v26.1.1 - https:\/\/yoast.com\/wordpress\/plugins\/seo\/ -->\n<title>700-800 de fugari rom\u00e2ni sunt prin\u0219i anual \u0219i adu\u0219i \u00een \u021bar\u0103. Poli\u021bia le deschide procese s\u0103 recupereze cheltuielile mari ale captur\u0103rii lor. Cine se mai afl\u0103 pe lista fugarilor celebri - Carpathia Center Romania<\/title>\n<meta name=\"robots\" content=\"index, follow, max-snippet:-1, max-image-preview:large, max-video-preview:-1\" \/>\n<link rel=\"canonical\" href=\"https:\/\/carpathiacenter.ro\/en\/700-800-de-fugari-romani-sunt-prinsi-anual-si-adusi-in-tara-politia-le-deschide-procese-sa-recupereze-cheltuielile-mari-ale-capturarii-lor-cine-se-mai-afla-pe-lista-fugarilor-celebri\/\" \/>\n<meta property=\"og:locale\" content=\"en_GB\" \/>\n<meta property=\"og:type\" content=\"article\" \/>\n<meta property=\"og:title\" content=\"700-800 de fugari rom\u00e2ni sunt prin\u0219i anual \u0219i adu\u0219i \u00een \u021bar\u0103. Poli\u021bia le deschide procese s\u0103 recupereze cheltuielile mari ale captur\u0103rii lor. Cine se mai afl\u0103 pe lista fugarilor celebri - Carpathia Center Romania\" \/>\n<meta property=\"og:description\" content=\"Peste 2 milioane de euro a cheltuit anul trecut Inspectoratul General al Poli\u021biei Rom\u00e2ne (IGPR) pentru aducerea \u00een \u021bar\u0103 a persoanelor care se sustr\u0103geau urm\u0103ririi penale sau execut\u0103rii unor pedepse, potrivit datelor comunicate la solicitarea HotNews. Pentru recuperarea banilor, Poli\u021bia Rom\u00e2n\u0103 i-a dat \u00een judecat\u0103 pe fugari. \u00cen toamna anului 2024 a intrat \u00een vigoare...\" \/>\n<meta property=\"og:url\" content=\"https:\/\/carpathiacenter.ro\/en\/700-800-de-fugari-romani-sunt-prinsi-anual-si-adusi-in-tara-politia-le-deschide-procese-sa-recupereze-cheltuielile-mari-ale-capturarii-lor-cine-se-mai-afla-pe-lista-fugarilor-celebri\/\" \/>\n<meta property=\"og:site_name\" content=\"Carpathia Center Romania\" \/>\n<meta property=\"article:publisher\" content=\"https:\/\/www.facebook.com\/fdpscarpathia\/\" \/>\n<meta property=\"article:published_time\" content=\"2026-01-15T08:49:41+00:00\" \/>\n<meta name=\"author\" content=\"creativebitsolutions\" \/>\n<meta name=\"twitter:card\" content=\"summary_large_image\" \/>\n<meta name=\"twitter:label1\" content=\"Written by\" \/>\n\t<meta name=\"twitter:data1\" content=\"creativebitsolutions\" \/>\n\t<meta name=\"twitter:label2\" content=\"Estimated reading time\" \/>\n\t<meta name=\"twitter:data2\" content=\"17 minutes\" \/>\n<script type=\"application\/ld+json\" class=\"yoast-schema-graph\">{\"@context\":\"https:\/\/schema.org\",\"@graph\":[{\"@type\":\"Article\",\"@id\":\"https:\/\/carpathiacenter.ro\/700-800-de-fugari-romani-sunt-prinsi-anual-si-adusi-in-tara-politia-le-deschide-procese-sa-recupereze-cheltuielile-mari-ale-capturarii-lor-cine-se-mai-afla-pe-lista-fugarilor-celebri\/#article\",\"isPartOf\":{\"@id\":\"https:\/\/carpathiacenter.ro\/700-800-de-fugari-romani-sunt-prinsi-anual-si-adusi-in-tara-politia-le-deschide-procese-sa-recupereze-cheltuielile-mari-ale-capturarii-lor-cine-se-mai-afla-pe-lista-fugarilor-celebri\/\"},\"author\":{\"name\":\"creativebitsolutions\",\"@id\":\"https:\/\/carpathiacenter.ro\/#\/schema\/person\/03d9f58202fee8379268f34afa195006\"},\"headline\":\"700-800 de fugari rom\u00e2ni sunt prin\u0219i anual \u0219i adu\u0219i \u00een \u021bar\u0103. Poli\u021bia le deschide procese s\u0103 recupereze cheltuielile mari ale captur\u0103rii lor. Cine se mai afl\u0103 pe lista fugarilor celebri\",\"datePublished\":\"2026-01-15T08:49:41+00:00\",\"mainEntityOfPage\":{\"@id\":\"https:\/\/carpathiacenter.ro\/700-800-de-fugari-romani-sunt-prinsi-anual-si-adusi-in-tara-politia-le-deschide-procese-sa-recupereze-cheltuielile-mari-ale-capturarii-lor-cine-se-mai-afla-pe-lista-fugarilor-celebri\/\"},\"wordCount\":3298,\"commentCount\":0,\"publisher\":{\"@id\":\"https:\/\/carpathiacenter.ro\/#organization\"},\"articleSection\":[\"Uncategorized\"],\"inLanguage\":\"en-GB\",\"potentialAction\":[{\"@type\":\"CommentAction\",\"name\":\"Comment\",\"target\":[\"https:\/\/carpathiacenter.ro\/700-800-de-fugari-romani-sunt-prinsi-anual-si-adusi-in-tara-politia-le-deschide-procese-sa-recupereze-cheltuielile-mari-ale-capturarii-lor-cine-se-mai-afla-pe-lista-fugarilor-celebri\/#respond\"]}]},{\"@type\":\"WebPage\",\"@id\":\"https:\/\/carpathiacenter.ro\/700-800-de-fugari-romani-sunt-prinsi-anual-si-adusi-in-tara-politia-le-deschide-procese-sa-recupereze-cheltuielile-mari-ale-capturarii-lor-cine-se-mai-afla-pe-lista-fugarilor-celebri\/\",\"url\":\"https:\/\/carpathiacenter.ro\/700-800-de-fugari-romani-sunt-prinsi-anual-si-adusi-in-tara-politia-le-deschide-procese-sa-recupereze-cheltuielile-mari-ale-capturarii-lor-cine-se-mai-afla-pe-lista-fugarilor-celebri\/\",\"name\":\"700-800 de fugari rom\u00e2ni sunt prin\u0219i anual \u0219i adu\u0219i \u00een \u021bar\u0103. Poli\u021bia le deschide procese s\u0103 recupereze cheltuielile mari ale captur\u0103rii lor. Cine se mai afl\u0103 pe lista fugarilor celebri - Carpathia Center Romania\",\"isPartOf\":{\"@id\":\"https:\/\/carpathiacenter.ro\/#website\"},\"datePublished\":\"2026-01-15T08:49:41+00:00\",\"breadcrumb\":{\"@id\":\"https:\/\/carpathiacenter.ro\/700-800-de-fugari-romani-sunt-prinsi-anual-si-adusi-in-tara-politia-le-deschide-procese-sa-recupereze-cheltuielile-mari-ale-capturarii-lor-cine-se-mai-afla-pe-lista-fugarilor-celebri\/#breadcrumb\"},\"inLanguage\":\"en-GB\",\"potentialAction\":[{\"@type\":\"ReadAction\",\"target\":[\"https:\/\/carpathiacenter.ro\/700-800-de-fugari-romani-sunt-prinsi-anual-si-adusi-in-tara-politia-le-deschide-procese-sa-recupereze-cheltuielile-mari-ale-capturarii-lor-cine-se-mai-afla-pe-lista-fugarilor-celebri\/\"]}]},{\"@type\":\"BreadcrumbList\",\"@id\":\"https:\/\/carpathiacenter.ro\/700-800-de-fugari-romani-sunt-prinsi-anual-si-adusi-in-tara-politia-le-deschide-procese-sa-recupereze-cheltuielile-mari-ale-capturarii-lor-cine-se-mai-afla-pe-lista-fugarilor-celebri\/#breadcrumb\",\"itemListElement\":[{\"@type\":\"ListItem\",\"position\":1,\"name\":\"Prima pagin\u0103\",\"item\":\"https:\/\/carpathiacenter.ro\/\"},{\"@type\":\"ListItem\",\"position\":2,\"name\":\"700-800 de fugari rom\u00e2ni sunt prin\u0219i anual \u0219i adu\u0219i \u00een \u021bar\u0103. Poli\u021bia le deschide procese s\u0103 recupereze cheltuielile mari ale captur\u0103rii lor. Cine se mai afl\u0103 pe lista fugarilor celebri\"}]},{\"@type\":\"WebSite\",\"@id\":\"https:\/\/carpathiacenter.ro\/#website\",\"url\":\"https:\/\/carpathiacenter.ro\/\",\"name\":\"Carpathia Center Romania\",\"description\":\"Impossible made possible!\",\"publisher\":{\"@id\":\"https:\/\/carpathiacenter.ro\/#organization\"},\"potentialAction\":[{\"@type\":\"SearchAction\",\"target\":{\"@type\":\"EntryPoint\",\"urlTemplate\":\"https:\/\/carpathiacenter.ro\/?s={search_term_string}\"},\"query-input\":{\"@type\":\"PropertyValueSpecification\",\"valueRequired\":true,\"valueName\":\"search_term_string\"}}],\"inLanguage\":\"en-GB\"},{\"@type\":\"Organization\",\"@id\":\"https:\/\/carpathiacenter.ro\/#organization\",\"name\":\"Carpathia Center Romania\",\"url\":\"https:\/\/carpathiacenter.ro\/\",\"logo\":{\"@type\":\"ImageObject\",\"inLanguage\":\"en-GB\",\"@id\":\"https:\/\/carpathiacenter.ro\/#\/schema\/logo\/image\/\",\"url\":\"https:\/\/carpathiacenter.ro\/wp-content\/uploads\/2024\/07\/logo-carpathia_bg_white-1024x941.png\",\"contentUrl\":\"https:\/\/carpathiacenter.ro\/wp-content\/uploads\/2024\/07\/logo-carpathia_bg_white-1024x941.png\",\"width\":1024,\"height\":941,\"caption\":\"Carpathia Center Romania\"},\"image\":{\"@id\":\"https:\/\/carpathiacenter.ro\/#\/schema\/logo\/image\/\"},\"sameAs\":[\"https:\/\/www.facebook.com\/fdpscarpathia\/\"]},{\"@type\":\"Person\",\"@id\":\"https:\/\/carpathiacenter.ro\/#\/schema\/person\/03d9f58202fee8379268f34afa195006\",\"name\":\"creativebitsolutions\",\"image\":{\"@type\":\"ImageObject\",\"inLanguage\":\"en-GB\",\"@id\":\"https:\/\/carpathiacenter.ro\/#\/schema\/person\/image\/\",\"url\":\"https:\/\/secure.gravatar.com\/avatar\/1b1a13e37f847c635dab78348f1dff2f07651ee2a3d77a5c355a4b8c75f9165a?s=96&d=mm&r=g\",\"contentUrl\":\"https:\/\/secure.gravatar.com\/avatar\/1b1a13e37f847c635dab78348f1dff2f07651ee2a3d77a5c355a4b8c75f9165a?s=96&d=mm&r=g\",\"caption\":\"creativebitsolutions\"},\"url\":\"https:\/\/carpathiacenter.ro\/en\/author\/creativebitsolutions\/\"}]}<\/script>\n<!-- \/ Yoast SEO plugin. -->","yoast_head_json":{"title":"700-800 de fugari rom\u00e2ni sunt prin\u0219i anual \u0219i adu\u0219i \u00een \u021bar\u0103. Poli\u021bia le deschide procese s\u0103 recupereze cheltuielile mari ale captur\u0103rii lor. Cine se mai afl\u0103 pe lista fugarilor celebri - Carpathia Center Romania","robots":{"index":"index","follow":"follow","max-snippet":"max-snippet:-1","max-image-preview":"max-image-preview:large","max-video-preview":"max-video-preview:-1"},"canonical":"https:\/\/carpathiacenter.ro\/en\/700-800-de-fugari-romani-sunt-prinsi-anual-si-adusi-in-tara-politia-le-deschide-procese-sa-recupereze-cheltuielile-mari-ale-capturarii-lor-cine-se-mai-afla-pe-lista-fugarilor-celebri\/","og_locale":"en_GB","og_type":"article","og_title":"700-800 de fugari rom\u00e2ni sunt prin\u0219i anual \u0219i adu\u0219i \u00een \u021bar\u0103. Poli\u021bia le deschide procese s\u0103 recupereze cheltuielile mari ale captur\u0103rii lor. Cine se mai afl\u0103 pe lista fugarilor celebri - Carpathia Center Romania","og_description":"Peste 2 milioane de euro a cheltuit anul trecut Inspectoratul General al Poli\u021biei Rom\u00e2ne (IGPR) pentru aducerea \u00een \u021bar\u0103 a persoanelor care se sustr\u0103geau urm\u0103ririi penale sau execut\u0103rii unor pedepse, potrivit datelor comunicate la solicitarea HotNews. Pentru recuperarea banilor, Poli\u021bia Rom\u00e2n\u0103 i-a dat \u00een judecat\u0103 pe fugari. \u00cen toamna anului 2024 a intrat \u00een vigoare...","og_url":"https:\/\/carpathiacenter.ro\/en\/700-800-de-fugari-romani-sunt-prinsi-anual-si-adusi-in-tara-politia-le-deschide-procese-sa-recupereze-cheltuielile-mari-ale-capturarii-lor-cine-se-mai-afla-pe-lista-fugarilor-celebri\/","og_site_name":"Carpathia Center Romania","article_publisher":"https:\/\/www.facebook.com\/fdpscarpathia\/","article_published_time":"2026-01-15T08:49:41+00:00","author":"creativebitsolutions","twitter_card":"summary_large_image","twitter_misc":{"Written by":"creativebitsolutions","Estimated reading time":"17 minutes"},"schema":{"@context":"https:\/\/schema.org","@graph":[{"@type":"Article","@id":"https:\/\/carpathiacenter.ro\/700-800-de-fugari-romani-sunt-prinsi-anual-si-adusi-in-tara-politia-le-deschide-procese-sa-recupereze-cheltuielile-mari-ale-capturarii-lor-cine-se-mai-afla-pe-lista-fugarilor-celebri\/#article","isPartOf":{"@id":"https:\/\/carpathiacenter.ro\/700-800-de-fugari-romani-sunt-prinsi-anual-si-adusi-in-tara-politia-le-deschide-procese-sa-recupereze-cheltuielile-mari-ale-capturarii-lor-cine-se-mai-afla-pe-lista-fugarilor-celebri\/"},"author":{"name":"creativebitsolutions","@id":"https:\/\/carpathiacenter.ro\/#\/schema\/person\/03d9f58202fee8379268f34afa195006"},"headline":"700-800 de fugari rom\u00e2ni sunt prin\u0219i anual \u0219i adu\u0219i \u00een \u021bar\u0103. Poli\u021bia le deschide procese s\u0103 recupereze cheltuielile mari ale captur\u0103rii lor. Cine se mai afl\u0103 pe lista fugarilor celebri","datePublished":"2026-01-15T08:49:41+00:00","mainEntityOfPage":{"@id":"https:\/\/carpathiacenter.ro\/700-800-de-fugari-romani-sunt-prinsi-anual-si-adusi-in-tara-politia-le-deschide-procese-sa-recupereze-cheltuielile-mari-ale-capturarii-lor-cine-se-mai-afla-pe-lista-fugarilor-celebri\/"},"wordCount":3298,"commentCount":0,"publisher":{"@id":"https:\/\/carpathiacenter.ro\/#organization"},"articleSection":["Uncategorized"],"inLanguage":"en-GB","potentialAction":[{"@type":"CommentAction","name":"Comment","target":["https:\/\/carpathiacenter.ro\/700-800-de-fugari-romani-sunt-prinsi-anual-si-adusi-in-tara-politia-le-deschide-procese-sa-recupereze-cheltuielile-mari-ale-capturarii-lor-cine-se-mai-afla-pe-lista-fugarilor-celebri\/#respond"]}]},{"@type":"WebPage","@id":"https:\/\/carpathiacenter.ro\/700-800-de-fugari-romani-sunt-prinsi-anual-si-adusi-in-tara-politia-le-deschide-procese-sa-recupereze-cheltuielile-mari-ale-capturarii-lor-cine-se-mai-afla-pe-lista-fugarilor-celebri\/","url":"https:\/\/carpathiacenter.ro\/700-800-de-fugari-romani-sunt-prinsi-anual-si-adusi-in-tara-politia-le-deschide-procese-sa-recupereze-cheltuielile-mari-ale-capturarii-lor-cine-se-mai-afla-pe-lista-fugarilor-celebri\/","name":"700-800 de fugari rom\u00e2ni sunt prin\u0219i anual \u0219i adu\u0219i \u00een \u021bar\u0103. Poli\u021bia le deschide procese s\u0103 recupereze cheltuielile mari ale captur\u0103rii lor. Cine se mai afl\u0103 pe lista fugarilor celebri - Carpathia Center Romania","isPartOf":{"@id":"https:\/\/carpathiacenter.ro\/#website"},"datePublished":"2026-01-15T08:49:41+00:00","breadcrumb":{"@id":"https:\/\/carpathiacenter.ro\/700-800-de-fugari-romani-sunt-prinsi-anual-si-adusi-in-tara-politia-le-deschide-procese-sa-recupereze-cheltuielile-mari-ale-capturarii-lor-cine-se-mai-afla-pe-lista-fugarilor-celebri\/#breadcrumb"},"inLanguage":"en-GB","potentialAction":[{"@type":"ReadAction","target":["https:\/\/carpathiacenter.ro\/700-800-de-fugari-romani-sunt-prinsi-anual-si-adusi-in-tara-politia-le-deschide-procese-sa-recupereze-cheltuielile-mari-ale-capturarii-lor-cine-se-mai-afla-pe-lista-fugarilor-celebri\/"]}]},{"@type":"BreadcrumbList","@id":"https:\/\/carpathiacenter.ro\/700-800-de-fugari-romani-sunt-prinsi-anual-si-adusi-in-tara-politia-le-deschide-procese-sa-recupereze-cheltuielile-mari-ale-capturarii-lor-cine-se-mai-afla-pe-lista-fugarilor-celebri\/#breadcrumb","itemListElement":[{"@type":"ListItem","position":1,"name":"Prima pagin\u0103","item":"https:\/\/carpathiacenter.ro\/"},{"@type":"ListItem","position":2,"name":"700-800 de fugari rom\u00e2ni sunt prin\u0219i anual \u0219i adu\u0219i \u00een \u021bar\u0103. Poli\u021bia le deschide procese s\u0103 recupereze cheltuielile mari ale captur\u0103rii lor. Cine se mai afl\u0103 pe lista fugarilor celebri"}]},{"@type":"WebSite","@id":"https:\/\/carpathiacenter.ro\/#website","url":"https:\/\/carpathiacenter.ro\/","name":"Carpathia Center Romania","description":"Impossible made possible!","publisher":{"@id":"https:\/\/carpathiacenter.ro\/#organization"},"potentialAction":[{"@type":"SearchAction","target":{"@type":"EntryPoint","urlTemplate":"https:\/\/carpathiacenter.ro\/?s={search_term_string}"},"query-input":{"@type":"PropertyValueSpecification","valueRequired":true,"valueName":"search_term_string"}}],"inLanguage":"en-GB"},{"@type":"Organization","@id":"https:\/\/carpathiacenter.ro\/#organization","name":"Carpathia Center Romania","url":"https:\/\/carpathiacenter.ro\/","logo":{"@type":"ImageObject","inLanguage":"en-GB","@id":"https:\/\/carpathiacenter.ro\/#\/schema\/logo\/image\/","url":"https:\/\/carpathiacenter.ro\/wp-content\/uploads\/2024\/07\/logo-carpathia_bg_white-1024x941.png","contentUrl":"https:\/\/carpathiacenter.ro\/wp-content\/uploads\/2024\/07\/logo-carpathia_bg_white-1024x941.png","width":1024,"height":941,"caption":"Carpathia Center Romania"},"image":{"@id":"https:\/\/carpathiacenter.ro\/#\/schema\/logo\/image\/"},"sameAs":["https:\/\/www.facebook.com\/fdpscarpathia\/"]},{"@type":"Person","@id":"https:\/\/carpathiacenter.ro\/#\/schema\/person\/03d9f58202fee8379268f34afa195006","name":"creativebitsolutions","image":{"@type":"ImageObject","inLanguage":"en-GB","@id":"https:\/\/carpathiacenter.ro\/#\/schema\/person\/image\/","url":"https:\/\/secure.gravatar.com\/avatar\/1b1a13e37f847c635dab78348f1dff2f07651ee2a3d77a5c355a4b8c75f9165a?s=96&d=mm&r=g","contentUrl":"https:\/\/secure.gravatar.com\/avatar\/1b1a13e37f847c635dab78348f1dff2f07651ee2a3d77a5c355a4b8c75f9165a?s=96&d=mm&r=g","caption":"creativebitsolutions"},"url":"https:\/\/carpathiacenter.ro\/en\/author\/creativebitsolutions\/"}]}},"_links":{"self":[{"href":"https:\/\/carpathiacenter.ro\/en\/wp-json\/wp\/v2\/posts\/3651","targetHints":{"allow":["GET"]}}],"collection":[{"href":"https:\/\/carpathiacenter.ro\/en\/wp-json\/wp\/v2\/posts"}],"about":[{"href":"https:\/\/carpathiacenter.ro\/en\/wp-json\/wp\/v2\/types\/post"}],"author":[{"embeddable":true,"href":"https:\/\/carpathiacenter.ro\/en\/wp-json\/wp\/v2\/users\/4"}],"replies":[{"embeddable":true,"href":"https:\/\/carpathiacenter.ro\/en\/wp-json\/wp\/v2\/comments?post=3651"}],"version-history":[{"count":1,"href":"https:\/\/carpathiacenter.ro\/en\/wp-json\/wp\/v2\/posts\/3651\/revisions"}],"predecessor-version":[{"id":3652,"href":"https:\/\/carpathiacenter.ro\/en\/wp-json\/wp\/v2\/posts\/3651\/revisions\/3652"}],"wp:attachment":[{"href":"https:\/\/carpathiacenter.ro\/en\/wp-json\/wp\/v2\/media?parent=3651"}],"wp:term":[{"taxonomy":"category","embeddable":true,"href":"https:\/\/carpathiacenter.ro\/en\/wp-json\/wp\/v2\/categories?post=3651"},{"taxonomy":"post_tag","embeddable":true,"href":"https:\/\/carpathiacenter.ro\/en\/wp-json\/wp\/v2\/tags?post=3651"}],"curies":[{"name":"wp","href":"https:\/\/api.w.org\/{rel}","templated":true}]}}