{"id":3649,"date":"2026-01-14T08:27:26","date_gmt":"2026-01-14T08:27:26","guid":{"rendered":"https:\/\/carpathiacenter.ro\/?p=3649"},"modified":"2026-01-14T08:27:26","modified_gmt":"2026-01-14T08:27:26","slug":"ministerul-energiei-sustine-ca-a-primit-o-oferta-care-ar-asigura-accesul-romaniei-la-zacaminte-in-groenlanda-in-spatele-ei-se-afla-magnatul-care-a-fondat-afacerea-rosia-montana","status":"publish","type":"post","link":"https:\/\/carpathiacenter.ro\/en\/ministerul-energiei-sustine-ca-a-primit-o-oferta-care-ar-asigura-accesul-romaniei-la-zacaminte-in-groenlanda-in-spatele-ei-se-afla-magnatul-care-a-fondat-afacerea-rosia-montana\/","title":{"rendered":"Ministerul Energiei sus\u021bine c\u0103 a primit o ofert\u0103 care \u201ear asigura accesul Rom\u00e2niei la z\u0103c\u0103minte \u00een Groenlanda\u201d. \u00cen spatele ei se afl\u0103 magnatul care a fondat afacerea Ro\u0219ia Montan\u0103"},"content":{"rendered":"<p><strong>Compania Critical Metals Corp, de\u021binut\u0103 de European Lithium, este \u00een discu\u021bii cu compania de stat Nuclearelectrica pentru construirea \u00een parteneriat a unei fabrici de procesare la Feldioara a p\u0103m\u00e2nturilor rare pe care Critical Metals Corps le extrage din Groenlanda.<\/strong><\/p>\n<p>\u00cen 2024, firma Critical Metals a cump\u0103rat z\u0103c\u0103m\u00e2ntul Tanbreez din Groenlanda pentru 5 milioane de dolari \u00een numerar \u0219i 211 milioane de dolari \u00een ac\u021biuni.<\/p>\n<div id=\"billboard2\" class=\"inserted-position billboard-2\"><\/div>\n<h2 class=\"wp-block-heading\"><strong>Frank Timi\u0219 \u00een spatele Critical Metals<\/strong><\/h2>\n<p>Principalul ac\u021bionar al Critical Metals Corp este compania European Lithium, listat\u0103 la Bursa din Frankfurt, care este controlat\u0103 indirect de Frank Timi\u0219, potrivit dezv\u0103luirilor f\u0103cute de\u00a0<a href=\"https:\/\/newsweek.ro\/international\/the-resources-trump-wants-greenland-forin-the-hands-of-a-romanian-who-controls-them-from-the-shadow\" target=\"_blank\" rel=\"noopener\">Newsweek<\/a>. Omul de afaceri rom\u00e2n Frank Timi\u0219 a fost fondatorul afacerii Ro\u0219ia Montan\u0103.<\/p>\n<p>Numele lui Timi\u0219 a ap\u0103rut dup\u0103 ce Reuters a relatat c\u0103 oficiali ai administra\u021biei Trump sunt \u00een discu\u021bii pentru\u00a0<a href=\"https:\/\/www.reuters.com\/business\/trump-administration-eyes-stake-company-developing-greenland-rare-earths-mine-2025-10-03\/\" target=\"_blank\" rel=\"noopener\">preluarea unei participa\u021bii la Critical Metals Corp<\/a>\u00a0pentru a avea acces la z\u0103c\u0103m\u00e2ntul de p\u0103m\u00e2nturi rare Tanbreez din Groenlanda.<\/p>\n<p>Oamenii din administra\u021bia Trump au negat.<\/p>\n<div id=\"billboard3\" class=\"inserted-position billboard-3\"><\/div>\n<p>\u201eSute de companii ne abordeaz\u0103 \u00eencerc\u00e2nd s\u0103 determine administra\u021bia s\u0103 investeasc\u0103 \u00een proiectele lor critice de minerale\u201d, a declarat un oficial de rang \u00eenalt din administra\u021bia Trump, pentru Reuters. Potrivit acestora \u201enu exist\u0103 absolut nimic apropiat de aceast\u0103 companie \u00een acest moment\u201d.<\/p>\n<h2 class=\"wp-block-heading\"><strong>Nuclearelectrica negociaz\u0103<\/strong><\/h2>\n<p>Apoi, \u00een decembrie 2025, compania de stat Nuclearelectrica a anun\u021bat c\u0103 filiala FPCU Feldioara a aprobat semnarea unui Term Sheet neangajant cu Critical Metals Corp (CRML), pentru \u00eenfiin\u021barea unui Joint Venture (JVCo).<\/p>\n<p>HotNews a solicitat companiei Nuclearelectrica \u0219i Ministerului Energiei puncte de vedere legate de aceste informa\u021bii. Ambele entit\u0103\u021bi spun c\u0103 ini\u021biativa pentru aceast\u0103 afacere a apar\u021binut companiei Critical Metals Corp.<\/p>\n<div id=\"billboard4\" class=\"inserted-position billboard-4 mobile\"><\/div>\n<h2 class=\"wp-block-heading\"><strong>Ivan, ministrul Energiei: Rom\u00e2nia devine un juc\u0103tor-cheie \u00een industria global\u0103 a p\u0103m\u00e2nturilor rare<\/strong><\/h2>\n<p>Ministerul Energiei a spus, la \u00eentreb\u0103rile redac\u021biei, c\u0103 \u201eanalizele derulate p\u00e2n\u0103 la momentul semn\u0103rii Term Shet-ului au un caracter exploratoriu, reprezent\u00e2nd o etap\u0103 premerg\u0103toare procesului de due diligence complex, aferent derul\u0103rii unui Term Sheet neangajant\u201d.<\/p>\n<p>Potrivit unui\u00a0<a href=\"https:\/\/energie.gov.ro\/bogdan-ivan-ministrul-energiei-romania-se-afla-intr-o-pozitie-excelenta-pentru-a-deveni-un-jucator-important-in-industria-occidentala-a-materialelor-critice-prin-dezvoltarea-proiectului-de-la-feldi\/\" target=\"_blank\" rel=\"noopener\">comunicat al Ministerului Energiei<\/a>\u00a0din luna decembrie, \u201eproiectul ar asigura accesul Rom\u00e2niei la procesarea a 50% din p\u0103m\u00e2nturile rare extrase din cel mai mare z\u0103c\u0103m\u00e2nt de acest tip din lume, situat \u00een Groenlanda.<\/p>\n<p>\u201ePrin procesarea \u00een fabrica de la Feldioara, cu tehnologie de ultim\u0103 genera\u021bie, Rom\u00e2nia poate deveni un furnizor constant de materiale indispensabile pentru industrii-cheie cum ar fi cea de microprocesoare, aerospa\u021bial\u0103 sau de ap\u0103rare\u201d.<\/p>\n<p>Bogdan Ivan, ministrul energiei, a spus c\u0103 Rom\u00e2nia devine \u201eun juc\u0103tor-cheie \u00een industria global\u0103 a p\u0103m\u00e2nturilor rare\u201d.<\/p>\n<div id=\"billboard5\" class=\"inserted-position billboard-5 mobile\"><\/div>\n<h2 class=\"wp-block-heading\"><strong>Speciali\u0219tii FPCU Feldioara au respins oferta Critical Metals\u00a0<\/strong><\/h2>\n<p>Semnarea Term Sheet-ului s-a realizat de c\u0103tre conducerea executiv\u0103 a filialei FPCU Feldioara, cu informarea ulterioar\u0103 a Consiliului de Administra\u021bie al Nuclearelectrica.<\/p>\n<p>\u201eMen\u021bion\u0103m c\u0103 a fost respectat tot procesul de guvernan\u021b\u0103 corporativ\u0103, conform competen\u021belor. Concret, nu era necesar\u0103 aprobarea asociatului unic SNN pentru aprobarea unui document neangajant\u201d, a spus \u0219i Nuclearelectrica.<\/p>\n<p>Conform surselor din industrie, speciali\u0219tii FPCU Feldioara au respins oferta Critical Metals. De ce a fost semnat acordul \u00een pofida opiniei acestora, am \u00eentrebat Nuclearelectrica.<\/p>\n<div id=\"billboard6\" class=\"inserted-position billboard-6 mobile\"><\/div>\n<p>Reprezentan\u021bii Nuclearelectrica au r\u0103spuns c\u0103 nu a fost f\u0103cut\u0103 o evaluare tehnic\u0103 p\u00e2n\u0103 \u00een prezent \u0219i c\u0103 \u201esemnarea Term Sheet-ului are drept scop evaluarea tuturor elementelor pentru adoptarea unei decizii de business\u201d.<\/p>\n<p>Nuclearelectrica afirm\u0103 c\u0103 obiectivul este o colaborare \u00eentre cele dou\u0103 companii, \u00een lunile urm\u0103toare, pe baza prevederilor din Term-Sheet, pentru a evalua baza tehnic\u0103 \u0219i comercial\u0103 pentru \u00eenfiin\u021barea joint-venture, pentru construirea unei fabrici de prelucrare a metalelor rare de ultim\u0103 genera\u021bie \u00een Rom\u00e2nia.<\/p>\n<p>Compania sus\u021bine c\u0103 explorarea acestei posibilit\u0103\u021bi prin acest acord neangajant nu are implica\u021bii juridice \u0219i financiare pentru FPCU Feldioara sau Nuclearelectrica \u0219i \u201ereprezint\u0103 doar un poten\u021bial ce merit\u0103 a fi explorat\u201d.<\/p>\n<h2 class=\"wp-block-heading\"><strong>Ce spun Nuclearelectrica \u0219i Ministerul Energiei despre Frank Timi\u0219<\/strong><\/h2>\n<p>\u00cen ceea ce prive\u0219te structura ac\u021bionariatului Critical Metals \u0219i controlul real exercitat asupra companiei, Nuclearelectrica a r\u0103spuns c\u0103 \u201edin analiza datelor publice, at\u00e2t \u00een Rom\u00e2nia, c\u00e2t \u0219i \u00een SUA, nu am identificat faptul c\u0103 persoana men\u021bionat\u0103 (n.red. Frank Timi\u0219) ar controla CRML, direct sau indirect\u201d.<\/p>\n<div id=\"billboard7\" class=\"inserted-position billboard-7 mobile\"><\/div>\n<p>Ministerul Energiei nici nu a confirmat, nici nu a infirmat aceast\u0103 informa\u021bie. \u201eCompania Critical Metals Corp este o companie listat\u0103, structura actionariatului reprezent\u00e2nd o informa\u021bie public\u0103, transparent\u0103\u201d, a r\u0103spuns Ministerul Energiei \u00eentrebat dac\u0103 este la curent cu informa\u021biile potrivit c\u0103rora Critical Metals este controlat\u0103 de Frank Timi\u0219.<\/p>\n<p>Frank Timi\u0219 controleaz\u0103 companii care au f\u0103cut sau fac afaceri cu aur, petrol, gaze \u0219i diamante, mai ales \u00een \u021b\u0103ri africane.<\/p>\n<h2 class=\"wp-block-heading\"><strong>Ministerul Energiei despre varianta ca proiectul cu acordul s\u0103 fie folosit pentru un efect artificial pe burs\u0103<\/strong><\/h2>\n<p>Nuclearelectrica exclude posibilitatea ca aceast\u0103 ini\u021biativ\u0103 s\u0103 fie folosit\u0103 pentru a crea un efect artificial pe burs\u0103, f\u0103r\u0103 inten\u021bia real\u0103 de a dezvolta vreun proiect real.<\/p>\n<p>Acela\u0219i r\u0103spuns l-a oferit \u0219i Ministerul Energiei la \u00eentrebarea dac\u0103 exist\u0103 riscul ca proiectul s\u0103 fie folosit pentru a crea un efect artificial pe burs\u0103. \u201eO asemenea eventualitate este exclus\u0103. Ambele companii sunt listate, astfel c\u0103 trebuie s\u0103 depun\u0103 rapoarte ce vizeaz\u0103 proiectele de care sunt interesate, prezent\u00e2nd obiectivele acestora \u00een mod transparent\u201d, a r\u0103spuns Ministerul Energiei.<\/p>\n<p>Sursa articolului: <a title=\"\" href=\"https:\/\/hotnews.ro\/ministerul-economiei-sustine-ca-a-primit-o-oferta-care-ar-asigura-accesul-romaniei-la-zacaminte-in-groenlanda-ce-magnat-roman-binecunoscut-e-in-spatele-firmei-2149351\" target=\"_blank\" rel=\"noopener\">HotNews<\/a><\/p>","protected":false},"excerpt":{"rendered":"<p>Compania Critical Metals Corp, de\u021binut\u0103 de European Lithium, este \u00een discu\u021bii cu compania de stat Nuclearelectrica pentru construirea \u00een parteneriat a unei fabrici de procesare la Feldioara a p\u0103m\u00e2nturilor rare pe care Critical Metals Corps le extrage din Groenlanda. \u00cen 2024, firma Critical Metals a cump\u0103rat z\u0103c\u0103m\u00e2ntul Tanbreez din Groenlanda pentru 5 milioane de dolari&#8230;<\/p>","protected":false},"author":4,"featured_media":0,"comment_status":"open","ping_status":"open","sticky":false,"template":"","format":"standard","meta":{"footnotes":""},"categories":[1],"tags":[],"class_list":["post-3649","post","type-post","status-publish","format-standard","hentry","category-uncategorized"],"yoast_head":"<!-- This site is optimized with the Yoast SEO plugin v26.1.1 - https:\/\/yoast.com\/wordpress\/plugins\/seo\/ -->\n<title>Ministerul Energiei sus\u021bine c\u0103 a primit o ofert\u0103 care \u201ear asigura accesul Rom\u00e2niei la z\u0103c\u0103minte \u00een Groenlanda\u201d. \u00cen spatele ei se afl\u0103 magnatul care a fondat afacerea Ro\u0219ia Montan\u0103 - Carpathia Center Romania<\/title>\n<meta name=\"robots\" content=\"index, follow, max-snippet:-1, max-image-preview:large, max-video-preview:-1\" \/>\n<link rel=\"canonical\" href=\"https:\/\/carpathiacenter.ro\/en\/ministerul-energiei-sustine-ca-a-primit-o-oferta-care-ar-asigura-accesul-romaniei-la-zacaminte-in-groenlanda-in-spatele-ei-se-afla-magnatul-care-a-fondat-afacerea-rosia-montana\/\" \/>\n<meta property=\"og:locale\" content=\"en_GB\" \/>\n<meta property=\"og:type\" content=\"article\" \/>\n<meta property=\"og:title\" content=\"Ministerul Energiei sus\u021bine c\u0103 a primit o ofert\u0103 care \u201ear asigura accesul Rom\u00e2niei la z\u0103c\u0103minte \u00een Groenlanda\u201d. \u00cen spatele ei se afl\u0103 magnatul care a fondat afacerea Ro\u0219ia Montan\u0103 - Carpathia Center Romania\" \/>\n<meta property=\"og:description\" content=\"Compania Critical Metals Corp, de\u021binut\u0103 de European Lithium, este \u00een discu\u021bii cu compania de stat Nuclearelectrica pentru construirea \u00een parteneriat a unei fabrici de procesare la Feldioara a p\u0103m\u00e2nturilor rare pe care Critical Metals Corps le extrage din Groenlanda. \u00cen 2024, firma Critical Metals a cump\u0103rat z\u0103c\u0103m\u00e2ntul Tanbreez din Groenlanda pentru 5 milioane de dolari...\" \/>\n<meta property=\"og:url\" content=\"https:\/\/carpathiacenter.ro\/en\/ministerul-energiei-sustine-ca-a-primit-o-oferta-care-ar-asigura-accesul-romaniei-la-zacaminte-in-groenlanda-in-spatele-ei-se-afla-magnatul-care-a-fondat-afacerea-rosia-montana\/\" \/>\n<meta property=\"og:site_name\" content=\"Carpathia Center Romania\" \/>\n<meta property=\"article:publisher\" content=\"https:\/\/www.facebook.com\/fdpscarpathia\/\" \/>\n<meta property=\"article:published_time\" content=\"2026-01-14T08:27:26+00:00\" \/>\n<meta name=\"author\" content=\"creativebitsolutions\" \/>\n<meta name=\"twitter:card\" content=\"summary_large_image\" \/>\n<meta name=\"twitter:label1\" content=\"Written by\" \/>\n\t<meta name=\"twitter:data1\" content=\"creativebitsolutions\" \/>\n\t<meta name=\"twitter:label2\" content=\"Estimated reading time\" \/>\n\t<meta name=\"twitter:data2\" content=\"5 minutes\" \/>\n<script type=\"application\/ld+json\" class=\"yoast-schema-graph\">{\"@context\":\"https:\/\/schema.org\",\"@graph\":[{\"@type\":\"Article\",\"@id\":\"https:\/\/carpathiacenter.ro\/ministerul-energiei-sustine-ca-a-primit-o-oferta-care-ar-asigura-accesul-romaniei-la-zacaminte-in-groenlanda-in-spatele-ei-se-afla-magnatul-care-a-fondat-afacerea-rosia-montana\/#article\",\"isPartOf\":{\"@id\":\"https:\/\/carpathiacenter.ro\/ministerul-energiei-sustine-ca-a-primit-o-oferta-care-ar-asigura-accesul-romaniei-la-zacaminte-in-groenlanda-in-spatele-ei-se-afla-magnatul-care-a-fondat-afacerea-rosia-montana\/\"},\"author\":{\"name\":\"creativebitsolutions\",\"@id\":\"https:\/\/carpathiacenter.ro\/#\/schema\/person\/03d9f58202fee8379268f34afa195006\"},\"headline\":\"Ministerul Energiei sus\u021bine c\u0103 a primit o ofert\u0103 care \u201ear asigura accesul Rom\u00e2niei la z\u0103c\u0103minte \u00een Groenlanda\u201d. \u00cen spatele ei se afl\u0103 magnatul care a fondat afacerea Ro\u0219ia Montan\u0103\",\"datePublished\":\"2026-01-14T08:27:26+00:00\",\"mainEntityOfPage\":{\"@id\":\"https:\/\/carpathiacenter.ro\/ministerul-energiei-sustine-ca-a-primit-o-oferta-care-ar-asigura-accesul-romaniei-la-zacaminte-in-groenlanda-in-spatele-ei-se-afla-magnatul-care-a-fondat-afacerea-rosia-montana\/\"},\"wordCount\":934,\"commentCount\":0,\"publisher\":{\"@id\":\"https:\/\/carpathiacenter.ro\/#organization\"},\"articleSection\":[\"Uncategorized\"],\"inLanguage\":\"en-GB\",\"potentialAction\":[{\"@type\":\"CommentAction\",\"name\":\"Comment\",\"target\":[\"https:\/\/carpathiacenter.ro\/ministerul-energiei-sustine-ca-a-primit-o-oferta-care-ar-asigura-accesul-romaniei-la-zacaminte-in-groenlanda-in-spatele-ei-se-afla-magnatul-care-a-fondat-afacerea-rosia-montana\/#respond\"]}]},{\"@type\":\"WebPage\",\"@id\":\"https:\/\/carpathiacenter.ro\/ministerul-energiei-sustine-ca-a-primit-o-oferta-care-ar-asigura-accesul-romaniei-la-zacaminte-in-groenlanda-in-spatele-ei-se-afla-magnatul-care-a-fondat-afacerea-rosia-montana\/\",\"url\":\"https:\/\/carpathiacenter.ro\/ministerul-energiei-sustine-ca-a-primit-o-oferta-care-ar-asigura-accesul-romaniei-la-zacaminte-in-groenlanda-in-spatele-ei-se-afla-magnatul-care-a-fondat-afacerea-rosia-montana\/\",\"name\":\"Ministerul Energiei sus\u021bine c\u0103 a primit o ofert\u0103 care \u201ear asigura accesul Rom\u00e2niei la z\u0103c\u0103minte \u00een Groenlanda\u201d. \u00cen spatele ei se afl\u0103 magnatul care a fondat afacerea Ro\u0219ia Montan\u0103 - Carpathia Center Romania\",\"isPartOf\":{\"@id\":\"https:\/\/carpathiacenter.ro\/#website\"},\"datePublished\":\"2026-01-14T08:27:26+00:00\",\"breadcrumb\":{\"@id\":\"https:\/\/carpathiacenter.ro\/ministerul-energiei-sustine-ca-a-primit-o-oferta-care-ar-asigura-accesul-romaniei-la-zacaminte-in-groenlanda-in-spatele-ei-se-afla-magnatul-care-a-fondat-afacerea-rosia-montana\/#breadcrumb\"},\"inLanguage\":\"en-GB\",\"potentialAction\":[{\"@type\":\"ReadAction\",\"target\":[\"https:\/\/carpathiacenter.ro\/ministerul-energiei-sustine-ca-a-primit-o-oferta-care-ar-asigura-accesul-romaniei-la-zacaminte-in-groenlanda-in-spatele-ei-se-afla-magnatul-care-a-fondat-afacerea-rosia-montana\/\"]}]},{\"@type\":\"BreadcrumbList\",\"@id\":\"https:\/\/carpathiacenter.ro\/ministerul-energiei-sustine-ca-a-primit-o-oferta-care-ar-asigura-accesul-romaniei-la-zacaminte-in-groenlanda-in-spatele-ei-se-afla-magnatul-care-a-fondat-afacerea-rosia-montana\/#breadcrumb\",\"itemListElement\":[{\"@type\":\"ListItem\",\"position\":1,\"name\":\"Prima pagin\u0103\",\"item\":\"https:\/\/carpathiacenter.ro\/\"},{\"@type\":\"ListItem\",\"position\":2,\"name\":\"Ministerul Energiei sus\u021bine c\u0103 a primit o ofert\u0103 care \u201ear asigura accesul Rom\u00e2niei la z\u0103c\u0103minte \u00een Groenlanda\u201d. \u00cen spatele ei se afl\u0103 magnatul care a fondat afacerea Ro\u0219ia Montan\u0103\"}]},{\"@type\":\"WebSite\",\"@id\":\"https:\/\/carpathiacenter.ro\/#website\",\"url\":\"https:\/\/carpathiacenter.ro\/\",\"name\":\"Carpathia Center Romania\",\"description\":\"Impossible made possible!\",\"publisher\":{\"@id\":\"https:\/\/carpathiacenter.ro\/#organization\"},\"potentialAction\":[{\"@type\":\"SearchAction\",\"target\":{\"@type\":\"EntryPoint\",\"urlTemplate\":\"https:\/\/carpathiacenter.ro\/?s={search_term_string}\"},\"query-input\":{\"@type\":\"PropertyValueSpecification\",\"valueRequired\":true,\"valueName\":\"search_term_string\"}}],\"inLanguage\":\"en-GB\"},{\"@type\":\"Organization\",\"@id\":\"https:\/\/carpathiacenter.ro\/#organization\",\"name\":\"Carpathia Center Romania\",\"url\":\"https:\/\/carpathiacenter.ro\/\",\"logo\":{\"@type\":\"ImageObject\",\"inLanguage\":\"en-GB\",\"@id\":\"https:\/\/carpathiacenter.ro\/#\/schema\/logo\/image\/\",\"url\":\"https:\/\/carpathiacenter.ro\/wp-content\/uploads\/2024\/07\/logo-carpathia_bg_white-1024x941.png\",\"contentUrl\":\"https:\/\/carpathiacenter.ro\/wp-content\/uploads\/2024\/07\/logo-carpathia_bg_white-1024x941.png\",\"width\":1024,\"height\":941,\"caption\":\"Carpathia Center Romania\"},\"image\":{\"@id\":\"https:\/\/carpathiacenter.ro\/#\/schema\/logo\/image\/\"},\"sameAs\":[\"https:\/\/www.facebook.com\/fdpscarpathia\/\"]},{\"@type\":\"Person\",\"@id\":\"https:\/\/carpathiacenter.ro\/#\/schema\/person\/03d9f58202fee8379268f34afa195006\",\"name\":\"creativebitsolutions\",\"image\":{\"@type\":\"ImageObject\",\"inLanguage\":\"en-GB\",\"@id\":\"https:\/\/carpathiacenter.ro\/#\/schema\/person\/image\/\",\"url\":\"https:\/\/secure.gravatar.com\/avatar\/1b1a13e37f847c635dab78348f1dff2f07651ee2a3d77a5c355a4b8c75f9165a?s=96&d=mm&r=g\",\"contentUrl\":\"https:\/\/secure.gravatar.com\/avatar\/1b1a13e37f847c635dab78348f1dff2f07651ee2a3d77a5c355a4b8c75f9165a?s=96&d=mm&r=g\",\"caption\":\"creativebitsolutions\"},\"url\":\"https:\/\/carpathiacenter.ro\/en\/author\/creativebitsolutions\/\"}]}<\/script>\n<!-- \/ Yoast SEO plugin. -->","yoast_head_json":{"title":"Ministerul Energiei sus\u021bine c\u0103 a primit o ofert\u0103 care \u201ear asigura accesul Rom\u00e2niei la z\u0103c\u0103minte \u00een Groenlanda\u201d. \u00cen spatele ei se afl\u0103 magnatul care a fondat afacerea Ro\u0219ia Montan\u0103 - Carpathia Center Romania","robots":{"index":"index","follow":"follow","max-snippet":"max-snippet:-1","max-image-preview":"max-image-preview:large","max-video-preview":"max-video-preview:-1"},"canonical":"https:\/\/carpathiacenter.ro\/en\/ministerul-energiei-sustine-ca-a-primit-o-oferta-care-ar-asigura-accesul-romaniei-la-zacaminte-in-groenlanda-in-spatele-ei-se-afla-magnatul-care-a-fondat-afacerea-rosia-montana\/","og_locale":"en_GB","og_type":"article","og_title":"Ministerul Energiei sus\u021bine c\u0103 a primit o ofert\u0103 care \u201ear asigura accesul Rom\u00e2niei la z\u0103c\u0103minte \u00een Groenlanda\u201d. \u00cen spatele ei se afl\u0103 magnatul care a fondat afacerea Ro\u0219ia Montan\u0103 - Carpathia Center Romania","og_description":"Compania Critical Metals Corp, de\u021binut\u0103 de European Lithium, este \u00een discu\u021bii cu compania de stat Nuclearelectrica pentru construirea \u00een parteneriat a unei fabrici de procesare la Feldioara a p\u0103m\u00e2nturilor rare pe care Critical Metals Corps le extrage din Groenlanda. \u00cen 2024, firma Critical Metals a cump\u0103rat z\u0103c\u0103m\u00e2ntul Tanbreez din Groenlanda pentru 5 milioane de dolari...","og_url":"https:\/\/carpathiacenter.ro\/en\/ministerul-energiei-sustine-ca-a-primit-o-oferta-care-ar-asigura-accesul-romaniei-la-zacaminte-in-groenlanda-in-spatele-ei-se-afla-magnatul-care-a-fondat-afacerea-rosia-montana\/","og_site_name":"Carpathia Center Romania","article_publisher":"https:\/\/www.facebook.com\/fdpscarpathia\/","article_published_time":"2026-01-14T08:27:26+00:00","author":"creativebitsolutions","twitter_card":"summary_large_image","twitter_misc":{"Written by":"creativebitsolutions","Estimated reading time":"5 minutes"},"schema":{"@context":"https:\/\/schema.org","@graph":[{"@type":"Article","@id":"https:\/\/carpathiacenter.ro\/ministerul-energiei-sustine-ca-a-primit-o-oferta-care-ar-asigura-accesul-romaniei-la-zacaminte-in-groenlanda-in-spatele-ei-se-afla-magnatul-care-a-fondat-afacerea-rosia-montana\/#article","isPartOf":{"@id":"https:\/\/carpathiacenter.ro\/ministerul-energiei-sustine-ca-a-primit-o-oferta-care-ar-asigura-accesul-romaniei-la-zacaminte-in-groenlanda-in-spatele-ei-se-afla-magnatul-care-a-fondat-afacerea-rosia-montana\/"},"author":{"name":"creativebitsolutions","@id":"https:\/\/carpathiacenter.ro\/#\/schema\/person\/03d9f58202fee8379268f34afa195006"},"headline":"Ministerul Energiei sus\u021bine c\u0103 a primit o ofert\u0103 care \u201ear asigura accesul Rom\u00e2niei la z\u0103c\u0103minte \u00een Groenlanda\u201d. \u00cen spatele ei se afl\u0103 magnatul care a fondat afacerea Ro\u0219ia Montan\u0103","datePublished":"2026-01-14T08:27:26+00:00","mainEntityOfPage":{"@id":"https:\/\/carpathiacenter.ro\/ministerul-energiei-sustine-ca-a-primit-o-oferta-care-ar-asigura-accesul-romaniei-la-zacaminte-in-groenlanda-in-spatele-ei-se-afla-magnatul-care-a-fondat-afacerea-rosia-montana\/"},"wordCount":934,"commentCount":0,"publisher":{"@id":"https:\/\/carpathiacenter.ro\/#organization"},"articleSection":["Uncategorized"],"inLanguage":"en-GB","potentialAction":[{"@type":"CommentAction","name":"Comment","target":["https:\/\/carpathiacenter.ro\/ministerul-energiei-sustine-ca-a-primit-o-oferta-care-ar-asigura-accesul-romaniei-la-zacaminte-in-groenlanda-in-spatele-ei-se-afla-magnatul-care-a-fondat-afacerea-rosia-montana\/#respond"]}]},{"@type":"WebPage","@id":"https:\/\/carpathiacenter.ro\/ministerul-energiei-sustine-ca-a-primit-o-oferta-care-ar-asigura-accesul-romaniei-la-zacaminte-in-groenlanda-in-spatele-ei-se-afla-magnatul-care-a-fondat-afacerea-rosia-montana\/","url":"https:\/\/carpathiacenter.ro\/ministerul-energiei-sustine-ca-a-primit-o-oferta-care-ar-asigura-accesul-romaniei-la-zacaminte-in-groenlanda-in-spatele-ei-se-afla-magnatul-care-a-fondat-afacerea-rosia-montana\/","name":"Ministerul Energiei sus\u021bine c\u0103 a primit o ofert\u0103 care \u201ear asigura accesul Rom\u00e2niei la z\u0103c\u0103minte \u00een Groenlanda\u201d. \u00cen spatele ei se afl\u0103 magnatul care a fondat afacerea Ro\u0219ia Montan\u0103 - Carpathia Center Romania","isPartOf":{"@id":"https:\/\/carpathiacenter.ro\/#website"},"datePublished":"2026-01-14T08:27:26+00:00","breadcrumb":{"@id":"https:\/\/carpathiacenter.ro\/ministerul-energiei-sustine-ca-a-primit-o-oferta-care-ar-asigura-accesul-romaniei-la-zacaminte-in-groenlanda-in-spatele-ei-se-afla-magnatul-care-a-fondat-afacerea-rosia-montana\/#breadcrumb"},"inLanguage":"en-GB","potentialAction":[{"@type":"ReadAction","target":["https:\/\/carpathiacenter.ro\/ministerul-energiei-sustine-ca-a-primit-o-oferta-care-ar-asigura-accesul-romaniei-la-zacaminte-in-groenlanda-in-spatele-ei-se-afla-magnatul-care-a-fondat-afacerea-rosia-montana\/"]}]},{"@type":"BreadcrumbList","@id":"https:\/\/carpathiacenter.ro\/ministerul-energiei-sustine-ca-a-primit-o-oferta-care-ar-asigura-accesul-romaniei-la-zacaminte-in-groenlanda-in-spatele-ei-se-afla-magnatul-care-a-fondat-afacerea-rosia-montana\/#breadcrumb","itemListElement":[{"@type":"ListItem","position":1,"name":"Prima pagin\u0103","item":"https:\/\/carpathiacenter.ro\/"},{"@type":"ListItem","position":2,"name":"Ministerul Energiei sus\u021bine c\u0103 a primit o ofert\u0103 care \u201ear asigura accesul Rom\u00e2niei la z\u0103c\u0103minte \u00een Groenlanda\u201d. \u00cen spatele ei se afl\u0103 magnatul care a fondat afacerea Ro\u0219ia Montan\u0103"}]},{"@type":"WebSite","@id":"https:\/\/carpathiacenter.ro\/#website","url":"https:\/\/carpathiacenter.ro\/","name":"Carpathia Center Romania","description":"Impossible made possible!","publisher":{"@id":"https:\/\/carpathiacenter.ro\/#organization"},"potentialAction":[{"@type":"SearchAction","target":{"@type":"EntryPoint","urlTemplate":"https:\/\/carpathiacenter.ro\/?s={search_term_string}"},"query-input":{"@type":"PropertyValueSpecification","valueRequired":true,"valueName":"search_term_string"}}],"inLanguage":"en-GB"},{"@type":"Organization","@id":"https:\/\/carpathiacenter.ro\/#organization","name":"Carpathia Center Romania","url":"https:\/\/carpathiacenter.ro\/","logo":{"@type":"ImageObject","inLanguage":"en-GB","@id":"https:\/\/carpathiacenter.ro\/#\/schema\/logo\/image\/","url":"https:\/\/carpathiacenter.ro\/wp-content\/uploads\/2024\/07\/logo-carpathia_bg_white-1024x941.png","contentUrl":"https:\/\/carpathiacenter.ro\/wp-content\/uploads\/2024\/07\/logo-carpathia_bg_white-1024x941.png","width":1024,"height":941,"caption":"Carpathia Center Romania"},"image":{"@id":"https:\/\/carpathiacenter.ro\/#\/schema\/logo\/image\/"},"sameAs":["https:\/\/www.facebook.com\/fdpscarpathia\/"]},{"@type":"Person","@id":"https:\/\/carpathiacenter.ro\/#\/schema\/person\/03d9f58202fee8379268f34afa195006","name":"creativebitsolutions","image":{"@type":"ImageObject","inLanguage":"en-GB","@id":"https:\/\/carpathiacenter.ro\/#\/schema\/person\/image\/","url":"https:\/\/secure.gravatar.com\/avatar\/1b1a13e37f847c635dab78348f1dff2f07651ee2a3d77a5c355a4b8c75f9165a?s=96&d=mm&r=g","contentUrl":"https:\/\/secure.gravatar.com\/avatar\/1b1a13e37f847c635dab78348f1dff2f07651ee2a3d77a5c355a4b8c75f9165a?s=96&d=mm&r=g","caption":"creativebitsolutions"},"url":"https:\/\/carpathiacenter.ro\/en\/author\/creativebitsolutions\/"}]}},"_links":{"self":[{"href":"https:\/\/carpathiacenter.ro\/en\/wp-json\/wp\/v2\/posts\/3649","targetHints":{"allow":["GET"]}}],"collection":[{"href":"https:\/\/carpathiacenter.ro\/en\/wp-json\/wp\/v2\/posts"}],"about":[{"href":"https:\/\/carpathiacenter.ro\/en\/wp-json\/wp\/v2\/types\/post"}],"author":[{"embeddable":true,"href":"https:\/\/carpathiacenter.ro\/en\/wp-json\/wp\/v2\/users\/4"}],"replies":[{"embeddable":true,"href":"https:\/\/carpathiacenter.ro\/en\/wp-json\/wp\/v2\/comments?post=3649"}],"version-history":[{"count":1,"href":"https:\/\/carpathiacenter.ro\/en\/wp-json\/wp\/v2\/posts\/3649\/revisions"}],"predecessor-version":[{"id":3650,"href":"https:\/\/carpathiacenter.ro\/en\/wp-json\/wp\/v2\/posts\/3649\/revisions\/3650"}],"wp:attachment":[{"href":"https:\/\/carpathiacenter.ro\/en\/wp-json\/wp\/v2\/media?parent=3649"}],"wp:term":[{"taxonomy":"category","embeddable":true,"href":"https:\/\/carpathiacenter.ro\/en\/wp-json\/wp\/v2\/categories?post=3649"},{"taxonomy":"post_tag","embeddable":true,"href":"https:\/\/carpathiacenter.ro\/en\/wp-json\/wp\/v2\/tags?post=3649"}],"curies":[{"name":"wp","href":"https:\/\/api.w.org\/{rel}","templated":true}]}}