{"id":3647,"date":"2026-01-14T08:25:56","date_gmt":"2026-01-14T08:25:56","guid":{"rendered":"https:\/\/carpathiacenter.ro\/?p=3647"},"modified":"2026-01-14T08:25:56","modified_gmt":"2026-01-14T08:25:56","slug":"soferilor-din-romania-li-se-va-lua-carnetul-pentru-prima-oara-daca-nu-indeplinesc-o-conditie-financiara","status":"publish","type":"post","link":"https:\/\/carpathiacenter.ro\/en\/soferilor-din-romania-li-se-va-lua-carnetul-pentru-prima-oara-daca-nu-indeplinesc-o-conditie-financiara\/","title":{"rendered":"\u0218oferilor din Rom\u00e2nia li se va lua carnetul pentru prima oar\u0103 dac\u0103 nu \u00eendeplinesc o condi\u021bie financiar\u0103"},"content":{"rendered":"<p><strong>Proiectul de lege prin care urmeaz\u0103 s\u0103 fie reduse cheltuielile administra\u021biei publice centrale \u0219i locale a fost pus, mar\u021bi sear\u0103, \u00een dezbatere public\u0103 de c\u0103tre Ministerul Dezvolt\u0103rii.<\/strong><\/p>\n<p>Legea recent propus\u0103 modific\u0103 mai multe acte normative, av\u00e2nd prevederi care se refer\u0103 \u0219i la modul de func\u021bionare ale institu\u021biilor publice, amenzile rutiere, impozitele pe cl\u0103diri sau desf\u0103\u0219urarea jocurilor de noroc.<\/p>\n<p>\u201eProiectul prevede o sc\u0103dere cu 10% a cheltuielilor de personal din administra\u021bia public\u0103 central\u0103, f\u0103r\u0103 s\u0103 fie afectate salariile de baz\u0103 ale angaja\u021bilor, prin reorganizarea institu\u021bional\u0103, reducerea de sporuri sau t\u0103ieri de posturi. La nivelul autorit\u0103\u021bilor locale se prevede o reducere a posturilor de la pct. 1 din anexa la OUG nr. 63\/2010, care va genera pe ansamblul autorit\u0103\u021bilor administra\u021biei publice locale o reducere cu 10% a posturilor ocupate\u201d, a transmis Ministerul Dezvolt\u0103rii, \u00eentr-un comunicat de pres\u0103.<\/p>\n<h2 class=\"wp-block-heading\">Economii de 5,7 miliarde anual<\/h2>\n<p>\u00cen expunerea de motive a proiectului de lege, se spune c\u0103 actul normativ este necesar \u00een condi\u021biile \u00een care Rom\u00e2nia \u015fi-a asumat o traiectorie de reducere a deficitului bugetar de la 7,9% \u00een anul 2024 la sub 3% \u00een anul 2031 pe baza unor ipoteze care \u0163in de cheltuielile publice \u015fi de evolu\u0163ia acestora \u00een perioada 2025 \u2013 2031 care s\u0103 determine o ajustare de 6 ppt, respectiv o reducere de la 41,9% din PIB la 35,9% din PIB \u00een anul 2031.<\/p>\n<p>\u201e\u00cen anul 2026, \u00een mod temporar, autorit\u0103\u021bile locale pot aproba diminuarea cheltuielilor de personal propor\u021bional cu cheltuielile aferente num\u0103rului de posturi ocupate ce ar trebui desfiin\u021bate\u201d, precizeaz\u0103 Ministerul Dezvolt\u0103rii.<\/p>\n<p>Potrivit estim\u0103rilor, economiile realizate la buget \u00een acest an vor fi de 3,367 miliarde de lei, iar \u00een anii 2027-2030, economiile vor fi de 5,765 miliarde de lei.<\/p>\n<p>Pe l\u00e2ng\u0103 reducerile de cheltuieli, proiectul vizeaz\u0103 modific\u0103ri ale Codului Administrativ, de exemplu privind regimul propriet\u0103\u021bii publice \u0219i private ale administra\u021biilor locale.<\/p>\n<h2 class=\"wp-block-heading\">Mandate limitate pentru \u00eenal\u021bii func\u021bionari<\/h2>\n<p>De asemenea, este stabilit\u0103 \u0219i o metodologie pentru realizarea procesului de evaluare a performan\u021belor profesionale individuale ale func\u021bionarilor publici pe baz\u0103 de competen\u021be.<\/p>\n<p>\u00cenal\u021bii func\u021bionari publici care lucreaz\u0103 \u00een autorit\u0103\u021bi \u0219i institu\u021bii publice ale administra\u021biei publice centrale, inclusiv autorit\u0103\u021bi administrative autonome prev\u0103zute de Constitu\u021bie sau \u00eenfiin\u021bate prin lege organic\u0103 vor avea mandat limitat de 3 ani, care poate fi \u00eennoit o singur\u0103 dat\u0103 pe aceea\u0219i func\u021bie \u0219i \u00een cadrul aceea\u0219i institu\u021bii, dup\u0103 care vor fi supu\u0219i obligatoriu rota\u021biei pe alte func\u021bii \u0219i la cap\u0103tul unei evalu\u0103ri multianuale.<\/p>\n<p>Actul normativ prevede \u0219i reducerea num\u0103rului de posturi din cadrul cabinetului sau cancelariei demnitarilor sau ale\u0219ilor din administra\u021bia local\u0103. De exemplu, pentru premier num\u0103rul de posturi din cabinetul premierului scade de la 9 la 5, iar pentru primarul Capitalei scade de la 6 la 4.<\/p>\n<p>Agen\u021bia Na\u021bional\u0103 de Cadastru \u0219i Publicitate Imobiliar\u0103 \u0219i Agen\u021bia Na\u021bional\u0103 pentru Locuin\u021be vor avea un num\u0103r de membri \u00een consiliul de administra\u021bie limitat la 5, fa\u021b\u0103 de 9, respectiv 7 \u00een momentul de fa\u021b\u0103. Num\u0103rul maxim de posturi din prefecturi va fi redus cu 25%.<\/p>\n<p>Pentru cre\u0219terea veniturilor administra\u021biilor locale, s-a introdus m\u0103sura major\u0103rii impozitului cu 100% pentru cl\u0103dirile ridicate f\u0103r\u0103 autoriza\u021bie de construc\u021bie, pe o perioad\u0103 de 5 ani.<\/p>\n<p>\u201eAutorit\u0103\u021bile administra\u021biei publice locale vor putea efectua inspec\u021bii pe teren \u0219i prin imagini satelitare, drone \u0219i alte tehnologii pentru identificarea cl\u0103dirilor f\u0103r\u0103 autoriza\u021bie sau nedeclarate. Imaginile pot fi folosite ca probe pentru sanc\u021biuni fiscale \u0219i disciplinare, cu scopul s\u0103 \u00eembun\u0103t\u0103\u021beasc\u0103 controlul \u0219i identificarea construc\u021biilor ilegale sau nedeclarate\u201d, se spune \u00een expunerea de motive.<\/p>\n<h2 class=\"wp-block-heading\">M\u0103suri privind amenzile rutiere<\/h2>\n<p>De asemenea, perioada de suspendare a dreptului de a conduce pentru contraven\u021bii poate fi redus\u0103 atunci c\u00e2nd contravenientul prezint\u0103 dovada pl\u0103\u021bii tuturor datoriilor c\u0103tre bugetul local al unit\u0103\u021bii administrativ-teritoriale unde \u00ee\u0219i are domiciliul, inclusiv plata amenzii pentru contraven\u021bia care a condus la suspendarea dreptului de a conduce, pentru a stimula cet\u0103\u021benii s\u0103-\u0219i achite toate obliga\u021biile fa\u021b\u0103 de autorit\u0103\u021bile locale.<\/p>\n<p>Pe de alt\u0103 parte, se adaug\u0103 reguli privind majorarea cuantumului amenzilor contraven\u021bionale \u00een cazul neachit\u0103rii lor la termenele ini\u021biale: o majorare de 30% dac\u0103 amenda nu este pl\u0103tit\u0103 \u00een 3 luni dup\u0103 termenul stabilit \u0219i o alt\u0103 majorare de 30% dac\u0103 neachitarea continu\u0103 dup\u0103 6 luni.<\/p>\n<p>\u0218oferii nu pot conduce autovehicule, tractoare agricole\/forestiere sau tramvaie pe drumurile publice dac\u0103 nu achit\u0103 \u00een termen de 90 de zile crean\u021bele provenite din amenzi contraven\u021bionale.<\/p>\n<h2 class=\"wp-block-heading\">Reglement\u0103ri privind jocurile de noroc<\/h2>\n<p>Num\u0103rul poli\u021bi\u0219tilor locali pe care o prim\u0103rie \u00eei va putea angaja este stabilit \u00een func\u021bie de urm\u0103toarele criterii:<br \/>\na) un post pentru fiecare 1.200 de locuitori pentru comune, ora\u015fe, municipii, \u015fi sectoare ale municipiului Bucure\u015fti;<br \/>\nb) un post pentru fiecare 6.500 de locuitori pentru jude\u0163e, respectiv municipiul Bucure\u015fti;<br \/>\nc) unit\u0103\u0163ile administrativ-teritoriale cu num\u0103rul locuitorilor mai mic de 4.500 nu pot \u00eenfiin\u021ba poli\u021bie local\u0103 dec\u00e2t dac\u0103 cheltuielile sec\u021biunii de func\u021bionare sunt asigurate integral din venituri proprii. \u00cen acest caz num\u0103rul este de maxim 3 poli\u021bi\u0219ti locali.<\/p>\n<p>Proiectul introduce \u0219i reglement\u0103ri \u00een ce prive\u0219te desf\u0103\u0219urarea jocurilor de noroc. Astfel, operatorii acestora vor trebui s\u0103 cear\u0103 acordul ini\u021bial al prim\u0103riilor pe raza c\u0103rora vor s\u0103-\u0219i desf\u0103\u0219oare activitatea,, iar autorizarea lor trebuie re\u00eennoit\u0103 anual.<\/p>\n<p>\u201ePrin hot\u0103r\u00e2re a consiliului local se introduce posibilitatea expres\u0103 de delimitare a zonelor \u00een care aceste activit\u0103\u021bi pot fi desf\u0103\u0219urate \u0219i de stabilire a cuantumului taxei locale datorate pentru ob\u021binerea autoriza\u021biei de func\u021bionare, calculat\u0103 \u00een func\u021bie de suprafa\u021ba spa\u021biului \u00een care urmeaz\u0103 s\u0103 se desf\u0103\u0219oare activitatea\u201d, precizeaz\u0103 ministerul.<\/p>\n<p>Sursa articolului:  <a href=\"https:\/\/hotnews.ro\/document-proiectul-de-lege-privind-reducerea-cheltuielilor-administratiei-publice-cu-10-a-fost-publicat-de-ministerul-dezvoltarii-care-sunt-principalele-prevederi-2149468\" target=\"_blank\" rel=\"noopener\" title=\"\">HotNews<\/a><\/p>","protected":false},"excerpt":{"rendered":"<p>Proiectul de lege prin care urmeaz\u0103 s\u0103 fie reduse cheltuielile administra\u021biei publice centrale \u0219i locale a fost pus, mar\u021bi sear\u0103, \u00een dezbatere public\u0103 de c\u0103tre Ministerul Dezvolt\u0103rii. Legea recent propus\u0103 modific\u0103 mai multe acte normative, av\u00e2nd prevederi care se refer\u0103 \u0219i la modul de func\u021bionare ale institu\u021biilor publice, amenzile rutiere, impozitele pe cl\u0103diri sau desf\u0103\u0219urarea&#8230;<\/p>","protected":false},"author":4,"featured_media":0,"comment_status":"open","ping_status":"open","sticky":false,"template":"","format":"standard","meta":{"footnotes":""},"categories":[1],"tags":[],"class_list":["post-3647","post","type-post","status-publish","format-standard","hentry","category-uncategorized"],"yoast_head":"<!-- This site is optimized with the Yoast SEO plugin v26.1.1 - https:\/\/yoast.com\/wordpress\/plugins\/seo\/ -->\n<title>\u0218oferilor din Rom\u00e2nia li se va lua carnetul pentru prima oar\u0103 dac\u0103 nu \u00eendeplinesc o condi\u021bie financiar\u0103 - Carpathia Center Romania<\/title>\n<meta name=\"robots\" content=\"index, follow, max-snippet:-1, max-image-preview:large, max-video-preview:-1\" \/>\n<link rel=\"canonical\" href=\"https:\/\/carpathiacenter.ro\/en\/soferilor-din-romania-li-se-va-lua-carnetul-pentru-prima-oara-daca-nu-indeplinesc-o-conditie-financiara\/\" \/>\n<meta property=\"og:locale\" content=\"en_GB\" \/>\n<meta property=\"og:type\" content=\"article\" \/>\n<meta property=\"og:title\" content=\"\u0218oferilor din Rom\u00e2nia li se va lua carnetul pentru prima oar\u0103 dac\u0103 nu \u00eendeplinesc o condi\u021bie financiar\u0103 - Carpathia Center Romania\" \/>\n<meta property=\"og:description\" content=\"Proiectul de lege prin care urmeaz\u0103 s\u0103 fie reduse cheltuielile administra\u021biei publice centrale \u0219i locale a fost pus, mar\u021bi sear\u0103, \u00een dezbatere public\u0103 de c\u0103tre Ministerul Dezvolt\u0103rii. Legea recent propus\u0103 modific\u0103 mai multe acte normative, av\u00e2nd prevederi care se refer\u0103 \u0219i la modul de func\u021bionare ale institu\u021biilor publice, amenzile rutiere, impozitele pe cl\u0103diri sau desf\u0103\u0219urarea...\" \/>\n<meta property=\"og:url\" content=\"https:\/\/carpathiacenter.ro\/en\/soferilor-din-romania-li-se-va-lua-carnetul-pentru-prima-oara-daca-nu-indeplinesc-o-conditie-financiara\/\" \/>\n<meta property=\"og:site_name\" content=\"Carpathia Center Romania\" \/>\n<meta property=\"article:publisher\" content=\"https:\/\/www.facebook.com\/fdpscarpathia\/\" \/>\n<meta property=\"article:published_time\" content=\"2026-01-14T08:25:56+00:00\" \/>\n<meta name=\"author\" content=\"creativebitsolutions\" \/>\n<meta name=\"twitter:card\" content=\"summary_large_image\" \/>\n<meta name=\"twitter:label1\" content=\"Written by\" \/>\n\t<meta name=\"twitter:data1\" content=\"creativebitsolutions\" \/>\n\t<meta name=\"twitter:label2\" content=\"Estimated reading time\" \/>\n\t<meta name=\"twitter:data2\" content=\"5 minutes\" \/>\n<script type=\"application\/ld+json\" class=\"yoast-schema-graph\">{\"@context\":\"https:\/\/schema.org\",\"@graph\":[{\"@type\":\"Article\",\"@id\":\"https:\/\/carpathiacenter.ro\/soferilor-din-romania-li-se-va-lua-carnetul-pentru-prima-oara-daca-nu-indeplinesc-o-conditie-financiara\/#article\",\"isPartOf\":{\"@id\":\"https:\/\/carpathiacenter.ro\/soferilor-din-romania-li-se-va-lua-carnetul-pentru-prima-oara-daca-nu-indeplinesc-o-conditie-financiara\/\"},\"author\":{\"name\":\"creativebitsolutions\",\"@id\":\"https:\/\/carpathiacenter.ro\/#\/schema\/person\/03d9f58202fee8379268f34afa195006\"},\"headline\":\"\u0218oferilor din Rom\u00e2nia li se va lua carnetul pentru prima oar\u0103 dac\u0103 nu \u00eendeplinesc o condi\u021bie financiar\u0103\",\"datePublished\":\"2026-01-14T08:25:56+00:00\",\"mainEntityOfPage\":{\"@id\":\"https:\/\/carpathiacenter.ro\/soferilor-din-romania-li-se-va-lua-carnetul-pentru-prima-oara-daca-nu-indeplinesc-o-conditie-financiara\/\"},\"wordCount\":998,\"commentCount\":0,\"publisher\":{\"@id\":\"https:\/\/carpathiacenter.ro\/#organization\"},\"articleSection\":[\"Uncategorized\"],\"inLanguage\":\"en-GB\",\"potentialAction\":[{\"@type\":\"CommentAction\",\"name\":\"Comment\",\"target\":[\"https:\/\/carpathiacenter.ro\/soferilor-din-romania-li-se-va-lua-carnetul-pentru-prima-oara-daca-nu-indeplinesc-o-conditie-financiara\/#respond\"]}]},{\"@type\":\"WebPage\",\"@id\":\"https:\/\/carpathiacenter.ro\/soferilor-din-romania-li-se-va-lua-carnetul-pentru-prima-oara-daca-nu-indeplinesc-o-conditie-financiara\/\",\"url\":\"https:\/\/carpathiacenter.ro\/soferilor-din-romania-li-se-va-lua-carnetul-pentru-prima-oara-daca-nu-indeplinesc-o-conditie-financiara\/\",\"name\":\"\u0218oferilor din Rom\u00e2nia li se va lua carnetul pentru prima oar\u0103 dac\u0103 nu \u00eendeplinesc o condi\u021bie financiar\u0103 - Carpathia Center Romania\",\"isPartOf\":{\"@id\":\"https:\/\/carpathiacenter.ro\/#website\"},\"datePublished\":\"2026-01-14T08:25:56+00:00\",\"breadcrumb\":{\"@id\":\"https:\/\/carpathiacenter.ro\/soferilor-din-romania-li-se-va-lua-carnetul-pentru-prima-oara-daca-nu-indeplinesc-o-conditie-financiara\/#breadcrumb\"},\"inLanguage\":\"en-GB\",\"potentialAction\":[{\"@type\":\"ReadAction\",\"target\":[\"https:\/\/carpathiacenter.ro\/soferilor-din-romania-li-se-va-lua-carnetul-pentru-prima-oara-daca-nu-indeplinesc-o-conditie-financiara\/\"]}]},{\"@type\":\"BreadcrumbList\",\"@id\":\"https:\/\/carpathiacenter.ro\/soferilor-din-romania-li-se-va-lua-carnetul-pentru-prima-oara-daca-nu-indeplinesc-o-conditie-financiara\/#breadcrumb\",\"itemListElement\":[{\"@type\":\"ListItem\",\"position\":1,\"name\":\"Prima pagin\u0103\",\"item\":\"https:\/\/carpathiacenter.ro\/\"},{\"@type\":\"ListItem\",\"position\":2,\"name\":\"\u0218oferilor din Rom\u00e2nia li se va lua carnetul pentru prima oar\u0103 dac\u0103 nu \u00eendeplinesc o condi\u021bie financiar\u0103\"}]},{\"@type\":\"WebSite\",\"@id\":\"https:\/\/carpathiacenter.ro\/#website\",\"url\":\"https:\/\/carpathiacenter.ro\/\",\"name\":\"Carpathia Center Romania\",\"description\":\"Impossible made possible!\",\"publisher\":{\"@id\":\"https:\/\/carpathiacenter.ro\/#organization\"},\"potentialAction\":[{\"@type\":\"SearchAction\",\"target\":{\"@type\":\"EntryPoint\",\"urlTemplate\":\"https:\/\/carpathiacenter.ro\/?s={search_term_string}\"},\"query-input\":{\"@type\":\"PropertyValueSpecification\",\"valueRequired\":true,\"valueName\":\"search_term_string\"}}],\"inLanguage\":\"en-GB\"},{\"@type\":\"Organization\",\"@id\":\"https:\/\/carpathiacenter.ro\/#organization\",\"name\":\"Carpathia Center Romania\",\"url\":\"https:\/\/carpathiacenter.ro\/\",\"logo\":{\"@type\":\"ImageObject\",\"inLanguage\":\"en-GB\",\"@id\":\"https:\/\/carpathiacenter.ro\/#\/schema\/logo\/image\/\",\"url\":\"https:\/\/carpathiacenter.ro\/wp-content\/uploads\/2024\/07\/logo-carpathia_bg_white-1024x941.png\",\"contentUrl\":\"https:\/\/carpathiacenter.ro\/wp-content\/uploads\/2024\/07\/logo-carpathia_bg_white-1024x941.png\",\"width\":1024,\"height\":941,\"caption\":\"Carpathia Center Romania\"},\"image\":{\"@id\":\"https:\/\/carpathiacenter.ro\/#\/schema\/logo\/image\/\"},\"sameAs\":[\"https:\/\/www.facebook.com\/fdpscarpathia\/\"]},{\"@type\":\"Person\",\"@id\":\"https:\/\/carpathiacenter.ro\/#\/schema\/person\/03d9f58202fee8379268f34afa195006\",\"name\":\"creativebitsolutions\",\"image\":{\"@type\":\"ImageObject\",\"inLanguage\":\"en-GB\",\"@id\":\"https:\/\/carpathiacenter.ro\/#\/schema\/person\/image\/\",\"url\":\"https:\/\/secure.gravatar.com\/avatar\/1b1a13e37f847c635dab78348f1dff2f07651ee2a3d77a5c355a4b8c75f9165a?s=96&d=mm&r=g\",\"contentUrl\":\"https:\/\/secure.gravatar.com\/avatar\/1b1a13e37f847c635dab78348f1dff2f07651ee2a3d77a5c355a4b8c75f9165a?s=96&d=mm&r=g\",\"caption\":\"creativebitsolutions\"},\"url\":\"https:\/\/carpathiacenter.ro\/en\/author\/creativebitsolutions\/\"}]}<\/script>\n<!-- \/ Yoast SEO plugin. -->","yoast_head_json":{"title":"\u0218oferilor din Rom\u00e2nia li se va lua carnetul pentru prima oar\u0103 dac\u0103 nu \u00eendeplinesc o condi\u021bie financiar\u0103 - Carpathia Center Romania","robots":{"index":"index","follow":"follow","max-snippet":"max-snippet:-1","max-image-preview":"max-image-preview:large","max-video-preview":"max-video-preview:-1"},"canonical":"https:\/\/carpathiacenter.ro\/en\/soferilor-din-romania-li-se-va-lua-carnetul-pentru-prima-oara-daca-nu-indeplinesc-o-conditie-financiara\/","og_locale":"en_GB","og_type":"article","og_title":"\u0218oferilor din Rom\u00e2nia li se va lua carnetul pentru prima oar\u0103 dac\u0103 nu \u00eendeplinesc o condi\u021bie financiar\u0103 - Carpathia Center Romania","og_description":"Proiectul de lege prin care urmeaz\u0103 s\u0103 fie reduse cheltuielile administra\u021biei publice centrale \u0219i locale a fost pus, mar\u021bi sear\u0103, \u00een dezbatere public\u0103 de c\u0103tre Ministerul Dezvolt\u0103rii. Legea recent propus\u0103 modific\u0103 mai multe acte normative, av\u00e2nd prevederi care se refer\u0103 \u0219i la modul de func\u021bionare ale institu\u021biilor publice, amenzile rutiere, impozitele pe cl\u0103diri sau desf\u0103\u0219urarea...","og_url":"https:\/\/carpathiacenter.ro\/en\/soferilor-din-romania-li-se-va-lua-carnetul-pentru-prima-oara-daca-nu-indeplinesc-o-conditie-financiara\/","og_site_name":"Carpathia Center Romania","article_publisher":"https:\/\/www.facebook.com\/fdpscarpathia\/","article_published_time":"2026-01-14T08:25:56+00:00","author":"creativebitsolutions","twitter_card":"summary_large_image","twitter_misc":{"Written by":"creativebitsolutions","Estimated reading time":"5 minutes"},"schema":{"@context":"https:\/\/schema.org","@graph":[{"@type":"Article","@id":"https:\/\/carpathiacenter.ro\/soferilor-din-romania-li-se-va-lua-carnetul-pentru-prima-oara-daca-nu-indeplinesc-o-conditie-financiara\/#article","isPartOf":{"@id":"https:\/\/carpathiacenter.ro\/soferilor-din-romania-li-se-va-lua-carnetul-pentru-prima-oara-daca-nu-indeplinesc-o-conditie-financiara\/"},"author":{"name":"creativebitsolutions","@id":"https:\/\/carpathiacenter.ro\/#\/schema\/person\/03d9f58202fee8379268f34afa195006"},"headline":"\u0218oferilor din Rom\u00e2nia li se va lua carnetul pentru prima oar\u0103 dac\u0103 nu \u00eendeplinesc o condi\u021bie financiar\u0103","datePublished":"2026-01-14T08:25:56+00:00","mainEntityOfPage":{"@id":"https:\/\/carpathiacenter.ro\/soferilor-din-romania-li-se-va-lua-carnetul-pentru-prima-oara-daca-nu-indeplinesc-o-conditie-financiara\/"},"wordCount":998,"commentCount":0,"publisher":{"@id":"https:\/\/carpathiacenter.ro\/#organization"},"articleSection":["Uncategorized"],"inLanguage":"en-GB","potentialAction":[{"@type":"CommentAction","name":"Comment","target":["https:\/\/carpathiacenter.ro\/soferilor-din-romania-li-se-va-lua-carnetul-pentru-prima-oara-daca-nu-indeplinesc-o-conditie-financiara\/#respond"]}]},{"@type":"WebPage","@id":"https:\/\/carpathiacenter.ro\/soferilor-din-romania-li-se-va-lua-carnetul-pentru-prima-oara-daca-nu-indeplinesc-o-conditie-financiara\/","url":"https:\/\/carpathiacenter.ro\/soferilor-din-romania-li-se-va-lua-carnetul-pentru-prima-oara-daca-nu-indeplinesc-o-conditie-financiara\/","name":"\u0218oferilor din Rom\u00e2nia li se va lua carnetul pentru prima oar\u0103 dac\u0103 nu \u00eendeplinesc o condi\u021bie financiar\u0103 - Carpathia Center Romania","isPartOf":{"@id":"https:\/\/carpathiacenter.ro\/#website"},"datePublished":"2026-01-14T08:25:56+00:00","breadcrumb":{"@id":"https:\/\/carpathiacenter.ro\/soferilor-din-romania-li-se-va-lua-carnetul-pentru-prima-oara-daca-nu-indeplinesc-o-conditie-financiara\/#breadcrumb"},"inLanguage":"en-GB","potentialAction":[{"@type":"ReadAction","target":["https:\/\/carpathiacenter.ro\/soferilor-din-romania-li-se-va-lua-carnetul-pentru-prima-oara-daca-nu-indeplinesc-o-conditie-financiara\/"]}]},{"@type":"BreadcrumbList","@id":"https:\/\/carpathiacenter.ro\/soferilor-din-romania-li-se-va-lua-carnetul-pentru-prima-oara-daca-nu-indeplinesc-o-conditie-financiara\/#breadcrumb","itemListElement":[{"@type":"ListItem","position":1,"name":"Prima pagin\u0103","item":"https:\/\/carpathiacenter.ro\/"},{"@type":"ListItem","position":2,"name":"\u0218oferilor din Rom\u00e2nia li se va lua carnetul pentru prima oar\u0103 dac\u0103 nu \u00eendeplinesc o condi\u021bie financiar\u0103"}]},{"@type":"WebSite","@id":"https:\/\/carpathiacenter.ro\/#website","url":"https:\/\/carpathiacenter.ro\/","name":"Carpathia Center Romania","description":"Impossible made possible!","publisher":{"@id":"https:\/\/carpathiacenter.ro\/#organization"},"potentialAction":[{"@type":"SearchAction","target":{"@type":"EntryPoint","urlTemplate":"https:\/\/carpathiacenter.ro\/?s={search_term_string}"},"query-input":{"@type":"PropertyValueSpecification","valueRequired":true,"valueName":"search_term_string"}}],"inLanguage":"en-GB"},{"@type":"Organization","@id":"https:\/\/carpathiacenter.ro\/#organization","name":"Carpathia Center Romania","url":"https:\/\/carpathiacenter.ro\/","logo":{"@type":"ImageObject","inLanguage":"en-GB","@id":"https:\/\/carpathiacenter.ro\/#\/schema\/logo\/image\/","url":"https:\/\/carpathiacenter.ro\/wp-content\/uploads\/2024\/07\/logo-carpathia_bg_white-1024x941.png","contentUrl":"https:\/\/carpathiacenter.ro\/wp-content\/uploads\/2024\/07\/logo-carpathia_bg_white-1024x941.png","width":1024,"height":941,"caption":"Carpathia Center Romania"},"image":{"@id":"https:\/\/carpathiacenter.ro\/#\/schema\/logo\/image\/"},"sameAs":["https:\/\/www.facebook.com\/fdpscarpathia\/"]},{"@type":"Person","@id":"https:\/\/carpathiacenter.ro\/#\/schema\/person\/03d9f58202fee8379268f34afa195006","name":"creativebitsolutions","image":{"@type":"ImageObject","inLanguage":"en-GB","@id":"https:\/\/carpathiacenter.ro\/#\/schema\/person\/image\/","url":"https:\/\/secure.gravatar.com\/avatar\/1b1a13e37f847c635dab78348f1dff2f07651ee2a3d77a5c355a4b8c75f9165a?s=96&d=mm&r=g","contentUrl":"https:\/\/secure.gravatar.com\/avatar\/1b1a13e37f847c635dab78348f1dff2f07651ee2a3d77a5c355a4b8c75f9165a?s=96&d=mm&r=g","caption":"creativebitsolutions"},"url":"https:\/\/carpathiacenter.ro\/en\/author\/creativebitsolutions\/"}]}},"_links":{"self":[{"href":"https:\/\/carpathiacenter.ro\/en\/wp-json\/wp\/v2\/posts\/3647","targetHints":{"allow":["GET"]}}],"collection":[{"href":"https:\/\/carpathiacenter.ro\/en\/wp-json\/wp\/v2\/posts"}],"about":[{"href":"https:\/\/carpathiacenter.ro\/en\/wp-json\/wp\/v2\/types\/post"}],"author":[{"embeddable":true,"href":"https:\/\/carpathiacenter.ro\/en\/wp-json\/wp\/v2\/users\/4"}],"replies":[{"embeddable":true,"href":"https:\/\/carpathiacenter.ro\/en\/wp-json\/wp\/v2\/comments?post=3647"}],"version-history":[{"count":1,"href":"https:\/\/carpathiacenter.ro\/en\/wp-json\/wp\/v2\/posts\/3647\/revisions"}],"predecessor-version":[{"id":3648,"href":"https:\/\/carpathiacenter.ro\/en\/wp-json\/wp\/v2\/posts\/3647\/revisions\/3648"}],"wp:attachment":[{"href":"https:\/\/carpathiacenter.ro\/en\/wp-json\/wp\/v2\/media?parent=3647"}],"wp:term":[{"taxonomy":"category","embeddable":true,"href":"https:\/\/carpathiacenter.ro\/en\/wp-json\/wp\/v2\/categories?post=3647"},{"taxonomy":"post_tag","embeddable":true,"href":"https:\/\/carpathiacenter.ro\/en\/wp-json\/wp\/v2\/tags?post=3647"}],"curies":[{"name":"wp","href":"https:\/\/api.w.org\/{rel}","templated":true}]}}