{"id":3643,"date":"2026-01-13T08:17:28","date_gmt":"2026-01-13T08:17:28","guid":{"rendered":"https:\/\/carpathiacenter.ro\/?p=3643"},"modified":"2026-01-13T08:17:28","modified_gmt":"2026-01-13T08:17:28","slug":"marirea-impozitelor-pe-proprietate-episodul-ascuns-pe-care-il-stiu-toate-partidele-dar-prefera-sa-nu-mai-vorbeasca-despre-el","status":"publish","type":"post","link":"https:\/\/carpathiacenter.ro\/en\/marirea-impozitelor-pe-proprietate-episodul-ascuns-pe-care-il-stiu-toate-partidele-dar-prefera-sa-nu-mai-vorbeasca-despre-el\/","title":{"rendered":"M\u0103rirea impozitelor pe proprietate: episodul ascuns pe care \u00eel \u0219tiu toate partidele, dar prefer\u0103 s\u0103 nu mai vorbeasc\u0103 despre el"},"content":{"rendered":"<p><strong>Un moment b\u00e2ntuie politica la v\u00e2rf a Rom\u00e2niei, dar pu\u021bin\u0103 lume vrea s\u0103 pun\u0103 degetul pe el, pentru c\u0103 atinge trei partide de la guvernare. Adev\u0103rul e \u00eens\u0103 c\u0103 majorarea cu 50% a impozitelor pe proprietate trebuia s\u0103 se produc\u0103 de la 1 ianuarie 2023. Guvernul a calculat \u0219i a propus. S-a votat \u00een Parlament. Ciolacu \u0219i Ciuc\u0103 au fugit de asumarea major\u0103rii impozitelor pe proprietate. Bugetul a pierdut 12 miliarde de lei. I-am \u00eentrebat ce cred acum.<\/strong><\/p>\n<p>Fostul ministru de Finan\u021be Adrian C\u00e2ciu (PSD) a explicat \u00eentr-un dialog cu HotNews c\u0103 prin am\u00e2narea Ciolacu-Ciuc\u0103 bugetul a pierdut 4 miliarde de lei doar \u00een 2023. \u00cen total, p\u00e2n\u0103 azi, e vorba de 12 miliarde de lei \u00een trei ani dac\u0103 m\u0103sura se aplica cum fusese stabilit.<\/p>\n<div id=\"billboard2\" class=\"inserted-position billboard-2\"><\/div>\n<p>\u201eEste evident, Ciolacu \u0219i Ciuc\u0103 au mers pe logica \u201evedem ce va fi dup\u0103, dar s\u0103 ie\u0219im noi bine la alegeri\u201d, Erau foarte bine \u00een\u021bele\u0219i, se discuta foarte clar cum o s\u0103 mergem pe 10 ani, cum o s\u0103 fie unul pre\u0219edinte \u0219i altul premier, c\u0103 o s\u0103 fie lapte \u0219i miere. Nu a fost deloc a\u0219a\u201d, spune \u0219i primarul PSD din Buz\u0103u Constantin Toma, \u00eentr-o discu\u021bie cu redac\u021bia.<\/p>\n<p>Acest episod merit\u0103 adus \u00een prezent. Am discutat cu mul\u021bi dintre cei implica\u021bi atunci \u00een decizia cre\u0219terii taxelor. A fost \u0219i votat\u0103 \u00een Parlament, dar n-a fost aplicat\u0103.<\/p>\n<h2 class=\"wp-block-heading\"><strong>2021: \u201eC\u00e2t mai aproape de valoarea de pia\u021b\u0103 a propriet\u0103\u021bii\u201d<\/strong><\/h2>\n<p>Filmul major\u0103rii impozitelor locale a \u00eenceput \u00een 2021. M\u0103sura era cuprins\u0103 \u00een PNRR, f\u0103r\u0103 ca jalonul s\u0103 prevad\u0103 o majorare clar\u0103 a impozitelor locale, ci doar o estimare a bazei impozabile \u201ec\u00e2t mai aproape de valoarea de pia\u021b\u0103 a propriet\u0103\u021bii\u201d.<\/p>\n<div id=\"billboard3\" class=\"inserted-position billboard-3\"><\/div>\n<p>PSD \u0219i PNL au avut la dispozi\u021bie dou\u0103 solu\u021bii care puteau determina cre\u0219terea impozitului pe proprietate de la 1 ianuarie 2023. Prima este OG 16 din vara lui 2022, act asumat de ministerul de Finan\u021be condus de Adrian C\u00e2ciu (PSD).<\/p>\n<p>C\u00e2ciu sus\u021bine c\u0103 prin OG16 s-a stabilit un mod de impozitare a propriet\u0103\u021bilor, cl\u0103diri sau terenuri, care s\u0103 fie procent din valoarea propriet\u0103\u021bii. Bugetul ar fi c\u00e2\u0219tigat anual 4 miliarde de lei dac\u0103 m\u0103sura era \u00een vigoare \u0219i nu era prorogat\u0103.<\/p>\n<h2 class=\"wp-block-heading\"><strong>C\u00e2ciu: \u201e4 miliarde de lei\u201d<\/strong><\/h2>\n<p>\u201eImpozitul pe proprietate a fost stabilit s\u0103 creasc\u0103 de la 1 ianuarie 2023, \u00een baza OG 16\/2022, av\u00e2nd ca mod de calcul aplicarea unui procent de 0.1% din valoarea propriet\u0103\u021bii\u201d.<\/p>\n<div id=\"billboard4\" class=\"inserted-position billboard-4 mobile\"><\/div>\n<p>\u201eAcest tip de impozitare era \u00een conformitate cu jalonul PNRR privind reformarea impozit\u0103rii propriet\u0103\u021bii \u0219i era agreat cu Comisia European\u0103. \u00cen acest sens, a fost adoptat\u0103 \u0219i legea bugetului de stat pe anul 2023\u201d<\/p>\n<p>\u201eVeniturile suplimentare estimate a se \u00eencasa pe baza acestei m\u0103suri erau de circa 4 miliarde de lei pentru anul 2023\u201d<\/p>\n<p>\u201eDin p\u0103cate, prin legea 370\/2022, adoptat\u0103 de Parlament pe 20 decembrie, dup\u0103 ce legea bugetului a fost promulgat\u0103, m\u0103sura privind noul mod de taxare a propriet\u0103\u021bii a fost prorogat\u0103 p\u00e2n\u0103 la 1 ianuarie 2025\u201d, a declarat Adrian C\u00e2ciu.<\/p>\n<h2 class=\"wp-block-heading\"><strong>2022: Senatul a votat m\u0103rirea impozitelor\u00a0<\/strong><\/h2>\n<p>Al doilea moment se petrece \u00een octombrie 2022, c\u00e2nd OG 16 ajunge \u00een Parlament \u0219i se decide modificarea ei. Amendamentul privind majorarea impozitului pe proprietate a fost sus\u021binut de PSD \u0219i PNL, dar \u0219i de ministerul de Finan\u021be, condus de Adrian C\u00e2ciu de la PSD.<\/p>\n<div id=\"billboard5\" class=\"inserted-position billboard-5 mobile\"><\/div>\n<p>Printre semnatarii amendamentului care putea duce la cre\u0219terea impozitului pe proprietate cu 50% se num\u0103r\u0103 Radu Oprea (PSD) actualul secretar general al Guvernului, dar \u0219i liberalii Ciprian Pandea \u0219i Nicolae Neagu, membri ai Comisiei de buget din Senat.<\/p>\n<p>Cu 67 de voturi \u201epentru\u201d \u0219i 37 voturi \u201e\u00eempotriv\u0103\u201d, Senatul a adoptat amendamentul depus de senatori de la PSD \u0219i PNL pe 12 octombrie 2022.<\/p>\n<h2 class=\"wp-block-heading\"><strong>Pandea: \u201eNu e normal s\u0103 ai o cas\u0103 de 500 de mp \u0219i s\u0103 pl\u0103te\u0219ti 200 de lei impozit pe an\u201d<\/strong><\/h2>\n<p>Ciprian Pandea sus\u021bine c\u0103 a depus amendamentul pentru c\u0103 exista o decizie \u00een Coali\u021bie, iar m\u0103sura trebuia sus\u021binut\u0103 de PSD \u0219i PNL \u00een Senat.<\/p>\n<p>\u201eAmendamentul a fost parte a unui acord \u00een Coali\u021bie, era sus\u021binut de ministerul de Finan\u021be. Ne-am asumat decizia Coali\u021biei de la acel moment plec\u00e2nd \u0219i de la faptul c\u0103 nu e normal s\u0103 ai o cas\u0103 de 500 de mp \u0219i s\u0103 pl\u0103te\u0219ti 200 de lei impozit pe an, era unul dintre exemple, altele au fost penthouse de milioane \u0219i impozit extrem de mic. Acesta a fost motivul pentru care am depus amendamentul \u00een Parlament, ca urmare a deciziei Coali\u021biei de guvernare\u201d, a declarat Pandea pentru HotNews.<\/p>\n<p>Radu Oprea (PSD) sus\u021binea dup\u0103 votul din Senat, \u00een octombrie 2022, c\u0103 se va modifica grila de impozitare \u0219i c\u0103 exist\u0103 o cre\u0219tere a grilei cu p\u00e2n\u0103 la 50%.<\/p>\n<p>\u201eConform amendamentului votat \u00een Comisia de buget, se modific\u0103 grila de impozitare, dar marja \u00een care po\u0163i stabili impozitele locale pe teren \u015fi imobile r\u0103m\u00e2n\u00e2nd aceea\u015fi: 0,08 \u2013 0,2%. Exist\u0103 o cre\u015ftere a acestei grile cu p\u00e2n\u0103 la 50%, dar din deciziile consiliilor locale, situa\u0163ia \u00een oricare dintre localit\u0103\u0163ile din Rom\u00e2nia poate fi de la sc\u0103derea p\u00e2n\u0103 la cre\u015fterea taxelor \u015fi impozitelor. Poate r\u0103m\u00e2ne \u015fi la fel\u201d, afirma Oprea, citat de<a href=\"https:\/\/hotnews.ro\/senatul-a-votat-majorarea-impozitelor-pe-proprietate-cu-50-decizia-finala-apartine-deputatilor-103040\">\u00a0Hotnews.<\/a><\/p>\n<h2 class=\"wp-block-heading\"><strong>Revolta primarilor \u00eenainte de alegeri. Ciolacu \u0219i Ciuc\u0103 schimb\u0103 planul<\/strong><\/h2>\n<p>Pentru ca impozitul pe proprietate s\u0103 se majoreze cu 50% de la 1 ianuarie 2023, votul final urma s\u0103 fie dat \u00een Camera Deputa\u021bilor, condus\u0103 de Marcel Ciolacu \u00een 2022. Fostul lider PSD se preg\u0103tea s\u0103 devin\u0103 premier de la jum\u0103tate anului 2023, \u00een urma protocolului din Coali\u021biei privind rocada premierilor.<\/p>\n<div id=\"billboard7\" class=\"inserted-position billboard-7 mobile\"><\/div>\n<p>Marcel Ciolacu s-a \u00eent\u00e2lnit cu primarii \u00een mai multe \u0219edin\u021be. Problema principal\u0103 era,\u00a0<a href=\"https:\/\/romania.europalibera.org\/a\/impozite-proprietate-crestere-50-la-suta\/32075730.html\" target=\"_blank\" rel=\"noopener\">potrivit Europa Liber\u0103<\/a>, cine \u00ee\u0219i asum\u0103 r\u0103spunderea pentru majorarea impozitelor pe proprietate: Guvernul, Parlamentul sau autorit\u0103\u021bile locale?<\/p>\n<p>Liderii PSD s-au \u00eent\u00e2lnit cu ale\u0219ii locali la Vila Lac pentru a dezbate situa\u021bia. \u00cen cealalt\u0103 tab\u0103r\u0103, Nicolae Ciuc\u0103 era presat de proprii ale\u0219i locali.<\/p>\n<h2 class=\"wp-block-heading\"><strong>Marcel Ciolacu, \u00een 2022: Haide\u021bi s\u0103 nu facem un carcalete. Taxele locale nu ajut\u0103 bugetul de stat<\/strong><\/h2>\n<p>Marcel Ciolacu, fost pre\u0219edinte PSD, a dat semnalul c\u0103 nu va sus\u021bine varianta propus\u0103 de ministerul de Finan\u021be, OG16\/2022, dup\u0103 \u00eent\u00e2lnirea cu primarii social-democra\u021bi.<\/p>\n<p><a href=\"https:\/\/hotnews.ro\/haideti-sa-nu-facem-un-carcalete-ce-a-discutat-ciolacu-cu-primarii-psd-despre-marirea-taxelor-locale-103323\">\u201eHaide\u021bi s\u0103 nu facem un carcalete.<\/a>\u00a0M\u0103rirea taxelor locale nu ajut\u0103 bugetul de stat. M\u0103rirea pe propriet\u0103\u021bi, care ajut\u0103 bugetele locale, a fost f\u0103cut\u0103 prin Ordonan\u021b\u0103 de Urgen\u021b\u0103. Primarii au spus c\u0103 nu se poate aplica grila notarial\u0103. Se caut\u0103 alt\u0103 formul\u0103, care s\u0103 fie corect\u0103\u201d, a declarat Marcel Ciolacu, pre\u0219edintele PSD, luni seara, 10 octombrie 2022, la finalul \u0219edin\u021bei Consiliului Politic Na\u021bional.<\/p>\n<p>La dou\u0103 zile dup\u0103 aceast\u0103 declara\u021bie, Senatul a votat amendamentul sus\u021binut de PSD, PNL \u0219i ministerul de Finan\u021be privind majorarea impozitului pe proprietate cu 50%. USR \u0219i AUR au votat \u00eempotriva amendamentului.<\/p>\n<div id=\"billboard8\" class=\"inserted-position billboard-8 mobile\"><\/div>\n<h2 class=\"wp-block-heading\"><strong>Motivul: \u201ePresiunea pe banii rom\u00e2nilor este mare din cauza infla\u021biei\u201d<\/strong><\/h2>\n<p>Situa\u021bia se schimb\u0103 iar \u00een luna noiembrie, c\u00e2nd Coali\u021bia decide s\u0103 nu mai aprobe legea votat\u0103 \u00een Senat. Camera Deputa\u021bilor elimin\u0103 amendamentul votat \u00een luna octombrie.<\/p>\n<p>Alfred Simonis,fost lider de grup al PSD \u00een Camera Deputa\u021bilor, dezv\u0103luia pentru Europa Liber\u0103 c\u0103 \u00een Coali\u021bie s-a decis s\u0103 nu se mai majoreze impozitele pe proprietate de la 1 ianuarie 2023.<\/p>\n<p>\u201ePresiunea pe banii rom\u00e2nilor este mare din cauza infla\u021biei, cre\u0219terea pre\u021bului la energie \u0219i combustibil, iar o nou\u0103 presiune nu \u00ee\u0219i are sensul. Se va elimina amendamentul de la Senat care cre\u0219te impozitele de la 1 ianuarie 2023\u201d, a spus Alfred Simonis,\u00a0<a href=\"https:\/\/romania.europalibera.org\/a\/impozit-proprietate-nu-se-majoreaz%C4%83-2025\/32130506.html\" target=\"_blank\" rel=\"noopener\">pentru Europa Liber\u0103<\/a>, \u00een noiembrie 2022.<\/p>\n<p>El preciza c\u0103 impozitele pe proprietate se vor majora de la 1 ianuarie 2025, dup\u0103 anul electoral 2024.<\/p>\n<h2 class=\"wp-block-heading\"><strong>Ciuc\u0103 explic\u0103, Ciolacu tace<\/strong><\/h2>\n<p>L-am \u00eentrebat pe fostul premier Nicolae Ciuc\u0103 de ce s-a am\u00e2nat majorarea impozitului pe proprietate de la 1 ianuarie 2023. O \u00eentrebare similar\u0103 am adresat-o \u0219i lui Marcel Ciolacu, fost pre\u0219edinte PSD.<\/p>\n<div id=\"billboard9\" class=\"inserted-position billboard-9 mobile\"><\/div>\n<p>\u201eEra perioada \u00een care abia se ie\u0219ise din pandemie, r\u0103zboiul din Ucraina era \u00een plin\u0103 desf\u0103\u0219urare, doar ce \u00eencepuse, am considerat c\u0103 nu este momentul pentru o astfel de m\u0103sur\u0103\u201d, a declarat Nicolae Ciuc\u0103 pentru HotNews.ro.<\/p>\n<p>Fostul premier sus\u021bine c\u0103 nu s-a consultat cu primarii PNL pe acest subiect.<\/p>\n<p>Pe 30 august 2022, premierul Nicolae Ciuc\u0103 afirma \u00eens\u0103,\u00a0<a href=\"https:\/\/www.g4media.ro\/noile-impozite-locale-pe-cladiri-ar-putea-fi-amanate-premierul-ciuca-analizam-in-coalitie-sa-prorogam-termenul.html\" target=\"_blank\" rel=\"noopener\">potrivit G4Media,<\/a>\u00a0c\u0103 liderii Coali\u021biei de guvernare discut\u0103 am\u00e2narea noilor impozite locale pe cl\u0103diri.<\/p>\n<p>Ciuc\u0103 preciza, la Ovidiu, c\u0103 propunerea a fost f\u0103cut\u0103 de asocia\u021bia primarilor de comune, dar \u0219i de cea de ora\u0219e \u0219i municipii. Asocia\u021bia municipiilor era condus\u0103 \u00een acel moment de Emil Boc, membru PNL.<\/p>\n<p>\u201eNu mai \u021bin minte toate am\u0103nuntele\u201d, a ad\u0103ugat Nicolae Ciuc\u0103 pentru HotNews. Marcel Ciolacu nu a r\u0103spuns \u00eentreb\u0103rilor.<\/p>\n<h2 class=\"wp-block-heading\"><strong>C\u00e2ciu: Nu a fost singura m\u0103sur\u0103 care a afectat bugetul de stat<\/strong><\/h2>\n<p>Fostul ministru de Finan\u021be Adrian C\u00e2ciu spune\u00a0 c\u0103 am\u00e2narea major\u0103rii impozitului pe proprietate nu a fost singura m\u0103sur\u0103 care a avut un impact negativ asupra bugetului.<\/p>\n<p>\u201eAu mai existat prorog\u0103ri \u0219i la micro\u00eentreprinderi \u0219i la alte impozite aferente unor venituri realizate de contribuabili. Per total, legea 370\/2022 care aprob\u0103 OG16 a provocat un minus de venituri la buget de circa 8 miliarde de lei, minus de venituri care a avut ca efect un deficit mai mare dec\u00e2t cel asumat prin legea bugetului de stat\u201d, a fost pozi\u021bia lui Adrian C\u00e2ciu pentru HotNews.ro.<\/p>\n<p>Legea 370\/2022 este cea care prorog\u0103 majorarea taxelor de proprietate p\u00e2n\u0103 la 1 ianuarie 2025.<\/p>\n<p>Potrivit acestuia, majorarea impozitelor pe proprietate se putea aplica de 1 ianuarie 2023 a\u0219a cum s-a aplicat de la 1 ianuarie 2026.<\/p>\n<p>\u201eDecizia de adoptare a legii 370\/2022 a fost, din punctul meu de vedere, una strict politic\u0103, luat\u0103 de coali\u021bie de guvernare. Nu exista vreun impediment \u00een aplicarea OG16, iar dac\u0103 ar fi fost vreunul de ordin tehnic acesta ar fi putut fi cuprins \u00een ordonan\u021ba trenule\u021b care a stat la baza legii bugetului. Este la fel cum \u00een prezent, decizia a fost una politic\u0103, a actualei coali\u021bii\u201d, a precizat Adrian C\u00e2ciu, fost ministru de Finan\u021be pentru Hotnews.ro.<\/p>\n<p>C\u00e2ciu sus\u021bine c\u0103 a fost \u201esup\u0103rat\u201d c\u0103 impozitul pe proprietate nu a fost majorat de la 1 ianuarie 2023, iar celelalte m\u0103suri au fost prorogate.<\/p>\n<h2 class=\"wp-block-heading\"><strong>Toma: Dac\u0103 guvernul Bolojan nu ac\u021biona, se aplica legea lui C\u00e2ciu. Impozitul pe proprietate se poate majora din nou<\/strong><\/h2>\n<p>Primarul municipiului Buz\u0103u, Constantin Toma, sus\u021bine c\u0103 dac\u0103 guvernul Bolojan nu lua o decizie \u00een privin\u021ba impozitului pe proprietate, acesta urma s\u0103 se majoreze conform Ordonan\u021bei lui C\u00e2ciu din 2022.<\/p>\n<p>Potrivit acestuia, s-ar putea ajunge la o nou\u0103 majorare a impozitului pe proprietate, dac\u0103 impozitarea se va face la valoare de pia\u021b\u0103.<\/p>\n<p>\u201e\u00cen\u021beleg c\u0103 exist\u0103 deja simul\u0103ri \u0219i este posibil ca de la 1 ianuarie 2027 sau mai t\u00e2rziu s\u0103 se ajung\u0103 la aceast\u0103 situa\u021bie. Majorarea s-ar aplica pentru activele cu valoare mare. Una e s\u0103 ai o vil\u0103 de c\u00e2teva milioane \u00een centrul Capitalei \u0219i alta e s\u0103 ai o bojdeuc\u0103 \u00een marginea Bucure\u0219tiului\u201d, a declarat Constantin Toma pentru\u00a0<a href=\"https:\/\/hotnews.ro\/\">HotNews.ro<\/a>.<\/p>\n<h2 class=\"wp-block-heading\"><strong>Metafora primarului: \u201eBolojan poate s\u0103 fie \u00eempu\u0219cat acum, dar e \u00eempu\u0219cat de poman\u0103\u201d<\/strong><\/h2>\n<p>Edilul sus\u021bine c\u0103 majorarea impozitelor pe proprietate trebuia aplicat\u0103 de 1 ianuarie 2023 pentru ca deficitul s\u0103 nu creasc\u0103.<\/p>\n<p>\u201eBolojan poate s\u0103 fie \u00eempu\u0219cat acum, dar e \u00eempu\u0219cat de poman\u0103. El a fost obligat s\u0103 fac\u0103 acest lucru, era jalon \u00een PNRR \u0219i acel deficit de 9.4% din PIB. Deficitul a f\u0103cut s\u0103 ne treac\u0103 glon\u021bul pe la t\u00e2mpl\u0103 c\u0103 ajungeam \u00een \u00eencetare de pl\u0103\u021bi \u0219i asta e defini\u021bia falimentului, FMI ar fi \u00eenlocuit ministerul de Finan\u021be. Din p\u0103cate, o spun cu p\u0103rere de r\u0103u pentru Marcel, nu a avut viziunea s\u0103 anticipeze \u0219i momentele grele. Ciolacu nu asculta de mine, era o echip\u0103 de conducere, aveau tot felul de consilieri care i-au dat sfaturile proaste\u201d, este concluzia primarului municipiului Buz\u0103u.<\/p>\n<p>El atrage aten\u021bia c\u0103 de\u0219i impozitele pe proprietate au crescut exist\u0103 riscul ca oamenii s\u0103 nu le pl\u0103teasc\u0103.<\/p>\n<h2 class=\"wp-block-heading\"><strong>Ilie Bolojan: Nu ne putem \u00eemprumuta s\u0103 transfer\u0103m bani c\u0103tre autorit\u0103\u021bile locale<\/strong><\/h2>\n<p>Premierul Ilie Bolojan a precizat c\u0103 m\u0103sura major\u0103rii impozitelor pe proprietate a fost luat\u0103 din cauza deficitului excesiv.<\/p>\n<p>\u201eDat fiind deficitele pe care le are Rom\u00e2nia, noi nu mai putem s\u0103 transfer\u0103m c\u0103tre autorit\u0103\u0163ile locale sumele pe care le-am transferat \u00een ace\u015fti ani, pentru c\u0103 ace\u015fti bani nu \u00eei mai avem. \u00cemprumutam \u015fi pl\u0103team ni\u015fte dob\u00e2nzi enorme, care ne-au dus \u00een situa\u0163ia \u00een care suntem\u201d, a declarat premierul la\u00a0<a href=\"https:\/\/www.digi24.ro\/stiri\/actualitate\/politica\/ce-a-raspuns-ilie-bolojan-cand-a-fost-intrebat-daca-si-a-platit-taxele-pe-2026-3570417\" target=\"_blank\" rel=\"noopener\">Digi24<\/a>.<\/p>\n<h2 class=\"wp-block-heading\"><strong>Scurt istoric din 2021 p\u00e2n\u0103 \u00een 2026<\/strong><\/h2>\n<ul class=\"wp-block-list\">\n<li>PNRR 2021 \u2013 documentul nu prevede o majorare explicit\u0103 a impozitelor pe proprietate, dar se precizeaz\u0103 c\u0103 \u201ebaza impozabil\u0103 trebuie s\u0103 fie c\u00e2t mai aproape de valoarea propriet\u0103\u021bii\u201d<\/li>\n<li>OG 16\/2022 \u2013 sus\u021binut\u0103 de ministrul de Finan\u021be, Adrian C\u00e2ciu (PSD), majora impozitele pe proprietate. OG 16\/2022 a fost prorogat\u0103 p\u00e2n\u0103 la 1 ianuarie 2025 dup\u0103 o decizie a Coali\u021biei PSD-PNL-UDMR.<\/li>\n<li>Modificare OG 16\/2022 \u00een Parlament \u2013 PSD, PNL, UDMR au votat \u00een Senat, \u00een octombrie 2022, un amendament prin care impozitele pe proprietate cresc cu 50% de la 1 ianuarie 2023. Amendamentul a fost eliminat de Coali\u021bie \u00een noiembrie 2022 \u0219i nu a fost votat \u00een Camera Deputa\u021bilor, condus\u0103 de Marcel Ciolacu \u00een acel moment. Legea 370\/2022, prin care se prorog\u0103 mai multe m\u0103suri din OG16\/2022, a costat bugetul de stat 8 miliarde de lei, sus\u021bine Adrian C\u00e2ciu.<\/li>\n<li>Majorarea impozitului pe proprietate a fost asumat\u0103 de guvernul Bolojan de la 1 ianuarie 2026.<\/li>\n<\/ul>\n<p>Sursa articolului:  <a href=\"https:\/\/hotnews.ro\/marirea-impozitelor-pe-proprietate-episodul-ascuns-pe-care-il-stiu-toate-partidele-dar-prefera-sa-nu-mai-vorbeasca-despre-el-2148315\" target=\"_blank\" rel=\"noopener\" title=\"\">HotNews<\/a><\/p>","protected":false},"excerpt":{"rendered":"<p>Un moment b\u00e2ntuie politica la v\u00e2rf a Rom\u00e2niei, dar pu\u021bin\u0103 lume vrea s\u0103 pun\u0103 degetul pe el, pentru c\u0103 atinge trei partide de la guvernare. Adev\u0103rul e \u00eens\u0103 c\u0103 majorarea cu 50% a impozitelor pe proprietate trebuia s\u0103 se produc\u0103 de la 1 ianuarie 2023. Guvernul a calculat \u0219i a propus. S-a votat \u00een Parlament&#8230;.<\/p>","protected":false},"author":4,"featured_media":0,"comment_status":"open","ping_status":"open","sticky":false,"template":"","format":"standard","meta":{"footnotes":""},"categories":[1],"tags":[],"class_list":["post-3643","post","type-post","status-publish","format-standard","hentry","category-uncategorized"],"yoast_head":"<!-- This site is optimized with the Yoast SEO plugin v26.1.1 - https:\/\/yoast.com\/wordpress\/plugins\/seo\/ -->\n<title>M\u0103rirea impozitelor pe proprietate: episodul ascuns pe care \u00eel \u0219tiu toate partidele, dar prefer\u0103 s\u0103 nu mai vorbeasc\u0103 despre el - Carpathia Center Romania<\/title>\n<meta name=\"robots\" content=\"index, follow, max-snippet:-1, max-image-preview:large, max-video-preview:-1\" \/>\n<link rel=\"canonical\" href=\"https:\/\/carpathiacenter.ro\/en\/marirea-impozitelor-pe-proprietate-episodul-ascuns-pe-care-il-stiu-toate-partidele-dar-prefera-sa-nu-mai-vorbeasca-despre-el\/\" \/>\n<meta property=\"og:locale\" content=\"en_GB\" \/>\n<meta property=\"og:type\" content=\"article\" \/>\n<meta property=\"og:title\" content=\"M\u0103rirea impozitelor pe proprietate: episodul ascuns pe care \u00eel \u0219tiu toate partidele, dar prefer\u0103 s\u0103 nu mai vorbeasc\u0103 despre el - Carpathia Center Romania\" \/>\n<meta property=\"og:description\" content=\"Un moment b\u00e2ntuie politica la v\u00e2rf a Rom\u00e2niei, dar pu\u021bin\u0103 lume vrea s\u0103 pun\u0103 degetul pe el, pentru c\u0103 atinge trei partide de la guvernare. Adev\u0103rul e \u00eens\u0103 c\u0103 majorarea cu 50% a impozitelor pe proprietate trebuia s\u0103 se produc\u0103 de la 1 ianuarie 2023. Guvernul a calculat \u0219i a propus. S-a votat \u00een Parlament....\" \/>\n<meta property=\"og:url\" content=\"https:\/\/carpathiacenter.ro\/en\/marirea-impozitelor-pe-proprietate-episodul-ascuns-pe-care-il-stiu-toate-partidele-dar-prefera-sa-nu-mai-vorbeasca-despre-el\/\" \/>\n<meta property=\"og:site_name\" content=\"Carpathia Center Romania\" \/>\n<meta property=\"article:publisher\" content=\"https:\/\/www.facebook.com\/fdpscarpathia\/\" \/>\n<meta property=\"article:published_time\" content=\"2026-01-13T08:17:28+00:00\" \/>\n<meta name=\"author\" content=\"creativebitsolutions\" \/>\n<meta name=\"twitter:card\" content=\"summary_large_image\" \/>\n<meta name=\"twitter:label1\" content=\"Written by\" \/>\n\t<meta name=\"twitter:data1\" content=\"creativebitsolutions\" \/>\n\t<meta name=\"twitter:label2\" content=\"Estimated reading time\" \/>\n\t<meta name=\"twitter:data2\" content=\"12 minutes\" \/>\n<script type=\"application\/ld+json\" class=\"yoast-schema-graph\">{\"@context\":\"https:\/\/schema.org\",\"@graph\":[{\"@type\":\"Article\",\"@id\":\"https:\/\/carpathiacenter.ro\/marirea-impozitelor-pe-proprietate-episodul-ascuns-pe-care-il-stiu-toate-partidele-dar-prefera-sa-nu-mai-vorbeasca-despre-el\/#article\",\"isPartOf\":{\"@id\":\"https:\/\/carpathiacenter.ro\/marirea-impozitelor-pe-proprietate-episodul-ascuns-pe-care-il-stiu-toate-partidele-dar-prefera-sa-nu-mai-vorbeasca-despre-el\/\"},\"author\":{\"name\":\"creativebitsolutions\",\"@id\":\"https:\/\/carpathiacenter.ro\/#\/schema\/person\/03d9f58202fee8379268f34afa195006\"},\"headline\":\"M\u0103rirea impozitelor pe proprietate: episodul ascuns pe care \u00eel \u0219tiu toate partidele, dar prefer\u0103 s\u0103 nu mai vorbeasc\u0103 despre el\",\"datePublished\":\"2026-01-13T08:17:28+00:00\",\"mainEntityOfPage\":{\"@id\":\"https:\/\/carpathiacenter.ro\/marirea-impozitelor-pe-proprietate-episodul-ascuns-pe-care-il-stiu-toate-partidele-dar-prefera-sa-nu-mai-vorbeasca-despre-el\/\"},\"wordCount\":2301,\"commentCount\":0,\"publisher\":{\"@id\":\"https:\/\/carpathiacenter.ro\/#organization\"},\"articleSection\":[\"Uncategorized\"],\"inLanguage\":\"en-GB\",\"potentialAction\":[{\"@type\":\"CommentAction\",\"name\":\"Comment\",\"target\":[\"https:\/\/carpathiacenter.ro\/marirea-impozitelor-pe-proprietate-episodul-ascuns-pe-care-il-stiu-toate-partidele-dar-prefera-sa-nu-mai-vorbeasca-despre-el\/#respond\"]}]},{\"@type\":\"WebPage\",\"@id\":\"https:\/\/carpathiacenter.ro\/marirea-impozitelor-pe-proprietate-episodul-ascuns-pe-care-il-stiu-toate-partidele-dar-prefera-sa-nu-mai-vorbeasca-despre-el\/\",\"url\":\"https:\/\/carpathiacenter.ro\/marirea-impozitelor-pe-proprietate-episodul-ascuns-pe-care-il-stiu-toate-partidele-dar-prefera-sa-nu-mai-vorbeasca-despre-el\/\",\"name\":\"M\u0103rirea impozitelor pe proprietate: episodul ascuns pe care \u00eel \u0219tiu toate partidele, dar prefer\u0103 s\u0103 nu mai vorbeasc\u0103 despre el - Carpathia Center Romania\",\"isPartOf\":{\"@id\":\"https:\/\/carpathiacenter.ro\/#website\"},\"datePublished\":\"2026-01-13T08:17:28+00:00\",\"breadcrumb\":{\"@id\":\"https:\/\/carpathiacenter.ro\/marirea-impozitelor-pe-proprietate-episodul-ascuns-pe-care-il-stiu-toate-partidele-dar-prefera-sa-nu-mai-vorbeasca-despre-el\/#breadcrumb\"},\"inLanguage\":\"en-GB\",\"potentialAction\":[{\"@type\":\"ReadAction\",\"target\":[\"https:\/\/carpathiacenter.ro\/marirea-impozitelor-pe-proprietate-episodul-ascuns-pe-care-il-stiu-toate-partidele-dar-prefera-sa-nu-mai-vorbeasca-despre-el\/\"]}]},{\"@type\":\"BreadcrumbList\",\"@id\":\"https:\/\/carpathiacenter.ro\/marirea-impozitelor-pe-proprietate-episodul-ascuns-pe-care-il-stiu-toate-partidele-dar-prefera-sa-nu-mai-vorbeasca-despre-el\/#breadcrumb\",\"itemListElement\":[{\"@type\":\"ListItem\",\"position\":1,\"name\":\"Prima pagin\u0103\",\"item\":\"https:\/\/carpathiacenter.ro\/\"},{\"@type\":\"ListItem\",\"position\":2,\"name\":\"M\u0103rirea impozitelor pe proprietate: episodul ascuns pe care \u00eel \u0219tiu toate partidele, dar prefer\u0103 s\u0103 nu mai vorbeasc\u0103 despre el\"}]},{\"@type\":\"WebSite\",\"@id\":\"https:\/\/carpathiacenter.ro\/#website\",\"url\":\"https:\/\/carpathiacenter.ro\/\",\"name\":\"Carpathia Center Romania\",\"description\":\"Impossible made possible!\",\"publisher\":{\"@id\":\"https:\/\/carpathiacenter.ro\/#organization\"},\"potentialAction\":[{\"@type\":\"SearchAction\",\"target\":{\"@type\":\"EntryPoint\",\"urlTemplate\":\"https:\/\/carpathiacenter.ro\/?s={search_term_string}\"},\"query-input\":{\"@type\":\"PropertyValueSpecification\",\"valueRequired\":true,\"valueName\":\"search_term_string\"}}],\"inLanguage\":\"en-GB\"},{\"@type\":\"Organization\",\"@id\":\"https:\/\/carpathiacenter.ro\/#organization\",\"name\":\"Carpathia Center Romania\",\"url\":\"https:\/\/carpathiacenter.ro\/\",\"logo\":{\"@type\":\"ImageObject\",\"inLanguage\":\"en-GB\",\"@id\":\"https:\/\/carpathiacenter.ro\/#\/schema\/logo\/image\/\",\"url\":\"https:\/\/carpathiacenter.ro\/wp-content\/uploads\/2024\/07\/logo-carpathia_bg_white-1024x941.png\",\"contentUrl\":\"https:\/\/carpathiacenter.ro\/wp-content\/uploads\/2024\/07\/logo-carpathia_bg_white-1024x941.png\",\"width\":1024,\"height\":941,\"caption\":\"Carpathia Center Romania\"},\"image\":{\"@id\":\"https:\/\/carpathiacenter.ro\/#\/schema\/logo\/image\/\"},\"sameAs\":[\"https:\/\/www.facebook.com\/fdpscarpathia\/\"]},{\"@type\":\"Person\",\"@id\":\"https:\/\/carpathiacenter.ro\/#\/schema\/person\/03d9f58202fee8379268f34afa195006\",\"name\":\"creativebitsolutions\",\"image\":{\"@type\":\"ImageObject\",\"inLanguage\":\"en-GB\",\"@id\":\"https:\/\/carpathiacenter.ro\/#\/schema\/person\/image\/\",\"url\":\"https:\/\/secure.gravatar.com\/avatar\/1b1a13e37f847c635dab78348f1dff2f07651ee2a3d77a5c355a4b8c75f9165a?s=96&d=mm&r=g\",\"contentUrl\":\"https:\/\/secure.gravatar.com\/avatar\/1b1a13e37f847c635dab78348f1dff2f07651ee2a3d77a5c355a4b8c75f9165a?s=96&d=mm&r=g\",\"caption\":\"creativebitsolutions\"},\"url\":\"https:\/\/carpathiacenter.ro\/en\/author\/creativebitsolutions\/\"}]}<\/script>\n<!-- \/ Yoast SEO plugin. -->","yoast_head_json":{"title":"M\u0103rirea impozitelor pe proprietate: episodul ascuns pe care \u00eel \u0219tiu toate partidele, dar prefer\u0103 s\u0103 nu mai vorbeasc\u0103 despre el - Carpathia Center Romania","robots":{"index":"index","follow":"follow","max-snippet":"max-snippet:-1","max-image-preview":"max-image-preview:large","max-video-preview":"max-video-preview:-1"},"canonical":"https:\/\/carpathiacenter.ro\/en\/marirea-impozitelor-pe-proprietate-episodul-ascuns-pe-care-il-stiu-toate-partidele-dar-prefera-sa-nu-mai-vorbeasca-despre-el\/","og_locale":"en_GB","og_type":"article","og_title":"M\u0103rirea impozitelor pe proprietate: episodul ascuns pe care \u00eel \u0219tiu toate partidele, dar prefer\u0103 s\u0103 nu mai vorbeasc\u0103 despre el - Carpathia Center Romania","og_description":"Un moment b\u00e2ntuie politica la v\u00e2rf a Rom\u00e2niei, dar pu\u021bin\u0103 lume vrea s\u0103 pun\u0103 degetul pe el, pentru c\u0103 atinge trei partide de la guvernare. Adev\u0103rul e \u00eens\u0103 c\u0103 majorarea cu 50% a impozitelor pe proprietate trebuia s\u0103 se produc\u0103 de la 1 ianuarie 2023. Guvernul a calculat \u0219i a propus. S-a votat \u00een Parlament....","og_url":"https:\/\/carpathiacenter.ro\/en\/marirea-impozitelor-pe-proprietate-episodul-ascuns-pe-care-il-stiu-toate-partidele-dar-prefera-sa-nu-mai-vorbeasca-despre-el\/","og_site_name":"Carpathia Center Romania","article_publisher":"https:\/\/www.facebook.com\/fdpscarpathia\/","article_published_time":"2026-01-13T08:17:28+00:00","author":"creativebitsolutions","twitter_card":"summary_large_image","twitter_misc":{"Written by":"creativebitsolutions","Estimated reading time":"12 minutes"},"schema":{"@context":"https:\/\/schema.org","@graph":[{"@type":"Article","@id":"https:\/\/carpathiacenter.ro\/marirea-impozitelor-pe-proprietate-episodul-ascuns-pe-care-il-stiu-toate-partidele-dar-prefera-sa-nu-mai-vorbeasca-despre-el\/#article","isPartOf":{"@id":"https:\/\/carpathiacenter.ro\/marirea-impozitelor-pe-proprietate-episodul-ascuns-pe-care-il-stiu-toate-partidele-dar-prefera-sa-nu-mai-vorbeasca-despre-el\/"},"author":{"name":"creativebitsolutions","@id":"https:\/\/carpathiacenter.ro\/#\/schema\/person\/03d9f58202fee8379268f34afa195006"},"headline":"M\u0103rirea impozitelor pe proprietate: episodul ascuns pe care \u00eel \u0219tiu toate partidele, dar prefer\u0103 s\u0103 nu mai vorbeasc\u0103 despre el","datePublished":"2026-01-13T08:17:28+00:00","mainEntityOfPage":{"@id":"https:\/\/carpathiacenter.ro\/marirea-impozitelor-pe-proprietate-episodul-ascuns-pe-care-il-stiu-toate-partidele-dar-prefera-sa-nu-mai-vorbeasca-despre-el\/"},"wordCount":2301,"commentCount":0,"publisher":{"@id":"https:\/\/carpathiacenter.ro\/#organization"},"articleSection":["Uncategorized"],"inLanguage":"en-GB","potentialAction":[{"@type":"CommentAction","name":"Comment","target":["https:\/\/carpathiacenter.ro\/marirea-impozitelor-pe-proprietate-episodul-ascuns-pe-care-il-stiu-toate-partidele-dar-prefera-sa-nu-mai-vorbeasca-despre-el\/#respond"]}]},{"@type":"WebPage","@id":"https:\/\/carpathiacenter.ro\/marirea-impozitelor-pe-proprietate-episodul-ascuns-pe-care-il-stiu-toate-partidele-dar-prefera-sa-nu-mai-vorbeasca-despre-el\/","url":"https:\/\/carpathiacenter.ro\/marirea-impozitelor-pe-proprietate-episodul-ascuns-pe-care-il-stiu-toate-partidele-dar-prefera-sa-nu-mai-vorbeasca-despre-el\/","name":"M\u0103rirea impozitelor pe proprietate: episodul ascuns pe care \u00eel \u0219tiu toate partidele, dar prefer\u0103 s\u0103 nu mai vorbeasc\u0103 despre el - Carpathia Center Romania","isPartOf":{"@id":"https:\/\/carpathiacenter.ro\/#website"},"datePublished":"2026-01-13T08:17:28+00:00","breadcrumb":{"@id":"https:\/\/carpathiacenter.ro\/marirea-impozitelor-pe-proprietate-episodul-ascuns-pe-care-il-stiu-toate-partidele-dar-prefera-sa-nu-mai-vorbeasca-despre-el\/#breadcrumb"},"inLanguage":"en-GB","potentialAction":[{"@type":"ReadAction","target":["https:\/\/carpathiacenter.ro\/marirea-impozitelor-pe-proprietate-episodul-ascuns-pe-care-il-stiu-toate-partidele-dar-prefera-sa-nu-mai-vorbeasca-despre-el\/"]}]},{"@type":"BreadcrumbList","@id":"https:\/\/carpathiacenter.ro\/marirea-impozitelor-pe-proprietate-episodul-ascuns-pe-care-il-stiu-toate-partidele-dar-prefera-sa-nu-mai-vorbeasca-despre-el\/#breadcrumb","itemListElement":[{"@type":"ListItem","position":1,"name":"Prima pagin\u0103","item":"https:\/\/carpathiacenter.ro\/"},{"@type":"ListItem","position":2,"name":"M\u0103rirea impozitelor pe proprietate: episodul ascuns pe care \u00eel \u0219tiu toate partidele, dar prefer\u0103 s\u0103 nu mai vorbeasc\u0103 despre el"}]},{"@type":"WebSite","@id":"https:\/\/carpathiacenter.ro\/#website","url":"https:\/\/carpathiacenter.ro\/","name":"Carpathia Center Romania","description":"Impossible made possible!","publisher":{"@id":"https:\/\/carpathiacenter.ro\/#organization"},"potentialAction":[{"@type":"SearchAction","target":{"@type":"EntryPoint","urlTemplate":"https:\/\/carpathiacenter.ro\/?s={search_term_string}"},"query-input":{"@type":"PropertyValueSpecification","valueRequired":true,"valueName":"search_term_string"}}],"inLanguage":"en-GB"},{"@type":"Organization","@id":"https:\/\/carpathiacenter.ro\/#organization","name":"Carpathia Center Romania","url":"https:\/\/carpathiacenter.ro\/","logo":{"@type":"ImageObject","inLanguage":"en-GB","@id":"https:\/\/carpathiacenter.ro\/#\/schema\/logo\/image\/","url":"https:\/\/carpathiacenter.ro\/wp-content\/uploads\/2024\/07\/logo-carpathia_bg_white-1024x941.png","contentUrl":"https:\/\/carpathiacenter.ro\/wp-content\/uploads\/2024\/07\/logo-carpathia_bg_white-1024x941.png","width":1024,"height":941,"caption":"Carpathia Center Romania"},"image":{"@id":"https:\/\/carpathiacenter.ro\/#\/schema\/logo\/image\/"},"sameAs":["https:\/\/www.facebook.com\/fdpscarpathia\/"]},{"@type":"Person","@id":"https:\/\/carpathiacenter.ro\/#\/schema\/person\/03d9f58202fee8379268f34afa195006","name":"creativebitsolutions","image":{"@type":"ImageObject","inLanguage":"en-GB","@id":"https:\/\/carpathiacenter.ro\/#\/schema\/person\/image\/","url":"https:\/\/secure.gravatar.com\/avatar\/1b1a13e37f847c635dab78348f1dff2f07651ee2a3d77a5c355a4b8c75f9165a?s=96&d=mm&r=g","contentUrl":"https:\/\/secure.gravatar.com\/avatar\/1b1a13e37f847c635dab78348f1dff2f07651ee2a3d77a5c355a4b8c75f9165a?s=96&d=mm&r=g","caption":"creativebitsolutions"},"url":"https:\/\/carpathiacenter.ro\/en\/author\/creativebitsolutions\/"}]}},"_links":{"self":[{"href":"https:\/\/carpathiacenter.ro\/en\/wp-json\/wp\/v2\/posts\/3643","targetHints":{"allow":["GET"]}}],"collection":[{"href":"https:\/\/carpathiacenter.ro\/en\/wp-json\/wp\/v2\/posts"}],"about":[{"href":"https:\/\/carpathiacenter.ro\/en\/wp-json\/wp\/v2\/types\/post"}],"author":[{"embeddable":true,"href":"https:\/\/carpathiacenter.ro\/en\/wp-json\/wp\/v2\/users\/4"}],"replies":[{"embeddable":true,"href":"https:\/\/carpathiacenter.ro\/en\/wp-json\/wp\/v2\/comments?post=3643"}],"version-history":[{"count":1,"href":"https:\/\/carpathiacenter.ro\/en\/wp-json\/wp\/v2\/posts\/3643\/revisions"}],"predecessor-version":[{"id":3644,"href":"https:\/\/carpathiacenter.ro\/en\/wp-json\/wp\/v2\/posts\/3643\/revisions\/3644"}],"wp:attachment":[{"href":"https:\/\/carpathiacenter.ro\/en\/wp-json\/wp\/v2\/media?parent=3643"}],"wp:term":[{"taxonomy":"category","embeddable":true,"href":"https:\/\/carpathiacenter.ro\/en\/wp-json\/wp\/v2\/categories?post=3643"},{"taxonomy":"post_tag","embeddable":true,"href":"https:\/\/carpathiacenter.ro\/en\/wp-json\/wp\/v2\/tags?post=3643"}],"curies":[{"name":"wp","href":"https:\/\/api.w.org\/{rel}","templated":true}]}}