{"id":3635,"date":"2026-01-12T09:05:35","date_gmt":"2026-01-12T09:05:35","guid":{"rendered":"https:\/\/carpathiacenter.ro\/?p=3635"},"modified":"2026-01-12T09:05:35","modified_gmt":"2026-01-12T09:05:35","slug":"ger-in-romania-noaptea-cu-temperaturi-de-16-grade-unde-a-fost-cea-mai-friguroasa-dimineata-cum-arata-prognoza-zilei","status":"publish","type":"post","link":"https:\/\/carpathiacenter.ro\/en\/ger-in-romania-noaptea-cu-temperaturi-de-16-grade-unde-a-fost-cea-mai-friguroasa-dimineata-cum-arata-prognoza-zilei\/","title":{"rendered":"Ger \u00een Rom\u00e2nia: Noaptea cu temperaturi de -16 grade. Unde a fost cea mai friguroas\u0103 diminea\u021b\u0103 \/ Cum arat\u0103 prognoza zilei"},"content":{"rendered":"<p><strong>Vremea a fost geroas\u0103 \u00een toat\u0103 \u021bara, noaptea trecut\u0103, iar temperaturile s-au sim\u021bit \u0219i mai sc\u0103zute dec\u00e2t temperatura real\u0103, din cauza v\u00e2ntului. La ora 07.00 diminea\u021b\u0103, \u00een mare parte a Rom\u00e2niei s-au resim\u021bit temperaturi \u00eentre -8 \u0219i -16 grade. \u00cen zonele montane s-au atins valori extreme, sub -24 de grade.<\/strong><\/p>\n<p>Meteorologii au anun\u021bat c\u0103, p\u00e2n\u0103 mar\u021bi, vremea va fi deosebit de rece, cu ger mai ales pe timpul nop\u021bilor \u0219i dimine\u021bilor, \u00eenso\u021bit de ninsori, precum \u0219i de intensific\u0103ri ale v\u00e2ntului.<\/p>\n<p>Luni diminea\u021b\u0103, vremea este geroas\u0103 \u00een toat\u0103 \u021bara, potrivit h\u0103r\u021bilor ANM cu temperatura resim\u021bit\u0103. Cel mai frig este \u00een Carpa\u021bii Meridionali \u0219i Orientali, unde la C\u0103limani se resimt -22 grade, iar la V\u00e2rful Omu -25 de grade.<\/p>\n<p>La Sinaia \u0219i Predeal temperaturile resim\u021bite sunt de -17 grade. \u0218i \u00een Transilvania, Banat \u0219i Cri\u0219ana gerul se simte puternic: predominant -10\u2026-14 grade resim\u021bit. Cele mai reci zone sunt: Arad, Timi\u0219oara, Sibiu, Bra\u0219ov, Miercurea Ciuc, unde se resimt -13\u2026 -16 grade Celsius.<\/p>\n<h2 class=\"wp-block-heading\">Cum e vremea luni<\/h2>\n<p>Potrivit prognozei ANM, ast\u0103zi, vremea va fi deosebit de rece, geroas\u0103 diminea\u021ba local \u00een jum\u0103tatea nordic\u0103 a \u021b\u0103rii \u0219i izolat \u00een rest, iar noaptea \u00een cea mai mare parte a teritoriului. Temperaturile maxime se vor \u00eencadra \u00een general \u00eentre -10 \u0219i 0 grade, iar cele minime \u00eentre -19 \u0219i -9 grade, local mai ridicate \u00een extremitatea de sud-vest, pe litoral \u0219i \u00een delt\u0103, unde vor fi valori de -7\u2026.-5 grade.<\/p>\n<p>Cerul va fi variabil \u00een regiunile sudice \u0219i sud-estice, \u00een timp ce, \u00een restul zonelor vor fi \u00eennor\u0103ri. Temporar va ninge \u00een general slab, ziua local la munte, \u00een nordul \u0219i \u00een centrul \u021b\u0103rii, iar noaptea pe alocuri \u00eendeosebi \u00een vest \u0219i nord. \u00cen Maramure\u0219 \u0219i \u00een nordul Carpa\u021bilor Orientali se va depune un strat nou de z\u0103pad\u0103, \u00een general de 3\u20267 cm.<\/p>\n<p>V\u00e2ntul va sufla slab \u0219i moderat, temporar cu unele intensific\u0103ri \u00een Carpa\u021bii Orientali \u0219i \u00een Carpa\u021bii Meridionali, \u00een special \u00een zona \u00eenalt\u0103, unde vor fi rafale de 70\u202680 km\/h, viscolind z\u0103pada, iar pe parcursul zilei \u00een vestul \u0219i sudul Olteniei \u0219i izolat \u00een celelalte regiuni, \u00een general cu viteze de 40\u202650 km\/h. Pe arii restr\u00e2nse va fi cea\u021b\u0103 asociat\u0103 cu depuneri de chiciur\u0103.<\/p>\n<p>Sursa articolului:  <a href=\"https:\/\/hotnews.ro\/vreme-romania-12-ianuarie-ger-temperaturi-2148024\" target=\"_blank\" rel=\"noopener\" title=\"\">HotNews<\/a><\/p>","protected":false},"excerpt":{"rendered":"<p>Vremea a fost geroas\u0103 \u00een toat\u0103 \u021bara, noaptea trecut\u0103, iar temperaturile s-au sim\u021bit \u0219i mai sc\u0103zute dec\u00e2t temperatura real\u0103, din cauza v\u00e2ntului. La ora 07.00 diminea\u021b\u0103, \u00een mare parte a Rom\u00e2niei s-au resim\u021bit temperaturi \u00eentre -8 \u0219i -16 grade. \u00cen zonele montane s-au atins valori extreme, sub -24 de grade. Meteorologii au anun\u021bat c\u0103, p\u00e2n\u0103&#8230;<\/p>","protected":false},"author":4,"featured_media":0,"comment_status":"open","ping_status":"open","sticky":false,"template":"","format":"standard","meta":{"footnotes":""},"categories":[1],"tags":[],"class_list":["post-3635","post","type-post","status-publish","format-standard","hentry","category-uncategorized"],"yoast_head":"<!-- This site is optimized with the Yoast SEO plugin v26.1.1 - https:\/\/yoast.com\/wordpress\/plugins\/seo\/ -->\n<title>Ger \u00een Rom\u00e2nia: Noaptea cu temperaturi de -16 grade. Unde a fost cea mai friguroas\u0103 diminea\u021b\u0103 \/ Cum arat\u0103 prognoza zilei - Carpathia Center Romania<\/title>\n<meta name=\"robots\" content=\"index, follow, max-snippet:-1, max-image-preview:large, max-video-preview:-1\" \/>\n<link rel=\"canonical\" href=\"https:\/\/carpathiacenter.ro\/en\/ger-in-romania-noaptea-cu-temperaturi-de-16-grade-unde-a-fost-cea-mai-friguroasa-dimineata-cum-arata-prognoza-zilei\/\" \/>\n<meta property=\"og:locale\" content=\"en_GB\" \/>\n<meta property=\"og:type\" content=\"article\" \/>\n<meta property=\"og:title\" content=\"Ger \u00een Rom\u00e2nia: Noaptea cu temperaturi de -16 grade. Unde a fost cea mai friguroas\u0103 diminea\u021b\u0103 \/ Cum arat\u0103 prognoza zilei - Carpathia Center Romania\" \/>\n<meta property=\"og:description\" content=\"Vremea a fost geroas\u0103 \u00een toat\u0103 \u021bara, noaptea trecut\u0103, iar temperaturile s-au sim\u021bit \u0219i mai sc\u0103zute dec\u00e2t temperatura real\u0103, din cauza v\u00e2ntului. La ora 07.00 diminea\u021b\u0103, \u00een mare parte a Rom\u00e2niei s-au resim\u021bit temperaturi \u00eentre -8 \u0219i -16 grade. \u00cen zonele montane s-au atins valori extreme, sub -24 de grade. Meteorologii au anun\u021bat c\u0103, p\u00e2n\u0103...\" \/>\n<meta property=\"og:url\" content=\"https:\/\/carpathiacenter.ro\/en\/ger-in-romania-noaptea-cu-temperaturi-de-16-grade-unde-a-fost-cea-mai-friguroasa-dimineata-cum-arata-prognoza-zilei\/\" \/>\n<meta property=\"og:site_name\" content=\"Carpathia Center Romania\" \/>\n<meta property=\"article:publisher\" content=\"https:\/\/www.facebook.com\/fdpscarpathia\/\" \/>\n<meta property=\"article:published_time\" content=\"2026-01-12T09:05:35+00:00\" \/>\n<meta name=\"author\" content=\"creativebitsolutions\" \/>\n<meta name=\"twitter:card\" content=\"summary_large_image\" \/>\n<meta name=\"twitter:label1\" content=\"Written by\" \/>\n\t<meta name=\"twitter:data1\" content=\"creativebitsolutions\" \/>\n\t<meta name=\"twitter:label2\" content=\"Estimated reading time\" \/>\n\t<meta name=\"twitter:data2\" content=\"2 minutes\" \/>\n<script type=\"application\/ld+json\" class=\"yoast-schema-graph\">{\"@context\":\"https:\/\/schema.org\",\"@graph\":[{\"@type\":\"Article\",\"@id\":\"https:\/\/carpathiacenter.ro\/ger-in-romania-noaptea-cu-temperaturi-de-16-grade-unde-a-fost-cea-mai-friguroasa-dimineata-cum-arata-prognoza-zilei\/#article\",\"isPartOf\":{\"@id\":\"https:\/\/carpathiacenter.ro\/ger-in-romania-noaptea-cu-temperaturi-de-16-grade-unde-a-fost-cea-mai-friguroasa-dimineata-cum-arata-prognoza-zilei\/\"},\"author\":{\"name\":\"creativebitsolutions\",\"@id\":\"https:\/\/carpathiacenter.ro\/#\/schema\/person\/03d9f58202fee8379268f34afa195006\"},\"headline\":\"Ger \u00een Rom\u00e2nia: Noaptea cu temperaturi de -16 grade. Unde a fost cea mai friguroas\u0103 diminea\u021b\u0103 \/ Cum arat\u0103 prognoza zilei\",\"datePublished\":\"2026-01-12T09:05:35+00:00\",\"mainEntityOfPage\":{\"@id\":\"https:\/\/carpathiacenter.ro\/ger-in-romania-noaptea-cu-temperaturi-de-16-grade-unde-a-fost-cea-mai-friguroasa-dimineata-cum-arata-prognoza-zilei\/\"},\"wordCount\":419,\"commentCount\":0,\"publisher\":{\"@id\":\"https:\/\/carpathiacenter.ro\/#organization\"},\"articleSection\":[\"Uncategorized\"],\"inLanguage\":\"en-GB\",\"potentialAction\":[{\"@type\":\"CommentAction\",\"name\":\"Comment\",\"target\":[\"https:\/\/carpathiacenter.ro\/ger-in-romania-noaptea-cu-temperaturi-de-16-grade-unde-a-fost-cea-mai-friguroasa-dimineata-cum-arata-prognoza-zilei\/#respond\"]}]},{\"@type\":\"WebPage\",\"@id\":\"https:\/\/carpathiacenter.ro\/ger-in-romania-noaptea-cu-temperaturi-de-16-grade-unde-a-fost-cea-mai-friguroasa-dimineata-cum-arata-prognoza-zilei\/\",\"url\":\"https:\/\/carpathiacenter.ro\/ger-in-romania-noaptea-cu-temperaturi-de-16-grade-unde-a-fost-cea-mai-friguroasa-dimineata-cum-arata-prognoza-zilei\/\",\"name\":\"Ger \u00een Rom\u00e2nia: Noaptea cu temperaturi de -16 grade. Unde a fost cea mai friguroas\u0103 diminea\u021b\u0103 \/ Cum arat\u0103 prognoza zilei - Carpathia Center Romania\",\"isPartOf\":{\"@id\":\"https:\/\/carpathiacenter.ro\/#website\"},\"datePublished\":\"2026-01-12T09:05:35+00:00\",\"breadcrumb\":{\"@id\":\"https:\/\/carpathiacenter.ro\/ger-in-romania-noaptea-cu-temperaturi-de-16-grade-unde-a-fost-cea-mai-friguroasa-dimineata-cum-arata-prognoza-zilei\/#breadcrumb\"},\"inLanguage\":\"en-GB\",\"potentialAction\":[{\"@type\":\"ReadAction\",\"target\":[\"https:\/\/carpathiacenter.ro\/ger-in-romania-noaptea-cu-temperaturi-de-16-grade-unde-a-fost-cea-mai-friguroasa-dimineata-cum-arata-prognoza-zilei\/\"]}]},{\"@type\":\"BreadcrumbList\",\"@id\":\"https:\/\/carpathiacenter.ro\/ger-in-romania-noaptea-cu-temperaturi-de-16-grade-unde-a-fost-cea-mai-friguroasa-dimineata-cum-arata-prognoza-zilei\/#breadcrumb\",\"itemListElement\":[{\"@type\":\"ListItem\",\"position\":1,\"name\":\"Prima pagin\u0103\",\"item\":\"https:\/\/carpathiacenter.ro\/\"},{\"@type\":\"ListItem\",\"position\":2,\"name\":\"Ger \u00een Rom\u00e2nia: Noaptea cu temperaturi de -16 grade. Unde a fost cea mai friguroas\u0103 diminea\u021b\u0103 \/ Cum arat\u0103 prognoza zilei\"}]},{\"@type\":\"WebSite\",\"@id\":\"https:\/\/carpathiacenter.ro\/#website\",\"url\":\"https:\/\/carpathiacenter.ro\/\",\"name\":\"Carpathia Center Romania\",\"description\":\"Impossible made possible!\",\"publisher\":{\"@id\":\"https:\/\/carpathiacenter.ro\/#organization\"},\"potentialAction\":[{\"@type\":\"SearchAction\",\"target\":{\"@type\":\"EntryPoint\",\"urlTemplate\":\"https:\/\/carpathiacenter.ro\/?s={search_term_string}\"},\"query-input\":{\"@type\":\"PropertyValueSpecification\",\"valueRequired\":true,\"valueName\":\"search_term_string\"}}],\"inLanguage\":\"en-GB\"},{\"@type\":\"Organization\",\"@id\":\"https:\/\/carpathiacenter.ro\/#organization\",\"name\":\"Carpathia Center Romania\",\"url\":\"https:\/\/carpathiacenter.ro\/\",\"logo\":{\"@type\":\"ImageObject\",\"inLanguage\":\"en-GB\",\"@id\":\"https:\/\/carpathiacenter.ro\/#\/schema\/logo\/image\/\",\"url\":\"https:\/\/carpathiacenter.ro\/wp-content\/uploads\/2024\/07\/logo-carpathia_bg_white-1024x941.png\",\"contentUrl\":\"https:\/\/carpathiacenter.ro\/wp-content\/uploads\/2024\/07\/logo-carpathia_bg_white-1024x941.png\",\"width\":1024,\"height\":941,\"caption\":\"Carpathia Center Romania\"},\"image\":{\"@id\":\"https:\/\/carpathiacenter.ro\/#\/schema\/logo\/image\/\"},\"sameAs\":[\"https:\/\/www.facebook.com\/fdpscarpathia\/\"]},{\"@type\":\"Person\",\"@id\":\"https:\/\/carpathiacenter.ro\/#\/schema\/person\/03d9f58202fee8379268f34afa195006\",\"name\":\"creativebitsolutions\",\"image\":{\"@type\":\"ImageObject\",\"inLanguage\":\"en-GB\",\"@id\":\"https:\/\/carpathiacenter.ro\/#\/schema\/person\/image\/\",\"url\":\"https:\/\/secure.gravatar.com\/avatar\/1b1a13e37f847c635dab78348f1dff2f07651ee2a3d77a5c355a4b8c75f9165a?s=96&d=mm&r=g\",\"contentUrl\":\"https:\/\/secure.gravatar.com\/avatar\/1b1a13e37f847c635dab78348f1dff2f07651ee2a3d77a5c355a4b8c75f9165a?s=96&d=mm&r=g\",\"caption\":\"creativebitsolutions\"},\"url\":\"https:\/\/carpathiacenter.ro\/en\/author\/creativebitsolutions\/\"}]}<\/script>\n<!-- \/ Yoast SEO plugin. -->","yoast_head_json":{"title":"Ger \u00een Rom\u00e2nia: Noaptea cu temperaturi de -16 grade. Unde a fost cea mai friguroas\u0103 diminea\u021b\u0103 \/ Cum arat\u0103 prognoza zilei - Carpathia Center Romania","robots":{"index":"index","follow":"follow","max-snippet":"max-snippet:-1","max-image-preview":"max-image-preview:large","max-video-preview":"max-video-preview:-1"},"canonical":"https:\/\/carpathiacenter.ro\/en\/ger-in-romania-noaptea-cu-temperaturi-de-16-grade-unde-a-fost-cea-mai-friguroasa-dimineata-cum-arata-prognoza-zilei\/","og_locale":"en_GB","og_type":"article","og_title":"Ger \u00een Rom\u00e2nia: Noaptea cu temperaturi de -16 grade. Unde a fost cea mai friguroas\u0103 diminea\u021b\u0103 \/ Cum arat\u0103 prognoza zilei - Carpathia Center Romania","og_description":"Vremea a fost geroas\u0103 \u00een toat\u0103 \u021bara, noaptea trecut\u0103, iar temperaturile s-au sim\u021bit \u0219i mai sc\u0103zute dec\u00e2t temperatura real\u0103, din cauza v\u00e2ntului. La ora 07.00 diminea\u021b\u0103, \u00een mare parte a Rom\u00e2niei s-au resim\u021bit temperaturi \u00eentre -8 \u0219i -16 grade. \u00cen zonele montane s-au atins valori extreme, sub -24 de grade. Meteorologii au anun\u021bat c\u0103, p\u00e2n\u0103...","og_url":"https:\/\/carpathiacenter.ro\/en\/ger-in-romania-noaptea-cu-temperaturi-de-16-grade-unde-a-fost-cea-mai-friguroasa-dimineata-cum-arata-prognoza-zilei\/","og_site_name":"Carpathia Center Romania","article_publisher":"https:\/\/www.facebook.com\/fdpscarpathia\/","article_published_time":"2026-01-12T09:05:35+00:00","author":"creativebitsolutions","twitter_card":"summary_large_image","twitter_misc":{"Written by":"creativebitsolutions","Estimated reading time":"2 minutes"},"schema":{"@context":"https:\/\/schema.org","@graph":[{"@type":"Article","@id":"https:\/\/carpathiacenter.ro\/ger-in-romania-noaptea-cu-temperaturi-de-16-grade-unde-a-fost-cea-mai-friguroasa-dimineata-cum-arata-prognoza-zilei\/#article","isPartOf":{"@id":"https:\/\/carpathiacenter.ro\/ger-in-romania-noaptea-cu-temperaturi-de-16-grade-unde-a-fost-cea-mai-friguroasa-dimineata-cum-arata-prognoza-zilei\/"},"author":{"name":"creativebitsolutions","@id":"https:\/\/carpathiacenter.ro\/#\/schema\/person\/03d9f58202fee8379268f34afa195006"},"headline":"Ger \u00een Rom\u00e2nia: Noaptea cu temperaturi de -16 grade. Unde a fost cea mai friguroas\u0103 diminea\u021b\u0103 \/ Cum arat\u0103 prognoza zilei","datePublished":"2026-01-12T09:05:35+00:00","mainEntityOfPage":{"@id":"https:\/\/carpathiacenter.ro\/ger-in-romania-noaptea-cu-temperaturi-de-16-grade-unde-a-fost-cea-mai-friguroasa-dimineata-cum-arata-prognoza-zilei\/"},"wordCount":419,"commentCount":0,"publisher":{"@id":"https:\/\/carpathiacenter.ro\/#organization"},"articleSection":["Uncategorized"],"inLanguage":"en-GB","potentialAction":[{"@type":"CommentAction","name":"Comment","target":["https:\/\/carpathiacenter.ro\/ger-in-romania-noaptea-cu-temperaturi-de-16-grade-unde-a-fost-cea-mai-friguroasa-dimineata-cum-arata-prognoza-zilei\/#respond"]}]},{"@type":"WebPage","@id":"https:\/\/carpathiacenter.ro\/ger-in-romania-noaptea-cu-temperaturi-de-16-grade-unde-a-fost-cea-mai-friguroasa-dimineata-cum-arata-prognoza-zilei\/","url":"https:\/\/carpathiacenter.ro\/ger-in-romania-noaptea-cu-temperaturi-de-16-grade-unde-a-fost-cea-mai-friguroasa-dimineata-cum-arata-prognoza-zilei\/","name":"Ger \u00een Rom\u00e2nia: Noaptea cu temperaturi de -16 grade. Unde a fost cea mai friguroas\u0103 diminea\u021b\u0103 \/ Cum arat\u0103 prognoza zilei - Carpathia Center Romania","isPartOf":{"@id":"https:\/\/carpathiacenter.ro\/#website"},"datePublished":"2026-01-12T09:05:35+00:00","breadcrumb":{"@id":"https:\/\/carpathiacenter.ro\/ger-in-romania-noaptea-cu-temperaturi-de-16-grade-unde-a-fost-cea-mai-friguroasa-dimineata-cum-arata-prognoza-zilei\/#breadcrumb"},"inLanguage":"en-GB","potentialAction":[{"@type":"ReadAction","target":["https:\/\/carpathiacenter.ro\/ger-in-romania-noaptea-cu-temperaturi-de-16-grade-unde-a-fost-cea-mai-friguroasa-dimineata-cum-arata-prognoza-zilei\/"]}]},{"@type":"BreadcrumbList","@id":"https:\/\/carpathiacenter.ro\/ger-in-romania-noaptea-cu-temperaturi-de-16-grade-unde-a-fost-cea-mai-friguroasa-dimineata-cum-arata-prognoza-zilei\/#breadcrumb","itemListElement":[{"@type":"ListItem","position":1,"name":"Prima pagin\u0103","item":"https:\/\/carpathiacenter.ro\/"},{"@type":"ListItem","position":2,"name":"Ger \u00een Rom\u00e2nia: Noaptea cu temperaturi de -16 grade. Unde a fost cea mai friguroas\u0103 diminea\u021b\u0103 \/ Cum arat\u0103 prognoza zilei"}]},{"@type":"WebSite","@id":"https:\/\/carpathiacenter.ro\/#website","url":"https:\/\/carpathiacenter.ro\/","name":"Carpathia Center Romania","description":"Impossible made possible!","publisher":{"@id":"https:\/\/carpathiacenter.ro\/#organization"},"potentialAction":[{"@type":"SearchAction","target":{"@type":"EntryPoint","urlTemplate":"https:\/\/carpathiacenter.ro\/?s={search_term_string}"},"query-input":{"@type":"PropertyValueSpecification","valueRequired":true,"valueName":"search_term_string"}}],"inLanguage":"en-GB"},{"@type":"Organization","@id":"https:\/\/carpathiacenter.ro\/#organization","name":"Carpathia Center Romania","url":"https:\/\/carpathiacenter.ro\/","logo":{"@type":"ImageObject","inLanguage":"en-GB","@id":"https:\/\/carpathiacenter.ro\/#\/schema\/logo\/image\/","url":"https:\/\/carpathiacenter.ro\/wp-content\/uploads\/2024\/07\/logo-carpathia_bg_white-1024x941.png","contentUrl":"https:\/\/carpathiacenter.ro\/wp-content\/uploads\/2024\/07\/logo-carpathia_bg_white-1024x941.png","width":1024,"height":941,"caption":"Carpathia Center Romania"},"image":{"@id":"https:\/\/carpathiacenter.ro\/#\/schema\/logo\/image\/"},"sameAs":["https:\/\/www.facebook.com\/fdpscarpathia\/"]},{"@type":"Person","@id":"https:\/\/carpathiacenter.ro\/#\/schema\/person\/03d9f58202fee8379268f34afa195006","name":"creativebitsolutions","image":{"@type":"ImageObject","inLanguage":"en-GB","@id":"https:\/\/carpathiacenter.ro\/#\/schema\/person\/image\/","url":"https:\/\/secure.gravatar.com\/avatar\/1b1a13e37f847c635dab78348f1dff2f07651ee2a3d77a5c355a4b8c75f9165a?s=96&d=mm&r=g","contentUrl":"https:\/\/secure.gravatar.com\/avatar\/1b1a13e37f847c635dab78348f1dff2f07651ee2a3d77a5c355a4b8c75f9165a?s=96&d=mm&r=g","caption":"creativebitsolutions"},"url":"https:\/\/carpathiacenter.ro\/en\/author\/creativebitsolutions\/"}]}},"_links":{"self":[{"href":"https:\/\/carpathiacenter.ro\/en\/wp-json\/wp\/v2\/posts\/3635","targetHints":{"allow":["GET"]}}],"collection":[{"href":"https:\/\/carpathiacenter.ro\/en\/wp-json\/wp\/v2\/posts"}],"about":[{"href":"https:\/\/carpathiacenter.ro\/en\/wp-json\/wp\/v2\/types\/post"}],"author":[{"embeddable":true,"href":"https:\/\/carpathiacenter.ro\/en\/wp-json\/wp\/v2\/users\/4"}],"replies":[{"embeddable":true,"href":"https:\/\/carpathiacenter.ro\/en\/wp-json\/wp\/v2\/comments?post=3635"}],"version-history":[{"count":1,"href":"https:\/\/carpathiacenter.ro\/en\/wp-json\/wp\/v2\/posts\/3635\/revisions"}],"predecessor-version":[{"id":3636,"href":"https:\/\/carpathiacenter.ro\/en\/wp-json\/wp\/v2\/posts\/3635\/revisions\/3636"}],"wp:attachment":[{"href":"https:\/\/carpathiacenter.ro\/en\/wp-json\/wp\/v2\/media?parent=3635"}],"wp:term":[{"taxonomy":"category","embeddable":true,"href":"https:\/\/carpathiacenter.ro\/en\/wp-json\/wp\/v2\/categories?post=3635"},{"taxonomy":"post_tag","embeddable":true,"href":"https:\/\/carpathiacenter.ro\/en\/wp-json\/wp\/v2\/tags?post=3635"}],"curies":[{"name":"wp","href":"https:\/\/api.w.org\/{rel}","templated":true}]}}