{"id":3626,"date":"2026-01-09T09:25:18","date_gmt":"2026-01-09T09:25:18","guid":{"rendered":"https:\/\/carpathiacenter.ro\/?p=3626"},"modified":"2026-01-09T09:25:18","modified_gmt":"2026-01-09T09:25:18","slug":"ger-ninsori-si-viscol-in-romania-pana-sambata-zeci-de-localitati-afectate-de-vremea-rea-drumuri-inchise-cursuri-suspendate-si-oameni-blocati-in-nameti-la-bucuresti-mii-de-blocuri-fara-caldur","status":"publish","type":"post","link":"https:\/\/carpathiacenter.ro\/en\/ger-ninsori-si-viscol-in-romania-pana-sambata-zeci-de-localitati-afectate-de-vremea-rea-drumuri-inchise-cursuri-suspendate-si-oameni-blocati-in-nameti-la-bucuresti-mii-de-blocuri-fara-caldur\/","title":{"rendered":"Ger, ninsori \u0219i viscol \u00een Rom\u00e2nia, p\u00e2n\u0103 s\u00e2mb\u0103t\u0103. Zeci de localit\u0103\u0163i, afectate de vremea rea. Drumuri \u00eenchise, cursuri suspendate \u0219i oameni bloca\u0163i \u00een n\u0103me\u021bi \/  La Bucure\u0219ti, mii de blocuri f\u0103r\u0103 c\u0103ldur\u0103"},"content":{"rendered":"<p><strong>Rom\u00e2nia se afl\u0103 sub avertizare meteo de v\u00e2nt puternic, ninsori viscolite \u0219i ger. Autorit\u0103\u021bile au anun\u021bat, vineri diminea\u021b\u0103, primele m\u0103suri \u00een zonele vizate de alertele meteo. Circula\u0163ia este \u00eengreunat\u0103 pe drumuri din mai multe jude\u0163e din cauza ninsorii \u015fi a poleiului. De asemenea, mai multe \u0219coli au fost \u00eenchise.<\/strong><\/p>\n<p>Meteorologii avertizeaz\u0103 c\u0103, \u00eencep\u00e2nd de s\u00e2mb\u0103t\u0103, vremea va continua s\u0103 se r\u0103ceasc\u0103 la \u00eenceput \u00een nord-estul \u0219i centrul \u021b\u0103rii, apoi \u0219i \u00een rest, astfel c\u0103 \u00eendeosebi pe parcursul nop\u021bilor \u0219i al dimine\u021bilor va fi ger p\u00e2n\u0103 spre jum\u0103tatea lunii ianuarie.<\/p>\n<h2 class=\"wp-block-heading\">32 de localit\u0103\u0163i, din 15 jude\u0163e, afectate de ninsori \u015fi viscol<\/h2>\n<p>\u201e\u00cen ultimele 24 de ore, pompierii au ac\u0163ionat continuu pentru sprijinirea autorit\u0103\u0163ilor \u015fi a cet\u0103\u0163enilor, \u00een vederea gestion\u0103rii eficiente a situa\u0163iilor de urgen\u0163\u0103 generate de condi\u0163iile meteorologice nefavorabile. Intensific\u0103rile puternice ale v\u00e2ntului, ninsorile \u015fi viscolul au produs efecte \u00een 32 de localit\u0103\u0163i din 15 jude\u0163e (Alba, Arge\u015f, Boto\u015fani, Cara\u015f Severin, Constan\u0163a, Dolj, Gorj, Harghita, Hunedoara, Maramure\u015f, Neam\u0163, Olt, Prahova, Teleorman, V\u00e2lcea), precum \u015fi \u00een municipiul Bucure\u015fti\u201d, anun\u0163\u0103 vineri diminea\u0163\u0103 IGSU.<\/p>\n<p>Pompierii, al\u0103turi de celelalte structuri ale MAI \u015fi autorit\u0103\u0163i cu atribu\u0163ii \u00een gestionarea efectelor vremii nefavorabile, au ac\u0163ionat pentru evacuarea apei din 3 locuin\u0163e, 21 de cur\u0163i, 14 beciuri\/subsoluri \u015fi de pe 3 str\u0103zi.<\/p>\n<p>De asemenea, au fost degaja\u0163i 18 copaci \u015fi 2 st\u00e2lpi de electricitate pr\u0103bu\u015fi\u0163i, evenimente soldate cu avarierea a 6 autoturisme. Totodat\u0103, pompierii au intervenit pentru \u00eendep\u0103rtarea unor elemente de construc\u0163ie de la 4 imobile \u015fi pentru deblocarea a 6 autoturisme r\u0103mase \u00eenz\u0103pezite sau ie\u015fite \u00een afara p\u0103r\u0163ii carosabile.<\/p>\n<p>Vineri diminea\u0163\u0103, situa\u0163ia aliment\u0103rii cu energie electric\u0103 indica avarii \u00een 5 localit\u0103\u0163i din Cara\u015f Severin \u015fi Dolj, fiind afecta\u0163i aproximativ 1.054 consumatori finali. Echipele specializate ac\u0163ioneaz\u0103 \u00een teren pentru remedierea defec\u0163iunilor \u015fi realimentarea cu energie electric\u0103.<\/p>\n<p>Totodat\u0103, pe parcursul ultimelor 24 de ore, pompierii salvatori au gestionat 69 de incendii, au derulat 311 interven\u0163ii pentru protec\u0163ia comunit\u0103\u0163ilor, dintre care unele au presupus opera\u0163iuni de descarcerare. De asemenea, au fost asigurate 1.455 de misiuni de asisten\u0163\u0103 medical\u0103 de urgen\u0163\u0103.<\/p>\n<h2 class=\"wp-block-heading\">Cursuri suspendate<\/h2>\n<p>Dou\u0103 unit\u0103\u0163i \u015fcolare din jude\u0163ul Bistri\u0163a-N\u0103s\u0103ud, cu sute de elevi naveti\u015fti, \u00ee\u015fi vor suspenda cursurile cu prezen\u0163\u0103 fizic\u0103 vineri, la fel ca cele din municipiul Bistri\u0163a, a anun\u0163at \u015feful Inspectoratului \u015ecolar Jude\u0163ean, Vasile \u015eteopoaie.<\/p>\n<p>Este vorba despre Liceul economic din ora\u015ful N\u0103s\u0103ud, unde peste 600 de elevi, din totalul de 720, fac naveta, \u015fi de \u015fcoala gimnazial\u0103 din comuna \u015eieu\u0163, care nu poate asigura transportul elevilor. \u00cen aceste \u015fcoli, cursurile se vor desf\u0103\u015fura online.<\/p>\n<p>Cursurile \u015fcolare au fost suspendate vineri \u0219i la \u015ecoala Gimnazial\u0103 din localitatea R\u0103d\u0103u\u0163i Prut, ca urmare a vremii nefavorabile, au anun\u0163at reprezentan\u0163ii Inspectoratului pentru Situa\u0163ii de Urgen\u0163\u0103 (ISU) Boto\u015fani.<\/p>\n<p>Autorit\u0103\u021bile spun c\u0103 m\u0103sura a fost adoptat\u0103 de Comitetul Jude\u0163ean pentru Situa\u0163ii de Urgen\u0163\u0103 (CJSU), afecteaz\u0103 260 de elevi \u015fi a fost luat\u0103 ca urmare a \u00eenchiderii circula\u0163iei pe drumul na\u0163ional DN 24C, \u00eentre localit\u0103\u0163ile Manoleasa \u015fi R\u0103d\u0103u\u0163i Prut.<\/p>\n<p>De asemenea, CJSU a dispus suspendarea par\u0163ial\u0103 a cursurilor pentru elevii naveti\u015fti din Crasnaleuca, Cotul Miculin\u0163i, Ghireni \u015fi Mitoc care frecventeaz\u0103 Liceul Tehnologic Co\u0163u\u015fca, precum \u015fi a celor care \u00eenva\u0163\u0103 la \u015ecoala Gimnazial\u0103 Manoleasa \u015fi fac naveta de la Liveni \u015fi Zahoreni.<\/p>\n<h2 class=\"wp-block-heading\">Drumuri \u00eenchise \u0219i oameni bloca\u021bi \u00een n\u0103me\u021bi<\/h2>\n<p>\u00cen jude\u021bul Boto\u0219ani,\u00a0<a href=\"https:\/\/hotnews.ro\/video-zece-persoane-inclusiv-trei-copii-blocate-cu-masinile-in-nameti-pe-drumurile-din-botosani-2146672?utm_source=hotnews&amp;utm_medium=homepage&amp;utm_campaign=ultima-ora-widget\">zece persoane, printre care \u015fi trei copii, au avut nevoie de sprijinul pompierilor<\/a>\u00a0pentru a-\u015fi putea continua deplasarea, dup\u0103 ce au r\u0103mas \u00eenz\u0103pezite cu autoturismele, anun\u0163\u0103 vineri diminea\u0163\u0103 ISU Boto\u015fani.<\/p>\n<p>Circula\u0163ia pe DN 24 C R\u0103d\u0103u\u0163i-Prut \u2013 Manoleasa este \u00eenchis\u0103, din cauza viscolului, au anun\u0163at, vineri diminea\u0163\u0103, reprezentan\u0163ii Inspectoratului pentru Situa\u0163ii de Urgen\u0163\u0103 (ISU) Boto\u015fani. M\u0103sura a fost luat\u0103 pentru protejarea vie\u0163ii cet\u0103\u0163enilor, care ar putea r\u0103m\u00e2ne bloca\u0163i pe drum \u00een propriile autovehicule.<\/p>\n<p>\u201eDecizia a fost adoptat\u0103 din cauza v\u00e2ntului puternic, care a redus vizibilitatea la zero, precum \u015fi a existen\u0163ei unor por\u0163iuni de carosabil acoperite cu z\u0103pad\u0103 viscolit\u0103\u201d, a precizat ISU.<\/p>\n<p>\u00cen jude\u021bul Vaslui, o ambulan\u0163\u0103 solicitat\u0103 pentru a prelua un copil \u00een v\u00e2rst\u0103 de 13 ani cu astm a r\u0103mas blocat\u0103 la Albe\u015fti, la fa\u0163a locului intervenind reprezentan\u0163i ai Serviciului de Voluntari pentru Situa\u0163ii de Urgen\u0163\u0103, iar alte dou\u0103 autospeciale sunt blocate pe DJ Tei\u015foru \u2013 Pu\u015fca\u015fi.<\/p>\n<p>Probleme au fost \u00eenregistrate \u00een ultimele ore pe traseul Cre\u0163e\u015fti-Hoceni-P\u0103dureni-Hu\u015fi \u015fi spre comuna Vetri\u015foaia.<\/p>\n<p>Sursa articolului:  <a href=\"https:\/\/hotnews.ro\/ger-ninsori-si-viscol-in-romania-pana-sambata-zonele-vizate-de-alertele-meteo-2146598\" target=\"_blank\" rel=\"noopener\" title=\"\">HotNews<\/a><\/p>","protected":false},"excerpt":{"rendered":"<p>Rom\u00e2nia se afl\u0103 sub avertizare meteo de v\u00e2nt puternic, ninsori viscolite \u0219i ger. Autorit\u0103\u021bile au anun\u021bat, vineri diminea\u021b\u0103, primele m\u0103suri \u00een zonele vizate de alertele meteo. Circula\u0163ia este \u00eengreunat\u0103 pe drumuri din mai multe jude\u0163e din cauza ninsorii \u015fi a poleiului. De asemenea, mai multe \u0219coli au fost \u00eenchise. Meteorologii avertizeaz\u0103 c\u0103, \u00eencep\u00e2nd de s\u00e2mb\u0103t\u0103,&#8230;<\/p>","protected":false},"author":4,"featured_media":0,"comment_status":"open","ping_status":"open","sticky":false,"template":"","format":"standard","meta":{"footnotes":""},"categories":[1],"tags":[],"class_list":["post-3626","post","type-post","status-publish","format-standard","hentry","category-uncategorized"],"yoast_head":"<!-- This site is optimized with the Yoast SEO plugin v26.1.1 - https:\/\/yoast.com\/wordpress\/plugins\/seo\/ -->\n<title>Ger, ninsori \u0219i viscol \u00een Rom\u00e2nia, p\u00e2n\u0103 s\u00e2mb\u0103t\u0103. Zeci de localit\u0103\u0163i, afectate de vremea rea. Drumuri \u00eenchise, cursuri suspendate \u0219i oameni bloca\u0163i \u00een n\u0103me\u021bi \/ La Bucure\u0219ti, mii de blocuri f\u0103r\u0103 c\u0103ldur\u0103 - Carpathia Center Romania<\/title>\n<meta name=\"robots\" content=\"index, follow, max-snippet:-1, max-image-preview:large, max-video-preview:-1\" \/>\n<link rel=\"canonical\" href=\"https:\/\/carpathiacenter.ro\/en\/ger-ninsori-si-viscol-in-romania-pana-sambata-zeci-de-localitati-afectate-de-vremea-rea-drumuri-inchise-cursuri-suspendate-si-oameni-blocati-in-nameti-la-bucuresti-mii-de-blocuri-fara-caldur\/\" \/>\n<meta property=\"og:locale\" content=\"en_GB\" \/>\n<meta property=\"og:type\" content=\"article\" \/>\n<meta property=\"og:title\" content=\"Ger, ninsori \u0219i viscol \u00een Rom\u00e2nia, p\u00e2n\u0103 s\u00e2mb\u0103t\u0103. Zeci de localit\u0103\u0163i, afectate de vremea rea. Drumuri \u00eenchise, cursuri suspendate \u0219i oameni bloca\u0163i \u00een n\u0103me\u021bi \/ La Bucure\u0219ti, mii de blocuri f\u0103r\u0103 c\u0103ldur\u0103 - Carpathia Center Romania\" \/>\n<meta property=\"og:description\" content=\"Rom\u00e2nia se afl\u0103 sub avertizare meteo de v\u00e2nt puternic, ninsori viscolite \u0219i ger. Autorit\u0103\u021bile au anun\u021bat, vineri diminea\u021b\u0103, primele m\u0103suri \u00een zonele vizate de alertele meteo. Circula\u0163ia este \u00eengreunat\u0103 pe drumuri din mai multe jude\u0163e din cauza ninsorii \u015fi a poleiului. De asemenea, mai multe \u0219coli au fost \u00eenchise. Meteorologii avertizeaz\u0103 c\u0103, \u00eencep\u00e2nd de s\u00e2mb\u0103t\u0103,...\" \/>\n<meta property=\"og:url\" content=\"https:\/\/carpathiacenter.ro\/en\/ger-ninsori-si-viscol-in-romania-pana-sambata-zeci-de-localitati-afectate-de-vremea-rea-drumuri-inchise-cursuri-suspendate-si-oameni-blocati-in-nameti-la-bucuresti-mii-de-blocuri-fara-caldur\/\" \/>\n<meta property=\"og:site_name\" content=\"Carpathia Center Romania\" \/>\n<meta property=\"article:publisher\" content=\"https:\/\/www.facebook.com\/fdpscarpathia\/\" \/>\n<meta property=\"article:published_time\" content=\"2026-01-09T09:25:18+00:00\" \/>\n<meta name=\"author\" content=\"creativebitsolutions\" \/>\n<meta name=\"twitter:card\" content=\"summary_large_image\" \/>\n<meta name=\"twitter:label1\" content=\"Written by\" \/>\n\t<meta name=\"twitter:data1\" content=\"creativebitsolutions\" \/>\n\t<meta name=\"twitter:label2\" content=\"Estimated reading time\" \/>\n\t<meta name=\"twitter:data2\" content=\"4 minutes\" \/>\n<script type=\"application\/ld+json\" class=\"yoast-schema-graph\">{\"@context\":\"https:\/\/schema.org\",\"@graph\":[{\"@type\":\"Article\",\"@id\":\"https:\/\/carpathiacenter.ro\/ger-ninsori-si-viscol-in-romania-pana-sambata-zeci-de-localitati-afectate-de-vremea-rea-drumuri-inchise-cursuri-suspendate-si-oameni-blocati-in-nameti-la-bucuresti-mii-de-blocuri-fara-caldur\/#article\",\"isPartOf\":{\"@id\":\"https:\/\/carpathiacenter.ro\/ger-ninsori-si-viscol-in-romania-pana-sambata-zeci-de-localitati-afectate-de-vremea-rea-drumuri-inchise-cursuri-suspendate-si-oameni-blocati-in-nameti-la-bucuresti-mii-de-blocuri-fara-caldur\/\"},\"author\":{\"name\":\"creativebitsolutions\",\"@id\":\"https:\/\/carpathiacenter.ro\/#\/schema\/person\/03d9f58202fee8379268f34afa195006\"},\"headline\":\"Ger, ninsori \u0219i viscol \u00een Rom\u00e2nia, p\u00e2n\u0103 s\u00e2mb\u0103t\u0103. Zeci de localit\u0103\u0163i, afectate de vremea rea. Drumuri \u00eenchise, cursuri suspendate \u0219i oameni bloca\u0163i \u00een n\u0103me\u021bi \/ La Bucure\u0219ti, mii de blocuri f\u0103r\u0103 c\u0103ldur\u0103\",\"datePublished\":\"2026-01-09T09:25:18+00:00\",\"mainEntityOfPage\":{\"@id\":\"https:\/\/carpathiacenter.ro\/ger-ninsori-si-viscol-in-romania-pana-sambata-zeci-de-localitati-afectate-de-vremea-rea-drumuri-inchise-cursuri-suspendate-si-oameni-blocati-in-nameti-la-bucuresti-mii-de-blocuri-fara-caldur\/\"},\"wordCount\":845,\"commentCount\":0,\"publisher\":{\"@id\":\"https:\/\/carpathiacenter.ro\/#organization\"},\"articleSection\":[\"Uncategorized\"],\"inLanguage\":\"en-GB\",\"potentialAction\":[{\"@type\":\"CommentAction\",\"name\":\"Comment\",\"target\":[\"https:\/\/carpathiacenter.ro\/ger-ninsori-si-viscol-in-romania-pana-sambata-zeci-de-localitati-afectate-de-vremea-rea-drumuri-inchise-cursuri-suspendate-si-oameni-blocati-in-nameti-la-bucuresti-mii-de-blocuri-fara-caldur\/#respond\"]}]},{\"@type\":\"WebPage\",\"@id\":\"https:\/\/carpathiacenter.ro\/ger-ninsori-si-viscol-in-romania-pana-sambata-zeci-de-localitati-afectate-de-vremea-rea-drumuri-inchise-cursuri-suspendate-si-oameni-blocati-in-nameti-la-bucuresti-mii-de-blocuri-fara-caldur\/\",\"url\":\"https:\/\/carpathiacenter.ro\/ger-ninsori-si-viscol-in-romania-pana-sambata-zeci-de-localitati-afectate-de-vremea-rea-drumuri-inchise-cursuri-suspendate-si-oameni-blocati-in-nameti-la-bucuresti-mii-de-blocuri-fara-caldur\/\",\"name\":\"Ger, ninsori \u0219i viscol \u00een Rom\u00e2nia, p\u00e2n\u0103 s\u00e2mb\u0103t\u0103. Zeci de localit\u0103\u0163i, afectate de vremea rea. Drumuri \u00eenchise, cursuri suspendate \u0219i oameni bloca\u0163i \u00een n\u0103me\u021bi \/ La Bucure\u0219ti, mii de blocuri f\u0103r\u0103 c\u0103ldur\u0103 - Carpathia Center Romania\",\"isPartOf\":{\"@id\":\"https:\/\/carpathiacenter.ro\/#website\"},\"datePublished\":\"2026-01-09T09:25:18+00:00\",\"breadcrumb\":{\"@id\":\"https:\/\/carpathiacenter.ro\/ger-ninsori-si-viscol-in-romania-pana-sambata-zeci-de-localitati-afectate-de-vremea-rea-drumuri-inchise-cursuri-suspendate-si-oameni-blocati-in-nameti-la-bucuresti-mii-de-blocuri-fara-caldur\/#breadcrumb\"},\"inLanguage\":\"en-GB\",\"potentialAction\":[{\"@type\":\"ReadAction\",\"target\":[\"https:\/\/carpathiacenter.ro\/ger-ninsori-si-viscol-in-romania-pana-sambata-zeci-de-localitati-afectate-de-vremea-rea-drumuri-inchise-cursuri-suspendate-si-oameni-blocati-in-nameti-la-bucuresti-mii-de-blocuri-fara-caldur\/\"]}]},{\"@type\":\"BreadcrumbList\",\"@id\":\"https:\/\/carpathiacenter.ro\/ger-ninsori-si-viscol-in-romania-pana-sambata-zeci-de-localitati-afectate-de-vremea-rea-drumuri-inchise-cursuri-suspendate-si-oameni-blocati-in-nameti-la-bucuresti-mii-de-blocuri-fara-caldur\/#breadcrumb\",\"itemListElement\":[{\"@type\":\"ListItem\",\"position\":1,\"name\":\"Prima pagin\u0103\",\"item\":\"https:\/\/carpathiacenter.ro\/\"},{\"@type\":\"ListItem\",\"position\":2,\"name\":\"Ger, ninsori \u0219i viscol \u00een Rom\u00e2nia, p\u00e2n\u0103 s\u00e2mb\u0103t\u0103. Zeci de localit\u0103\u0163i, afectate de vremea rea. Drumuri \u00eenchise, cursuri suspendate \u0219i oameni bloca\u0163i \u00een n\u0103me\u021bi \/ La Bucure\u0219ti, mii de blocuri f\u0103r\u0103 c\u0103ldur\u0103\"}]},{\"@type\":\"WebSite\",\"@id\":\"https:\/\/carpathiacenter.ro\/#website\",\"url\":\"https:\/\/carpathiacenter.ro\/\",\"name\":\"Carpathia Center Romania\",\"description\":\"Impossible made possible!\",\"publisher\":{\"@id\":\"https:\/\/carpathiacenter.ro\/#organization\"},\"potentialAction\":[{\"@type\":\"SearchAction\",\"target\":{\"@type\":\"EntryPoint\",\"urlTemplate\":\"https:\/\/carpathiacenter.ro\/?s={search_term_string}\"},\"query-input\":{\"@type\":\"PropertyValueSpecification\",\"valueRequired\":true,\"valueName\":\"search_term_string\"}}],\"inLanguage\":\"en-GB\"},{\"@type\":\"Organization\",\"@id\":\"https:\/\/carpathiacenter.ro\/#organization\",\"name\":\"Carpathia Center Romania\",\"url\":\"https:\/\/carpathiacenter.ro\/\",\"logo\":{\"@type\":\"ImageObject\",\"inLanguage\":\"en-GB\",\"@id\":\"https:\/\/carpathiacenter.ro\/#\/schema\/logo\/image\/\",\"url\":\"https:\/\/carpathiacenter.ro\/wp-content\/uploads\/2024\/07\/logo-carpathia_bg_white-1024x941.png\",\"contentUrl\":\"https:\/\/carpathiacenter.ro\/wp-content\/uploads\/2024\/07\/logo-carpathia_bg_white-1024x941.png\",\"width\":1024,\"height\":941,\"caption\":\"Carpathia Center Romania\"},\"image\":{\"@id\":\"https:\/\/carpathiacenter.ro\/#\/schema\/logo\/image\/\"},\"sameAs\":[\"https:\/\/www.facebook.com\/fdpscarpathia\/\"]},{\"@type\":\"Person\",\"@id\":\"https:\/\/carpathiacenter.ro\/#\/schema\/person\/03d9f58202fee8379268f34afa195006\",\"name\":\"creativebitsolutions\",\"image\":{\"@type\":\"ImageObject\",\"inLanguage\":\"en-GB\",\"@id\":\"https:\/\/carpathiacenter.ro\/#\/schema\/person\/image\/\",\"url\":\"https:\/\/secure.gravatar.com\/avatar\/1b1a13e37f847c635dab78348f1dff2f07651ee2a3d77a5c355a4b8c75f9165a?s=96&d=mm&r=g\",\"contentUrl\":\"https:\/\/secure.gravatar.com\/avatar\/1b1a13e37f847c635dab78348f1dff2f07651ee2a3d77a5c355a4b8c75f9165a?s=96&d=mm&r=g\",\"caption\":\"creativebitsolutions\"},\"url\":\"https:\/\/carpathiacenter.ro\/en\/author\/creativebitsolutions\/\"}]}<\/script>\n<!-- \/ Yoast SEO plugin. -->","yoast_head_json":{"title":"Ger, ninsori \u0219i viscol \u00een Rom\u00e2nia, p\u00e2n\u0103 s\u00e2mb\u0103t\u0103. Zeci de localit\u0103\u0163i, afectate de vremea rea. Drumuri \u00eenchise, cursuri suspendate \u0219i oameni bloca\u0163i \u00een n\u0103me\u021bi \/ La Bucure\u0219ti, mii de blocuri f\u0103r\u0103 c\u0103ldur\u0103 - Carpathia Center Romania","robots":{"index":"index","follow":"follow","max-snippet":"max-snippet:-1","max-image-preview":"max-image-preview:large","max-video-preview":"max-video-preview:-1"},"canonical":"https:\/\/carpathiacenter.ro\/en\/ger-ninsori-si-viscol-in-romania-pana-sambata-zeci-de-localitati-afectate-de-vremea-rea-drumuri-inchise-cursuri-suspendate-si-oameni-blocati-in-nameti-la-bucuresti-mii-de-blocuri-fara-caldur\/","og_locale":"en_GB","og_type":"article","og_title":"Ger, ninsori \u0219i viscol \u00een Rom\u00e2nia, p\u00e2n\u0103 s\u00e2mb\u0103t\u0103. Zeci de localit\u0103\u0163i, afectate de vremea rea. Drumuri \u00eenchise, cursuri suspendate \u0219i oameni bloca\u0163i \u00een n\u0103me\u021bi \/ La Bucure\u0219ti, mii de blocuri f\u0103r\u0103 c\u0103ldur\u0103 - Carpathia Center Romania","og_description":"Rom\u00e2nia se afl\u0103 sub avertizare meteo de v\u00e2nt puternic, ninsori viscolite \u0219i ger. Autorit\u0103\u021bile au anun\u021bat, vineri diminea\u021b\u0103, primele m\u0103suri \u00een zonele vizate de alertele meteo. Circula\u0163ia este \u00eengreunat\u0103 pe drumuri din mai multe jude\u0163e din cauza ninsorii \u015fi a poleiului. De asemenea, mai multe \u0219coli au fost \u00eenchise. Meteorologii avertizeaz\u0103 c\u0103, \u00eencep\u00e2nd de s\u00e2mb\u0103t\u0103,...","og_url":"https:\/\/carpathiacenter.ro\/en\/ger-ninsori-si-viscol-in-romania-pana-sambata-zeci-de-localitati-afectate-de-vremea-rea-drumuri-inchise-cursuri-suspendate-si-oameni-blocati-in-nameti-la-bucuresti-mii-de-blocuri-fara-caldur\/","og_site_name":"Carpathia Center Romania","article_publisher":"https:\/\/www.facebook.com\/fdpscarpathia\/","article_published_time":"2026-01-09T09:25:18+00:00","author":"creativebitsolutions","twitter_card":"summary_large_image","twitter_misc":{"Written by":"creativebitsolutions","Estimated reading time":"4 minutes"},"schema":{"@context":"https:\/\/schema.org","@graph":[{"@type":"Article","@id":"https:\/\/carpathiacenter.ro\/ger-ninsori-si-viscol-in-romania-pana-sambata-zeci-de-localitati-afectate-de-vremea-rea-drumuri-inchise-cursuri-suspendate-si-oameni-blocati-in-nameti-la-bucuresti-mii-de-blocuri-fara-caldur\/#article","isPartOf":{"@id":"https:\/\/carpathiacenter.ro\/ger-ninsori-si-viscol-in-romania-pana-sambata-zeci-de-localitati-afectate-de-vremea-rea-drumuri-inchise-cursuri-suspendate-si-oameni-blocati-in-nameti-la-bucuresti-mii-de-blocuri-fara-caldur\/"},"author":{"name":"creativebitsolutions","@id":"https:\/\/carpathiacenter.ro\/#\/schema\/person\/03d9f58202fee8379268f34afa195006"},"headline":"Ger, ninsori \u0219i viscol \u00een Rom\u00e2nia, p\u00e2n\u0103 s\u00e2mb\u0103t\u0103. Zeci de localit\u0103\u0163i, afectate de vremea rea. Drumuri \u00eenchise, cursuri suspendate \u0219i oameni bloca\u0163i \u00een n\u0103me\u021bi \/ La Bucure\u0219ti, mii de blocuri f\u0103r\u0103 c\u0103ldur\u0103","datePublished":"2026-01-09T09:25:18+00:00","mainEntityOfPage":{"@id":"https:\/\/carpathiacenter.ro\/ger-ninsori-si-viscol-in-romania-pana-sambata-zeci-de-localitati-afectate-de-vremea-rea-drumuri-inchise-cursuri-suspendate-si-oameni-blocati-in-nameti-la-bucuresti-mii-de-blocuri-fara-caldur\/"},"wordCount":845,"commentCount":0,"publisher":{"@id":"https:\/\/carpathiacenter.ro\/#organization"},"articleSection":["Uncategorized"],"inLanguage":"en-GB","potentialAction":[{"@type":"CommentAction","name":"Comment","target":["https:\/\/carpathiacenter.ro\/ger-ninsori-si-viscol-in-romania-pana-sambata-zeci-de-localitati-afectate-de-vremea-rea-drumuri-inchise-cursuri-suspendate-si-oameni-blocati-in-nameti-la-bucuresti-mii-de-blocuri-fara-caldur\/#respond"]}]},{"@type":"WebPage","@id":"https:\/\/carpathiacenter.ro\/ger-ninsori-si-viscol-in-romania-pana-sambata-zeci-de-localitati-afectate-de-vremea-rea-drumuri-inchise-cursuri-suspendate-si-oameni-blocati-in-nameti-la-bucuresti-mii-de-blocuri-fara-caldur\/","url":"https:\/\/carpathiacenter.ro\/ger-ninsori-si-viscol-in-romania-pana-sambata-zeci-de-localitati-afectate-de-vremea-rea-drumuri-inchise-cursuri-suspendate-si-oameni-blocati-in-nameti-la-bucuresti-mii-de-blocuri-fara-caldur\/","name":"Ger, ninsori \u0219i viscol \u00een Rom\u00e2nia, p\u00e2n\u0103 s\u00e2mb\u0103t\u0103. Zeci de localit\u0103\u0163i, afectate de vremea rea. Drumuri \u00eenchise, cursuri suspendate \u0219i oameni bloca\u0163i \u00een n\u0103me\u021bi \/ La Bucure\u0219ti, mii de blocuri f\u0103r\u0103 c\u0103ldur\u0103 - Carpathia Center Romania","isPartOf":{"@id":"https:\/\/carpathiacenter.ro\/#website"},"datePublished":"2026-01-09T09:25:18+00:00","breadcrumb":{"@id":"https:\/\/carpathiacenter.ro\/ger-ninsori-si-viscol-in-romania-pana-sambata-zeci-de-localitati-afectate-de-vremea-rea-drumuri-inchise-cursuri-suspendate-si-oameni-blocati-in-nameti-la-bucuresti-mii-de-blocuri-fara-caldur\/#breadcrumb"},"inLanguage":"en-GB","potentialAction":[{"@type":"ReadAction","target":["https:\/\/carpathiacenter.ro\/ger-ninsori-si-viscol-in-romania-pana-sambata-zeci-de-localitati-afectate-de-vremea-rea-drumuri-inchise-cursuri-suspendate-si-oameni-blocati-in-nameti-la-bucuresti-mii-de-blocuri-fara-caldur\/"]}]},{"@type":"BreadcrumbList","@id":"https:\/\/carpathiacenter.ro\/ger-ninsori-si-viscol-in-romania-pana-sambata-zeci-de-localitati-afectate-de-vremea-rea-drumuri-inchise-cursuri-suspendate-si-oameni-blocati-in-nameti-la-bucuresti-mii-de-blocuri-fara-caldur\/#breadcrumb","itemListElement":[{"@type":"ListItem","position":1,"name":"Prima pagin\u0103","item":"https:\/\/carpathiacenter.ro\/"},{"@type":"ListItem","position":2,"name":"Ger, ninsori \u0219i viscol \u00een Rom\u00e2nia, p\u00e2n\u0103 s\u00e2mb\u0103t\u0103. Zeci de localit\u0103\u0163i, afectate de vremea rea. Drumuri \u00eenchise, cursuri suspendate \u0219i oameni bloca\u0163i \u00een n\u0103me\u021bi \/ La Bucure\u0219ti, mii de blocuri f\u0103r\u0103 c\u0103ldur\u0103"}]},{"@type":"WebSite","@id":"https:\/\/carpathiacenter.ro\/#website","url":"https:\/\/carpathiacenter.ro\/","name":"Carpathia Center Romania","description":"Impossible made possible!","publisher":{"@id":"https:\/\/carpathiacenter.ro\/#organization"},"potentialAction":[{"@type":"SearchAction","target":{"@type":"EntryPoint","urlTemplate":"https:\/\/carpathiacenter.ro\/?s={search_term_string}"},"query-input":{"@type":"PropertyValueSpecification","valueRequired":true,"valueName":"search_term_string"}}],"inLanguage":"en-GB"},{"@type":"Organization","@id":"https:\/\/carpathiacenter.ro\/#organization","name":"Carpathia Center Romania","url":"https:\/\/carpathiacenter.ro\/","logo":{"@type":"ImageObject","inLanguage":"en-GB","@id":"https:\/\/carpathiacenter.ro\/#\/schema\/logo\/image\/","url":"https:\/\/carpathiacenter.ro\/wp-content\/uploads\/2024\/07\/logo-carpathia_bg_white-1024x941.png","contentUrl":"https:\/\/carpathiacenter.ro\/wp-content\/uploads\/2024\/07\/logo-carpathia_bg_white-1024x941.png","width":1024,"height":941,"caption":"Carpathia Center Romania"},"image":{"@id":"https:\/\/carpathiacenter.ro\/#\/schema\/logo\/image\/"},"sameAs":["https:\/\/www.facebook.com\/fdpscarpathia\/"]},{"@type":"Person","@id":"https:\/\/carpathiacenter.ro\/#\/schema\/person\/03d9f58202fee8379268f34afa195006","name":"creativebitsolutions","image":{"@type":"ImageObject","inLanguage":"en-GB","@id":"https:\/\/carpathiacenter.ro\/#\/schema\/person\/image\/","url":"https:\/\/secure.gravatar.com\/avatar\/1b1a13e37f847c635dab78348f1dff2f07651ee2a3d77a5c355a4b8c75f9165a?s=96&d=mm&r=g","contentUrl":"https:\/\/secure.gravatar.com\/avatar\/1b1a13e37f847c635dab78348f1dff2f07651ee2a3d77a5c355a4b8c75f9165a?s=96&d=mm&r=g","caption":"creativebitsolutions"},"url":"https:\/\/carpathiacenter.ro\/en\/author\/creativebitsolutions\/"}]}},"_links":{"self":[{"href":"https:\/\/carpathiacenter.ro\/en\/wp-json\/wp\/v2\/posts\/3626","targetHints":{"allow":["GET"]}}],"collection":[{"href":"https:\/\/carpathiacenter.ro\/en\/wp-json\/wp\/v2\/posts"}],"about":[{"href":"https:\/\/carpathiacenter.ro\/en\/wp-json\/wp\/v2\/types\/post"}],"author":[{"embeddable":true,"href":"https:\/\/carpathiacenter.ro\/en\/wp-json\/wp\/v2\/users\/4"}],"replies":[{"embeddable":true,"href":"https:\/\/carpathiacenter.ro\/en\/wp-json\/wp\/v2\/comments?post=3626"}],"version-history":[{"count":1,"href":"https:\/\/carpathiacenter.ro\/en\/wp-json\/wp\/v2\/posts\/3626\/revisions"}],"predecessor-version":[{"id":3627,"href":"https:\/\/carpathiacenter.ro\/en\/wp-json\/wp\/v2\/posts\/3626\/revisions\/3627"}],"wp:attachment":[{"href":"https:\/\/carpathiacenter.ro\/en\/wp-json\/wp\/v2\/media?parent=3626"}],"wp:term":[{"taxonomy":"category","embeddable":true,"href":"https:\/\/carpathiacenter.ro\/en\/wp-json\/wp\/v2\/categories?post=3626"},{"taxonomy":"post_tag","embeddable":true,"href":"https:\/\/carpathiacenter.ro\/en\/wp-json\/wp\/v2\/tags?post=3626"}],"curies":[{"name":"wp","href":"https:\/\/api.w.org\/{rel}","templated":true}]}}