{"id":3620,"date":"2026-01-08T09:48:03","date_gmt":"2026-01-08T09:48:03","guid":{"rendered":"https:\/\/carpathiacenter.ro\/?p=3620"},"modified":"2026-01-08T09:48:03","modified_gmt":"2026-01-08T09:48:03","slug":"o-scena-politica-atent-regizata-si-un-pariu-de-45-de-miliarde-de-euro-pentru-votul-crucial-dar-inca-nu-se-stie-daca-avionul-spre-tarile-mercosur-va-decola","status":"publish","type":"post","link":"https:\/\/carpathiacenter.ro\/en\/o-scena-politica-atent-regizata-si-un-pariu-de-45-de-miliarde-de-euro-pentru-votul-crucial-dar-inca-nu-se-stie-daca-avionul-spre-tarile-mercosur-va-decola\/","title":{"rendered":"O scen\u0103 politic\u0103 atent regizat\u0103 \u0219i un pariu de 45 de miliarde de euro, pentru votul crucial. Dar \u00eenc\u0103 nu se \u0219tie dac\u0103 avionul spre \u021b\u0103rile Mercosur va decola"},"content":{"rendered":"<p><strong>Bruxellesul are nevoie s\u0103 ob\u021bin\u0103 sprijinul Romei p\u00e2n\u0103 vineri pentru a asigura majoritatea necesar\u0103 care s\u0103 voteze acordul comercial istoric al UE cu America de Sud.<\/strong><\/p>\n<p>\u0218efa Comisiei Europene, Ursula von der Leyen, este hot\u0103r\u00e2t\u0103 s\u0103 se deplaseze s\u0103pt\u0103m\u00e2na viitoare \u00een America de Sud pentru a semna acordul comercial mult am\u00e2nat al UE cu blocul \u021b\u0103rilor Mercosur, dar trebuie s\u0103 fac\u0103 promisiuni de ultim moment fermierilor europeni pentru a putea urca \u00een avion, scrie\u00a0<a href=\"https:\/\/www.politico.eu\/article\/ursula-von-der-leyen-giorgia-meloni-pitch-to-win-support-for-mercosur-trade-deal\/\" target=\"_blank\" rel=\"noreferrer noopener\">Politico<\/a>.<\/p>\n<div id=\"billboard2\" class=\"inserted-position billboard-2\"><\/div>\n<p>\u021a\u0103rile UE urmeaz\u0103 s\u0103 ia vineri o decizie crucial\u0103 cu privire la aprobarea controversatului acord cu Argentina, Brazilia, Paraguay \u0219i Uruguay, care se afl\u0103 \u00een negociere de mai bine de un sfert de secol.<\/p>\n<p>Nu este \u00eenc\u0103 sigur c\u0103 Ursula von der Leyen va putea ob\u021bine majoritatea de care are nevoie vineri. Totul se reduce la decizia Italiei, care are votul decisiv \u2013 dac\u0103 va sprijini sau nu acordul.<\/p>\n<p>Pentru a-\u0219i asigura sprijinul Romei, von der Leyen a f\u0103cut mar\u021bi, \u00eentr-o scrisoare, c\u00e2teva promisiuni suplimentare privind finan\u021barea agriculturii. \u021ainta era clar\u0103: premierul italian Giorgia Meloni \u2013 al c\u0103rei refuz de a sus\u021bine acordul Mercosur a for\u021bat-o pe von der Leyen s\u0103-\u0219i anuleze c\u0103l\u0103toria pe care o planificase \u00een decembrie pentru semnarea acordului.<\/p>\n<div id=\"billboard3\" class=\"inserted-position billboard-3\"><\/div>\n<p>\u00cen esen\u021b\u0103, acordul Mercosur este o ini\u021biativ\u0103 a marilor produc\u0103tori europeni de a vinde mai multe ma\u0219ini, utilaje \u0219i produse chimice \u00een America Latin\u0103, \u00een timp ce puterile agricole din emisfera sudic\u0103 vor ob\u021bine un acces mai mare la pia\u021ba european\u0103 pentru produsele alimentare \u2013 o perspectiv\u0103 care \u00eei \u00eengroze\u0219te pe fermierii din UE.<\/p>\n<p>\u00cen timp ce Germania \u0219i Spania au condus de mult timp eforturile pentru \u00eencheierea unui acord, Fran\u021ba \u0219i Polonia se opun categoric. Astfel, Italia r\u0103m\u00e2ne \u021bara membr\u0103 cheie, preg\u0103tit\u0103 s\u0103 dea votul decisiv.<\/p>\n<p>Scrisoarea lui Von der Leyen de mar\u021bi a fost o scen\u0103 atent regizat\u0103 de teatru politic, noteaz\u0103 publica\u021bia de la Bruxelles.<\/p>\n<div id=\"billboard4\" class=\"inserted-position billboard-4 mobile\"><\/div>\n<p>\u00cen scrisoarea adresat\u0103 pre\u0219edin\u021biei Consiliului UE \u0219i pre\u0219edintei Parlamentului European, Roberta Metsola, \u0219efa Executivului comunitar a oferit acces anticipat la p\u00e2n\u0103 la 45 de miliarde de euro \u00een fonduri agricole din cadrul urm\u0103torului buget pe termen lung al blocului comunitar, reafirm\u00e2nd \u00een acela\u0219i timp cheltuielile agricole de 293,7 miliarde de euro dup\u0103 2027.<\/p>\n<p>Ea a insistat c\u0103 m\u0103surile din scrisoarea ei \u201evor oferi fermierilor \u0219i comunit\u0103\u021bilor rurale un nivel de sprijin f\u0103r\u0103 precedent, \u00een unele privin\u021be chiar mai mare dec\u00e2t \u00een actualul ciclu bugetar\u201d.<\/p>\n<p>Banii nu sunt noi \u2013 sunt prelua\u021bi dintr-un fond existent \u00een urm\u0103torul buget pe termen lung al UE \u2013, dar guvernele pot acum s\u0103 \u00eei blocheze pentru fermieri din timp, \u00eenainte ca ace\u0219tia s\u0103 fie realoca\u021bi \u00een cadrul negocierilor bugetare ulterioare.<\/p>\n<p>Von der Leyen a prezentat aceast\u0103 m\u0103sur\u0103 drept una care garanteaz\u0103 stabilitate \u0219i preg\u0103tire \u00een fa\u021ba crizelor, oferindu-i Meloni o victorie tangibil\u0103 pe care o poate prezenta puternicului lobby agricol.<\/p>\n<div id=\"billboard5\" class=\"inserted-position billboard-5 mobile\"><\/div>\n<h2 class=\"wp-block-heading\">Va sus\u021bine Meloni acordul cu Mercorsur?<\/h2>\n<p>Marea \u00eentrebare este dac\u0103 Italia va considera c\u0103 promisiunile lui von der Leyen sunt suficiente \u00eenaintea reuniunii decisive de vineri.<\/p>\n<p>Primele semnale sugereaz\u0103 c\u0103 Roma ar putea s\u0103-\u0219i modereze pozi\u021bia. Meloni a emis o declara\u021bie \u00een care afirma c\u0103 angajamentul privind finan\u021barea agriculturii reprezint\u0103 \u201eun pas pozitiv \u0219i semnificativ \u00een negocierile care vor conduce la noul buget al UE\u201d, dar a evitat \u00een mod evident s\u0103 fac\u0103 o leg\u0103tur\u0103 direct\u0103 cu Mercosur. Pre\u0219edintele francez Emmanuel Macron a salutat, de asemenea, scrisoarea lui von der Leyen, dar nu exist\u0103 perspective ca Parisul s\u0103 sus\u021bin\u0103 vineri acordul cu Mercosur.<\/p>\n<p>Nicola Procaccini, un aliat apropiat al Giorgiei Meloni \u00een Parlamentul European, a declarat pentru publica\u021bia citat\u0103: \u201eNe \u00eendrept\u0103m \u00een direc\u021bia corect\u0103 pentru a permite Italiei s\u0103 semneze (acordul cu) Mercosur\u201d.<\/p>\n<div id=\"billboard6\" class=\"inserted-position billboard-6 mobile\"><\/div>\n<p>Direc\u021bia corect\u0103, dar s-a ajuns la destina\u021bie? Guvernul de la Roma nu a dorit s\u0103 comenteze dac\u0103 va sprijini acordul.<\/p>\n<p>Germania, liderul industrial al UE, dore\u0219te s\u0103 \u00eencheie un acord cu \u021b\u0103rile Mercosur pentru a-\u0219i stimula exporturile, dar este \u00eenc\u0103 sceptic\u0103 \u00een ceea ce prive\u0219te existen\u021ba unui sprijin suficient pentru finalizarea acordului vineri.<\/p>\n<p>Un oficial german a avertizat c\u0103 totul este \u00eenc\u0103 \u00een joc. \u201eSe contureaz\u0103 o majoritate calificat\u0103, dar acordul nu este \u00eenc\u0103 \u00eencheiat. P\u00e2n\u0103 nu avem rezultatul, nu avem niciun motiv s\u0103 ne relax\u0103m\u201d, a spus oficialul.<\/p>\n<p>Cu toate acestea, optimismul cre\u0219te \u00een ceea ce prive\u0219te Roma \u00een tab\u0103ra pro-Mercosur. La urma urmei, pactul este considerat \u00een general ca fiind \u00een interesul nu numai al companiilor de inginerie din Italia, ci \u0219i al produc\u0103torilor de vinuri \u0219i produse alimentare de \u00eenalt\u0103 calitate, care sunt mari exportatori c\u0103tre America de Sud.<\/p>\n<div id=\"billboard7\" class=\"inserted-position billboard-7 mobile\"><\/div>\n<h2 class=\"wp-block-heading\">Fran\u021ba \u0219i Polonia se opun categoric<\/h2>\n<p>Rom\u00e2nia \u0219i Cehia reprezint\u0103 provoc\u0103ri suplimentare, a declarat un diplomat al UE, care \u0219i-a exprimat \u00eengrijorarea c\u0103 acestea ar putea s\u0103 se opun\u0103 acordului vineri, reduc\u00e2nd majoritatea la margini foarte str\u00e2nse. Diplomatul a spus \u00eens\u0103 c\u0103 Italia va sus\u021bine acordul.<\/p>\n<p>\u201eFran\u021ba nu este \u00eenc\u0103 satisf\u0103cut\u0103 de propunerile f\u0103cute de Comisie\u201d, a declarat mar\u021bi un oficial al ministerului francez al agriculturii, recunosc\u00e2nd totu\u0219i c\u0103 s-au \u00eenregistrat unele \u00eembun\u0103t\u0103\u021biri. \u201eStrategia Parisului pentru aceast\u0103 s\u0103pt\u0103m\u00e2n\u0103 este \u00een continuare aceea de a c\u0103uta o minoritate de blocare\u201d, a precizat el.<\/p>\n<p>\u201eItalia are propria strategie, noi o avem pe a noastr\u0103\u201d, a ad\u0103ugat oficialul, care a vorbit sub protec\u021bia anonimatului.<\/p>\n<p>Alia\u021bii Fran\u021bei, \u00een special Polonia, sunt la fel de categorici. Ministrul polonez al agriculturii, Stefan Krajewski, a declarat c\u0103 prioritatea este pur \u0219i simplu \u201eblocarea acestui acord\u201d. Dac\u0103 acest lucru nu va reu\u0219i, Var\u0219ovia va solicita garan\u021bii \u0219i compensa\u021bii maxime.<\/p>\n<p>Asta \u00eenseamn\u0103 c\u0103 totul se va decide vineri.<\/p>\n<div id=\"billboard8\" class=\"inserted-position billboard-8 mobile\"><\/div>\n<p>Un al doilea e\u0219ec \u00een ceea ce prive\u0219te trimiterea Ursulei lui von der Leyen pentru finalizarea acordului ar fi extrem de jenant \u0219i nu ar face dec\u00e2t s\u0103 alimenteze furia Berlinului fa\u021b\u0103 de alte \u021b\u0103ri ale UE care \u00eempiedic\u0103 \u00eencheierea \u00een\u021belegerii.<\/p>\n<p>Deocamdat\u0103, nu este clar \u00eenc\u0103 dac\u0103 von der Leyen se va urca \u00een avion.<\/p>\n<p>Sursa articolului:  <a href=\"https:\/\/hotnews.ro\/o-scena-politica-atent-regizata-si-un-pariu-de-45-de-miliarde-de-euro-pentru-votul-crucial-dar-inca-nu-se-stie-daca-avionul-spre-tarile-mercosur-va-decola-2145696\" target=\"_blank\" rel=\"noopener\" title=\"\">HotNews<\/a><\/p>","protected":false},"excerpt":{"rendered":"<p>Bruxellesul are nevoie s\u0103 ob\u021bin\u0103 sprijinul Romei p\u00e2n\u0103 vineri pentru a asigura majoritatea necesar\u0103 care s\u0103 voteze acordul comercial istoric al UE cu America de Sud. \u0218efa Comisiei Europene, Ursula von der Leyen, este hot\u0103r\u00e2t\u0103 s\u0103 se deplaseze s\u0103pt\u0103m\u00e2na viitoare \u00een America de Sud pentru a semna acordul comercial mult am\u00e2nat al UE cu blocul&#8230;<\/p>","protected":false},"author":4,"featured_media":0,"comment_status":"open","ping_status":"open","sticky":false,"template":"","format":"standard","meta":{"footnotes":""},"categories":[1],"tags":[],"class_list":["post-3620","post","type-post","status-publish","format-standard","hentry","category-uncategorized"],"yoast_head":"<!-- This site is optimized with the Yoast SEO plugin v26.1.1 - https:\/\/yoast.com\/wordpress\/plugins\/seo\/ -->\n<title>O scen\u0103 politic\u0103 atent regizat\u0103 \u0219i un pariu de 45 de miliarde de euro, pentru votul crucial. Dar \u00eenc\u0103 nu se \u0219tie dac\u0103 avionul spre \u021b\u0103rile Mercosur va decola - Carpathia Center Romania<\/title>\n<meta name=\"robots\" content=\"index, follow, max-snippet:-1, max-image-preview:large, max-video-preview:-1\" \/>\n<link rel=\"canonical\" href=\"https:\/\/carpathiacenter.ro\/en\/o-scena-politica-atent-regizata-si-un-pariu-de-45-de-miliarde-de-euro-pentru-votul-crucial-dar-inca-nu-se-stie-daca-avionul-spre-tarile-mercosur-va-decola\/\" \/>\n<meta property=\"og:locale\" content=\"en_GB\" \/>\n<meta property=\"og:type\" content=\"article\" \/>\n<meta property=\"og:title\" content=\"O scen\u0103 politic\u0103 atent regizat\u0103 \u0219i un pariu de 45 de miliarde de euro, pentru votul crucial. Dar \u00eenc\u0103 nu se \u0219tie dac\u0103 avionul spre \u021b\u0103rile Mercosur va decola - Carpathia Center Romania\" \/>\n<meta property=\"og:description\" content=\"Bruxellesul are nevoie s\u0103 ob\u021bin\u0103 sprijinul Romei p\u00e2n\u0103 vineri pentru a asigura majoritatea necesar\u0103 care s\u0103 voteze acordul comercial istoric al UE cu America de Sud. \u0218efa Comisiei Europene, Ursula von der Leyen, este hot\u0103r\u00e2t\u0103 s\u0103 se deplaseze s\u0103pt\u0103m\u00e2na viitoare \u00een America de Sud pentru a semna acordul comercial mult am\u00e2nat al UE cu blocul...\" \/>\n<meta property=\"og:url\" content=\"https:\/\/carpathiacenter.ro\/en\/o-scena-politica-atent-regizata-si-un-pariu-de-45-de-miliarde-de-euro-pentru-votul-crucial-dar-inca-nu-se-stie-daca-avionul-spre-tarile-mercosur-va-decola\/\" \/>\n<meta property=\"og:site_name\" content=\"Carpathia Center Romania\" \/>\n<meta property=\"article:publisher\" content=\"https:\/\/www.facebook.com\/fdpscarpathia\/\" \/>\n<meta property=\"article:published_time\" content=\"2026-01-08T09:48:03+00:00\" \/>\n<meta name=\"author\" content=\"creativebitsolutions\" \/>\n<meta name=\"twitter:card\" content=\"summary_large_image\" \/>\n<meta name=\"twitter:label1\" content=\"Written by\" \/>\n\t<meta name=\"twitter:data1\" content=\"creativebitsolutions\" \/>\n\t<meta name=\"twitter:label2\" content=\"Estimated reading time\" \/>\n\t<meta name=\"twitter:data2\" content=\"6 minutes\" \/>\n<script type=\"application\/ld+json\" class=\"yoast-schema-graph\">{\"@context\":\"https:\/\/schema.org\",\"@graph\":[{\"@type\":\"Article\",\"@id\":\"https:\/\/carpathiacenter.ro\/o-scena-politica-atent-regizata-si-un-pariu-de-45-de-miliarde-de-euro-pentru-votul-crucial-dar-inca-nu-se-stie-daca-avionul-spre-tarile-mercosur-va-decola\/#article\",\"isPartOf\":{\"@id\":\"https:\/\/carpathiacenter.ro\/o-scena-politica-atent-regizata-si-un-pariu-de-45-de-miliarde-de-euro-pentru-votul-crucial-dar-inca-nu-se-stie-daca-avionul-spre-tarile-mercosur-va-decola\/\"},\"author\":{\"name\":\"creativebitsolutions\",\"@id\":\"https:\/\/carpathiacenter.ro\/#\/schema\/person\/03d9f58202fee8379268f34afa195006\"},\"headline\":\"O scen\u0103 politic\u0103 atent regizat\u0103 \u0219i un pariu de 45 de miliarde de euro, pentru votul crucial. Dar \u00eenc\u0103 nu se \u0219tie dac\u0103 avionul spre \u021b\u0103rile Mercosur va decola\",\"datePublished\":\"2026-01-08T09:48:03+00:00\",\"mainEntityOfPage\":{\"@id\":\"https:\/\/carpathiacenter.ro\/o-scena-politica-atent-regizata-si-un-pariu-de-45-de-miliarde-de-euro-pentru-votul-crucial-dar-inca-nu-se-stie-daca-avionul-spre-tarile-mercosur-va-decola\/\"},\"wordCount\":1079,\"commentCount\":0,\"publisher\":{\"@id\":\"https:\/\/carpathiacenter.ro\/#organization\"},\"articleSection\":[\"Uncategorized\"],\"inLanguage\":\"en-GB\",\"potentialAction\":[{\"@type\":\"CommentAction\",\"name\":\"Comment\",\"target\":[\"https:\/\/carpathiacenter.ro\/o-scena-politica-atent-regizata-si-un-pariu-de-45-de-miliarde-de-euro-pentru-votul-crucial-dar-inca-nu-se-stie-daca-avionul-spre-tarile-mercosur-va-decola\/#respond\"]}]},{\"@type\":\"WebPage\",\"@id\":\"https:\/\/carpathiacenter.ro\/o-scena-politica-atent-regizata-si-un-pariu-de-45-de-miliarde-de-euro-pentru-votul-crucial-dar-inca-nu-se-stie-daca-avionul-spre-tarile-mercosur-va-decola\/\",\"url\":\"https:\/\/carpathiacenter.ro\/o-scena-politica-atent-regizata-si-un-pariu-de-45-de-miliarde-de-euro-pentru-votul-crucial-dar-inca-nu-se-stie-daca-avionul-spre-tarile-mercosur-va-decola\/\",\"name\":\"O scen\u0103 politic\u0103 atent regizat\u0103 \u0219i un pariu de 45 de miliarde de euro, pentru votul crucial. Dar \u00eenc\u0103 nu se \u0219tie dac\u0103 avionul spre \u021b\u0103rile Mercosur va decola - Carpathia Center Romania\",\"isPartOf\":{\"@id\":\"https:\/\/carpathiacenter.ro\/#website\"},\"datePublished\":\"2026-01-08T09:48:03+00:00\",\"breadcrumb\":{\"@id\":\"https:\/\/carpathiacenter.ro\/o-scena-politica-atent-regizata-si-un-pariu-de-45-de-miliarde-de-euro-pentru-votul-crucial-dar-inca-nu-se-stie-daca-avionul-spre-tarile-mercosur-va-decola\/#breadcrumb\"},\"inLanguage\":\"en-GB\",\"potentialAction\":[{\"@type\":\"ReadAction\",\"target\":[\"https:\/\/carpathiacenter.ro\/o-scena-politica-atent-regizata-si-un-pariu-de-45-de-miliarde-de-euro-pentru-votul-crucial-dar-inca-nu-se-stie-daca-avionul-spre-tarile-mercosur-va-decola\/\"]}]},{\"@type\":\"BreadcrumbList\",\"@id\":\"https:\/\/carpathiacenter.ro\/o-scena-politica-atent-regizata-si-un-pariu-de-45-de-miliarde-de-euro-pentru-votul-crucial-dar-inca-nu-se-stie-daca-avionul-spre-tarile-mercosur-va-decola\/#breadcrumb\",\"itemListElement\":[{\"@type\":\"ListItem\",\"position\":1,\"name\":\"Prima pagin\u0103\",\"item\":\"https:\/\/carpathiacenter.ro\/\"},{\"@type\":\"ListItem\",\"position\":2,\"name\":\"O scen\u0103 politic\u0103 atent regizat\u0103 \u0219i un pariu de 45 de miliarde de euro, pentru votul crucial. Dar \u00eenc\u0103 nu se \u0219tie dac\u0103 avionul spre \u021b\u0103rile Mercosur va decola\"}]},{\"@type\":\"WebSite\",\"@id\":\"https:\/\/carpathiacenter.ro\/#website\",\"url\":\"https:\/\/carpathiacenter.ro\/\",\"name\":\"Carpathia Center Romania\",\"description\":\"Impossible made possible!\",\"publisher\":{\"@id\":\"https:\/\/carpathiacenter.ro\/#organization\"},\"potentialAction\":[{\"@type\":\"SearchAction\",\"target\":{\"@type\":\"EntryPoint\",\"urlTemplate\":\"https:\/\/carpathiacenter.ro\/?s={search_term_string}\"},\"query-input\":{\"@type\":\"PropertyValueSpecification\",\"valueRequired\":true,\"valueName\":\"search_term_string\"}}],\"inLanguage\":\"en-GB\"},{\"@type\":\"Organization\",\"@id\":\"https:\/\/carpathiacenter.ro\/#organization\",\"name\":\"Carpathia Center Romania\",\"url\":\"https:\/\/carpathiacenter.ro\/\",\"logo\":{\"@type\":\"ImageObject\",\"inLanguage\":\"en-GB\",\"@id\":\"https:\/\/carpathiacenter.ro\/#\/schema\/logo\/image\/\",\"url\":\"https:\/\/carpathiacenter.ro\/wp-content\/uploads\/2024\/07\/logo-carpathia_bg_white-1024x941.png\",\"contentUrl\":\"https:\/\/carpathiacenter.ro\/wp-content\/uploads\/2024\/07\/logo-carpathia_bg_white-1024x941.png\",\"width\":1024,\"height\":941,\"caption\":\"Carpathia Center Romania\"},\"image\":{\"@id\":\"https:\/\/carpathiacenter.ro\/#\/schema\/logo\/image\/\"},\"sameAs\":[\"https:\/\/www.facebook.com\/fdpscarpathia\/\"]},{\"@type\":\"Person\",\"@id\":\"https:\/\/carpathiacenter.ro\/#\/schema\/person\/03d9f58202fee8379268f34afa195006\",\"name\":\"creativebitsolutions\",\"image\":{\"@type\":\"ImageObject\",\"inLanguage\":\"en-GB\",\"@id\":\"https:\/\/carpathiacenter.ro\/#\/schema\/person\/image\/\",\"url\":\"https:\/\/secure.gravatar.com\/avatar\/1b1a13e37f847c635dab78348f1dff2f07651ee2a3d77a5c355a4b8c75f9165a?s=96&d=mm&r=g\",\"contentUrl\":\"https:\/\/secure.gravatar.com\/avatar\/1b1a13e37f847c635dab78348f1dff2f07651ee2a3d77a5c355a4b8c75f9165a?s=96&d=mm&r=g\",\"caption\":\"creativebitsolutions\"},\"url\":\"https:\/\/carpathiacenter.ro\/en\/author\/creativebitsolutions\/\"}]}<\/script>\n<!-- \/ Yoast SEO plugin. -->","yoast_head_json":{"title":"O scen\u0103 politic\u0103 atent regizat\u0103 \u0219i un pariu de 45 de miliarde de euro, pentru votul crucial. Dar \u00eenc\u0103 nu se \u0219tie dac\u0103 avionul spre \u021b\u0103rile Mercosur va decola - Carpathia Center Romania","robots":{"index":"index","follow":"follow","max-snippet":"max-snippet:-1","max-image-preview":"max-image-preview:large","max-video-preview":"max-video-preview:-1"},"canonical":"https:\/\/carpathiacenter.ro\/en\/o-scena-politica-atent-regizata-si-un-pariu-de-45-de-miliarde-de-euro-pentru-votul-crucial-dar-inca-nu-se-stie-daca-avionul-spre-tarile-mercosur-va-decola\/","og_locale":"en_GB","og_type":"article","og_title":"O scen\u0103 politic\u0103 atent regizat\u0103 \u0219i un pariu de 45 de miliarde de euro, pentru votul crucial. Dar \u00eenc\u0103 nu se \u0219tie dac\u0103 avionul spre \u021b\u0103rile Mercosur va decola - Carpathia Center Romania","og_description":"Bruxellesul are nevoie s\u0103 ob\u021bin\u0103 sprijinul Romei p\u00e2n\u0103 vineri pentru a asigura majoritatea necesar\u0103 care s\u0103 voteze acordul comercial istoric al UE cu America de Sud. \u0218efa Comisiei Europene, Ursula von der Leyen, este hot\u0103r\u00e2t\u0103 s\u0103 se deplaseze s\u0103pt\u0103m\u00e2na viitoare \u00een America de Sud pentru a semna acordul comercial mult am\u00e2nat al UE cu blocul...","og_url":"https:\/\/carpathiacenter.ro\/en\/o-scena-politica-atent-regizata-si-un-pariu-de-45-de-miliarde-de-euro-pentru-votul-crucial-dar-inca-nu-se-stie-daca-avionul-spre-tarile-mercosur-va-decola\/","og_site_name":"Carpathia Center Romania","article_publisher":"https:\/\/www.facebook.com\/fdpscarpathia\/","article_published_time":"2026-01-08T09:48:03+00:00","author":"creativebitsolutions","twitter_card":"summary_large_image","twitter_misc":{"Written by":"creativebitsolutions","Estimated reading time":"6 minutes"},"schema":{"@context":"https:\/\/schema.org","@graph":[{"@type":"Article","@id":"https:\/\/carpathiacenter.ro\/o-scena-politica-atent-regizata-si-un-pariu-de-45-de-miliarde-de-euro-pentru-votul-crucial-dar-inca-nu-se-stie-daca-avionul-spre-tarile-mercosur-va-decola\/#article","isPartOf":{"@id":"https:\/\/carpathiacenter.ro\/o-scena-politica-atent-regizata-si-un-pariu-de-45-de-miliarde-de-euro-pentru-votul-crucial-dar-inca-nu-se-stie-daca-avionul-spre-tarile-mercosur-va-decola\/"},"author":{"name":"creativebitsolutions","@id":"https:\/\/carpathiacenter.ro\/#\/schema\/person\/03d9f58202fee8379268f34afa195006"},"headline":"O scen\u0103 politic\u0103 atent regizat\u0103 \u0219i un pariu de 45 de miliarde de euro, pentru votul crucial. Dar \u00eenc\u0103 nu se \u0219tie dac\u0103 avionul spre \u021b\u0103rile Mercosur va decola","datePublished":"2026-01-08T09:48:03+00:00","mainEntityOfPage":{"@id":"https:\/\/carpathiacenter.ro\/o-scena-politica-atent-regizata-si-un-pariu-de-45-de-miliarde-de-euro-pentru-votul-crucial-dar-inca-nu-se-stie-daca-avionul-spre-tarile-mercosur-va-decola\/"},"wordCount":1079,"commentCount":0,"publisher":{"@id":"https:\/\/carpathiacenter.ro\/#organization"},"articleSection":["Uncategorized"],"inLanguage":"en-GB","potentialAction":[{"@type":"CommentAction","name":"Comment","target":["https:\/\/carpathiacenter.ro\/o-scena-politica-atent-regizata-si-un-pariu-de-45-de-miliarde-de-euro-pentru-votul-crucial-dar-inca-nu-se-stie-daca-avionul-spre-tarile-mercosur-va-decola\/#respond"]}]},{"@type":"WebPage","@id":"https:\/\/carpathiacenter.ro\/o-scena-politica-atent-regizata-si-un-pariu-de-45-de-miliarde-de-euro-pentru-votul-crucial-dar-inca-nu-se-stie-daca-avionul-spre-tarile-mercosur-va-decola\/","url":"https:\/\/carpathiacenter.ro\/o-scena-politica-atent-regizata-si-un-pariu-de-45-de-miliarde-de-euro-pentru-votul-crucial-dar-inca-nu-se-stie-daca-avionul-spre-tarile-mercosur-va-decola\/","name":"O scen\u0103 politic\u0103 atent regizat\u0103 \u0219i un pariu de 45 de miliarde de euro, pentru votul crucial. Dar \u00eenc\u0103 nu se \u0219tie dac\u0103 avionul spre \u021b\u0103rile Mercosur va decola - Carpathia Center Romania","isPartOf":{"@id":"https:\/\/carpathiacenter.ro\/#website"},"datePublished":"2026-01-08T09:48:03+00:00","breadcrumb":{"@id":"https:\/\/carpathiacenter.ro\/o-scena-politica-atent-regizata-si-un-pariu-de-45-de-miliarde-de-euro-pentru-votul-crucial-dar-inca-nu-se-stie-daca-avionul-spre-tarile-mercosur-va-decola\/#breadcrumb"},"inLanguage":"en-GB","potentialAction":[{"@type":"ReadAction","target":["https:\/\/carpathiacenter.ro\/o-scena-politica-atent-regizata-si-un-pariu-de-45-de-miliarde-de-euro-pentru-votul-crucial-dar-inca-nu-se-stie-daca-avionul-spre-tarile-mercosur-va-decola\/"]}]},{"@type":"BreadcrumbList","@id":"https:\/\/carpathiacenter.ro\/o-scena-politica-atent-regizata-si-un-pariu-de-45-de-miliarde-de-euro-pentru-votul-crucial-dar-inca-nu-se-stie-daca-avionul-spre-tarile-mercosur-va-decola\/#breadcrumb","itemListElement":[{"@type":"ListItem","position":1,"name":"Prima pagin\u0103","item":"https:\/\/carpathiacenter.ro\/"},{"@type":"ListItem","position":2,"name":"O scen\u0103 politic\u0103 atent regizat\u0103 \u0219i un pariu de 45 de miliarde de euro, pentru votul crucial. Dar \u00eenc\u0103 nu se \u0219tie dac\u0103 avionul spre \u021b\u0103rile Mercosur va decola"}]},{"@type":"WebSite","@id":"https:\/\/carpathiacenter.ro\/#website","url":"https:\/\/carpathiacenter.ro\/","name":"Carpathia Center Romania","description":"Impossible made possible!","publisher":{"@id":"https:\/\/carpathiacenter.ro\/#organization"},"potentialAction":[{"@type":"SearchAction","target":{"@type":"EntryPoint","urlTemplate":"https:\/\/carpathiacenter.ro\/?s={search_term_string}"},"query-input":{"@type":"PropertyValueSpecification","valueRequired":true,"valueName":"search_term_string"}}],"inLanguage":"en-GB"},{"@type":"Organization","@id":"https:\/\/carpathiacenter.ro\/#organization","name":"Carpathia Center Romania","url":"https:\/\/carpathiacenter.ro\/","logo":{"@type":"ImageObject","inLanguage":"en-GB","@id":"https:\/\/carpathiacenter.ro\/#\/schema\/logo\/image\/","url":"https:\/\/carpathiacenter.ro\/wp-content\/uploads\/2024\/07\/logo-carpathia_bg_white-1024x941.png","contentUrl":"https:\/\/carpathiacenter.ro\/wp-content\/uploads\/2024\/07\/logo-carpathia_bg_white-1024x941.png","width":1024,"height":941,"caption":"Carpathia Center Romania"},"image":{"@id":"https:\/\/carpathiacenter.ro\/#\/schema\/logo\/image\/"},"sameAs":["https:\/\/www.facebook.com\/fdpscarpathia\/"]},{"@type":"Person","@id":"https:\/\/carpathiacenter.ro\/#\/schema\/person\/03d9f58202fee8379268f34afa195006","name":"creativebitsolutions","image":{"@type":"ImageObject","inLanguage":"en-GB","@id":"https:\/\/carpathiacenter.ro\/#\/schema\/person\/image\/","url":"https:\/\/secure.gravatar.com\/avatar\/1b1a13e37f847c635dab78348f1dff2f07651ee2a3d77a5c355a4b8c75f9165a?s=96&d=mm&r=g","contentUrl":"https:\/\/secure.gravatar.com\/avatar\/1b1a13e37f847c635dab78348f1dff2f07651ee2a3d77a5c355a4b8c75f9165a?s=96&d=mm&r=g","caption":"creativebitsolutions"},"url":"https:\/\/carpathiacenter.ro\/en\/author\/creativebitsolutions\/"}]}},"_links":{"self":[{"href":"https:\/\/carpathiacenter.ro\/en\/wp-json\/wp\/v2\/posts\/3620","targetHints":{"allow":["GET"]}}],"collection":[{"href":"https:\/\/carpathiacenter.ro\/en\/wp-json\/wp\/v2\/posts"}],"about":[{"href":"https:\/\/carpathiacenter.ro\/en\/wp-json\/wp\/v2\/types\/post"}],"author":[{"embeddable":true,"href":"https:\/\/carpathiacenter.ro\/en\/wp-json\/wp\/v2\/users\/4"}],"replies":[{"embeddable":true,"href":"https:\/\/carpathiacenter.ro\/en\/wp-json\/wp\/v2\/comments?post=3620"}],"version-history":[{"count":1,"href":"https:\/\/carpathiacenter.ro\/en\/wp-json\/wp\/v2\/posts\/3620\/revisions"}],"predecessor-version":[{"id":3621,"href":"https:\/\/carpathiacenter.ro\/en\/wp-json\/wp\/v2\/posts\/3620\/revisions\/3621"}],"wp:attachment":[{"href":"https:\/\/carpathiacenter.ro\/en\/wp-json\/wp\/v2\/media?parent=3620"}],"wp:term":[{"taxonomy":"category","embeddable":true,"href":"https:\/\/carpathiacenter.ro\/en\/wp-json\/wp\/v2\/categories?post=3620"},{"taxonomy":"post_tag","embeddable":true,"href":"https:\/\/carpathiacenter.ro\/en\/wp-json\/wp\/v2\/tags?post=3620"}],"curies":[{"name":"wp","href":"https:\/\/api.w.org\/{rel}","templated":true}]}}