{"id":3617,"date":"2026-01-08T09:42:06","date_gmt":"2026-01-08T09:42:06","guid":{"rendered":"https:\/\/carpathiacenter.ro\/?p=3617"},"modified":"2026-01-08T09:42:06","modified_gmt":"2026-01-08T09:42:06","slug":"ca%cc%82te-zile-libere-t%cc%a6i-au-mai-ra%cc%86mas-anul-acesta-romania-se-afla-in-varful-clasamentului-european-dupa-numarul-zilelor-libere-legale","status":"publish","type":"post","link":"https:\/\/carpathiacenter.ro\/en\/ca%cc%82te-zile-libere-t%cc%a6i-au-mai-ra%cc%86mas-anul-acesta-romania-se-afla-in-varful-clasamentului-european-dupa-numarul-zilelor-libere-legale\/","title":{"rendered":"Ca\u0302te zile libere t\u0326i-au mai ra\u0306mas anul acesta. Rom\u00e2nia se afl\u0103 \u00een v\u00e2rful clasamentului european dup\u0103 num\u0103rul zilelor libere legale"},"content":{"rendered":"<p><strong>Pentru anul 2026, Rom\u00e2nia se afl\u0103 \u00een v\u00e2rful clasamentului european al \u021b\u0103rilor dup\u0103 num\u0103rul zilelor libere legale, dep\u0103\u0219ind Ciprul (<a href=\"https:\/\/www.cxcglobal.com\/global-hiring-guide\/cyprus\/leave-time-off-in-cyprus\/?utm_source=newsletter-hotnews-economic.beehiiv.com&amp;utm_medium=newsletter&amp;utm_campaign=cum-sa-economise-ti-mai-mult-fara-sa-renun-i-la-calitatea-vie-ii&amp;_bhlid=790de6a5cfd6c4e1ef4f92286e35b986f5b699ce\" target=\"_blank\" rel=\"noreferrer noopener\">care are 14-15 zile libere<\/a>).<\/strong><\/p>\n<p>\u00cen 2026 sunt, \u00een principiu, 17 zile libere legale \u00een Rom\u00e2nia, \u00eens\u0103 efectiv vei avea 16 zile nelucr\u0103toare, deoarece dou\u0103 s\u0103rb\u0103tori cad \u00een aceea\u0219i zi. Mai mult, 4 dintre ele au trecut deja (1 ianuarie, 2 ianuarie, 6 ianuarie \u0219i 7 ianuarie), a\u0219a c\u0103 \u021bi-au mai r\u0103mas doar 13.<\/p>\n<figure class=\"wp-block-image size-full\"><figcaption class=\"wp-element-caption\">Cum spuneam, \u00een total sunt 17 zile de s\u0103rb\u0103toare legal\u0103 prev\u0103zute \u00een calendar.<br \/>\n\u00cen practic\u0103, r\u0103m\u00e2n doar 16 zile nelucr\u0103toare (cu tot cu cele 4 care au trecut), pentru c\u0103 a doua zi de Rusalii coincide cu Ziua Copilului (1 iunie).<\/figcaption><\/figure>\n<p>Dintre acestea, 12 cad \u00een timpul s\u0103pt\u0103m\u00e2nii \u0219i 5 \u00een weekend.<\/p>\n<h2 class=\"wp-block-heading\">Baza legal\u0103<\/h2>\n<p>Zilele libere sunt stabilite de<a href=\"https:\/\/legislatie.just.ro\/Public\/DetaliiDocument\/128647\" target=\"_blank\" rel=\"noopener\" data-type=\"link\" data-id=\"https:\/\/legislatie.just.ro\/Public\/DetaliiDocument\/128647\">\u00a0Codul muncii, art. 139<\/a>, care enumer\u0103 s\u0103rb\u0103torile legale \u00een care nu se lucreaz\u0103 (1\u20132 ianuarie, 6\u20137 ianuarie, 24 ianuarie, Pa\u0219te, 1 mai, 1 iunie, Rusalii, 15 august, 30 noiembrie, 1 decembrie, 25\u201326 decembrie etc.).<\/p>\n<div id=\"billboard3\" class=\"inserted-position billboard-3\"><\/div>\n<p>Pe l\u00e2ng\u0103 acestea, exist\u0103 \u0219i cele 2 zile pentru fiecare din cele 3 s\u0103rb\u0103tori religioase anuale ale altor culte recunoscute, acordate de angajator separat de s\u0103rb\u0103torile cre\u0219tine.<\/p>\n<p>S\u0103rb\u0103torile legale \u00een care rom\u00e2nii au liber sunt importante nu doar ca \u201epauze din calendar\u201d, ci ca supape sociale, economice \u0219i personale. Ele joac\u0103 un rol mult mai mare dec\u00e2t pare la prima vedere.<\/p>\n<h2 class=\"wp-block-heading\">Ele sunt o pauz\u0103 real\u0103 \u00eentr-o economie obosit\u0103<\/h2>\n<p>Pentru mul\u021bi rom\u00e2ni, ritmul de munc\u0103 este intens, iar stresul financiar constant. Zilele libere legale sunt printre pu\u021binele momente \u00een care pauza e colectiv\u0103, nu \u201epe r\u00e2nd\u201d. C\u00e2nd toat\u0103 lumea se opre\u0219te, presiunea de a fi \u201emereu disponibil\u201d scade cu adev\u0103rat.<\/p>\n<div id=\"billboard4\" class=\"inserted-position billboard-4 mobile\"><\/div>\n<p>Nu e vorba doar de odihn\u0103 fizic\u0103, ci de un \u201ereset\u201d mental.<\/p>\n<h2 class=\"wp-block-heading\">Timpul \u201ecolectiv\u201d conteaz\u0103 mai mult dec\u00e2t timpul liber individual<\/h2>\n<p>Un concediu luat singur nu valoreaz\u0103 la fel ca o zi liber\u0103 \u00een care copiii nu au \u0219coal\u0103, partenerul nu lucreaz\u0103, prietenii sunt \u0219i ei disponibili.<\/p>\n<p>S\u0103rb\u0103torile legale creeaz\u0103 sincronizare social\u0103: mese \u00een familie, vizite, tradi\u021bii, timp petrecut \u00eempreun\u0103. \u00centr-o societate \u00een care familiile sunt tot mai dispersate, asta devine esen\u021bial.<\/p>\n<h2 class=\"wp-block-heading\">Au o valoare economic\u0103 \u201einvizibil\u0103\u201d<\/h2>\n<p>De\u0219i par zile \u201eneproductive\u201d, ele reduc epuizarea (sindromul de burnout), scad absenteismul ulterior \u0219i cresc productivitatea pe termen mediu.<\/p>\n<div id=\"billboard5\" class=\"inserted-position billboard-5 mobile\"><\/div>\n<p>\u021a\u0103rile cu mai multe zile libere legale nu sunt mai s\u0103race \u2014 dimpotriv\u0103, adesea sunt mai eficiente.<\/p>\n<h2 class=\"wp-block-heading\">Sunt o form\u0103 de egalizare social\u0103<\/h2>\n<p>Nu to\u021bi rom\u00e2nii \u00ee\u0219i permit vacan\u021be. Dar o zi liber\u0103 legal\u0103 nu cost\u0103 nimic, este garantat\u0103 prin lege \u0219i este accesibil\u0103 tuturor, indiferent de venit.<\/p>\n<p>Pentru mul\u021bi, acela este singurul \u201elux\u201d de timp liber din an.<\/p>\n<div id=\"billboard6\" class=\"inserted-position billboard-6 mobile\"><\/div>\n<h2 class=\"wp-block-heading\">Au rol identitar \u0219i de coeziune<\/h2>\n<p>S\u0103rb\u0103torile legale nu sunt doar despre odihn\u0103, ci \u0219i despre memorie colectiv\u0103, tradi\u021bii, sentimentul c\u0103 \u201eapar\u021binem\u201d aceleia\u0219i comunit\u0103\u021bi.<\/p>\n<p>Chiar \u0219i cei care nu le marcheaz\u0103 activ beneficiaz\u0103 de ritmul comun pe care \u00eel creeaz\u0103.<\/p>\n<h2 class=\"wp-block-heading\">De ce se simte lipsa lor imediat<\/h2>\n<p>C\u00e2nd s\u0103rb\u0103torile sunt pu\u021bine sau \u201emutate \u00een weekend\u201d, rom\u00e2nii resimt oboseala acumulat\u0103 \u0219i senza\u021bia c\u0103 \u201emuncim mult \u0219i tr\u0103im pu\u021bin\u201d.<\/p>\n<p>Nu e doar percep\u021bie \u2013 este un dezechilibru real \u00eentre timpul de care dispunem \u0219i banii pe care \u00eei avem.<\/p>\n<p>Sursa articolului:  <a href=\"https:\/\/hotnews.ro\/cate-zile-libere-ti-au-mai-ramas-anul-acesta-romania-se-afla-in-varful-clasamentului-european-dupa-numarul-zilelor-libere-legale-2145738\" target=\"_blank\" rel=\"noopener\" title=\"\">HotNews<\/a><\/p>","protected":false},"excerpt":{"rendered":"<p>Pentru anul 2026, Rom\u00e2nia se afl\u0103 \u00een v\u00e2rful clasamentului european al \u021b\u0103rilor dup\u0103 num\u0103rul zilelor libere legale, dep\u0103\u0219ind Ciprul (care are 14-15 zile libere). \u00cen 2026 sunt, \u00een principiu, 17 zile libere legale \u00een Rom\u00e2nia, \u00eens\u0103 efectiv vei avea 16 zile nelucr\u0103toare, deoarece dou\u0103 s\u0103rb\u0103tori cad \u00een aceea\u0219i zi. Mai mult, 4 dintre ele au&#8230;<\/p>","protected":false},"author":4,"featured_media":3618,"comment_status":"open","ping_status":"open","sticky":false,"template":"","format":"standard","meta":{"footnotes":""},"categories":[1],"tags":[],"class_list":["post-3617","post","type-post","status-publish","format-standard","has-post-thumbnail","hentry","category-uncategorized"],"yoast_head":"<!-- This site is optimized with the Yoast SEO plugin v26.1.1 - https:\/\/yoast.com\/wordpress\/plugins\/seo\/ -->\n<title>Ca\u0302te zile libere t\u0326i-au mai ra\u0306mas anul acesta. Rom\u00e2nia se afl\u0103 \u00een v\u00e2rful clasamentului european dup\u0103 num\u0103rul zilelor libere legale - Carpathia Center Romania<\/title>\n<meta name=\"robots\" content=\"index, follow, max-snippet:-1, max-image-preview:large, max-video-preview:-1\" \/>\n<link rel=\"canonical\" href=\"https:\/\/carpathiacenter.ro\/en\/ca\u0302te-zile-libere-t\u0326i-au-mai-ra\u0306mas-anul-acesta-romania-se-afla-in-varful-clasamentului-european-dupa-numarul-zilelor-libere-legale\/\" \/>\n<meta property=\"og:locale\" content=\"en_GB\" \/>\n<meta property=\"og:type\" content=\"article\" \/>\n<meta property=\"og:title\" content=\"Ca\u0302te zile libere t\u0326i-au mai ra\u0306mas anul acesta. Rom\u00e2nia se afl\u0103 \u00een v\u00e2rful clasamentului european dup\u0103 num\u0103rul zilelor libere legale - Carpathia Center Romania\" \/>\n<meta property=\"og:description\" content=\"Pentru anul 2026, Rom\u00e2nia se afl\u0103 \u00een v\u00e2rful clasamentului european al \u021b\u0103rilor dup\u0103 num\u0103rul zilelor libere legale, dep\u0103\u0219ind Ciprul (care are 14-15 zile libere). \u00cen 2026 sunt, \u00een principiu, 17 zile libere legale \u00een Rom\u00e2nia, \u00eens\u0103 efectiv vei avea 16 zile nelucr\u0103toare, deoarece dou\u0103 s\u0103rb\u0103tori cad \u00een aceea\u0219i zi. Mai mult, 4 dintre ele au...\" \/>\n<meta property=\"og:url\" content=\"https:\/\/carpathiacenter.ro\/en\/ca\u0302te-zile-libere-t\u0326i-au-mai-ra\u0306mas-anul-acesta-romania-se-afla-in-varful-clasamentului-european-dupa-numarul-zilelor-libere-legale\/\" \/>\n<meta property=\"og:site_name\" content=\"Carpathia Center Romania\" \/>\n<meta property=\"article:publisher\" content=\"https:\/\/www.facebook.com\/fdpscarpathia\/\" \/>\n<meta property=\"article:published_time\" content=\"2026-01-08T09:42:06+00:00\" \/>\n<meta property=\"og:image\" content=\"https:\/\/carpathiacenter.ro\/wp-content\/uploads\/2026\/01\/calendar_on_desk-scaled.jpg\" \/>\n\t<meta property=\"og:image:width\" content=\"1707\" \/>\n\t<meta property=\"og:image:height\" content=\"2560\" \/>\n\t<meta property=\"og:image:type\" content=\"image\/jpeg\" \/>\n<meta name=\"author\" content=\"creativebitsolutions\" \/>\n<meta name=\"twitter:card\" content=\"summary_large_image\" \/>\n<meta name=\"twitter:label1\" content=\"Written by\" \/>\n\t<meta name=\"twitter:data1\" content=\"creativebitsolutions\" \/>\n\t<meta name=\"twitter:label2\" content=\"Estimated reading time\" \/>\n\t<meta name=\"twitter:data2\" content=\"4 minutes\" \/>\n<script type=\"application\/ld+json\" class=\"yoast-schema-graph\">{\"@context\":\"https:\/\/schema.org\",\"@graph\":[{\"@type\":\"Article\",\"@id\":\"https:\/\/carpathiacenter.ro\/ca%cc%82te-zile-libere-t%cc%a6i-au-mai-ra%cc%86mas-anul-acesta-romania-se-afla-in-varful-clasamentului-european-dupa-numarul-zilelor-libere-legale\/#article\",\"isPartOf\":{\"@id\":\"https:\/\/carpathiacenter.ro\/ca%cc%82te-zile-libere-t%cc%a6i-au-mai-ra%cc%86mas-anul-acesta-romania-se-afla-in-varful-clasamentului-european-dupa-numarul-zilelor-libere-legale\/\"},\"author\":{\"name\":\"creativebitsolutions\",\"@id\":\"https:\/\/carpathiacenter.ro\/#\/schema\/person\/03d9f58202fee8379268f34afa195006\"},\"headline\":\"Ca\u0302te zile libere t\u0326i-au mai ra\u0306mas anul acesta. Rom\u00e2nia se afl\u0103 \u00een v\u00e2rful clasamentului european dup\u0103 num\u0103rul zilelor libere legale\",\"datePublished\":\"2026-01-08T09:42:06+00:00\",\"mainEntityOfPage\":{\"@id\":\"https:\/\/carpathiacenter.ro\/ca%cc%82te-zile-libere-t%cc%a6i-au-mai-ra%cc%86mas-anul-acesta-romania-se-afla-in-varful-clasamentului-european-dupa-numarul-zilelor-libere-legale\/\"},\"wordCount\":583,\"commentCount\":0,\"publisher\":{\"@id\":\"https:\/\/carpathiacenter.ro\/#organization\"},\"image\":{\"@id\":\"https:\/\/carpathiacenter.ro\/ca%cc%82te-zile-libere-t%cc%a6i-au-mai-ra%cc%86mas-anul-acesta-romania-se-afla-in-varful-clasamentului-european-dupa-numarul-zilelor-libere-legale\/#primaryimage\"},\"thumbnailUrl\":\"https:\/\/carpathiacenter.ro\/wp-content\/uploads\/2026\/01\/calendar_on_desk-scaled.jpg\",\"articleSection\":[\"Uncategorized\"],\"inLanguage\":\"en-GB\",\"potentialAction\":[{\"@type\":\"CommentAction\",\"name\":\"Comment\",\"target\":[\"https:\/\/carpathiacenter.ro\/ca%cc%82te-zile-libere-t%cc%a6i-au-mai-ra%cc%86mas-anul-acesta-romania-se-afla-in-varful-clasamentului-european-dupa-numarul-zilelor-libere-legale\/#respond\"]}]},{\"@type\":\"WebPage\",\"@id\":\"https:\/\/carpathiacenter.ro\/ca%cc%82te-zile-libere-t%cc%a6i-au-mai-ra%cc%86mas-anul-acesta-romania-se-afla-in-varful-clasamentului-european-dupa-numarul-zilelor-libere-legale\/\",\"url\":\"https:\/\/carpathiacenter.ro\/ca%cc%82te-zile-libere-t%cc%a6i-au-mai-ra%cc%86mas-anul-acesta-romania-se-afla-in-varful-clasamentului-european-dupa-numarul-zilelor-libere-legale\/\",\"name\":\"Ca\u0302te zile libere t\u0326i-au mai ra\u0306mas anul acesta. Rom\u00e2nia se afl\u0103 \u00een v\u00e2rful clasamentului european dup\u0103 num\u0103rul zilelor libere legale - Carpathia Center Romania\",\"isPartOf\":{\"@id\":\"https:\/\/carpathiacenter.ro\/#website\"},\"primaryImageOfPage\":{\"@id\":\"https:\/\/carpathiacenter.ro\/ca%cc%82te-zile-libere-t%cc%a6i-au-mai-ra%cc%86mas-anul-acesta-romania-se-afla-in-varful-clasamentului-european-dupa-numarul-zilelor-libere-legale\/#primaryimage\"},\"image\":{\"@id\":\"https:\/\/carpathiacenter.ro\/ca%cc%82te-zile-libere-t%cc%a6i-au-mai-ra%cc%86mas-anul-acesta-romania-se-afla-in-varful-clasamentului-european-dupa-numarul-zilelor-libere-legale\/#primaryimage\"},\"thumbnailUrl\":\"https:\/\/carpathiacenter.ro\/wp-content\/uploads\/2026\/01\/calendar_on_desk-scaled.jpg\",\"datePublished\":\"2026-01-08T09:42:06+00:00\",\"breadcrumb\":{\"@id\":\"https:\/\/carpathiacenter.ro\/ca%cc%82te-zile-libere-t%cc%a6i-au-mai-ra%cc%86mas-anul-acesta-romania-se-afla-in-varful-clasamentului-european-dupa-numarul-zilelor-libere-legale\/#breadcrumb\"},\"inLanguage\":\"en-GB\",\"potentialAction\":[{\"@type\":\"ReadAction\",\"target\":[\"https:\/\/carpathiacenter.ro\/ca%cc%82te-zile-libere-t%cc%a6i-au-mai-ra%cc%86mas-anul-acesta-romania-se-afla-in-varful-clasamentului-european-dupa-numarul-zilelor-libere-legale\/\"]}]},{\"@type\":\"ImageObject\",\"inLanguage\":\"en-GB\",\"@id\":\"https:\/\/carpathiacenter.ro\/ca%cc%82te-zile-libere-t%cc%a6i-au-mai-ra%cc%86mas-anul-acesta-romania-se-afla-in-varful-clasamentului-european-dupa-numarul-zilelor-libere-legale\/#primaryimage\",\"url\":\"https:\/\/carpathiacenter.ro\/wp-content\/uploads\/2026\/01\/calendar_on_desk-scaled.jpg\",\"contentUrl\":\"https:\/\/carpathiacenter.ro\/wp-content\/uploads\/2026\/01\/calendar_on_desk-scaled.jpg\",\"width\":1707,\"height\":2560},{\"@type\":\"BreadcrumbList\",\"@id\":\"https:\/\/carpathiacenter.ro\/ca%cc%82te-zile-libere-t%cc%a6i-au-mai-ra%cc%86mas-anul-acesta-romania-se-afla-in-varful-clasamentului-european-dupa-numarul-zilelor-libere-legale\/#breadcrumb\",\"itemListElement\":[{\"@type\":\"ListItem\",\"position\":1,\"name\":\"Prima pagin\u0103\",\"item\":\"https:\/\/carpathiacenter.ro\/\"},{\"@type\":\"ListItem\",\"position\":2,\"name\":\"Ca\u0302te zile libere t\u0326i-au mai ra\u0306mas anul acesta. Rom\u00e2nia se afl\u0103 \u00een v\u00e2rful clasamentului european dup\u0103 num\u0103rul zilelor libere legale\"}]},{\"@type\":\"WebSite\",\"@id\":\"https:\/\/carpathiacenter.ro\/#website\",\"url\":\"https:\/\/carpathiacenter.ro\/\",\"name\":\"Carpathia Center Romania\",\"description\":\"Impossible made possible!\",\"publisher\":{\"@id\":\"https:\/\/carpathiacenter.ro\/#organization\"},\"potentialAction\":[{\"@type\":\"SearchAction\",\"target\":{\"@type\":\"EntryPoint\",\"urlTemplate\":\"https:\/\/carpathiacenter.ro\/?s={search_term_string}\"},\"query-input\":{\"@type\":\"PropertyValueSpecification\",\"valueRequired\":true,\"valueName\":\"search_term_string\"}}],\"inLanguage\":\"en-GB\"},{\"@type\":\"Organization\",\"@id\":\"https:\/\/carpathiacenter.ro\/#organization\",\"name\":\"Carpathia Center Romania\",\"url\":\"https:\/\/carpathiacenter.ro\/\",\"logo\":{\"@type\":\"ImageObject\",\"inLanguage\":\"en-GB\",\"@id\":\"https:\/\/carpathiacenter.ro\/#\/schema\/logo\/image\/\",\"url\":\"https:\/\/carpathiacenter.ro\/wp-content\/uploads\/2024\/07\/logo-carpathia_bg_white-1024x941.png\",\"contentUrl\":\"https:\/\/carpathiacenter.ro\/wp-content\/uploads\/2024\/07\/logo-carpathia_bg_white-1024x941.png\",\"width\":1024,\"height\":941,\"caption\":\"Carpathia Center Romania\"},\"image\":{\"@id\":\"https:\/\/carpathiacenter.ro\/#\/schema\/logo\/image\/\"},\"sameAs\":[\"https:\/\/www.facebook.com\/fdpscarpathia\/\"]},{\"@type\":\"Person\",\"@id\":\"https:\/\/carpathiacenter.ro\/#\/schema\/person\/03d9f58202fee8379268f34afa195006\",\"name\":\"creativebitsolutions\",\"image\":{\"@type\":\"ImageObject\",\"inLanguage\":\"en-GB\",\"@id\":\"https:\/\/carpathiacenter.ro\/#\/schema\/person\/image\/\",\"url\":\"https:\/\/secure.gravatar.com\/avatar\/1b1a13e37f847c635dab78348f1dff2f07651ee2a3d77a5c355a4b8c75f9165a?s=96&d=mm&r=g\",\"contentUrl\":\"https:\/\/secure.gravatar.com\/avatar\/1b1a13e37f847c635dab78348f1dff2f07651ee2a3d77a5c355a4b8c75f9165a?s=96&d=mm&r=g\",\"caption\":\"creativebitsolutions\"},\"url\":\"https:\/\/carpathiacenter.ro\/en\/author\/creativebitsolutions\/\"}]}<\/script>\n<!-- \/ Yoast SEO plugin. -->","yoast_head_json":{"title":"Ca\u0302te zile libere t\u0326i-au mai ra\u0306mas anul acesta. Rom\u00e2nia se afl\u0103 \u00een v\u00e2rful clasamentului european dup\u0103 num\u0103rul zilelor libere legale - Carpathia Center Romania","robots":{"index":"index","follow":"follow","max-snippet":"max-snippet:-1","max-image-preview":"max-image-preview:large","max-video-preview":"max-video-preview:-1"},"canonical":"https:\/\/carpathiacenter.ro\/en\/ca\u0302te-zile-libere-t\u0326i-au-mai-ra\u0306mas-anul-acesta-romania-se-afla-in-varful-clasamentului-european-dupa-numarul-zilelor-libere-legale\/","og_locale":"en_GB","og_type":"article","og_title":"Ca\u0302te zile libere t\u0326i-au mai ra\u0306mas anul acesta. Rom\u00e2nia se afl\u0103 \u00een v\u00e2rful clasamentului european dup\u0103 num\u0103rul zilelor libere legale - Carpathia Center Romania","og_description":"Pentru anul 2026, Rom\u00e2nia se afl\u0103 \u00een v\u00e2rful clasamentului european al \u021b\u0103rilor dup\u0103 num\u0103rul zilelor libere legale, dep\u0103\u0219ind Ciprul (care are 14-15 zile libere). \u00cen 2026 sunt, \u00een principiu, 17 zile libere legale \u00een Rom\u00e2nia, \u00eens\u0103 efectiv vei avea 16 zile nelucr\u0103toare, deoarece dou\u0103 s\u0103rb\u0103tori cad \u00een aceea\u0219i zi. Mai mult, 4 dintre ele au...","og_url":"https:\/\/carpathiacenter.ro\/en\/ca\u0302te-zile-libere-t\u0326i-au-mai-ra\u0306mas-anul-acesta-romania-se-afla-in-varful-clasamentului-european-dupa-numarul-zilelor-libere-legale\/","og_site_name":"Carpathia Center Romania","article_publisher":"https:\/\/www.facebook.com\/fdpscarpathia\/","article_published_time":"2026-01-08T09:42:06+00:00","og_image":[{"width":1707,"height":2560,"url":"https:\/\/carpathiacenter.ro\/wp-content\/uploads\/2026\/01\/calendar_on_desk-scaled.jpg","type":"image\/jpeg"}],"author":"creativebitsolutions","twitter_card":"summary_large_image","twitter_misc":{"Written by":"creativebitsolutions","Estimated reading time":"4 minutes"},"schema":{"@context":"https:\/\/schema.org","@graph":[{"@type":"Article","@id":"https:\/\/carpathiacenter.ro\/ca%cc%82te-zile-libere-t%cc%a6i-au-mai-ra%cc%86mas-anul-acesta-romania-se-afla-in-varful-clasamentului-european-dupa-numarul-zilelor-libere-legale\/#article","isPartOf":{"@id":"https:\/\/carpathiacenter.ro\/ca%cc%82te-zile-libere-t%cc%a6i-au-mai-ra%cc%86mas-anul-acesta-romania-se-afla-in-varful-clasamentului-european-dupa-numarul-zilelor-libere-legale\/"},"author":{"name":"creativebitsolutions","@id":"https:\/\/carpathiacenter.ro\/#\/schema\/person\/03d9f58202fee8379268f34afa195006"},"headline":"Ca\u0302te zile libere t\u0326i-au mai ra\u0306mas anul acesta. Rom\u00e2nia se afl\u0103 \u00een v\u00e2rful clasamentului european dup\u0103 num\u0103rul zilelor libere legale","datePublished":"2026-01-08T09:42:06+00:00","mainEntityOfPage":{"@id":"https:\/\/carpathiacenter.ro\/ca%cc%82te-zile-libere-t%cc%a6i-au-mai-ra%cc%86mas-anul-acesta-romania-se-afla-in-varful-clasamentului-european-dupa-numarul-zilelor-libere-legale\/"},"wordCount":583,"commentCount":0,"publisher":{"@id":"https:\/\/carpathiacenter.ro\/#organization"},"image":{"@id":"https:\/\/carpathiacenter.ro\/ca%cc%82te-zile-libere-t%cc%a6i-au-mai-ra%cc%86mas-anul-acesta-romania-se-afla-in-varful-clasamentului-european-dupa-numarul-zilelor-libere-legale\/#primaryimage"},"thumbnailUrl":"https:\/\/carpathiacenter.ro\/wp-content\/uploads\/2026\/01\/calendar_on_desk-scaled.jpg","articleSection":["Uncategorized"],"inLanguage":"en-GB","potentialAction":[{"@type":"CommentAction","name":"Comment","target":["https:\/\/carpathiacenter.ro\/ca%cc%82te-zile-libere-t%cc%a6i-au-mai-ra%cc%86mas-anul-acesta-romania-se-afla-in-varful-clasamentului-european-dupa-numarul-zilelor-libere-legale\/#respond"]}]},{"@type":"WebPage","@id":"https:\/\/carpathiacenter.ro\/ca%cc%82te-zile-libere-t%cc%a6i-au-mai-ra%cc%86mas-anul-acesta-romania-se-afla-in-varful-clasamentului-european-dupa-numarul-zilelor-libere-legale\/","url":"https:\/\/carpathiacenter.ro\/ca%cc%82te-zile-libere-t%cc%a6i-au-mai-ra%cc%86mas-anul-acesta-romania-se-afla-in-varful-clasamentului-european-dupa-numarul-zilelor-libere-legale\/","name":"Ca\u0302te zile libere t\u0326i-au mai ra\u0306mas anul acesta. Rom\u00e2nia se afl\u0103 \u00een v\u00e2rful clasamentului european dup\u0103 num\u0103rul zilelor libere legale - Carpathia Center Romania","isPartOf":{"@id":"https:\/\/carpathiacenter.ro\/#website"},"primaryImageOfPage":{"@id":"https:\/\/carpathiacenter.ro\/ca%cc%82te-zile-libere-t%cc%a6i-au-mai-ra%cc%86mas-anul-acesta-romania-se-afla-in-varful-clasamentului-european-dupa-numarul-zilelor-libere-legale\/#primaryimage"},"image":{"@id":"https:\/\/carpathiacenter.ro\/ca%cc%82te-zile-libere-t%cc%a6i-au-mai-ra%cc%86mas-anul-acesta-romania-se-afla-in-varful-clasamentului-european-dupa-numarul-zilelor-libere-legale\/#primaryimage"},"thumbnailUrl":"https:\/\/carpathiacenter.ro\/wp-content\/uploads\/2026\/01\/calendar_on_desk-scaled.jpg","datePublished":"2026-01-08T09:42:06+00:00","breadcrumb":{"@id":"https:\/\/carpathiacenter.ro\/ca%cc%82te-zile-libere-t%cc%a6i-au-mai-ra%cc%86mas-anul-acesta-romania-se-afla-in-varful-clasamentului-european-dupa-numarul-zilelor-libere-legale\/#breadcrumb"},"inLanguage":"en-GB","potentialAction":[{"@type":"ReadAction","target":["https:\/\/carpathiacenter.ro\/ca%cc%82te-zile-libere-t%cc%a6i-au-mai-ra%cc%86mas-anul-acesta-romania-se-afla-in-varful-clasamentului-european-dupa-numarul-zilelor-libere-legale\/"]}]},{"@type":"ImageObject","inLanguage":"en-GB","@id":"https:\/\/carpathiacenter.ro\/ca%cc%82te-zile-libere-t%cc%a6i-au-mai-ra%cc%86mas-anul-acesta-romania-se-afla-in-varful-clasamentului-european-dupa-numarul-zilelor-libere-legale\/#primaryimage","url":"https:\/\/carpathiacenter.ro\/wp-content\/uploads\/2026\/01\/calendar_on_desk-scaled.jpg","contentUrl":"https:\/\/carpathiacenter.ro\/wp-content\/uploads\/2026\/01\/calendar_on_desk-scaled.jpg","width":1707,"height":2560},{"@type":"BreadcrumbList","@id":"https:\/\/carpathiacenter.ro\/ca%cc%82te-zile-libere-t%cc%a6i-au-mai-ra%cc%86mas-anul-acesta-romania-se-afla-in-varful-clasamentului-european-dupa-numarul-zilelor-libere-legale\/#breadcrumb","itemListElement":[{"@type":"ListItem","position":1,"name":"Prima pagin\u0103","item":"https:\/\/carpathiacenter.ro\/"},{"@type":"ListItem","position":2,"name":"Ca\u0302te zile libere t\u0326i-au mai ra\u0306mas anul acesta. Rom\u00e2nia se afl\u0103 \u00een v\u00e2rful clasamentului european dup\u0103 num\u0103rul zilelor libere legale"}]},{"@type":"WebSite","@id":"https:\/\/carpathiacenter.ro\/#website","url":"https:\/\/carpathiacenter.ro\/","name":"Carpathia Center Romania","description":"Impossible made possible!","publisher":{"@id":"https:\/\/carpathiacenter.ro\/#organization"},"potentialAction":[{"@type":"SearchAction","target":{"@type":"EntryPoint","urlTemplate":"https:\/\/carpathiacenter.ro\/?s={search_term_string}"},"query-input":{"@type":"PropertyValueSpecification","valueRequired":true,"valueName":"search_term_string"}}],"inLanguage":"en-GB"},{"@type":"Organization","@id":"https:\/\/carpathiacenter.ro\/#organization","name":"Carpathia Center Romania","url":"https:\/\/carpathiacenter.ro\/","logo":{"@type":"ImageObject","inLanguage":"en-GB","@id":"https:\/\/carpathiacenter.ro\/#\/schema\/logo\/image\/","url":"https:\/\/carpathiacenter.ro\/wp-content\/uploads\/2024\/07\/logo-carpathia_bg_white-1024x941.png","contentUrl":"https:\/\/carpathiacenter.ro\/wp-content\/uploads\/2024\/07\/logo-carpathia_bg_white-1024x941.png","width":1024,"height":941,"caption":"Carpathia Center Romania"},"image":{"@id":"https:\/\/carpathiacenter.ro\/#\/schema\/logo\/image\/"},"sameAs":["https:\/\/www.facebook.com\/fdpscarpathia\/"]},{"@type":"Person","@id":"https:\/\/carpathiacenter.ro\/#\/schema\/person\/03d9f58202fee8379268f34afa195006","name":"creativebitsolutions","image":{"@type":"ImageObject","inLanguage":"en-GB","@id":"https:\/\/carpathiacenter.ro\/#\/schema\/person\/image\/","url":"https:\/\/secure.gravatar.com\/avatar\/1b1a13e37f847c635dab78348f1dff2f07651ee2a3d77a5c355a4b8c75f9165a?s=96&d=mm&r=g","contentUrl":"https:\/\/secure.gravatar.com\/avatar\/1b1a13e37f847c635dab78348f1dff2f07651ee2a3d77a5c355a4b8c75f9165a?s=96&d=mm&r=g","caption":"creativebitsolutions"},"url":"https:\/\/carpathiacenter.ro\/en\/author\/creativebitsolutions\/"}]}},"_links":{"self":[{"href":"https:\/\/carpathiacenter.ro\/en\/wp-json\/wp\/v2\/posts\/3617","targetHints":{"allow":["GET"]}}],"collection":[{"href":"https:\/\/carpathiacenter.ro\/en\/wp-json\/wp\/v2\/posts"}],"about":[{"href":"https:\/\/carpathiacenter.ro\/en\/wp-json\/wp\/v2\/types\/post"}],"author":[{"embeddable":true,"href":"https:\/\/carpathiacenter.ro\/en\/wp-json\/wp\/v2\/users\/4"}],"replies":[{"embeddable":true,"href":"https:\/\/carpathiacenter.ro\/en\/wp-json\/wp\/v2\/comments?post=3617"}],"version-history":[{"count":1,"href":"https:\/\/carpathiacenter.ro\/en\/wp-json\/wp\/v2\/posts\/3617\/revisions"}],"predecessor-version":[{"id":3619,"href":"https:\/\/carpathiacenter.ro\/en\/wp-json\/wp\/v2\/posts\/3617\/revisions\/3619"}],"wp:featuredmedia":[{"embeddable":true,"href":"https:\/\/carpathiacenter.ro\/en\/wp-json\/wp\/v2\/media\/3618"}],"wp:attachment":[{"href":"https:\/\/carpathiacenter.ro\/en\/wp-json\/wp\/v2\/media?parent=3617"}],"wp:term":[{"taxonomy":"category","embeddable":true,"href":"https:\/\/carpathiacenter.ro\/en\/wp-json\/wp\/v2\/categories?post=3617"},{"taxonomy":"post_tag","embeddable":true,"href":"https:\/\/carpathiacenter.ro\/en\/wp-json\/wp\/v2\/tags?post=3617"}],"curies":[{"name":"wp","href":"https:\/\/api.w.org\/{rel}","templated":true}]}}