{"id":3589,"date":"2026-01-06T09:36:47","date_gmt":"2026-01-06T09:36:47","guid":{"rendered":"https:\/\/carpathiacenter.ro\/?p=3589"},"modified":"2026-01-06T09:36:47","modified_gmt":"2026-01-06T09:36:47","slug":"presedintele-nicusor-dan-participa-la-reuniunea-unde-vin-doi-emisari-ai-lui-donald-trump","status":"publish","type":"post","link":"https:\/\/carpathiacenter.ro\/en\/presedintele-nicusor-dan-participa-la-reuniunea-unde-vin-doi-emisari-ai-lui-donald-trump\/","title":{"rendered":"Pre\u0219edintele Nicu\u0219or Dan particip\u0103 la reuniunea unde vin doi emisari ai lui Donald Trump"},"content":{"rendered":"<p><strong>Pre\u0219edintele Nicu\u0219or Dan particip\u0103, mar\u021bi, la reuniunea \u0219efilor de stat \u0219i de guvern ai \u201eCoali\u021biei de Voin\u021b\u0103\u201d (Coalition of the Willing) de la Paris, Palatul Elysee, potrivit Administra\u021biei Preziden\u021biale.<\/strong>\u00a0<strong>Trimisul special al pre\u0219edintelui american Donald Trump, Steve Witkoff, \u0219i ginerele pre\u0219edintelui SUA, Jared Kushner, vor fi prezen\u021bi la \u00eent\u00e2lnire.<\/strong><\/p>\n<p>S\u00e2mb\u0103t\u0103, alia\u021bii europeni ai Ucrainei s-au \u00eent\u00e2lnit la Kiev pentru a analiza detaliile celei mai recente versiuni a planului de \u00eencheiere a conflictului cu Rusia, \u00eenaintea unui summit al \u201eCoali\u021biei de Voin\u021b\u0103\u201d. Coali\u021bia este format\u0103 din state care sus\u021bin Ucraina, relateaz\u0103 AFP, conform Agerpres.<\/p>\n<p>Consilieri de securitate din 15 \u021b\u0103ri, printre care Fran\u021ba, Germania \u0219i Canada, precum \u0219i reprezentan\u021bi ai Uniunii Europene \u0219i ai NATO s-au reunit \u00een capitala Ucrainei pentru aceast\u0103 prim\u0103 \u00eent\u00e2lnire a anului.<\/p>\n<p>Trimisul special al pre\u0219edintelui american Donald Trump, Steve Witkoff, a participat de la distan\u021b\u0103, a confirmat un oficial ucrainean pentru AFP.<\/p>\n<p>\u201ePrima parte a \u00eent\u00e2lnirii s-a concentrat pe documentele-cadru, \u00een special garan\u021biile de securitate \u0219i abord\u0103rile planului de pace, precum \u0219i pe succesiunea urm\u0103torilor pa\u0219i comuni\u201d, a precizat, s\u00e2mb\u0103t\u0103, pe Telegram, dup\u0103 prima sesiune, negociatorul-\u0219ef al Ucrainei, Rustem Umerov.<\/p>\n<p>Eforturile diplomatice s-au intensificat din luna noiembrie \u00een vederea \u00eencheierii celui mai s\u00e2ngeros conflict din Europa de dup\u0103 al Doilea R\u0103zboi Mondial, sub coordonarea pre\u0219edintelui american Donald Trump, a c\u0103rui Administra\u021bie a purtat negocieri separate cu Rusia \u0219i Ucraina.<\/p>\n<p>\u00cen discursul de Anul Nou, pre\u0219edintele ucrainean Volodimir Zelenski a declarat c\u0103 un acord este \u201egata \u00een propor\u021bie de 90%\u201d, avertiz\u00e2nd \u00eens\u0103 c\u0103 restul de 10% va determina \u201esoarta p\u0103cii\u201d, \u00een condi\u021biile \u00een care viitorul teritoriilor ocupate de Rusia r\u0103m\u00e2ne o problem\u0103-cheie.<\/p>\n<p>Sursa articolului: <a href=\"https:\/\/hotnews.ro\/presedintele-nicusor-dan-participa-la-reuniunea-coalitiei-de-vointa-de-la-paris-2144680\">https:\/\/hotnews.ro\/presedintele-nicusor-dan-participa-la-reuniunea-coalitiei-de-vointa-de-la-paris-2144680<\/a><\/p>","protected":false},"excerpt":{"rendered":"<p>Pre\u0219edintele Nicu\u0219or Dan particip\u0103, mar\u021bi, la reuniunea \u0219efilor de stat \u0219i de guvern ai \u201eCoali\u021biei de Voin\u021b\u0103\u201d (Coalition of the Willing) de la Paris, Palatul Elysee, potrivit Administra\u021biei Preziden\u021biale.\u00a0Trimisul special al pre\u0219edintelui american Donald Trump, Steve Witkoff, \u0219i ginerele pre\u0219edintelui SUA, Jared Kushner, vor fi prezen\u021bi la \u00eent\u00e2lnire. S\u00e2mb\u0103t\u0103, alia\u021bii europeni ai Ucrainei s-au \u00eent\u00e2lnit&#8230;<\/p>","protected":false},"author":4,"featured_media":0,"comment_status":"open","ping_status":"open","sticky":false,"template":"","format":"standard","meta":{"footnotes":""},"categories":[1],"tags":[],"class_list":["post-3589","post","type-post","status-publish","format-standard","hentry","category-uncategorized"],"yoast_head":"<!-- This site is optimized with the Yoast SEO plugin v26.1.1 - https:\/\/yoast.com\/wordpress\/plugins\/seo\/ -->\n<title>Pre\u0219edintele Nicu\u0219or Dan particip\u0103 la reuniunea unde vin doi emisari ai lui Donald Trump - Carpathia Center Romania<\/title>\n<meta name=\"robots\" content=\"index, follow, max-snippet:-1, max-image-preview:large, max-video-preview:-1\" \/>\n<link rel=\"canonical\" href=\"https:\/\/carpathiacenter.ro\/en\/presedintele-nicusor-dan-participa-la-reuniunea-unde-vin-doi-emisari-ai-lui-donald-trump\/\" \/>\n<meta property=\"og:locale\" content=\"en_GB\" \/>\n<meta property=\"og:type\" content=\"article\" \/>\n<meta property=\"og:title\" content=\"Pre\u0219edintele Nicu\u0219or Dan particip\u0103 la reuniunea unde vin doi emisari ai lui Donald Trump - Carpathia Center Romania\" \/>\n<meta property=\"og:description\" content=\"Pre\u0219edintele Nicu\u0219or Dan particip\u0103, mar\u021bi, la reuniunea \u0219efilor de stat \u0219i de guvern ai \u201eCoali\u021biei de Voin\u021b\u0103\u201d (Coalition of the Willing) de la Paris, Palatul Elysee, potrivit Administra\u021biei Preziden\u021biale.\u00a0Trimisul special al pre\u0219edintelui american Donald Trump, Steve Witkoff, \u0219i ginerele pre\u0219edintelui SUA, Jared Kushner, vor fi prezen\u021bi la \u00eent\u00e2lnire. S\u00e2mb\u0103t\u0103, alia\u021bii europeni ai Ucrainei s-au \u00eent\u00e2lnit...\" \/>\n<meta property=\"og:url\" content=\"https:\/\/carpathiacenter.ro\/en\/presedintele-nicusor-dan-participa-la-reuniunea-unde-vin-doi-emisari-ai-lui-donald-trump\/\" \/>\n<meta property=\"og:site_name\" content=\"Carpathia Center Romania\" \/>\n<meta property=\"article:publisher\" content=\"https:\/\/www.facebook.com\/fdpscarpathia\/\" \/>\n<meta property=\"article:published_time\" content=\"2026-01-06T09:36:47+00:00\" \/>\n<meta name=\"author\" content=\"creativebitsolutions\" \/>\n<meta name=\"twitter:card\" content=\"summary_large_image\" \/>\n<meta name=\"twitter:label1\" content=\"Written by\" \/>\n\t<meta name=\"twitter:data1\" content=\"creativebitsolutions\" \/>\n\t<meta name=\"twitter:label2\" content=\"Estimated reading time\" \/>\n\t<meta name=\"twitter:data2\" content=\"2 minutes\" \/>\n<script type=\"application\/ld+json\" class=\"yoast-schema-graph\">{\"@context\":\"https:\/\/schema.org\",\"@graph\":[{\"@type\":\"Article\",\"@id\":\"https:\/\/carpathiacenter.ro\/presedintele-nicusor-dan-participa-la-reuniunea-unde-vin-doi-emisari-ai-lui-donald-trump\/#article\",\"isPartOf\":{\"@id\":\"https:\/\/carpathiacenter.ro\/presedintele-nicusor-dan-participa-la-reuniunea-unde-vin-doi-emisari-ai-lui-donald-trump\/\"},\"author\":{\"name\":\"creativebitsolutions\",\"@id\":\"https:\/\/carpathiacenter.ro\/#\/schema\/person\/03d9f58202fee8379268f34afa195006\"},\"headline\":\"Pre\u0219edintele Nicu\u0219or Dan particip\u0103 la reuniunea unde vin doi emisari ai lui Donald Trump\",\"datePublished\":\"2026-01-06T09:36:47+00:00\",\"mainEntityOfPage\":{\"@id\":\"https:\/\/carpathiacenter.ro\/presedintele-nicusor-dan-participa-la-reuniunea-unde-vin-doi-emisari-ai-lui-donald-trump\/\"},\"wordCount\":326,\"commentCount\":0,\"publisher\":{\"@id\":\"https:\/\/carpathiacenter.ro\/#organization\"},\"articleSection\":[\"Uncategorized\"],\"inLanguage\":\"en-GB\",\"potentialAction\":[{\"@type\":\"CommentAction\",\"name\":\"Comment\",\"target\":[\"https:\/\/carpathiacenter.ro\/presedintele-nicusor-dan-participa-la-reuniunea-unde-vin-doi-emisari-ai-lui-donald-trump\/#respond\"]}]},{\"@type\":\"WebPage\",\"@id\":\"https:\/\/carpathiacenter.ro\/presedintele-nicusor-dan-participa-la-reuniunea-unde-vin-doi-emisari-ai-lui-donald-trump\/\",\"url\":\"https:\/\/carpathiacenter.ro\/presedintele-nicusor-dan-participa-la-reuniunea-unde-vin-doi-emisari-ai-lui-donald-trump\/\",\"name\":\"Pre\u0219edintele Nicu\u0219or Dan particip\u0103 la reuniunea unde vin doi emisari ai lui Donald Trump - Carpathia Center Romania\",\"isPartOf\":{\"@id\":\"https:\/\/carpathiacenter.ro\/#website\"},\"datePublished\":\"2026-01-06T09:36:47+00:00\",\"breadcrumb\":{\"@id\":\"https:\/\/carpathiacenter.ro\/presedintele-nicusor-dan-participa-la-reuniunea-unde-vin-doi-emisari-ai-lui-donald-trump\/#breadcrumb\"},\"inLanguage\":\"en-GB\",\"potentialAction\":[{\"@type\":\"ReadAction\",\"target\":[\"https:\/\/carpathiacenter.ro\/presedintele-nicusor-dan-participa-la-reuniunea-unde-vin-doi-emisari-ai-lui-donald-trump\/\"]}]},{\"@type\":\"BreadcrumbList\",\"@id\":\"https:\/\/carpathiacenter.ro\/presedintele-nicusor-dan-participa-la-reuniunea-unde-vin-doi-emisari-ai-lui-donald-trump\/#breadcrumb\",\"itemListElement\":[{\"@type\":\"ListItem\",\"position\":1,\"name\":\"Prima pagin\u0103\",\"item\":\"https:\/\/carpathiacenter.ro\/\"},{\"@type\":\"ListItem\",\"position\":2,\"name\":\"Pre\u0219edintele Nicu\u0219or Dan particip\u0103 la reuniunea unde vin doi emisari ai lui Donald Trump\"}]},{\"@type\":\"WebSite\",\"@id\":\"https:\/\/carpathiacenter.ro\/#website\",\"url\":\"https:\/\/carpathiacenter.ro\/\",\"name\":\"Carpathia Center Romania\",\"description\":\"Impossible made possible!\",\"publisher\":{\"@id\":\"https:\/\/carpathiacenter.ro\/#organization\"},\"potentialAction\":[{\"@type\":\"SearchAction\",\"target\":{\"@type\":\"EntryPoint\",\"urlTemplate\":\"https:\/\/carpathiacenter.ro\/?s={search_term_string}\"},\"query-input\":{\"@type\":\"PropertyValueSpecification\",\"valueRequired\":true,\"valueName\":\"search_term_string\"}}],\"inLanguage\":\"en-GB\"},{\"@type\":\"Organization\",\"@id\":\"https:\/\/carpathiacenter.ro\/#organization\",\"name\":\"Carpathia Center Romania\",\"url\":\"https:\/\/carpathiacenter.ro\/\",\"logo\":{\"@type\":\"ImageObject\",\"inLanguage\":\"en-GB\",\"@id\":\"https:\/\/carpathiacenter.ro\/#\/schema\/logo\/image\/\",\"url\":\"https:\/\/carpathiacenter.ro\/wp-content\/uploads\/2024\/07\/logo-carpathia_bg_white-1024x941.png\",\"contentUrl\":\"https:\/\/carpathiacenter.ro\/wp-content\/uploads\/2024\/07\/logo-carpathia_bg_white-1024x941.png\",\"width\":1024,\"height\":941,\"caption\":\"Carpathia Center Romania\"},\"image\":{\"@id\":\"https:\/\/carpathiacenter.ro\/#\/schema\/logo\/image\/\"},\"sameAs\":[\"https:\/\/www.facebook.com\/fdpscarpathia\/\"]},{\"@type\":\"Person\",\"@id\":\"https:\/\/carpathiacenter.ro\/#\/schema\/person\/03d9f58202fee8379268f34afa195006\",\"name\":\"creativebitsolutions\",\"image\":{\"@type\":\"ImageObject\",\"inLanguage\":\"en-GB\",\"@id\":\"https:\/\/carpathiacenter.ro\/#\/schema\/person\/image\/\",\"url\":\"https:\/\/secure.gravatar.com\/avatar\/1b1a13e37f847c635dab78348f1dff2f07651ee2a3d77a5c355a4b8c75f9165a?s=96&d=mm&r=g\",\"contentUrl\":\"https:\/\/secure.gravatar.com\/avatar\/1b1a13e37f847c635dab78348f1dff2f07651ee2a3d77a5c355a4b8c75f9165a?s=96&d=mm&r=g\",\"caption\":\"creativebitsolutions\"},\"url\":\"https:\/\/carpathiacenter.ro\/en\/author\/creativebitsolutions\/\"}]}<\/script>\n<!-- \/ Yoast SEO plugin. -->","yoast_head_json":{"title":"Pre\u0219edintele Nicu\u0219or Dan particip\u0103 la reuniunea unde vin doi emisari ai lui Donald Trump - Carpathia Center Romania","robots":{"index":"index","follow":"follow","max-snippet":"max-snippet:-1","max-image-preview":"max-image-preview:large","max-video-preview":"max-video-preview:-1"},"canonical":"https:\/\/carpathiacenter.ro\/en\/presedintele-nicusor-dan-participa-la-reuniunea-unde-vin-doi-emisari-ai-lui-donald-trump\/","og_locale":"en_GB","og_type":"article","og_title":"Pre\u0219edintele Nicu\u0219or Dan particip\u0103 la reuniunea unde vin doi emisari ai lui Donald Trump - Carpathia Center Romania","og_description":"Pre\u0219edintele Nicu\u0219or Dan particip\u0103, mar\u021bi, la reuniunea \u0219efilor de stat \u0219i de guvern ai \u201eCoali\u021biei de Voin\u021b\u0103\u201d (Coalition of the Willing) de la Paris, Palatul Elysee, potrivit Administra\u021biei Preziden\u021biale.\u00a0Trimisul special al pre\u0219edintelui american Donald Trump, Steve Witkoff, \u0219i ginerele pre\u0219edintelui SUA, Jared Kushner, vor fi prezen\u021bi la \u00eent\u00e2lnire. S\u00e2mb\u0103t\u0103, alia\u021bii europeni ai Ucrainei s-au \u00eent\u00e2lnit...","og_url":"https:\/\/carpathiacenter.ro\/en\/presedintele-nicusor-dan-participa-la-reuniunea-unde-vin-doi-emisari-ai-lui-donald-trump\/","og_site_name":"Carpathia Center Romania","article_publisher":"https:\/\/www.facebook.com\/fdpscarpathia\/","article_published_time":"2026-01-06T09:36:47+00:00","author":"creativebitsolutions","twitter_card":"summary_large_image","twitter_misc":{"Written by":"creativebitsolutions","Estimated reading time":"2 minutes"},"schema":{"@context":"https:\/\/schema.org","@graph":[{"@type":"Article","@id":"https:\/\/carpathiacenter.ro\/presedintele-nicusor-dan-participa-la-reuniunea-unde-vin-doi-emisari-ai-lui-donald-trump\/#article","isPartOf":{"@id":"https:\/\/carpathiacenter.ro\/presedintele-nicusor-dan-participa-la-reuniunea-unde-vin-doi-emisari-ai-lui-donald-trump\/"},"author":{"name":"creativebitsolutions","@id":"https:\/\/carpathiacenter.ro\/#\/schema\/person\/03d9f58202fee8379268f34afa195006"},"headline":"Pre\u0219edintele Nicu\u0219or Dan particip\u0103 la reuniunea unde vin doi emisari ai lui Donald Trump","datePublished":"2026-01-06T09:36:47+00:00","mainEntityOfPage":{"@id":"https:\/\/carpathiacenter.ro\/presedintele-nicusor-dan-participa-la-reuniunea-unde-vin-doi-emisari-ai-lui-donald-trump\/"},"wordCount":326,"commentCount":0,"publisher":{"@id":"https:\/\/carpathiacenter.ro\/#organization"},"articleSection":["Uncategorized"],"inLanguage":"en-GB","potentialAction":[{"@type":"CommentAction","name":"Comment","target":["https:\/\/carpathiacenter.ro\/presedintele-nicusor-dan-participa-la-reuniunea-unde-vin-doi-emisari-ai-lui-donald-trump\/#respond"]}]},{"@type":"WebPage","@id":"https:\/\/carpathiacenter.ro\/presedintele-nicusor-dan-participa-la-reuniunea-unde-vin-doi-emisari-ai-lui-donald-trump\/","url":"https:\/\/carpathiacenter.ro\/presedintele-nicusor-dan-participa-la-reuniunea-unde-vin-doi-emisari-ai-lui-donald-trump\/","name":"Pre\u0219edintele Nicu\u0219or Dan particip\u0103 la reuniunea unde vin doi emisari ai lui Donald Trump - Carpathia Center Romania","isPartOf":{"@id":"https:\/\/carpathiacenter.ro\/#website"},"datePublished":"2026-01-06T09:36:47+00:00","breadcrumb":{"@id":"https:\/\/carpathiacenter.ro\/presedintele-nicusor-dan-participa-la-reuniunea-unde-vin-doi-emisari-ai-lui-donald-trump\/#breadcrumb"},"inLanguage":"en-GB","potentialAction":[{"@type":"ReadAction","target":["https:\/\/carpathiacenter.ro\/presedintele-nicusor-dan-participa-la-reuniunea-unde-vin-doi-emisari-ai-lui-donald-trump\/"]}]},{"@type":"BreadcrumbList","@id":"https:\/\/carpathiacenter.ro\/presedintele-nicusor-dan-participa-la-reuniunea-unde-vin-doi-emisari-ai-lui-donald-trump\/#breadcrumb","itemListElement":[{"@type":"ListItem","position":1,"name":"Prima pagin\u0103","item":"https:\/\/carpathiacenter.ro\/"},{"@type":"ListItem","position":2,"name":"Pre\u0219edintele Nicu\u0219or Dan particip\u0103 la reuniunea unde vin doi emisari ai lui Donald Trump"}]},{"@type":"WebSite","@id":"https:\/\/carpathiacenter.ro\/#website","url":"https:\/\/carpathiacenter.ro\/","name":"Carpathia Center Romania","description":"Impossible made possible!","publisher":{"@id":"https:\/\/carpathiacenter.ro\/#organization"},"potentialAction":[{"@type":"SearchAction","target":{"@type":"EntryPoint","urlTemplate":"https:\/\/carpathiacenter.ro\/?s={search_term_string}"},"query-input":{"@type":"PropertyValueSpecification","valueRequired":true,"valueName":"search_term_string"}}],"inLanguage":"en-GB"},{"@type":"Organization","@id":"https:\/\/carpathiacenter.ro\/#organization","name":"Carpathia Center Romania","url":"https:\/\/carpathiacenter.ro\/","logo":{"@type":"ImageObject","inLanguage":"en-GB","@id":"https:\/\/carpathiacenter.ro\/#\/schema\/logo\/image\/","url":"https:\/\/carpathiacenter.ro\/wp-content\/uploads\/2024\/07\/logo-carpathia_bg_white-1024x941.png","contentUrl":"https:\/\/carpathiacenter.ro\/wp-content\/uploads\/2024\/07\/logo-carpathia_bg_white-1024x941.png","width":1024,"height":941,"caption":"Carpathia Center Romania"},"image":{"@id":"https:\/\/carpathiacenter.ro\/#\/schema\/logo\/image\/"},"sameAs":["https:\/\/www.facebook.com\/fdpscarpathia\/"]},{"@type":"Person","@id":"https:\/\/carpathiacenter.ro\/#\/schema\/person\/03d9f58202fee8379268f34afa195006","name":"creativebitsolutions","image":{"@type":"ImageObject","inLanguage":"en-GB","@id":"https:\/\/carpathiacenter.ro\/#\/schema\/person\/image\/","url":"https:\/\/secure.gravatar.com\/avatar\/1b1a13e37f847c635dab78348f1dff2f07651ee2a3d77a5c355a4b8c75f9165a?s=96&d=mm&r=g","contentUrl":"https:\/\/secure.gravatar.com\/avatar\/1b1a13e37f847c635dab78348f1dff2f07651ee2a3d77a5c355a4b8c75f9165a?s=96&d=mm&r=g","caption":"creativebitsolutions"},"url":"https:\/\/carpathiacenter.ro\/en\/author\/creativebitsolutions\/"}]}},"_links":{"self":[{"href":"https:\/\/carpathiacenter.ro\/en\/wp-json\/wp\/v2\/posts\/3589","targetHints":{"allow":["GET"]}}],"collection":[{"href":"https:\/\/carpathiacenter.ro\/en\/wp-json\/wp\/v2\/posts"}],"about":[{"href":"https:\/\/carpathiacenter.ro\/en\/wp-json\/wp\/v2\/types\/post"}],"author":[{"embeddable":true,"href":"https:\/\/carpathiacenter.ro\/en\/wp-json\/wp\/v2\/users\/4"}],"replies":[{"embeddable":true,"href":"https:\/\/carpathiacenter.ro\/en\/wp-json\/wp\/v2\/comments?post=3589"}],"version-history":[{"count":1,"href":"https:\/\/carpathiacenter.ro\/en\/wp-json\/wp\/v2\/posts\/3589\/revisions"}],"predecessor-version":[{"id":3590,"href":"https:\/\/carpathiacenter.ro\/en\/wp-json\/wp\/v2\/posts\/3589\/revisions\/3590"}],"wp:attachment":[{"href":"https:\/\/carpathiacenter.ro\/en\/wp-json\/wp\/v2\/media?parent=3589"}],"wp:term":[{"taxonomy":"category","embeddable":true,"href":"https:\/\/carpathiacenter.ro\/en\/wp-json\/wp\/v2\/categories?post=3589"},{"taxonomy":"post_tag","embeddable":true,"href":"https:\/\/carpathiacenter.ro\/en\/wp-json\/wp\/v2\/tags?post=3589"}],"curies":[{"name":"wp","href":"https:\/\/api.w.org\/{rel}","templated":true}]}}