{"id":3587,"date":"2026-01-06T09:35:17","date_gmt":"2026-01-06T09:35:17","guid":{"rendered":"https:\/\/carpathiacenter.ro\/?p=3587"},"modified":"2026-01-06T09:35:17","modified_gmt":"2026-01-06T09:35:17","slug":"temperaturi-neobisnuite-pentru-a-doua-jumatate-a-lunii-ianuarie-cum-arata-prognoza-meteo","status":"publish","type":"post","link":"https:\/\/carpathiacenter.ro\/en\/temperaturi-neobisnuite-pentru-a-doua-jumatate-a-lunii-ianuarie-cum-arata-prognoza-meteo\/","title":{"rendered":"Temperaturi neobi\u0219nuite pentru a doua jum\u0103tate a lunii ianuarie. Cum arat\u0103 prognoza meteo"},"content":{"rendered":"<p><strong>Temperaturile se vor situa u\u015for peste cele specifice, \u00een a doua jum\u0103tate a lunii ianuarie, \u00een mai multe regiuni, anun\u0163\u0103 mar\u0163i meteorologii. P\u00e2n\u0103 atunci \u00eens\u0103 urmeaz\u0103 o s\u0103pt\u0103m\u00e2n\u0103 cu temperaturi mai cobor\u00e2te, arat\u0103 prognoza meteo valabil\u0103 pentru perioada 5 ianuarie \u2013 2 februarie.<\/strong><\/p>\n<p><strong>Vremea \u00een s\u0103pt\u0103m\u00e2na 5-12 ianuarie<\/strong><\/p>\n<p>Temperaturile vor fi mai sc\u0103zute dec\u00e2t cele specifice pentru aceast\u0103 s\u0103pt\u0103m\u00e2n\u0103 \u00een regiunile vestice, nord-vestice, nord-estice \u015fi local \u00een cele centrale, anun\u021b\u0103 ANM, \u00een prognoza meteo pentru urm\u0103toarele patru s\u0103pt\u0103m\u00e2ni. \u00cen acela\u0219i timp, temperaturile vor fi mai ridicate \u00een regiunile sud-estice.<\/p>\n<p>Totodat\u0103, potrivit ANM, va ploua mai mult dec\u00e2t este normal pentru aceast\u0103 perioad\u0103, la nivelul \u00eentregii \u021bari, dar mai ales \u00een regiunile vestice.<\/p>\n<p><strong>Vremea \u00een s\u0103pt\u0103m\u00e2na 12-19 ianuarie<\/strong><\/p>\n<p>Temperaturile medii vor fi u\u015for mai ridicate dec\u00e2t cele specifice pentru acest interval \u00een zonele montane \u015fi \u00een extremitatea de sud-est a \u0163\u0103rii, dar \u015fi u\u015for mai cobor\u00e2te, local, \u00een nord-est \u015fi centru, iar \u00een rest vor fi apropiate de cele normale.<\/p>\n<p>Potrivit meteorologilor, cantit\u0103\u0163ile de precipita\u0163ii vor fi u\u015for excedentare \u00een nord-vestul teritoriului, iar \u00een rest vor fi apropiate de cele normale pentru aceast\u0103 perioad\u0103.<\/p>\n<p><strong>Vremea \u00een perioada 19-26 ianuarie<\/strong><\/p>\n<p>\u0218i \u00een aceast\u0103 s\u0103pt\u0103m\u00e2n\u0103 temperatura medie a aerului va avea valori mai ridicate dec\u00e2t cele normale \u00een cea mai mare parte a \u021b\u0103rii, anun\u021b\u0103 ANM. Diferen\u021bele cele mai mari vor fi \u00een extremitatea de sud-est a teritoriului.<\/p>\n<p>\u00cen schimb, \u00een ceea ce prive\u0219te regimul pluviometric, acesta va fi apropiat de cel normal pentru aceast\u0103 perioad\u0103 \u00een toate regiunile.<\/p>\n<p><strong>S\u0103pt\u0103m\u00e2na 26 ianuarie \u2013 2 februarie<\/strong><\/p>\n<p>Vremea va fi \u00een continuare mai c\u0103lduroas\u0103 dec\u00e2t este normal pentru aceast\u0103 perioad\u0103, \u00eens\u0103 doar \u00een anumite zone din \u021bar\u0103. Mai exact, potrivit ANM, \u201emediile valorilor termice se vor situa u\u015for peste cele specifice pentru acest\u0103 s\u0103pt\u0103m\u00e2n\u0103 \u00een regiunile extracarpatice\u201d. \u00cen rest, temperaturile vor fi apropiate de cele normale.<\/p>\n<p>Cantit\u0103\u0163ile de precipita\u0163ii vor fi apropiate de cele normale pentru acest interval \u00een cea mai mare parte a \u0163\u0103rii.<\/p>\n<p>Sursa articolului: <a href=\"https:\/\/hotnews.ro\/temperaturi-neobisnuite-pentru-a-doua-jumatate-a-lunii-ianuarie-meteorologii-anunta-zonele-unde-va-fi-mai-cald-2144728\">https:\/\/hotnews.ro\/temperaturi-neobisnuite-pentru-a-doua-jumatate-a-lunii-ianuarie-meteorologii-anunta-zonele-unde-va-fi-mai-cald-2144728<\/a><\/p>","protected":false},"excerpt":{"rendered":"<p>Temperaturile se vor situa u\u015for peste cele specifice, \u00een a doua jum\u0103tate a lunii ianuarie, \u00een mai multe regiuni, anun\u0163\u0103 mar\u0163i meteorologii. P\u00e2n\u0103 atunci \u00eens\u0103 urmeaz\u0103 o s\u0103pt\u0103m\u00e2n\u0103 cu temperaturi mai cobor\u00e2te, arat\u0103 prognoza meteo valabil\u0103 pentru perioada 5 ianuarie \u2013 2 februarie. Vremea \u00een s\u0103pt\u0103m\u00e2na 5-12 ianuarie Temperaturile vor fi mai sc\u0103zute dec\u00e2t cele&#8230;<\/p>","protected":false},"author":4,"featured_media":0,"comment_status":"open","ping_status":"open","sticky":false,"template":"","format":"standard","meta":{"footnotes":""},"categories":[1],"tags":[],"class_list":["post-3587","post","type-post","status-publish","format-standard","hentry","category-uncategorized"],"yoast_head":"<!-- This site is optimized with the Yoast SEO plugin v26.1.1 - https:\/\/yoast.com\/wordpress\/plugins\/seo\/ -->\n<title>Temperaturi neobi\u0219nuite pentru a doua jum\u0103tate a lunii ianuarie. Cum arat\u0103 prognoza meteo - Carpathia Center Romania<\/title>\n<meta name=\"robots\" content=\"index, follow, max-snippet:-1, max-image-preview:large, max-video-preview:-1\" \/>\n<link rel=\"canonical\" href=\"https:\/\/carpathiacenter.ro\/en\/temperaturi-neobisnuite-pentru-a-doua-jumatate-a-lunii-ianuarie-cum-arata-prognoza-meteo\/\" \/>\n<meta property=\"og:locale\" content=\"en_GB\" \/>\n<meta property=\"og:type\" content=\"article\" \/>\n<meta property=\"og:title\" content=\"Temperaturi neobi\u0219nuite pentru a doua jum\u0103tate a lunii ianuarie. Cum arat\u0103 prognoza meteo - Carpathia Center Romania\" \/>\n<meta property=\"og:description\" content=\"Temperaturile se vor situa u\u015for peste cele specifice, \u00een a doua jum\u0103tate a lunii ianuarie, \u00een mai multe regiuni, anun\u0163\u0103 mar\u0163i meteorologii. P\u00e2n\u0103 atunci \u00eens\u0103 urmeaz\u0103 o s\u0103pt\u0103m\u00e2n\u0103 cu temperaturi mai cobor\u00e2te, arat\u0103 prognoza meteo valabil\u0103 pentru perioada 5 ianuarie \u2013 2 februarie. Vremea \u00een s\u0103pt\u0103m\u00e2na 5-12 ianuarie Temperaturile vor fi mai sc\u0103zute dec\u00e2t cele...\" \/>\n<meta property=\"og:url\" content=\"https:\/\/carpathiacenter.ro\/en\/temperaturi-neobisnuite-pentru-a-doua-jumatate-a-lunii-ianuarie-cum-arata-prognoza-meteo\/\" \/>\n<meta property=\"og:site_name\" content=\"Carpathia Center Romania\" \/>\n<meta property=\"article:publisher\" content=\"https:\/\/www.facebook.com\/fdpscarpathia\/\" \/>\n<meta property=\"article:published_time\" content=\"2026-01-06T09:35:17+00:00\" \/>\n<meta name=\"author\" content=\"creativebitsolutions\" \/>\n<meta name=\"twitter:card\" content=\"summary_large_image\" \/>\n<meta name=\"twitter:label1\" content=\"Written by\" \/>\n\t<meta name=\"twitter:data1\" content=\"creativebitsolutions\" \/>\n\t<meta name=\"twitter:label2\" content=\"Estimated reading time\" \/>\n\t<meta name=\"twitter:data2\" content=\"2 minutes\" \/>\n<script type=\"application\/ld+json\" class=\"yoast-schema-graph\">{\"@context\":\"https:\/\/schema.org\",\"@graph\":[{\"@type\":\"Article\",\"@id\":\"https:\/\/carpathiacenter.ro\/temperaturi-neobisnuite-pentru-a-doua-jumatate-a-lunii-ianuarie-cum-arata-prognoza-meteo\/#article\",\"isPartOf\":{\"@id\":\"https:\/\/carpathiacenter.ro\/temperaturi-neobisnuite-pentru-a-doua-jumatate-a-lunii-ianuarie-cum-arata-prognoza-meteo\/\"},\"author\":{\"name\":\"creativebitsolutions\",\"@id\":\"https:\/\/carpathiacenter.ro\/#\/schema\/person\/03d9f58202fee8379268f34afa195006\"},\"headline\":\"Temperaturi neobi\u0219nuite pentru a doua jum\u0103tate a lunii ianuarie. Cum arat\u0103 prognoza meteo\",\"datePublished\":\"2026-01-06T09:35:17+00:00\",\"mainEntityOfPage\":{\"@id\":\"https:\/\/carpathiacenter.ro\/temperaturi-neobisnuite-pentru-a-doua-jumatate-a-lunii-ianuarie-cum-arata-prognoza-meteo\/\"},\"wordCount\":384,\"commentCount\":0,\"publisher\":{\"@id\":\"https:\/\/carpathiacenter.ro\/#organization\"},\"articleSection\":[\"Uncategorized\"],\"inLanguage\":\"en-GB\",\"potentialAction\":[{\"@type\":\"CommentAction\",\"name\":\"Comment\",\"target\":[\"https:\/\/carpathiacenter.ro\/temperaturi-neobisnuite-pentru-a-doua-jumatate-a-lunii-ianuarie-cum-arata-prognoza-meteo\/#respond\"]}]},{\"@type\":\"WebPage\",\"@id\":\"https:\/\/carpathiacenter.ro\/temperaturi-neobisnuite-pentru-a-doua-jumatate-a-lunii-ianuarie-cum-arata-prognoza-meteo\/\",\"url\":\"https:\/\/carpathiacenter.ro\/temperaturi-neobisnuite-pentru-a-doua-jumatate-a-lunii-ianuarie-cum-arata-prognoza-meteo\/\",\"name\":\"Temperaturi neobi\u0219nuite pentru a doua jum\u0103tate a lunii ianuarie. Cum arat\u0103 prognoza meteo - Carpathia Center Romania\",\"isPartOf\":{\"@id\":\"https:\/\/carpathiacenter.ro\/#website\"},\"datePublished\":\"2026-01-06T09:35:17+00:00\",\"breadcrumb\":{\"@id\":\"https:\/\/carpathiacenter.ro\/temperaturi-neobisnuite-pentru-a-doua-jumatate-a-lunii-ianuarie-cum-arata-prognoza-meteo\/#breadcrumb\"},\"inLanguage\":\"en-GB\",\"potentialAction\":[{\"@type\":\"ReadAction\",\"target\":[\"https:\/\/carpathiacenter.ro\/temperaturi-neobisnuite-pentru-a-doua-jumatate-a-lunii-ianuarie-cum-arata-prognoza-meteo\/\"]}]},{\"@type\":\"BreadcrumbList\",\"@id\":\"https:\/\/carpathiacenter.ro\/temperaturi-neobisnuite-pentru-a-doua-jumatate-a-lunii-ianuarie-cum-arata-prognoza-meteo\/#breadcrumb\",\"itemListElement\":[{\"@type\":\"ListItem\",\"position\":1,\"name\":\"Prima pagin\u0103\",\"item\":\"https:\/\/carpathiacenter.ro\/\"},{\"@type\":\"ListItem\",\"position\":2,\"name\":\"Temperaturi neobi\u0219nuite pentru a doua jum\u0103tate a lunii ianuarie. Cum arat\u0103 prognoza meteo\"}]},{\"@type\":\"WebSite\",\"@id\":\"https:\/\/carpathiacenter.ro\/#website\",\"url\":\"https:\/\/carpathiacenter.ro\/\",\"name\":\"Carpathia Center Romania\",\"description\":\"Impossible made possible!\",\"publisher\":{\"@id\":\"https:\/\/carpathiacenter.ro\/#organization\"},\"potentialAction\":[{\"@type\":\"SearchAction\",\"target\":{\"@type\":\"EntryPoint\",\"urlTemplate\":\"https:\/\/carpathiacenter.ro\/?s={search_term_string}\"},\"query-input\":{\"@type\":\"PropertyValueSpecification\",\"valueRequired\":true,\"valueName\":\"search_term_string\"}}],\"inLanguage\":\"en-GB\"},{\"@type\":\"Organization\",\"@id\":\"https:\/\/carpathiacenter.ro\/#organization\",\"name\":\"Carpathia Center Romania\",\"url\":\"https:\/\/carpathiacenter.ro\/\",\"logo\":{\"@type\":\"ImageObject\",\"inLanguage\":\"en-GB\",\"@id\":\"https:\/\/carpathiacenter.ro\/#\/schema\/logo\/image\/\",\"url\":\"https:\/\/carpathiacenter.ro\/wp-content\/uploads\/2024\/07\/logo-carpathia_bg_white-1024x941.png\",\"contentUrl\":\"https:\/\/carpathiacenter.ro\/wp-content\/uploads\/2024\/07\/logo-carpathia_bg_white-1024x941.png\",\"width\":1024,\"height\":941,\"caption\":\"Carpathia Center Romania\"},\"image\":{\"@id\":\"https:\/\/carpathiacenter.ro\/#\/schema\/logo\/image\/\"},\"sameAs\":[\"https:\/\/www.facebook.com\/fdpscarpathia\/\"]},{\"@type\":\"Person\",\"@id\":\"https:\/\/carpathiacenter.ro\/#\/schema\/person\/03d9f58202fee8379268f34afa195006\",\"name\":\"creativebitsolutions\",\"image\":{\"@type\":\"ImageObject\",\"inLanguage\":\"en-GB\",\"@id\":\"https:\/\/carpathiacenter.ro\/#\/schema\/person\/image\/\",\"url\":\"https:\/\/secure.gravatar.com\/avatar\/1b1a13e37f847c635dab78348f1dff2f07651ee2a3d77a5c355a4b8c75f9165a?s=96&d=mm&r=g\",\"contentUrl\":\"https:\/\/secure.gravatar.com\/avatar\/1b1a13e37f847c635dab78348f1dff2f07651ee2a3d77a5c355a4b8c75f9165a?s=96&d=mm&r=g\",\"caption\":\"creativebitsolutions\"},\"url\":\"https:\/\/carpathiacenter.ro\/en\/author\/creativebitsolutions\/\"}]}<\/script>\n<!-- \/ Yoast SEO plugin. -->","yoast_head_json":{"title":"Temperaturi neobi\u0219nuite pentru a doua jum\u0103tate a lunii ianuarie. Cum arat\u0103 prognoza meteo - Carpathia Center Romania","robots":{"index":"index","follow":"follow","max-snippet":"max-snippet:-1","max-image-preview":"max-image-preview:large","max-video-preview":"max-video-preview:-1"},"canonical":"https:\/\/carpathiacenter.ro\/en\/temperaturi-neobisnuite-pentru-a-doua-jumatate-a-lunii-ianuarie-cum-arata-prognoza-meteo\/","og_locale":"en_GB","og_type":"article","og_title":"Temperaturi neobi\u0219nuite pentru a doua jum\u0103tate a lunii ianuarie. Cum arat\u0103 prognoza meteo - Carpathia Center Romania","og_description":"Temperaturile se vor situa u\u015for peste cele specifice, \u00een a doua jum\u0103tate a lunii ianuarie, \u00een mai multe regiuni, anun\u0163\u0103 mar\u0163i meteorologii. P\u00e2n\u0103 atunci \u00eens\u0103 urmeaz\u0103 o s\u0103pt\u0103m\u00e2n\u0103 cu temperaturi mai cobor\u00e2te, arat\u0103 prognoza meteo valabil\u0103 pentru perioada 5 ianuarie \u2013 2 februarie. Vremea \u00een s\u0103pt\u0103m\u00e2na 5-12 ianuarie Temperaturile vor fi mai sc\u0103zute dec\u00e2t cele...","og_url":"https:\/\/carpathiacenter.ro\/en\/temperaturi-neobisnuite-pentru-a-doua-jumatate-a-lunii-ianuarie-cum-arata-prognoza-meteo\/","og_site_name":"Carpathia Center Romania","article_publisher":"https:\/\/www.facebook.com\/fdpscarpathia\/","article_published_time":"2026-01-06T09:35:17+00:00","author":"creativebitsolutions","twitter_card":"summary_large_image","twitter_misc":{"Written by":"creativebitsolutions","Estimated reading time":"2 minutes"},"schema":{"@context":"https:\/\/schema.org","@graph":[{"@type":"Article","@id":"https:\/\/carpathiacenter.ro\/temperaturi-neobisnuite-pentru-a-doua-jumatate-a-lunii-ianuarie-cum-arata-prognoza-meteo\/#article","isPartOf":{"@id":"https:\/\/carpathiacenter.ro\/temperaturi-neobisnuite-pentru-a-doua-jumatate-a-lunii-ianuarie-cum-arata-prognoza-meteo\/"},"author":{"name":"creativebitsolutions","@id":"https:\/\/carpathiacenter.ro\/#\/schema\/person\/03d9f58202fee8379268f34afa195006"},"headline":"Temperaturi neobi\u0219nuite pentru a doua jum\u0103tate a lunii ianuarie. Cum arat\u0103 prognoza meteo","datePublished":"2026-01-06T09:35:17+00:00","mainEntityOfPage":{"@id":"https:\/\/carpathiacenter.ro\/temperaturi-neobisnuite-pentru-a-doua-jumatate-a-lunii-ianuarie-cum-arata-prognoza-meteo\/"},"wordCount":384,"commentCount":0,"publisher":{"@id":"https:\/\/carpathiacenter.ro\/#organization"},"articleSection":["Uncategorized"],"inLanguage":"en-GB","potentialAction":[{"@type":"CommentAction","name":"Comment","target":["https:\/\/carpathiacenter.ro\/temperaturi-neobisnuite-pentru-a-doua-jumatate-a-lunii-ianuarie-cum-arata-prognoza-meteo\/#respond"]}]},{"@type":"WebPage","@id":"https:\/\/carpathiacenter.ro\/temperaturi-neobisnuite-pentru-a-doua-jumatate-a-lunii-ianuarie-cum-arata-prognoza-meteo\/","url":"https:\/\/carpathiacenter.ro\/temperaturi-neobisnuite-pentru-a-doua-jumatate-a-lunii-ianuarie-cum-arata-prognoza-meteo\/","name":"Temperaturi neobi\u0219nuite pentru a doua jum\u0103tate a lunii ianuarie. Cum arat\u0103 prognoza meteo - Carpathia Center Romania","isPartOf":{"@id":"https:\/\/carpathiacenter.ro\/#website"},"datePublished":"2026-01-06T09:35:17+00:00","breadcrumb":{"@id":"https:\/\/carpathiacenter.ro\/temperaturi-neobisnuite-pentru-a-doua-jumatate-a-lunii-ianuarie-cum-arata-prognoza-meteo\/#breadcrumb"},"inLanguage":"en-GB","potentialAction":[{"@type":"ReadAction","target":["https:\/\/carpathiacenter.ro\/temperaturi-neobisnuite-pentru-a-doua-jumatate-a-lunii-ianuarie-cum-arata-prognoza-meteo\/"]}]},{"@type":"BreadcrumbList","@id":"https:\/\/carpathiacenter.ro\/temperaturi-neobisnuite-pentru-a-doua-jumatate-a-lunii-ianuarie-cum-arata-prognoza-meteo\/#breadcrumb","itemListElement":[{"@type":"ListItem","position":1,"name":"Prima pagin\u0103","item":"https:\/\/carpathiacenter.ro\/"},{"@type":"ListItem","position":2,"name":"Temperaturi neobi\u0219nuite pentru a doua jum\u0103tate a lunii ianuarie. Cum arat\u0103 prognoza meteo"}]},{"@type":"WebSite","@id":"https:\/\/carpathiacenter.ro\/#website","url":"https:\/\/carpathiacenter.ro\/","name":"Carpathia Center Romania","description":"Impossible made possible!","publisher":{"@id":"https:\/\/carpathiacenter.ro\/#organization"},"potentialAction":[{"@type":"SearchAction","target":{"@type":"EntryPoint","urlTemplate":"https:\/\/carpathiacenter.ro\/?s={search_term_string}"},"query-input":{"@type":"PropertyValueSpecification","valueRequired":true,"valueName":"search_term_string"}}],"inLanguage":"en-GB"},{"@type":"Organization","@id":"https:\/\/carpathiacenter.ro\/#organization","name":"Carpathia Center Romania","url":"https:\/\/carpathiacenter.ro\/","logo":{"@type":"ImageObject","inLanguage":"en-GB","@id":"https:\/\/carpathiacenter.ro\/#\/schema\/logo\/image\/","url":"https:\/\/carpathiacenter.ro\/wp-content\/uploads\/2024\/07\/logo-carpathia_bg_white-1024x941.png","contentUrl":"https:\/\/carpathiacenter.ro\/wp-content\/uploads\/2024\/07\/logo-carpathia_bg_white-1024x941.png","width":1024,"height":941,"caption":"Carpathia Center Romania"},"image":{"@id":"https:\/\/carpathiacenter.ro\/#\/schema\/logo\/image\/"},"sameAs":["https:\/\/www.facebook.com\/fdpscarpathia\/"]},{"@type":"Person","@id":"https:\/\/carpathiacenter.ro\/#\/schema\/person\/03d9f58202fee8379268f34afa195006","name":"creativebitsolutions","image":{"@type":"ImageObject","inLanguage":"en-GB","@id":"https:\/\/carpathiacenter.ro\/#\/schema\/person\/image\/","url":"https:\/\/secure.gravatar.com\/avatar\/1b1a13e37f847c635dab78348f1dff2f07651ee2a3d77a5c355a4b8c75f9165a?s=96&d=mm&r=g","contentUrl":"https:\/\/secure.gravatar.com\/avatar\/1b1a13e37f847c635dab78348f1dff2f07651ee2a3d77a5c355a4b8c75f9165a?s=96&d=mm&r=g","caption":"creativebitsolutions"},"url":"https:\/\/carpathiacenter.ro\/en\/author\/creativebitsolutions\/"}]}},"_links":{"self":[{"href":"https:\/\/carpathiacenter.ro\/en\/wp-json\/wp\/v2\/posts\/3587","targetHints":{"allow":["GET"]}}],"collection":[{"href":"https:\/\/carpathiacenter.ro\/en\/wp-json\/wp\/v2\/posts"}],"about":[{"href":"https:\/\/carpathiacenter.ro\/en\/wp-json\/wp\/v2\/types\/post"}],"author":[{"embeddable":true,"href":"https:\/\/carpathiacenter.ro\/en\/wp-json\/wp\/v2\/users\/4"}],"replies":[{"embeddable":true,"href":"https:\/\/carpathiacenter.ro\/en\/wp-json\/wp\/v2\/comments?post=3587"}],"version-history":[{"count":1,"href":"https:\/\/carpathiacenter.ro\/en\/wp-json\/wp\/v2\/posts\/3587\/revisions"}],"predecessor-version":[{"id":3588,"href":"https:\/\/carpathiacenter.ro\/en\/wp-json\/wp\/v2\/posts\/3587\/revisions\/3588"}],"wp:attachment":[{"href":"https:\/\/carpathiacenter.ro\/en\/wp-json\/wp\/v2\/media?parent=3587"}],"wp:term":[{"taxonomy":"category","embeddable":true,"href":"https:\/\/carpathiacenter.ro\/en\/wp-json\/wp\/v2\/categories?post=3587"},{"taxonomy":"post_tag","embeddable":true,"href":"https:\/\/carpathiacenter.ro\/en\/wp-json\/wp\/v2\/tags?post=3587"}],"curies":[{"name":"wp","href":"https:\/\/api.w.org\/{rel}","templated":true}]}}