{"id":3566,"date":"2025-12-30T18:35:39","date_gmt":"2025-12-30T18:35:39","guid":{"rendered":"https:\/\/carpathiacenter.ro\/?p=3566"},"modified":"2025-12-30T18:35:39","modified_gmt":"2025-12-30T18:35:39","slug":"primul-mesaj-al-noului-primar-interimar-de-la-sectorul-6-voi-duce-mai-departe-bunele-practici-care-spune-ca-sunt-prioritatile-mandatului-sau","status":"publish","type":"post","link":"https:\/\/carpathiacenter.ro\/en\/primul-mesaj-al-noului-primar-interimar-de-la-sectorul-6-voi-duce-mai-departe-bunele-practici-care-spune-ca-sunt-prioritatile-mandatului-sau\/","title":{"rendered":"Primul mesaj al noului primar interimar de la Sectorul 6: \u201eVoi duce mai departe bunele practici\u201d \/ Care spune c\u0103 sunt priorit\u0103\u021bile mandatului s\u0103u"},"content":{"rendered":"<p><strong>Paul Moldovan (PNL), p\u00e2n\u0103 acum viceprimar \u00een Sectorul 6, a preluat luni, 29 decembrie, func\u021bia de primar interimar al Sectorului, dup\u0103 ce fostul edil, Ciprian Ciucu, a devenit primar general \u00een urma alegerilor din 7 decembrie. Printre priorit\u0103\u021bi, Moldovan enumer\u0103 spa\u021biile verzi, \u201emai multe str\u0103zi pentru oameni\u201d, \u201elocuri de joac\u0103 moderne \u0219i \u0219coli sigure<\/strong>\u201c.<\/p>\n<p>Paul Moldovan a avut luni o \u00eent\u00e2lnire cu \u201eechipa Prim\u0103riei Sectorului 6\u201d pentru a discuta \u201eviitorul proiectelor pe care le avem \u00een lucru \u0219i pe care le preg\u0103tim\u201d.<\/p>\n<div id=\"billboard2\" class=\"inserted-position billboard-2\"><\/div>\n<p>\u201eLe-am explicat c\u0103 \u00eemi asum un angajament ferm fa\u021b\u0103 de dumneavoastr\u0103, comunitatea Sectorului 6, s\u0103 continui dezvoltarea, s\u0103 duc mai departe proiectele \u0219i s\u0103 \u00eencep altele. \u00cen cei cinci ani de c\u00e2nd primarul Ciprian Ciucu a preluat mandatul, am reu\u0219it \u00eempreun\u0103 cu echipa noastr\u0103 s\u0103 transform\u0103m fa\u021ba sectorului. Cu d\u00e2nsul al\u0103turi la PMB, voi duce mai departe politicile, bunele practici\u201d, a scris Moldovan pe Facebook.<\/p>\n<p>Noul primar interimar sus\u021bine c\u0103 prin faptul c\u0103 exist\u0103 o continuitate \u00een conducerea Sectorului \u201ene d\u0103 siguran\u021ba\u201d c\u0103 Sectorul 6 \u201eva r\u0103m\u00e2ne cel mai atractiv loc din Bucure\u0219ti pentru familiile tinere care sunt \u00een c\u0103utarea unei locuin\u021be\u201d.<\/p>\n<p>\u201e\u00cemi doresc mai mult verde, mai multe str\u0103zi pentru oameni, locuri de joac\u0103 moderne, unit\u0103\u021bi de \u00eenv\u00e2\u021b\u0103m\u00e2nt sigure, la standarde europene, eficien\u021b\u0103 energetic\u0103 a locuin\u021belor, pie\u021be reamenajate, infrastructur\u0103 pus\u0103 la punct, \u0219i, evident, spa\u021bii pentru ma\u0219ini, \u00een m\u0103sura \u00een care terenul ne permite. Vom face treab\u0103 bun\u0103 \u00eempreun\u0103\u201d, a scris noul primar interimar din Sectorul 6.<\/p>\n<div id=\"billboard3\" class=\"inserted-position billboard-3\"><\/div>\n<h2 class=\"wp-block-heading\"><strong>Nu e clar dac\u0103 vor fi organizate alegeri \u00een Sectorul 6, de\u0219i legea nu las\u0103 loc de interpret\u0103ri\u00a0<\/strong><\/h2>\n<p>Ciprian Ciucu\u00a0<a href=\"https:\/\/hotnews.ro\/video-ciprian-ciucu-e-oficial-primarul-general-al-capitalei-in-primul-sau-discurs-in-consiliul-general-a-deplans-situatia-financiara-a-institutiei-vor-urma-anumite-reforme-2134722\" target=\"_blank\" rel=\"noreferrer noopener\">\u0219i-a preluat oficial atribu\u021biile de primar general al Bucure\u0219tiului<\/a>\u00a0\u00een data de 19 decembrie. \u00cen primul s\u0103u discurs ca primar general, a vorbit despre situa\u021bia financiar\u0103 a prim\u0103riei \u0219i a spus c\u0103 vrea s\u0103 creeze o larg\u0103 majoritate \u00een Consiliul General al Municipiului Bucure\u0219ti (CGMB).<\/p>\n<p>Ciprian Ciucu a c\u00e2\u0219tigat \u00een urma alegerilor locale par\u021biale din 7 decembrie func\u021bia de primar general al Capitalei cu 36,16% din voturi (peste 211.000 de voturi). El s-a impus astfel \u00een fa\u021ba Anc\u0103i Alexandrescu, sus\u021binut\u0103 de AUR (21,94%), Daniel B\u0103lu\u021b\u0103, de la PSD (20,51%), respectiv C\u0103t\u0103lin Drul\u0103, de la USR (13,90%).<\/p>\n<div class=\"recommended-articles-block\">\n<div class=\"recommended-articles-header\"><a href=\"https:\/\/hotnews.ro\/primul-mesaj-al-noului-primar-interimar-de-la-sectorul-6-voi-duce-mai-departe-bunele-practici-care-spune-ca-sunt-prioritatile-mandatului-sau-2140081\">https:\/\/hotnews.ro\/primul-mesaj-al-noului-primar-interimar-de-la-sectorul-6-voi-duce-mai-departe-bunele-practici-care-spune-ca-sunt-prioritatile-mandatului-sau-2140081<\/a><\/div>\n<\/div>","protected":false},"excerpt":{"rendered":"<p>Paul Moldovan (PNL), p\u00e2n\u0103 acum viceprimar \u00een Sectorul 6, a preluat luni, 29 decembrie, func\u021bia de primar interimar al Sectorului, dup\u0103 ce fostul edil, Ciprian Ciucu, a devenit primar general \u00een urma alegerilor din 7 decembrie. Printre priorit\u0103\u021bi, Moldovan enumer\u0103 spa\u021biile verzi, \u201emai multe str\u0103zi pentru oameni\u201d, \u201elocuri de joac\u0103 moderne \u0219i \u0219coli sigure\u201c. Paul&#8230;<\/p>","protected":false},"author":4,"featured_media":0,"comment_status":"open","ping_status":"open","sticky":false,"template":"","format":"standard","meta":{"footnotes":""},"categories":[1],"tags":[],"class_list":["post-3566","post","type-post","status-publish","format-standard","hentry","category-uncategorized"],"yoast_head":"<!-- This site is optimized with the Yoast SEO plugin v26.1.1 - https:\/\/yoast.com\/wordpress\/plugins\/seo\/ -->\n<title>Primul mesaj al noului primar interimar de la Sectorul 6: \u201eVoi duce mai departe bunele practici\u201d \/ Care spune c\u0103 sunt priorit\u0103\u021bile mandatului s\u0103u - Carpathia Center Romania<\/title>\n<meta name=\"robots\" content=\"index, follow, max-snippet:-1, max-image-preview:large, max-video-preview:-1\" \/>\n<link rel=\"canonical\" href=\"https:\/\/carpathiacenter.ro\/en\/primul-mesaj-al-noului-primar-interimar-de-la-sectorul-6-voi-duce-mai-departe-bunele-practici-care-spune-ca-sunt-prioritatile-mandatului-sau\/\" \/>\n<meta property=\"og:locale\" content=\"en_GB\" \/>\n<meta property=\"og:type\" content=\"article\" \/>\n<meta property=\"og:title\" content=\"Primul mesaj al noului primar interimar de la Sectorul 6: \u201eVoi duce mai departe bunele practici\u201d \/ Care spune c\u0103 sunt priorit\u0103\u021bile mandatului s\u0103u - Carpathia Center Romania\" \/>\n<meta property=\"og:description\" content=\"Paul Moldovan (PNL), p\u00e2n\u0103 acum viceprimar \u00een Sectorul 6, a preluat luni, 29 decembrie, func\u021bia de primar interimar al Sectorului, dup\u0103 ce fostul edil, Ciprian Ciucu, a devenit primar general \u00een urma alegerilor din 7 decembrie. Printre priorit\u0103\u021bi, Moldovan enumer\u0103 spa\u021biile verzi, \u201emai multe str\u0103zi pentru oameni\u201d, \u201elocuri de joac\u0103 moderne \u0219i \u0219coli sigure\u201c. Paul...\" \/>\n<meta property=\"og:url\" content=\"https:\/\/carpathiacenter.ro\/en\/primul-mesaj-al-noului-primar-interimar-de-la-sectorul-6-voi-duce-mai-departe-bunele-practici-care-spune-ca-sunt-prioritatile-mandatului-sau\/\" \/>\n<meta property=\"og:site_name\" content=\"Carpathia Center Romania\" \/>\n<meta property=\"article:publisher\" content=\"https:\/\/www.facebook.com\/fdpscarpathia\/\" \/>\n<meta property=\"article:published_time\" content=\"2025-12-30T18:35:39+00:00\" \/>\n<meta name=\"author\" content=\"creativebitsolutions\" \/>\n<meta name=\"twitter:card\" content=\"summary_large_image\" \/>\n<meta name=\"twitter:label1\" content=\"Written by\" \/>\n\t<meta name=\"twitter:data1\" content=\"creativebitsolutions\" \/>\n\t<meta name=\"twitter:label2\" content=\"Estimated reading time\" \/>\n\t<meta name=\"twitter:data2\" content=\"2 minutes\" \/>\n<script type=\"application\/ld+json\" class=\"yoast-schema-graph\">{\"@context\":\"https:\/\/schema.org\",\"@graph\":[{\"@type\":\"Article\",\"@id\":\"https:\/\/carpathiacenter.ro\/primul-mesaj-al-noului-primar-interimar-de-la-sectorul-6-voi-duce-mai-departe-bunele-practici-care-spune-ca-sunt-prioritatile-mandatului-sau\/#article\",\"isPartOf\":{\"@id\":\"https:\/\/carpathiacenter.ro\/primul-mesaj-al-noului-primar-interimar-de-la-sectorul-6-voi-duce-mai-departe-bunele-practici-care-spune-ca-sunt-prioritatile-mandatului-sau\/\"},\"author\":{\"name\":\"creativebitsolutions\",\"@id\":\"https:\/\/carpathiacenter.ro\/#\/schema\/person\/03d9f58202fee8379268f34afa195006\"},\"headline\":\"Primul mesaj al noului primar interimar de la Sectorul 6: \u201eVoi duce mai departe bunele practici\u201d \/ Care spune c\u0103 sunt priorit\u0103\u021bile mandatului s\u0103u\",\"datePublished\":\"2025-12-30T18:35:39+00:00\",\"mainEntityOfPage\":{\"@id\":\"https:\/\/carpathiacenter.ro\/primul-mesaj-al-noului-primar-interimar-de-la-sectorul-6-voi-duce-mai-departe-bunele-practici-care-spune-ca-sunt-prioritatile-mandatului-sau\/\"},\"wordCount\":417,\"commentCount\":0,\"publisher\":{\"@id\":\"https:\/\/carpathiacenter.ro\/#organization\"},\"articleSection\":[\"Uncategorized\"],\"inLanguage\":\"en-GB\",\"potentialAction\":[{\"@type\":\"CommentAction\",\"name\":\"Comment\",\"target\":[\"https:\/\/carpathiacenter.ro\/primul-mesaj-al-noului-primar-interimar-de-la-sectorul-6-voi-duce-mai-departe-bunele-practici-care-spune-ca-sunt-prioritatile-mandatului-sau\/#respond\"]}]},{\"@type\":\"WebPage\",\"@id\":\"https:\/\/carpathiacenter.ro\/primul-mesaj-al-noului-primar-interimar-de-la-sectorul-6-voi-duce-mai-departe-bunele-practici-care-spune-ca-sunt-prioritatile-mandatului-sau\/\",\"url\":\"https:\/\/carpathiacenter.ro\/primul-mesaj-al-noului-primar-interimar-de-la-sectorul-6-voi-duce-mai-departe-bunele-practici-care-spune-ca-sunt-prioritatile-mandatului-sau\/\",\"name\":\"Primul mesaj al noului primar interimar de la Sectorul 6: \u201eVoi duce mai departe bunele practici\u201d \/ Care spune c\u0103 sunt priorit\u0103\u021bile mandatului s\u0103u - Carpathia Center Romania\",\"isPartOf\":{\"@id\":\"https:\/\/carpathiacenter.ro\/#website\"},\"datePublished\":\"2025-12-30T18:35:39+00:00\",\"breadcrumb\":{\"@id\":\"https:\/\/carpathiacenter.ro\/primul-mesaj-al-noului-primar-interimar-de-la-sectorul-6-voi-duce-mai-departe-bunele-practici-care-spune-ca-sunt-prioritatile-mandatului-sau\/#breadcrumb\"},\"inLanguage\":\"en-GB\",\"potentialAction\":[{\"@type\":\"ReadAction\",\"target\":[\"https:\/\/carpathiacenter.ro\/primul-mesaj-al-noului-primar-interimar-de-la-sectorul-6-voi-duce-mai-departe-bunele-practici-care-spune-ca-sunt-prioritatile-mandatului-sau\/\"]}]},{\"@type\":\"BreadcrumbList\",\"@id\":\"https:\/\/carpathiacenter.ro\/primul-mesaj-al-noului-primar-interimar-de-la-sectorul-6-voi-duce-mai-departe-bunele-practici-care-spune-ca-sunt-prioritatile-mandatului-sau\/#breadcrumb\",\"itemListElement\":[{\"@type\":\"ListItem\",\"position\":1,\"name\":\"Prima pagin\u0103\",\"item\":\"https:\/\/carpathiacenter.ro\/\"},{\"@type\":\"ListItem\",\"position\":2,\"name\":\"Primul mesaj al noului primar interimar de la Sectorul 6: \u201eVoi duce mai departe bunele practici\u201d \/ Care spune c\u0103 sunt priorit\u0103\u021bile mandatului s\u0103u\"}]},{\"@type\":\"WebSite\",\"@id\":\"https:\/\/carpathiacenter.ro\/#website\",\"url\":\"https:\/\/carpathiacenter.ro\/\",\"name\":\"Carpathia Center Romania\",\"description\":\"Impossible made possible!\",\"publisher\":{\"@id\":\"https:\/\/carpathiacenter.ro\/#organization\"},\"potentialAction\":[{\"@type\":\"SearchAction\",\"target\":{\"@type\":\"EntryPoint\",\"urlTemplate\":\"https:\/\/carpathiacenter.ro\/?s={search_term_string}\"},\"query-input\":{\"@type\":\"PropertyValueSpecification\",\"valueRequired\":true,\"valueName\":\"search_term_string\"}}],\"inLanguage\":\"en-GB\"},{\"@type\":\"Organization\",\"@id\":\"https:\/\/carpathiacenter.ro\/#organization\",\"name\":\"Carpathia Center Romania\",\"url\":\"https:\/\/carpathiacenter.ro\/\",\"logo\":{\"@type\":\"ImageObject\",\"inLanguage\":\"en-GB\",\"@id\":\"https:\/\/carpathiacenter.ro\/#\/schema\/logo\/image\/\",\"url\":\"https:\/\/carpathiacenter.ro\/wp-content\/uploads\/2024\/07\/logo-carpathia_bg_white-1024x941.png\",\"contentUrl\":\"https:\/\/carpathiacenter.ro\/wp-content\/uploads\/2024\/07\/logo-carpathia_bg_white-1024x941.png\",\"width\":1024,\"height\":941,\"caption\":\"Carpathia Center Romania\"},\"image\":{\"@id\":\"https:\/\/carpathiacenter.ro\/#\/schema\/logo\/image\/\"},\"sameAs\":[\"https:\/\/www.facebook.com\/fdpscarpathia\/\"]},{\"@type\":\"Person\",\"@id\":\"https:\/\/carpathiacenter.ro\/#\/schema\/person\/03d9f58202fee8379268f34afa195006\",\"name\":\"creativebitsolutions\",\"image\":{\"@type\":\"ImageObject\",\"inLanguage\":\"en-GB\",\"@id\":\"https:\/\/carpathiacenter.ro\/#\/schema\/person\/image\/\",\"url\":\"https:\/\/secure.gravatar.com\/avatar\/1b1a13e37f847c635dab78348f1dff2f07651ee2a3d77a5c355a4b8c75f9165a?s=96&d=mm&r=g\",\"contentUrl\":\"https:\/\/secure.gravatar.com\/avatar\/1b1a13e37f847c635dab78348f1dff2f07651ee2a3d77a5c355a4b8c75f9165a?s=96&d=mm&r=g\",\"caption\":\"creativebitsolutions\"},\"url\":\"https:\/\/carpathiacenter.ro\/en\/author\/creativebitsolutions\/\"}]}<\/script>\n<!-- \/ Yoast SEO plugin. -->","yoast_head_json":{"title":"Primul mesaj al noului primar interimar de la Sectorul 6: \u201eVoi duce mai departe bunele practici\u201d \/ Care spune c\u0103 sunt priorit\u0103\u021bile mandatului s\u0103u - Carpathia Center Romania","robots":{"index":"index","follow":"follow","max-snippet":"max-snippet:-1","max-image-preview":"max-image-preview:large","max-video-preview":"max-video-preview:-1"},"canonical":"https:\/\/carpathiacenter.ro\/en\/primul-mesaj-al-noului-primar-interimar-de-la-sectorul-6-voi-duce-mai-departe-bunele-practici-care-spune-ca-sunt-prioritatile-mandatului-sau\/","og_locale":"en_GB","og_type":"article","og_title":"Primul mesaj al noului primar interimar de la Sectorul 6: \u201eVoi duce mai departe bunele practici\u201d \/ Care spune c\u0103 sunt priorit\u0103\u021bile mandatului s\u0103u - Carpathia Center Romania","og_description":"Paul Moldovan (PNL), p\u00e2n\u0103 acum viceprimar \u00een Sectorul 6, a preluat luni, 29 decembrie, func\u021bia de primar interimar al Sectorului, dup\u0103 ce fostul edil, Ciprian Ciucu, a devenit primar general \u00een urma alegerilor din 7 decembrie. Printre priorit\u0103\u021bi, Moldovan enumer\u0103 spa\u021biile verzi, \u201emai multe str\u0103zi pentru oameni\u201d, \u201elocuri de joac\u0103 moderne \u0219i \u0219coli sigure\u201c. Paul...","og_url":"https:\/\/carpathiacenter.ro\/en\/primul-mesaj-al-noului-primar-interimar-de-la-sectorul-6-voi-duce-mai-departe-bunele-practici-care-spune-ca-sunt-prioritatile-mandatului-sau\/","og_site_name":"Carpathia Center Romania","article_publisher":"https:\/\/www.facebook.com\/fdpscarpathia\/","article_published_time":"2025-12-30T18:35:39+00:00","author":"creativebitsolutions","twitter_card":"summary_large_image","twitter_misc":{"Written by":"creativebitsolutions","Estimated reading time":"2 minutes"},"schema":{"@context":"https:\/\/schema.org","@graph":[{"@type":"Article","@id":"https:\/\/carpathiacenter.ro\/primul-mesaj-al-noului-primar-interimar-de-la-sectorul-6-voi-duce-mai-departe-bunele-practici-care-spune-ca-sunt-prioritatile-mandatului-sau\/#article","isPartOf":{"@id":"https:\/\/carpathiacenter.ro\/primul-mesaj-al-noului-primar-interimar-de-la-sectorul-6-voi-duce-mai-departe-bunele-practici-care-spune-ca-sunt-prioritatile-mandatului-sau\/"},"author":{"name":"creativebitsolutions","@id":"https:\/\/carpathiacenter.ro\/#\/schema\/person\/03d9f58202fee8379268f34afa195006"},"headline":"Primul mesaj al noului primar interimar de la Sectorul 6: \u201eVoi duce mai departe bunele practici\u201d \/ Care spune c\u0103 sunt priorit\u0103\u021bile mandatului s\u0103u","datePublished":"2025-12-30T18:35:39+00:00","mainEntityOfPage":{"@id":"https:\/\/carpathiacenter.ro\/primul-mesaj-al-noului-primar-interimar-de-la-sectorul-6-voi-duce-mai-departe-bunele-practici-care-spune-ca-sunt-prioritatile-mandatului-sau\/"},"wordCount":417,"commentCount":0,"publisher":{"@id":"https:\/\/carpathiacenter.ro\/#organization"},"articleSection":["Uncategorized"],"inLanguage":"en-GB","potentialAction":[{"@type":"CommentAction","name":"Comment","target":["https:\/\/carpathiacenter.ro\/primul-mesaj-al-noului-primar-interimar-de-la-sectorul-6-voi-duce-mai-departe-bunele-practici-care-spune-ca-sunt-prioritatile-mandatului-sau\/#respond"]}]},{"@type":"WebPage","@id":"https:\/\/carpathiacenter.ro\/primul-mesaj-al-noului-primar-interimar-de-la-sectorul-6-voi-duce-mai-departe-bunele-practici-care-spune-ca-sunt-prioritatile-mandatului-sau\/","url":"https:\/\/carpathiacenter.ro\/primul-mesaj-al-noului-primar-interimar-de-la-sectorul-6-voi-duce-mai-departe-bunele-practici-care-spune-ca-sunt-prioritatile-mandatului-sau\/","name":"Primul mesaj al noului primar interimar de la Sectorul 6: \u201eVoi duce mai departe bunele practici\u201d \/ Care spune c\u0103 sunt priorit\u0103\u021bile mandatului s\u0103u - Carpathia Center Romania","isPartOf":{"@id":"https:\/\/carpathiacenter.ro\/#website"},"datePublished":"2025-12-30T18:35:39+00:00","breadcrumb":{"@id":"https:\/\/carpathiacenter.ro\/primul-mesaj-al-noului-primar-interimar-de-la-sectorul-6-voi-duce-mai-departe-bunele-practici-care-spune-ca-sunt-prioritatile-mandatului-sau\/#breadcrumb"},"inLanguage":"en-GB","potentialAction":[{"@type":"ReadAction","target":["https:\/\/carpathiacenter.ro\/primul-mesaj-al-noului-primar-interimar-de-la-sectorul-6-voi-duce-mai-departe-bunele-practici-care-spune-ca-sunt-prioritatile-mandatului-sau\/"]}]},{"@type":"BreadcrumbList","@id":"https:\/\/carpathiacenter.ro\/primul-mesaj-al-noului-primar-interimar-de-la-sectorul-6-voi-duce-mai-departe-bunele-practici-care-spune-ca-sunt-prioritatile-mandatului-sau\/#breadcrumb","itemListElement":[{"@type":"ListItem","position":1,"name":"Prima pagin\u0103","item":"https:\/\/carpathiacenter.ro\/"},{"@type":"ListItem","position":2,"name":"Primul mesaj al noului primar interimar de la Sectorul 6: \u201eVoi duce mai departe bunele practici\u201d \/ Care spune c\u0103 sunt priorit\u0103\u021bile mandatului s\u0103u"}]},{"@type":"WebSite","@id":"https:\/\/carpathiacenter.ro\/#website","url":"https:\/\/carpathiacenter.ro\/","name":"Carpathia Center Romania","description":"Impossible made possible!","publisher":{"@id":"https:\/\/carpathiacenter.ro\/#organization"},"potentialAction":[{"@type":"SearchAction","target":{"@type":"EntryPoint","urlTemplate":"https:\/\/carpathiacenter.ro\/?s={search_term_string}"},"query-input":{"@type":"PropertyValueSpecification","valueRequired":true,"valueName":"search_term_string"}}],"inLanguage":"en-GB"},{"@type":"Organization","@id":"https:\/\/carpathiacenter.ro\/#organization","name":"Carpathia Center Romania","url":"https:\/\/carpathiacenter.ro\/","logo":{"@type":"ImageObject","inLanguage":"en-GB","@id":"https:\/\/carpathiacenter.ro\/#\/schema\/logo\/image\/","url":"https:\/\/carpathiacenter.ro\/wp-content\/uploads\/2024\/07\/logo-carpathia_bg_white-1024x941.png","contentUrl":"https:\/\/carpathiacenter.ro\/wp-content\/uploads\/2024\/07\/logo-carpathia_bg_white-1024x941.png","width":1024,"height":941,"caption":"Carpathia Center Romania"},"image":{"@id":"https:\/\/carpathiacenter.ro\/#\/schema\/logo\/image\/"},"sameAs":["https:\/\/www.facebook.com\/fdpscarpathia\/"]},{"@type":"Person","@id":"https:\/\/carpathiacenter.ro\/#\/schema\/person\/03d9f58202fee8379268f34afa195006","name":"creativebitsolutions","image":{"@type":"ImageObject","inLanguage":"en-GB","@id":"https:\/\/carpathiacenter.ro\/#\/schema\/person\/image\/","url":"https:\/\/secure.gravatar.com\/avatar\/1b1a13e37f847c635dab78348f1dff2f07651ee2a3d77a5c355a4b8c75f9165a?s=96&d=mm&r=g","contentUrl":"https:\/\/secure.gravatar.com\/avatar\/1b1a13e37f847c635dab78348f1dff2f07651ee2a3d77a5c355a4b8c75f9165a?s=96&d=mm&r=g","caption":"creativebitsolutions"},"url":"https:\/\/carpathiacenter.ro\/en\/author\/creativebitsolutions\/"}]}},"_links":{"self":[{"href":"https:\/\/carpathiacenter.ro\/en\/wp-json\/wp\/v2\/posts\/3566","targetHints":{"allow":["GET"]}}],"collection":[{"href":"https:\/\/carpathiacenter.ro\/en\/wp-json\/wp\/v2\/posts"}],"about":[{"href":"https:\/\/carpathiacenter.ro\/en\/wp-json\/wp\/v2\/types\/post"}],"author":[{"embeddable":true,"href":"https:\/\/carpathiacenter.ro\/en\/wp-json\/wp\/v2\/users\/4"}],"replies":[{"embeddable":true,"href":"https:\/\/carpathiacenter.ro\/en\/wp-json\/wp\/v2\/comments?post=3566"}],"version-history":[{"count":1,"href":"https:\/\/carpathiacenter.ro\/en\/wp-json\/wp\/v2\/posts\/3566\/revisions"}],"predecessor-version":[{"id":3568,"href":"https:\/\/carpathiacenter.ro\/en\/wp-json\/wp\/v2\/posts\/3566\/revisions\/3568"}],"wp:attachment":[{"href":"https:\/\/carpathiacenter.ro\/en\/wp-json\/wp\/v2\/media?parent=3566"}],"wp:term":[{"taxonomy":"category","embeddable":true,"href":"https:\/\/carpathiacenter.ro\/en\/wp-json\/wp\/v2\/categories?post=3566"},{"taxonomy":"post_tag","embeddable":true,"href":"https:\/\/carpathiacenter.ro\/en\/wp-json\/wp\/v2\/tags?post=3566"}],"curies":[{"name":"wp","href":"https:\/\/api.w.org\/{rel}","templated":true}]}}