{"id":3559,"date":"2025-12-29T12:38:41","date_gmt":"2025-12-29T12:38:41","guid":{"rendered":"https:\/\/carpathiacenter.ro\/?p=3559"},"modified":"2025-12-29T12:38:47","modified_gmt":"2025-12-29T12:38:47","slug":"cei-4-judecatori-ccr-propusi-de-psd-au-boicotat-si-sedinta-de-luni-in-care-urma-sa-fie-luata-o-decizie-pe-pensiile-magistratilor-cand-a-fost-stabilit-un-nou-termen-toate-reactiile","status":"publish","type":"post","link":"https:\/\/carpathiacenter.ro\/en\/cei-4-judecatori-ccr-propusi-de-psd-au-boicotat-si-sedinta-de-luni-in-care-urma-sa-fie-luata-o-decizie-pe-pensiile-magistratilor-cand-a-fost-stabilit-un-nou-termen-toate-reactiile\/","title":{"rendered":"Cei 4 judec\u0103tori CCR propu\u0219i de PSD au boicotat \u0219i \u0219edin\u021ba de luni \u00een care urma s\u0103 fie luat\u0103 o decizie pe pensiile magistra\u021bilor. C\u00e2nd a fost stabilit un nou termen \/ Toate reac\u021biile"},"content":{"rendered":"<p><strong>Judec\u0103torii CCR nu au luat nici luni o decizie pe legea privind pensiile magistra\u021bilor, pentru c\u0103 cei patru judec\u0103tori propu\u0219i de PSD nu s-au prezentat la \u0219edin\u021b\u0103. Cu o zi \u00een urm\u0103, ei au p\u0103r\u0103sit sala, iar decizia nu a mai putut fi luat\u0103 din lips\u0103 de cvorum. O nou\u0103 \u0219edin\u021b\u0103 a fost stabilit\u0103 pentru 16 ianuarie. Legea Guvernului Bolojan avea termen de intrare \u00een vigoare 1 ianuarie.<\/strong><\/p>\n<div class=\"recommended-articles-block\">\n<div class=\"recommended-articles-header\">https:\/\/hotnews.ro\/ccr-decizia-pensii-magistrati-a-treia-sedinta-2139266<\/div>\n<\/div>","protected":false},"excerpt":{"rendered":"<p>Judec\u0103torii CCR nu au luat nici luni o decizie pe legea privind pensiile magistra\u021bilor, pentru c\u0103 cei patru judec\u0103tori propu\u0219i de PSD nu s-au prezentat la \u0219edin\u021b\u0103. Cu o zi \u00een urm\u0103, ei au p\u0103r\u0103sit sala, iar decizia nu a mai putut fi luat\u0103 din lips\u0103 de cvorum. O nou\u0103 \u0219edin\u021b\u0103 a fost stabilit\u0103 pentru&#8230;<\/p>","protected":false},"author":4,"featured_media":0,"comment_status":"open","ping_status":"open","sticky":false,"template":"","format":"standard","meta":{"footnotes":""},"categories":[1],"tags":[],"class_list":["post-3559","post","type-post","status-publish","format-standard","hentry","category-uncategorized"],"yoast_head":"<!-- This site is optimized with the Yoast SEO plugin v26.1.1 - https:\/\/yoast.com\/wordpress\/plugins\/seo\/ -->\n<title>Cei 4 judec\u0103tori CCR propu\u0219i de PSD au boicotat \u0219i \u0219edin\u021ba de luni \u00een care urma s\u0103 fie luat\u0103 o decizie pe pensiile magistra\u021bilor. C\u00e2nd a fost stabilit un nou termen \/ Toate reac\u021biile - Carpathia Center Romania<\/title>\n<meta name=\"robots\" content=\"index, follow, max-snippet:-1, max-image-preview:large, max-video-preview:-1\" \/>\n<link rel=\"canonical\" href=\"https:\/\/carpathiacenter.ro\/en\/cei-4-judecatori-ccr-propusi-de-psd-au-boicotat-si-sedinta-de-luni-in-care-urma-sa-fie-luata-o-decizie-pe-pensiile-magistratilor-cand-a-fost-stabilit-un-nou-termen-toate-reactiile\/\" \/>\n<meta property=\"og:locale\" content=\"en_GB\" \/>\n<meta property=\"og:type\" content=\"article\" \/>\n<meta property=\"og:title\" content=\"Cei 4 judec\u0103tori CCR propu\u0219i de PSD au boicotat \u0219i \u0219edin\u021ba de luni \u00een care urma s\u0103 fie luat\u0103 o decizie pe pensiile magistra\u021bilor. C\u00e2nd a fost stabilit un nou termen \/ Toate reac\u021biile - Carpathia Center Romania\" \/>\n<meta property=\"og:description\" content=\"Judec\u0103torii CCR nu au luat nici luni o decizie pe legea privind pensiile magistra\u021bilor, pentru c\u0103 cei patru judec\u0103tori propu\u0219i de PSD nu s-au prezentat la \u0219edin\u021b\u0103. Cu o zi \u00een urm\u0103, ei au p\u0103r\u0103sit sala, iar decizia nu a mai putut fi luat\u0103 din lips\u0103 de cvorum. O nou\u0103 \u0219edin\u021b\u0103 a fost stabilit\u0103 pentru...\" \/>\n<meta property=\"og:url\" content=\"https:\/\/carpathiacenter.ro\/en\/cei-4-judecatori-ccr-propusi-de-psd-au-boicotat-si-sedinta-de-luni-in-care-urma-sa-fie-luata-o-decizie-pe-pensiile-magistratilor-cand-a-fost-stabilit-un-nou-termen-toate-reactiile\/\" \/>\n<meta property=\"og:site_name\" content=\"Carpathia Center Romania\" \/>\n<meta property=\"article:publisher\" content=\"https:\/\/www.facebook.com\/fdpscarpathia\/\" \/>\n<meta property=\"article:published_time\" content=\"2025-12-29T12:38:41+00:00\" \/>\n<meta property=\"article:modified_time\" content=\"2025-12-29T12:38:47+00:00\" \/>\n<meta name=\"author\" content=\"creativebitsolutions\" \/>\n<meta name=\"twitter:card\" content=\"summary_large_image\" \/>\n<meta name=\"twitter:label1\" content=\"Written by\" \/>\n\t<meta name=\"twitter:data1\" content=\"creativebitsolutions\" \/>\n\t<meta name=\"twitter:label2\" content=\"Estimated reading time\" \/>\n\t<meta name=\"twitter:data2\" content=\"1 minute\" \/>\n<script type=\"application\/ld+json\" class=\"yoast-schema-graph\">{\"@context\":\"https:\/\/schema.org\",\"@graph\":[{\"@type\":\"Article\",\"@id\":\"https:\/\/carpathiacenter.ro\/cei-4-judecatori-ccr-propusi-de-psd-au-boicotat-si-sedinta-de-luni-in-care-urma-sa-fie-luata-o-decizie-pe-pensiile-magistratilor-cand-a-fost-stabilit-un-nou-termen-toate-reactiile\/#article\",\"isPartOf\":{\"@id\":\"https:\/\/carpathiacenter.ro\/cei-4-judecatori-ccr-propusi-de-psd-au-boicotat-si-sedinta-de-luni-in-care-urma-sa-fie-luata-o-decizie-pe-pensiile-magistratilor-cand-a-fost-stabilit-un-nou-termen-toate-reactiile\/\"},\"author\":{\"name\":\"creativebitsolutions\",\"@id\":\"https:\/\/carpathiacenter.ro\/#\/schema\/person\/03d9f58202fee8379268f34afa195006\"},\"headline\":\"Cei 4 judec\u0103tori CCR propu\u0219i de PSD au boicotat \u0219i \u0219edin\u021ba de luni \u00een care urma s\u0103 fie luat\u0103 o decizie pe pensiile magistra\u021bilor. C\u00e2nd a fost stabilit un nou termen \/ Toate reac\u021biile\",\"datePublished\":\"2025-12-29T12:38:41+00:00\",\"dateModified\":\"2025-12-29T12:38:47+00:00\",\"mainEntityOfPage\":{\"@id\":\"https:\/\/carpathiacenter.ro\/cei-4-judecatori-ccr-propusi-de-psd-au-boicotat-si-sedinta-de-luni-in-care-urma-sa-fie-luata-o-decizie-pe-pensiile-magistratilor-cand-a-fost-stabilit-un-nou-termen-toate-reactiile\/\"},\"wordCount\":114,\"commentCount\":0,\"publisher\":{\"@id\":\"https:\/\/carpathiacenter.ro\/#organization\"},\"articleSection\":[\"Uncategorized\"],\"inLanguage\":\"en-GB\",\"potentialAction\":[{\"@type\":\"CommentAction\",\"name\":\"Comment\",\"target\":[\"https:\/\/carpathiacenter.ro\/cei-4-judecatori-ccr-propusi-de-psd-au-boicotat-si-sedinta-de-luni-in-care-urma-sa-fie-luata-o-decizie-pe-pensiile-magistratilor-cand-a-fost-stabilit-un-nou-termen-toate-reactiile\/#respond\"]}]},{\"@type\":\"WebPage\",\"@id\":\"https:\/\/carpathiacenter.ro\/cei-4-judecatori-ccr-propusi-de-psd-au-boicotat-si-sedinta-de-luni-in-care-urma-sa-fie-luata-o-decizie-pe-pensiile-magistratilor-cand-a-fost-stabilit-un-nou-termen-toate-reactiile\/\",\"url\":\"https:\/\/carpathiacenter.ro\/cei-4-judecatori-ccr-propusi-de-psd-au-boicotat-si-sedinta-de-luni-in-care-urma-sa-fie-luata-o-decizie-pe-pensiile-magistratilor-cand-a-fost-stabilit-un-nou-termen-toate-reactiile\/\",\"name\":\"Cei 4 judec\u0103tori CCR propu\u0219i de PSD au boicotat \u0219i \u0219edin\u021ba de luni \u00een care urma s\u0103 fie luat\u0103 o decizie pe pensiile magistra\u021bilor. C\u00e2nd a fost stabilit un nou termen \/ Toate reac\u021biile - Carpathia Center Romania\",\"isPartOf\":{\"@id\":\"https:\/\/carpathiacenter.ro\/#website\"},\"datePublished\":\"2025-12-29T12:38:41+00:00\",\"dateModified\":\"2025-12-29T12:38:47+00:00\",\"breadcrumb\":{\"@id\":\"https:\/\/carpathiacenter.ro\/cei-4-judecatori-ccr-propusi-de-psd-au-boicotat-si-sedinta-de-luni-in-care-urma-sa-fie-luata-o-decizie-pe-pensiile-magistratilor-cand-a-fost-stabilit-un-nou-termen-toate-reactiile\/#breadcrumb\"},\"inLanguage\":\"en-GB\",\"potentialAction\":[{\"@type\":\"ReadAction\",\"target\":[\"https:\/\/carpathiacenter.ro\/cei-4-judecatori-ccr-propusi-de-psd-au-boicotat-si-sedinta-de-luni-in-care-urma-sa-fie-luata-o-decizie-pe-pensiile-magistratilor-cand-a-fost-stabilit-un-nou-termen-toate-reactiile\/\"]}]},{\"@type\":\"BreadcrumbList\",\"@id\":\"https:\/\/carpathiacenter.ro\/cei-4-judecatori-ccr-propusi-de-psd-au-boicotat-si-sedinta-de-luni-in-care-urma-sa-fie-luata-o-decizie-pe-pensiile-magistratilor-cand-a-fost-stabilit-un-nou-termen-toate-reactiile\/#breadcrumb\",\"itemListElement\":[{\"@type\":\"ListItem\",\"position\":1,\"name\":\"Prima pagin\u0103\",\"item\":\"https:\/\/carpathiacenter.ro\/\"},{\"@type\":\"ListItem\",\"position\":2,\"name\":\"Cei 4 judec\u0103tori CCR propu\u0219i de PSD au boicotat \u0219i \u0219edin\u021ba de luni \u00een care urma s\u0103 fie luat\u0103 o decizie pe pensiile magistra\u021bilor. C\u00e2nd a fost stabilit un nou termen \/ Toate reac\u021biile\"}]},{\"@type\":\"WebSite\",\"@id\":\"https:\/\/carpathiacenter.ro\/#website\",\"url\":\"https:\/\/carpathiacenter.ro\/\",\"name\":\"Carpathia Center Romania\",\"description\":\"Impossible made possible!\",\"publisher\":{\"@id\":\"https:\/\/carpathiacenter.ro\/#organization\"},\"potentialAction\":[{\"@type\":\"SearchAction\",\"target\":{\"@type\":\"EntryPoint\",\"urlTemplate\":\"https:\/\/carpathiacenter.ro\/?s={search_term_string}\"},\"query-input\":{\"@type\":\"PropertyValueSpecification\",\"valueRequired\":true,\"valueName\":\"search_term_string\"}}],\"inLanguage\":\"en-GB\"},{\"@type\":\"Organization\",\"@id\":\"https:\/\/carpathiacenter.ro\/#organization\",\"name\":\"Carpathia Center Romania\",\"url\":\"https:\/\/carpathiacenter.ro\/\",\"logo\":{\"@type\":\"ImageObject\",\"inLanguage\":\"en-GB\",\"@id\":\"https:\/\/carpathiacenter.ro\/#\/schema\/logo\/image\/\",\"url\":\"https:\/\/carpathiacenter.ro\/wp-content\/uploads\/2024\/07\/logo-carpathia_bg_white-1024x941.png\",\"contentUrl\":\"https:\/\/carpathiacenter.ro\/wp-content\/uploads\/2024\/07\/logo-carpathia_bg_white-1024x941.png\",\"width\":1024,\"height\":941,\"caption\":\"Carpathia Center Romania\"},\"image\":{\"@id\":\"https:\/\/carpathiacenter.ro\/#\/schema\/logo\/image\/\"},\"sameAs\":[\"https:\/\/www.facebook.com\/fdpscarpathia\/\"]},{\"@type\":\"Person\",\"@id\":\"https:\/\/carpathiacenter.ro\/#\/schema\/person\/03d9f58202fee8379268f34afa195006\",\"name\":\"creativebitsolutions\",\"image\":{\"@type\":\"ImageObject\",\"inLanguage\":\"en-GB\",\"@id\":\"https:\/\/carpathiacenter.ro\/#\/schema\/person\/image\/\",\"url\":\"https:\/\/secure.gravatar.com\/avatar\/1b1a13e37f847c635dab78348f1dff2f07651ee2a3d77a5c355a4b8c75f9165a?s=96&d=mm&r=g\",\"contentUrl\":\"https:\/\/secure.gravatar.com\/avatar\/1b1a13e37f847c635dab78348f1dff2f07651ee2a3d77a5c355a4b8c75f9165a?s=96&d=mm&r=g\",\"caption\":\"creativebitsolutions\"},\"url\":\"https:\/\/carpathiacenter.ro\/en\/author\/creativebitsolutions\/\"}]}<\/script>\n<!-- \/ Yoast SEO plugin. -->","yoast_head_json":{"title":"Cei 4 judec\u0103tori CCR propu\u0219i de PSD au boicotat \u0219i \u0219edin\u021ba de luni \u00een care urma s\u0103 fie luat\u0103 o decizie pe pensiile magistra\u021bilor. C\u00e2nd a fost stabilit un nou termen \/ Toate reac\u021biile - Carpathia Center Romania","robots":{"index":"index","follow":"follow","max-snippet":"max-snippet:-1","max-image-preview":"max-image-preview:large","max-video-preview":"max-video-preview:-1"},"canonical":"https:\/\/carpathiacenter.ro\/en\/cei-4-judecatori-ccr-propusi-de-psd-au-boicotat-si-sedinta-de-luni-in-care-urma-sa-fie-luata-o-decizie-pe-pensiile-magistratilor-cand-a-fost-stabilit-un-nou-termen-toate-reactiile\/","og_locale":"en_GB","og_type":"article","og_title":"Cei 4 judec\u0103tori CCR propu\u0219i de PSD au boicotat \u0219i \u0219edin\u021ba de luni \u00een care urma s\u0103 fie luat\u0103 o decizie pe pensiile magistra\u021bilor. C\u00e2nd a fost stabilit un nou termen \/ Toate reac\u021biile - Carpathia Center Romania","og_description":"Judec\u0103torii CCR nu au luat nici luni o decizie pe legea privind pensiile magistra\u021bilor, pentru c\u0103 cei patru judec\u0103tori propu\u0219i de PSD nu s-au prezentat la \u0219edin\u021b\u0103. Cu o zi \u00een urm\u0103, ei au p\u0103r\u0103sit sala, iar decizia nu a mai putut fi luat\u0103 din lips\u0103 de cvorum. O nou\u0103 \u0219edin\u021b\u0103 a fost stabilit\u0103 pentru...","og_url":"https:\/\/carpathiacenter.ro\/en\/cei-4-judecatori-ccr-propusi-de-psd-au-boicotat-si-sedinta-de-luni-in-care-urma-sa-fie-luata-o-decizie-pe-pensiile-magistratilor-cand-a-fost-stabilit-un-nou-termen-toate-reactiile\/","og_site_name":"Carpathia Center Romania","article_publisher":"https:\/\/www.facebook.com\/fdpscarpathia\/","article_published_time":"2025-12-29T12:38:41+00:00","article_modified_time":"2025-12-29T12:38:47+00:00","author":"creativebitsolutions","twitter_card":"summary_large_image","twitter_misc":{"Written by":"creativebitsolutions","Estimated reading time":"1 minute"},"schema":{"@context":"https:\/\/schema.org","@graph":[{"@type":"Article","@id":"https:\/\/carpathiacenter.ro\/cei-4-judecatori-ccr-propusi-de-psd-au-boicotat-si-sedinta-de-luni-in-care-urma-sa-fie-luata-o-decizie-pe-pensiile-magistratilor-cand-a-fost-stabilit-un-nou-termen-toate-reactiile\/#article","isPartOf":{"@id":"https:\/\/carpathiacenter.ro\/cei-4-judecatori-ccr-propusi-de-psd-au-boicotat-si-sedinta-de-luni-in-care-urma-sa-fie-luata-o-decizie-pe-pensiile-magistratilor-cand-a-fost-stabilit-un-nou-termen-toate-reactiile\/"},"author":{"name":"creativebitsolutions","@id":"https:\/\/carpathiacenter.ro\/#\/schema\/person\/03d9f58202fee8379268f34afa195006"},"headline":"Cei 4 judec\u0103tori CCR propu\u0219i de PSD au boicotat \u0219i \u0219edin\u021ba de luni \u00een care urma s\u0103 fie luat\u0103 o decizie pe pensiile magistra\u021bilor. C\u00e2nd a fost stabilit un nou termen \/ Toate reac\u021biile","datePublished":"2025-12-29T12:38:41+00:00","dateModified":"2025-12-29T12:38:47+00:00","mainEntityOfPage":{"@id":"https:\/\/carpathiacenter.ro\/cei-4-judecatori-ccr-propusi-de-psd-au-boicotat-si-sedinta-de-luni-in-care-urma-sa-fie-luata-o-decizie-pe-pensiile-magistratilor-cand-a-fost-stabilit-un-nou-termen-toate-reactiile\/"},"wordCount":114,"commentCount":0,"publisher":{"@id":"https:\/\/carpathiacenter.ro\/#organization"},"articleSection":["Uncategorized"],"inLanguage":"en-GB","potentialAction":[{"@type":"CommentAction","name":"Comment","target":["https:\/\/carpathiacenter.ro\/cei-4-judecatori-ccr-propusi-de-psd-au-boicotat-si-sedinta-de-luni-in-care-urma-sa-fie-luata-o-decizie-pe-pensiile-magistratilor-cand-a-fost-stabilit-un-nou-termen-toate-reactiile\/#respond"]}]},{"@type":"WebPage","@id":"https:\/\/carpathiacenter.ro\/cei-4-judecatori-ccr-propusi-de-psd-au-boicotat-si-sedinta-de-luni-in-care-urma-sa-fie-luata-o-decizie-pe-pensiile-magistratilor-cand-a-fost-stabilit-un-nou-termen-toate-reactiile\/","url":"https:\/\/carpathiacenter.ro\/cei-4-judecatori-ccr-propusi-de-psd-au-boicotat-si-sedinta-de-luni-in-care-urma-sa-fie-luata-o-decizie-pe-pensiile-magistratilor-cand-a-fost-stabilit-un-nou-termen-toate-reactiile\/","name":"Cei 4 judec\u0103tori CCR propu\u0219i de PSD au boicotat \u0219i \u0219edin\u021ba de luni \u00een care urma s\u0103 fie luat\u0103 o decizie pe pensiile magistra\u021bilor. C\u00e2nd a fost stabilit un nou termen \/ Toate reac\u021biile - Carpathia Center Romania","isPartOf":{"@id":"https:\/\/carpathiacenter.ro\/#website"},"datePublished":"2025-12-29T12:38:41+00:00","dateModified":"2025-12-29T12:38:47+00:00","breadcrumb":{"@id":"https:\/\/carpathiacenter.ro\/cei-4-judecatori-ccr-propusi-de-psd-au-boicotat-si-sedinta-de-luni-in-care-urma-sa-fie-luata-o-decizie-pe-pensiile-magistratilor-cand-a-fost-stabilit-un-nou-termen-toate-reactiile\/#breadcrumb"},"inLanguage":"en-GB","potentialAction":[{"@type":"ReadAction","target":["https:\/\/carpathiacenter.ro\/cei-4-judecatori-ccr-propusi-de-psd-au-boicotat-si-sedinta-de-luni-in-care-urma-sa-fie-luata-o-decizie-pe-pensiile-magistratilor-cand-a-fost-stabilit-un-nou-termen-toate-reactiile\/"]}]},{"@type":"BreadcrumbList","@id":"https:\/\/carpathiacenter.ro\/cei-4-judecatori-ccr-propusi-de-psd-au-boicotat-si-sedinta-de-luni-in-care-urma-sa-fie-luata-o-decizie-pe-pensiile-magistratilor-cand-a-fost-stabilit-un-nou-termen-toate-reactiile\/#breadcrumb","itemListElement":[{"@type":"ListItem","position":1,"name":"Prima pagin\u0103","item":"https:\/\/carpathiacenter.ro\/"},{"@type":"ListItem","position":2,"name":"Cei 4 judec\u0103tori CCR propu\u0219i de PSD au boicotat \u0219i \u0219edin\u021ba de luni \u00een care urma s\u0103 fie luat\u0103 o decizie pe pensiile magistra\u021bilor. C\u00e2nd a fost stabilit un nou termen \/ Toate reac\u021biile"}]},{"@type":"WebSite","@id":"https:\/\/carpathiacenter.ro\/#website","url":"https:\/\/carpathiacenter.ro\/","name":"Carpathia Center Romania","description":"Impossible made possible!","publisher":{"@id":"https:\/\/carpathiacenter.ro\/#organization"},"potentialAction":[{"@type":"SearchAction","target":{"@type":"EntryPoint","urlTemplate":"https:\/\/carpathiacenter.ro\/?s={search_term_string}"},"query-input":{"@type":"PropertyValueSpecification","valueRequired":true,"valueName":"search_term_string"}}],"inLanguage":"en-GB"},{"@type":"Organization","@id":"https:\/\/carpathiacenter.ro\/#organization","name":"Carpathia Center Romania","url":"https:\/\/carpathiacenter.ro\/","logo":{"@type":"ImageObject","inLanguage":"en-GB","@id":"https:\/\/carpathiacenter.ro\/#\/schema\/logo\/image\/","url":"https:\/\/carpathiacenter.ro\/wp-content\/uploads\/2024\/07\/logo-carpathia_bg_white-1024x941.png","contentUrl":"https:\/\/carpathiacenter.ro\/wp-content\/uploads\/2024\/07\/logo-carpathia_bg_white-1024x941.png","width":1024,"height":941,"caption":"Carpathia Center Romania"},"image":{"@id":"https:\/\/carpathiacenter.ro\/#\/schema\/logo\/image\/"},"sameAs":["https:\/\/www.facebook.com\/fdpscarpathia\/"]},{"@type":"Person","@id":"https:\/\/carpathiacenter.ro\/#\/schema\/person\/03d9f58202fee8379268f34afa195006","name":"creativebitsolutions","image":{"@type":"ImageObject","inLanguage":"en-GB","@id":"https:\/\/carpathiacenter.ro\/#\/schema\/person\/image\/","url":"https:\/\/secure.gravatar.com\/avatar\/1b1a13e37f847c635dab78348f1dff2f07651ee2a3d77a5c355a4b8c75f9165a?s=96&d=mm&r=g","contentUrl":"https:\/\/secure.gravatar.com\/avatar\/1b1a13e37f847c635dab78348f1dff2f07651ee2a3d77a5c355a4b8c75f9165a?s=96&d=mm&r=g","caption":"creativebitsolutions"},"url":"https:\/\/carpathiacenter.ro\/en\/author\/creativebitsolutions\/"}]}},"_links":{"self":[{"href":"https:\/\/carpathiacenter.ro\/en\/wp-json\/wp\/v2\/posts\/3559","targetHints":{"allow":["GET"]}}],"collection":[{"href":"https:\/\/carpathiacenter.ro\/en\/wp-json\/wp\/v2\/posts"}],"about":[{"href":"https:\/\/carpathiacenter.ro\/en\/wp-json\/wp\/v2\/types\/post"}],"author":[{"embeddable":true,"href":"https:\/\/carpathiacenter.ro\/en\/wp-json\/wp\/v2\/users\/4"}],"replies":[{"embeddable":true,"href":"https:\/\/carpathiacenter.ro\/en\/wp-json\/wp\/v2\/comments?post=3559"}],"version-history":[{"count":2,"href":"https:\/\/carpathiacenter.ro\/en\/wp-json\/wp\/v2\/posts\/3559\/revisions"}],"predecessor-version":[{"id":3562,"href":"https:\/\/carpathiacenter.ro\/en\/wp-json\/wp\/v2\/posts\/3559\/revisions\/3562"}],"wp:attachment":[{"href":"https:\/\/carpathiacenter.ro\/en\/wp-json\/wp\/v2\/media?parent=3559"}],"wp:term":[{"taxonomy":"category","embeddable":true,"href":"https:\/\/carpathiacenter.ro\/en\/wp-json\/wp\/v2\/categories?post=3559"},{"taxonomy":"post_tag","embeddable":true,"href":"https:\/\/carpathiacenter.ro\/en\/wp-json\/wp\/v2\/tags?post=3559"}],"curies":[{"name":"wp","href":"https:\/\/api.w.org\/{rel}","templated":true}]}}