{"id":3541,"date":"2025-12-23T11:15:51","date_gmt":"2025-12-23T11:15:51","guid":{"rendered":"https:\/\/carpathiacenter.ro\/?p=3541"},"modified":"2025-12-23T11:16:06","modified_gmt":"2025-12-23T11:16:06","slug":"cat-vor-creste-preturile-rca-in-2026-dupa-ce-de-la-1-iulie-anul-acesta-unii-soferi-au-platit-si-cu-40-mai-mult-desi-n-au-facut-accidente-explicatiile-asf","status":"publish","type":"post","link":"https:\/\/carpathiacenter.ro\/en\/cat-vor-creste-preturile-rca-in-2026-dupa-ce-de-la-1-iulie-anul-acesta-unii-soferi-au-platit-si-cu-40-mai-mult-desi-n-au-facut-accidente-explicatiile-asf\/","title":{"rendered":"C\u00e2t vor cre\u0219te pre\u021burile RCA \u00een 2026, dup\u0103 ce, de la 1 iulie anul acesta, unii \u0219oferi au pl\u0103tit \u0219i cu 40% mai mult, de\u0219i n-au f\u0103cut accidente. Explica\u021biile ASF"},"content":{"rendered":"<article id=\"post-2136316\" class=\"article-single-page cat-color-blue post-2136316 post type-post status-publish format-standard has-post-thumbnail category-actualitate category-asigurari-si-pensii-private category-economie tag-asigurare tag-asigurare-rca tag-rca autori-userid-20\">\n<div class=\"entry-content\">\n<article id=\"post-2136316\" class=\"article-single-page cat-color-blue post-2136316 post type-post status-publish format-standard has-post-thumbnail category-actualitate category-asigurari-si-pensii-private category-economie tag-asigurare tag-asigurare-rca tag-rca autori-userid-20\">\n<div class=\"entry-content\">\n<p><strong>Dou\u0103 treimi dintre \u0219oferii care \u0219i-au re\u00eennoit poli\u021bele RCA, \u00een perioada iulie-septembrie, dup\u0103 eliminarea plafon\u0103rii pre\u021burilor, au pl\u0103tit mai mult dec\u00e2t anul trecut, chiar dac\u0103 n-au f\u0103cut niciun accident, arat\u0103 Autoritatea de Supraveghere Financiar\u0103 (ASF) la cererea HotNews.<\/strong><\/p>\n<ul class=\"wp-block-list\">\n<li>90% dintre poli\u021be la autoturisme persoane fizice sunt sub 2.000 de lei.<\/li>\n<li>\u201e\u00cen 2026 cre\u0219terea va fi probabil, la nivel de pia\u021b\u0103, undeva \u00eentre 5% \u0219i 10%\u201d, crede vicepre\u0219edintele ASF Sorin Mititelu.<\/li>\n<\/ul>\n<p>Cre\u0219terea medie a poli\u021bei RCA a fost \u00een 2024, conform ASF, de 5,5%, dar unii \u0219oferi au pl\u0103tit \u0219i cu 40%. Asta pentru c\u0103, de\u0219i poli\u021ba e individual\u0103, dac\u0103 faci parte dintr-o categorie cu un risc mai mare, pl\u0103te\u0219ti mai mult, spune Sorin Mititelu, vicepre\u0219edintele responsabil de asigur\u0103ri din ASF.<\/p>\n<div id=\"billboard2\" class=\"inserted-position billboard-2\"><\/div>\n<h2 class=\"wp-block-heading\"><strong>C\u00e2t au crescut pre\u021burile RCA dup\u0103 1 iulie 2025. Dou\u0103 cazuri concrete<\/strong><\/h2>\n<p>Explica\u021biile ASF au venit dup\u0103 ce HotNews a prezentat autorit\u0103\u021bii dou\u0103 cazuri concrete \u00een care \u0219oferii au semnalat c\u0103 pre\u021bul RCA a crescut cu 25% \u0219i respectiv 40%, dup\u0103 eliminarea plafon\u0103rii RCA de la 1 iulie 2025.<\/p>\n<p>Ambele situa\u021bii vizeaz\u0103 \u0219oferi care au ma\u0219inile asigurate la Grawe Asigur\u0103ri, unul dintre asigur\u0103torii care practic\u0103 cele mai mici pre\u021buri RCA \u00een Capital\u0103.<\/p>\n<h2 class=\"wp-block-heading\"><strong>Caz 1, clasa B8: De la 1.076 lei pe an la 1.500<\/strong><\/h2>\n<p>O \u0219oferi\u021b\u0103 de 43 de ani din Bucure\u0219ti, aflat\u0103 \u00een cea mai bun\u0103 clas\u0103 B8, f\u0103r\u0103 accidente rutiere, a pl\u0103tit anul trecut la acest asigur\u0103tor suma de 1076 de lei pentru asigurarea pe 12 luni (f\u0103r\u0103 decontare direct\u0103) a unei ma\u0219ini Volkswagen Polo, fabricat\u0103 \u00een 2004, pe motorin\u0103, cu o capacitate cilindric\u0103 de 1422 cm3 \u0219i o putere de 55 KW.<\/p>\n<div id=\"billboard3\" class=\"inserted-position billboard-3\"><\/div>\n<figure class=\"wp-block-image size-large\"><img fetchpriority=\"high\" decoding=\"async\" class=\"wp-image-2136317\" src=\"https:\/\/hotnews.ro\/wp-content\/uploads\/2025\/12\/polita1_da9039.jpg?w=1024\" sizes=\"(max-width: 1024px) 100vw, 1024px\" srcset=\"https:\/\/hotnews.ro\/wp-content\/uploads\/2025\/12\/polita1_da9039.jpg 1738w, https:\/\/hotnews.ro\/wp-content\/uploads\/2025\/12\/polita1_da9039.jpg?resize=300,172 300w, https:\/\/hotnews.ro\/wp-content\/uploads\/2025\/12\/polita1_da9039.jpg?resize=768,441 768w, https:\/\/hotnews.ro\/wp-content\/uploads\/2025\/12\/polita1_da9039.jpg?resize=1024,588 1024w\" alt=\"\" width=\"1024\" height=\"588\" \/><\/figure>\n<p>Cum contractul \u00eei expira la mijlocul lunii noiembrie din acest an, a cerut oferte de la un broker de asigur\u0103ri, dar informa\u021biile primite nu au fost deloc pl\u0103cute.<\/p>\n<p>Cea mai ieftin\u0103 asigurare a fost \u00een continuare la Grawe, doar c\u0103 pre\u021bul RCA pe 12 luni, f\u0103r\u0103 decontare direct\u0103, a s\u0103rit acum la 1500 de lei, de\u0219i nu a avut accidente \u0219i are \u00een continuare clasa B8. Cre\u0219terea este de 40%.<\/p>\n<p>Celelalte oferte au fost:<\/p>\n<div id=\"billboard4\" class=\"inserted-position billboard-4 mobile\"><\/div>\n<ul class=\"wp-block-list\">\n<li>Easy Insure: 1510 lei<\/li>\n<li>Hellas Direct: 1578 de lei<\/li>\n<li>Groupama: 1600 de lei<\/li>\n<li>Asirom: 1664 de lei<\/li>\n<li>Allianz \u021airiac: 1823 de lei<\/li>\n<li>Omniasig: 1872 de lei<\/li>\n<\/ul>\n<figure class=\"wp-block-image size-large\"><img decoding=\"async\" class=\"wp-image-2136318\" src=\"https:\/\/hotnews.ro\/wp-content\/uploads\/2025\/12\/cotatii-polita1_943cdf.jpg?w=1024\" sizes=\"(max-width: 1024px) 100vw, 1024px\" srcset=\"https:\/\/hotnews.ro\/wp-content\/uploads\/2025\/12\/cotatii-polita1_943cdf.jpg 1270w, https:\/\/hotnews.ro\/wp-content\/uploads\/2025\/12\/cotatii-polita1_943cdf.jpg?resize=300,292 300w, https:\/\/hotnews.ro\/wp-content\/uploads\/2025\/12\/cotatii-polita1_943cdf.jpg?resize=768,747 768w, https:\/\/hotnews.ro\/wp-content\/uploads\/2025\/12\/cotatii-polita1_943cdf.jpg?resize=1024,997 1024w\" alt=\"\" width=\"1024\" height=\"997\" \/><\/figure>\n<h2 class=\"wp-block-heading\"><strong>Caz 2, clasa B6: De la 1.438 de lei la 1.800 de lei<\/strong><\/h2>\n<p>Un alt \u0219ofer din Bucure\u0219ti, \u00een v\u00e2rst\u0103 de 46 de ani, asigurat tot la Grawe a avut o experien\u021b\u0103 similar\u0103 la re\u00eennoirea poli\u021bei RCA \u00een aceast\u0103 lun\u0103. De\u0219i nu a avut niciun accident \u0219i a crescut de la clasa B5 la B6, pre\u021bul RCA i-a crescut cu peste 360 de lei.<\/p>\n<p>Mai exact, anul trecut acesta a pl\u0103tit 1438 de lei pentru asigurarea RCA pe 12 luni, f\u0103r\u0103 decontare direct\u0103 a unei ma\u0219ini Opel Astra G din 2006, tot pe motorin\u0103, cu o capacitate de 1686 cm3 \u0219i putere de 59 KW.<\/p>\n<figure class=\"wp-block-image size-large\"><img decoding=\"async\" class=\"wp-image-2136319\" src=\"https:\/\/hotnews.ro\/wp-content\/uploads\/2025\/12\/polita2_b247d6.jpg?w=1024\" sizes=\"(max-width: 1024px) 100vw, 1024px\" srcset=\"https:\/\/hotnews.ro\/wp-content\/uploads\/2025\/12\/polita2_b247d6.jpg 1748w, https:\/\/hotnews.ro\/wp-content\/uploads\/2025\/12\/polita2_b247d6.jpg?resize=300,174 300w, https:\/\/hotnews.ro\/wp-content\/uploads\/2025\/12\/polita2_b247d6.jpg?resize=768,446 768w, https:\/\/hotnews.ro\/wp-content\/uploads\/2025\/12\/polita2_b247d6.jpg?resize=1024,594 1024w\" alt=\"\" width=\"1024\" height=\"594\" \/><\/figure>\n<p>\u00cen luna noiembrie, la re\u00eennoire, cea mai bun\u0103 ofert\u0103 a primit-o tot de la Grawe, doar c\u0103 pre\u021bul a s\u0103rit la 1800 de lei. Cre\u0219terea este de peste 25%.<\/p>\n<p>Urm\u0103toarele sale op\u021biuni au fost:<\/p>\n<div id=\"billboard5\" class=\"inserted-position billboard-5 mobile\"><\/div>\n<ul class=\"wp-block-list\">\n<li>Axeria Iard: 1931 lei<\/li>\n<li>Allianz-\u021airiac: 2089 lei<\/li>\n<li>Easy Insure: 2325 lei<\/li>\n<li>Hellas Direct: 2548 lei<\/li>\n<li>Generali: 2674 lei<\/li>\n<li>Omniasig: 2757 lei<\/li>\n<li>Groupama: 2890 lei<\/li>\n<li>Asirom: 3326 lei<\/li>\n<\/ul>\n<figure class=\"wp-block-image aligncenter size-large\"><img loading=\"lazy\" decoding=\"async\" class=\"wp-image-2136322\" src=\"https:\/\/hotnews.ro\/wp-content\/uploads\/2025\/12\/oferte-polita2_883761.jpg?w=771\" sizes=\"(max-width: 771px) 100vw, 771px\" srcset=\"https:\/\/hotnews.ro\/wp-content\/uploads\/2025\/12\/oferte-polita2_883761.jpg 2060w, https:\/\/hotnews.ro\/wp-content\/uploads\/2025\/12\/oferte-polita2_883761.jpg?resize=226,300 226w, https:\/\/hotnews.ro\/wp-content\/uploads\/2025\/12\/oferte-polita2_883761.jpg?resize=768,1020 768w, https:\/\/hotnews.ro\/wp-content\/uploads\/2025\/12\/oferte-polita2_883761.jpg?resize=771,1024 771w\" alt=\"\" width=\"771\" height=\"1024\" \/><\/figure>\n<h2 class=\"wp-block-heading\"><strong>Explica\u021biile Grawe: Cei doi \u0219oferi fac parte din segmente tarifare diferite<\/strong><\/h2>\n<p>HotNews a prezentat aceste cazuri \u0219i c\u0103tre Grawe. De ce \u0219oferi\u021ba aflat\u0103 \u00een clasa B8 cre\u0219terea a fost de 40%, \u00een timp ce la cel\u0103lalt \u0219ofer pre\u021bul a crescut doar cu 25% de\u0219i era \u00eentr-o clas\u0103 inferioar\u0103, B6.<\/p>\n<p>\u201eDin punctul de vedere al primei de asigurare, cele doua persoane fac parte din segmente tarifare distincte, diferen\u021biate de capacitatea cilindric\u0103. \u00cen ceea ce prive\u0219te clasa de Bonus-Malus, a\u0219a cum se \u0219tie, reprezint\u0103 capacitatea individual\u0103 a \u0219oferului de a produce daune\u201d, au transmis oficialii Grawe.<\/p>\n<p>\u201ePrima de asigurare nu este hot\u0103r\u00e2tor influen\u021bat\u0103 de clasa de Bonus-Malus, asupra ei intervenind \u0219i alte criterii. A\u0219adar, din punctul de vedere al specificului asigur\u0103rilor compara\u021biile nu pot fi f\u0103cute la nivel de conduc\u0103tor auto\u201d, a mai spus Grawe.<\/p>\n<h2 class=\"wp-block-heading\"><strong>Cum a evoluat la Grawe<\/strong><\/h2>\n<p>Dup\u0103 eliminarea plafon\u0103rii de la 1 iulie 2025, pre\u021burile RCA \u00een portofoliul Grawe au evoluat \u00een func\u021bie de evaluarea riscului \u0219i tot pe segmente tarifare, spune compania.<\/p>\n<p>\u201eDe exemplu, exist\u0103 segmente tarifare, clasificate \u00een func\u021bie de persoan\u0103 asigurat\u0103, vehicul, capacitate cilindric\u0103, putere motor etc., pentru care nu am f\u0103cut ajust\u0103ri dup\u0103 ridicarea plafon\u0103rii. Indicatorii de risc sunt monitoriza\u021bi permanent \u0219i ajust\u0103rile, respectiv majorarea sau sc\u0103derea de pre\u021b, se fac \u00een func\u021bie de evolu\u021bia acestora\u201d, au precizat oficialii asigur\u0103torului.<\/p>\n<div id=\"billboard6\" class=\"inserted-position billboard-6 mobile\"><\/div>\n<p>Dup\u0103 ridicarea plafon\u0103rii, prima brut\u0103 medie subscris\u0103 la nivelul \u00eentregului portofoliu de autovehicule a evoluat, la Grawe, \u00eentr-o plaj\u0103 cu sc\u0103deri de p\u00e2n\u0103 la 13% \u0219i cre\u0219teri de p\u00e2n\u0103 la 27%.<\/p>\n<p>Referitor la distribu\u021bia geografic\u0103, \u00een top 5 al zonelor cu cei mai mul\u021bi asigura\u021bi Grawe sunt Bucure\u0219ti \u0219i Ilfov, Bra\u0219ov, Prahova, Constan\u021ba \u0219i Gala\u021bi.<\/p>\n<p>\u201e\u00cen municipiul Bucure\u0219ti avem peste 250.000 de asigura\u021bi \u0219i reprezint\u0103 de departe ora\u0219ul \u00een care avem cele mai multe poli\u021be RCA\u201d, au mai spus oficialii Grawe.<\/p>\n<h2 class=\"wp-block-heading\"><strong>Vicepre\u0219edinte ASF: Fiecare asigurat face parte dintr-un grup. Un pre\u021b mare reflect\u0103 un risc mare<\/strong><\/h2>\n<p>\u00centr-o discu\u021bie cu HotNews, vicepre\u0219edintele ASF, Sorin Mititelu, responsabil de sectorul asigur\u0103rilor, a precizat c\u0103 o explica\u021bie pentru cre\u0219terea cu 40% a pre\u021bului RCA \u00een cazul \u0219oferi\u021bei cu clasa B8 poate fi aceea c\u0103 a fost \u00eencadrat\u0103 \u00eentr-o categorie cu un risc mai mare. Acest risc se reflect\u0103 automat \u00een prima de risc \u0219i \u00een final \u00een tariful practicat de c\u0103tre asigur\u0103torul respectiv.<\/p>\n<p>\u201eFiecare asigurat \u00eenainte de a avea aplicat sistemul Bonus-Manus, face parte dintr-un grup, c\u0103ruia i se calculeaz\u0103 o prim\u0103 de risc, \u00een func\u021bie de care se calculeaz\u0103 tariful acelui segment. Fiecare asigur\u0103tor are propria lui segmentare\u201d, a explicat vicepre\u0219edintele ASF.<\/p>\n<p>\u201eUn pre\u021b mare reflect\u0103 un risc mare. Prima de asigurare reflect\u0103 riscul \u0219i valoarea de desp\u0103gubire. Asigurarea nu este pe individ, ci este pe grupuri. Dac\u0103 cre\u0219te, cre\u0219te valoarea tarifului pe grupul respectiv din care faci parte\u201d.<\/p>\n<p>\u201e\u00cenainte de a fi aplicat bonus-bolus, este un tarif al segmentului din care faci parte. A\u0219a func\u021bioneaz\u0103 o asigurare, prin mutualizare. Dac\u0103 n-ar fi acest grup \u00een care s\u0103 fie colectate primele de la mai mul\u021bi asigura\u021bi \u0219i din care s\u0103 pl\u0103teasc\u0103 mai t\u00e2rziu daunele, n-ar func\u021biona sistemul. \u00cen sensul c\u0103 n-ai avea o contribu\u021bie de valoare relativ mic\u0103 raportat la valorile de desf\u0103gubire pe care ar trebui s\u0103 le pl\u0103te\u0219ti \u00een cazul \u00een care evenimentul se \u00eent\u00e2mpl\u0103 din vina ta\u201d, afirm\u0103 Mititelu.<\/p>\n<div id=\"billboard7\" class=\"inserted-position billboard-7 mobile\"><\/div>\n<h2 class=\"wp-block-heading\"><strong>Cum au evoluat pre\u021burile RCA dup\u0103 1 iulie<\/strong><\/h2>\n<p>Vicepre\u0219edintele ASF a explicat cum au evoluat pre\u021burile RCA \u00een perioada iulie-septembrie, imediat dup\u0103 eliminarea mecanismului de plafonare a tarifelor.<\/p>\n<p>\u201eFaptul c\u0103 putem afirma c\u0103 primele au evoluat \u00eentr-o perioad\u0103 dat\u0103, \u00eentr-un trimestru cu 5%, nu exclude situa\u021bia s\u0103 ai o cre\u0219tere de 30% pe anumite poli\u021be sau pe anumite grupuri mai mici. La fel de bine, sc\u0103deri de 10-20%, de asemenea pe anumite grupuri sau pe un num\u0103r de poli\u021be. Nu se elimin\u0103, nu se contrazice unul cu altul, doar c\u0103 vorbim de lucruri diferite. Pe de o parte vorbim de un indicator care reflect\u0103 situa\u021bia unei mul\u021bimi, a unui grup, iar \u00een cel\u0103lalt caz vorbim de una, dou\u0103, trei, zece poli\u021be\u201d, a explicat vicepre\u0219edintele ASF.<\/p>\n<h2 class=\"wp-block-heading\"><strong>Au analizat 1,5 milioane de poli\u021be<\/strong><\/h2>\n<p>Autoritatea a f\u0103cut o analiz\u0103 a pre\u021burilor RCA la poli\u021bele emise \u00een perioada iulie \u2013 septembrie 2025, imediat dup\u0103 ridicarea mecanismului de plafonare a pre\u021burilor. Este vorba de un portofoliu total de aproximativ 1,5 milioane de poli\u021be.<\/p>\n<p>La nivelul \u00eentregului portofoliu subscris \u00een luna septembrie 2025 de asigur\u0103torii autoriza\u021bi \u0219i supraveghea\u021bi de ASF, prima medie RCA pentru poli\u021bele cu valabilitate 12 luni, convertite, pentru comparabilitate, \u00een clasa de bonus-malus B0, cre\u0219terile consemnate, comparativ cu luna iunie 2025 c\u00e2t \u0219i cu luna septembrie 2024, au fost de sub 5%, arat\u0103 datele autorit\u0103\u021bii.<\/p>\n<h2 class=\"wp-block-heading\"><strong>90% dintre poli\u021be la autoturisme persoane fizice sunt sub 2.000 de lei<\/strong><\/h2>\n<p>\u201ePrima medie la \u00eentreg portofoliul, la finalul septembrie de 2025, a fost de 2.019 lei, iar \u00een iunie, la final, a fost 1.930 de lei. La autoturisme, spre exemplu, a fost 1.866 de lei \u00een septembrie, iar \u00een iunie, la final, era 1.738 de lei. Persoane fizice \u0219i juridice, o cre\u0219tere cam de 7%\u201d, a spus Mititelu.<\/p>\n<p>\u00cen luna septembrie 2025, aproximativ 90% din poli\u021be, pentru categoria autoturisme \u2013 persoane fizice au fost subscrise cu valori de sub 2.000 de lei. Cele mai multe au fost \u00een categoria 1.001-2.000 de lei, aproximativ 49%, iar 41% au avut valori sub 1.000 de lei, potrivit datelor ASF.<\/p>\n<div id=\"billboard8\" class=\"inserted-position billboard-8 mobile\"><\/div>\n<h2 class=\"wp-block-heading\"><strong>Dou\u0103 treimi dintre \u0219oferi au pl\u0103tit mai mult, iar o treime a pl\u0103tit mai pu\u021bin<\/strong><\/h2>\n<p>Din cele 1,5 milioane de poli\u021be RCA emise \u00een trimestrul trei din acest an, un grup de aproximativ 250.000 de poli\u021be RCA a ilustrat cel mai bine evolu\u021bia pre\u021burilor RCA, cre\u0219terea medie fiind de 5,5%.<\/p>\n<p>\u201eSunt poli\u021bele care au ajuns la aniversare, \u00een sensul c\u0103 au fost re\u00eennoite \u00een perioada aceasta, \u0219i care \u0219i-au men\u021binut caracteristicile respectiv: a fost aceea\u0219i perioad\u0103, respectiv 12 luni, aceea\u0219i clas\u0103 de bonus, B8 (f\u0103r\u0103 accidente), ca s\u0103 nu fie nicio alt\u0103 altera\u021bie, \u0219i acelea\u0219i caracteristici ale ma\u0219inii \u0219i ale proprietarului. Acesta este grupul care reflect\u0103, cu adev\u0103rat, care a fost evolu\u021bia pre\u021burilor \u00een pia\u021b\u0103. Undeva spre o treime din toate aceste poli\u021be au \u00eenregistrat sc\u0103deri de pre\u021b \u0219i dou\u0103 treimi au avut cre\u0219teri, dar diferen\u021biat \u0219i aici pe categorii de vehicule\u201d, a afirmat vicepre\u0219edintele ASF.<\/p>\n<p>\u00cen privin\u021ba ponderilor extreme, sc\u0103deri de pre\u021b sub 30% fa\u021b\u0103 de perioada anterioar\u0103 au fost undeva la 2% (\u00een cazul a aproximativ 3900 de poli\u021be), iar cre\u0219teri de pre\u021b de peste 30% au fost \u00een cazul a 5% din poli\u021be (11.700 de poli\u021be).<\/p>\n<h2 class=\"wp-block-heading\"><strong>De ce au crescut pre\u021burile RCA<\/strong><\/h2>\n<p>\u201eMotivele principale ale cre\u0219terilor tarifelor RCA, odat\u0103 cu expirarea de la 1 iulie a prevederilor Hot\u0103r\u00e2rilor de Guvern de stabilire a tarifelor de prim\u0103 maxime RCA, sunt legate de necesitatea alinierii primelor la costurile reale ale daunelor, care au crescut semnificativ \u00een ultimii ani\u201d, men\u021bioneaz\u0103 ASF.<\/p>\n<p>\u201eScumpirea pieselor auto, majorarea costurilor de manoper\u0103 ale unit\u0103\u021bilor reparatorii \u0219i presiunea general\u0103 a infla\u021biei au dus la o cre\u0219tere a valorii medii a daunelor pl\u0103tite\u201d, subliniaz\u0103 autoritatea.<\/p>\n<div id=\"billboard9\" class=\"inserted-position billboard-9 mobile\"><\/div>\n<h2 class=\"wp-block-heading\"><strong>C\u00e2t vor cre\u0219te pre\u021burile RCA \u00een 2026<\/strong><\/h2>\n<p>\u201ePrima medie RCA a crescut cu aproximativ 5% \u00een luna septembrie fa\u021b\u0103 de iunie,\u00a0 dar \u00een niciun caz nu a fost \u0219i de altfel nu ne a\u0219teptam la o cre\u0219tere de dou\u0103 cifre la nivel de pia\u021b\u0103\u201d, a afirmat Mititelu.<\/p>\n<p>Major\u0103ri mai mari de pre\u021b, care au \u021binut cont de nivelul daunalit\u0103\u021bii, au fost la autoturismele de\u021binute de persoanele fizice din Bucure\u0219ti-Ilfov, \u0219i acolo nu pe toate segmentele, ci de regul\u0103 la cele cu putere mic\u0103 \u0219i v\u00e2rst\u0103 mai \u00eenaintat\u0103.<\/p>\n<p>Sc\u0103deri sau stagn\u0103ri au fost identificate \u00een principal pe categoria transport de marf\u0103 cu mas\u0103 mai mare.<\/p>\n<p>\u201e\u00cen esen\u021b\u0103, pia\u021ba a trecut la o stabilire a pre\u021burilor bazate pe risc \u0219i competi\u021bie, rezult\u00e2nd o serie de cre\u0219teri \u0219i stagn\u0103ri, iar pre\u021bul mediu general a indicat o cre\u0219tere de 5,5% pentru poli\u021bele re\u00eennoite\u201d, a spus oficialul ASF.<\/p>\n<p>Dac\u0103 pre\u021bul mediu general a indicat o cre\u0219tere de 5,5% pentru poli\u021bele re\u00eennoite, evolu\u021bia aceasta nu a fost aceea\u0219i \u00een perioada iulie \u2013 septembrie 2025, cre\u0219terile f\u0103c\u00e2ndu-se treptat.<\/p>\n<p>\u201e\u00cen luna iulie a fost o cre\u0219tere mai mic\u0103. \u00cen luna septembrie, pe acest segment de comparabilitate 100%, am putut identifica o cre\u0219tere undeva la 9%. Acesta e un indiciu c\u0103 \u00een 2026 cre\u0219terea va fi probabil, la nivel de pia\u021b\u0103, undeva \u00eentre 5% \u0219i 10%\u201d, a mai precizat vicepre\u0219edintele ASF.<\/p>\n<\/div>\n<\/article>\n<div class=\"meta-bar border-bottom\">\n<div class=\"comments-wrap push-right\">\n<div class=\"stats comments-closed\">Sursa <a href=\"https:\/\/hotnews.ro\/cat-vor-creste-preturile-rca-in-2026-2136316\">https:\/\/hotnews.ro\/cat-vor-creste-preturile-rca-in-2026-2136316<\/a><\/div>\n<\/div>\n<\/div>\n<\/div>\n<\/article>","protected":false},"excerpt":{"rendered":"<p>Dou\u0103 treimi dintre \u0219oferii care \u0219i-au re\u00eennoit poli\u021bele RCA, \u00een perioada iulie-septembrie, dup\u0103 eliminarea plafon\u0103rii pre\u021burilor, au pl\u0103tit mai mult dec\u00e2t anul trecut, chiar dac\u0103 n-au f\u0103cut niciun accident, arat\u0103 Autoritatea de Supraveghere Financiar\u0103 (ASF) la cererea HotNews. 90% dintre poli\u021be la autoturisme persoane fizice sunt sub 2.000 de lei. \u201e\u00cen 2026 cre\u0219terea va fi&#8230;<\/p>","protected":false},"author":4,"featured_media":0,"comment_status":"open","ping_status":"open","sticky":false,"template":"","format":"standard","meta":{"footnotes":""},"categories":[1],"tags":[],"class_list":["post-3541","post","type-post","status-publish","format-standard","hentry","category-uncategorized"],"yoast_head":"<!-- This site is optimized with the Yoast SEO plugin v26.1.1 - https:\/\/yoast.com\/wordpress\/plugins\/seo\/ -->\n<title>C\u00e2t vor cre\u0219te pre\u021burile RCA \u00een 2026, dup\u0103 ce, de la 1 iulie anul acesta, unii \u0219oferi au pl\u0103tit \u0219i cu 40% mai mult, de\u0219i n-au f\u0103cut accidente. Explica\u021biile ASF - Carpathia Center Romania<\/title>\n<meta name=\"robots\" content=\"index, follow, max-snippet:-1, max-image-preview:large, max-video-preview:-1\" \/>\n<link rel=\"canonical\" href=\"https:\/\/carpathiacenter.ro\/en\/cat-vor-creste-preturile-rca-in-2026-dupa-ce-de-la-1-iulie-anul-acesta-unii-soferi-au-platit-si-cu-40-mai-mult-desi-n-au-facut-accidente-explicatiile-asf\/\" \/>\n<meta property=\"og:locale\" content=\"en_GB\" \/>\n<meta property=\"og:type\" content=\"article\" \/>\n<meta property=\"og:title\" content=\"C\u00e2t vor cre\u0219te pre\u021burile RCA \u00een 2026, dup\u0103 ce, de la 1 iulie anul acesta, unii \u0219oferi au pl\u0103tit \u0219i cu 40% mai mult, de\u0219i n-au f\u0103cut accidente. Explica\u021biile ASF - Carpathia Center Romania\" \/>\n<meta property=\"og:description\" content=\"Dou\u0103 treimi dintre \u0219oferii care \u0219i-au re\u00eennoit poli\u021bele RCA, \u00een perioada iulie-septembrie, dup\u0103 eliminarea plafon\u0103rii pre\u021burilor, au pl\u0103tit mai mult dec\u00e2t anul trecut, chiar dac\u0103 n-au f\u0103cut niciun accident, arat\u0103 Autoritatea de Supraveghere Financiar\u0103 (ASF) la cererea HotNews. 90% dintre poli\u021be la autoturisme persoane fizice sunt sub 2.000 de lei. \u201e\u00cen 2026 cre\u0219terea va fi...\" \/>\n<meta property=\"og:url\" content=\"https:\/\/carpathiacenter.ro\/en\/cat-vor-creste-preturile-rca-in-2026-dupa-ce-de-la-1-iulie-anul-acesta-unii-soferi-au-platit-si-cu-40-mai-mult-desi-n-au-facut-accidente-explicatiile-asf\/\" \/>\n<meta property=\"og:site_name\" content=\"Carpathia Center Romania\" \/>\n<meta property=\"article:publisher\" content=\"https:\/\/www.facebook.com\/fdpscarpathia\/\" \/>\n<meta property=\"article:published_time\" content=\"2025-12-23T11:15:51+00:00\" \/>\n<meta property=\"article:modified_time\" content=\"2025-12-23T11:16:06+00:00\" \/>\n<meta name=\"author\" content=\"creativebitsolutions\" \/>\n<meta name=\"twitter:card\" content=\"summary_large_image\" \/>\n<meta name=\"twitter:label1\" content=\"Written by\" \/>\n\t<meta name=\"twitter:data1\" content=\"creativebitsolutions\" \/>\n\t<meta name=\"twitter:label2\" content=\"Estimated reading time\" \/>\n\t<meta name=\"twitter:data2\" content=\"12 minutes\" \/>\n<script type=\"application\/ld+json\" class=\"yoast-schema-graph\">{\"@context\":\"https:\/\/schema.org\",\"@graph\":[{\"@type\":\"Article\",\"@id\":\"https:\/\/carpathiacenter.ro\/cat-vor-creste-preturile-rca-in-2026-dupa-ce-de-la-1-iulie-anul-acesta-unii-soferi-au-platit-si-cu-40-mai-mult-desi-n-au-facut-accidente-explicatiile-asf\/#article\",\"isPartOf\":{\"@id\":\"https:\/\/carpathiacenter.ro\/cat-vor-creste-preturile-rca-in-2026-dupa-ce-de-la-1-iulie-anul-acesta-unii-soferi-au-platit-si-cu-40-mai-mult-desi-n-au-facut-accidente-explicatiile-asf\/\"},\"author\":{\"name\":\"creativebitsolutions\",\"@id\":\"https:\/\/carpathiacenter.ro\/#\/schema\/person\/03d9f58202fee8379268f34afa195006\"},\"headline\":\"C\u00e2t vor cre\u0219te pre\u021burile RCA \u00een 2026, dup\u0103 ce, de la 1 iulie anul acesta, unii \u0219oferi au pl\u0103tit \u0219i cu 40% mai mult, de\u0219i n-au f\u0103cut accidente. Explica\u021biile ASF\",\"datePublished\":\"2025-12-23T11:15:51+00:00\",\"dateModified\":\"2025-12-23T11:16:06+00:00\",\"mainEntityOfPage\":{\"@id\":\"https:\/\/carpathiacenter.ro\/cat-vor-creste-preturile-rca-in-2026-dupa-ce-de-la-1-iulie-anul-acesta-unii-soferi-au-platit-si-cu-40-mai-mult-desi-n-au-facut-accidente-explicatiile-asf\/\"},\"wordCount\":2067,\"commentCount\":0,\"publisher\":{\"@id\":\"https:\/\/carpathiacenter.ro\/#organization\"},\"image\":{\"@id\":\"https:\/\/carpathiacenter.ro\/cat-vor-creste-preturile-rca-in-2026-dupa-ce-de-la-1-iulie-anul-acesta-unii-soferi-au-platit-si-cu-40-mai-mult-desi-n-au-facut-accidente-explicatiile-asf\/#primaryimage\"},\"thumbnailUrl\":\"https:\/\/hotnews.ro\/wp-content\/uploads\/2025\/12\/polita1_da9039.jpg?w=1024\",\"articleSection\":[\"Uncategorized\"],\"inLanguage\":\"en-GB\",\"potentialAction\":[{\"@type\":\"CommentAction\",\"name\":\"Comment\",\"target\":[\"https:\/\/carpathiacenter.ro\/cat-vor-creste-preturile-rca-in-2026-dupa-ce-de-la-1-iulie-anul-acesta-unii-soferi-au-platit-si-cu-40-mai-mult-desi-n-au-facut-accidente-explicatiile-asf\/#respond\"]}]},{\"@type\":\"WebPage\",\"@id\":\"https:\/\/carpathiacenter.ro\/cat-vor-creste-preturile-rca-in-2026-dupa-ce-de-la-1-iulie-anul-acesta-unii-soferi-au-platit-si-cu-40-mai-mult-desi-n-au-facut-accidente-explicatiile-asf\/\",\"url\":\"https:\/\/carpathiacenter.ro\/cat-vor-creste-preturile-rca-in-2026-dupa-ce-de-la-1-iulie-anul-acesta-unii-soferi-au-platit-si-cu-40-mai-mult-desi-n-au-facut-accidente-explicatiile-asf\/\",\"name\":\"C\u00e2t vor cre\u0219te pre\u021burile RCA \u00een 2026, dup\u0103 ce, de la 1 iulie anul acesta, unii \u0219oferi au pl\u0103tit \u0219i cu 40% mai mult, de\u0219i n-au f\u0103cut accidente. Explica\u021biile ASF - Carpathia Center Romania\",\"isPartOf\":{\"@id\":\"https:\/\/carpathiacenter.ro\/#website\"},\"primaryImageOfPage\":{\"@id\":\"https:\/\/carpathiacenter.ro\/cat-vor-creste-preturile-rca-in-2026-dupa-ce-de-la-1-iulie-anul-acesta-unii-soferi-au-platit-si-cu-40-mai-mult-desi-n-au-facut-accidente-explicatiile-asf\/#primaryimage\"},\"image\":{\"@id\":\"https:\/\/carpathiacenter.ro\/cat-vor-creste-preturile-rca-in-2026-dupa-ce-de-la-1-iulie-anul-acesta-unii-soferi-au-platit-si-cu-40-mai-mult-desi-n-au-facut-accidente-explicatiile-asf\/#primaryimage\"},\"thumbnailUrl\":\"https:\/\/hotnews.ro\/wp-content\/uploads\/2025\/12\/polita1_da9039.jpg?w=1024\",\"datePublished\":\"2025-12-23T11:15:51+00:00\",\"dateModified\":\"2025-12-23T11:16:06+00:00\",\"breadcrumb\":{\"@id\":\"https:\/\/carpathiacenter.ro\/cat-vor-creste-preturile-rca-in-2026-dupa-ce-de-la-1-iulie-anul-acesta-unii-soferi-au-platit-si-cu-40-mai-mult-desi-n-au-facut-accidente-explicatiile-asf\/#breadcrumb\"},\"inLanguage\":\"en-GB\",\"potentialAction\":[{\"@type\":\"ReadAction\",\"target\":[\"https:\/\/carpathiacenter.ro\/cat-vor-creste-preturile-rca-in-2026-dupa-ce-de-la-1-iulie-anul-acesta-unii-soferi-au-platit-si-cu-40-mai-mult-desi-n-au-facut-accidente-explicatiile-asf\/\"]}]},{\"@type\":\"ImageObject\",\"inLanguage\":\"en-GB\",\"@id\":\"https:\/\/carpathiacenter.ro\/cat-vor-creste-preturile-rca-in-2026-dupa-ce-de-la-1-iulie-anul-acesta-unii-soferi-au-platit-si-cu-40-mai-mult-desi-n-au-facut-accidente-explicatiile-asf\/#primaryimage\",\"url\":\"https:\/\/hotnews.ro\/wp-content\/uploads\/2025\/12\/polita1_da9039.jpg?w=1024\",\"contentUrl\":\"https:\/\/hotnews.ro\/wp-content\/uploads\/2025\/12\/polita1_da9039.jpg?w=1024\"},{\"@type\":\"BreadcrumbList\",\"@id\":\"https:\/\/carpathiacenter.ro\/cat-vor-creste-preturile-rca-in-2026-dupa-ce-de-la-1-iulie-anul-acesta-unii-soferi-au-platit-si-cu-40-mai-mult-desi-n-au-facut-accidente-explicatiile-asf\/#breadcrumb\",\"itemListElement\":[{\"@type\":\"ListItem\",\"position\":1,\"name\":\"Prima pagin\u0103\",\"item\":\"https:\/\/carpathiacenter.ro\/\"},{\"@type\":\"ListItem\",\"position\":2,\"name\":\"C\u00e2t vor cre\u0219te pre\u021burile RCA \u00een 2026, dup\u0103 ce, de la 1 iulie anul acesta, unii \u0219oferi au pl\u0103tit \u0219i cu 40% mai mult, de\u0219i n-au f\u0103cut accidente. Explica\u021biile ASF\"}]},{\"@type\":\"WebSite\",\"@id\":\"https:\/\/carpathiacenter.ro\/#website\",\"url\":\"https:\/\/carpathiacenter.ro\/\",\"name\":\"Carpathia Center Romania\",\"description\":\"Impossible made possible!\",\"publisher\":{\"@id\":\"https:\/\/carpathiacenter.ro\/#organization\"},\"potentialAction\":[{\"@type\":\"SearchAction\",\"target\":{\"@type\":\"EntryPoint\",\"urlTemplate\":\"https:\/\/carpathiacenter.ro\/?s={search_term_string}\"},\"query-input\":{\"@type\":\"PropertyValueSpecification\",\"valueRequired\":true,\"valueName\":\"search_term_string\"}}],\"inLanguage\":\"en-GB\"},{\"@type\":\"Organization\",\"@id\":\"https:\/\/carpathiacenter.ro\/#organization\",\"name\":\"Carpathia Center Romania\",\"url\":\"https:\/\/carpathiacenter.ro\/\",\"logo\":{\"@type\":\"ImageObject\",\"inLanguage\":\"en-GB\",\"@id\":\"https:\/\/carpathiacenter.ro\/#\/schema\/logo\/image\/\",\"url\":\"https:\/\/carpathiacenter.ro\/wp-content\/uploads\/2024\/07\/logo-carpathia_bg_white-1024x941.png\",\"contentUrl\":\"https:\/\/carpathiacenter.ro\/wp-content\/uploads\/2024\/07\/logo-carpathia_bg_white-1024x941.png\",\"width\":1024,\"height\":941,\"caption\":\"Carpathia Center Romania\"},\"image\":{\"@id\":\"https:\/\/carpathiacenter.ro\/#\/schema\/logo\/image\/\"},\"sameAs\":[\"https:\/\/www.facebook.com\/fdpscarpathia\/\"]},{\"@type\":\"Person\",\"@id\":\"https:\/\/carpathiacenter.ro\/#\/schema\/person\/03d9f58202fee8379268f34afa195006\",\"name\":\"creativebitsolutions\",\"image\":{\"@type\":\"ImageObject\",\"inLanguage\":\"en-GB\",\"@id\":\"https:\/\/carpathiacenter.ro\/#\/schema\/person\/image\/\",\"url\":\"https:\/\/secure.gravatar.com\/avatar\/1b1a13e37f847c635dab78348f1dff2f07651ee2a3d77a5c355a4b8c75f9165a?s=96&d=mm&r=g\",\"contentUrl\":\"https:\/\/secure.gravatar.com\/avatar\/1b1a13e37f847c635dab78348f1dff2f07651ee2a3d77a5c355a4b8c75f9165a?s=96&d=mm&r=g\",\"caption\":\"creativebitsolutions\"},\"url\":\"https:\/\/carpathiacenter.ro\/en\/author\/creativebitsolutions\/\"}]}<\/script>\n<!-- \/ Yoast SEO plugin. -->","yoast_head_json":{"title":"C\u00e2t vor cre\u0219te pre\u021burile RCA \u00een 2026, dup\u0103 ce, de la 1 iulie anul acesta, unii \u0219oferi au pl\u0103tit \u0219i cu 40% mai mult, de\u0219i n-au f\u0103cut accidente. Explica\u021biile ASF - Carpathia Center Romania","robots":{"index":"index","follow":"follow","max-snippet":"max-snippet:-1","max-image-preview":"max-image-preview:large","max-video-preview":"max-video-preview:-1"},"canonical":"https:\/\/carpathiacenter.ro\/en\/cat-vor-creste-preturile-rca-in-2026-dupa-ce-de-la-1-iulie-anul-acesta-unii-soferi-au-platit-si-cu-40-mai-mult-desi-n-au-facut-accidente-explicatiile-asf\/","og_locale":"en_GB","og_type":"article","og_title":"C\u00e2t vor cre\u0219te pre\u021burile RCA \u00een 2026, dup\u0103 ce, de la 1 iulie anul acesta, unii \u0219oferi au pl\u0103tit \u0219i cu 40% mai mult, de\u0219i n-au f\u0103cut accidente. Explica\u021biile ASF - Carpathia Center Romania","og_description":"Dou\u0103 treimi dintre \u0219oferii care \u0219i-au re\u00eennoit poli\u021bele RCA, \u00een perioada iulie-septembrie, dup\u0103 eliminarea plafon\u0103rii pre\u021burilor, au pl\u0103tit mai mult dec\u00e2t anul trecut, chiar dac\u0103 n-au f\u0103cut niciun accident, arat\u0103 Autoritatea de Supraveghere Financiar\u0103 (ASF) la cererea HotNews. 90% dintre poli\u021be la autoturisme persoane fizice sunt sub 2.000 de lei. \u201e\u00cen 2026 cre\u0219terea va fi...","og_url":"https:\/\/carpathiacenter.ro\/en\/cat-vor-creste-preturile-rca-in-2026-dupa-ce-de-la-1-iulie-anul-acesta-unii-soferi-au-platit-si-cu-40-mai-mult-desi-n-au-facut-accidente-explicatiile-asf\/","og_site_name":"Carpathia Center Romania","article_publisher":"https:\/\/www.facebook.com\/fdpscarpathia\/","article_published_time":"2025-12-23T11:15:51+00:00","article_modified_time":"2025-12-23T11:16:06+00:00","author":"creativebitsolutions","twitter_card":"summary_large_image","twitter_misc":{"Written by":"creativebitsolutions","Estimated reading time":"12 minutes"},"schema":{"@context":"https:\/\/schema.org","@graph":[{"@type":"Article","@id":"https:\/\/carpathiacenter.ro\/cat-vor-creste-preturile-rca-in-2026-dupa-ce-de-la-1-iulie-anul-acesta-unii-soferi-au-platit-si-cu-40-mai-mult-desi-n-au-facut-accidente-explicatiile-asf\/#article","isPartOf":{"@id":"https:\/\/carpathiacenter.ro\/cat-vor-creste-preturile-rca-in-2026-dupa-ce-de-la-1-iulie-anul-acesta-unii-soferi-au-platit-si-cu-40-mai-mult-desi-n-au-facut-accidente-explicatiile-asf\/"},"author":{"name":"creativebitsolutions","@id":"https:\/\/carpathiacenter.ro\/#\/schema\/person\/03d9f58202fee8379268f34afa195006"},"headline":"C\u00e2t vor cre\u0219te pre\u021burile RCA \u00een 2026, dup\u0103 ce, de la 1 iulie anul acesta, unii \u0219oferi au pl\u0103tit \u0219i cu 40% mai mult, de\u0219i n-au f\u0103cut accidente. Explica\u021biile ASF","datePublished":"2025-12-23T11:15:51+00:00","dateModified":"2025-12-23T11:16:06+00:00","mainEntityOfPage":{"@id":"https:\/\/carpathiacenter.ro\/cat-vor-creste-preturile-rca-in-2026-dupa-ce-de-la-1-iulie-anul-acesta-unii-soferi-au-platit-si-cu-40-mai-mult-desi-n-au-facut-accidente-explicatiile-asf\/"},"wordCount":2067,"commentCount":0,"publisher":{"@id":"https:\/\/carpathiacenter.ro\/#organization"},"image":{"@id":"https:\/\/carpathiacenter.ro\/cat-vor-creste-preturile-rca-in-2026-dupa-ce-de-la-1-iulie-anul-acesta-unii-soferi-au-platit-si-cu-40-mai-mult-desi-n-au-facut-accidente-explicatiile-asf\/#primaryimage"},"thumbnailUrl":"https:\/\/hotnews.ro\/wp-content\/uploads\/2025\/12\/polita1_da9039.jpg?w=1024","articleSection":["Uncategorized"],"inLanguage":"en-GB","potentialAction":[{"@type":"CommentAction","name":"Comment","target":["https:\/\/carpathiacenter.ro\/cat-vor-creste-preturile-rca-in-2026-dupa-ce-de-la-1-iulie-anul-acesta-unii-soferi-au-platit-si-cu-40-mai-mult-desi-n-au-facut-accidente-explicatiile-asf\/#respond"]}]},{"@type":"WebPage","@id":"https:\/\/carpathiacenter.ro\/cat-vor-creste-preturile-rca-in-2026-dupa-ce-de-la-1-iulie-anul-acesta-unii-soferi-au-platit-si-cu-40-mai-mult-desi-n-au-facut-accidente-explicatiile-asf\/","url":"https:\/\/carpathiacenter.ro\/cat-vor-creste-preturile-rca-in-2026-dupa-ce-de-la-1-iulie-anul-acesta-unii-soferi-au-platit-si-cu-40-mai-mult-desi-n-au-facut-accidente-explicatiile-asf\/","name":"C\u00e2t vor cre\u0219te pre\u021burile RCA \u00een 2026, dup\u0103 ce, de la 1 iulie anul acesta, unii \u0219oferi au pl\u0103tit \u0219i cu 40% mai mult, de\u0219i n-au f\u0103cut accidente. Explica\u021biile ASF - Carpathia Center Romania","isPartOf":{"@id":"https:\/\/carpathiacenter.ro\/#website"},"primaryImageOfPage":{"@id":"https:\/\/carpathiacenter.ro\/cat-vor-creste-preturile-rca-in-2026-dupa-ce-de-la-1-iulie-anul-acesta-unii-soferi-au-platit-si-cu-40-mai-mult-desi-n-au-facut-accidente-explicatiile-asf\/#primaryimage"},"image":{"@id":"https:\/\/carpathiacenter.ro\/cat-vor-creste-preturile-rca-in-2026-dupa-ce-de-la-1-iulie-anul-acesta-unii-soferi-au-platit-si-cu-40-mai-mult-desi-n-au-facut-accidente-explicatiile-asf\/#primaryimage"},"thumbnailUrl":"https:\/\/hotnews.ro\/wp-content\/uploads\/2025\/12\/polita1_da9039.jpg?w=1024","datePublished":"2025-12-23T11:15:51+00:00","dateModified":"2025-12-23T11:16:06+00:00","breadcrumb":{"@id":"https:\/\/carpathiacenter.ro\/cat-vor-creste-preturile-rca-in-2026-dupa-ce-de-la-1-iulie-anul-acesta-unii-soferi-au-platit-si-cu-40-mai-mult-desi-n-au-facut-accidente-explicatiile-asf\/#breadcrumb"},"inLanguage":"en-GB","potentialAction":[{"@type":"ReadAction","target":["https:\/\/carpathiacenter.ro\/cat-vor-creste-preturile-rca-in-2026-dupa-ce-de-la-1-iulie-anul-acesta-unii-soferi-au-platit-si-cu-40-mai-mult-desi-n-au-facut-accidente-explicatiile-asf\/"]}]},{"@type":"ImageObject","inLanguage":"en-GB","@id":"https:\/\/carpathiacenter.ro\/cat-vor-creste-preturile-rca-in-2026-dupa-ce-de-la-1-iulie-anul-acesta-unii-soferi-au-platit-si-cu-40-mai-mult-desi-n-au-facut-accidente-explicatiile-asf\/#primaryimage","url":"https:\/\/hotnews.ro\/wp-content\/uploads\/2025\/12\/polita1_da9039.jpg?w=1024","contentUrl":"https:\/\/hotnews.ro\/wp-content\/uploads\/2025\/12\/polita1_da9039.jpg?w=1024"},{"@type":"BreadcrumbList","@id":"https:\/\/carpathiacenter.ro\/cat-vor-creste-preturile-rca-in-2026-dupa-ce-de-la-1-iulie-anul-acesta-unii-soferi-au-platit-si-cu-40-mai-mult-desi-n-au-facut-accidente-explicatiile-asf\/#breadcrumb","itemListElement":[{"@type":"ListItem","position":1,"name":"Prima pagin\u0103","item":"https:\/\/carpathiacenter.ro\/"},{"@type":"ListItem","position":2,"name":"C\u00e2t vor cre\u0219te pre\u021burile RCA \u00een 2026, dup\u0103 ce, de la 1 iulie anul acesta, unii \u0219oferi au pl\u0103tit \u0219i cu 40% mai mult, de\u0219i n-au f\u0103cut accidente. Explica\u021biile ASF"}]},{"@type":"WebSite","@id":"https:\/\/carpathiacenter.ro\/#website","url":"https:\/\/carpathiacenter.ro\/","name":"Carpathia Center Romania","description":"Impossible made possible!","publisher":{"@id":"https:\/\/carpathiacenter.ro\/#organization"},"potentialAction":[{"@type":"SearchAction","target":{"@type":"EntryPoint","urlTemplate":"https:\/\/carpathiacenter.ro\/?s={search_term_string}"},"query-input":{"@type":"PropertyValueSpecification","valueRequired":true,"valueName":"search_term_string"}}],"inLanguage":"en-GB"},{"@type":"Organization","@id":"https:\/\/carpathiacenter.ro\/#organization","name":"Carpathia Center Romania","url":"https:\/\/carpathiacenter.ro\/","logo":{"@type":"ImageObject","inLanguage":"en-GB","@id":"https:\/\/carpathiacenter.ro\/#\/schema\/logo\/image\/","url":"https:\/\/carpathiacenter.ro\/wp-content\/uploads\/2024\/07\/logo-carpathia_bg_white-1024x941.png","contentUrl":"https:\/\/carpathiacenter.ro\/wp-content\/uploads\/2024\/07\/logo-carpathia_bg_white-1024x941.png","width":1024,"height":941,"caption":"Carpathia Center Romania"},"image":{"@id":"https:\/\/carpathiacenter.ro\/#\/schema\/logo\/image\/"},"sameAs":["https:\/\/www.facebook.com\/fdpscarpathia\/"]},{"@type":"Person","@id":"https:\/\/carpathiacenter.ro\/#\/schema\/person\/03d9f58202fee8379268f34afa195006","name":"creativebitsolutions","image":{"@type":"ImageObject","inLanguage":"en-GB","@id":"https:\/\/carpathiacenter.ro\/#\/schema\/person\/image\/","url":"https:\/\/secure.gravatar.com\/avatar\/1b1a13e37f847c635dab78348f1dff2f07651ee2a3d77a5c355a4b8c75f9165a?s=96&d=mm&r=g","contentUrl":"https:\/\/secure.gravatar.com\/avatar\/1b1a13e37f847c635dab78348f1dff2f07651ee2a3d77a5c355a4b8c75f9165a?s=96&d=mm&r=g","caption":"creativebitsolutions"},"url":"https:\/\/carpathiacenter.ro\/en\/author\/creativebitsolutions\/"}]}},"_links":{"self":[{"href":"https:\/\/carpathiacenter.ro\/en\/wp-json\/wp\/v2\/posts\/3541","targetHints":{"allow":["GET"]}}],"collection":[{"href":"https:\/\/carpathiacenter.ro\/en\/wp-json\/wp\/v2\/posts"}],"about":[{"href":"https:\/\/carpathiacenter.ro\/en\/wp-json\/wp\/v2\/types\/post"}],"author":[{"embeddable":true,"href":"https:\/\/carpathiacenter.ro\/en\/wp-json\/wp\/v2\/users\/4"}],"replies":[{"embeddable":true,"href":"https:\/\/carpathiacenter.ro\/en\/wp-json\/wp\/v2\/comments?post=3541"}],"version-history":[{"count":2,"href":"https:\/\/carpathiacenter.ro\/en\/wp-json\/wp\/v2\/posts\/3541\/revisions"}],"predecessor-version":[{"id":3545,"href":"https:\/\/carpathiacenter.ro\/en\/wp-json\/wp\/v2\/posts\/3541\/revisions\/3545"}],"wp:attachment":[{"href":"https:\/\/carpathiacenter.ro\/en\/wp-json\/wp\/v2\/media?parent=3541"}],"wp:term":[{"taxonomy":"category","embeddable":true,"href":"https:\/\/carpathiacenter.ro\/en\/wp-json\/wp\/v2\/categories?post=3541"},{"taxonomy":"post_tag","embeddable":true,"href":"https:\/\/carpathiacenter.ro\/en\/wp-json\/wp\/v2\/tags?post=3541"}],"curies":[{"name":"wp","href":"https:\/\/api.w.org\/{rel}","templated":true}]}}