{"id":3532,"date":"2025-12-22T11:15:41","date_gmt":"2025-12-22T11:15:41","guid":{"rendered":"https:\/\/carpathiacenter.ro\/?p=3532"},"modified":"2025-12-22T11:15:41","modified_gmt":"2025-12-22T11:15:41","slug":"ministrul-educatiei-intrebat-daca-intentioneaza-sa-plece-din-functie-e-un-lucru-la-care-ma-gandesc-in-aceste-zile","status":"publish","type":"post","link":"https:\/\/carpathiacenter.ro\/en\/ministrul-educatiei-intrebat-daca-intentioneaza-sa-plece-din-functie-e-un-lucru-la-care-ma-gandesc-in-aceste-zile\/","title":{"rendered":"Ministrul Educa\u0163iei, \u00eentrebat dac\u0103 inten\u0163ioneaz\u0103 s\u0103 plece din func\u0163ie: E un lucru la care m\u0103 g\u00e2ndesc \u00een aceste zile"},"content":{"rendered":"<article id=\"post-2135988\" class=\"article-single-page cat-color-blue post-2135988 post type-post status-publish format-standard has-post-thumbnail category-actualitate category-educatie-actualitate autori-userid-320\">\n<div class=\"entry-content\">\n<p><strong>Ministrul Educa\u0163iei, Daniel David, a fost \u00eentrebat la TVR Info dac\u0103 se g\u00e2nde\u015fte s\u0103 plece din func\u0163ie \u00een 2026, el afirm\u00e2nd c\u0103 \u201eeste un lucru la care se g\u00e2nde\u015fte \u00een aceste zile\u201d.<\/strong><\/p>\n<p>\u201eEu v\u0103 spun sincer, eu am venit cu un orizont de c\u00e2teva luni. p\u00e2n\u0103 \u00een luna mai c\u00e2nd trebuia a\u015fezat\u0103 institu\u0163ia preziden\u0163ial\u0103 \u015fi stabilizat\u0103 \u0163ara. Din mai am venit cu ideea c\u0103 r\u0103m\u00e2n p\u00e2n\u0103 c\u00e2nd \u00eencepe \u015fcoala, pentru a ajuta trecerea \u0163\u0103rii prin evalu\u0103rile interna\u0163ionale, c\u0103 ar\u0103ta foarte r\u0103u ca un ministru al celui mai mare sistem bugetar s\u0103 plece \u015fi nu \u015ftiam cum o s\u0103 \u00eenceap\u0103 \u015fcoala dup\u0103 m\u0103surile fiscal-bugetare. Dup\u0103 aceea, ideea era c\u0103 r\u0103m\u00e2n p\u00e2n\u0103 c\u00e2nd Comisia European\u0103 face evaluarea global\u0103 \u015fi o s\u0103 ne spun\u0103 c\u0103 lucrurile sunt ok, fondurile europene nu sunt blocate \u015fi \u0163ara este stabil\u0103\u201d, a r\u0103spuns ministrul Daniel David, dup\u0103 ce a fost \u00eentrebat duminic\u0103 sear\u0103, la TVR Info. dac\u0103 inten\u0163ioneaz\u0103 s\u0103 plece din func\u0163ie \u00een 2026, scrie News.ro.<\/p>\n<p>Daniel David mai afirm\u0103 c\u0103 nu vizeaz\u0103 o carier\u0103 politic\u0103. \u201eN-am \u015fi nu vizez carier\u0103 politic\u0103. Cred c\u0103 mi-am adus contribu\u0163ia \u015fi am tot am\u00e2nat plecarea de foarte multe ori\u201d, a sus\u021binut el.<\/p>\n<p>Ministrul Educa\u0163iei a mai declarat c\u0103 sunt discu\u0163ii \u015fi \u00een aceast\u0103 perioad\u0103 \u015fi a ar\u0103tat c\u0103 \u201eare acest sentiment c\u0103 ar trebui s\u0103 fie un ministru care va lucra la bugetul pe anul viitor\u201d.<\/p>\n<p>\u201eDac\u0103 eu lucrez la bugetul pe anul viitor, ar trebui s\u0103 \u00eemi asum continuarea mandatului. Nu este corect s\u0103 te angajezi, s\u0103 faci un buget pe un an \u015fi dup\u0103 aceea s\u0103 \u00ee\u0163i iei lucrurile \u015fi s\u0103 pleci. A\u015fa c\u0103 nu pot s\u0103 v\u0103 r\u0103spund la aceast\u0103 \u00eentrebare deocamdat\u0103, dar ave\u0163i dreptate c\u0103 e un lucru la care g\u00e2ndesc \u00een aceste zile\u201d, a explicat el.<\/p>\n<div id=\"billboard3\" class=\"inserted-position billboard-3\">Sursa <a href=\"https:\/\/hotnews.ro\/ministrul-educatiei-intrebat-daca-intentioneaza-sa-plece-din-functie-e-un-lucru-la-care-ma-gandesc-in-aceste-zile-2135988\">https:\/\/hotnews.ro\/ministrul-educatiei-intrebat-daca-intentioneaza-sa-plece-din-functie-e-un-lucru-la-care-ma-gandesc-in-aceste-zile-2135988<\/a><\/div>\n<\/div>\n<\/article>","protected":false},"excerpt":{"rendered":"<p>Ministrul Educa\u0163iei, Daniel David, a fost \u00eentrebat la TVR Info dac\u0103 se g\u00e2nde\u015fte s\u0103 plece din func\u0163ie \u00een 2026, el afirm\u00e2nd c\u0103 \u201eeste un lucru la care se g\u00e2nde\u015fte \u00een aceste zile\u201d. \u201eEu v\u0103 spun sincer, eu am venit cu un orizont de c\u00e2teva luni. p\u00e2n\u0103 \u00een luna mai c\u00e2nd trebuia a\u015fezat\u0103 institu\u0163ia preziden\u0163ial\u0103 \u015fi&#8230;<\/p>","protected":false},"author":4,"featured_media":0,"comment_status":"open","ping_status":"open","sticky":false,"template":"","format":"standard","meta":{"footnotes":""},"categories":[1],"tags":[],"class_list":["post-3532","post","type-post","status-publish","format-standard","hentry","category-uncategorized"],"yoast_head":"<!-- This site is optimized with the Yoast SEO plugin v26.1.1 - https:\/\/yoast.com\/wordpress\/plugins\/seo\/ -->\n<title>Ministrul Educa\u0163iei, \u00eentrebat dac\u0103 inten\u0163ioneaz\u0103 s\u0103 plece din func\u0163ie: E un lucru la care m\u0103 g\u00e2ndesc \u00een aceste zile - Carpathia Center Romania<\/title>\n<meta name=\"robots\" content=\"index, follow, max-snippet:-1, max-image-preview:large, max-video-preview:-1\" \/>\n<link rel=\"canonical\" href=\"https:\/\/carpathiacenter.ro\/en\/ministrul-educatiei-intrebat-daca-intentioneaza-sa-plece-din-functie-e-un-lucru-la-care-ma-gandesc-in-aceste-zile\/\" \/>\n<meta property=\"og:locale\" content=\"en_GB\" \/>\n<meta property=\"og:type\" content=\"article\" \/>\n<meta property=\"og:title\" content=\"Ministrul Educa\u0163iei, \u00eentrebat dac\u0103 inten\u0163ioneaz\u0103 s\u0103 plece din func\u0163ie: E un lucru la care m\u0103 g\u00e2ndesc \u00een aceste zile - Carpathia Center Romania\" \/>\n<meta property=\"og:description\" content=\"Ministrul Educa\u0163iei, Daniel David, a fost \u00eentrebat la TVR Info dac\u0103 se g\u00e2nde\u015fte s\u0103 plece din func\u0163ie \u00een 2026, el afirm\u00e2nd c\u0103 \u201eeste un lucru la care se g\u00e2nde\u015fte \u00een aceste zile\u201d. \u201eEu v\u0103 spun sincer, eu am venit cu un orizont de c\u00e2teva luni. p\u00e2n\u0103 \u00een luna mai c\u00e2nd trebuia a\u015fezat\u0103 institu\u0163ia preziden\u0163ial\u0103 \u015fi...\" \/>\n<meta property=\"og:url\" content=\"https:\/\/carpathiacenter.ro\/en\/ministrul-educatiei-intrebat-daca-intentioneaza-sa-plece-din-functie-e-un-lucru-la-care-ma-gandesc-in-aceste-zile\/\" \/>\n<meta property=\"og:site_name\" content=\"Carpathia Center Romania\" \/>\n<meta property=\"article:publisher\" content=\"https:\/\/www.facebook.com\/fdpscarpathia\/\" \/>\n<meta property=\"article:published_time\" content=\"2025-12-22T11:15:41+00:00\" \/>\n<meta name=\"author\" content=\"creativebitsolutions\" \/>\n<meta name=\"twitter:card\" content=\"summary_large_image\" \/>\n<meta name=\"twitter:label1\" content=\"Written by\" \/>\n\t<meta name=\"twitter:data1\" content=\"creativebitsolutions\" \/>\n\t<meta name=\"twitter:label2\" content=\"Estimated reading time\" \/>\n\t<meta name=\"twitter:data2\" content=\"2 minutes\" \/>\n<script type=\"application\/ld+json\" class=\"yoast-schema-graph\">{\"@context\":\"https:\/\/schema.org\",\"@graph\":[{\"@type\":\"Article\",\"@id\":\"https:\/\/carpathiacenter.ro\/ministrul-educatiei-intrebat-daca-intentioneaza-sa-plece-din-functie-e-un-lucru-la-care-ma-gandesc-in-aceste-zile\/#article\",\"isPartOf\":{\"@id\":\"https:\/\/carpathiacenter.ro\/ministrul-educatiei-intrebat-daca-intentioneaza-sa-plece-din-functie-e-un-lucru-la-care-ma-gandesc-in-aceste-zile\/\"},\"author\":{\"name\":\"creativebitsolutions\",\"@id\":\"https:\/\/carpathiacenter.ro\/#\/schema\/person\/03d9f58202fee8379268f34afa195006\"},\"headline\":\"Ministrul Educa\u0163iei, \u00eentrebat dac\u0103 inten\u0163ioneaz\u0103 s\u0103 plece din func\u0163ie: E un lucru la care m\u0103 g\u00e2ndesc \u00een aceste zile\",\"datePublished\":\"2025-12-22T11:15:41+00:00\",\"mainEntityOfPage\":{\"@id\":\"https:\/\/carpathiacenter.ro\/ministrul-educatiei-intrebat-daca-intentioneaza-sa-plece-din-functie-e-un-lucru-la-care-ma-gandesc-in-aceste-zile\/\"},\"wordCount\":357,\"commentCount\":0,\"publisher\":{\"@id\":\"https:\/\/carpathiacenter.ro\/#organization\"},\"articleSection\":[\"Uncategorized\"],\"inLanguage\":\"en-GB\",\"potentialAction\":[{\"@type\":\"CommentAction\",\"name\":\"Comment\",\"target\":[\"https:\/\/carpathiacenter.ro\/ministrul-educatiei-intrebat-daca-intentioneaza-sa-plece-din-functie-e-un-lucru-la-care-ma-gandesc-in-aceste-zile\/#respond\"]}]},{\"@type\":\"WebPage\",\"@id\":\"https:\/\/carpathiacenter.ro\/ministrul-educatiei-intrebat-daca-intentioneaza-sa-plece-din-functie-e-un-lucru-la-care-ma-gandesc-in-aceste-zile\/\",\"url\":\"https:\/\/carpathiacenter.ro\/ministrul-educatiei-intrebat-daca-intentioneaza-sa-plece-din-functie-e-un-lucru-la-care-ma-gandesc-in-aceste-zile\/\",\"name\":\"Ministrul Educa\u0163iei, \u00eentrebat dac\u0103 inten\u0163ioneaz\u0103 s\u0103 plece din func\u0163ie: E un lucru la care m\u0103 g\u00e2ndesc \u00een aceste zile - Carpathia Center Romania\",\"isPartOf\":{\"@id\":\"https:\/\/carpathiacenter.ro\/#website\"},\"datePublished\":\"2025-12-22T11:15:41+00:00\",\"breadcrumb\":{\"@id\":\"https:\/\/carpathiacenter.ro\/ministrul-educatiei-intrebat-daca-intentioneaza-sa-plece-din-functie-e-un-lucru-la-care-ma-gandesc-in-aceste-zile\/#breadcrumb\"},\"inLanguage\":\"en-GB\",\"potentialAction\":[{\"@type\":\"ReadAction\",\"target\":[\"https:\/\/carpathiacenter.ro\/ministrul-educatiei-intrebat-daca-intentioneaza-sa-plece-din-functie-e-un-lucru-la-care-ma-gandesc-in-aceste-zile\/\"]}]},{\"@type\":\"BreadcrumbList\",\"@id\":\"https:\/\/carpathiacenter.ro\/ministrul-educatiei-intrebat-daca-intentioneaza-sa-plece-din-functie-e-un-lucru-la-care-ma-gandesc-in-aceste-zile\/#breadcrumb\",\"itemListElement\":[{\"@type\":\"ListItem\",\"position\":1,\"name\":\"Prima pagin\u0103\",\"item\":\"https:\/\/carpathiacenter.ro\/\"},{\"@type\":\"ListItem\",\"position\":2,\"name\":\"Ministrul Educa\u0163iei, \u00eentrebat dac\u0103 inten\u0163ioneaz\u0103 s\u0103 plece din func\u0163ie: E un lucru la care m\u0103 g\u00e2ndesc \u00een aceste zile\"}]},{\"@type\":\"WebSite\",\"@id\":\"https:\/\/carpathiacenter.ro\/#website\",\"url\":\"https:\/\/carpathiacenter.ro\/\",\"name\":\"Carpathia Center Romania\",\"description\":\"Impossible made possible!\",\"publisher\":{\"@id\":\"https:\/\/carpathiacenter.ro\/#organization\"},\"potentialAction\":[{\"@type\":\"SearchAction\",\"target\":{\"@type\":\"EntryPoint\",\"urlTemplate\":\"https:\/\/carpathiacenter.ro\/?s={search_term_string}\"},\"query-input\":{\"@type\":\"PropertyValueSpecification\",\"valueRequired\":true,\"valueName\":\"search_term_string\"}}],\"inLanguage\":\"en-GB\"},{\"@type\":\"Organization\",\"@id\":\"https:\/\/carpathiacenter.ro\/#organization\",\"name\":\"Carpathia Center Romania\",\"url\":\"https:\/\/carpathiacenter.ro\/\",\"logo\":{\"@type\":\"ImageObject\",\"inLanguage\":\"en-GB\",\"@id\":\"https:\/\/carpathiacenter.ro\/#\/schema\/logo\/image\/\",\"url\":\"https:\/\/carpathiacenter.ro\/wp-content\/uploads\/2024\/07\/logo-carpathia_bg_white-1024x941.png\",\"contentUrl\":\"https:\/\/carpathiacenter.ro\/wp-content\/uploads\/2024\/07\/logo-carpathia_bg_white-1024x941.png\",\"width\":1024,\"height\":941,\"caption\":\"Carpathia Center Romania\"},\"image\":{\"@id\":\"https:\/\/carpathiacenter.ro\/#\/schema\/logo\/image\/\"},\"sameAs\":[\"https:\/\/www.facebook.com\/fdpscarpathia\/\"]},{\"@type\":\"Person\",\"@id\":\"https:\/\/carpathiacenter.ro\/#\/schema\/person\/03d9f58202fee8379268f34afa195006\",\"name\":\"creativebitsolutions\",\"image\":{\"@type\":\"ImageObject\",\"inLanguage\":\"en-GB\",\"@id\":\"https:\/\/carpathiacenter.ro\/#\/schema\/person\/image\/\",\"url\":\"https:\/\/secure.gravatar.com\/avatar\/1b1a13e37f847c635dab78348f1dff2f07651ee2a3d77a5c355a4b8c75f9165a?s=96&d=mm&r=g\",\"contentUrl\":\"https:\/\/secure.gravatar.com\/avatar\/1b1a13e37f847c635dab78348f1dff2f07651ee2a3d77a5c355a4b8c75f9165a?s=96&d=mm&r=g\",\"caption\":\"creativebitsolutions\"},\"url\":\"https:\/\/carpathiacenter.ro\/en\/author\/creativebitsolutions\/\"}]}<\/script>\n<!-- \/ Yoast SEO plugin. -->","yoast_head_json":{"title":"Ministrul Educa\u0163iei, \u00eentrebat dac\u0103 inten\u0163ioneaz\u0103 s\u0103 plece din func\u0163ie: E un lucru la care m\u0103 g\u00e2ndesc \u00een aceste zile - Carpathia Center Romania","robots":{"index":"index","follow":"follow","max-snippet":"max-snippet:-1","max-image-preview":"max-image-preview:large","max-video-preview":"max-video-preview:-1"},"canonical":"https:\/\/carpathiacenter.ro\/en\/ministrul-educatiei-intrebat-daca-intentioneaza-sa-plece-din-functie-e-un-lucru-la-care-ma-gandesc-in-aceste-zile\/","og_locale":"en_GB","og_type":"article","og_title":"Ministrul Educa\u0163iei, \u00eentrebat dac\u0103 inten\u0163ioneaz\u0103 s\u0103 plece din func\u0163ie: E un lucru la care m\u0103 g\u00e2ndesc \u00een aceste zile - Carpathia Center Romania","og_description":"Ministrul Educa\u0163iei, Daniel David, a fost \u00eentrebat la TVR Info dac\u0103 se g\u00e2nde\u015fte s\u0103 plece din func\u0163ie \u00een 2026, el afirm\u00e2nd c\u0103 \u201eeste un lucru la care se g\u00e2nde\u015fte \u00een aceste zile\u201d. \u201eEu v\u0103 spun sincer, eu am venit cu un orizont de c\u00e2teva luni. p\u00e2n\u0103 \u00een luna mai c\u00e2nd trebuia a\u015fezat\u0103 institu\u0163ia preziden\u0163ial\u0103 \u015fi...","og_url":"https:\/\/carpathiacenter.ro\/en\/ministrul-educatiei-intrebat-daca-intentioneaza-sa-plece-din-functie-e-un-lucru-la-care-ma-gandesc-in-aceste-zile\/","og_site_name":"Carpathia Center Romania","article_publisher":"https:\/\/www.facebook.com\/fdpscarpathia\/","article_published_time":"2025-12-22T11:15:41+00:00","author":"creativebitsolutions","twitter_card":"summary_large_image","twitter_misc":{"Written by":"creativebitsolutions","Estimated reading time":"2 minutes"},"schema":{"@context":"https:\/\/schema.org","@graph":[{"@type":"Article","@id":"https:\/\/carpathiacenter.ro\/ministrul-educatiei-intrebat-daca-intentioneaza-sa-plece-din-functie-e-un-lucru-la-care-ma-gandesc-in-aceste-zile\/#article","isPartOf":{"@id":"https:\/\/carpathiacenter.ro\/ministrul-educatiei-intrebat-daca-intentioneaza-sa-plece-din-functie-e-un-lucru-la-care-ma-gandesc-in-aceste-zile\/"},"author":{"name":"creativebitsolutions","@id":"https:\/\/carpathiacenter.ro\/#\/schema\/person\/03d9f58202fee8379268f34afa195006"},"headline":"Ministrul Educa\u0163iei, \u00eentrebat dac\u0103 inten\u0163ioneaz\u0103 s\u0103 plece din func\u0163ie: E un lucru la care m\u0103 g\u00e2ndesc \u00een aceste zile","datePublished":"2025-12-22T11:15:41+00:00","mainEntityOfPage":{"@id":"https:\/\/carpathiacenter.ro\/ministrul-educatiei-intrebat-daca-intentioneaza-sa-plece-din-functie-e-un-lucru-la-care-ma-gandesc-in-aceste-zile\/"},"wordCount":357,"commentCount":0,"publisher":{"@id":"https:\/\/carpathiacenter.ro\/#organization"},"articleSection":["Uncategorized"],"inLanguage":"en-GB","potentialAction":[{"@type":"CommentAction","name":"Comment","target":["https:\/\/carpathiacenter.ro\/ministrul-educatiei-intrebat-daca-intentioneaza-sa-plece-din-functie-e-un-lucru-la-care-ma-gandesc-in-aceste-zile\/#respond"]}]},{"@type":"WebPage","@id":"https:\/\/carpathiacenter.ro\/ministrul-educatiei-intrebat-daca-intentioneaza-sa-plece-din-functie-e-un-lucru-la-care-ma-gandesc-in-aceste-zile\/","url":"https:\/\/carpathiacenter.ro\/ministrul-educatiei-intrebat-daca-intentioneaza-sa-plece-din-functie-e-un-lucru-la-care-ma-gandesc-in-aceste-zile\/","name":"Ministrul Educa\u0163iei, \u00eentrebat dac\u0103 inten\u0163ioneaz\u0103 s\u0103 plece din func\u0163ie: E un lucru la care m\u0103 g\u00e2ndesc \u00een aceste zile - Carpathia Center Romania","isPartOf":{"@id":"https:\/\/carpathiacenter.ro\/#website"},"datePublished":"2025-12-22T11:15:41+00:00","breadcrumb":{"@id":"https:\/\/carpathiacenter.ro\/ministrul-educatiei-intrebat-daca-intentioneaza-sa-plece-din-functie-e-un-lucru-la-care-ma-gandesc-in-aceste-zile\/#breadcrumb"},"inLanguage":"en-GB","potentialAction":[{"@type":"ReadAction","target":["https:\/\/carpathiacenter.ro\/ministrul-educatiei-intrebat-daca-intentioneaza-sa-plece-din-functie-e-un-lucru-la-care-ma-gandesc-in-aceste-zile\/"]}]},{"@type":"BreadcrumbList","@id":"https:\/\/carpathiacenter.ro\/ministrul-educatiei-intrebat-daca-intentioneaza-sa-plece-din-functie-e-un-lucru-la-care-ma-gandesc-in-aceste-zile\/#breadcrumb","itemListElement":[{"@type":"ListItem","position":1,"name":"Prima pagin\u0103","item":"https:\/\/carpathiacenter.ro\/"},{"@type":"ListItem","position":2,"name":"Ministrul Educa\u0163iei, \u00eentrebat dac\u0103 inten\u0163ioneaz\u0103 s\u0103 plece din func\u0163ie: E un lucru la care m\u0103 g\u00e2ndesc \u00een aceste zile"}]},{"@type":"WebSite","@id":"https:\/\/carpathiacenter.ro\/#website","url":"https:\/\/carpathiacenter.ro\/","name":"Carpathia Center Romania","description":"Impossible made possible!","publisher":{"@id":"https:\/\/carpathiacenter.ro\/#organization"},"potentialAction":[{"@type":"SearchAction","target":{"@type":"EntryPoint","urlTemplate":"https:\/\/carpathiacenter.ro\/?s={search_term_string}"},"query-input":{"@type":"PropertyValueSpecification","valueRequired":true,"valueName":"search_term_string"}}],"inLanguage":"en-GB"},{"@type":"Organization","@id":"https:\/\/carpathiacenter.ro\/#organization","name":"Carpathia Center Romania","url":"https:\/\/carpathiacenter.ro\/","logo":{"@type":"ImageObject","inLanguage":"en-GB","@id":"https:\/\/carpathiacenter.ro\/#\/schema\/logo\/image\/","url":"https:\/\/carpathiacenter.ro\/wp-content\/uploads\/2024\/07\/logo-carpathia_bg_white-1024x941.png","contentUrl":"https:\/\/carpathiacenter.ro\/wp-content\/uploads\/2024\/07\/logo-carpathia_bg_white-1024x941.png","width":1024,"height":941,"caption":"Carpathia Center Romania"},"image":{"@id":"https:\/\/carpathiacenter.ro\/#\/schema\/logo\/image\/"},"sameAs":["https:\/\/www.facebook.com\/fdpscarpathia\/"]},{"@type":"Person","@id":"https:\/\/carpathiacenter.ro\/#\/schema\/person\/03d9f58202fee8379268f34afa195006","name":"creativebitsolutions","image":{"@type":"ImageObject","inLanguage":"en-GB","@id":"https:\/\/carpathiacenter.ro\/#\/schema\/person\/image\/","url":"https:\/\/secure.gravatar.com\/avatar\/1b1a13e37f847c635dab78348f1dff2f07651ee2a3d77a5c355a4b8c75f9165a?s=96&d=mm&r=g","contentUrl":"https:\/\/secure.gravatar.com\/avatar\/1b1a13e37f847c635dab78348f1dff2f07651ee2a3d77a5c355a4b8c75f9165a?s=96&d=mm&r=g","caption":"creativebitsolutions"},"url":"https:\/\/carpathiacenter.ro\/en\/author\/creativebitsolutions\/"}]}},"_links":{"self":[{"href":"https:\/\/carpathiacenter.ro\/en\/wp-json\/wp\/v2\/posts\/3532","targetHints":{"allow":["GET"]}}],"collection":[{"href":"https:\/\/carpathiacenter.ro\/en\/wp-json\/wp\/v2\/posts"}],"about":[{"href":"https:\/\/carpathiacenter.ro\/en\/wp-json\/wp\/v2\/types\/post"}],"author":[{"embeddable":true,"href":"https:\/\/carpathiacenter.ro\/en\/wp-json\/wp\/v2\/users\/4"}],"replies":[{"embeddable":true,"href":"https:\/\/carpathiacenter.ro\/en\/wp-json\/wp\/v2\/comments?post=3532"}],"version-history":[{"count":1,"href":"https:\/\/carpathiacenter.ro\/en\/wp-json\/wp\/v2\/posts\/3532\/revisions"}],"predecessor-version":[{"id":3536,"href":"https:\/\/carpathiacenter.ro\/en\/wp-json\/wp\/v2\/posts\/3532\/revisions\/3536"}],"wp:attachment":[{"href":"https:\/\/carpathiacenter.ro\/en\/wp-json\/wp\/v2\/media?parent=3532"}],"wp:term":[{"taxonomy":"category","embeddable":true,"href":"https:\/\/carpathiacenter.ro\/en\/wp-json\/wp\/v2\/categories?post=3532"},{"taxonomy":"post_tag","embeddable":true,"href":"https:\/\/carpathiacenter.ro\/en\/wp-json\/wp\/v2\/tags?post=3532"}],"curies":[{"name":"wp","href":"https:\/\/api.w.org\/{rel}","templated":true}]}}