{"id":3518,"date":"2025-12-17T08:38:31","date_gmt":"2025-12-17T08:38:31","guid":{"rendered":"https:\/\/carpathiacenter.ro\/?p=3518"},"modified":"2025-12-17T08:38:31","modified_gmt":"2025-12-17T08:38:31","slug":"esti-antreprenor-iata-10-schimbari-esentiale-pe-care-pachetul-2-al-guvernului-bolojan-le-aduce-de-la-1-ianuarie-2026","status":"publish","type":"post","link":"https:\/\/carpathiacenter.ro\/en\/esti-antreprenor-iata-10-schimbari-esentiale-pe-care-pachetul-2-al-guvernului-bolojan-le-aduce-de-la-1-ianuarie-2026\/","title":{"rendered":"E\u0219ti antreprenor? Iat\u0103 10 schimb\u0103ri esen\u021biale pe care pachetul 2 al Guvernului Bolojan le aduce de la 1 ianuarie 2026"},"content":{"rendered":"<p><strong>Cel de-al doilea pachet de m\u0103suri fiscale adoptat de Guvernul Bolojan a fost publicat \u00een Monitorul Oficial, astfel c\u0103 de la 1 ianuarie 2026 vor intra \u00een vigoare o serie de modific\u0103ri, printre care \u0219i cele aduse la legea de func\u021bionare a unei companii, din perspectiva capitalului social minim sau  a distribuirii de dividende.<\/strong><\/p>\n<p>J<em>urnalistul Dan Popa trimite \u00een fiecare joi diminea\u021b\u0103 newsletterul \u201eEconoMix\u201d. Dac\u0103 te intereseaz\u0103 finan\u021bele personale \u0219i vrei s\u0103 prime\u0219ti recomand\u0103ri economice, te po\u021bi abona aici:<\/em><\/p>\n<p><strong>Principalele schimb\u0103ri aplicabile pentru antreprenori cu data de 1 ianuarie 2026 sunt: <\/strong><\/p>\n<ul class=\"wp-block-list\">\n<li>Societ\u0103\u021bile care distribuie trimestrial dividende nu pot acorda \u00eemprumuturi ac\u021bionarilor\/asocia\u021bilor sau altor persoane afiliate p\u00e2n\u0103 la momentul regulariz\u0103rii diferen\u021belor realizate din distribuirea dividendelor fa\u021b\u0103 de rezultatele exerci\u021biului financiar;<\/li>\n<\/ul>\n<ul class=\"wp-block-list\">\n<li>Firmele la care activul net contabil \u00eenregistrat pe baza situa\u021biilor financiare anuale este mai mic dec\u00e2t jum\u0103tate din valoarea capitalului social subscris, nu pot restitui ac\u021bionarilor\/asocia\u021bilor sau altor persoane afiliate \u00eemprumuturile luate de la ace\u0219tia. <em>Activul net contabil (ANC) se calculeaz\u0103 ca diferen\u021b\u0103 \u00eentre totalul activelor firmei \u0219i totalul datoriilor sale.\u200b Este suma pe care ar primi-o ac\u021bionarii\/asocia\u021bii \u00een caz de lichidare, dup\u0103 valorificarea tuturor bunurilor \u0219i plata tuturor datoriilor c\u0103tre ter\u021bi<\/em>;<\/li>\n<\/ul>\n<ul class=\"wp-block-list\">\n<li>\u00cen cazul \u00een care nu se respect\u0103 regularizarea de dividende \u0219i se distribuie dividende sau se restituie \u00eemprumuturile c\u00e2nd activul net contabil este sub limita prev\u0103zut\u0103 de lege sau se acord\u0103 \u00eemprumuturi c\u0103tre asocia\u021bi\/ac\u021bionari\/entit\u0103\u021bi afiliate \u00eenainte de regularizarea dividendelor, atunci societatea ce beneficiaz\u0103 de dividende sau \u00eemprumuturi \u00eempreun\u0103 cu ac\u021bionarii\/asocia\u021bii r\u0103spund \u00een solidar \u00een limita dividendelor \u0219i a \u00eemprumuturilor pentru eventualele obliga\u021bii fiscale neachitate \u00eenregistrate la nivelul societ\u0103\u021bii ce a distribuit dividende, a restituit \u00eemprumuturi sau a acordat \u00eemprumuturi. Nerespectarea interdic\u021biilor enumerate anterior se sanc\u021bioneaz\u0103 \u0219i contraven\u021bional cu amend\u0103 de la 10.000 lei la 20.000 lei, ANAF fiind institu\u021bia autorizat\u0103 s\u0103 aplice sanc\u021biunea;<\/li>\n<\/ul>\n<ul class=\"wp-block-list\">\n<li>Se reglementeaz\u0103 situa\u021bia prin care exist\u0103 o pierdere contabil\u0103 \u00eenregistrat\u0103 \u00een exerci\u021biile anterioare \u0219i se inten\u021bioneaz\u0103 doar distribuirea de dividende \u00een perioada curent\u0103. Mai \u00eent\u00e2i se va acoperi pierderea contabil\u0103 din perioada anterioar\u0103, se va constitui rezerva legal\u0103 dac\u0103 nu a fost anterior constituit\u0103 \u0219i abia ulterior se pot distribui dividende;<\/li>\n<\/ul>\n<ul class=\"wp-block-list\">\n<li>Nerespectarea obliga\u021biei societ\u0103\u021bii de a reconstitui activul net contabil la o valoare cel pu\u021bin egal\u0103 cu jum\u0103tate din capitalul social este contraven\u021bie \u0219i se sanc\u021bioneaz\u0103 cu amend\u0103 de la 10.000 lei la 200.000 lei;<\/li>\n<li>\u00cen situa\u021bia \u00een care exist\u0103 pierderi \u00eenregistrate pe baza situa\u021biilor financiare anuale, iar activul net contabil s-a redus la mai pu\u021bin de jum\u0103tate din capitalul social \u0219i, \u00een acela\u0219i timp, societatea are datorii fa\u021b\u0103 de ac\u021bionari sub forma \u00eemprumuturilor sau a altor finan\u021b\u0103ri primite, se impune ca \u00een termen de 2 ani de la sf\u00e2r\u0219itul exerci\u021biului financiar prin care s-a constatat existen\u021ba pierderilor s\u0103 majoreze capitalul social pe seama acestor \u00eemprumuturi. Nerespectarea acestei obliga\u021bii se sanc\u021bioneaz\u0103 contraven\u021bional cu amend\u0103 de la 40.000 lei la 300.000 lei. Aplicarea acestor sanc\u021biuni se va face \u00eencep\u00e2nd cu anul 2027 prin raportare la situa\u021biile financiare care \u00eencep la data de 1 ianuarie 2025 sau ulterior.<\/li>\n<\/ul>\n<ul class=\"wp-block-list\">\n<li>Valoarea minim\u0103 a capitalului social pentru societ\u0103\u021bi nou \u00eenfiin\u021bate este de minim 500 lei. Aceast\u0103 valoare a capitalului social se poate p\u0103stra at\u00e2ta timp c\u00e2t cifra de afaceri a societ\u0103\u021bii este mai mic\u0103 de 400.000 lei. Cifra de afaceri se va identifica prin situa\u021biile financiare anuale ale exerci\u021biului anterior.  Dac\u0103 cifra de afaceri \u00eenregistrat\u0103 \u00een exerci\u021biul anterior dep\u0103\u0219e\u0219te plafonul de 400.000 lei, atunci valoarea capitalului social trebuie s\u0103 fie de minim 5.000 lei. Termenul de majorare a capitalului social este p\u00e2n\u0103 la sf\u00e2r\u0219itul exerci\u021biului financiar anterior celui \u00een care s-a dep\u0103\u0219it plafonul;<\/li>\n<\/ul>\n<ul class=\"wp-block-list\">\n<li>Pentru societ\u0103\u021bile cu r\u0103spundere limitat\u0103 (exclude celelalte forme de societ\u0103\u021bi) \u00eenmatriculate \u0219i existente la intrarea \u00een vigoare a prezentei legi ce au un capital social mai mic dec\u00e2t cel impus prin prezenta lege, termenul de majorare a capitalului social este de maxim 2 ani de la intrarea \u00een vigoare a prezentei legi. Pentru societ\u0103\u021bile cu r\u0103spundere limitat\u0103 ce \u00ee\u0219i majoreaz\u0103 capitalul social p\u00e2n\u0103 la data de 31 decembrie 2026, ce au ca motiva\u021bie doar respectarea prezentei legi, se acord\u0103 o reducere de 50% din tariful de publicare a anun\u021bului \u00een Monitorul Oficial;<\/li>\n<\/ul>\n<ul class=\"wp-block-list\">\n<li>\u00cen cazul \u00een care societatea cu r\u0103spundere limitat\u0103 nu majoreaz\u0103 capitalul social \u00een termenul amintit anterior, sanc\u021biunea este dizolvarea societ\u0103\u021bii fie la cererea ONRC, fie la cererea oric\u0103rei persoane interesate;<\/li>\n<\/ul>\n<p><strong>Not\u0103<\/strong>: exist\u0103 c\u00e2teva excep\u021bii de la aceste reguli \u0219i unele situa\u021bii punctuale c\u00e2nd statul sau unit\u0103\u021bi administrativ-teritoriale sunt ac\u021bionari la astfel de societ\u0103\u021bi. <em>Material realizat cu sprijinul consultantului fiscal Adrian Ben\u021ba.<\/em><\/p>\n<p>Sursa articolului:  <a href=\"https:\/\/hotnews.ro\/esti-antreprenor-iata-10-schimbari-esentiale-pe-care-pachetul-2-al-guvernului-bolojan-le-aduce-de-la-1-ianuarie-2026-2132717\" target=\"_blank\" rel=\"noopener\" title=\"\">https:\/\/hotnews.ro\/esti-antreprenor-iata-10-schimbari-esentiale-pe-care-pachetul-2-al-guvernului-bolojan-le-aduce-de-la-1-ianuarie-2026-2132717<\/a><\/p>","protected":false},"excerpt":{"rendered":"<p>Cel de-al doilea pachet de m\u0103suri fiscale adoptat de Guvernul Bolojan a fost publicat \u00een Monitorul Oficial, astfel c\u0103 de la 1 ianuarie 2026 vor intra \u00een vigoare o serie de modific\u0103ri, printre care \u0219i cele aduse la legea de func\u021bionare a unei companii, din perspectiva capitalului social minim sau a distribuirii de dividende. Jurnalistul&#8230;<\/p>","protected":false},"author":4,"featured_media":0,"comment_status":"open","ping_status":"open","sticky":false,"template":"","format":"standard","meta":{"footnotes":""},"categories":[1],"tags":[],"class_list":["post-3518","post","type-post","status-publish","format-standard","hentry","category-uncategorized"],"yoast_head":"<!-- This site is optimized with the Yoast SEO plugin v26.1.1 - https:\/\/yoast.com\/wordpress\/plugins\/seo\/ -->\n<title>E\u0219ti antreprenor? Iat\u0103 10 schimb\u0103ri esen\u021biale pe care pachetul 2 al Guvernului Bolojan le aduce de la 1 ianuarie 2026 - Carpathia Center Romania<\/title>\n<meta name=\"robots\" content=\"index, follow, max-snippet:-1, max-image-preview:large, max-video-preview:-1\" \/>\n<link rel=\"canonical\" href=\"https:\/\/carpathiacenter.ro\/en\/esti-antreprenor-iata-10-schimbari-esentiale-pe-care-pachetul-2-al-guvernului-bolojan-le-aduce-de-la-1-ianuarie-2026\/\" \/>\n<meta property=\"og:locale\" content=\"en_GB\" \/>\n<meta property=\"og:type\" content=\"article\" \/>\n<meta property=\"og:title\" content=\"E\u0219ti antreprenor? Iat\u0103 10 schimb\u0103ri esen\u021biale pe care pachetul 2 al Guvernului Bolojan le aduce de la 1 ianuarie 2026 - Carpathia Center Romania\" \/>\n<meta property=\"og:description\" content=\"Cel de-al doilea pachet de m\u0103suri fiscale adoptat de Guvernul Bolojan a fost publicat \u00een Monitorul Oficial, astfel c\u0103 de la 1 ianuarie 2026 vor intra \u00een vigoare o serie de modific\u0103ri, printre care \u0219i cele aduse la legea de func\u021bionare a unei companii, din perspectiva capitalului social minim sau a distribuirii de dividende. Jurnalistul...\" \/>\n<meta property=\"og:url\" content=\"https:\/\/carpathiacenter.ro\/en\/esti-antreprenor-iata-10-schimbari-esentiale-pe-care-pachetul-2-al-guvernului-bolojan-le-aduce-de-la-1-ianuarie-2026\/\" \/>\n<meta property=\"og:site_name\" content=\"Carpathia Center Romania\" \/>\n<meta property=\"article:publisher\" content=\"https:\/\/www.facebook.com\/fdpscarpathia\/\" \/>\n<meta property=\"article:published_time\" content=\"2025-12-17T08:38:31+00:00\" \/>\n<meta name=\"author\" content=\"creativebitsolutions\" \/>\n<meta name=\"twitter:card\" content=\"summary_large_image\" \/>\n<meta name=\"twitter:label1\" content=\"Written by\" \/>\n\t<meta name=\"twitter:data1\" content=\"creativebitsolutions\" \/>\n\t<meta name=\"twitter:label2\" content=\"Estimated reading time\" \/>\n\t<meta name=\"twitter:data2\" content=\"5 minutes\" \/>\n<script type=\"application\/ld+json\" class=\"yoast-schema-graph\">{\"@context\":\"https:\/\/schema.org\",\"@graph\":[{\"@type\":\"Article\",\"@id\":\"https:\/\/carpathiacenter.ro\/esti-antreprenor-iata-10-schimbari-esentiale-pe-care-pachetul-2-al-guvernului-bolojan-le-aduce-de-la-1-ianuarie-2026\/#article\",\"isPartOf\":{\"@id\":\"https:\/\/carpathiacenter.ro\/esti-antreprenor-iata-10-schimbari-esentiale-pe-care-pachetul-2-al-guvernului-bolojan-le-aduce-de-la-1-ianuarie-2026\/\"},\"author\":{\"name\":\"creativebitsolutions\",\"@id\":\"https:\/\/carpathiacenter.ro\/#\/schema\/person\/03d9f58202fee8379268f34afa195006\"},\"headline\":\"E\u0219ti antreprenor? Iat\u0103 10 schimb\u0103ri esen\u021biale pe care pachetul 2 al Guvernului Bolojan le aduce de la 1 ianuarie 2026\",\"datePublished\":\"2025-12-17T08:38:31+00:00\",\"mainEntityOfPage\":{\"@id\":\"https:\/\/carpathiacenter.ro\/esti-antreprenor-iata-10-schimbari-esentiale-pe-care-pachetul-2-al-guvernului-bolojan-le-aduce-de-la-1-ianuarie-2026\/\"},\"wordCount\":853,\"commentCount\":0,\"publisher\":{\"@id\":\"https:\/\/carpathiacenter.ro\/#organization\"},\"articleSection\":[\"Uncategorized\"],\"inLanguage\":\"en-GB\",\"potentialAction\":[{\"@type\":\"CommentAction\",\"name\":\"Comment\",\"target\":[\"https:\/\/carpathiacenter.ro\/esti-antreprenor-iata-10-schimbari-esentiale-pe-care-pachetul-2-al-guvernului-bolojan-le-aduce-de-la-1-ianuarie-2026\/#respond\"]}]},{\"@type\":\"WebPage\",\"@id\":\"https:\/\/carpathiacenter.ro\/esti-antreprenor-iata-10-schimbari-esentiale-pe-care-pachetul-2-al-guvernului-bolojan-le-aduce-de-la-1-ianuarie-2026\/\",\"url\":\"https:\/\/carpathiacenter.ro\/esti-antreprenor-iata-10-schimbari-esentiale-pe-care-pachetul-2-al-guvernului-bolojan-le-aduce-de-la-1-ianuarie-2026\/\",\"name\":\"E\u0219ti antreprenor? Iat\u0103 10 schimb\u0103ri esen\u021biale pe care pachetul 2 al Guvernului Bolojan le aduce de la 1 ianuarie 2026 - Carpathia Center Romania\",\"isPartOf\":{\"@id\":\"https:\/\/carpathiacenter.ro\/#website\"},\"datePublished\":\"2025-12-17T08:38:31+00:00\",\"breadcrumb\":{\"@id\":\"https:\/\/carpathiacenter.ro\/esti-antreprenor-iata-10-schimbari-esentiale-pe-care-pachetul-2-al-guvernului-bolojan-le-aduce-de-la-1-ianuarie-2026\/#breadcrumb\"},\"inLanguage\":\"en-GB\",\"potentialAction\":[{\"@type\":\"ReadAction\",\"target\":[\"https:\/\/carpathiacenter.ro\/esti-antreprenor-iata-10-schimbari-esentiale-pe-care-pachetul-2-al-guvernului-bolojan-le-aduce-de-la-1-ianuarie-2026\/\"]}]},{\"@type\":\"BreadcrumbList\",\"@id\":\"https:\/\/carpathiacenter.ro\/esti-antreprenor-iata-10-schimbari-esentiale-pe-care-pachetul-2-al-guvernului-bolojan-le-aduce-de-la-1-ianuarie-2026\/#breadcrumb\",\"itemListElement\":[{\"@type\":\"ListItem\",\"position\":1,\"name\":\"Prima pagin\u0103\",\"item\":\"https:\/\/carpathiacenter.ro\/\"},{\"@type\":\"ListItem\",\"position\":2,\"name\":\"E\u0219ti antreprenor? Iat\u0103 10 schimb\u0103ri esen\u021biale pe care pachetul 2 al Guvernului Bolojan le aduce de la 1 ianuarie 2026\"}]},{\"@type\":\"WebSite\",\"@id\":\"https:\/\/carpathiacenter.ro\/#website\",\"url\":\"https:\/\/carpathiacenter.ro\/\",\"name\":\"Carpathia Center Romania\",\"description\":\"Impossible made possible!\",\"publisher\":{\"@id\":\"https:\/\/carpathiacenter.ro\/#organization\"},\"potentialAction\":[{\"@type\":\"SearchAction\",\"target\":{\"@type\":\"EntryPoint\",\"urlTemplate\":\"https:\/\/carpathiacenter.ro\/?s={search_term_string}\"},\"query-input\":{\"@type\":\"PropertyValueSpecification\",\"valueRequired\":true,\"valueName\":\"search_term_string\"}}],\"inLanguage\":\"en-GB\"},{\"@type\":\"Organization\",\"@id\":\"https:\/\/carpathiacenter.ro\/#organization\",\"name\":\"Carpathia Center Romania\",\"url\":\"https:\/\/carpathiacenter.ro\/\",\"logo\":{\"@type\":\"ImageObject\",\"inLanguage\":\"en-GB\",\"@id\":\"https:\/\/carpathiacenter.ro\/#\/schema\/logo\/image\/\",\"url\":\"https:\/\/carpathiacenter.ro\/wp-content\/uploads\/2024\/07\/logo-carpathia_bg_white-1024x941.png\",\"contentUrl\":\"https:\/\/carpathiacenter.ro\/wp-content\/uploads\/2024\/07\/logo-carpathia_bg_white-1024x941.png\",\"width\":1024,\"height\":941,\"caption\":\"Carpathia Center Romania\"},\"image\":{\"@id\":\"https:\/\/carpathiacenter.ro\/#\/schema\/logo\/image\/\"},\"sameAs\":[\"https:\/\/www.facebook.com\/fdpscarpathia\/\"]},{\"@type\":\"Person\",\"@id\":\"https:\/\/carpathiacenter.ro\/#\/schema\/person\/03d9f58202fee8379268f34afa195006\",\"name\":\"creativebitsolutions\",\"image\":{\"@type\":\"ImageObject\",\"inLanguage\":\"en-GB\",\"@id\":\"https:\/\/carpathiacenter.ro\/#\/schema\/person\/image\/\",\"url\":\"https:\/\/secure.gravatar.com\/avatar\/1b1a13e37f847c635dab78348f1dff2f07651ee2a3d77a5c355a4b8c75f9165a?s=96&d=mm&r=g\",\"contentUrl\":\"https:\/\/secure.gravatar.com\/avatar\/1b1a13e37f847c635dab78348f1dff2f07651ee2a3d77a5c355a4b8c75f9165a?s=96&d=mm&r=g\",\"caption\":\"creativebitsolutions\"},\"url\":\"https:\/\/carpathiacenter.ro\/en\/author\/creativebitsolutions\/\"}]}<\/script>\n<!-- \/ Yoast SEO plugin. -->","yoast_head_json":{"title":"E\u0219ti antreprenor? Iat\u0103 10 schimb\u0103ri esen\u021biale pe care pachetul 2 al Guvernului Bolojan le aduce de la 1 ianuarie 2026 - Carpathia Center Romania","robots":{"index":"index","follow":"follow","max-snippet":"max-snippet:-1","max-image-preview":"max-image-preview:large","max-video-preview":"max-video-preview:-1"},"canonical":"https:\/\/carpathiacenter.ro\/en\/esti-antreprenor-iata-10-schimbari-esentiale-pe-care-pachetul-2-al-guvernului-bolojan-le-aduce-de-la-1-ianuarie-2026\/","og_locale":"en_GB","og_type":"article","og_title":"E\u0219ti antreprenor? Iat\u0103 10 schimb\u0103ri esen\u021biale pe care pachetul 2 al Guvernului Bolojan le aduce de la 1 ianuarie 2026 - Carpathia Center Romania","og_description":"Cel de-al doilea pachet de m\u0103suri fiscale adoptat de Guvernul Bolojan a fost publicat \u00een Monitorul Oficial, astfel c\u0103 de la 1 ianuarie 2026 vor intra \u00een vigoare o serie de modific\u0103ri, printre care \u0219i cele aduse la legea de func\u021bionare a unei companii, din perspectiva capitalului social minim sau a distribuirii de dividende. Jurnalistul...","og_url":"https:\/\/carpathiacenter.ro\/en\/esti-antreprenor-iata-10-schimbari-esentiale-pe-care-pachetul-2-al-guvernului-bolojan-le-aduce-de-la-1-ianuarie-2026\/","og_site_name":"Carpathia Center Romania","article_publisher":"https:\/\/www.facebook.com\/fdpscarpathia\/","article_published_time":"2025-12-17T08:38:31+00:00","author":"creativebitsolutions","twitter_card":"summary_large_image","twitter_misc":{"Written by":"creativebitsolutions","Estimated reading time":"5 minutes"},"schema":{"@context":"https:\/\/schema.org","@graph":[{"@type":"Article","@id":"https:\/\/carpathiacenter.ro\/esti-antreprenor-iata-10-schimbari-esentiale-pe-care-pachetul-2-al-guvernului-bolojan-le-aduce-de-la-1-ianuarie-2026\/#article","isPartOf":{"@id":"https:\/\/carpathiacenter.ro\/esti-antreprenor-iata-10-schimbari-esentiale-pe-care-pachetul-2-al-guvernului-bolojan-le-aduce-de-la-1-ianuarie-2026\/"},"author":{"name":"creativebitsolutions","@id":"https:\/\/carpathiacenter.ro\/#\/schema\/person\/03d9f58202fee8379268f34afa195006"},"headline":"E\u0219ti antreprenor? Iat\u0103 10 schimb\u0103ri esen\u021biale pe care pachetul 2 al Guvernului Bolojan le aduce de la 1 ianuarie 2026","datePublished":"2025-12-17T08:38:31+00:00","mainEntityOfPage":{"@id":"https:\/\/carpathiacenter.ro\/esti-antreprenor-iata-10-schimbari-esentiale-pe-care-pachetul-2-al-guvernului-bolojan-le-aduce-de-la-1-ianuarie-2026\/"},"wordCount":853,"commentCount":0,"publisher":{"@id":"https:\/\/carpathiacenter.ro\/#organization"},"articleSection":["Uncategorized"],"inLanguage":"en-GB","potentialAction":[{"@type":"CommentAction","name":"Comment","target":["https:\/\/carpathiacenter.ro\/esti-antreprenor-iata-10-schimbari-esentiale-pe-care-pachetul-2-al-guvernului-bolojan-le-aduce-de-la-1-ianuarie-2026\/#respond"]}]},{"@type":"WebPage","@id":"https:\/\/carpathiacenter.ro\/esti-antreprenor-iata-10-schimbari-esentiale-pe-care-pachetul-2-al-guvernului-bolojan-le-aduce-de-la-1-ianuarie-2026\/","url":"https:\/\/carpathiacenter.ro\/esti-antreprenor-iata-10-schimbari-esentiale-pe-care-pachetul-2-al-guvernului-bolojan-le-aduce-de-la-1-ianuarie-2026\/","name":"E\u0219ti antreprenor? Iat\u0103 10 schimb\u0103ri esen\u021biale pe care pachetul 2 al Guvernului Bolojan le aduce de la 1 ianuarie 2026 - Carpathia Center Romania","isPartOf":{"@id":"https:\/\/carpathiacenter.ro\/#website"},"datePublished":"2025-12-17T08:38:31+00:00","breadcrumb":{"@id":"https:\/\/carpathiacenter.ro\/esti-antreprenor-iata-10-schimbari-esentiale-pe-care-pachetul-2-al-guvernului-bolojan-le-aduce-de-la-1-ianuarie-2026\/#breadcrumb"},"inLanguage":"en-GB","potentialAction":[{"@type":"ReadAction","target":["https:\/\/carpathiacenter.ro\/esti-antreprenor-iata-10-schimbari-esentiale-pe-care-pachetul-2-al-guvernului-bolojan-le-aduce-de-la-1-ianuarie-2026\/"]}]},{"@type":"BreadcrumbList","@id":"https:\/\/carpathiacenter.ro\/esti-antreprenor-iata-10-schimbari-esentiale-pe-care-pachetul-2-al-guvernului-bolojan-le-aduce-de-la-1-ianuarie-2026\/#breadcrumb","itemListElement":[{"@type":"ListItem","position":1,"name":"Prima pagin\u0103","item":"https:\/\/carpathiacenter.ro\/"},{"@type":"ListItem","position":2,"name":"E\u0219ti antreprenor? Iat\u0103 10 schimb\u0103ri esen\u021biale pe care pachetul 2 al Guvernului Bolojan le aduce de la 1 ianuarie 2026"}]},{"@type":"WebSite","@id":"https:\/\/carpathiacenter.ro\/#website","url":"https:\/\/carpathiacenter.ro\/","name":"Carpathia Center Romania","description":"Impossible made possible!","publisher":{"@id":"https:\/\/carpathiacenter.ro\/#organization"},"potentialAction":[{"@type":"SearchAction","target":{"@type":"EntryPoint","urlTemplate":"https:\/\/carpathiacenter.ro\/?s={search_term_string}"},"query-input":{"@type":"PropertyValueSpecification","valueRequired":true,"valueName":"search_term_string"}}],"inLanguage":"en-GB"},{"@type":"Organization","@id":"https:\/\/carpathiacenter.ro\/#organization","name":"Carpathia Center Romania","url":"https:\/\/carpathiacenter.ro\/","logo":{"@type":"ImageObject","inLanguage":"en-GB","@id":"https:\/\/carpathiacenter.ro\/#\/schema\/logo\/image\/","url":"https:\/\/carpathiacenter.ro\/wp-content\/uploads\/2024\/07\/logo-carpathia_bg_white-1024x941.png","contentUrl":"https:\/\/carpathiacenter.ro\/wp-content\/uploads\/2024\/07\/logo-carpathia_bg_white-1024x941.png","width":1024,"height":941,"caption":"Carpathia Center Romania"},"image":{"@id":"https:\/\/carpathiacenter.ro\/#\/schema\/logo\/image\/"},"sameAs":["https:\/\/www.facebook.com\/fdpscarpathia\/"]},{"@type":"Person","@id":"https:\/\/carpathiacenter.ro\/#\/schema\/person\/03d9f58202fee8379268f34afa195006","name":"creativebitsolutions","image":{"@type":"ImageObject","inLanguage":"en-GB","@id":"https:\/\/carpathiacenter.ro\/#\/schema\/person\/image\/","url":"https:\/\/secure.gravatar.com\/avatar\/1b1a13e37f847c635dab78348f1dff2f07651ee2a3d77a5c355a4b8c75f9165a?s=96&d=mm&r=g","contentUrl":"https:\/\/secure.gravatar.com\/avatar\/1b1a13e37f847c635dab78348f1dff2f07651ee2a3d77a5c355a4b8c75f9165a?s=96&d=mm&r=g","caption":"creativebitsolutions"},"url":"https:\/\/carpathiacenter.ro\/en\/author\/creativebitsolutions\/"}]}},"_links":{"self":[{"href":"https:\/\/carpathiacenter.ro\/en\/wp-json\/wp\/v2\/posts\/3518","targetHints":{"allow":["GET"]}}],"collection":[{"href":"https:\/\/carpathiacenter.ro\/en\/wp-json\/wp\/v2\/posts"}],"about":[{"href":"https:\/\/carpathiacenter.ro\/en\/wp-json\/wp\/v2\/types\/post"}],"author":[{"embeddable":true,"href":"https:\/\/carpathiacenter.ro\/en\/wp-json\/wp\/v2\/users\/4"}],"replies":[{"embeddable":true,"href":"https:\/\/carpathiacenter.ro\/en\/wp-json\/wp\/v2\/comments?post=3518"}],"version-history":[{"count":1,"href":"https:\/\/carpathiacenter.ro\/en\/wp-json\/wp\/v2\/posts\/3518\/revisions"}],"predecessor-version":[{"id":3519,"href":"https:\/\/carpathiacenter.ro\/en\/wp-json\/wp\/v2\/posts\/3518\/revisions\/3519"}],"wp:attachment":[{"href":"https:\/\/carpathiacenter.ro\/en\/wp-json\/wp\/v2\/media?parent=3518"}],"wp:term":[{"taxonomy":"category","embeddable":true,"href":"https:\/\/carpathiacenter.ro\/en\/wp-json\/wp\/v2\/categories?post=3518"},{"taxonomy":"post_tag","embeddable":true,"href":"https:\/\/carpathiacenter.ro\/en\/wp-json\/wp\/v2\/tags?post=3518"}],"curies":[{"name":"wp","href":"https:\/\/api.w.org\/{rel}","templated":true}]}}