{"id":3516,"date":"2025-12-16T08:50:59","date_gmt":"2025-12-16T08:50:59","guid":{"rendered":"https:\/\/carpathiacenter.ro\/?p=3516"},"modified":"2025-12-16T08:50:59","modified_gmt":"2025-12-16T08:50:59","slug":"nicusor-dan-ce-confirmare-a-primit-in-legatura-cu-problemele-din-justitie-inseamna-ca-e-o-problema-grava","status":"publish","type":"post","link":"https:\/\/carpathiacenter.ro\/en\/nicusor-dan-ce-confirmare-a-primit-in-legatura-cu-problemele-din-justitie-inseamna-ca-e-o-problema-grava\/","title":{"rendered":"Nicu\u015for Dan: ce confirmare a primit \u00een leg\u0103tur\u0103 cu problemele din justi\u021bie. \u201e\u00censeamn\u0103 c\u0103 e o problem\u0103 grav\u0103\u201d"},"content":{"rendered":"<p><strong>Luni, la Helsinki, pre\u0219edintele Nicu\u015for Dan a m\u0103rturisit c\u0103 problemele din justi\u021bie \u201esunt lucruri pe care eu le-am auzit \u00een format informal de mult\u0103 vreme\u201d. Dar c\u0103 una e s\u0103 auzi \u0219i alta e s\u0103 fie confirmate de \u201e800 sau 900 de magistra\u021bi\u201d.  <\/strong><\/p>\n<p>\u201eSunt lucruri pe care eu le-am auzit \u00een format informal de mult\u0103 vreme, despre ce se \u00eent\u00e2mpl\u0103 \u00een justi\u0163ie. \u00cen momentul \u00een care sunt 800 sau 900 de magistra\u0163i care spun c\u0103 lucrurile astea se \u00eent\u00e2mpl\u0103, \u00eenseamn\u0103 c\u0103 e o problem\u0103 grav\u0103. Care este solu\u0163ia la aceast\u0103 problem\u0103 grav\u0103? \u00cen primul r\u00e2nd, lucrurile trebuie structurate \u015fi dovedite, pentru c\u0103 \u015fi asta e important. La dezbaterile pe care o s\u0103 le avem la Cotroceni, toate opiniile sunt primite \u2013 \u015fi \u00eentr-o direc\u0163ie \u015fi \u00een cealalt\u0103. Ce e important este s\u0103 identific\u0103m acele chestiuni care apar foarte des, cum ar fi Inspec\u0163ia Judiciar\u0103 sau procedura de numire a \u015fefilor de instan\u0163e, ca s\u0103 spun doar dou\u0103 dintre ele, s\u0103 vedem care sunt mecanismele care sunt deficitare \u015fi bine\u00een\u0163eles s\u0103 avem voin\u0163a politic\u0103 s\u0103 le corect\u0103m\u201d, a afirmat el, potrivit Agerpres.<\/p>\n<p>\u015eeful statului <a href=\"https:\/\/hotnews.ro\/nicusor-dan-incepe-astazi-o-vizita-oficiala-in-finlanda-cum-arata-programul-presedintelui-2130981?utm_source=hotnews&amp;utm_medium=article&amp;utm_campaign=ultima-ora-widget\">particip\u0103, \u00een Finlanda<\/a>, la Summitul Statelor UE de pe Flancul de Est.<\/p>\n<p>El urmeaz\u0103 s\u0103 aib\u0103, <a href=\"https:\/\/hotnews.ro\/nicusor-dan-ii-cheama-pe-toti-magistratii-care-vor-sa-reclame-probleme-in-justitie-la-o-discutie-fara-limita-de-timp-mesajul-sau-in-timp-ce-sute-de-oameni-ii-cer-in-piata-victorie-2128688\">pe 22 decembrie, la Cotroceni<\/a>, o \u00eentrevedere f\u0103r\u0103 limit\u0103 de timp cu magistra\u0163i rom\u00e2ni, \u201eo discu\u0163ie important\u0103 pe Justi\u0163ie care, evident, va continua\u201d.<\/p>\n<p>Nicu\u015for Dan a spus c\u0103 acest subiect este o problem\u0103 important\u0103, care \u00eel intereseaz\u0103.<\/p>\n<p>\u201eBine\u00een\u0163eles \u00een intervalele \u00een care nu am contacte interna\u0163ionale sunt \u00een contact cu Rom\u00e2nia \u015fi cu informa\u0163iile care sunt relevante pe subiectul \u0103sta\u201d, a ar\u0103tat \u015feful statului.<\/p>\n<h2 class=\"wp-block-heading\">Manifesta\u021bii pentru independen\u021ba justi\u021biei<\/h2>\n<p>Mii de persoane au protestat, cinci zile consecutiv, \u00een Bucure\u015fti \u015fi \u00een alte ora\u015fe din \u0163ar\u0103, dup\u0103 publicarea documentarului \u201eJusti\u021bie capturat\u0103\u201d realizat de Recorder privind sistemul de justi\u0163ie.<\/p>\n<p>Proteste au avut loc \u00eencep\u00e2nd miercuri, a doua zi dup\u0103 publicarea documentarului, p\u00e2n\u0103 duminic\u0103. Potrivit organizatorilor, revendic\u0103rile protestelor vizeaz\u0103 schimb\u0103ri la nivelul conducerii \u0219i func\u021bion\u0103rii sistemului judiciar.<\/p>\n<p>Protestatarii au cerut \u0219i revocarea pre\u0219edintei \u00cenaltei Cur\u021bi de Casa\u021bie \u0219i Justi\u021bie, Lia Savonea, demiterea conducerii Direc\u021biei Na\u021bionale Anticorup\u021bie \u0219i demiterea ministrului C\u0103t\u0103lin Predoiu, \u00een mandatul c\u0103ruia la portofoliul Justi\u021biei s-au produs faptele semnalate \u00een investiga\u021bia Recorder.<\/p>\n<p>Sursa articolului:  <a href=\"https:\/\/hotnews.ro\/nicusor-dan-la-dezbaterile-de-la-cotroceni-cu-magistratii-toate-opiniile-sunt-primite-2131743\" target=\"_blank\" rel=\"noopener\" title=\"\">https:\/\/hotnews.ro\/nicusor-dan-la-dezbaterile-de-la-cotroceni-cu-magistratii-toate-opiniile-sunt-primite-2131743<\/a><\/p>","protected":false},"excerpt":{"rendered":"<p>Luni, la Helsinki, pre\u0219edintele Nicu\u015for Dan a m\u0103rturisit c\u0103 problemele din justi\u021bie \u201esunt lucruri pe care eu le-am auzit \u00een format informal de mult\u0103 vreme\u201d. Dar c\u0103 una e s\u0103 auzi \u0219i alta e s\u0103 fie confirmate de \u201e800 sau 900 de magistra\u021bi\u201d. \u201eSunt lucruri pe care eu le-am auzit \u00een format informal de mult\u0103&#8230;<\/p>","protected":false},"author":4,"featured_media":0,"comment_status":"open","ping_status":"open","sticky":false,"template":"","format":"standard","meta":{"footnotes":""},"categories":[1],"tags":[],"class_list":["post-3516","post","type-post","status-publish","format-standard","hentry","category-uncategorized"],"yoast_head":"<!-- This site is optimized with the Yoast SEO plugin v26.1.1 - https:\/\/yoast.com\/wordpress\/plugins\/seo\/ -->\n<title>Nicu\u015for Dan: ce confirmare a primit \u00een leg\u0103tur\u0103 cu problemele din justi\u021bie. \u201e\u00censeamn\u0103 c\u0103 e o problem\u0103 grav\u0103\u201d - Carpathia Center Romania<\/title>\n<meta name=\"robots\" content=\"index, follow, max-snippet:-1, max-image-preview:large, max-video-preview:-1\" \/>\n<link rel=\"canonical\" href=\"https:\/\/carpathiacenter.ro\/en\/nicusor-dan-ce-confirmare-a-primit-in-legatura-cu-problemele-din-justitie-inseamna-ca-e-o-problema-grava\/\" \/>\n<meta property=\"og:locale\" content=\"en_GB\" \/>\n<meta property=\"og:type\" content=\"article\" \/>\n<meta property=\"og:title\" content=\"Nicu\u015for Dan: ce confirmare a primit \u00een leg\u0103tur\u0103 cu problemele din justi\u021bie. \u201e\u00censeamn\u0103 c\u0103 e o problem\u0103 grav\u0103\u201d - Carpathia Center Romania\" \/>\n<meta property=\"og:description\" content=\"Luni, la Helsinki, pre\u0219edintele Nicu\u015for Dan a m\u0103rturisit c\u0103 problemele din justi\u021bie \u201esunt lucruri pe care eu le-am auzit \u00een format informal de mult\u0103 vreme\u201d. Dar c\u0103 una e s\u0103 auzi \u0219i alta e s\u0103 fie confirmate de \u201e800 sau 900 de magistra\u021bi\u201d. \u201eSunt lucruri pe care eu le-am auzit \u00een format informal de mult\u0103...\" \/>\n<meta property=\"og:url\" content=\"https:\/\/carpathiacenter.ro\/en\/nicusor-dan-ce-confirmare-a-primit-in-legatura-cu-problemele-din-justitie-inseamna-ca-e-o-problema-grava\/\" \/>\n<meta property=\"og:site_name\" content=\"Carpathia Center Romania\" \/>\n<meta property=\"article:publisher\" content=\"https:\/\/www.facebook.com\/fdpscarpathia\/\" \/>\n<meta property=\"article:published_time\" content=\"2025-12-16T08:50:59+00:00\" \/>\n<meta name=\"author\" content=\"creativebitsolutions\" \/>\n<meta name=\"twitter:card\" content=\"summary_large_image\" \/>\n<meta name=\"twitter:label1\" content=\"Written by\" \/>\n\t<meta name=\"twitter:data1\" content=\"creativebitsolutions\" \/>\n<script type=\"application\/ld+json\" class=\"yoast-schema-graph\">{\"@context\":\"https:\/\/schema.org\",\"@graph\":[{\"@type\":\"Article\",\"@id\":\"https:\/\/carpathiacenter.ro\/nicusor-dan-ce-confirmare-a-primit-in-legatura-cu-problemele-din-justitie-inseamna-ca-e-o-problema-grava\/#article\",\"isPartOf\":{\"@id\":\"https:\/\/carpathiacenter.ro\/nicusor-dan-ce-confirmare-a-primit-in-legatura-cu-problemele-din-justitie-inseamna-ca-e-o-problema-grava\/\"},\"author\":{\"name\":\"creativebitsolutions\",\"@id\":\"https:\/\/carpathiacenter.ro\/#\/schema\/person\/03d9f58202fee8379268f34afa195006\"},\"headline\":\"Nicu\u015for Dan: ce confirmare a primit \u00een leg\u0103tur\u0103 cu problemele din justi\u021bie. \u201e\u00censeamn\u0103 c\u0103 e o problem\u0103 grav\u0103\u201d\",\"datePublished\":\"2025-12-16T08:50:59+00:00\",\"mainEntityOfPage\":{\"@id\":\"https:\/\/carpathiacenter.ro\/nicusor-dan-ce-confirmare-a-primit-in-legatura-cu-problemele-din-justitie-inseamna-ca-e-o-problema-grava\/\"},\"wordCount\":436,\"commentCount\":0,\"publisher\":{\"@id\":\"https:\/\/carpathiacenter.ro\/#organization\"},\"articleSection\":[\"Uncategorized\"],\"inLanguage\":\"en-GB\",\"potentialAction\":[{\"@type\":\"CommentAction\",\"name\":\"Comment\",\"target\":[\"https:\/\/carpathiacenter.ro\/nicusor-dan-ce-confirmare-a-primit-in-legatura-cu-problemele-din-justitie-inseamna-ca-e-o-problema-grava\/#respond\"]}]},{\"@type\":\"WebPage\",\"@id\":\"https:\/\/carpathiacenter.ro\/nicusor-dan-ce-confirmare-a-primit-in-legatura-cu-problemele-din-justitie-inseamna-ca-e-o-problema-grava\/\",\"url\":\"https:\/\/carpathiacenter.ro\/nicusor-dan-ce-confirmare-a-primit-in-legatura-cu-problemele-din-justitie-inseamna-ca-e-o-problema-grava\/\",\"name\":\"Nicu\u015for Dan: ce confirmare a primit \u00een leg\u0103tur\u0103 cu problemele din justi\u021bie. \u201e\u00censeamn\u0103 c\u0103 e o problem\u0103 grav\u0103\u201d - Carpathia Center Romania\",\"isPartOf\":{\"@id\":\"https:\/\/carpathiacenter.ro\/#website\"},\"datePublished\":\"2025-12-16T08:50:59+00:00\",\"breadcrumb\":{\"@id\":\"https:\/\/carpathiacenter.ro\/nicusor-dan-ce-confirmare-a-primit-in-legatura-cu-problemele-din-justitie-inseamna-ca-e-o-problema-grava\/#breadcrumb\"},\"inLanguage\":\"en-GB\",\"potentialAction\":[{\"@type\":\"ReadAction\",\"target\":[\"https:\/\/carpathiacenter.ro\/nicusor-dan-ce-confirmare-a-primit-in-legatura-cu-problemele-din-justitie-inseamna-ca-e-o-problema-grava\/\"]}]},{\"@type\":\"BreadcrumbList\",\"@id\":\"https:\/\/carpathiacenter.ro\/nicusor-dan-ce-confirmare-a-primit-in-legatura-cu-problemele-din-justitie-inseamna-ca-e-o-problema-grava\/#breadcrumb\",\"itemListElement\":[{\"@type\":\"ListItem\",\"position\":1,\"name\":\"Prima pagin\u0103\",\"item\":\"https:\/\/carpathiacenter.ro\/\"},{\"@type\":\"ListItem\",\"position\":2,\"name\":\"Nicu\u015for Dan: ce confirmare a primit \u00een leg\u0103tur\u0103 cu problemele din justi\u021bie. \u201e\u00censeamn\u0103 c\u0103 e o problem\u0103 grav\u0103\u201d\"}]},{\"@type\":\"WebSite\",\"@id\":\"https:\/\/carpathiacenter.ro\/#website\",\"url\":\"https:\/\/carpathiacenter.ro\/\",\"name\":\"Carpathia Center Romania\",\"description\":\"Impossible made possible!\",\"publisher\":{\"@id\":\"https:\/\/carpathiacenter.ro\/#organization\"},\"potentialAction\":[{\"@type\":\"SearchAction\",\"target\":{\"@type\":\"EntryPoint\",\"urlTemplate\":\"https:\/\/carpathiacenter.ro\/?s={search_term_string}\"},\"query-input\":{\"@type\":\"PropertyValueSpecification\",\"valueRequired\":true,\"valueName\":\"search_term_string\"}}],\"inLanguage\":\"en-GB\"},{\"@type\":\"Organization\",\"@id\":\"https:\/\/carpathiacenter.ro\/#organization\",\"name\":\"Carpathia Center Romania\",\"url\":\"https:\/\/carpathiacenter.ro\/\",\"logo\":{\"@type\":\"ImageObject\",\"inLanguage\":\"en-GB\",\"@id\":\"https:\/\/carpathiacenter.ro\/#\/schema\/logo\/image\/\",\"url\":\"https:\/\/carpathiacenter.ro\/wp-content\/uploads\/2024\/07\/logo-carpathia_bg_white-1024x941.png\",\"contentUrl\":\"https:\/\/carpathiacenter.ro\/wp-content\/uploads\/2024\/07\/logo-carpathia_bg_white-1024x941.png\",\"width\":1024,\"height\":941,\"caption\":\"Carpathia Center Romania\"},\"image\":{\"@id\":\"https:\/\/carpathiacenter.ro\/#\/schema\/logo\/image\/\"},\"sameAs\":[\"https:\/\/www.facebook.com\/fdpscarpathia\/\"]},{\"@type\":\"Person\",\"@id\":\"https:\/\/carpathiacenter.ro\/#\/schema\/person\/03d9f58202fee8379268f34afa195006\",\"name\":\"creativebitsolutions\",\"image\":{\"@type\":\"ImageObject\",\"inLanguage\":\"en-GB\",\"@id\":\"https:\/\/carpathiacenter.ro\/#\/schema\/person\/image\/\",\"url\":\"https:\/\/secure.gravatar.com\/avatar\/1b1a13e37f847c635dab78348f1dff2f07651ee2a3d77a5c355a4b8c75f9165a?s=96&d=mm&r=g\",\"contentUrl\":\"https:\/\/secure.gravatar.com\/avatar\/1b1a13e37f847c635dab78348f1dff2f07651ee2a3d77a5c355a4b8c75f9165a?s=96&d=mm&r=g\",\"caption\":\"creativebitsolutions\"},\"url\":\"https:\/\/carpathiacenter.ro\/en\/author\/creativebitsolutions\/\"}]}<\/script>\n<!-- \/ Yoast SEO plugin. -->","yoast_head_json":{"title":"Nicu\u015for Dan: ce confirmare a primit \u00een leg\u0103tur\u0103 cu problemele din justi\u021bie. \u201e\u00censeamn\u0103 c\u0103 e o problem\u0103 grav\u0103\u201d - Carpathia Center Romania","robots":{"index":"index","follow":"follow","max-snippet":"max-snippet:-1","max-image-preview":"max-image-preview:large","max-video-preview":"max-video-preview:-1"},"canonical":"https:\/\/carpathiacenter.ro\/en\/nicusor-dan-ce-confirmare-a-primit-in-legatura-cu-problemele-din-justitie-inseamna-ca-e-o-problema-grava\/","og_locale":"en_GB","og_type":"article","og_title":"Nicu\u015for Dan: ce confirmare a primit \u00een leg\u0103tur\u0103 cu problemele din justi\u021bie. \u201e\u00censeamn\u0103 c\u0103 e o problem\u0103 grav\u0103\u201d - Carpathia Center Romania","og_description":"Luni, la Helsinki, pre\u0219edintele Nicu\u015for Dan a m\u0103rturisit c\u0103 problemele din justi\u021bie \u201esunt lucruri pe care eu le-am auzit \u00een format informal de mult\u0103 vreme\u201d. Dar c\u0103 una e s\u0103 auzi \u0219i alta e s\u0103 fie confirmate de \u201e800 sau 900 de magistra\u021bi\u201d. \u201eSunt lucruri pe care eu le-am auzit \u00een format informal de mult\u0103...","og_url":"https:\/\/carpathiacenter.ro\/en\/nicusor-dan-ce-confirmare-a-primit-in-legatura-cu-problemele-din-justitie-inseamna-ca-e-o-problema-grava\/","og_site_name":"Carpathia Center Romania","article_publisher":"https:\/\/www.facebook.com\/fdpscarpathia\/","article_published_time":"2025-12-16T08:50:59+00:00","author":"creativebitsolutions","twitter_card":"summary_large_image","twitter_misc":{"Written by":"creativebitsolutions"},"schema":{"@context":"https:\/\/schema.org","@graph":[{"@type":"Article","@id":"https:\/\/carpathiacenter.ro\/nicusor-dan-ce-confirmare-a-primit-in-legatura-cu-problemele-din-justitie-inseamna-ca-e-o-problema-grava\/#article","isPartOf":{"@id":"https:\/\/carpathiacenter.ro\/nicusor-dan-ce-confirmare-a-primit-in-legatura-cu-problemele-din-justitie-inseamna-ca-e-o-problema-grava\/"},"author":{"name":"creativebitsolutions","@id":"https:\/\/carpathiacenter.ro\/#\/schema\/person\/03d9f58202fee8379268f34afa195006"},"headline":"Nicu\u015for Dan: ce confirmare a primit \u00een leg\u0103tur\u0103 cu problemele din justi\u021bie. \u201e\u00censeamn\u0103 c\u0103 e o problem\u0103 grav\u0103\u201d","datePublished":"2025-12-16T08:50:59+00:00","mainEntityOfPage":{"@id":"https:\/\/carpathiacenter.ro\/nicusor-dan-ce-confirmare-a-primit-in-legatura-cu-problemele-din-justitie-inseamna-ca-e-o-problema-grava\/"},"wordCount":436,"commentCount":0,"publisher":{"@id":"https:\/\/carpathiacenter.ro\/#organization"},"articleSection":["Uncategorized"],"inLanguage":"en-GB","potentialAction":[{"@type":"CommentAction","name":"Comment","target":["https:\/\/carpathiacenter.ro\/nicusor-dan-ce-confirmare-a-primit-in-legatura-cu-problemele-din-justitie-inseamna-ca-e-o-problema-grava\/#respond"]}]},{"@type":"WebPage","@id":"https:\/\/carpathiacenter.ro\/nicusor-dan-ce-confirmare-a-primit-in-legatura-cu-problemele-din-justitie-inseamna-ca-e-o-problema-grava\/","url":"https:\/\/carpathiacenter.ro\/nicusor-dan-ce-confirmare-a-primit-in-legatura-cu-problemele-din-justitie-inseamna-ca-e-o-problema-grava\/","name":"Nicu\u015for Dan: ce confirmare a primit \u00een leg\u0103tur\u0103 cu problemele din justi\u021bie. \u201e\u00censeamn\u0103 c\u0103 e o problem\u0103 grav\u0103\u201d - Carpathia Center Romania","isPartOf":{"@id":"https:\/\/carpathiacenter.ro\/#website"},"datePublished":"2025-12-16T08:50:59+00:00","breadcrumb":{"@id":"https:\/\/carpathiacenter.ro\/nicusor-dan-ce-confirmare-a-primit-in-legatura-cu-problemele-din-justitie-inseamna-ca-e-o-problema-grava\/#breadcrumb"},"inLanguage":"en-GB","potentialAction":[{"@type":"ReadAction","target":["https:\/\/carpathiacenter.ro\/nicusor-dan-ce-confirmare-a-primit-in-legatura-cu-problemele-din-justitie-inseamna-ca-e-o-problema-grava\/"]}]},{"@type":"BreadcrumbList","@id":"https:\/\/carpathiacenter.ro\/nicusor-dan-ce-confirmare-a-primit-in-legatura-cu-problemele-din-justitie-inseamna-ca-e-o-problema-grava\/#breadcrumb","itemListElement":[{"@type":"ListItem","position":1,"name":"Prima pagin\u0103","item":"https:\/\/carpathiacenter.ro\/"},{"@type":"ListItem","position":2,"name":"Nicu\u015for Dan: ce confirmare a primit \u00een leg\u0103tur\u0103 cu problemele din justi\u021bie. \u201e\u00censeamn\u0103 c\u0103 e o problem\u0103 grav\u0103\u201d"}]},{"@type":"WebSite","@id":"https:\/\/carpathiacenter.ro\/#website","url":"https:\/\/carpathiacenter.ro\/","name":"Carpathia Center Romania","description":"Impossible made possible!","publisher":{"@id":"https:\/\/carpathiacenter.ro\/#organization"},"potentialAction":[{"@type":"SearchAction","target":{"@type":"EntryPoint","urlTemplate":"https:\/\/carpathiacenter.ro\/?s={search_term_string}"},"query-input":{"@type":"PropertyValueSpecification","valueRequired":true,"valueName":"search_term_string"}}],"inLanguage":"en-GB"},{"@type":"Organization","@id":"https:\/\/carpathiacenter.ro\/#organization","name":"Carpathia Center Romania","url":"https:\/\/carpathiacenter.ro\/","logo":{"@type":"ImageObject","inLanguage":"en-GB","@id":"https:\/\/carpathiacenter.ro\/#\/schema\/logo\/image\/","url":"https:\/\/carpathiacenter.ro\/wp-content\/uploads\/2024\/07\/logo-carpathia_bg_white-1024x941.png","contentUrl":"https:\/\/carpathiacenter.ro\/wp-content\/uploads\/2024\/07\/logo-carpathia_bg_white-1024x941.png","width":1024,"height":941,"caption":"Carpathia Center Romania"},"image":{"@id":"https:\/\/carpathiacenter.ro\/#\/schema\/logo\/image\/"},"sameAs":["https:\/\/www.facebook.com\/fdpscarpathia\/"]},{"@type":"Person","@id":"https:\/\/carpathiacenter.ro\/#\/schema\/person\/03d9f58202fee8379268f34afa195006","name":"creativebitsolutions","image":{"@type":"ImageObject","inLanguage":"en-GB","@id":"https:\/\/carpathiacenter.ro\/#\/schema\/person\/image\/","url":"https:\/\/secure.gravatar.com\/avatar\/1b1a13e37f847c635dab78348f1dff2f07651ee2a3d77a5c355a4b8c75f9165a?s=96&d=mm&r=g","contentUrl":"https:\/\/secure.gravatar.com\/avatar\/1b1a13e37f847c635dab78348f1dff2f07651ee2a3d77a5c355a4b8c75f9165a?s=96&d=mm&r=g","caption":"creativebitsolutions"},"url":"https:\/\/carpathiacenter.ro\/en\/author\/creativebitsolutions\/"}]}},"_links":{"self":[{"href":"https:\/\/carpathiacenter.ro\/en\/wp-json\/wp\/v2\/posts\/3516","targetHints":{"allow":["GET"]}}],"collection":[{"href":"https:\/\/carpathiacenter.ro\/en\/wp-json\/wp\/v2\/posts"}],"about":[{"href":"https:\/\/carpathiacenter.ro\/en\/wp-json\/wp\/v2\/types\/post"}],"author":[{"embeddable":true,"href":"https:\/\/carpathiacenter.ro\/en\/wp-json\/wp\/v2\/users\/4"}],"replies":[{"embeddable":true,"href":"https:\/\/carpathiacenter.ro\/en\/wp-json\/wp\/v2\/comments?post=3516"}],"version-history":[{"count":1,"href":"https:\/\/carpathiacenter.ro\/en\/wp-json\/wp\/v2\/posts\/3516\/revisions"}],"predecessor-version":[{"id":3517,"href":"https:\/\/carpathiacenter.ro\/en\/wp-json\/wp\/v2\/posts\/3516\/revisions\/3517"}],"wp:attachment":[{"href":"https:\/\/carpathiacenter.ro\/en\/wp-json\/wp\/v2\/media?parent=3516"}],"wp:term":[{"taxonomy":"category","embeddable":true,"href":"https:\/\/carpathiacenter.ro\/en\/wp-json\/wp\/v2\/categories?post=3516"},{"taxonomy":"post_tag","embeddable":true,"href":"https:\/\/carpathiacenter.ro\/en\/wp-json\/wp\/v2\/tags?post=3516"}],"curies":[{"name":"wp","href":"https:\/\/api.w.org\/{rel}","templated":true}]}}