{"id":3514,"date":"2025-12-16T08:47:56","date_gmt":"2025-12-16T08:47:56","guid":{"rendered":"https:\/\/carpathiacenter.ro\/?p=3514"},"modified":"2025-12-16T08:47:56","modified_gmt":"2025-12-16T08:47:56","slug":"inainte-de-craciun-se-va-putea-circula-neintrerupt-250-de-kilometri-pe-o-noua-autostrada-lucrari-contra-cronometru","status":"publish","type":"post","link":"https:\/\/carpathiacenter.ro\/en\/inainte-de-craciun-se-va-putea-circula-neintrerupt-250-de-kilometri-pe-o-noua-autostrada-lucrari-contra-cronometru\/","title":{"rendered":"\u00cenainte de Cr\u0103ciun se va putea circula ne\u00eentrerupt 250 de kilometri pe o nou\u0103 autostrad\u0103. Lucr\u0103ri contra-cronometru"},"content":{"rendered":"<p><strong>Dup\u0103 ce la finalul lunii noiembrie <a href=\"https:\/\/hotnews.ro\/video-pe-autostrada-de-la-bucuresti-pana-la-focsani-se-deschide-traficul-pe-bucata-lipsa-din-autostrada-moldovei-de-langa-buzau-2116012\">a fost inaugurat\u0103<\/a> singura bucat\u0103 lips\u0103 de autostrad\u0103 pe ruta Bucure\u0219ti \u2013 Foc\u0219ani, o nou\u0103 por\u021biune de autostrad\u0103 \u00een Moldova va fi inaugurat\u0103 p\u00e2n\u0103 de Cr\u0103ciun, potrivit surselor HotNews. <\/strong><\/p>\n<p>Bucata de autostrad\u0103 A7 de la Foc\u0219ani la Adjud, circa 53 de kilometri, va fi deschis\u0103 traficului cel mai probabil s\u0103pt\u0103m\u00e2na viitoare, \u00eenainte de Cr\u0103ciun, au declarat pentru HotNews mai multe surse din Ministerul Transporturilor.<\/p>\n<p>Anterior, la \u00eenceputul lunii decembrie, reprezentan\u021bii CNAIR au confirmat pentru HotNews c\u0103 inten\u021bia autorit\u0103\u021bilor \u0219i a constructorului este finalizarea \u00eenainte de sf\u00e2r\u0219itul anului, dar c\u0103 totul depinde de vreme.<\/p>\n<p>\u00cen ultimele dou\u0103 s\u0103pt\u0103m\u00e2ni, \u00eens\u0103, vremea a fost prielnic\u0103 lucr\u0103rilor, iar constructorul UMB este intens mobilizat \u00een punctele critice. Sursele HotNews spun c\u0103 s-a lucrat foarte mult la zona de poduri, fiind aproape finalizat de la zero un pod la Ti\u0219i\u021ba peste DN2L, care \u00een urm\u0103 cu o lun\u0103 nici nu exista (minutul 2:30 \u00een clipul video de mai jos). Acolo, lucr\u0103rile au stagnat mult timp pentru c\u0103 nu au putut fi relocate liniile de \u00eenalt\u0103 tensiune.&nbsp;<\/p>\n<h2 class=\"wp-block-heading\">\u201eSe lucreaz\u0103 acum la ultimele elemente, \u00een c\u00e2teva zile va fi gata de trafic\u201d<\/h2>\n<p>Totodat\u0103, s-a lucrat mult la hidroizolarea \u0219i asfaltarea podurilor foarte lungi de pe traseu, la fel \u0219i la nodul rutier de la nord de Adjud, acolo unde a fost realizat, practic, un sens giratoriu pe sub care s\u0103 treac\u0103 autostrada.<\/p>\n<p>\u201eAcum constructorul lucreaz\u0103 la ultimele elemente ce \u021bin de asfaltare, de rosturi de dilata\u021bie \u0219i \u00een paralel se fac ultimele finisaje, se instaleaz\u0103 parapete \u0219i se trag marcajele. \u00cen c\u00e2teva zile va fi gata de dat \u00een trafic, urm\u00e2nd ca alte lucr\u0103ri conexe ce nu \u021bin de partea rutier\u0103 s\u0103 fie finalizate ulterior\u201d, a explicat pentru HotNews o surs\u0103 din minister.<\/p>\n<p>C\u00e2t prive\u0219te continuarea A7 de la Adjud, bucata p\u00e2n\u0103 la nodul rutier R\u0103c\u0103ciuni va fi gata p\u00e2n\u0103 \u00een aprilie, iar restul  p\u00e2n\u0103 la A7-Centura Bac\u0103ului va fi gata c\u00e2teva luni mai t\u00e2rziu, spun sursele citate.<\/p>\n<h2 class=\"wp-block-heading\">250 de kilometri de autostrad\u0103 ne\u00eentrerup\u021bi, de la Bucure\u0219ti la Adjud<\/h2>\n<p>Bucata de 53 de kilometri care va fi deschis\u0103 traficului reprezint\u0103, de fapt, dou\u0103 tronsoane diferite. Primii 35,6 km sunt parte din Tronsonul 1 Foc\u0219ani \u2013 Bac\u0103u, iar urm\u0103torii 17 km p\u00e2n\u0103 la Adjud Nord fac parte din Tronsonul 2.<\/p>\n<p>Odat\u0103 deschise traficului cele dou\u0103 tronsoane s-ar lega Adjudul de Bucure\u0219ti pe autostrad\u0103, oferind \u0219oferilor aproape 250 de km ne\u00eentrerup\u021bi din A7 \u0219i A3.<\/p>\n<p>\u00cen prezent, circa 145 de kilometri din A7 sunt deschi\u0219i de la Foc\u0219ani la Dumbrava, intersec\u021bia cu A3, iar de acolo p\u00e2n\u0103 la Bucure\u0219ti mai sunt circa 46 de km p\u00e2n\u0103 \u00een zona Pipera-Petricani.<\/p>\n<h2 class=\"wp-block-heading\">\u201eR<strong>isc de calitate mediocr\u0103\u201d<\/strong><\/h2>\n<p>Ionu\u021b Ciurea de la Asocia\u021bia Pro Infrastructura, una dintre cele mai active organiza\u021bii civice din domeniul transporturilor, <a href=\"https:\/\/hotnews.ro\/video-minunea-asteptata-de-sarbatori-are-200-de-kilometri-neintrerupti-de-autostrada-in-cea-mai-vitregita-provincie-istorica-a-romaniei-2121681\">aprecia pentru HotNews<\/a> c\u0103 \u201eacest hei-rup\u201d ai constructorului pe final de an ar putea veni la pachet cu probleme de calitate.<\/p>\n<p>\u201eVa fi la limit\u0103, cel mai probabil tot a\u0219a ca \u00een al\u021bi ani pe final de an, cu lipsuri, cu riscul s\u0103 avem parte de o calitate mediocr\u0103 \u0219i lucr\u0103ri r\u0103mase de f\u0103cut\u201d, spune Ciurea.&nbsp;<\/p>\n<p>El atragea aten\u021bia \u0219i c\u0103, \u00een luna noiembrie 2025, conform termenelor contractuale, A7 construit\u0103 de UMB ar fi trebuit s\u0103 fie gata p\u00e2n\u0103 la Pa\u0219cani, adic\u0103 toate tronsoanele r\u0103mase de construit \u0219i pe care autorit\u0103\u021bile le dau acum gata abia anul urm\u0103tor.&nbsp;<\/p>\n<h3 class=\"wp-block-heading\"><strong>A7 Foc\u0219ani Nord \u2013 Domne\u0219ti T\u00e2rg<\/strong><\/h3>\n<ul class=\"wp-block-list\">\n<li>Constructorul: UMB<\/li>\n<li>Lungime: 35,6 km<\/li>\n<li>Valoare: 2,36 mld lei (f\u0103r\u0103 TVA)<\/li>\n<li>Contract semnat: decembrie 2022<\/li>\n<li>Lucr\u0103ri \u00eencepute: martie 2023<\/li>\n<li>Termen oficial de execu\u021bie (proiectul tehnic deja realizat): 30 luni<\/li>\n<li>Termen de finalizare: noiembrie 2025<\/li>\n<li>Stadiu (decembrie 2025): 94%<\/li>\n<\/ul>\n<h3 class=\"wp-block-heading\"><strong>A7 Domne\u0219ti T\u00e2rg \u2013 R\u0103c\u0103ciuni<\/strong><\/h3>\n<ul class=\"wp-block-list\">\n<li>Constructorul: UMB<\/li>\n<li>Lungime: 38,78 km (cca 16 km de la Domne\u0219ti-T\u00e2rg la Adjud)<\/li>\n<li>Valoare: 2,49 mld lei (f\u0103r\u0103 TVA)<\/li>\n<li>Contract semnat: decembrie 2022<\/li>\n<li>Lucr\u0103ri \u00eencepute: mai 2023<\/li>\n<li>Termen oficial de execu\u021bie (proiectul tehnic este deja realizat): 30 luni<\/li>\n<li>Termen de finalizare: noiembrie 2025<\/li>\n<li>Stadiu (decembrie 2025): 87%<\/li>\n<\/ul>\n<h2 class=\"wp-block-heading\">A7 sau <strong>\u201eColoana vertebral\u0103\u201d a Moldovei<\/strong><\/h2>\n<p>Autostrada \u201eMoldovei\u201d A7 este o \u0219osea de mare vitez\u0103 de aproape 450 de km de la Ploie\u0219ti la Siret, grani\u021ba cu Ucraina. Autostrada A7 se afl\u0103 \u00een diferite stadii de implementare: 145 km \u00een folosin\u021b\u0103, 190 kilometri \u00een lucru \u0219i aproape 115 km \u00een licita\u021bie, din totalul de circa 450 km Ploie\u0219ti \u2013 Siret.<\/p>\n<p>I se mai spune \u0219i \u201ecoloana vertebral\u0103\u201d a infrastructurii rutiere pentru Moldova pentru c\u0103 str\u0103bate regiunea de la Nord la Sud, leg\u00e2nd-o cu Muntenia \u0219i urm\u00e2nd s\u0103 preia tot traficul greu \u0219i de tranzit de pe DN2 (E85), unul dintre cele mai aglomerate \u0219i periculoase drumuri na\u021bionale din \u021bar\u0103.&nbsp;&nbsp;<\/p>\n<p>Din A7, p\u00e2n\u0103 acum s-au deschis circa 145 de kilometri, tot tronsonul Ploie\u0219ti (A3\/Dumbrava) \u2013 Buz\u0103u (63 km) \u0219i tot tronsonul Buz\u0103u \u2013 Foc\u0219ani Nord (82 km).<\/p>\n<p>De la Foc\u0219ani spre Bac\u0103u sunt&nbsp;<a href=\"https:\/\/hotnews.ro\/video-cand-va-fi-deschis-tronsonul-din-autostrada-moldovei-care-va-permite-soferilor-sa-circule-neintrerupt-pe-autostrada-pana-la-focsani-doua-scenarii-pentru-restul-autostrazii-in-2025-2105916\">a\u0219teptate spre deschidere<\/a>&nbsp;\u00een acest an m\u0103car \u00eenc\u0103 dou\u0103 alte tronsoane (circa 53 km), \u00een timp ce ultimul tronson spre Bac\u0103u \u0219i alte trei tronsoane de la Bac\u0103u la Pa\u0219cani sunt programate spre finalizare, cu \u00eent\u00e2rziere, abia la anul.&nbsp;<\/p>\n<p>Din cele 14 loturi contractate p\u00e2n\u0103 acum pe A7, 11 sunt semnate cu UMB (5 tronsoane finalizate), toate \u00een regiunea Moldovei.&nbsp;<\/p>\n<p>Alte dou\u0103 tronsoane, de la Pa\u0219cani la Suceava, sunt atribuite c\u0103tre UMB, dar contractele \u00eenc\u0103 nu au fost semnate. Practic, de la Buz\u0103u p\u00e2n\u0103 la Pa\u0219cani \u0219i mai departe spre Suceava, toat\u0103 A7 este sau va fi construit\u0103 de companiile care \u021bin de UMB-ul lui Dorinel Umbr\u0103rescu. Din acest motiv mai este supranumit\u0103 \u0219i \u201eAutostrada Umbr\u0103rescu\u201d.<\/p>\n<p>Sursa articolului:  <a href=\"https:\/\/hotnews.ro\/video-de-la-bucuresti-la-adjud-pe-250-de-kilometri-de-autostrada-inainte-de-craciun-lucrari-contra-cronometru-pe-autostrada-moldovei-2131285\" target=\"_blank\" rel=\"noopener\" title=\"\">https:\/\/hotnews.ro\/video-de-la-bucuresti-la-adjud-pe-250-de-kilometri-de-autostrada-inainte-de-craciun-lucrari-contra-cronometru-pe-autostrada-moldovei-2131285<\/a><\/p>","protected":false},"excerpt":{"rendered":"<p>Dup\u0103 ce la finalul lunii noiembrie a fost inaugurat\u0103 singura bucat\u0103 lips\u0103 de autostrad\u0103 pe ruta Bucure\u0219ti \u2013 Foc\u0219ani, o nou\u0103 por\u021biune de autostrad\u0103 \u00een Moldova va fi inaugurat\u0103 p\u00e2n\u0103 de Cr\u0103ciun, potrivit surselor HotNews. Bucata de autostrad\u0103 A7 de la Foc\u0219ani la Adjud, circa 53 de kilometri, va fi deschis\u0103 traficului cel mai probabil&#8230;<\/p>","protected":false},"author":4,"featured_media":0,"comment_status":"open","ping_status":"open","sticky":false,"template":"","format":"standard","meta":{"footnotes":""},"categories":[1],"tags":[],"class_list":["post-3514","post","type-post","status-publish","format-standard","hentry","category-uncategorized"],"yoast_head":"<!-- This site is optimized with the Yoast SEO plugin v26.1.1 - https:\/\/yoast.com\/wordpress\/plugins\/seo\/ -->\n<title>\u00cenainte de Cr\u0103ciun se va putea circula ne\u00eentrerupt 250 de kilometri pe o nou\u0103 autostrad\u0103. Lucr\u0103ri contra-cronometru - Carpathia Center Romania<\/title>\n<meta name=\"robots\" content=\"index, follow, max-snippet:-1, max-image-preview:large, max-video-preview:-1\" \/>\n<link rel=\"canonical\" href=\"https:\/\/carpathiacenter.ro\/en\/inainte-de-craciun-se-va-putea-circula-neintrerupt-250-de-kilometri-pe-o-noua-autostrada-lucrari-contra-cronometru\/\" \/>\n<meta property=\"og:locale\" content=\"en_GB\" \/>\n<meta property=\"og:type\" content=\"article\" \/>\n<meta property=\"og:title\" content=\"\u00cenainte de Cr\u0103ciun se va putea circula ne\u00eentrerupt 250 de kilometri pe o nou\u0103 autostrad\u0103. Lucr\u0103ri contra-cronometru - Carpathia Center Romania\" \/>\n<meta property=\"og:description\" content=\"Dup\u0103 ce la finalul lunii noiembrie a fost inaugurat\u0103 singura bucat\u0103 lips\u0103 de autostrad\u0103 pe ruta Bucure\u0219ti \u2013 Foc\u0219ani, o nou\u0103 por\u021biune de autostrad\u0103 \u00een Moldova va fi inaugurat\u0103 p\u00e2n\u0103 de Cr\u0103ciun, potrivit surselor HotNews. Bucata de autostrad\u0103 A7 de la Foc\u0219ani la Adjud, circa 53 de kilometri, va fi deschis\u0103 traficului cel mai probabil...\" \/>\n<meta property=\"og:url\" content=\"https:\/\/carpathiacenter.ro\/en\/inainte-de-craciun-se-va-putea-circula-neintrerupt-250-de-kilometri-pe-o-noua-autostrada-lucrari-contra-cronometru\/\" \/>\n<meta property=\"og:site_name\" content=\"Carpathia Center Romania\" \/>\n<meta property=\"article:publisher\" content=\"https:\/\/www.facebook.com\/fdpscarpathia\/\" \/>\n<meta property=\"article:published_time\" content=\"2025-12-16T08:47:56+00:00\" \/>\n<meta name=\"author\" content=\"creativebitsolutions\" \/>\n<meta name=\"twitter:card\" content=\"summary_large_image\" \/>\n<meta name=\"twitter:label1\" content=\"Written by\" \/>\n\t<meta name=\"twitter:data1\" content=\"creativebitsolutions\" \/>\n\t<meta name=\"twitter:label2\" content=\"Estimated reading time\" \/>\n\t<meta name=\"twitter:data2\" content=\"5 minutes\" \/>\n<script type=\"application\/ld+json\" class=\"yoast-schema-graph\">{\"@context\":\"https:\/\/schema.org\",\"@graph\":[{\"@type\":\"Article\",\"@id\":\"https:\/\/carpathiacenter.ro\/inainte-de-craciun-se-va-putea-circula-neintrerupt-250-de-kilometri-pe-o-noua-autostrada-lucrari-contra-cronometru\/#article\",\"isPartOf\":{\"@id\":\"https:\/\/carpathiacenter.ro\/inainte-de-craciun-se-va-putea-circula-neintrerupt-250-de-kilometri-pe-o-noua-autostrada-lucrari-contra-cronometru\/\"},\"author\":{\"name\":\"creativebitsolutions\",\"@id\":\"https:\/\/carpathiacenter.ro\/#\/schema\/person\/03d9f58202fee8379268f34afa195006\"},\"headline\":\"\u00cenainte de Cr\u0103ciun se va putea circula ne\u00eentrerupt 250 de kilometri pe o nou\u0103 autostrad\u0103. Lucr\u0103ri contra-cronometru\",\"datePublished\":\"2025-12-16T08:47:56+00:00\",\"mainEntityOfPage\":{\"@id\":\"https:\/\/carpathiacenter.ro\/inainte-de-craciun-se-va-putea-circula-neintrerupt-250-de-kilometri-pe-o-noua-autostrada-lucrari-contra-cronometru\/\"},\"wordCount\":1008,\"commentCount\":0,\"publisher\":{\"@id\":\"https:\/\/carpathiacenter.ro\/#organization\"},\"articleSection\":[\"Uncategorized\"],\"inLanguage\":\"en-GB\",\"potentialAction\":[{\"@type\":\"CommentAction\",\"name\":\"Comment\",\"target\":[\"https:\/\/carpathiacenter.ro\/inainte-de-craciun-se-va-putea-circula-neintrerupt-250-de-kilometri-pe-o-noua-autostrada-lucrari-contra-cronometru\/#respond\"]}]},{\"@type\":\"WebPage\",\"@id\":\"https:\/\/carpathiacenter.ro\/inainte-de-craciun-se-va-putea-circula-neintrerupt-250-de-kilometri-pe-o-noua-autostrada-lucrari-contra-cronometru\/\",\"url\":\"https:\/\/carpathiacenter.ro\/inainte-de-craciun-se-va-putea-circula-neintrerupt-250-de-kilometri-pe-o-noua-autostrada-lucrari-contra-cronometru\/\",\"name\":\"\u00cenainte de Cr\u0103ciun se va putea circula ne\u00eentrerupt 250 de kilometri pe o nou\u0103 autostrad\u0103. Lucr\u0103ri contra-cronometru - Carpathia Center Romania\",\"isPartOf\":{\"@id\":\"https:\/\/carpathiacenter.ro\/#website\"},\"datePublished\":\"2025-12-16T08:47:56+00:00\",\"breadcrumb\":{\"@id\":\"https:\/\/carpathiacenter.ro\/inainte-de-craciun-se-va-putea-circula-neintrerupt-250-de-kilometri-pe-o-noua-autostrada-lucrari-contra-cronometru\/#breadcrumb\"},\"inLanguage\":\"en-GB\",\"potentialAction\":[{\"@type\":\"ReadAction\",\"target\":[\"https:\/\/carpathiacenter.ro\/inainte-de-craciun-se-va-putea-circula-neintrerupt-250-de-kilometri-pe-o-noua-autostrada-lucrari-contra-cronometru\/\"]}]},{\"@type\":\"BreadcrumbList\",\"@id\":\"https:\/\/carpathiacenter.ro\/inainte-de-craciun-se-va-putea-circula-neintrerupt-250-de-kilometri-pe-o-noua-autostrada-lucrari-contra-cronometru\/#breadcrumb\",\"itemListElement\":[{\"@type\":\"ListItem\",\"position\":1,\"name\":\"Prima pagin\u0103\",\"item\":\"https:\/\/carpathiacenter.ro\/\"},{\"@type\":\"ListItem\",\"position\":2,\"name\":\"\u00cenainte de Cr\u0103ciun se va putea circula ne\u00eentrerupt 250 de kilometri pe o nou\u0103 autostrad\u0103. Lucr\u0103ri contra-cronometru\"}]},{\"@type\":\"WebSite\",\"@id\":\"https:\/\/carpathiacenter.ro\/#website\",\"url\":\"https:\/\/carpathiacenter.ro\/\",\"name\":\"Carpathia Center Romania\",\"description\":\"Impossible made possible!\",\"publisher\":{\"@id\":\"https:\/\/carpathiacenter.ro\/#organization\"},\"potentialAction\":[{\"@type\":\"SearchAction\",\"target\":{\"@type\":\"EntryPoint\",\"urlTemplate\":\"https:\/\/carpathiacenter.ro\/?s={search_term_string}\"},\"query-input\":{\"@type\":\"PropertyValueSpecification\",\"valueRequired\":true,\"valueName\":\"search_term_string\"}}],\"inLanguage\":\"en-GB\"},{\"@type\":\"Organization\",\"@id\":\"https:\/\/carpathiacenter.ro\/#organization\",\"name\":\"Carpathia Center Romania\",\"url\":\"https:\/\/carpathiacenter.ro\/\",\"logo\":{\"@type\":\"ImageObject\",\"inLanguage\":\"en-GB\",\"@id\":\"https:\/\/carpathiacenter.ro\/#\/schema\/logo\/image\/\",\"url\":\"https:\/\/carpathiacenter.ro\/wp-content\/uploads\/2024\/07\/logo-carpathia_bg_white-1024x941.png\",\"contentUrl\":\"https:\/\/carpathiacenter.ro\/wp-content\/uploads\/2024\/07\/logo-carpathia_bg_white-1024x941.png\",\"width\":1024,\"height\":941,\"caption\":\"Carpathia Center Romania\"},\"image\":{\"@id\":\"https:\/\/carpathiacenter.ro\/#\/schema\/logo\/image\/\"},\"sameAs\":[\"https:\/\/www.facebook.com\/fdpscarpathia\/\"]},{\"@type\":\"Person\",\"@id\":\"https:\/\/carpathiacenter.ro\/#\/schema\/person\/03d9f58202fee8379268f34afa195006\",\"name\":\"creativebitsolutions\",\"image\":{\"@type\":\"ImageObject\",\"inLanguage\":\"en-GB\",\"@id\":\"https:\/\/carpathiacenter.ro\/#\/schema\/person\/image\/\",\"url\":\"https:\/\/secure.gravatar.com\/avatar\/1b1a13e37f847c635dab78348f1dff2f07651ee2a3d77a5c355a4b8c75f9165a?s=96&d=mm&r=g\",\"contentUrl\":\"https:\/\/secure.gravatar.com\/avatar\/1b1a13e37f847c635dab78348f1dff2f07651ee2a3d77a5c355a4b8c75f9165a?s=96&d=mm&r=g\",\"caption\":\"creativebitsolutions\"},\"url\":\"https:\/\/carpathiacenter.ro\/en\/author\/creativebitsolutions\/\"}]}<\/script>\n<!-- \/ Yoast SEO plugin. -->","yoast_head_json":{"title":"\u00cenainte de Cr\u0103ciun se va putea circula ne\u00eentrerupt 250 de kilometri pe o nou\u0103 autostrad\u0103. Lucr\u0103ri contra-cronometru - Carpathia Center Romania","robots":{"index":"index","follow":"follow","max-snippet":"max-snippet:-1","max-image-preview":"max-image-preview:large","max-video-preview":"max-video-preview:-1"},"canonical":"https:\/\/carpathiacenter.ro\/en\/inainte-de-craciun-se-va-putea-circula-neintrerupt-250-de-kilometri-pe-o-noua-autostrada-lucrari-contra-cronometru\/","og_locale":"en_GB","og_type":"article","og_title":"\u00cenainte de Cr\u0103ciun se va putea circula ne\u00eentrerupt 250 de kilometri pe o nou\u0103 autostrad\u0103. Lucr\u0103ri contra-cronometru - Carpathia Center Romania","og_description":"Dup\u0103 ce la finalul lunii noiembrie a fost inaugurat\u0103 singura bucat\u0103 lips\u0103 de autostrad\u0103 pe ruta Bucure\u0219ti \u2013 Foc\u0219ani, o nou\u0103 por\u021biune de autostrad\u0103 \u00een Moldova va fi inaugurat\u0103 p\u00e2n\u0103 de Cr\u0103ciun, potrivit surselor HotNews. Bucata de autostrad\u0103 A7 de la Foc\u0219ani la Adjud, circa 53 de kilometri, va fi deschis\u0103 traficului cel mai probabil...","og_url":"https:\/\/carpathiacenter.ro\/en\/inainte-de-craciun-se-va-putea-circula-neintrerupt-250-de-kilometri-pe-o-noua-autostrada-lucrari-contra-cronometru\/","og_site_name":"Carpathia Center Romania","article_publisher":"https:\/\/www.facebook.com\/fdpscarpathia\/","article_published_time":"2025-12-16T08:47:56+00:00","author":"creativebitsolutions","twitter_card":"summary_large_image","twitter_misc":{"Written by":"creativebitsolutions","Estimated reading time":"5 minutes"},"schema":{"@context":"https:\/\/schema.org","@graph":[{"@type":"Article","@id":"https:\/\/carpathiacenter.ro\/inainte-de-craciun-se-va-putea-circula-neintrerupt-250-de-kilometri-pe-o-noua-autostrada-lucrari-contra-cronometru\/#article","isPartOf":{"@id":"https:\/\/carpathiacenter.ro\/inainte-de-craciun-se-va-putea-circula-neintrerupt-250-de-kilometri-pe-o-noua-autostrada-lucrari-contra-cronometru\/"},"author":{"name":"creativebitsolutions","@id":"https:\/\/carpathiacenter.ro\/#\/schema\/person\/03d9f58202fee8379268f34afa195006"},"headline":"\u00cenainte de Cr\u0103ciun se va putea circula ne\u00eentrerupt 250 de kilometri pe o nou\u0103 autostrad\u0103. Lucr\u0103ri contra-cronometru","datePublished":"2025-12-16T08:47:56+00:00","mainEntityOfPage":{"@id":"https:\/\/carpathiacenter.ro\/inainte-de-craciun-se-va-putea-circula-neintrerupt-250-de-kilometri-pe-o-noua-autostrada-lucrari-contra-cronometru\/"},"wordCount":1008,"commentCount":0,"publisher":{"@id":"https:\/\/carpathiacenter.ro\/#organization"},"articleSection":["Uncategorized"],"inLanguage":"en-GB","potentialAction":[{"@type":"CommentAction","name":"Comment","target":["https:\/\/carpathiacenter.ro\/inainte-de-craciun-se-va-putea-circula-neintrerupt-250-de-kilometri-pe-o-noua-autostrada-lucrari-contra-cronometru\/#respond"]}]},{"@type":"WebPage","@id":"https:\/\/carpathiacenter.ro\/inainte-de-craciun-se-va-putea-circula-neintrerupt-250-de-kilometri-pe-o-noua-autostrada-lucrari-contra-cronometru\/","url":"https:\/\/carpathiacenter.ro\/inainte-de-craciun-se-va-putea-circula-neintrerupt-250-de-kilometri-pe-o-noua-autostrada-lucrari-contra-cronometru\/","name":"\u00cenainte de Cr\u0103ciun se va putea circula ne\u00eentrerupt 250 de kilometri pe o nou\u0103 autostrad\u0103. Lucr\u0103ri contra-cronometru - Carpathia Center Romania","isPartOf":{"@id":"https:\/\/carpathiacenter.ro\/#website"},"datePublished":"2025-12-16T08:47:56+00:00","breadcrumb":{"@id":"https:\/\/carpathiacenter.ro\/inainte-de-craciun-se-va-putea-circula-neintrerupt-250-de-kilometri-pe-o-noua-autostrada-lucrari-contra-cronometru\/#breadcrumb"},"inLanguage":"en-GB","potentialAction":[{"@type":"ReadAction","target":["https:\/\/carpathiacenter.ro\/inainte-de-craciun-se-va-putea-circula-neintrerupt-250-de-kilometri-pe-o-noua-autostrada-lucrari-contra-cronometru\/"]}]},{"@type":"BreadcrumbList","@id":"https:\/\/carpathiacenter.ro\/inainte-de-craciun-se-va-putea-circula-neintrerupt-250-de-kilometri-pe-o-noua-autostrada-lucrari-contra-cronometru\/#breadcrumb","itemListElement":[{"@type":"ListItem","position":1,"name":"Prima pagin\u0103","item":"https:\/\/carpathiacenter.ro\/"},{"@type":"ListItem","position":2,"name":"\u00cenainte de Cr\u0103ciun se va putea circula ne\u00eentrerupt 250 de kilometri pe o nou\u0103 autostrad\u0103. Lucr\u0103ri contra-cronometru"}]},{"@type":"WebSite","@id":"https:\/\/carpathiacenter.ro\/#website","url":"https:\/\/carpathiacenter.ro\/","name":"Carpathia Center Romania","description":"Impossible made possible!","publisher":{"@id":"https:\/\/carpathiacenter.ro\/#organization"},"potentialAction":[{"@type":"SearchAction","target":{"@type":"EntryPoint","urlTemplate":"https:\/\/carpathiacenter.ro\/?s={search_term_string}"},"query-input":{"@type":"PropertyValueSpecification","valueRequired":true,"valueName":"search_term_string"}}],"inLanguage":"en-GB"},{"@type":"Organization","@id":"https:\/\/carpathiacenter.ro\/#organization","name":"Carpathia Center Romania","url":"https:\/\/carpathiacenter.ro\/","logo":{"@type":"ImageObject","inLanguage":"en-GB","@id":"https:\/\/carpathiacenter.ro\/#\/schema\/logo\/image\/","url":"https:\/\/carpathiacenter.ro\/wp-content\/uploads\/2024\/07\/logo-carpathia_bg_white-1024x941.png","contentUrl":"https:\/\/carpathiacenter.ro\/wp-content\/uploads\/2024\/07\/logo-carpathia_bg_white-1024x941.png","width":1024,"height":941,"caption":"Carpathia Center Romania"},"image":{"@id":"https:\/\/carpathiacenter.ro\/#\/schema\/logo\/image\/"},"sameAs":["https:\/\/www.facebook.com\/fdpscarpathia\/"]},{"@type":"Person","@id":"https:\/\/carpathiacenter.ro\/#\/schema\/person\/03d9f58202fee8379268f34afa195006","name":"creativebitsolutions","image":{"@type":"ImageObject","inLanguage":"en-GB","@id":"https:\/\/carpathiacenter.ro\/#\/schema\/person\/image\/","url":"https:\/\/secure.gravatar.com\/avatar\/1b1a13e37f847c635dab78348f1dff2f07651ee2a3d77a5c355a4b8c75f9165a?s=96&d=mm&r=g","contentUrl":"https:\/\/secure.gravatar.com\/avatar\/1b1a13e37f847c635dab78348f1dff2f07651ee2a3d77a5c355a4b8c75f9165a?s=96&d=mm&r=g","caption":"creativebitsolutions"},"url":"https:\/\/carpathiacenter.ro\/en\/author\/creativebitsolutions\/"}]}},"_links":{"self":[{"href":"https:\/\/carpathiacenter.ro\/en\/wp-json\/wp\/v2\/posts\/3514","targetHints":{"allow":["GET"]}}],"collection":[{"href":"https:\/\/carpathiacenter.ro\/en\/wp-json\/wp\/v2\/posts"}],"about":[{"href":"https:\/\/carpathiacenter.ro\/en\/wp-json\/wp\/v2\/types\/post"}],"author":[{"embeddable":true,"href":"https:\/\/carpathiacenter.ro\/en\/wp-json\/wp\/v2\/users\/4"}],"replies":[{"embeddable":true,"href":"https:\/\/carpathiacenter.ro\/en\/wp-json\/wp\/v2\/comments?post=3514"}],"version-history":[{"count":1,"href":"https:\/\/carpathiacenter.ro\/en\/wp-json\/wp\/v2\/posts\/3514\/revisions"}],"predecessor-version":[{"id":3515,"href":"https:\/\/carpathiacenter.ro\/en\/wp-json\/wp\/v2\/posts\/3514\/revisions\/3515"}],"wp:attachment":[{"href":"https:\/\/carpathiacenter.ro\/en\/wp-json\/wp\/v2\/media?parent=3514"}],"wp:term":[{"taxonomy":"category","embeddable":true,"href":"https:\/\/carpathiacenter.ro\/en\/wp-json\/wp\/v2\/categories?post=3514"},{"taxonomy":"post_tag","embeddable":true,"href":"https:\/\/carpathiacenter.ro\/en\/wp-json\/wp\/v2\/tags?post=3514"}],"curies":[{"name":"wp","href":"https:\/\/api.w.org\/{rel}","templated":true}]}}