{"id":3512,"date":"2025-12-15T11:03:44","date_gmt":"2025-12-15T11:03:44","guid":{"rendered":"https:\/\/carpathiacenter.ro\/?p=3512"},"modified":"2025-12-15T11:03:44","modified_gmt":"2025-12-15T11:03:44","slug":"motiunea-de-cenzura-impotriva-guvernului-bolojan-este-dezbatuta-si-votata-astazi-in-parlament","status":"publish","type":"post","link":"https:\/\/carpathiacenter.ro\/en\/motiunea-de-cenzura-impotriva-guvernului-bolojan-este-dezbatuta-si-votata-astazi-in-parlament\/","title":{"rendered":"Mo\u021biunea de cenzur\u0103 \u00eempotriva Guvernului Bolojan este dezb\u0103tut\u0103 \u015fi votat\u0103 ast\u0103zi \u00een Parlament"},"content":{"rendered":"<p><strong>Mo\u0163iunea de cenzur\u0103 intitulat\u0103 \u201eRom\u00e2nia nu este de v\u00e2nzare \u2013 f\u0103r\u0103 progresi\u015fti la guvernare\u201d urmeaz\u0103 s\u0103 fie dezb\u0103tut\u0103 \u015fi votat\u0103 luni dup\u0103-amiaz\u0103, \u00een plenul celor dou\u0103 Camere ale Parlamentului. Tot ast\u0103zi, se va vota la Senat \u0219i mo\u021biunea simpl\u0103 \u00eempotriva Dianei Buzoianu, ministra Mediului, ini\u021biat\u0103 de AUR.<\/strong><\/p>\n<p>Ini\u0163iativa parlamentar\u0103 <a href=\"https:\/\/hotnews.ro\/opozitia-depune-astazi-motiune-de-cenzura-impotriva-guvernului-bolojan-2122534\">a fost prezentat\u0103, cu o s\u0103pt\u0103m\u00e2n\u0103 \u00een urm\u0103, <\/a>de senatorul grupului Pace \u2013 \u00cent\u00e2i Rom\u00e2nia,&nbsp;Ninel Peia.<\/p>\n<p>Mo\u0163iunea de cenzur\u0103 urmeaz\u0103 s\u0103 fie dezb\u0103tut\u0103 \u015fi votat\u0103 ast\u0103zi, de la ora 14.00.&nbsp;Ea vine la o s\u0103pt\u0103m\u00e2n\u0103 dup\u0103 alegerile din Bucure\u0219ti, c\u00e2\u0219tigate de Ciprian Ciucu (PNL).<\/p>\n<p>\u00cen mo\u0163iune se cere demisia \u201eGuvernului progresist\u201d condus de Ilie Bolojan, pe motiv c\u0103 \u201ea demonstrat incapacitatea de a gestiona finan\u0163ele, s\u0103n\u0103tatea, educa\u0163ia, protec\u0163ia social\u0103, justi\u0163ia \u015fi administra\u0163ia public\u0103 \u2013 toate domeniile vitale care definesc via\u0163a unui popor liber \u015fi demn\u201d, potrivit Agerpres.<\/p>\n<p>\u201eCet\u0103\u0163enii pl\u0103tesc pre\u0163ul, iar Guvernul continu\u0103 s\u0103 confunde austeritatea cu eficien\u0163a, iar shopping-ul extern cu dezvoltarea na\u0163ional\u0103. Rom\u00e2nia nu mai poate tolera aceast\u0103 combina\u0163ie toxic\u0103 de incompeten\u0163\u0103 \u015fi indiferen\u0163\u0103. Prin urmare, solicit\u0103m Parlamentului s\u0103 ia act de e\u015fecul Guvernului \u015fi s\u0103 adopte m\u0103surile constitu\u0163ionale corespunz\u0103toare \u2013 mai precis demiterea Cabinetului Bolojan. Poporul rom\u00e2n merit\u0103 mai mult dec\u00e2t promisiuni goale \u015fi politici care \u00eel s\u0103r\u0103cesc. Merit\u0103 un guvern care serve\u015fte interesele na\u0163ionale, nu pe cele ale comodit\u0103\u0163ii politice sau ale afacerilor comandate de interese str\u0103ine (\u2026)\u201d, se arat\u0103 \u00een textul mo\u0163iunii de cenzur\u0103.<\/p>\n<p>Premierul Ilie Bolojan&nbsp;a declarat miercurea trecut\u0103, 10 decembrie, \u00een emisiunea Friendly Fire c\u0103 nu are emo\u0163ii la mo\u0163iunea de cenzur\u0103, sus\u021bin\u00e2nd c\u0103 nu se aga\u021b\u0103 de o anumit\u0103 func\u021bie.<\/p>\n<p>\u201eNu am emo\u0163ii la mo\u0163iunea de cenzur\u0103, dar n-a\u015f vrea s\u0103 \u00een\u0163elege\u0163i c\u0103 m\u0103 ag\u0103\u0163 de o anumit\u0103 func\u0163ie. Ce trebuie s\u0103 \u00een\u0163elegem? Indiferent cine este premier \u015fi ce majoritate parlamentar\u0103 am avea noi, problemele cu care se confrunt\u0103 Rom\u00e2nia nu dispar.&nbsp;Ele trebuie atacate, trebuie gestionate \u015fi nu este un lucru u\u015for s\u0103 faci acest proces de a le gestiona, de a corecta deficite, de a crea condi\u0163ii de dezvoltare, de a negocia contracte \u015fi a\u015fa mai departe\u201d, a spus Ilie Bolojan.<\/p>\n<p>\u201eSigur, vom vedea soliditatea coali\u0163iei. Inclusiv \u00een astfel de situa\u0163ii, atunci c\u00e2nd e o mo\u0163iune de cenzur\u0103, se testeaz\u0103 cel mai bine\u201d, a precizat Bolojan.<\/p>\n<h2 class=\"wp-block-heading\">Ce \u0219anse are s\u0103 treac\u0103 mo\u021biunea de cenzur\u0103<\/h2>\n<p>Mo\u021biunea de cenzur\u0103 este ini\u021biat\u0103 de grupul Pace \u2013 \u00cent\u00e2i Rom\u00e2nia din Senat, format din parlamentari ale\u0219i pe listele SOS Rom\u00e2nia, \u0219i este sus\u021binut\u0103 de parlamentarii AUR care o vor semna \u0219i vota.&nbsp;<\/p>\n<p>Pentru ca mo\u021biunea de cenzur\u0103 s\u0103 treac\u0103 este nevoie de 232 de voturi din 463, num\u0103r pe care opozi\u021bia nu-l are. \u00cen total, cele patru partide (PSD-PNL-USR-UDMR) care formeaz\u0103 guvernul au 293 de parlamentari, la care se adaug\u0103 16 deputa\u021bi din grupul minorit\u0103\u021bilor na\u021bionale, grup care sus\u021bine Guvernul \u00een Parlament. Deci, matematic, f\u0103r\u0103 sus\u021binere de la parlamentarii coali\u021biei, ini\u021biativa nu poate trece.<\/p>\n<p>Liderul PSD, Sorin Grindeanu, a anun\u021bat pe 9 decembrie c\u0103, dac\u0103 PSD decide s\u0103 ias\u0103 de la guvernare, va fi o decizie asumat\u0103, \u0219i nu va vota mo\u021biunea de cenzur\u0103.<\/p>\n<p>\u201eEvident c\u0103 nu vom vota aceast\u0103 mo\u021biune de cenzur\u0103, pentru c\u0103 suntem parteneri \u00een aceast\u0103 coali\u021bie. Iese din discu\u021bie. Dac\u0103 vom hot\u0103r\u00ee ca urmare a votului dat de colegii mei (\u2026) c\u0103 vom ie\u0219i din guvernare, din coali\u021bie, vom ie\u0219i, asta \u00eenseamn\u0103 asumat. Nu vot\u0103m a\u0219a ceva\u201d, a declarat Grindeanu, la finalul unei \u0219edin\u021be a conducerii PSD.<\/p>\n<h2 class=\"wp-block-heading\">Mo\u021biune simpl\u0103 la Senat \u00eempotriva Dianei Buzoianu<\/h2>\n<p>Tot azi, de la ora 16.00, Senatul va dezbate \u0219i vota mo\u021biunea simpl\u0103 ini\u021biat\u0103 de AUR intitulat\u0103 \u201ePrahova sub asediu. Peste 100.000 de rom\u00e2ni condamna\u021bi la sete \u0219i boal\u0103 sub privirea complice a ministrei mediului, Diana Buzoianu\u201d.<\/p>\n<p>Semnatarii mo\u021biunii simple cer demisia ministrului Mediului, Diana Buzoianu, pentru \u00eentreruperea aliment\u0103rii cu ap\u0103 a 13 localit\u0103\u021bi din jude\u021bele Prahova \u0219i D\u00e2mbovi\u021ba \u0219i \u2018ignorarea\u2019 situa\u021biei barajelor din Rom\u00e2nia.<\/p>\n<p>Liderul senatorilor AUR, Petri\u0219or Peiu, a anun\u021bat, \u00een plen, depunerea mo\u021biunii, sus\u021binut\u0103 de 39 de senatori.<\/p>\n<p>Semnatarii o acuz\u0103 pe Buzoianu de incompeten\u021b\u0103, \u201ecare a dus la sistarea aliment\u0103rii cu ap\u0103 potabil\u0103 a peste 100.000 de locuitori, \u00eenchiderea spitalelor din jude\u021bul Prahova, a centralei de la Brazi, a unit\u0103\u021bilor de \u00eenv\u0103\u021b\u0103m\u00e2nt \u0219i a institu\u021biilor publice\u201d.<\/p>\n<p>Sursa articolului:  <a href=\"https:\/\/hotnews.ro\/motiunea-de-cenzura-impotriva-guvernului-bolojan-este-dezbatuta-si-votata-astazi-in-parlament-2130876 target=\"_blank\" rel=\"noopener\" title=\"\">https:\/\/hotnews.ro\/motiunea-de-cenzura-impotriva-guvernului-bolojan-este-dezbatuta-si-votata-astazi-in-parlament-2130876<\/a><\/p>","protected":false},"excerpt":{"rendered":"<p>Mo\u0163iunea de cenzur\u0103 intitulat\u0103 \u201eRom\u00e2nia nu este de v\u00e2nzare \u2013 f\u0103r\u0103 progresi\u015fti la guvernare\u201d urmeaz\u0103 s\u0103 fie dezb\u0103tut\u0103 \u015fi votat\u0103 luni dup\u0103-amiaz\u0103, \u00een plenul celor dou\u0103 Camere ale Parlamentului. Tot ast\u0103zi, se va vota la Senat \u0219i mo\u021biunea simpl\u0103 \u00eempotriva Dianei Buzoianu, ministra Mediului, ini\u021biat\u0103 de AUR. Ini\u0163iativa parlamentar\u0103 a fost prezentat\u0103, cu o s\u0103pt\u0103m\u00e2n\u0103&#8230;<\/p>","protected":false},"author":4,"featured_media":0,"comment_status":"open","ping_status":"open","sticky":false,"template":"","format":"standard","meta":{"footnotes":""},"categories":[1],"tags":[],"class_list":["post-3512","post","type-post","status-publish","format-standard","hentry","category-uncategorized"],"yoast_head":"<!-- This site is optimized with the Yoast SEO plugin v26.1.1 - https:\/\/yoast.com\/wordpress\/plugins\/seo\/ -->\n<title>Mo\u021biunea de cenzur\u0103 \u00eempotriva Guvernului Bolojan este dezb\u0103tut\u0103 \u015fi votat\u0103 ast\u0103zi \u00een Parlament - Carpathia Center Romania<\/title>\n<meta name=\"robots\" content=\"index, follow, max-snippet:-1, max-image-preview:large, max-video-preview:-1\" \/>\n<link rel=\"canonical\" href=\"https:\/\/carpathiacenter.ro\/en\/motiunea-de-cenzura-impotriva-guvernului-bolojan-este-dezbatuta-si-votata-astazi-in-parlament\/\" \/>\n<meta property=\"og:locale\" content=\"en_GB\" \/>\n<meta property=\"og:type\" content=\"article\" \/>\n<meta property=\"og:title\" content=\"Mo\u021biunea de cenzur\u0103 \u00eempotriva Guvernului Bolojan este dezb\u0103tut\u0103 \u015fi votat\u0103 ast\u0103zi \u00een Parlament - Carpathia Center Romania\" \/>\n<meta property=\"og:description\" content=\"Mo\u0163iunea de cenzur\u0103 intitulat\u0103 \u201eRom\u00e2nia nu este de v\u00e2nzare \u2013 f\u0103r\u0103 progresi\u015fti la guvernare\u201d urmeaz\u0103 s\u0103 fie dezb\u0103tut\u0103 \u015fi votat\u0103 luni dup\u0103-amiaz\u0103, \u00een plenul celor dou\u0103 Camere ale Parlamentului. Tot ast\u0103zi, se va vota la Senat \u0219i mo\u021biunea simpl\u0103 \u00eempotriva Dianei Buzoianu, ministra Mediului, ini\u021biat\u0103 de AUR. Ini\u0163iativa parlamentar\u0103 a fost prezentat\u0103, cu o s\u0103pt\u0103m\u00e2n\u0103...\" \/>\n<meta property=\"og:url\" content=\"https:\/\/carpathiacenter.ro\/en\/motiunea-de-cenzura-impotriva-guvernului-bolojan-este-dezbatuta-si-votata-astazi-in-parlament\/\" \/>\n<meta property=\"og:site_name\" content=\"Carpathia Center Romania\" \/>\n<meta property=\"article:publisher\" content=\"https:\/\/www.facebook.com\/fdpscarpathia\/\" \/>\n<meta property=\"article:published_time\" content=\"2025-12-15T11:03:44+00:00\" \/>\n<meta name=\"author\" content=\"creativebitsolutions\" \/>\n<meta name=\"twitter:card\" content=\"summary_large_image\" \/>\n<meta name=\"twitter:label1\" content=\"Written by\" \/>\n\t<meta name=\"twitter:data1\" content=\"creativebitsolutions\" \/>\n<script type=\"application\/ld+json\" class=\"yoast-schema-graph\">{\"@context\":\"https:\/\/schema.org\",\"@graph\":[{\"@type\":\"Article\",\"@id\":\"https:\/\/carpathiacenter.ro\/motiunea-de-cenzura-impotriva-guvernului-bolojan-este-dezbatuta-si-votata-astazi-in-parlament\/#article\",\"isPartOf\":{\"@id\":\"https:\/\/carpathiacenter.ro\/motiunea-de-cenzura-impotriva-guvernului-bolojan-este-dezbatuta-si-votata-astazi-in-parlament\/\"},\"author\":{\"name\":\"creativebitsolutions\",\"@id\":\"https:\/\/carpathiacenter.ro\/#\/schema\/person\/03d9f58202fee8379268f34afa195006\"},\"headline\":\"Mo\u021biunea de cenzur\u0103 \u00eempotriva Guvernului Bolojan este dezb\u0103tut\u0103 \u015fi votat\u0103 ast\u0103zi \u00een Parlament\",\"datePublished\":\"2025-12-15T11:03:44+00:00\",\"mainEntityOfPage\":{\"@id\":\"https:\/\/carpathiacenter.ro\/motiunea-de-cenzura-impotriva-guvernului-bolojan-este-dezbatuta-si-votata-astazi-in-parlament\/\"},\"wordCount\":815,\"commentCount\":0,\"publisher\":{\"@id\":\"https:\/\/carpathiacenter.ro\/#organization\"},\"articleSection\":[\"Uncategorized\"],\"inLanguage\":\"en-GB\",\"potentialAction\":[{\"@type\":\"CommentAction\",\"name\":\"Comment\",\"target\":[\"https:\/\/carpathiacenter.ro\/motiunea-de-cenzura-impotriva-guvernului-bolojan-este-dezbatuta-si-votata-astazi-in-parlament\/#respond\"]}]},{\"@type\":\"WebPage\",\"@id\":\"https:\/\/carpathiacenter.ro\/motiunea-de-cenzura-impotriva-guvernului-bolojan-este-dezbatuta-si-votata-astazi-in-parlament\/\",\"url\":\"https:\/\/carpathiacenter.ro\/motiunea-de-cenzura-impotriva-guvernului-bolojan-este-dezbatuta-si-votata-astazi-in-parlament\/\",\"name\":\"Mo\u021biunea de cenzur\u0103 \u00eempotriva Guvernului Bolojan este dezb\u0103tut\u0103 \u015fi votat\u0103 ast\u0103zi \u00een Parlament - Carpathia Center Romania\",\"isPartOf\":{\"@id\":\"https:\/\/carpathiacenter.ro\/#website\"},\"datePublished\":\"2025-12-15T11:03:44+00:00\",\"breadcrumb\":{\"@id\":\"https:\/\/carpathiacenter.ro\/motiunea-de-cenzura-impotriva-guvernului-bolojan-este-dezbatuta-si-votata-astazi-in-parlament\/#breadcrumb\"},\"inLanguage\":\"en-GB\",\"potentialAction\":[{\"@type\":\"ReadAction\",\"target\":[\"https:\/\/carpathiacenter.ro\/motiunea-de-cenzura-impotriva-guvernului-bolojan-este-dezbatuta-si-votata-astazi-in-parlament\/\"]}]},{\"@type\":\"BreadcrumbList\",\"@id\":\"https:\/\/carpathiacenter.ro\/motiunea-de-cenzura-impotriva-guvernului-bolojan-este-dezbatuta-si-votata-astazi-in-parlament\/#breadcrumb\",\"itemListElement\":[{\"@type\":\"ListItem\",\"position\":1,\"name\":\"Prima pagin\u0103\",\"item\":\"https:\/\/carpathiacenter.ro\/\"},{\"@type\":\"ListItem\",\"position\":2,\"name\":\"Mo\u021biunea de cenzur\u0103 \u00eempotriva Guvernului Bolojan este dezb\u0103tut\u0103 \u015fi votat\u0103 ast\u0103zi \u00een Parlament\"}]},{\"@type\":\"WebSite\",\"@id\":\"https:\/\/carpathiacenter.ro\/#website\",\"url\":\"https:\/\/carpathiacenter.ro\/\",\"name\":\"Carpathia Center Romania\",\"description\":\"Impossible made possible!\",\"publisher\":{\"@id\":\"https:\/\/carpathiacenter.ro\/#organization\"},\"potentialAction\":[{\"@type\":\"SearchAction\",\"target\":{\"@type\":\"EntryPoint\",\"urlTemplate\":\"https:\/\/carpathiacenter.ro\/?s={search_term_string}\"},\"query-input\":{\"@type\":\"PropertyValueSpecification\",\"valueRequired\":true,\"valueName\":\"search_term_string\"}}],\"inLanguage\":\"en-GB\"},{\"@type\":\"Organization\",\"@id\":\"https:\/\/carpathiacenter.ro\/#organization\",\"name\":\"Carpathia Center Romania\",\"url\":\"https:\/\/carpathiacenter.ro\/\",\"logo\":{\"@type\":\"ImageObject\",\"inLanguage\":\"en-GB\",\"@id\":\"https:\/\/carpathiacenter.ro\/#\/schema\/logo\/image\/\",\"url\":\"https:\/\/carpathiacenter.ro\/wp-content\/uploads\/2024\/07\/logo-carpathia_bg_white-1024x941.png\",\"contentUrl\":\"https:\/\/carpathiacenter.ro\/wp-content\/uploads\/2024\/07\/logo-carpathia_bg_white-1024x941.png\",\"width\":1024,\"height\":941,\"caption\":\"Carpathia Center Romania\"},\"image\":{\"@id\":\"https:\/\/carpathiacenter.ro\/#\/schema\/logo\/image\/\"},\"sameAs\":[\"https:\/\/www.facebook.com\/fdpscarpathia\/\"]},{\"@type\":\"Person\",\"@id\":\"https:\/\/carpathiacenter.ro\/#\/schema\/person\/03d9f58202fee8379268f34afa195006\",\"name\":\"creativebitsolutions\",\"image\":{\"@type\":\"ImageObject\",\"inLanguage\":\"en-GB\",\"@id\":\"https:\/\/carpathiacenter.ro\/#\/schema\/person\/image\/\",\"url\":\"https:\/\/secure.gravatar.com\/avatar\/1b1a13e37f847c635dab78348f1dff2f07651ee2a3d77a5c355a4b8c75f9165a?s=96&d=mm&r=g\",\"contentUrl\":\"https:\/\/secure.gravatar.com\/avatar\/1b1a13e37f847c635dab78348f1dff2f07651ee2a3d77a5c355a4b8c75f9165a?s=96&d=mm&r=g\",\"caption\":\"creativebitsolutions\"},\"url\":\"https:\/\/carpathiacenter.ro\/en\/author\/creativebitsolutions\/\"}]}<\/script>\n<!-- \/ Yoast SEO plugin. -->","yoast_head_json":{"title":"Mo\u021biunea de cenzur\u0103 \u00eempotriva Guvernului Bolojan este dezb\u0103tut\u0103 \u015fi votat\u0103 ast\u0103zi \u00een Parlament - Carpathia Center Romania","robots":{"index":"index","follow":"follow","max-snippet":"max-snippet:-1","max-image-preview":"max-image-preview:large","max-video-preview":"max-video-preview:-1"},"canonical":"https:\/\/carpathiacenter.ro\/en\/motiunea-de-cenzura-impotriva-guvernului-bolojan-este-dezbatuta-si-votata-astazi-in-parlament\/","og_locale":"en_GB","og_type":"article","og_title":"Mo\u021biunea de cenzur\u0103 \u00eempotriva Guvernului Bolojan este dezb\u0103tut\u0103 \u015fi votat\u0103 ast\u0103zi \u00een Parlament - Carpathia Center Romania","og_description":"Mo\u0163iunea de cenzur\u0103 intitulat\u0103 \u201eRom\u00e2nia nu este de v\u00e2nzare \u2013 f\u0103r\u0103 progresi\u015fti la guvernare\u201d urmeaz\u0103 s\u0103 fie dezb\u0103tut\u0103 \u015fi votat\u0103 luni dup\u0103-amiaz\u0103, \u00een plenul celor dou\u0103 Camere ale Parlamentului. Tot ast\u0103zi, se va vota la Senat \u0219i mo\u021biunea simpl\u0103 \u00eempotriva Dianei Buzoianu, ministra Mediului, ini\u021biat\u0103 de AUR. Ini\u0163iativa parlamentar\u0103 a fost prezentat\u0103, cu o s\u0103pt\u0103m\u00e2n\u0103...","og_url":"https:\/\/carpathiacenter.ro\/en\/motiunea-de-cenzura-impotriva-guvernului-bolojan-este-dezbatuta-si-votata-astazi-in-parlament\/","og_site_name":"Carpathia Center Romania","article_publisher":"https:\/\/www.facebook.com\/fdpscarpathia\/","article_published_time":"2025-12-15T11:03:44+00:00","author":"creativebitsolutions","twitter_card":"summary_large_image","twitter_misc":{"Written by":"creativebitsolutions"},"schema":{"@context":"https:\/\/schema.org","@graph":[{"@type":"Article","@id":"https:\/\/carpathiacenter.ro\/motiunea-de-cenzura-impotriva-guvernului-bolojan-este-dezbatuta-si-votata-astazi-in-parlament\/#article","isPartOf":{"@id":"https:\/\/carpathiacenter.ro\/motiunea-de-cenzura-impotriva-guvernului-bolojan-este-dezbatuta-si-votata-astazi-in-parlament\/"},"author":{"name":"creativebitsolutions","@id":"https:\/\/carpathiacenter.ro\/#\/schema\/person\/03d9f58202fee8379268f34afa195006"},"headline":"Mo\u021biunea de cenzur\u0103 \u00eempotriva Guvernului Bolojan este dezb\u0103tut\u0103 \u015fi votat\u0103 ast\u0103zi \u00een Parlament","datePublished":"2025-12-15T11:03:44+00:00","mainEntityOfPage":{"@id":"https:\/\/carpathiacenter.ro\/motiunea-de-cenzura-impotriva-guvernului-bolojan-este-dezbatuta-si-votata-astazi-in-parlament\/"},"wordCount":815,"commentCount":0,"publisher":{"@id":"https:\/\/carpathiacenter.ro\/#organization"},"articleSection":["Uncategorized"],"inLanguage":"en-GB","potentialAction":[{"@type":"CommentAction","name":"Comment","target":["https:\/\/carpathiacenter.ro\/motiunea-de-cenzura-impotriva-guvernului-bolojan-este-dezbatuta-si-votata-astazi-in-parlament\/#respond"]}]},{"@type":"WebPage","@id":"https:\/\/carpathiacenter.ro\/motiunea-de-cenzura-impotriva-guvernului-bolojan-este-dezbatuta-si-votata-astazi-in-parlament\/","url":"https:\/\/carpathiacenter.ro\/motiunea-de-cenzura-impotriva-guvernului-bolojan-este-dezbatuta-si-votata-astazi-in-parlament\/","name":"Mo\u021biunea de cenzur\u0103 \u00eempotriva Guvernului Bolojan este dezb\u0103tut\u0103 \u015fi votat\u0103 ast\u0103zi \u00een Parlament - Carpathia Center Romania","isPartOf":{"@id":"https:\/\/carpathiacenter.ro\/#website"},"datePublished":"2025-12-15T11:03:44+00:00","breadcrumb":{"@id":"https:\/\/carpathiacenter.ro\/motiunea-de-cenzura-impotriva-guvernului-bolojan-este-dezbatuta-si-votata-astazi-in-parlament\/#breadcrumb"},"inLanguage":"en-GB","potentialAction":[{"@type":"ReadAction","target":["https:\/\/carpathiacenter.ro\/motiunea-de-cenzura-impotriva-guvernului-bolojan-este-dezbatuta-si-votata-astazi-in-parlament\/"]}]},{"@type":"BreadcrumbList","@id":"https:\/\/carpathiacenter.ro\/motiunea-de-cenzura-impotriva-guvernului-bolojan-este-dezbatuta-si-votata-astazi-in-parlament\/#breadcrumb","itemListElement":[{"@type":"ListItem","position":1,"name":"Prima pagin\u0103","item":"https:\/\/carpathiacenter.ro\/"},{"@type":"ListItem","position":2,"name":"Mo\u021biunea de cenzur\u0103 \u00eempotriva Guvernului Bolojan este dezb\u0103tut\u0103 \u015fi votat\u0103 ast\u0103zi \u00een Parlament"}]},{"@type":"WebSite","@id":"https:\/\/carpathiacenter.ro\/#website","url":"https:\/\/carpathiacenter.ro\/","name":"Carpathia Center Romania","description":"Impossible made possible!","publisher":{"@id":"https:\/\/carpathiacenter.ro\/#organization"},"potentialAction":[{"@type":"SearchAction","target":{"@type":"EntryPoint","urlTemplate":"https:\/\/carpathiacenter.ro\/?s={search_term_string}"},"query-input":{"@type":"PropertyValueSpecification","valueRequired":true,"valueName":"search_term_string"}}],"inLanguage":"en-GB"},{"@type":"Organization","@id":"https:\/\/carpathiacenter.ro\/#organization","name":"Carpathia Center Romania","url":"https:\/\/carpathiacenter.ro\/","logo":{"@type":"ImageObject","inLanguage":"en-GB","@id":"https:\/\/carpathiacenter.ro\/#\/schema\/logo\/image\/","url":"https:\/\/carpathiacenter.ro\/wp-content\/uploads\/2024\/07\/logo-carpathia_bg_white-1024x941.png","contentUrl":"https:\/\/carpathiacenter.ro\/wp-content\/uploads\/2024\/07\/logo-carpathia_bg_white-1024x941.png","width":1024,"height":941,"caption":"Carpathia Center Romania"},"image":{"@id":"https:\/\/carpathiacenter.ro\/#\/schema\/logo\/image\/"},"sameAs":["https:\/\/www.facebook.com\/fdpscarpathia\/"]},{"@type":"Person","@id":"https:\/\/carpathiacenter.ro\/#\/schema\/person\/03d9f58202fee8379268f34afa195006","name":"creativebitsolutions","image":{"@type":"ImageObject","inLanguage":"en-GB","@id":"https:\/\/carpathiacenter.ro\/#\/schema\/person\/image\/","url":"https:\/\/secure.gravatar.com\/avatar\/1b1a13e37f847c635dab78348f1dff2f07651ee2a3d77a5c355a4b8c75f9165a?s=96&d=mm&r=g","contentUrl":"https:\/\/secure.gravatar.com\/avatar\/1b1a13e37f847c635dab78348f1dff2f07651ee2a3d77a5c355a4b8c75f9165a?s=96&d=mm&r=g","caption":"creativebitsolutions"},"url":"https:\/\/carpathiacenter.ro\/en\/author\/creativebitsolutions\/"}]}},"_links":{"self":[{"href":"https:\/\/carpathiacenter.ro\/en\/wp-json\/wp\/v2\/posts\/3512","targetHints":{"allow":["GET"]}}],"collection":[{"href":"https:\/\/carpathiacenter.ro\/en\/wp-json\/wp\/v2\/posts"}],"about":[{"href":"https:\/\/carpathiacenter.ro\/en\/wp-json\/wp\/v2\/types\/post"}],"author":[{"embeddable":true,"href":"https:\/\/carpathiacenter.ro\/en\/wp-json\/wp\/v2\/users\/4"}],"replies":[{"embeddable":true,"href":"https:\/\/carpathiacenter.ro\/en\/wp-json\/wp\/v2\/comments?post=3512"}],"version-history":[{"count":1,"href":"https:\/\/carpathiacenter.ro\/en\/wp-json\/wp\/v2\/posts\/3512\/revisions"}],"predecessor-version":[{"id":3513,"href":"https:\/\/carpathiacenter.ro\/en\/wp-json\/wp\/v2\/posts\/3512\/revisions\/3513"}],"wp:attachment":[{"href":"https:\/\/carpathiacenter.ro\/en\/wp-json\/wp\/v2\/media?parent=3512"}],"wp:term":[{"taxonomy":"category","embeddable":true,"href":"https:\/\/carpathiacenter.ro\/en\/wp-json\/wp\/v2\/categories?post=3512"},{"taxonomy":"post_tag","embeddable":true,"href":"https:\/\/carpathiacenter.ro\/en\/wp-json\/wp\/v2\/tags?post=3512"}],"curies":[{"name":"wp","href":"https:\/\/api.w.org\/{rel}","templated":true}]}}