{"id":3490,"date":"2025-12-11T11:10:20","date_gmt":"2025-12-11T11:10:20","guid":{"rendered":"https:\/\/carpathiacenter.ro\/?p=3490"},"modified":"2025-12-11T11:10:20","modified_gmt":"2025-12-11T11:10:20","slug":"hossu-cartel-alfa-este-urgenta-medierea-din-partea-presedintelui-a-conflictului-privind-salariul-minim","status":"publish","type":"post","link":"https:\/\/carpathiacenter.ro\/en\/hossu-cartel-alfa-este-urgenta-medierea-din-partea-presedintelui-a-conflictului-privind-salariul-minim\/","title":{"rendered":"Hossu (Cartel Alfa): Este urgent\u0103 medierea din partea pre\u0219edintelui a conflictului privind salariul minim"},"content":{"rendered":"<p><strong>Sindicali\u0219tii se vor adresa \u00een continuare Administra\u021biei Preziden\u021biale, pentru c\u0103 este urgent nevoie de medierea din partea pre\u0219edintelui a conflictului cu Guvernul pe teme precum salariul minim sau contractul colectiv de munc\u0103, a declarat Bogdan Hossu, pre\u0219edintele confedera\u021biei sindicale Cartel Alfa.<\/strong><\/p>\n<p>&#8216;Concluzia \u00eent\u00e2lnirii de ast\u0103zi este c\u0103 Guvernul a r\u0103mas s\u0103 analizeze s\u0103pt\u0103m\u00e2na viitoare, a ascultat argumentele pro sau contra. (&#8230;) S\u0103pt\u0103m\u00e2na viitoare decid \u00een Guvern, se pare c\u0103 se mai r\u0103zg\u00e2ndesc. Din punctul nostru de vedere, premierul, ini\u021bial, \u0219i-a exprimat punctul de vedere pentru \u00eenghe\u021barea salariului minim pe economie garantat \u00een plat\u0103. I-am avertizat c\u0103, din acest punct de vedere, \u00eenseamn\u0103 un prejudiciu la bugetul statului, pe de-o parte. Putem accepta ca s\u0103 nu mai existe deductibilitatea care este prev\u0103zut\u0103 la ora actual\u0103, dar trebuie crescut la 4.350 de lei, pentru c\u0103 nu este normal s\u0103-i penalizeze pe cei care vor face cre\u0219terea economic\u0103. (&#8230;) \u00cen mod normal, salariul minim ar trebui s\u0103 creasc\u0103 pentru c\u0103 aduce numai beneficii, adic\u0103 venituri suplimentare la bugetul de stat&#8217;, a afirmat Bogdan Hossu, miercuri, dup\u0103 reuniunea Consiliului Na\u021bional Tripartit desf\u0103\u0219urat\u0103 la Palatul Victoria.<\/p>\n<p>El a ad\u0103ugat c\u0103, mai mult, \u00een condi\u021biile actuale, vor s\u0103 legifereze prin lege, de fapt, &#8216;evaziunea fiscal\u0103 \u00een structura bugetului de stat&#8217;.<\/p>\n<p>&#8216;Pentru c\u0103, practic, s\u0103 ai o treime din salaria\u021bi la salariu minim \u00eenseamn\u0103 c\u0103 \u00een momentul respectiv nu po\u021bi s\u0103 ai preten\u021bia unei cre\u0219teri economice \u0219i este clar o evaziune fiscal\u0103 care este sus\u021binut\u0103, \u00een principal, de \u00eentreprinderile mici \u0219i mijlocii care sunt interesate s\u0103-\u0219i maximalizeze profitul pentru propriile companii. Nu \u00een ultimul r\u00e2nd, i-am atras aten\u021bia premierului c\u0103 percep\u021bia, cel pu\u021bin cea care mi se transmite din partea colegilor mei, e c\u0103 domnia sa ur\u0103\u0219te salaria\u021bii \u0219i cet\u0103\u021benii din Rom\u00e2nia. \u0218i c\u0103 m\u0103surile sunt luate tenden\u021bios pentru a-i abrutiza. \u0218i, de fapt, protejeaz\u0103 \u00een continuare companiile cu capital privat \u0219i de stat&#8217;, a mai afirmat liderul Cartel Alfa.<\/p>\n<p>Premierul nu a avut niciun comentariu de f\u0103cut, potrivit acestuia, \u00eentrebat cum a r\u0103spuns la acuzele sindicali\u0219tilor.<\/p>\n<p>Totodat\u0103, a men\u021bionat c\u0103 urm\u0103toarea reuniune a Consiliului Na\u021bional Tripartit ar urma s\u0103 aib\u0103 loc peste dou\u0103 s\u0103pt\u0103m\u00e2ni, \u00eenainte ca Executivul s\u0103 adopte &#8216;ordonan\u021ba trenule\u021b&#8217; necesar\u0103 finaliz\u0103rii proiectului Legii bugetului de stat.<\/p>\n<p>&#8216;S\u0103pt\u0103m\u00e2na viitoare, nu. Probabil peste dou\u0103 s\u0103pt\u0103m\u00e2ni, pentru c\u0103 &#8216;ordonan\u021ba trenule\u021bul&#8217; trebuie trecut\u0103 prin Consiliul Na\u021bional Tripartit pentru Dialog Social. Guvernul dore\u0219te s\u0103 o scoat\u0103 \u00eenainte de Cr\u0103ciun, deci ar trebui s\u0103 fie obiectul unei discu\u021bii \u00een cadrul CNT&#8217;, a mai declarat liderul Cartel Alfa.<\/p>\n<p>\u00cen context, Hossu a subliniat c\u0103 sindicali\u0219tii se vor adresa, \u00een continuare, pre\u0219edintelui Rom\u00e2niei \u00een vederea medierii &#8216;conflictului&#8217;, \u00eentrebat dac\u0103 organiza\u021bia pe care o reprezint\u0103 va organiza noi ac\u021biuni de protest.<\/p>\n<p>&#8216;Da, \u0219i ne vom adresa \u00een continuare Administra\u021biei Preziden\u021biale, pentru c\u0103 este urgent nevoie de medierea Administra\u021biei, a pre\u0219edintelui Rom\u00e2niei, conform prevederilor constitu\u021bionale, pentru a rezolva problema conflictului care exist\u0103 \u0219i care va escalada de la o zi la alta&#8217;, a eviden\u021biat liderul Cartel Alfa. AGERPRES\/(A &#8211; redactor: Daniel Florea, , editor: Florin Marin, editor online: Simona Aru\u015ftei)<br \/>\n<br \/>\nSursa articolului:  <a href=\"https:\/\/agerpres.ro\/politic\/2025\/12\/10\/hossu-cartel-alfa-este-urgenta-medierea-din-partea-presedintelui-a-conflictului-privind-salariul-min--1510792\" target=\"_blank\" rel=\"noopener\" title=\"\">AGERPRES<\/a><\/p>","protected":false},"excerpt":{"rendered":"<p>Sindicali\u0219tii se vor adresa \u00een continuare Administra\u021biei Preziden\u021biale, pentru c\u0103 este urgent nevoie de medierea din partea pre\u0219edintelui a conflictului cu Guvernul pe teme precum salariul minim sau contractul colectiv de munc\u0103, a declarat Bogdan Hossu, pre\u0219edintele confedera\u021biei sindicale Cartel Alfa. &#8216;Concluzia \u00eent\u00e2lnirii de ast\u0103zi este c\u0103 Guvernul a r\u0103mas s\u0103 analizeze s\u0103pt\u0103m\u00e2na viitoare, a&#8230;<\/p>","protected":false},"author":4,"featured_media":0,"comment_status":"open","ping_status":"open","sticky":false,"template":"","format":"standard","meta":{"footnotes":""},"categories":[1],"tags":[],"class_list":["post-3490","post","type-post","status-publish","format-standard","hentry","category-uncategorized"],"yoast_head":"<!-- This site is optimized with the Yoast SEO plugin v26.1.1 - https:\/\/yoast.com\/wordpress\/plugins\/seo\/ -->\n<title>Hossu (Cartel Alfa): Este urgent\u0103 medierea din partea pre\u0219edintelui a conflictului privind salariul minim - Carpathia Center Romania<\/title>\n<meta name=\"robots\" content=\"index, follow, max-snippet:-1, max-image-preview:large, max-video-preview:-1\" \/>\n<link rel=\"canonical\" href=\"https:\/\/carpathiacenter.ro\/en\/hossu-cartel-alfa-este-urgenta-medierea-din-partea-presedintelui-a-conflictului-privind-salariul-minim\/\" \/>\n<meta property=\"og:locale\" content=\"en_GB\" \/>\n<meta property=\"og:type\" content=\"article\" \/>\n<meta property=\"og:title\" content=\"Hossu (Cartel Alfa): Este urgent\u0103 medierea din partea pre\u0219edintelui a conflictului privind salariul minim - Carpathia Center Romania\" \/>\n<meta property=\"og:description\" content=\"Sindicali\u0219tii se vor adresa \u00een continuare Administra\u021biei Preziden\u021biale, pentru c\u0103 este urgent nevoie de medierea din partea pre\u0219edintelui a conflictului cu Guvernul pe teme precum salariul minim sau contractul colectiv de munc\u0103, a declarat Bogdan Hossu, pre\u0219edintele confedera\u021biei sindicale Cartel Alfa. &#8216;Concluzia \u00eent\u00e2lnirii de ast\u0103zi este c\u0103 Guvernul a r\u0103mas s\u0103 analizeze s\u0103pt\u0103m\u00e2na viitoare, a...\" \/>\n<meta property=\"og:url\" content=\"https:\/\/carpathiacenter.ro\/en\/hossu-cartel-alfa-este-urgenta-medierea-din-partea-presedintelui-a-conflictului-privind-salariul-minim\/\" \/>\n<meta property=\"og:site_name\" content=\"Carpathia Center Romania\" \/>\n<meta property=\"article:publisher\" content=\"https:\/\/www.facebook.com\/fdpscarpathia\/\" \/>\n<meta property=\"article:published_time\" content=\"2025-12-11T11:10:20+00:00\" \/>\n<meta name=\"author\" content=\"creativebitsolutions\" \/>\n<meta name=\"twitter:card\" content=\"summary_large_image\" \/>\n<meta name=\"twitter:label1\" content=\"Written by\" \/>\n\t<meta name=\"twitter:data1\" content=\"creativebitsolutions\" \/>\n<script type=\"application\/ld+json\" class=\"yoast-schema-graph\">{\"@context\":\"https:\/\/schema.org\",\"@graph\":[{\"@type\":\"Article\",\"@id\":\"https:\/\/carpathiacenter.ro\/hossu-cartel-alfa-este-urgenta-medierea-din-partea-presedintelui-a-conflictului-privind-salariul-minim\/#article\",\"isPartOf\":{\"@id\":\"https:\/\/carpathiacenter.ro\/hossu-cartel-alfa-este-urgenta-medierea-din-partea-presedintelui-a-conflictului-privind-salariul-minim\/\"},\"author\":{\"name\":\"creativebitsolutions\",\"@id\":\"https:\/\/carpathiacenter.ro\/#\/schema\/person\/03d9f58202fee8379268f34afa195006\"},\"headline\":\"Hossu (Cartel Alfa): Este urgent\u0103 medierea din partea pre\u0219edintelui a conflictului privind salariul minim\",\"datePublished\":\"2025-12-11T11:10:20+00:00\",\"mainEntityOfPage\":{\"@id\":\"https:\/\/carpathiacenter.ro\/hossu-cartel-alfa-este-urgenta-medierea-din-partea-presedintelui-a-conflictului-privind-salariul-minim\/\"},\"wordCount\":590,\"commentCount\":0,\"publisher\":{\"@id\":\"https:\/\/carpathiacenter.ro\/#organization\"},\"articleSection\":[\"Uncategorized\"],\"inLanguage\":\"en-GB\",\"potentialAction\":[{\"@type\":\"CommentAction\",\"name\":\"Comment\",\"target\":[\"https:\/\/carpathiacenter.ro\/hossu-cartel-alfa-este-urgenta-medierea-din-partea-presedintelui-a-conflictului-privind-salariul-minim\/#respond\"]}]},{\"@type\":\"WebPage\",\"@id\":\"https:\/\/carpathiacenter.ro\/hossu-cartel-alfa-este-urgenta-medierea-din-partea-presedintelui-a-conflictului-privind-salariul-minim\/\",\"url\":\"https:\/\/carpathiacenter.ro\/hossu-cartel-alfa-este-urgenta-medierea-din-partea-presedintelui-a-conflictului-privind-salariul-minim\/\",\"name\":\"Hossu (Cartel Alfa): Este urgent\u0103 medierea din partea pre\u0219edintelui a conflictului privind salariul minim - Carpathia Center Romania\",\"isPartOf\":{\"@id\":\"https:\/\/carpathiacenter.ro\/#website\"},\"datePublished\":\"2025-12-11T11:10:20+00:00\",\"breadcrumb\":{\"@id\":\"https:\/\/carpathiacenter.ro\/hossu-cartel-alfa-este-urgenta-medierea-din-partea-presedintelui-a-conflictului-privind-salariul-minim\/#breadcrumb\"},\"inLanguage\":\"en-GB\",\"potentialAction\":[{\"@type\":\"ReadAction\",\"target\":[\"https:\/\/carpathiacenter.ro\/hossu-cartel-alfa-este-urgenta-medierea-din-partea-presedintelui-a-conflictului-privind-salariul-minim\/\"]}]},{\"@type\":\"BreadcrumbList\",\"@id\":\"https:\/\/carpathiacenter.ro\/hossu-cartel-alfa-este-urgenta-medierea-din-partea-presedintelui-a-conflictului-privind-salariul-minim\/#breadcrumb\",\"itemListElement\":[{\"@type\":\"ListItem\",\"position\":1,\"name\":\"Prima pagin\u0103\",\"item\":\"https:\/\/carpathiacenter.ro\/\"},{\"@type\":\"ListItem\",\"position\":2,\"name\":\"Hossu (Cartel Alfa): Este urgent\u0103 medierea din partea pre\u0219edintelui a conflictului privind salariul minim\"}]},{\"@type\":\"WebSite\",\"@id\":\"https:\/\/carpathiacenter.ro\/#website\",\"url\":\"https:\/\/carpathiacenter.ro\/\",\"name\":\"Carpathia Center Romania\",\"description\":\"Impossible made possible!\",\"publisher\":{\"@id\":\"https:\/\/carpathiacenter.ro\/#organization\"},\"potentialAction\":[{\"@type\":\"SearchAction\",\"target\":{\"@type\":\"EntryPoint\",\"urlTemplate\":\"https:\/\/carpathiacenter.ro\/?s={search_term_string}\"},\"query-input\":{\"@type\":\"PropertyValueSpecification\",\"valueRequired\":true,\"valueName\":\"search_term_string\"}}],\"inLanguage\":\"en-GB\"},{\"@type\":\"Organization\",\"@id\":\"https:\/\/carpathiacenter.ro\/#organization\",\"name\":\"Carpathia Center Romania\",\"url\":\"https:\/\/carpathiacenter.ro\/\",\"logo\":{\"@type\":\"ImageObject\",\"inLanguage\":\"en-GB\",\"@id\":\"https:\/\/carpathiacenter.ro\/#\/schema\/logo\/image\/\",\"url\":\"https:\/\/carpathiacenter.ro\/wp-content\/uploads\/2024\/07\/logo-carpathia_bg_white-1024x941.png\",\"contentUrl\":\"https:\/\/carpathiacenter.ro\/wp-content\/uploads\/2024\/07\/logo-carpathia_bg_white-1024x941.png\",\"width\":1024,\"height\":941,\"caption\":\"Carpathia Center Romania\"},\"image\":{\"@id\":\"https:\/\/carpathiacenter.ro\/#\/schema\/logo\/image\/\"},\"sameAs\":[\"https:\/\/www.facebook.com\/fdpscarpathia\/\"]},{\"@type\":\"Person\",\"@id\":\"https:\/\/carpathiacenter.ro\/#\/schema\/person\/03d9f58202fee8379268f34afa195006\",\"name\":\"creativebitsolutions\",\"image\":{\"@type\":\"ImageObject\",\"inLanguage\":\"en-GB\",\"@id\":\"https:\/\/carpathiacenter.ro\/#\/schema\/person\/image\/\",\"url\":\"https:\/\/secure.gravatar.com\/avatar\/1b1a13e37f847c635dab78348f1dff2f07651ee2a3d77a5c355a4b8c75f9165a?s=96&d=mm&r=g\",\"contentUrl\":\"https:\/\/secure.gravatar.com\/avatar\/1b1a13e37f847c635dab78348f1dff2f07651ee2a3d77a5c355a4b8c75f9165a?s=96&d=mm&r=g\",\"caption\":\"creativebitsolutions\"},\"url\":\"https:\/\/carpathiacenter.ro\/en\/author\/creativebitsolutions\/\"}]}<\/script>\n<!-- \/ Yoast SEO plugin. -->","yoast_head_json":{"title":"Hossu (Cartel Alfa): Este urgent\u0103 medierea din partea pre\u0219edintelui a conflictului privind salariul minim - Carpathia Center Romania","robots":{"index":"index","follow":"follow","max-snippet":"max-snippet:-1","max-image-preview":"max-image-preview:large","max-video-preview":"max-video-preview:-1"},"canonical":"https:\/\/carpathiacenter.ro\/en\/hossu-cartel-alfa-este-urgenta-medierea-din-partea-presedintelui-a-conflictului-privind-salariul-minim\/","og_locale":"en_GB","og_type":"article","og_title":"Hossu (Cartel Alfa): Este urgent\u0103 medierea din partea pre\u0219edintelui a conflictului privind salariul minim - Carpathia Center Romania","og_description":"Sindicali\u0219tii se vor adresa \u00een continuare Administra\u021biei Preziden\u021biale, pentru c\u0103 este urgent nevoie de medierea din partea pre\u0219edintelui a conflictului cu Guvernul pe teme precum salariul minim sau contractul colectiv de munc\u0103, a declarat Bogdan Hossu, pre\u0219edintele confedera\u021biei sindicale Cartel Alfa. &#8216;Concluzia \u00eent\u00e2lnirii de ast\u0103zi este c\u0103 Guvernul a r\u0103mas s\u0103 analizeze s\u0103pt\u0103m\u00e2na viitoare, a...","og_url":"https:\/\/carpathiacenter.ro\/en\/hossu-cartel-alfa-este-urgenta-medierea-din-partea-presedintelui-a-conflictului-privind-salariul-minim\/","og_site_name":"Carpathia Center Romania","article_publisher":"https:\/\/www.facebook.com\/fdpscarpathia\/","article_published_time":"2025-12-11T11:10:20+00:00","author":"creativebitsolutions","twitter_card":"summary_large_image","twitter_misc":{"Written by":"creativebitsolutions"},"schema":{"@context":"https:\/\/schema.org","@graph":[{"@type":"Article","@id":"https:\/\/carpathiacenter.ro\/hossu-cartel-alfa-este-urgenta-medierea-din-partea-presedintelui-a-conflictului-privind-salariul-minim\/#article","isPartOf":{"@id":"https:\/\/carpathiacenter.ro\/hossu-cartel-alfa-este-urgenta-medierea-din-partea-presedintelui-a-conflictului-privind-salariul-minim\/"},"author":{"name":"creativebitsolutions","@id":"https:\/\/carpathiacenter.ro\/#\/schema\/person\/03d9f58202fee8379268f34afa195006"},"headline":"Hossu (Cartel Alfa): Este urgent\u0103 medierea din partea pre\u0219edintelui a conflictului privind salariul minim","datePublished":"2025-12-11T11:10:20+00:00","mainEntityOfPage":{"@id":"https:\/\/carpathiacenter.ro\/hossu-cartel-alfa-este-urgenta-medierea-din-partea-presedintelui-a-conflictului-privind-salariul-minim\/"},"wordCount":590,"commentCount":0,"publisher":{"@id":"https:\/\/carpathiacenter.ro\/#organization"},"articleSection":["Uncategorized"],"inLanguage":"en-GB","potentialAction":[{"@type":"CommentAction","name":"Comment","target":["https:\/\/carpathiacenter.ro\/hossu-cartel-alfa-este-urgenta-medierea-din-partea-presedintelui-a-conflictului-privind-salariul-minim\/#respond"]}]},{"@type":"WebPage","@id":"https:\/\/carpathiacenter.ro\/hossu-cartel-alfa-este-urgenta-medierea-din-partea-presedintelui-a-conflictului-privind-salariul-minim\/","url":"https:\/\/carpathiacenter.ro\/hossu-cartel-alfa-este-urgenta-medierea-din-partea-presedintelui-a-conflictului-privind-salariul-minim\/","name":"Hossu (Cartel Alfa): Este urgent\u0103 medierea din partea pre\u0219edintelui a conflictului privind salariul minim - Carpathia Center Romania","isPartOf":{"@id":"https:\/\/carpathiacenter.ro\/#website"},"datePublished":"2025-12-11T11:10:20+00:00","breadcrumb":{"@id":"https:\/\/carpathiacenter.ro\/hossu-cartel-alfa-este-urgenta-medierea-din-partea-presedintelui-a-conflictului-privind-salariul-minim\/#breadcrumb"},"inLanguage":"en-GB","potentialAction":[{"@type":"ReadAction","target":["https:\/\/carpathiacenter.ro\/hossu-cartel-alfa-este-urgenta-medierea-din-partea-presedintelui-a-conflictului-privind-salariul-minim\/"]}]},{"@type":"BreadcrumbList","@id":"https:\/\/carpathiacenter.ro\/hossu-cartel-alfa-este-urgenta-medierea-din-partea-presedintelui-a-conflictului-privind-salariul-minim\/#breadcrumb","itemListElement":[{"@type":"ListItem","position":1,"name":"Prima pagin\u0103","item":"https:\/\/carpathiacenter.ro\/"},{"@type":"ListItem","position":2,"name":"Hossu (Cartel Alfa): Este urgent\u0103 medierea din partea pre\u0219edintelui a conflictului privind salariul minim"}]},{"@type":"WebSite","@id":"https:\/\/carpathiacenter.ro\/#website","url":"https:\/\/carpathiacenter.ro\/","name":"Carpathia Center Romania","description":"Impossible made possible!","publisher":{"@id":"https:\/\/carpathiacenter.ro\/#organization"},"potentialAction":[{"@type":"SearchAction","target":{"@type":"EntryPoint","urlTemplate":"https:\/\/carpathiacenter.ro\/?s={search_term_string}"},"query-input":{"@type":"PropertyValueSpecification","valueRequired":true,"valueName":"search_term_string"}}],"inLanguage":"en-GB"},{"@type":"Organization","@id":"https:\/\/carpathiacenter.ro\/#organization","name":"Carpathia Center Romania","url":"https:\/\/carpathiacenter.ro\/","logo":{"@type":"ImageObject","inLanguage":"en-GB","@id":"https:\/\/carpathiacenter.ro\/#\/schema\/logo\/image\/","url":"https:\/\/carpathiacenter.ro\/wp-content\/uploads\/2024\/07\/logo-carpathia_bg_white-1024x941.png","contentUrl":"https:\/\/carpathiacenter.ro\/wp-content\/uploads\/2024\/07\/logo-carpathia_bg_white-1024x941.png","width":1024,"height":941,"caption":"Carpathia Center Romania"},"image":{"@id":"https:\/\/carpathiacenter.ro\/#\/schema\/logo\/image\/"},"sameAs":["https:\/\/www.facebook.com\/fdpscarpathia\/"]},{"@type":"Person","@id":"https:\/\/carpathiacenter.ro\/#\/schema\/person\/03d9f58202fee8379268f34afa195006","name":"creativebitsolutions","image":{"@type":"ImageObject","inLanguage":"en-GB","@id":"https:\/\/carpathiacenter.ro\/#\/schema\/person\/image\/","url":"https:\/\/secure.gravatar.com\/avatar\/1b1a13e37f847c635dab78348f1dff2f07651ee2a3d77a5c355a4b8c75f9165a?s=96&d=mm&r=g","contentUrl":"https:\/\/secure.gravatar.com\/avatar\/1b1a13e37f847c635dab78348f1dff2f07651ee2a3d77a5c355a4b8c75f9165a?s=96&d=mm&r=g","caption":"creativebitsolutions"},"url":"https:\/\/carpathiacenter.ro\/en\/author\/creativebitsolutions\/"}]}},"_links":{"self":[{"href":"https:\/\/carpathiacenter.ro\/en\/wp-json\/wp\/v2\/posts\/3490","targetHints":{"allow":["GET"]}}],"collection":[{"href":"https:\/\/carpathiacenter.ro\/en\/wp-json\/wp\/v2\/posts"}],"about":[{"href":"https:\/\/carpathiacenter.ro\/en\/wp-json\/wp\/v2\/types\/post"}],"author":[{"embeddable":true,"href":"https:\/\/carpathiacenter.ro\/en\/wp-json\/wp\/v2\/users\/4"}],"replies":[{"embeddable":true,"href":"https:\/\/carpathiacenter.ro\/en\/wp-json\/wp\/v2\/comments?post=3490"}],"version-history":[{"count":1,"href":"https:\/\/carpathiacenter.ro\/en\/wp-json\/wp\/v2\/posts\/3490\/revisions"}],"predecessor-version":[{"id":3491,"href":"https:\/\/carpathiacenter.ro\/en\/wp-json\/wp\/v2\/posts\/3490\/revisions\/3491"}],"wp:attachment":[{"href":"https:\/\/carpathiacenter.ro\/en\/wp-json\/wp\/v2\/media?parent=3490"}],"wp:term":[{"taxonomy":"category","embeddable":true,"href":"https:\/\/carpathiacenter.ro\/en\/wp-json\/wp\/v2\/categories?post=3490"},{"taxonomy":"post_tag","embeddable":true,"href":"https:\/\/carpathiacenter.ro\/en\/wp-json\/wp\/v2\/tags?post=3490"}],"curies":[{"name":"wp","href":"https:\/\/api.w.org\/{rel}","templated":true}]}}