{"id":3480,"date":"2025-12-09T07:52:36","date_gmt":"2025-12-09T07:52:36","guid":{"rendered":"https:\/\/carpathiacenter.ro\/?p=3480"},"modified":"2025-12-09T07:52:36","modified_gmt":"2025-12-09T07:52:36","slug":"acordul-ue-privind-rezerva-de-solidaritate-magnus-brunner-avertizeaza-ungaria-dar-fara-prea-multa-convingere","status":"publish","type":"post","link":"https:\/\/carpathiacenter.ro\/en\/acordul-ue-privind-rezerva-de-solidaritate-magnus-brunner-avertizeaza-ungaria-dar-fara-prea-multa-convingere\/","title":{"rendered":"Acordul UE privind rezerva de solidaritate: Magnus Brunner avertizeaz\u0103 Ungaria, dar f\u0103r\u0103 prea mult\u0103 convingere"},"content":{"rendered":"<p><strong>Bruxelles &#8211; Trimisul special al AGERPRES, Florin \u0218tefan, transmite: Comisia European\u0103, ca gardian al tratatelor, va trebui s\u0103 fac\u0103 tot posibilul pentru ca statele membre s\u0103 respecte regulile, a declarat luni sear\u0103, la Bruxelles, comisarul european pentru afaceri interne \u0219i migra\u021bie, Magnus Brunner, dup\u0103 ce premierul ungar Viktor Orban a anun\u021bat c\u0103 nu va respecta acordul la care s-a ajuns la Consiliul&nbsp;Justi\u021bie \u0219i Afaceri (JAI) privind rezerva de solidaritate pentru 2026.<\/strong><\/p>\n<p>Orban a postat pe o re\u021bea de socializare c\u0103 nu va respecta acordul \u00eencheiat de statele membre UE de a asigura transferuri, asisten\u021b\u0103 financiar\u0103 sau de alt tip pentru acele \u021b\u0103ri care se confrunt\u0103 cu cea mai mare presiune migratorie.<\/p>\n<p>&#8221;Prin luarea deciziei de ast\u0103zi, Bruxellesul ar obliga Ungaria s\u0103 pl\u0103teasc\u0103 \u0219i mai mult sau s\u0103 primeasc\u0103 migran\u021bi. Acest lucru este inacceptabil&#8221;, <a href=\"https:\/\/www.facebook.com\/orbanviktor\/posts\/pfbid0DX3zXwYNXFJPpVUhnMWFDen1QPuyPQ7KtCKJqjziTa9GtAuAbtRwgFLZ5URCXQKTl?locale=ro_RO\" target=\"_blank\">a postat Orban pe Facebook<\/a>, ad\u0103ug\u00e2nd c\u0103 \u021bara sa &#8221;cheltuie\u0219te deja suficient pentru protejarea frontierelor externe ale Uniunii&#8221;, potrivit EFE.<\/p>\n<p><iframe allow=\"autoplay; clipboard-write; encrypted-media; picture-in-picture; web-share\" allowfullscreen=\"true\" frameborder=\"0\" height=\"573\" scrolling=\"no\" src=\"https:\/\/www.facebook.com\/plugins\/post.php?href=https%3A%2F%2Fwww.facebook.com%2Forbanviktor%2Fposts%2Fpfbid0DX3zXwYNXFJPpVUhnMWFDen1QPuyPQ7KtCKJqjziTa9GtAuAbtRwgFLZ5URCXQKTl&amp;show_text=true&amp;width=500\" style=\"border:none;overflow:hidden\" width=\"500\"><\/iframe><\/p>\n<hr>\n<p>La conferin\u021ba de pres\u0103 de dup\u0103 \u00eencheierea Consiliului JAI, Brunner s-a declarat &#8221;\u00eentr-un fel trist&#8221; c\u0103 Ungaria nu sus\u021bine ini\u021biativa. El a evitat totu\u0219i s\u0103 men\u021bioneze ce m\u0103suri ar putea lua executivul UE pentru a for\u021ba statul membru s\u0103 aplice decizia, c\u00e2nd i s-a atras aten\u021bia de c\u0103tre jurnali\u0219ti c\u0103 procedurile de infrac\u021biune dureaz\u0103 \u00een general ani de zile, iar Ungaria nu a aplicat nici decizii ale Cur\u021bii de Justi\u021bie a UE.<\/p>\n<p>&#8221;Am fost fericit s\u0103 v\u0103d ast\u0103zi c\u0103 Ungaria a fost de acord cu 50% din lucrurile pe care le-am adoptat, asta e partea pozitiv\u0103. Pactul este obligatoriu, UE a convenit asupra lui. Toat\u0103 lumea beneficiaz\u0103 din aceast\u0103 reform\u0103 de amploare. Solidaritatea este flexibil\u0103, este obligatorie. Bine\u00een\u021beles, statele membre pot alege cum contribuie, dar pe de alt\u0103 parte regulile sunt reguli. Comisia, ca gardian al tratatelor, va trebui s\u0103 fac\u0103 tot posibilul ca statele membre s\u0103 respecte regulile. Este un lucru normal&#8221;, a afirmat Brunner.<\/p>\n<p>Rasmus Stoklund, ministrul danez pentru imigra\u021bie \u0219i integrare, reprezentatul pre\u0219edin\u021biei semestriale a Consiliului UE, a atras aten\u021bia c\u0103 deciziile luate luni &#8221;nu pot fi evaluate separat, trebuie privite \u00eempreun\u0103, se echilibreaz\u0103 una pe alta&#8221;.<\/p>\n<p>&#8221;C\u00e2nd am adoptat conceptul de solidaritate am f\u0103cut \u00een acela\u0219i timp ace\u0219ti pa\u0219i decisivi pentru returnarea \u00een \u021b\u0103rile sigure de origine \u0219i a\u0219a mai departe. Toate deciziile luate azi le vor permite \u021b\u0103rilor UE s\u0103 controleze cine are acces \u00een \u021b\u0103rile lor, iar asta este cealalt\u0103 parte a monedei&#8221;, a afirmat Stoklund, care a participat luni la ultimul Consiliu JAI din timpul pre\u0219edin\u021biei daneze.<\/p>\n<p>Statele UE s-au \u00een\u021beles luni ca rezerva de solidaritate pentru 2026 s\u0103 fie de 21.000 de transferuri sau reloc\u0103ri de migran\u021bi, iar contribu\u021biile financiare s\u0103 fie de 420 de milioane de euro, se men\u021bioneaz\u0103 \u00eentr-un comunicat al Consiliului. AGERPRES\/(A &#8211; editor: Mariana Ionescu, editor online: Gabriela Badea)&nbsp;<br \/>\n<br \/>\nSursa articolului:  <a href=\"https:\/\/agerpres.ro\/politic-extern\/2025\/12\/08\/acordul-ue-privind-rezerva-de-solidaritate-magnus-brunner-avertizeaza-ungaria-dar-fara-prea-multa-co--1510080\" target=\"_blank\" rel=\"noopener\" title=\"\">AGERPRES<\/a><\/p>","protected":false},"excerpt":{"rendered":"<p>Bruxelles &#8211; Trimisul special al AGERPRES, Florin \u0218tefan, transmite: Comisia European\u0103, ca gardian al tratatelor, va trebui s\u0103 fac\u0103 tot posibilul pentru ca statele membre s\u0103 respecte regulile, a declarat luni sear\u0103, la Bruxelles, comisarul european pentru afaceri interne \u0219i migra\u021bie, Magnus Brunner, dup\u0103 ce premierul ungar Viktor Orban a anun\u021bat c\u0103 nu va respecta&#8230;<\/p>","protected":false},"author":4,"featured_media":0,"comment_status":"open","ping_status":"open","sticky":false,"template":"","format":"standard","meta":{"footnotes":""},"categories":[1],"tags":[],"class_list":["post-3480","post","type-post","status-publish","format-standard","hentry","category-uncategorized"],"yoast_head":"<!-- This site is optimized with the Yoast SEO plugin v26.1.1 - https:\/\/yoast.com\/wordpress\/plugins\/seo\/ -->\n<title>Acordul UE privind rezerva de solidaritate: Magnus Brunner avertizeaz\u0103 Ungaria, dar f\u0103r\u0103 prea mult\u0103 convingere - Carpathia Center Romania<\/title>\n<meta name=\"robots\" content=\"index, follow, max-snippet:-1, max-image-preview:large, max-video-preview:-1\" \/>\n<link rel=\"canonical\" href=\"https:\/\/carpathiacenter.ro\/en\/acordul-ue-privind-rezerva-de-solidaritate-magnus-brunner-avertizeaza-ungaria-dar-fara-prea-multa-convingere\/\" \/>\n<meta property=\"og:locale\" content=\"en_GB\" \/>\n<meta property=\"og:type\" content=\"article\" \/>\n<meta property=\"og:title\" content=\"Acordul UE privind rezerva de solidaritate: Magnus Brunner avertizeaz\u0103 Ungaria, dar f\u0103r\u0103 prea mult\u0103 convingere - Carpathia Center Romania\" \/>\n<meta property=\"og:description\" content=\"Bruxelles &#8211; Trimisul special al AGERPRES, Florin \u0218tefan, transmite: Comisia European\u0103, ca gardian al tratatelor, va trebui s\u0103 fac\u0103 tot posibilul pentru ca statele membre s\u0103 respecte regulile, a declarat luni sear\u0103, la Bruxelles, comisarul european pentru afaceri interne \u0219i migra\u021bie, Magnus Brunner, dup\u0103 ce premierul ungar Viktor Orban a anun\u021bat c\u0103 nu va respecta...\" \/>\n<meta property=\"og:url\" content=\"https:\/\/carpathiacenter.ro\/en\/acordul-ue-privind-rezerva-de-solidaritate-magnus-brunner-avertizeaza-ungaria-dar-fara-prea-multa-convingere\/\" \/>\n<meta property=\"og:site_name\" content=\"Carpathia Center Romania\" \/>\n<meta property=\"article:publisher\" content=\"https:\/\/www.facebook.com\/fdpscarpathia\/\" \/>\n<meta property=\"article:published_time\" content=\"2025-12-09T07:52:36+00:00\" \/>\n<meta name=\"author\" content=\"creativebitsolutions\" \/>\n<meta name=\"twitter:card\" content=\"summary_large_image\" \/>\n<meta name=\"twitter:label1\" content=\"Written by\" \/>\n\t<meta name=\"twitter:data1\" content=\"creativebitsolutions\" \/>\n<script type=\"application\/ld+json\" class=\"yoast-schema-graph\">{\"@context\":\"https:\/\/schema.org\",\"@graph\":[{\"@type\":\"Article\",\"@id\":\"https:\/\/carpathiacenter.ro\/acordul-ue-privind-rezerva-de-solidaritate-magnus-brunner-avertizeaza-ungaria-dar-fara-prea-multa-convingere\/#article\",\"isPartOf\":{\"@id\":\"https:\/\/carpathiacenter.ro\/acordul-ue-privind-rezerva-de-solidaritate-magnus-brunner-avertizeaza-ungaria-dar-fara-prea-multa-convingere\/\"},\"author\":{\"name\":\"creativebitsolutions\",\"@id\":\"https:\/\/carpathiacenter.ro\/#\/schema\/person\/03d9f58202fee8379268f34afa195006\"},\"headline\":\"Acordul UE privind rezerva de solidaritate: Magnus Brunner avertizeaz\u0103 Ungaria, dar f\u0103r\u0103 prea mult\u0103 convingere\",\"datePublished\":\"2025-12-09T07:52:36+00:00\",\"mainEntityOfPage\":{\"@id\":\"https:\/\/carpathiacenter.ro\/acordul-ue-privind-rezerva-de-solidaritate-magnus-brunner-avertizeaza-ungaria-dar-fara-prea-multa-convingere\/\"},\"wordCount\":517,\"commentCount\":0,\"publisher\":{\"@id\":\"https:\/\/carpathiacenter.ro\/#organization\"},\"articleSection\":[\"Uncategorized\"],\"inLanguage\":\"en-GB\",\"potentialAction\":[{\"@type\":\"CommentAction\",\"name\":\"Comment\",\"target\":[\"https:\/\/carpathiacenter.ro\/acordul-ue-privind-rezerva-de-solidaritate-magnus-brunner-avertizeaza-ungaria-dar-fara-prea-multa-convingere\/#respond\"]}]},{\"@type\":\"WebPage\",\"@id\":\"https:\/\/carpathiacenter.ro\/acordul-ue-privind-rezerva-de-solidaritate-magnus-brunner-avertizeaza-ungaria-dar-fara-prea-multa-convingere\/\",\"url\":\"https:\/\/carpathiacenter.ro\/acordul-ue-privind-rezerva-de-solidaritate-magnus-brunner-avertizeaza-ungaria-dar-fara-prea-multa-convingere\/\",\"name\":\"Acordul UE privind rezerva de solidaritate: Magnus Brunner avertizeaz\u0103 Ungaria, dar f\u0103r\u0103 prea mult\u0103 convingere - Carpathia Center Romania\",\"isPartOf\":{\"@id\":\"https:\/\/carpathiacenter.ro\/#website\"},\"datePublished\":\"2025-12-09T07:52:36+00:00\",\"breadcrumb\":{\"@id\":\"https:\/\/carpathiacenter.ro\/acordul-ue-privind-rezerva-de-solidaritate-magnus-brunner-avertizeaza-ungaria-dar-fara-prea-multa-convingere\/#breadcrumb\"},\"inLanguage\":\"en-GB\",\"potentialAction\":[{\"@type\":\"ReadAction\",\"target\":[\"https:\/\/carpathiacenter.ro\/acordul-ue-privind-rezerva-de-solidaritate-magnus-brunner-avertizeaza-ungaria-dar-fara-prea-multa-convingere\/\"]}]},{\"@type\":\"BreadcrumbList\",\"@id\":\"https:\/\/carpathiacenter.ro\/acordul-ue-privind-rezerva-de-solidaritate-magnus-brunner-avertizeaza-ungaria-dar-fara-prea-multa-convingere\/#breadcrumb\",\"itemListElement\":[{\"@type\":\"ListItem\",\"position\":1,\"name\":\"Prima pagin\u0103\",\"item\":\"https:\/\/carpathiacenter.ro\/\"},{\"@type\":\"ListItem\",\"position\":2,\"name\":\"Acordul UE privind rezerva de solidaritate: Magnus Brunner avertizeaz\u0103 Ungaria, dar f\u0103r\u0103 prea mult\u0103 convingere\"}]},{\"@type\":\"WebSite\",\"@id\":\"https:\/\/carpathiacenter.ro\/#website\",\"url\":\"https:\/\/carpathiacenter.ro\/\",\"name\":\"Carpathia Center Romania\",\"description\":\"Impossible made possible!\",\"publisher\":{\"@id\":\"https:\/\/carpathiacenter.ro\/#organization\"},\"potentialAction\":[{\"@type\":\"SearchAction\",\"target\":{\"@type\":\"EntryPoint\",\"urlTemplate\":\"https:\/\/carpathiacenter.ro\/?s={search_term_string}\"},\"query-input\":{\"@type\":\"PropertyValueSpecification\",\"valueRequired\":true,\"valueName\":\"search_term_string\"}}],\"inLanguage\":\"en-GB\"},{\"@type\":\"Organization\",\"@id\":\"https:\/\/carpathiacenter.ro\/#organization\",\"name\":\"Carpathia Center Romania\",\"url\":\"https:\/\/carpathiacenter.ro\/\",\"logo\":{\"@type\":\"ImageObject\",\"inLanguage\":\"en-GB\",\"@id\":\"https:\/\/carpathiacenter.ro\/#\/schema\/logo\/image\/\",\"url\":\"https:\/\/carpathiacenter.ro\/wp-content\/uploads\/2024\/07\/logo-carpathia_bg_white-1024x941.png\",\"contentUrl\":\"https:\/\/carpathiacenter.ro\/wp-content\/uploads\/2024\/07\/logo-carpathia_bg_white-1024x941.png\",\"width\":1024,\"height\":941,\"caption\":\"Carpathia Center Romania\"},\"image\":{\"@id\":\"https:\/\/carpathiacenter.ro\/#\/schema\/logo\/image\/\"},\"sameAs\":[\"https:\/\/www.facebook.com\/fdpscarpathia\/\"]},{\"@type\":\"Person\",\"@id\":\"https:\/\/carpathiacenter.ro\/#\/schema\/person\/03d9f58202fee8379268f34afa195006\",\"name\":\"creativebitsolutions\",\"image\":{\"@type\":\"ImageObject\",\"inLanguage\":\"en-GB\",\"@id\":\"https:\/\/carpathiacenter.ro\/#\/schema\/person\/image\/\",\"url\":\"https:\/\/secure.gravatar.com\/avatar\/1b1a13e37f847c635dab78348f1dff2f07651ee2a3d77a5c355a4b8c75f9165a?s=96&d=mm&r=g\",\"contentUrl\":\"https:\/\/secure.gravatar.com\/avatar\/1b1a13e37f847c635dab78348f1dff2f07651ee2a3d77a5c355a4b8c75f9165a?s=96&d=mm&r=g\",\"caption\":\"creativebitsolutions\"},\"url\":\"https:\/\/carpathiacenter.ro\/en\/author\/creativebitsolutions\/\"}]}<\/script>\n<!-- \/ Yoast SEO plugin. -->","yoast_head_json":{"title":"Acordul UE privind rezerva de solidaritate: Magnus Brunner avertizeaz\u0103 Ungaria, dar f\u0103r\u0103 prea mult\u0103 convingere - Carpathia Center Romania","robots":{"index":"index","follow":"follow","max-snippet":"max-snippet:-1","max-image-preview":"max-image-preview:large","max-video-preview":"max-video-preview:-1"},"canonical":"https:\/\/carpathiacenter.ro\/en\/acordul-ue-privind-rezerva-de-solidaritate-magnus-brunner-avertizeaza-ungaria-dar-fara-prea-multa-convingere\/","og_locale":"en_GB","og_type":"article","og_title":"Acordul UE privind rezerva de solidaritate: Magnus Brunner avertizeaz\u0103 Ungaria, dar f\u0103r\u0103 prea mult\u0103 convingere - Carpathia Center Romania","og_description":"Bruxelles &#8211; Trimisul special al AGERPRES, Florin \u0218tefan, transmite: Comisia European\u0103, ca gardian al tratatelor, va trebui s\u0103 fac\u0103 tot posibilul pentru ca statele membre s\u0103 respecte regulile, a declarat luni sear\u0103, la Bruxelles, comisarul european pentru afaceri interne \u0219i migra\u021bie, Magnus Brunner, dup\u0103 ce premierul ungar Viktor Orban a anun\u021bat c\u0103 nu va respecta...","og_url":"https:\/\/carpathiacenter.ro\/en\/acordul-ue-privind-rezerva-de-solidaritate-magnus-brunner-avertizeaza-ungaria-dar-fara-prea-multa-convingere\/","og_site_name":"Carpathia Center Romania","article_publisher":"https:\/\/www.facebook.com\/fdpscarpathia\/","article_published_time":"2025-12-09T07:52:36+00:00","author":"creativebitsolutions","twitter_card":"summary_large_image","twitter_misc":{"Written by":"creativebitsolutions"},"schema":{"@context":"https:\/\/schema.org","@graph":[{"@type":"Article","@id":"https:\/\/carpathiacenter.ro\/acordul-ue-privind-rezerva-de-solidaritate-magnus-brunner-avertizeaza-ungaria-dar-fara-prea-multa-convingere\/#article","isPartOf":{"@id":"https:\/\/carpathiacenter.ro\/acordul-ue-privind-rezerva-de-solidaritate-magnus-brunner-avertizeaza-ungaria-dar-fara-prea-multa-convingere\/"},"author":{"name":"creativebitsolutions","@id":"https:\/\/carpathiacenter.ro\/#\/schema\/person\/03d9f58202fee8379268f34afa195006"},"headline":"Acordul UE privind rezerva de solidaritate: Magnus Brunner avertizeaz\u0103 Ungaria, dar f\u0103r\u0103 prea mult\u0103 convingere","datePublished":"2025-12-09T07:52:36+00:00","mainEntityOfPage":{"@id":"https:\/\/carpathiacenter.ro\/acordul-ue-privind-rezerva-de-solidaritate-magnus-brunner-avertizeaza-ungaria-dar-fara-prea-multa-convingere\/"},"wordCount":517,"commentCount":0,"publisher":{"@id":"https:\/\/carpathiacenter.ro\/#organization"},"articleSection":["Uncategorized"],"inLanguage":"en-GB","potentialAction":[{"@type":"CommentAction","name":"Comment","target":["https:\/\/carpathiacenter.ro\/acordul-ue-privind-rezerva-de-solidaritate-magnus-brunner-avertizeaza-ungaria-dar-fara-prea-multa-convingere\/#respond"]}]},{"@type":"WebPage","@id":"https:\/\/carpathiacenter.ro\/acordul-ue-privind-rezerva-de-solidaritate-magnus-brunner-avertizeaza-ungaria-dar-fara-prea-multa-convingere\/","url":"https:\/\/carpathiacenter.ro\/acordul-ue-privind-rezerva-de-solidaritate-magnus-brunner-avertizeaza-ungaria-dar-fara-prea-multa-convingere\/","name":"Acordul UE privind rezerva de solidaritate: Magnus Brunner avertizeaz\u0103 Ungaria, dar f\u0103r\u0103 prea mult\u0103 convingere - Carpathia Center Romania","isPartOf":{"@id":"https:\/\/carpathiacenter.ro\/#website"},"datePublished":"2025-12-09T07:52:36+00:00","breadcrumb":{"@id":"https:\/\/carpathiacenter.ro\/acordul-ue-privind-rezerva-de-solidaritate-magnus-brunner-avertizeaza-ungaria-dar-fara-prea-multa-convingere\/#breadcrumb"},"inLanguage":"en-GB","potentialAction":[{"@type":"ReadAction","target":["https:\/\/carpathiacenter.ro\/acordul-ue-privind-rezerva-de-solidaritate-magnus-brunner-avertizeaza-ungaria-dar-fara-prea-multa-convingere\/"]}]},{"@type":"BreadcrumbList","@id":"https:\/\/carpathiacenter.ro\/acordul-ue-privind-rezerva-de-solidaritate-magnus-brunner-avertizeaza-ungaria-dar-fara-prea-multa-convingere\/#breadcrumb","itemListElement":[{"@type":"ListItem","position":1,"name":"Prima pagin\u0103","item":"https:\/\/carpathiacenter.ro\/"},{"@type":"ListItem","position":2,"name":"Acordul UE privind rezerva de solidaritate: Magnus Brunner avertizeaz\u0103 Ungaria, dar f\u0103r\u0103 prea mult\u0103 convingere"}]},{"@type":"WebSite","@id":"https:\/\/carpathiacenter.ro\/#website","url":"https:\/\/carpathiacenter.ro\/","name":"Carpathia Center Romania","description":"Impossible made possible!","publisher":{"@id":"https:\/\/carpathiacenter.ro\/#organization"},"potentialAction":[{"@type":"SearchAction","target":{"@type":"EntryPoint","urlTemplate":"https:\/\/carpathiacenter.ro\/?s={search_term_string}"},"query-input":{"@type":"PropertyValueSpecification","valueRequired":true,"valueName":"search_term_string"}}],"inLanguage":"en-GB"},{"@type":"Organization","@id":"https:\/\/carpathiacenter.ro\/#organization","name":"Carpathia Center Romania","url":"https:\/\/carpathiacenter.ro\/","logo":{"@type":"ImageObject","inLanguage":"en-GB","@id":"https:\/\/carpathiacenter.ro\/#\/schema\/logo\/image\/","url":"https:\/\/carpathiacenter.ro\/wp-content\/uploads\/2024\/07\/logo-carpathia_bg_white-1024x941.png","contentUrl":"https:\/\/carpathiacenter.ro\/wp-content\/uploads\/2024\/07\/logo-carpathia_bg_white-1024x941.png","width":1024,"height":941,"caption":"Carpathia Center Romania"},"image":{"@id":"https:\/\/carpathiacenter.ro\/#\/schema\/logo\/image\/"},"sameAs":["https:\/\/www.facebook.com\/fdpscarpathia\/"]},{"@type":"Person","@id":"https:\/\/carpathiacenter.ro\/#\/schema\/person\/03d9f58202fee8379268f34afa195006","name":"creativebitsolutions","image":{"@type":"ImageObject","inLanguage":"en-GB","@id":"https:\/\/carpathiacenter.ro\/#\/schema\/person\/image\/","url":"https:\/\/secure.gravatar.com\/avatar\/1b1a13e37f847c635dab78348f1dff2f07651ee2a3d77a5c355a4b8c75f9165a?s=96&d=mm&r=g","contentUrl":"https:\/\/secure.gravatar.com\/avatar\/1b1a13e37f847c635dab78348f1dff2f07651ee2a3d77a5c355a4b8c75f9165a?s=96&d=mm&r=g","caption":"creativebitsolutions"},"url":"https:\/\/carpathiacenter.ro\/en\/author\/creativebitsolutions\/"}]}},"_links":{"self":[{"href":"https:\/\/carpathiacenter.ro\/en\/wp-json\/wp\/v2\/posts\/3480","targetHints":{"allow":["GET"]}}],"collection":[{"href":"https:\/\/carpathiacenter.ro\/en\/wp-json\/wp\/v2\/posts"}],"about":[{"href":"https:\/\/carpathiacenter.ro\/en\/wp-json\/wp\/v2\/types\/post"}],"author":[{"embeddable":true,"href":"https:\/\/carpathiacenter.ro\/en\/wp-json\/wp\/v2\/users\/4"}],"replies":[{"embeddable":true,"href":"https:\/\/carpathiacenter.ro\/en\/wp-json\/wp\/v2\/comments?post=3480"}],"version-history":[{"count":1,"href":"https:\/\/carpathiacenter.ro\/en\/wp-json\/wp\/v2\/posts\/3480\/revisions"}],"predecessor-version":[{"id":3481,"href":"https:\/\/carpathiacenter.ro\/en\/wp-json\/wp\/v2\/posts\/3480\/revisions\/3481"}],"wp:attachment":[{"href":"https:\/\/carpathiacenter.ro\/en\/wp-json\/wp\/v2\/media?parent=3480"}],"wp:term":[{"taxonomy":"category","embeddable":true,"href":"https:\/\/carpathiacenter.ro\/en\/wp-json\/wp\/v2\/categories?post=3480"},{"taxonomy":"post_tag","embeddable":true,"href":"https:\/\/carpathiacenter.ro\/en\/wp-json\/wp\/v2\/tags?post=3480"}],"curies":[{"name":"wp","href":"https:\/\/api.w.org\/{rel}","templated":true}]}}