{"id":3478,"date":"2025-12-09T07:50:48","date_gmt":"2025-12-09T07:50:48","guid":{"rendered":"https:\/\/carpathiacenter.ro\/?p=3478"},"modified":"2025-12-09T07:50:48","modified_gmt":"2025-12-09T07:50:48","slug":"marti-sedinta-bpn-al-psd-prima-dupa-alegerile-locale-partiale","status":"publish","type":"post","link":"https:\/\/carpathiacenter.ro\/en\/marti-sedinta-bpn-al-psd-prima-dupa-alegerile-locale-partiale\/","title":{"rendered":"Mar\u021bi &#8211; \u0219edin\u021b\u0103 BPN al PSD, prima dup\u0103 alegerile locale par\u021biale"},"content":{"rendered":"<p>Biroul Permanent Na\u021bional al PSD se reune\u0219te mar\u021bi \u00een prima \u0219edin\u021b\u0103 dup\u0103 alegerile locale par\u021biale.<\/p>\n<p>Reuniunea BPN al PSD este programat\u0103 la ora 10:00.<\/p>\n<p>La alegerile locale par\u021biale desf\u0103\u0219urate duminic\u0103, PSD a ob\u021binut mandatul de pre\u0219edinte al Consiliului Jude\u021bean Buz\u0103u, Marcel Ciolacu \u00eentrunind 51,97% din voturi, dar candidatul social-democra\u021bilor, Daniel B\u0103lu\u021b\u0103, a ie\u0219it pe locul al treilea \u00een cursa pentru Prim\u0103ria Capitalei, ob\u021bin\u00e2nd 20,51% din voturile exprimate.<\/p>\n<p>De asemenea, dup\u0103 cum a precizat pre\u0219edintele PSD, Sorin Grindeanu, la alegerile locale par\u021biale social-democra\u021bii au c\u00e2\u0219tigat \u00een 12 localit\u0103\u021bi din 14.<\/p>\n<p>&#8216;De fapt, din 14 locuri unde au fost alegeri, PSD a c\u00e2\u0219tigat \u00een 12, sigur, cu ponderea mai mare pe Bucure\u0219ti \u0219i dup\u0103 aceea pe Buz\u0103u. Dar chiar vreau s\u0103 \u00eei fericit \u0219i pe colegii din Maramure\u0219, au c\u00e2\u0219tigat dou\u0103 comune de la PNL, colegii din Ia\u0219i, din Constan\u021ba, Bihor, Cara\u0219, D\u00e2mbovi\u021ba, ora\u0219ul G\u0103e\u0219ti, care era PNL. Sunt lucruri pe care noi, ast\u0103zi, pot s\u0103 spun c\u0103 le-am bifat la plus&#8217;, a afirmat Grindeanu. AGERPRES\/(AS &#8211; redactor: Andreea Rotaru, editor: Mihai Simionescu, editor online: Alexandru Cojocaru)<br \/>\n<br \/>\nSursa articolului:  <a href=\"https:\/\/agerpres.ro\/politic\/2025\/12\/09\/marti---sedinta-bpn-al-psd-prima-dupa-alegerile-locale-partiale--1510100\" target=\"_blank\" rel=\"noopener\" title=\"\">AGERPRES<\/a><\/p>","protected":false},"excerpt":{"rendered":"<p>Biroul Permanent Na\u021bional al PSD se reune\u0219te mar\u021bi \u00een prima \u0219edin\u021b\u0103 dup\u0103 alegerile locale par\u021biale. Reuniunea BPN al PSD este programat\u0103 la ora 10:00. La alegerile locale par\u021biale desf\u0103\u0219urate duminic\u0103, PSD a ob\u021binut mandatul de pre\u0219edinte al Consiliului Jude\u021bean Buz\u0103u, Marcel Ciolacu \u00eentrunind 51,97% din voturi, dar candidatul social-democra\u021bilor, Daniel B\u0103lu\u021b\u0103, a ie\u0219it pe locul&#8230;<\/p>","protected":false},"author":4,"featured_media":0,"comment_status":"open","ping_status":"open","sticky":false,"template":"","format":"standard","meta":{"footnotes":""},"categories":[1],"tags":[],"class_list":["post-3478","post","type-post","status-publish","format-standard","hentry","category-uncategorized"],"yoast_head":"<!-- This site is optimized with the Yoast SEO plugin v26.1.1 - https:\/\/yoast.com\/wordpress\/plugins\/seo\/ -->\n<title>Mar\u021bi - \u0219edin\u021b\u0103 BPN al PSD, prima dup\u0103 alegerile locale par\u021biale - Carpathia Center Romania<\/title>\n<meta name=\"robots\" content=\"index, follow, max-snippet:-1, max-image-preview:large, max-video-preview:-1\" \/>\n<link rel=\"canonical\" href=\"https:\/\/carpathiacenter.ro\/en\/marti-sedinta-bpn-al-psd-prima-dupa-alegerile-locale-partiale\/\" \/>\n<meta property=\"og:locale\" content=\"en_GB\" \/>\n<meta property=\"og:type\" content=\"article\" \/>\n<meta property=\"og:title\" content=\"Mar\u021bi - \u0219edin\u021b\u0103 BPN al PSD, prima dup\u0103 alegerile locale par\u021biale - Carpathia Center Romania\" \/>\n<meta property=\"og:description\" content=\"Biroul Permanent Na\u021bional al PSD se reune\u0219te mar\u021bi \u00een prima \u0219edin\u021b\u0103 dup\u0103 alegerile locale par\u021biale. Reuniunea BPN al PSD este programat\u0103 la ora 10:00. La alegerile locale par\u021biale desf\u0103\u0219urate duminic\u0103, PSD a ob\u021binut mandatul de pre\u0219edinte al Consiliului Jude\u021bean Buz\u0103u, Marcel Ciolacu \u00eentrunind 51,97% din voturi, dar candidatul social-democra\u021bilor, Daniel B\u0103lu\u021b\u0103, a ie\u0219it pe locul...\" \/>\n<meta property=\"og:url\" content=\"https:\/\/carpathiacenter.ro\/en\/marti-sedinta-bpn-al-psd-prima-dupa-alegerile-locale-partiale\/\" \/>\n<meta property=\"og:site_name\" content=\"Carpathia Center Romania\" \/>\n<meta property=\"article:publisher\" content=\"https:\/\/www.facebook.com\/fdpscarpathia\/\" \/>\n<meta property=\"article:published_time\" content=\"2025-12-09T07:50:48+00:00\" \/>\n<meta name=\"author\" content=\"creativebitsolutions\" \/>\n<meta name=\"twitter:card\" content=\"summary_large_image\" \/>\n<meta name=\"twitter:label1\" content=\"Written by\" \/>\n\t<meta name=\"twitter:data1\" content=\"creativebitsolutions\" \/>\n<script type=\"application\/ld+json\" class=\"yoast-schema-graph\">{\"@context\":\"https:\/\/schema.org\",\"@graph\":[{\"@type\":\"Article\",\"@id\":\"https:\/\/carpathiacenter.ro\/marti-sedinta-bpn-al-psd-prima-dupa-alegerile-locale-partiale\/#article\",\"isPartOf\":{\"@id\":\"https:\/\/carpathiacenter.ro\/marti-sedinta-bpn-al-psd-prima-dupa-alegerile-locale-partiale\/\"},\"author\":{\"name\":\"creativebitsolutions\",\"@id\":\"https:\/\/carpathiacenter.ro\/#\/schema\/person\/03d9f58202fee8379268f34afa195006\"},\"headline\":\"Mar\u021bi &#8211; \u0219edin\u021b\u0103 BPN al PSD, prima dup\u0103 alegerile locale par\u021biale\",\"datePublished\":\"2025-12-09T07:50:48+00:00\",\"mainEntityOfPage\":{\"@id\":\"https:\/\/carpathiacenter.ro\/marti-sedinta-bpn-al-psd-prima-dupa-alegerile-locale-partiale\/\"},\"wordCount\":218,\"commentCount\":0,\"publisher\":{\"@id\":\"https:\/\/carpathiacenter.ro\/#organization\"},\"articleSection\":[\"Uncategorized\"],\"inLanguage\":\"en-GB\",\"potentialAction\":[{\"@type\":\"CommentAction\",\"name\":\"Comment\",\"target\":[\"https:\/\/carpathiacenter.ro\/marti-sedinta-bpn-al-psd-prima-dupa-alegerile-locale-partiale\/#respond\"]}]},{\"@type\":\"WebPage\",\"@id\":\"https:\/\/carpathiacenter.ro\/marti-sedinta-bpn-al-psd-prima-dupa-alegerile-locale-partiale\/\",\"url\":\"https:\/\/carpathiacenter.ro\/marti-sedinta-bpn-al-psd-prima-dupa-alegerile-locale-partiale\/\",\"name\":\"Mar\u021bi - \u0219edin\u021b\u0103 BPN al PSD, prima dup\u0103 alegerile locale par\u021biale - Carpathia Center Romania\",\"isPartOf\":{\"@id\":\"https:\/\/carpathiacenter.ro\/#website\"},\"datePublished\":\"2025-12-09T07:50:48+00:00\",\"breadcrumb\":{\"@id\":\"https:\/\/carpathiacenter.ro\/marti-sedinta-bpn-al-psd-prima-dupa-alegerile-locale-partiale\/#breadcrumb\"},\"inLanguage\":\"en-GB\",\"potentialAction\":[{\"@type\":\"ReadAction\",\"target\":[\"https:\/\/carpathiacenter.ro\/marti-sedinta-bpn-al-psd-prima-dupa-alegerile-locale-partiale\/\"]}]},{\"@type\":\"BreadcrumbList\",\"@id\":\"https:\/\/carpathiacenter.ro\/marti-sedinta-bpn-al-psd-prima-dupa-alegerile-locale-partiale\/#breadcrumb\",\"itemListElement\":[{\"@type\":\"ListItem\",\"position\":1,\"name\":\"Prima pagin\u0103\",\"item\":\"https:\/\/carpathiacenter.ro\/\"},{\"@type\":\"ListItem\",\"position\":2,\"name\":\"Mar\u021bi &#8211; \u0219edin\u021b\u0103 BPN al PSD, prima dup\u0103 alegerile locale par\u021biale\"}]},{\"@type\":\"WebSite\",\"@id\":\"https:\/\/carpathiacenter.ro\/#website\",\"url\":\"https:\/\/carpathiacenter.ro\/\",\"name\":\"Carpathia Center Romania\",\"description\":\"Impossible made possible!\",\"publisher\":{\"@id\":\"https:\/\/carpathiacenter.ro\/#organization\"},\"potentialAction\":[{\"@type\":\"SearchAction\",\"target\":{\"@type\":\"EntryPoint\",\"urlTemplate\":\"https:\/\/carpathiacenter.ro\/?s={search_term_string}\"},\"query-input\":{\"@type\":\"PropertyValueSpecification\",\"valueRequired\":true,\"valueName\":\"search_term_string\"}}],\"inLanguage\":\"en-GB\"},{\"@type\":\"Organization\",\"@id\":\"https:\/\/carpathiacenter.ro\/#organization\",\"name\":\"Carpathia Center Romania\",\"url\":\"https:\/\/carpathiacenter.ro\/\",\"logo\":{\"@type\":\"ImageObject\",\"inLanguage\":\"en-GB\",\"@id\":\"https:\/\/carpathiacenter.ro\/#\/schema\/logo\/image\/\",\"url\":\"https:\/\/carpathiacenter.ro\/wp-content\/uploads\/2024\/07\/logo-carpathia_bg_white-1024x941.png\",\"contentUrl\":\"https:\/\/carpathiacenter.ro\/wp-content\/uploads\/2024\/07\/logo-carpathia_bg_white-1024x941.png\",\"width\":1024,\"height\":941,\"caption\":\"Carpathia Center Romania\"},\"image\":{\"@id\":\"https:\/\/carpathiacenter.ro\/#\/schema\/logo\/image\/\"},\"sameAs\":[\"https:\/\/www.facebook.com\/fdpscarpathia\/\"]},{\"@type\":\"Person\",\"@id\":\"https:\/\/carpathiacenter.ro\/#\/schema\/person\/03d9f58202fee8379268f34afa195006\",\"name\":\"creativebitsolutions\",\"image\":{\"@type\":\"ImageObject\",\"inLanguage\":\"en-GB\",\"@id\":\"https:\/\/carpathiacenter.ro\/#\/schema\/person\/image\/\",\"url\":\"https:\/\/secure.gravatar.com\/avatar\/1b1a13e37f847c635dab78348f1dff2f07651ee2a3d77a5c355a4b8c75f9165a?s=96&d=mm&r=g\",\"contentUrl\":\"https:\/\/secure.gravatar.com\/avatar\/1b1a13e37f847c635dab78348f1dff2f07651ee2a3d77a5c355a4b8c75f9165a?s=96&d=mm&r=g\",\"caption\":\"creativebitsolutions\"},\"url\":\"https:\/\/carpathiacenter.ro\/en\/author\/creativebitsolutions\/\"}]}<\/script>\n<!-- \/ Yoast SEO plugin. -->","yoast_head_json":{"title":"Mar\u021bi - \u0219edin\u021b\u0103 BPN al PSD, prima dup\u0103 alegerile locale par\u021biale - Carpathia Center Romania","robots":{"index":"index","follow":"follow","max-snippet":"max-snippet:-1","max-image-preview":"max-image-preview:large","max-video-preview":"max-video-preview:-1"},"canonical":"https:\/\/carpathiacenter.ro\/en\/marti-sedinta-bpn-al-psd-prima-dupa-alegerile-locale-partiale\/","og_locale":"en_GB","og_type":"article","og_title":"Mar\u021bi - \u0219edin\u021b\u0103 BPN al PSD, prima dup\u0103 alegerile locale par\u021biale - Carpathia Center Romania","og_description":"Biroul Permanent Na\u021bional al PSD se reune\u0219te mar\u021bi \u00een prima \u0219edin\u021b\u0103 dup\u0103 alegerile locale par\u021biale. Reuniunea BPN al PSD este programat\u0103 la ora 10:00. La alegerile locale par\u021biale desf\u0103\u0219urate duminic\u0103, PSD a ob\u021binut mandatul de pre\u0219edinte al Consiliului Jude\u021bean Buz\u0103u, Marcel Ciolacu \u00eentrunind 51,97% din voturi, dar candidatul social-democra\u021bilor, Daniel B\u0103lu\u021b\u0103, a ie\u0219it pe locul...","og_url":"https:\/\/carpathiacenter.ro\/en\/marti-sedinta-bpn-al-psd-prima-dupa-alegerile-locale-partiale\/","og_site_name":"Carpathia Center Romania","article_publisher":"https:\/\/www.facebook.com\/fdpscarpathia\/","article_published_time":"2025-12-09T07:50:48+00:00","author":"creativebitsolutions","twitter_card":"summary_large_image","twitter_misc":{"Written by":"creativebitsolutions"},"schema":{"@context":"https:\/\/schema.org","@graph":[{"@type":"Article","@id":"https:\/\/carpathiacenter.ro\/marti-sedinta-bpn-al-psd-prima-dupa-alegerile-locale-partiale\/#article","isPartOf":{"@id":"https:\/\/carpathiacenter.ro\/marti-sedinta-bpn-al-psd-prima-dupa-alegerile-locale-partiale\/"},"author":{"name":"creativebitsolutions","@id":"https:\/\/carpathiacenter.ro\/#\/schema\/person\/03d9f58202fee8379268f34afa195006"},"headline":"Mar\u021bi &#8211; \u0219edin\u021b\u0103 BPN al PSD, prima dup\u0103 alegerile locale par\u021biale","datePublished":"2025-12-09T07:50:48+00:00","mainEntityOfPage":{"@id":"https:\/\/carpathiacenter.ro\/marti-sedinta-bpn-al-psd-prima-dupa-alegerile-locale-partiale\/"},"wordCount":218,"commentCount":0,"publisher":{"@id":"https:\/\/carpathiacenter.ro\/#organization"},"articleSection":["Uncategorized"],"inLanguage":"en-GB","potentialAction":[{"@type":"CommentAction","name":"Comment","target":["https:\/\/carpathiacenter.ro\/marti-sedinta-bpn-al-psd-prima-dupa-alegerile-locale-partiale\/#respond"]}]},{"@type":"WebPage","@id":"https:\/\/carpathiacenter.ro\/marti-sedinta-bpn-al-psd-prima-dupa-alegerile-locale-partiale\/","url":"https:\/\/carpathiacenter.ro\/marti-sedinta-bpn-al-psd-prima-dupa-alegerile-locale-partiale\/","name":"Mar\u021bi - \u0219edin\u021b\u0103 BPN al PSD, prima dup\u0103 alegerile locale par\u021biale - Carpathia Center Romania","isPartOf":{"@id":"https:\/\/carpathiacenter.ro\/#website"},"datePublished":"2025-12-09T07:50:48+00:00","breadcrumb":{"@id":"https:\/\/carpathiacenter.ro\/marti-sedinta-bpn-al-psd-prima-dupa-alegerile-locale-partiale\/#breadcrumb"},"inLanguage":"en-GB","potentialAction":[{"@type":"ReadAction","target":["https:\/\/carpathiacenter.ro\/marti-sedinta-bpn-al-psd-prima-dupa-alegerile-locale-partiale\/"]}]},{"@type":"BreadcrumbList","@id":"https:\/\/carpathiacenter.ro\/marti-sedinta-bpn-al-psd-prima-dupa-alegerile-locale-partiale\/#breadcrumb","itemListElement":[{"@type":"ListItem","position":1,"name":"Prima pagin\u0103","item":"https:\/\/carpathiacenter.ro\/"},{"@type":"ListItem","position":2,"name":"Mar\u021bi &#8211; \u0219edin\u021b\u0103 BPN al PSD, prima dup\u0103 alegerile locale par\u021biale"}]},{"@type":"WebSite","@id":"https:\/\/carpathiacenter.ro\/#website","url":"https:\/\/carpathiacenter.ro\/","name":"Carpathia Center Romania","description":"Impossible made possible!","publisher":{"@id":"https:\/\/carpathiacenter.ro\/#organization"},"potentialAction":[{"@type":"SearchAction","target":{"@type":"EntryPoint","urlTemplate":"https:\/\/carpathiacenter.ro\/?s={search_term_string}"},"query-input":{"@type":"PropertyValueSpecification","valueRequired":true,"valueName":"search_term_string"}}],"inLanguage":"en-GB"},{"@type":"Organization","@id":"https:\/\/carpathiacenter.ro\/#organization","name":"Carpathia Center Romania","url":"https:\/\/carpathiacenter.ro\/","logo":{"@type":"ImageObject","inLanguage":"en-GB","@id":"https:\/\/carpathiacenter.ro\/#\/schema\/logo\/image\/","url":"https:\/\/carpathiacenter.ro\/wp-content\/uploads\/2024\/07\/logo-carpathia_bg_white-1024x941.png","contentUrl":"https:\/\/carpathiacenter.ro\/wp-content\/uploads\/2024\/07\/logo-carpathia_bg_white-1024x941.png","width":1024,"height":941,"caption":"Carpathia Center Romania"},"image":{"@id":"https:\/\/carpathiacenter.ro\/#\/schema\/logo\/image\/"},"sameAs":["https:\/\/www.facebook.com\/fdpscarpathia\/"]},{"@type":"Person","@id":"https:\/\/carpathiacenter.ro\/#\/schema\/person\/03d9f58202fee8379268f34afa195006","name":"creativebitsolutions","image":{"@type":"ImageObject","inLanguage":"en-GB","@id":"https:\/\/carpathiacenter.ro\/#\/schema\/person\/image\/","url":"https:\/\/secure.gravatar.com\/avatar\/1b1a13e37f847c635dab78348f1dff2f07651ee2a3d77a5c355a4b8c75f9165a?s=96&d=mm&r=g","contentUrl":"https:\/\/secure.gravatar.com\/avatar\/1b1a13e37f847c635dab78348f1dff2f07651ee2a3d77a5c355a4b8c75f9165a?s=96&d=mm&r=g","caption":"creativebitsolutions"},"url":"https:\/\/carpathiacenter.ro\/en\/author\/creativebitsolutions\/"}]}},"_links":{"self":[{"href":"https:\/\/carpathiacenter.ro\/en\/wp-json\/wp\/v2\/posts\/3478","targetHints":{"allow":["GET"]}}],"collection":[{"href":"https:\/\/carpathiacenter.ro\/en\/wp-json\/wp\/v2\/posts"}],"about":[{"href":"https:\/\/carpathiacenter.ro\/en\/wp-json\/wp\/v2\/types\/post"}],"author":[{"embeddable":true,"href":"https:\/\/carpathiacenter.ro\/en\/wp-json\/wp\/v2\/users\/4"}],"replies":[{"embeddable":true,"href":"https:\/\/carpathiacenter.ro\/en\/wp-json\/wp\/v2\/comments?post=3478"}],"version-history":[{"count":1,"href":"https:\/\/carpathiacenter.ro\/en\/wp-json\/wp\/v2\/posts\/3478\/revisions"}],"predecessor-version":[{"id":3479,"href":"https:\/\/carpathiacenter.ro\/en\/wp-json\/wp\/v2\/posts\/3478\/revisions\/3479"}],"wp:attachment":[{"href":"https:\/\/carpathiacenter.ro\/en\/wp-json\/wp\/v2\/media?parent=3478"}],"wp:term":[{"taxonomy":"category","embeddable":true,"href":"https:\/\/carpathiacenter.ro\/en\/wp-json\/wp\/v2\/categories?post=3478"},{"taxonomy":"post_tag","embeddable":true,"href":"https:\/\/carpathiacenter.ro\/en\/wp-json\/wp\/v2\/tags?post=3478"}],"curies":[{"name":"wp","href":"https:\/\/api.w.org\/{rel}","templated":true}]}}