{"id":3475,"date":"2025-12-08T09:22:13","date_gmt":"2025-12-08T09:22:13","guid":{"rendered":"https:\/\/carpathiacenter.ro\/?p=3475"},"modified":"2025-12-08T09:22:13","modified_gmt":"2025-12-08T09:22:13","slug":"presedintele-nicusor-dan-vizita-in-franta-va-fi-primit-de-emmanuel-macron-la-elysee-se-va-intalni-cu-diaspora-din-paris","status":"publish","type":"post","link":"https:\/\/carpathiacenter.ro\/en\/presedintele-nicusor-dan-vizita-in-franta-va-fi-primit-de-emmanuel-macron-la-elysee-se-va-intalni-cu-diaspora-din-paris\/","title":{"rendered":"Pre\u0219edintele Nicu\u0219or Dan &#8211; vizit\u0103 \u00een Fran\u021ba; va fi primit de Emmanuel Macron la Elysee; se va \u00eent\u00e2lni cu diaspora din Paris"},"content":{"rendered":"<p><strong>Pre\u0219edintele Nicu\u0219or Dan se va afla \u00een vizit\u0103 \u00een Fran\u021ba luni \u0219i mar\u021bi, c\u00e2nd se va \u00eent\u00e2lni cu rom\u00e2nii din diaspora la Paris \u0219i va fi primit de omologul s\u0103u, Emmanuel Macron, la Palatul Elysee.<\/strong><\/p>\n<p>\u00cen seara primei zile \u00een Fran\u021ba, \u0219eful statului va dialoga cu reprezentan\u021bii comunit\u0103\u021bii rom\u00e2ne\u0219ti la Ambasada din Paris, potrivit agendei publicate de Administra\u021bia Preziden\u021bial\u0103.<\/p>\n<p>Mar\u021bi, Nicu\u0219or Dan are programat\u0103 o \u00eent\u00e2lnire cu reprezentan\u021bi ai companiilor economice franceze organizat\u0103 de Mi\u0219carea \u00centreprinderilor din Fran\u021ba (Medef), dup\u0103 care va discuta cu primarul Parisului, Anne Hidalgo.<\/p>\n<p>Ulterior, va participa la inaugurarea aleii &#8216;Nicolae Titulescu&#8217; \u00een Parcul Monceau din Paris \u0219i apoi va fi primit de pre\u0219edintele Macron la Palatul Elysee.<\/p>\n<p>\u00cen seara ultimei zile a vizitei, \u0219eful statului va vizita fabrica Thales. AGERPRES\/(AS &#8211; editor: Florin Marin, editor online: Ady Iva\u015fcu)<br \/>\n<br \/>\nSursa articolului:  <a href=\"https:\/\/agerpres.ro\/politic\/2025\/12\/08\/presedintele-nicusor-dan---vizita-in-franta-va-fi-primit-de-emmanuel-macron-la-elysee-se-va-intalni---1509734\" target=\"_blank\" rel=\"noopener\" title=\"\">AGERPRES<\/a><\/p>","protected":false},"excerpt":{"rendered":"<p>Pre\u0219edintele Nicu\u0219or Dan se va afla \u00een vizit\u0103 \u00een Fran\u021ba luni \u0219i mar\u021bi, c\u00e2nd se va \u00eent\u00e2lni cu rom\u00e2nii din diaspora la Paris \u0219i va fi primit de omologul s\u0103u, Emmanuel Macron, la Palatul Elysee. \u00cen seara primei zile \u00een Fran\u021ba, \u0219eful statului va dialoga cu reprezentan\u021bii comunit\u0103\u021bii rom\u00e2ne\u0219ti la Ambasada din Paris, potrivit agendei&#8230;<\/p>","protected":false},"author":4,"featured_media":0,"comment_status":"open","ping_status":"open","sticky":false,"template":"","format":"standard","meta":{"footnotes":""},"categories":[1],"tags":[],"class_list":["post-3475","post","type-post","status-publish","format-standard","hentry","category-uncategorized"],"yoast_head":"<!-- This site is optimized with the Yoast SEO plugin v26.1.1 - https:\/\/yoast.com\/wordpress\/plugins\/seo\/ -->\n<title>Pre\u0219edintele Nicu\u0219or Dan - vizit\u0103 \u00een Fran\u021ba; va fi primit de Emmanuel Macron la Elysee; se va \u00eent\u00e2lni cu diaspora din Paris - Carpathia Center Romania<\/title>\n<meta name=\"robots\" content=\"index, follow, max-snippet:-1, max-image-preview:large, max-video-preview:-1\" \/>\n<link rel=\"canonical\" href=\"https:\/\/carpathiacenter.ro\/en\/presedintele-nicusor-dan-vizita-in-franta-va-fi-primit-de-emmanuel-macron-la-elysee-se-va-intalni-cu-diaspora-din-paris\/\" \/>\n<meta property=\"og:locale\" content=\"en_GB\" \/>\n<meta property=\"og:type\" content=\"article\" \/>\n<meta property=\"og:title\" content=\"Pre\u0219edintele Nicu\u0219or Dan - vizit\u0103 \u00een Fran\u021ba; va fi primit de Emmanuel Macron la Elysee; se va \u00eent\u00e2lni cu diaspora din Paris - Carpathia Center Romania\" \/>\n<meta property=\"og:description\" content=\"Pre\u0219edintele Nicu\u0219or Dan se va afla \u00een vizit\u0103 \u00een Fran\u021ba luni \u0219i mar\u021bi, c\u00e2nd se va \u00eent\u00e2lni cu rom\u00e2nii din diaspora la Paris \u0219i va fi primit de omologul s\u0103u, Emmanuel Macron, la Palatul Elysee. \u00cen seara primei zile \u00een Fran\u021ba, \u0219eful statului va dialoga cu reprezentan\u021bii comunit\u0103\u021bii rom\u00e2ne\u0219ti la Ambasada din Paris, potrivit agendei...\" \/>\n<meta property=\"og:url\" content=\"https:\/\/carpathiacenter.ro\/en\/presedintele-nicusor-dan-vizita-in-franta-va-fi-primit-de-emmanuel-macron-la-elysee-se-va-intalni-cu-diaspora-din-paris\/\" \/>\n<meta property=\"og:site_name\" content=\"Carpathia Center Romania\" \/>\n<meta property=\"article:publisher\" content=\"https:\/\/www.facebook.com\/fdpscarpathia\/\" \/>\n<meta property=\"article:published_time\" content=\"2025-12-08T09:22:13+00:00\" \/>\n<meta name=\"author\" content=\"creativebitsolutions\" \/>\n<meta name=\"twitter:card\" content=\"summary_large_image\" \/>\n<meta name=\"twitter:label1\" content=\"Written by\" \/>\n\t<meta name=\"twitter:data1\" content=\"creativebitsolutions\" \/>\n<script type=\"application\/ld+json\" class=\"yoast-schema-graph\">{\"@context\":\"https:\/\/schema.org\",\"@graph\":[{\"@type\":\"Article\",\"@id\":\"https:\/\/carpathiacenter.ro\/presedintele-nicusor-dan-vizita-in-franta-va-fi-primit-de-emmanuel-macron-la-elysee-se-va-intalni-cu-diaspora-din-paris\/#article\",\"isPartOf\":{\"@id\":\"https:\/\/carpathiacenter.ro\/presedintele-nicusor-dan-vizita-in-franta-va-fi-primit-de-emmanuel-macron-la-elysee-se-va-intalni-cu-diaspora-din-paris\/\"},\"author\":{\"name\":\"creativebitsolutions\",\"@id\":\"https:\/\/carpathiacenter.ro\/#\/schema\/person\/03d9f58202fee8379268f34afa195006\"},\"headline\":\"Pre\u0219edintele Nicu\u0219or Dan &#8211; vizit\u0103 \u00een Fran\u021ba; va fi primit de Emmanuel Macron la Elysee; se va \u00eent\u00e2lni cu diaspora din Paris\",\"datePublished\":\"2025-12-08T09:22:13+00:00\",\"mainEntityOfPage\":{\"@id\":\"https:\/\/carpathiacenter.ro\/presedintele-nicusor-dan-vizita-in-franta-va-fi-primit-de-emmanuel-macron-la-elysee-se-va-intalni-cu-diaspora-din-paris\/\"},\"wordCount\":186,\"commentCount\":0,\"publisher\":{\"@id\":\"https:\/\/carpathiacenter.ro\/#organization\"},\"articleSection\":[\"Uncategorized\"],\"inLanguage\":\"en-GB\",\"potentialAction\":[{\"@type\":\"CommentAction\",\"name\":\"Comment\",\"target\":[\"https:\/\/carpathiacenter.ro\/presedintele-nicusor-dan-vizita-in-franta-va-fi-primit-de-emmanuel-macron-la-elysee-se-va-intalni-cu-diaspora-din-paris\/#respond\"]}]},{\"@type\":\"WebPage\",\"@id\":\"https:\/\/carpathiacenter.ro\/presedintele-nicusor-dan-vizita-in-franta-va-fi-primit-de-emmanuel-macron-la-elysee-se-va-intalni-cu-diaspora-din-paris\/\",\"url\":\"https:\/\/carpathiacenter.ro\/presedintele-nicusor-dan-vizita-in-franta-va-fi-primit-de-emmanuel-macron-la-elysee-se-va-intalni-cu-diaspora-din-paris\/\",\"name\":\"Pre\u0219edintele Nicu\u0219or Dan - vizit\u0103 \u00een Fran\u021ba; va fi primit de Emmanuel Macron la Elysee; se va \u00eent\u00e2lni cu diaspora din Paris - Carpathia Center Romania\",\"isPartOf\":{\"@id\":\"https:\/\/carpathiacenter.ro\/#website\"},\"datePublished\":\"2025-12-08T09:22:13+00:00\",\"breadcrumb\":{\"@id\":\"https:\/\/carpathiacenter.ro\/presedintele-nicusor-dan-vizita-in-franta-va-fi-primit-de-emmanuel-macron-la-elysee-se-va-intalni-cu-diaspora-din-paris\/#breadcrumb\"},\"inLanguage\":\"en-GB\",\"potentialAction\":[{\"@type\":\"ReadAction\",\"target\":[\"https:\/\/carpathiacenter.ro\/presedintele-nicusor-dan-vizita-in-franta-va-fi-primit-de-emmanuel-macron-la-elysee-se-va-intalni-cu-diaspora-din-paris\/\"]}]},{\"@type\":\"BreadcrumbList\",\"@id\":\"https:\/\/carpathiacenter.ro\/presedintele-nicusor-dan-vizita-in-franta-va-fi-primit-de-emmanuel-macron-la-elysee-se-va-intalni-cu-diaspora-din-paris\/#breadcrumb\",\"itemListElement\":[{\"@type\":\"ListItem\",\"position\":1,\"name\":\"Prima pagin\u0103\",\"item\":\"https:\/\/carpathiacenter.ro\/\"},{\"@type\":\"ListItem\",\"position\":2,\"name\":\"Pre\u0219edintele Nicu\u0219or Dan &#8211; vizit\u0103 \u00een Fran\u021ba; va fi primit de Emmanuel Macron la Elysee; se va \u00eent\u00e2lni cu diaspora din Paris\"}]},{\"@type\":\"WebSite\",\"@id\":\"https:\/\/carpathiacenter.ro\/#website\",\"url\":\"https:\/\/carpathiacenter.ro\/\",\"name\":\"Carpathia Center Romania\",\"description\":\"Impossible made possible!\",\"publisher\":{\"@id\":\"https:\/\/carpathiacenter.ro\/#organization\"},\"potentialAction\":[{\"@type\":\"SearchAction\",\"target\":{\"@type\":\"EntryPoint\",\"urlTemplate\":\"https:\/\/carpathiacenter.ro\/?s={search_term_string}\"},\"query-input\":{\"@type\":\"PropertyValueSpecification\",\"valueRequired\":true,\"valueName\":\"search_term_string\"}}],\"inLanguage\":\"en-GB\"},{\"@type\":\"Organization\",\"@id\":\"https:\/\/carpathiacenter.ro\/#organization\",\"name\":\"Carpathia Center Romania\",\"url\":\"https:\/\/carpathiacenter.ro\/\",\"logo\":{\"@type\":\"ImageObject\",\"inLanguage\":\"en-GB\",\"@id\":\"https:\/\/carpathiacenter.ro\/#\/schema\/logo\/image\/\",\"url\":\"https:\/\/carpathiacenter.ro\/wp-content\/uploads\/2024\/07\/logo-carpathia_bg_white-1024x941.png\",\"contentUrl\":\"https:\/\/carpathiacenter.ro\/wp-content\/uploads\/2024\/07\/logo-carpathia_bg_white-1024x941.png\",\"width\":1024,\"height\":941,\"caption\":\"Carpathia Center Romania\"},\"image\":{\"@id\":\"https:\/\/carpathiacenter.ro\/#\/schema\/logo\/image\/\"},\"sameAs\":[\"https:\/\/www.facebook.com\/fdpscarpathia\/\"]},{\"@type\":\"Person\",\"@id\":\"https:\/\/carpathiacenter.ro\/#\/schema\/person\/03d9f58202fee8379268f34afa195006\",\"name\":\"creativebitsolutions\",\"image\":{\"@type\":\"ImageObject\",\"inLanguage\":\"en-GB\",\"@id\":\"https:\/\/carpathiacenter.ro\/#\/schema\/person\/image\/\",\"url\":\"https:\/\/secure.gravatar.com\/avatar\/1b1a13e37f847c635dab78348f1dff2f07651ee2a3d77a5c355a4b8c75f9165a?s=96&d=mm&r=g\",\"contentUrl\":\"https:\/\/secure.gravatar.com\/avatar\/1b1a13e37f847c635dab78348f1dff2f07651ee2a3d77a5c355a4b8c75f9165a?s=96&d=mm&r=g\",\"caption\":\"creativebitsolutions\"},\"url\":\"https:\/\/carpathiacenter.ro\/en\/author\/creativebitsolutions\/\"}]}<\/script>\n<!-- \/ Yoast SEO plugin. -->","yoast_head_json":{"title":"Pre\u0219edintele Nicu\u0219or Dan - vizit\u0103 \u00een Fran\u021ba; va fi primit de Emmanuel Macron la Elysee; se va \u00eent\u00e2lni cu diaspora din Paris - Carpathia Center Romania","robots":{"index":"index","follow":"follow","max-snippet":"max-snippet:-1","max-image-preview":"max-image-preview:large","max-video-preview":"max-video-preview:-1"},"canonical":"https:\/\/carpathiacenter.ro\/en\/presedintele-nicusor-dan-vizita-in-franta-va-fi-primit-de-emmanuel-macron-la-elysee-se-va-intalni-cu-diaspora-din-paris\/","og_locale":"en_GB","og_type":"article","og_title":"Pre\u0219edintele Nicu\u0219or Dan - vizit\u0103 \u00een Fran\u021ba; va fi primit de Emmanuel Macron la Elysee; se va \u00eent\u00e2lni cu diaspora din Paris - Carpathia Center Romania","og_description":"Pre\u0219edintele Nicu\u0219or Dan se va afla \u00een vizit\u0103 \u00een Fran\u021ba luni \u0219i mar\u021bi, c\u00e2nd se va \u00eent\u00e2lni cu rom\u00e2nii din diaspora la Paris \u0219i va fi primit de omologul s\u0103u, Emmanuel Macron, la Palatul Elysee. \u00cen seara primei zile \u00een Fran\u021ba, \u0219eful statului va dialoga cu reprezentan\u021bii comunit\u0103\u021bii rom\u00e2ne\u0219ti la Ambasada din Paris, potrivit agendei...","og_url":"https:\/\/carpathiacenter.ro\/en\/presedintele-nicusor-dan-vizita-in-franta-va-fi-primit-de-emmanuel-macron-la-elysee-se-va-intalni-cu-diaspora-din-paris\/","og_site_name":"Carpathia Center Romania","article_publisher":"https:\/\/www.facebook.com\/fdpscarpathia\/","article_published_time":"2025-12-08T09:22:13+00:00","author":"creativebitsolutions","twitter_card":"summary_large_image","twitter_misc":{"Written by":"creativebitsolutions"},"schema":{"@context":"https:\/\/schema.org","@graph":[{"@type":"Article","@id":"https:\/\/carpathiacenter.ro\/presedintele-nicusor-dan-vizita-in-franta-va-fi-primit-de-emmanuel-macron-la-elysee-se-va-intalni-cu-diaspora-din-paris\/#article","isPartOf":{"@id":"https:\/\/carpathiacenter.ro\/presedintele-nicusor-dan-vizita-in-franta-va-fi-primit-de-emmanuel-macron-la-elysee-se-va-intalni-cu-diaspora-din-paris\/"},"author":{"name":"creativebitsolutions","@id":"https:\/\/carpathiacenter.ro\/#\/schema\/person\/03d9f58202fee8379268f34afa195006"},"headline":"Pre\u0219edintele Nicu\u0219or Dan &#8211; vizit\u0103 \u00een Fran\u021ba; va fi primit de Emmanuel Macron la Elysee; se va \u00eent\u00e2lni cu diaspora din Paris","datePublished":"2025-12-08T09:22:13+00:00","mainEntityOfPage":{"@id":"https:\/\/carpathiacenter.ro\/presedintele-nicusor-dan-vizita-in-franta-va-fi-primit-de-emmanuel-macron-la-elysee-se-va-intalni-cu-diaspora-din-paris\/"},"wordCount":186,"commentCount":0,"publisher":{"@id":"https:\/\/carpathiacenter.ro\/#organization"},"articleSection":["Uncategorized"],"inLanguage":"en-GB","potentialAction":[{"@type":"CommentAction","name":"Comment","target":["https:\/\/carpathiacenter.ro\/presedintele-nicusor-dan-vizita-in-franta-va-fi-primit-de-emmanuel-macron-la-elysee-se-va-intalni-cu-diaspora-din-paris\/#respond"]}]},{"@type":"WebPage","@id":"https:\/\/carpathiacenter.ro\/presedintele-nicusor-dan-vizita-in-franta-va-fi-primit-de-emmanuel-macron-la-elysee-se-va-intalni-cu-diaspora-din-paris\/","url":"https:\/\/carpathiacenter.ro\/presedintele-nicusor-dan-vizita-in-franta-va-fi-primit-de-emmanuel-macron-la-elysee-se-va-intalni-cu-diaspora-din-paris\/","name":"Pre\u0219edintele Nicu\u0219or Dan - vizit\u0103 \u00een Fran\u021ba; va fi primit de Emmanuel Macron la Elysee; se va \u00eent\u00e2lni cu diaspora din Paris - Carpathia Center Romania","isPartOf":{"@id":"https:\/\/carpathiacenter.ro\/#website"},"datePublished":"2025-12-08T09:22:13+00:00","breadcrumb":{"@id":"https:\/\/carpathiacenter.ro\/presedintele-nicusor-dan-vizita-in-franta-va-fi-primit-de-emmanuel-macron-la-elysee-se-va-intalni-cu-diaspora-din-paris\/#breadcrumb"},"inLanguage":"en-GB","potentialAction":[{"@type":"ReadAction","target":["https:\/\/carpathiacenter.ro\/presedintele-nicusor-dan-vizita-in-franta-va-fi-primit-de-emmanuel-macron-la-elysee-se-va-intalni-cu-diaspora-din-paris\/"]}]},{"@type":"BreadcrumbList","@id":"https:\/\/carpathiacenter.ro\/presedintele-nicusor-dan-vizita-in-franta-va-fi-primit-de-emmanuel-macron-la-elysee-se-va-intalni-cu-diaspora-din-paris\/#breadcrumb","itemListElement":[{"@type":"ListItem","position":1,"name":"Prima pagin\u0103","item":"https:\/\/carpathiacenter.ro\/"},{"@type":"ListItem","position":2,"name":"Pre\u0219edintele Nicu\u0219or Dan &#8211; vizit\u0103 \u00een Fran\u021ba; va fi primit de Emmanuel Macron la Elysee; se va \u00eent\u00e2lni cu diaspora din Paris"}]},{"@type":"WebSite","@id":"https:\/\/carpathiacenter.ro\/#website","url":"https:\/\/carpathiacenter.ro\/","name":"Carpathia Center Romania","description":"Impossible made possible!","publisher":{"@id":"https:\/\/carpathiacenter.ro\/#organization"},"potentialAction":[{"@type":"SearchAction","target":{"@type":"EntryPoint","urlTemplate":"https:\/\/carpathiacenter.ro\/?s={search_term_string}"},"query-input":{"@type":"PropertyValueSpecification","valueRequired":true,"valueName":"search_term_string"}}],"inLanguage":"en-GB"},{"@type":"Organization","@id":"https:\/\/carpathiacenter.ro\/#organization","name":"Carpathia Center Romania","url":"https:\/\/carpathiacenter.ro\/","logo":{"@type":"ImageObject","inLanguage":"en-GB","@id":"https:\/\/carpathiacenter.ro\/#\/schema\/logo\/image\/","url":"https:\/\/carpathiacenter.ro\/wp-content\/uploads\/2024\/07\/logo-carpathia_bg_white-1024x941.png","contentUrl":"https:\/\/carpathiacenter.ro\/wp-content\/uploads\/2024\/07\/logo-carpathia_bg_white-1024x941.png","width":1024,"height":941,"caption":"Carpathia Center Romania"},"image":{"@id":"https:\/\/carpathiacenter.ro\/#\/schema\/logo\/image\/"},"sameAs":["https:\/\/www.facebook.com\/fdpscarpathia\/"]},{"@type":"Person","@id":"https:\/\/carpathiacenter.ro\/#\/schema\/person\/03d9f58202fee8379268f34afa195006","name":"creativebitsolutions","image":{"@type":"ImageObject","inLanguage":"en-GB","@id":"https:\/\/carpathiacenter.ro\/#\/schema\/person\/image\/","url":"https:\/\/secure.gravatar.com\/avatar\/1b1a13e37f847c635dab78348f1dff2f07651ee2a3d77a5c355a4b8c75f9165a?s=96&d=mm&r=g","contentUrl":"https:\/\/secure.gravatar.com\/avatar\/1b1a13e37f847c635dab78348f1dff2f07651ee2a3d77a5c355a4b8c75f9165a?s=96&d=mm&r=g","caption":"creativebitsolutions"},"url":"https:\/\/carpathiacenter.ro\/en\/author\/creativebitsolutions\/"}]}},"_links":{"self":[{"href":"https:\/\/carpathiacenter.ro\/en\/wp-json\/wp\/v2\/posts\/3475","targetHints":{"allow":["GET"]}}],"collection":[{"href":"https:\/\/carpathiacenter.ro\/en\/wp-json\/wp\/v2\/posts"}],"about":[{"href":"https:\/\/carpathiacenter.ro\/en\/wp-json\/wp\/v2\/types\/post"}],"author":[{"embeddable":true,"href":"https:\/\/carpathiacenter.ro\/en\/wp-json\/wp\/v2\/users\/4"}],"replies":[{"embeddable":true,"href":"https:\/\/carpathiacenter.ro\/en\/wp-json\/wp\/v2\/comments?post=3475"}],"version-history":[{"count":1,"href":"https:\/\/carpathiacenter.ro\/en\/wp-json\/wp\/v2\/posts\/3475\/revisions"}],"predecessor-version":[{"id":3476,"href":"https:\/\/carpathiacenter.ro\/en\/wp-json\/wp\/v2\/posts\/3475\/revisions\/3476"}],"wp:attachment":[{"href":"https:\/\/carpathiacenter.ro\/en\/wp-json\/wp\/v2\/media?parent=3475"}],"wp:term":[{"taxonomy":"category","embeddable":true,"href":"https:\/\/carpathiacenter.ro\/en\/wp-json\/wp\/v2\/categories?post=3475"},{"taxonomy":"post_tag","embeddable":true,"href":"https:\/\/carpathiacenter.ro\/en\/wp-json\/wp\/v2\/tags?post=3475"}],"curies":[{"name":"wp","href":"https:\/\/api.w.org\/{rel}","templated":true}]}}