{"id":3462,"date":"2025-12-05T11:44:38","date_gmt":"2025-12-05T11:44:38","guid":{"rendered":"https:\/\/carpathiacenter.ro\/?p=3462"},"modified":"2025-12-05T11:45:19","modified_gmt":"2025-12-05T11:45:19","slug":"ministerul-culturii-propune-masuri-in-sprijinul-autorilor-si-titularilor-de-drepturi-de-autor-si-conexe","status":"publish","type":"post","link":"https:\/\/carpathiacenter.ro\/en\/ministerul-culturii-propune-masuri-in-sprijinul-autorilor-si-titularilor-de-drepturi-de-autor-si-conexe\/","title":{"rendered":"Ministerul Culturii propune m\u0103suri \u00een sprijinul autorilor \u0219i titularilor de drepturi de autor \u0219i conexe"},"content":{"rendered":"<div class=\"mx-auto pt-3\">\n<p><strong>Ministerul Culturii a \u00eenscris pe ordinea de zi a \u0219edin\u021bei de guvern de vineri proiectul de ordonan\u021b\u0103 de urgen\u021b\u0103 care urmeaz\u0103 s\u0103 alinieze legisla\u021bia na\u021bional\u0103 privind drepturile de autor \u0219i drepturile conexe la normele \u0219i practicile europene, prin eliminarea gestiunii colective extinse (LCEE) pentru comunicarea public\u0103 a operelor muzicale.<\/strong><\/p>\n<p>Potrivit unui comunicat al Ministerului Culturii, transmis vineri AGERPRES, m\u0103sura pune pe primul loc voin\u021ba autorului \u0219i titularilor de drepturi, ca principiu fundamental al exercit\u0103rii drepturilor exclusive, \u0219i deschide pia\u021ba c\u0103tre un mediu concuren\u021bial modern, \u00een deplin\u0103 concordan\u021b\u0103 cu jurispruden\u021ba Cur\u021bii de Justi\u021bie a Uniunii Europene (CJUE) \u0219i cu practicile statelor membre.<\/p>\n<p>&#8216;\u00cen industria muzical\u0103 european\u0103, licen\u021bierea individual\u0103 este o practic\u0103 obi\u0219nuit\u0103, iar autorii trebuie s\u0103 poat\u0103 alege \u00een mod liber \u00eentre gestiunea individual\u0103 (direct sau prin impresari), organismele de gestiune colectiv\u0103 (OGC) \u0219i entit\u0103\u021bile de gestiune independent\u0103 (EGI). Eliminarea LCEE \u00eencurajeaz\u0103 concuren\u021ba loial\u0103 \u0219i eficien\u021ba pe pia\u021b\u0103. Apari\u021bia \u0219i func\u021bionarea EGI-urilor, precum Soundreef (Irlanda) sau Jamendo S.A. (Luxemburg), ofer\u0103 alternative reale de licen\u021biere, stimul\u00e2nd \u00een acela\u0219i timp cre\u0219terea calit\u0103\u021bii serviciilor furnizate de OGC-uri&#8217;, precizeaz\u0103 sursa citat\u0103.<\/p>\n<p>Autorii care apreciaz\u0103 c\u0103 solu\u021biile individuale sau cele oferite de EGI nu r\u0103spund nevoilor lor, pot mandata oric\u00e2nd un OGC, fapt ce conduce la cre\u0219terea num\u0103rului membrilor asocia\u021biei.<\/p>\n<p>Sc\u0103derea nivelului remunera\u021biilor colectate, invocat\u0103 de OGC \u00een spa\u021biul public, are \u00een vedere comisionul (propriu) de administrare, nu veniturile efective ale autorilor, care continu\u0103 s\u0103 \u00eencaseze remunera\u021biile conform op\u021biunii liber exprimate (gestiune individual\u0103 sau EGI), drepturile autorilor str\u0103ini r\u0103m\u00e2n\u00e2nd protejate prin acordurile de reprezentare reciproc\u0103 dintre organismele din Rom\u00e2nia \u0219i cele din str\u0103in\u0103tate, inclusiv atunci c\u00e2nd anumite drepturi sunt gestionate colectiv \u00een regim facultativ.<\/p>\n<p>Pentru a simplifica procedura de autorizare \u0219i pentru a cre\u0219te transparen\u021ba activit\u0103\u021bii de colectare \u0219i repartizare a OGC-urilor, Ministerul Culturii sus\u021bine instituirea unei metodologii unice \u0219i \u00eenfiin\u021barea unui organism comun de colectare, \u00een cazul comunic\u0103rii publice a operelor \u00een scop ambiental.<\/p>\n<p>\u00cen prezent, exist\u0103 mai mul\u021bi colectori comuni \u0219i patru metodologii cu con\u021binut similar, dar cu proceduri diferite de licen\u021biere \u0219i cu categorii\/subcategorii distincte, ceea ce a generat de-a lungul timpului birocra\u021bie, incoeren\u021be \u0219i o baz\u0103 de pl\u0103titori sub poten\u021bial, mai informeaz\u0103 Ministerul Culturii. AGERPRES\/(AS &#8211; redactor: Daniel Popescu, editor: Florin Marin, editor online: Ada V\u00eelceanu)<\/p>\n<p>https:\/\/agerpres.ro\/cultura-media\/2025\/12\/05\/ministerul-culturii-propune-masuri-in-sprijinul-autorilor-si-titularilor-de-drepturi-de-autor-si-con&#8211;1508922<\/p>\n<\/div>","protected":false},"excerpt":{"rendered":"<p>Ministerul Culturii a \u00eenscris pe ordinea de zi a \u0219edin\u021bei de guvern de vineri proiectul de ordonan\u021b\u0103 de urgen\u021b\u0103 care urmeaz\u0103 s\u0103 alinieze legisla\u021bia na\u021bional\u0103 privind drepturile de autor \u0219i drepturile conexe la normele \u0219i practicile europene, prin eliminarea gestiunii colective extinse (LCEE) pentru comunicarea public\u0103 a operelor muzicale. Potrivit unui comunicat al Ministerului Culturii,&#8230;<\/p>","protected":false},"author":4,"featured_media":0,"comment_status":"open","ping_status":"open","sticky":false,"template":"","format":"standard","meta":{"footnotes":""},"categories":[1],"tags":[],"class_list":["post-3462","post","type-post","status-publish","format-standard","hentry","category-uncategorized"],"yoast_head":"<!-- This site is optimized with the Yoast SEO plugin v26.1.1 - https:\/\/yoast.com\/wordpress\/plugins\/seo\/ -->\n<title>Ministerul Culturii propune m\u0103suri \u00een sprijinul autorilor \u0219i titularilor de drepturi de autor \u0219i conexe - Carpathia Center Romania<\/title>\n<meta name=\"robots\" content=\"index, follow, max-snippet:-1, max-image-preview:large, max-video-preview:-1\" \/>\n<link rel=\"canonical\" href=\"https:\/\/carpathiacenter.ro\/en\/ministerul-culturii-propune-masuri-in-sprijinul-autorilor-si-titularilor-de-drepturi-de-autor-si-conexe\/\" \/>\n<meta property=\"og:locale\" content=\"en_GB\" \/>\n<meta property=\"og:type\" content=\"article\" \/>\n<meta property=\"og:title\" content=\"Ministerul Culturii propune m\u0103suri \u00een sprijinul autorilor \u0219i titularilor de drepturi de autor \u0219i conexe - Carpathia Center Romania\" \/>\n<meta property=\"og:description\" content=\"Ministerul Culturii a \u00eenscris pe ordinea de zi a \u0219edin\u021bei de guvern de vineri proiectul de ordonan\u021b\u0103 de urgen\u021b\u0103 care urmeaz\u0103 s\u0103 alinieze legisla\u021bia na\u021bional\u0103 privind drepturile de autor \u0219i drepturile conexe la normele \u0219i practicile europene, prin eliminarea gestiunii colective extinse (LCEE) pentru comunicarea public\u0103 a operelor muzicale. Potrivit unui comunicat al Ministerului Culturii,...\" \/>\n<meta property=\"og:url\" content=\"https:\/\/carpathiacenter.ro\/en\/ministerul-culturii-propune-masuri-in-sprijinul-autorilor-si-titularilor-de-drepturi-de-autor-si-conexe\/\" \/>\n<meta property=\"og:site_name\" content=\"Carpathia Center Romania\" \/>\n<meta property=\"article:publisher\" content=\"https:\/\/www.facebook.com\/fdpscarpathia\/\" \/>\n<meta property=\"article:published_time\" content=\"2025-12-05T11:44:38+00:00\" \/>\n<meta property=\"article:modified_time\" content=\"2025-12-05T11:45:19+00:00\" \/>\n<meta name=\"author\" content=\"creativebitsolutions\" \/>\n<meta name=\"twitter:card\" content=\"summary_large_image\" \/>\n<meta name=\"twitter:label1\" content=\"Written by\" \/>\n\t<meta name=\"twitter:data1\" content=\"creativebitsolutions\" \/>\n\t<meta name=\"twitter:label2\" content=\"Estimated reading time\" \/>\n\t<meta name=\"twitter:data2\" content=\"2 minutes\" \/>\n<script type=\"application\/ld+json\" class=\"yoast-schema-graph\">{\"@context\":\"https:\/\/schema.org\",\"@graph\":[{\"@type\":\"Article\",\"@id\":\"https:\/\/carpathiacenter.ro\/ministerul-culturii-propune-masuri-in-sprijinul-autorilor-si-titularilor-de-drepturi-de-autor-si-conexe\/#article\",\"isPartOf\":{\"@id\":\"https:\/\/carpathiacenter.ro\/ministerul-culturii-propune-masuri-in-sprijinul-autorilor-si-titularilor-de-drepturi-de-autor-si-conexe\/\"},\"author\":{\"name\":\"creativebitsolutions\",\"@id\":\"https:\/\/carpathiacenter.ro\/#\/schema\/person\/03d9f58202fee8379268f34afa195006\"},\"headline\":\"Ministerul Culturii propune m\u0103suri \u00een sprijinul autorilor \u0219i titularilor de drepturi de autor \u0219i conexe\",\"datePublished\":\"2025-12-05T11:44:38+00:00\",\"dateModified\":\"2025-12-05T11:45:19+00:00\",\"mainEntityOfPage\":{\"@id\":\"https:\/\/carpathiacenter.ro\/ministerul-culturii-propune-masuri-in-sprijinul-autorilor-si-titularilor-de-drepturi-de-autor-si-conexe\/\"},\"wordCount\":445,\"commentCount\":0,\"publisher\":{\"@id\":\"https:\/\/carpathiacenter.ro\/#organization\"},\"articleSection\":[\"Uncategorized\"],\"inLanguage\":\"en-GB\",\"potentialAction\":[{\"@type\":\"CommentAction\",\"name\":\"Comment\",\"target\":[\"https:\/\/carpathiacenter.ro\/ministerul-culturii-propune-masuri-in-sprijinul-autorilor-si-titularilor-de-drepturi-de-autor-si-conexe\/#respond\"]}]},{\"@type\":\"WebPage\",\"@id\":\"https:\/\/carpathiacenter.ro\/ministerul-culturii-propune-masuri-in-sprijinul-autorilor-si-titularilor-de-drepturi-de-autor-si-conexe\/\",\"url\":\"https:\/\/carpathiacenter.ro\/ministerul-culturii-propune-masuri-in-sprijinul-autorilor-si-titularilor-de-drepturi-de-autor-si-conexe\/\",\"name\":\"Ministerul Culturii propune m\u0103suri \u00een sprijinul autorilor \u0219i titularilor de drepturi de autor \u0219i conexe - Carpathia Center Romania\",\"isPartOf\":{\"@id\":\"https:\/\/carpathiacenter.ro\/#website\"},\"datePublished\":\"2025-12-05T11:44:38+00:00\",\"dateModified\":\"2025-12-05T11:45:19+00:00\",\"breadcrumb\":{\"@id\":\"https:\/\/carpathiacenter.ro\/ministerul-culturii-propune-masuri-in-sprijinul-autorilor-si-titularilor-de-drepturi-de-autor-si-conexe\/#breadcrumb\"},\"inLanguage\":\"en-GB\",\"potentialAction\":[{\"@type\":\"ReadAction\",\"target\":[\"https:\/\/carpathiacenter.ro\/ministerul-culturii-propune-masuri-in-sprijinul-autorilor-si-titularilor-de-drepturi-de-autor-si-conexe\/\"]}]},{\"@type\":\"BreadcrumbList\",\"@id\":\"https:\/\/carpathiacenter.ro\/ministerul-culturii-propune-masuri-in-sprijinul-autorilor-si-titularilor-de-drepturi-de-autor-si-conexe\/#breadcrumb\",\"itemListElement\":[{\"@type\":\"ListItem\",\"position\":1,\"name\":\"Prima pagin\u0103\",\"item\":\"https:\/\/carpathiacenter.ro\/\"},{\"@type\":\"ListItem\",\"position\":2,\"name\":\"Ministerul Culturii propune m\u0103suri \u00een sprijinul autorilor \u0219i titularilor de drepturi de autor \u0219i conexe\"}]},{\"@type\":\"WebSite\",\"@id\":\"https:\/\/carpathiacenter.ro\/#website\",\"url\":\"https:\/\/carpathiacenter.ro\/\",\"name\":\"Carpathia Center Romania\",\"description\":\"Impossible made possible!\",\"publisher\":{\"@id\":\"https:\/\/carpathiacenter.ro\/#organization\"},\"potentialAction\":[{\"@type\":\"SearchAction\",\"target\":{\"@type\":\"EntryPoint\",\"urlTemplate\":\"https:\/\/carpathiacenter.ro\/?s={search_term_string}\"},\"query-input\":{\"@type\":\"PropertyValueSpecification\",\"valueRequired\":true,\"valueName\":\"search_term_string\"}}],\"inLanguage\":\"en-GB\"},{\"@type\":\"Organization\",\"@id\":\"https:\/\/carpathiacenter.ro\/#organization\",\"name\":\"Carpathia Center Romania\",\"url\":\"https:\/\/carpathiacenter.ro\/\",\"logo\":{\"@type\":\"ImageObject\",\"inLanguage\":\"en-GB\",\"@id\":\"https:\/\/carpathiacenter.ro\/#\/schema\/logo\/image\/\",\"url\":\"https:\/\/carpathiacenter.ro\/wp-content\/uploads\/2024\/07\/logo-carpathia_bg_white-1024x941.png\",\"contentUrl\":\"https:\/\/carpathiacenter.ro\/wp-content\/uploads\/2024\/07\/logo-carpathia_bg_white-1024x941.png\",\"width\":1024,\"height\":941,\"caption\":\"Carpathia Center Romania\"},\"image\":{\"@id\":\"https:\/\/carpathiacenter.ro\/#\/schema\/logo\/image\/\"},\"sameAs\":[\"https:\/\/www.facebook.com\/fdpscarpathia\/\"]},{\"@type\":\"Person\",\"@id\":\"https:\/\/carpathiacenter.ro\/#\/schema\/person\/03d9f58202fee8379268f34afa195006\",\"name\":\"creativebitsolutions\",\"image\":{\"@type\":\"ImageObject\",\"inLanguage\":\"en-GB\",\"@id\":\"https:\/\/carpathiacenter.ro\/#\/schema\/person\/image\/\",\"url\":\"https:\/\/secure.gravatar.com\/avatar\/1b1a13e37f847c635dab78348f1dff2f07651ee2a3d77a5c355a4b8c75f9165a?s=96&d=mm&r=g\",\"contentUrl\":\"https:\/\/secure.gravatar.com\/avatar\/1b1a13e37f847c635dab78348f1dff2f07651ee2a3d77a5c355a4b8c75f9165a?s=96&d=mm&r=g\",\"caption\":\"creativebitsolutions\"},\"url\":\"https:\/\/carpathiacenter.ro\/en\/author\/creativebitsolutions\/\"}]}<\/script>\n<!-- \/ Yoast SEO plugin. -->","yoast_head_json":{"title":"Ministerul Culturii propune m\u0103suri \u00een sprijinul autorilor \u0219i titularilor de drepturi de autor \u0219i conexe - Carpathia Center Romania","robots":{"index":"index","follow":"follow","max-snippet":"max-snippet:-1","max-image-preview":"max-image-preview:large","max-video-preview":"max-video-preview:-1"},"canonical":"https:\/\/carpathiacenter.ro\/en\/ministerul-culturii-propune-masuri-in-sprijinul-autorilor-si-titularilor-de-drepturi-de-autor-si-conexe\/","og_locale":"en_GB","og_type":"article","og_title":"Ministerul Culturii propune m\u0103suri \u00een sprijinul autorilor \u0219i titularilor de drepturi de autor \u0219i conexe - Carpathia Center Romania","og_description":"Ministerul Culturii a \u00eenscris pe ordinea de zi a \u0219edin\u021bei de guvern de vineri proiectul de ordonan\u021b\u0103 de urgen\u021b\u0103 care urmeaz\u0103 s\u0103 alinieze legisla\u021bia na\u021bional\u0103 privind drepturile de autor \u0219i drepturile conexe la normele \u0219i practicile europene, prin eliminarea gestiunii colective extinse (LCEE) pentru comunicarea public\u0103 a operelor muzicale. Potrivit unui comunicat al Ministerului Culturii,...","og_url":"https:\/\/carpathiacenter.ro\/en\/ministerul-culturii-propune-masuri-in-sprijinul-autorilor-si-titularilor-de-drepturi-de-autor-si-conexe\/","og_site_name":"Carpathia Center Romania","article_publisher":"https:\/\/www.facebook.com\/fdpscarpathia\/","article_published_time":"2025-12-05T11:44:38+00:00","article_modified_time":"2025-12-05T11:45:19+00:00","author":"creativebitsolutions","twitter_card":"summary_large_image","twitter_misc":{"Written by":"creativebitsolutions","Estimated reading time":"2 minutes"},"schema":{"@context":"https:\/\/schema.org","@graph":[{"@type":"Article","@id":"https:\/\/carpathiacenter.ro\/ministerul-culturii-propune-masuri-in-sprijinul-autorilor-si-titularilor-de-drepturi-de-autor-si-conexe\/#article","isPartOf":{"@id":"https:\/\/carpathiacenter.ro\/ministerul-culturii-propune-masuri-in-sprijinul-autorilor-si-titularilor-de-drepturi-de-autor-si-conexe\/"},"author":{"name":"creativebitsolutions","@id":"https:\/\/carpathiacenter.ro\/#\/schema\/person\/03d9f58202fee8379268f34afa195006"},"headline":"Ministerul Culturii propune m\u0103suri \u00een sprijinul autorilor \u0219i titularilor de drepturi de autor \u0219i conexe","datePublished":"2025-12-05T11:44:38+00:00","dateModified":"2025-12-05T11:45:19+00:00","mainEntityOfPage":{"@id":"https:\/\/carpathiacenter.ro\/ministerul-culturii-propune-masuri-in-sprijinul-autorilor-si-titularilor-de-drepturi-de-autor-si-conexe\/"},"wordCount":445,"commentCount":0,"publisher":{"@id":"https:\/\/carpathiacenter.ro\/#organization"},"articleSection":["Uncategorized"],"inLanguage":"en-GB","potentialAction":[{"@type":"CommentAction","name":"Comment","target":["https:\/\/carpathiacenter.ro\/ministerul-culturii-propune-masuri-in-sprijinul-autorilor-si-titularilor-de-drepturi-de-autor-si-conexe\/#respond"]}]},{"@type":"WebPage","@id":"https:\/\/carpathiacenter.ro\/ministerul-culturii-propune-masuri-in-sprijinul-autorilor-si-titularilor-de-drepturi-de-autor-si-conexe\/","url":"https:\/\/carpathiacenter.ro\/ministerul-culturii-propune-masuri-in-sprijinul-autorilor-si-titularilor-de-drepturi-de-autor-si-conexe\/","name":"Ministerul Culturii propune m\u0103suri \u00een sprijinul autorilor \u0219i titularilor de drepturi de autor \u0219i conexe - Carpathia Center Romania","isPartOf":{"@id":"https:\/\/carpathiacenter.ro\/#website"},"datePublished":"2025-12-05T11:44:38+00:00","dateModified":"2025-12-05T11:45:19+00:00","breadcrumb":{"@id":"https:\/\/carpathiacenter.ro\/ministerul-culturii-propune-masuri-in-sprijinul-autorilor-si-titularilor-de-drepturi-de-autor-si-conexe\/#breadcrumb"},"inLanguage":"en-GB","potentialAction":[{"@type":"ReadAction","target":["https:\/\/carpathiacenter.ro\/ministerul-culturii-propune-masuri-in-sprijinul-autorilor-si-titularilor-de-drepturi-de-autor-si-conexe\/"]}]},{"@type":"BreadcrumbList","@id":"https:\/\/carpathiacenter.ro\/ministerul-culturii-propune-masuri-in-sprijinul-autorilor-si-titularilor-de-drepturi-de-autor-si-conexe\/#breadcrumb","itemListElement":[{"@type":"ListItem","position":1,"name":"Prima pagin\u0103","item":"https:\/\/carpathiacenter.ro\/"},{"@type":"ListItem","position":2,"name":"Ministerul Culturii propune m\u0103suri \u00een sprijinul autorilor \u0219i titularilor de drepturi de autor \u0219i conexe"}]},{"@type":"WebSite","@id":"https:\/\/carpathiacenter.ro\/#website","url":"https:\/\/carpathiacenter.ro\/","name":"Carpathia Center Romania","description":"Impossible made possible!","publisher":{"@id":"https:\/\/carpathiacenter.ro\/#organization"},"potentialAction":[{"@type":"SearchAction","target":{"@type":"EntryPoint","urlTemplate":"https:\/\/carpathiacenter.ro\/?s={search_term_string}"},"query-input":{"@type":"PropertyValueSpecification","valueRequired":true,"valueName":"search_term_string"}}],"inLanguage":"en-GB"},{"@type":"Organization","@id":"https:\/\/carpathiacenter.ro\/#organization","name":"Carpathia Center Romania","url":"https:\/\/carpathiacenter.ro\/","logo":{"@type":"ImageObject","inLanguage":"en-GB","@id":"https:\/\/carpathiacenter.ro\/#\/schema\/logo\/image\/","url":"https:\/\/carpathiacenter.ro\/wp-content\/uploads\/2024\/07\/logo-carpathia_bg_white-1024x941.png","contentUrl":"https:\/\/carpathiacenter.ro\/wp-content\/uploads\/2024\/07\/logo-carpathia_bg_white-1024x941.png","width":1024,"height":941,"caption":"Carpathia Center Romania"},"image":{"@id":"https:\/\/carpathiacenter.ro\/#\/schema\/logo\/image\/"},"sameAs":["https:\/\/www.facebook.com\/fdpscarpathia\/"]},{"@type":"Person","@id":"https:\/\/carpathiacenter.ro\/#\/schema\/person\/03d9f58202fee8379268f34afa195006","name":"creativebitsolutions","image":{"@type":"ImageObject","inLanguage":"en-GB","@id":"https:\/\/carpathiacenter.ro\/#\/schema\/person\/image\/","url":"https:\/\/secure.gravatar.com\/avatar\/1b1a13e37f847c635dab78348f1dff2f07651ee2a3d77a5c355a4b8c75f9165a?s=96&d=mm&r=g","contentUrl":"https:\/\/secure.gravatar.com\/avatar\/1b1a13e37f847c635dab78348f1dff2f07651ee2a3d77a5c355a4b8c75f9165a?s=96&d=mm&r=g","caption":"creativebitsolutions"},"url":"https:\/\/carpathiacenter.ro\/en\/author\/creativebitsolutions\/"}]}},"_links":{"self":[{"href":"https:\/\/carpathiacenter.ro\/en\/wp-json\/wp\/v2\/posts\/3462","targetHints":{"allow":["GET"]}}],"collection":[{"href":"https:\/\/carpathiacenter.ro\/en\/wp-json\/wp\/v2\/posts"}],"about":[{"href":"https:\/\/carpathiacenter.ro\/en\/wp-json\/wp\/v2\/types\/post"}],"author":[{"embeddable":true,"href":"https:\/\/carpathiacenter.ro\/en\/wp-json\/wp\/v2\/users\/4"}],"replies":[{"embeddable":true,"href":"https:\/\/carpathiacenter.ro\/en\/wp-json\/wp\/v2\/comments?post=3462"}],"version-history":[{"count":2,"href":"https:\/\/carpathiacenter.ro\/en\/wp-json\/wp\/v2\/posts\/3462\/revisions"}],"predecessor-version":[{"id":3465,"href":"https:\/\/carpathiacenter.ro\/en\/wp-json\/wp\/v2\/posts\/3462\/revisions\/3465"}],"wp:attachment":[{"href":"https:\/\/carpathiacenter.ro\/en\/wp-json\/wp\/v2\/media?parent=3462"}],"wp:term":[{"taxonomy":"category","embeddable":true,"href":"https:\/\/carpathiacenter.ro\/en\/wp-json\/wp\/v2\/categories?post=3462"},{"taxonomy":"post_tag","embeddable":true,"href":"https:\/\/carpathiacenter.ro\/en\/wp-json\/wp\/v2\/tags?post=3462"}],"curies":[{"name":"wp","href":"https:\/\/api.w.org\/{rel}","templated":true}]}}