{"id":3458,"date":"2025-12-04T10:37:11","date_gmt":"2025-12-04T10:37:11","guid":{"rendered":"https:\/\/carpathiacenter.ro\/?p=3458"},"modified":"2025-12-05T10:37:22","modified_gmt":"2025-12-05T10:37:22","slug":"in-fata-submarinelor-rusesti-londra-si-oslo-vor-opera-impreuna-fregate-in-atlatincul-de-nord","status":"publish","type":"post","link":"https:\/\/carpathiacenter.ro\/en\/in-fata-submarinelor-rusesti-londra-si-oslo-vor-opera-impreuna-fregate-in-atlatincul-de-nord\/","title":{"rendered":"\u00cen fa\u021ba submarinelor ruse\u0219ti, Londra \u0219i Oslo vor opera \u00eempreun\u0103 fregate \u00een Atlatincul de Nord"},"content":{"rendered":"<div class=\"mx-auto pt-3\">\n<p><strong>Regatul Unit \u0219i Norvegia vor semna joi un nou acord de cooperare \u00een domeniul ap\u0103r\u0103rii, care prevede operarea \u00een comun a unei flote de fregate pentru &#8216;a v\u00e2na submarinele ruse\u0219ti&#8217; \u00een Atlanticul de Nord, potrivit Ministerului britanic al Ap\u0103r\u0103rii, noteaz\u0103 AFP.<\/strong><\/p>\n<p>Acest acord vine la c\u00e2teva luni dup\u0103 ce Norvegia a anun\u021bat achizi\u021bionarea a cel pu\u021bin cinci fregate Type 26 de la grupul britanic BAE Systems, pentru 10 miliarde de lire sterline (11,5 miliarde de euro), reaminte\u0219te comunicatul ministerului.<\/p>\n<p>\u00cen baza noului acord, care urmeaz\u0103 s\u0103 fie confirmat \u00een timpul unei vizite efectuate joi de premierul norvegian, Jonas Gahr Store, \u0219i de ministrul ap\u0103r\u0103rii Tore Sandvik, cele dou\u0103 \u021b\u0103ri vor opera o flot\u0103 &#8216;interschimbabil\u0103&#8217; de cel pu\u021bin 13 fregate, opt britanice \u0219i cele comandate de Oslo.<\/p>\n<p>Aceast\u0103 flot\u0103, capabil\u0103 de &#8216;desf\u0103\u0219urare rapid\u0103 oriunde este nevoie&#8217;, va avea ca misiune mai ales &#8216;s\u0103 v\u00e2neze submarinele ruse\u0219ti \u0219i s\u0103 protejeze infrastructura critic\u0103 britanic\u0103&#8217;, subliniaz\u0103 comunicatul, f\u0103r\u0103 a specifica c\u00e2nd va deveni opera\u021bional\u0103.<\/p>\n<p>Potrivit Londrei, activitatea submarinelor ruse\u0219ti \u00een apele teritoriale britanice a crescut cu 30% \u00een ultimii doi ani, odat\u0103 cu amplificarea tensiunilor cu Moscova provocate de r\u0103zboiul din Ucraina.<\/p>\n<p>&#8216;\u00cen aceast\u0103 perioad\u0103 de profund\u0103 instabilitate mondial\u0103, cu un num\u0103r tot mai mare de nave ruse\u0219ti detectate \u00een apele noastre, trebuie s\u0103 colabor\u0103m cu partenerii interna\u021bionali pentru a ne proteja securitatea na\u021bional\u0103&#8217;, a subliniat prim-ministrul britanic Keir Starmer.<\/p>\n<p>&#8216;Acest acord istoric cu Norvegia ne consolideaz\u0103 capacitatea de a ne proteja grani\u021bele \u0219i infrastructura critic\u0103 de care depinde na\u021biunea noastr\u0103&#8217;, a ad\u0103ugat el.<\/p>\n<p><strong>Pe 10 noiembrie, ministrul britanic al ap\u0103r\u0103rii, John Healey, a avertizat Rusia dup\u0103 ce nava de r\u0103zboi ruseasc\u0103 Yantar a fost detectat\u0103 \u00een apele britanice pentru a doua oar\u0103 \u00een acest an.<\/strong><\/p>\n<p>El a acuzat Rusia c\u0103, pentru prima dat\u0103, \u0219i-a \u00eendreptat laserele c\u0103tre pilo\u021bii Royal Air Force care \u00eei supravegheaz\u0103 activit\u0103\u021bile.<\/p>\n<p>Norvegia a anun\u021bat \u00een august c\u0103 a re\u021binut oferta pentru fregate a grupului britanic BAE Systems, \u00een dauna francezilor de la Naval Group.<\/p>\n<p>Acestea sunt programate pentru livrare c\u0103tre Marina norvegian\u0103 \u00eencep\u00e2nd cu 2030.<\/p>\n<p>Germania \u0219i Statele Unite au licitat, de asemenea, pentru acest contract. AGERPRES\/(AS &#8211; redactor: Alic M\u00eerza, editor online: Andreea Preda)<\/p>\n<p>https:\/\/agerpres.ro\/politic-extern\/2025\/12\/04\/in-fata-submarinelor-rusesti-londra-si-oslo-vor-opera-impreuna-fregate-in-atlatincul-de-nord&#8211;1508525<\/p>\n<\/div>","protected":false},"excerpt":{"rendered":"<p>Regatul Unit \u0219i Norvegia vor semna joi un nou acord de cooperare \u00een domeniul ap\u0103r\u0103rii, care prevede operarea \u00een comun a unei flote de fregate pentru &#8216;a v\u00e2na submarinele ruse\u0219ti&#8217; \u00een Atlanticul de Nord, potrivit Ministerului britanic al Ap\u0103r\u0103rii, noteaz\u0103 AFP. Acest acord vine la c\u00e2teva luni dup\u0103 ce Norvegia a anun\u021bat achizi\u021bionarea a cel&#8230;<\/p>","protected":false},"author":4,"featured_media":0,"comment_status":"open","ping_status":"open","sticky":false,"template":"","format":"standard","meta":{"footnotes":""},"categories":[1],"tags":[],"class_list":["post-3458","post","type-post","status-publish","format-standard","hentry","category-uncategorized"],"yoast_head":"<!-- This site is optimized with the Yoast SEO plugin v26.1.1 - https:\/\/yoast.com\/wordpress\/plugins\/seo\/ -->\n<title>\u00cen fa\u021ba submarinelor ruse\u0219ti, Londra \u0219i Oslo vor opera \u00eempreun\u0103 fregate \u00een Atlatincul de Nord - Carpathia Center Romania<\/title>\n<meta name=\"robots\" content=\"index, follow, max-snippet:-1, max-image-preview:large, max-video-preview:-1\" \/>\n<link rel=\"canonical\" href=\"https:\/\/carpathiacenter.ro\/en\/in-fata-submarinelor-rusesti-londra-si-oslo-vor-opera-impreuna-fregate-in-atlatincul-de-nord\/\" \/>\n<meta property=\"og:locale\" content=\"en_GB\" \/>\n<meta property=\"og:type\" content=\"article\" \/>\n<meta property=\"og:title\" content=\"\u00cen fa\u021ba submarinelor ruse\u0219ti, Londra \u0219i Oslo vor opera \u00eempreun\u0103 fregate \u00een Atlatincul de Nord - Carpathia Center Romania\" \/>\n<meta property=\"og:description\" content=\"Regatul Unit \u0219i Norvegia vor semna joi un nou acord de cooperare \u00een domeniul ap\u0103r\u0103rii, care prevede operarea \u00een comun a unei flote de fregate pentru &#8216;a v\u00e2na submarinele ruse\u0219ti&#8217; \u00een Atlanticul de Nord, potrivit Ministerului britanic al Ap\u0103r\u0103rii, noteaz\u0103 AFP. Acest acord vine la c\u00e2teva luni dup\u0103 ce Norvegia a anun\u021bat achizi\u021bionarea a cel...\" \/>\n<meta property=\"og:url\" content=\"https:\/\/carpathiacenter.ro\/en\/in-fata-submarinelor-rusesti-londra-si-oslo-vor-opera-impreuna-fregate-in-atlatincul-de-nord\/\" \/>\n<meta property=\"og:site_name\" content=\"Carpathia Center Romania\" \/>\n<meta property=\"article:publisher\" content=\"https:\/\/www.facebook.com\/fdpscarpathia\/\" \/>\n<meta property=\"article:published_time\" content=\"2025-12-04T10:37:11+00:00\" \/>\n<meta property=\"article:modified_time\" content=\"2025-12-05T10:37:22+00:00\" \/>\n<meta name=\"author\" content=\"creativebitsolutions\" \/>\n<meta name=\"twitter:card\" content=\"summary_large_image\" \/>\n<meta name=\"twitter:label1\" content=\"Written by\" \/>\n\t<meta name=\"twitter:data1\" content=\"creativebitsolutions\" \/>\n\t<meta name=\"twitter:label2\" content=\"Estimated reading time\" \/>\n\t<meta name=\"twitter:data2\" content=\"2 minutes\" \/>\n<script type=\"application\/ld+json\" class=\"yoast-schema-graph\">{\"@context\":\"https:\/\/schema.org\",\"@graph\":[{\"@type\":\"Article\",\"@id\":\"https:\/\/carpathiacenter.ro\/in-fata-submarinelor-rusesti-londra-si-oslo-vor-opera-impreuna-fregate-in-atlatincul-de-nord\/#article\",\"isPartOf\":{\"@id\":\"https:\/\/carpathiacenter.ro\/in-fata-submarinelor-rusesti-londra-si-oslo-vor-opera-impreuna-fregate-in-atlatincul-de-nord\/\"},\"author\":{\"name\":\"creativebitsolutions\",\"@id\":\"https:\/\/carpathiacenter.ro\/#\/schema\/person\/03d9f58202fee8379268f34afa195006\"},\"headline\":\"\u00cen fa\u021ba submarinelor ruse\u0219ti, Londra \u0219i Oslo vor opera \u00eempreun\u0103 fregate \u00een Atlatincul de Nord\",\"datePublished\":\"2025-12-04T10:37:11+00:00\",\"dateModified\":\"2025-12-05T10:37:22+00:00\",\"mainEntityOfPage\":{\"@id\":\"https:\/\/carpathiacenter.ro\/in-fata-submarinelor-rusesti-londra-si-oslo-vor-opera-impreuna-fregate-in-atlatincul-de-nord\/\"},\"wordCount\":413,\"commentCount\":0,\"publisher\":{\"@id\":\"https:\/\/carpathiacenter.ro\/#organization\"},\"articleSection\":[\"Uncategorized\"],\"inLanguage\":\"en-GB\",\"potentialAction\":[{\"@type\":\"CommentAction\",\"name\":\"Comment\",\"target\":[\"https:\/\/carpathiacenter.ro\/in-fata-submarinelor-rusesti-londra-si-oslo-vor-opera-impreuna-fregate-in-atlatincul-de-nord\/#respond\"]}]},{\"@type\":\"WebPage\",\"@id\":\"https:\/\/carpathiacenter.ro\/in-fata-submarinelor-rusesti-londra-si-oslo-vor-opera-impreuna-fregate-in-atlatincul-de-nord\/\",\"url\":\"https:\/\/carpathiacenter.ro\/in-fata-submarinelor-rusesti-londra-si-oslo-vor-opera-impreuna-fregate-in-atlatincul-de-nord\/\",\"name\":\"\u00cen fa\u021ba submarinelor ruse\u0219ti, Londra \u0219i Oslo vor opera \u00eempreun\u0103 fregate \u00een Atlatincul de Nord - Carpathia Center Romania\",\"isPartOf\":{\"@id\":\"https:\/\/carpathiacenter.ro\/#website\"},\"datePublished\":\"2025-12-04T10:37:11+00:00\",\"dateModified\":\"2025-12-05T10:37:22+00:00\",\"breadcrumb\":{\"@id\":\"https:\/\/carpathiacenter.ro\/in-fata-submarinelor-rusesti-londra-si-oslo-vor-opera-impreuna-fregate-in-atlatincul-de-nord\/#breadcrumb\"},\"inLanguage\":\"en-GB\",\"potentialAction\":[{\"@type\":\"ReadAction\",\"target\":[\"https:\/\/carpathiacenter.ro\/in-fata-submarinelor-rusesti-londra-si-oslo-vor-opera-impreuna-fregate-in-atlatincul-de-nord\/\"]}]},{\"@type\":\"BreadcrumbList\",\"@id\":\"https:\/\/carpathiacenter.ro\/in-fata-submarinelor-rusesti-londra-si-oslo-vor-opera-impreuna-fregate-in-atlatincul-de-nord\/#breadcrumb\",\"itemListElement\":[{\"@type\":\"ListItem\",\"position\":1,\"name\":\"Prima pagin\u0103\",\"item\":\"https:\/\/carpathiacenter.ro\/\"},{\"@type\":\"ListItem\",\"position\":2,\"name\":\"\u00cen fa\u021ba submarinelor ruse\u0219ti, Londra \u0219i Oslo vor opera \u00eempreun\u0103 fregate \u00een Atlatincul de Nord\"}]},{\"@type\":\"WebSite\",\"@id\":\"https:\/\/carpathiacenter.ro\/#website\",\"url\":\"https:\/\/carpathiacenter.ro\/\",\"name\":\"Carpathia Center Romania\",\"description\":\"Impossible made possible!\",\"publisher\":{\"@id\":\"https:\/\/carpathiacenter.ro\/#organization\"},\"potentialAction\":[{\"@type\":\"SearchAction\",\"target\":{\"@type\":\"EntryPoint\",\"urlTemplate\":\"https:\/\/carpathiacenter.ro\/?s={search_term_string}\"},\"query-input\":{\"@type\":\"PropertyValueSpecification\",\"valueRequired\":true,\"valueName\":\"search_term_string\"}}],\"inLanguage\":\"en-GB\"},{\"@type\":\"Organization\",\"@id\":\"https:\/\/carpathiacenter.ro\/#organization\",\"name\":\"Carpathia Center Romania\",\"url\":\"https:\/\/carpathiacenter.ro\/\",\"logo\":{\"@type\":\"ImageObject\",\"inLanguage\":\"en-GB\",\"@id\":\"https:\/\/carpathiacenter.ro\/#\/schema\/logo\/image\/\",\"url\":\"https:\/\/carpathiacenter.ro\/wp-content\/uploads\/2024\/07\/logo-carpathia_bg_white-1024x941.png\",\"contentUrl\":\"https:\/\/carpathiacenter.ro\/wp-content\/uploads\/2024\/07\/logo-carpathia_bg_white-1024x941.png\",\"width\":1024,\"height\":941,\"caption\":\"Carpathia Center Romania\"},\"image\":{\"@id\":\"https:\/\/carpathiacenter.ro\/#\/schema\/logo\/image\/\"},\"sameAs\":[\"https:\/\/www.facebook.com\/fdpscarpathia\/\"]},{\"@type\":\"Person\",\"@id\":\"https:\/\/carpathiacenter.ro\/#\/schema\/person\/03d9f58202fee8379268f34afa195006\",\"name\":\"creativebitsolutions\",\"image\":{\"@type\":\"ImageObject\",\"inLanguage\":\"en-GB\",\"@id\":\"https:\/\/carpathiacenter.ro\/#\/schema\/person\/image\/\",\"url\":\"https:\/\/secure.gravatar.com\/avatar\/1b1a13e37f847c635dab78348f1dff2f07651ee2a3d77a5c355a4b8c75f9165a?s=96&d=mm&r=g\",\"contentUrl\":\"https:\/\/secure.gravatar.com\/avatar\/1b1a13e37f847c635dab78348f1dff2f07651ee2a3d77a5c355a4b8c75f9165a?s=96&d=mm&r=g\",\"caption\":\"creativebitsolutions\"},\"url\":\"https:\/\/carpathiacenter.ro\/en\/author\/creativebitsolutions\/\"}]}<\/script>\n<!-- \/ Yoast SEO plugin. -->","yoast_head_json":{"title":"\u00cen fa\u021ba submarinelor ruse\u0219ti, Londra \u0219i Oslo vor opera \u00eempreun\u0103 fregate \u00een Atlatincul de Nord - Carpathia Center Romania","robots":{"index":"index","follow":"follow","max-snippet":"max-snippet:-1","max-image-preview":"max-image-preview:large","max-video-preview":"max-video-preview:-1"},"canonical":"https:\/\/carpathiacenter.ro\/en\/in-fata-submarinelor-rusesti-londra-si-oslo-vor-opera-impreuna-fregate-in-atlatincul-de-nord\/","og_locale":"en_GB","og_type":"article","og_title":"\u00cen fa\u021ba submarinelor ruse\u0219ti, Londra \u0219i Oslo vor opera \u00eempreun\u0103 fregate \u00een Atlatincul de Nord - Carpathia Center Romania","og_description":"Regatul Unit \u0219i Norvegia vor semna joi un nou acord de cooperare \u00een domeniul ap\u0103r\u0103rii, care prevede operarea \u00een comun a unei flote de fregate pentru &#8216;a v\u00e2na submarinele ruse\u0219ti&#8217; \u00een Atlanticul de Nord, potrivit Ministerului britanic al Ap\u0103r\u0103rii, noteaz\u0103 AFP. Acest acord vine la c\u00e2teva luni dup\u0103 ce Norvegia a anun\u021bat achizi\u021bionarea a cel...","og_url":"https:\/\/carpathiacenter.ro\/en\/in-fata-submarinelor-rusesti-londra-si-oslo-vor-opera-impreuna-fregate-in-atlatincul-de-nord\/","og_site_name":"Carpathia Center Romania","article_publisher":"https:\/\/www.facebook.com\/fdpscarpathia\/","article_published_time":"2025-12-04T10:37:11+00:00","article_modified_time":"2025-12-05T10:37:22+00:00","author":"creativebitsolutions","twitter_card":"summary_large_image","twitter_misc":{"Written by":"creativebitsolutions","Estimated reading time":"2 minutes"},"schema":{"@context":"https:\/\/schema.org","@graph":[{"@type":"Article","@id":"https:\/\/carpathiacenter.ro\/in-fata-submarinelor-rusesti-londra-si-oslo-vor-opera-impreuna-fregate-in-atlatincul-de-nord\/#article","isPartOf":{"@id":"https:\/\/carpathiacenter.ro\/in-fata-submarinelor-rusesti-londra-si-oslo-vor-opera-impreuna-fregate-in-atlatincul-de-nord\/"},"author":{"name":"creativebitsolutions","@id":"https:\/\/carpathiacenter.ro\/#\/schema\/person\/03d9f58202fee8379268f34afa195006"},"headline":"\u00cen fa\u021ba submarinelor ruse\u0219ti, Londra \u0219i Oslo vor opera \u00eempreun\u0103 fregate \u00een Atlatincul de Nord","datePublished":"2025-12-04T10:37:11+00:00","dateModified":"2025-12-05T10:37:22+00:00","mainEntityOfPage":{"@id":"https:\/\/carpathiacenter.ro\/in-fata-submarinelor-rusesti-londra-si-oslo-vor-opera-impreuna-fregate-in-atlatincul-de-nord\/"},"wordCount":413,"commentCount":0,"publisher":{"@id":"https:\/\/carpathiacenter.ro\/#organization"},"articleSection":["Uncategorized"],"inLanguage":"en-GB","potentialAction":[{"@type":"CommentAction","name":"Comment","target":["https:\/\/carpathiacenter.ro\/in-fata-submarinelor-rusesti-londra-si-oslo-vor-opera-impreuna-fregate-in-atlatincul-de-nord\/#respond"]}]},{"@type":"WebPage","@id":"https:\/\/carpathiacenter.ro\/in-fata-submarinelor-rusesti-londra-si-oslo-vor-opera-impreuna-fregate-in-atlatincul-de-nord\/","url":"https:\/\/carpathiacenter.ro\/in-fata-submarinelor-rusesti-londra-si-oslo-vor-opera-impreuna-fregate-in-atlatincul-de-nord\/","name":"\u00cen fa\u021ba submarinelor ruse\u0219ti, Londra \u0219i Oslo vor opera \u00eempreun\u0103 fregate \u00een Atlatincul de Nord - Carpathia Center Romania","isPartOf":{"@id":"https:\/\/carpathiacenter.ro\/#website"},"datePublished":"2025-12-04T10:37:11+00:00","dateModified":"2025-12-05T10:37:22+00:00","breadcrumb":{"@id":"https:\/\/carpathiacenter.ro\/in-fata-submarinelor-rusesti-londra-si-oslo-vor-opera-impreuna-fregate-in-atlatincul-de-nord\/#breadcrumb"},"inLanguage":"en-GB","potentialAction":[{"@type":"ReadAction","target":["https:\/\/carpathiacenter.ro\/in-fata-submarinelor-rusesti-londra-si-oslo-vor-opera-impreuna-fregate-in-atlatincul-de-nord\/"]}]},{"@type":"BreadcrumbList","@id":"https:\/\/carpathiacenter.ro\/in-fata-submarinelor-rusesti-londra-si-oslo-vor-opera-impreuna-fregate-in-atlatincul-de-nord\/#breadcrumb","itemListElement":[{"@type":"ListItem","position":1,"name":"Prima pagin\u0103","item":"https:\/\/carpathiacenter.ro\/"},{"@type":"ListItem","position":2,"name":"\u00cen fa\u021ba submarinelor ruse\u0219ti, Londra \u0219i Oslo vor opera \u00eempreun\u0103 fregate \u00een Atlatincul de Nord"}]},{"@type":"WebSite","@id":"https:\/\/carpathiacenter.ro\/#website","url":"https:\/\/carpathiacenter.ro\/","name":"Carpathia Center Romania","description":"Impossible made possible!","publisher":{"@id":"https:\/\/carpathiacenter.ro\/#organization"},"potentialAction":[{"@type":"SearchAction","target":{"@type":"EntryPoint","urlTemplate":"https:\/\/carpathiacenter.ro\/?s={search_term_string}"},"query-input":{"@type":"PropertyValueSpecification","valueRequired":true,"valueName":"search_term_string"}}],"inLanguage":"en-GB"},{"@type":"Organization","@id":"https:\/\/carpathiacenter.ro\/#organization","name":"Carpathia Center Romania","url":"https:\/\/carpathiacenter.ro\/","logo":{"@type":"ImageObject","inLanguage":"en-GB","@id":"https:\/\/carpathiacenter.ro\/#\/schema\/logo\/image\/","url":"https:\/\/carpathiacenter.ro\/wp-content\/uploads\/2024\/07\/logo-carpathia_bg_white-1024x941.png","contentUrl":"https:\/\/carpathiacenter.ro\/wp-content\/uploads\/2024\/07\/logo-carpathia_bg_white-1024x941.png","width":1024,"height":941,"caption":"Carpathia Center Romania"},"image":{"@id":"https:\/\/carpathiacenter.ro\/#\/schema\/logo\/image\/"},"sameAs":["https:\/\/www.facebook.com\/fdpscarpathia\/"]},{"@type":"Person","@id":"https:\/\/carpathiacenter.ro\/#\/schema\/person\/03d9f58202fee8379268f34afa195006","name":"creativebitsolutions","image":{"@type":"ImageObject","inLanguage":"en-GB","@id":"https:\/\/carpathiacenter.ro\/#\/schema\/person\/image\/","url":"https:\/\/secure.gravatar.com\/avatar\/1b1a13e37f847c635dab78348f1dff2f07651ee2a3d77a5c355a4b8c75f9165a?s=96&d=mm&r=g","contentUrl":"https:\/\/secure.gravatar.com\/avatar\/1b1a13e37f847c635dab78348f1dff2f07651ee2a3d77a5c355a4b8c75f9165a?s=96&d=mm&r=g","caption":"creativebitsolutions"},"url":"https:\/\/carpathiacenter.ro\/en\/author\/creativebitsolutions\/"}]}},"_links":{"self":[{"href":"https:\/\/carpathiacenter.ro\/en\/wp-json\/wp\/v2\/posts\/3458","targetHints":{"allow":["GET"]}}],"collection":[{"href":"https:\/\/carpathiacenter.ro\/en\/wp-json\/wp\/v2\/posts"}],"about":[{"href":"https:\/\/carpathiacenter.ro\/en\/wp-json\/wp\/v2\/types\/post"}],"author":[{"embeddable":true,"href":"https:\/\/carpathiacenter.ro\/en\/wp-json\/wp\/v2\/users\/4"}],"replies":[{"embeddable":true,"href":"https:\/\/carpathiacenter.ro\/en\/wp-json\/wp\/v2\/comments?post=3458"}],"version-history":[{"count":2,"href":"https:\/\/carpathiacenter.ro\/en\/wp-json\/wp\/v2\/posts\/3458\/revisions"}],"predecessor-version":[{"id":3461,"href":"https:\/\/carpathiacenter.ro\/en\/wp-json\/wp\/v2\/posts\/3458\/revisions\/3461"}],"wp:attachment":[{"href":"https:\/\/carpathiacenter.ro\/en\/wp-json\/wp\/v2\/media?parent=3458"}],"wp:term":[{"taxonomy":"category","embeddable":true,"href":"https:\/\/carpathiacenter.ro\/en\/wp-json\/wp\/v2\/categories?post=3458"},{"taxonomy":"post_tag","embeddable":true,"href":"https:\/\/carpathiacenter.ro\/en\/wp-json\/wp\/v2\/tags?post=3458"}],"curies":[{"name":"wp","href":"https:\/\/api.w.org\/{rel}","templated":true}]}}