{"id":3456,"date":"2025-12-04T10:36:39","date_gmt":"2025-12-04T10:36:39","guid":{"rendered":"https:\/\/carpathiacenter.ro\/?p=3456"},"modified":"2025-12-05T10:37:00","modified_gmt":"2025-12-05T10:37:00","slug":"nicusor-dan-romania-va-continua-sa-se-implice-activ-si-constructiv-in-toate-dezbaterile-europene","status":"publish","type":"post","link":"https:\/\/carpathiacenter.ro\/en\/nicusor-dan-romania-va-continua-sa-se-implice-activ-si-constructiv-in-toate-dezbaterile-europene\/","title":{"rendered":"Nicu\u0219or Dan: Rom\u00e2nia va continua s\u0103 se implice activ \u0219i constructiv \u00een toate dezbaterile europene"},"content":{"rendered":"<div class=\"mx-auto pt-3\">\n<p>Pre\u0219edintele Nicu\u0219or Dan a reafirmat miercuri, la \u00eent\u00e2lnirea cu ambasadorii statelor membre ale UE la Bucure\u0219ti, angajamentul ferm al Rom\u00e2niei pentru parcursul s\u0103u pro-european \u0219i pentru consolidarea securit\u0103\u021bii \u0219i ap\u0103r\u0103rii \u00een actualul context geopolitic.<\/p>\n<p>Potrivit \u0219efului statului, implementarea m\u0103surilor din Defence Readiness 2030, cre\u0219terea mobilit\u0103\u021bii militare \u0219i programul SAFE r\u0103m\u00e2n prioritare pentru Rom\u00e2nia.<\/p>\n<p>&#8221;Ast\u0103zi, am avut o discu\u021bie substan\u021bial\u0103 cu ambasadorii statelor membre ale UE la Bucure\u0219ti. Am reafirmat angajamentul ferm al Rom\u00e2niei pentru parcursul s\u0103u pro-european \u0219i pentru consolidarea securit\u0103\u021bii \u0219i ap\u0103r\u0103rii \u00een actualul context geopolitic. Am subliniat importan\u021ba \u00eent\u0103ririi ap\u0103r\u0103rii europene, \u00een deplin\u0103 complementaritate cu NATO, precum \u0219i necesitatea de a continua eforturile \u00eencepute la Consiliul European din octombrie. Implementarea m\u0103surilor din Defence Readiness 2030, cre\u0219terea mobilit\u0103\u021bii militare \u0219i programul SAFE r\u0103m\u00e2n prioritare pentru Rom\u00e2nia&#8221;, a scris Nicu\u0219or Dan, \u00eentr-o postare pe Facebook.<\/p>\n<p>El a ar\u0103tat c\u0103 a discutat, totodat\u0103, despre importan\u021ba consolid\u0103rii competitivit\u0103\u021bii economice europene \u0219i despre necesitatea unui buget ambi\u021bios al UE post 2027, care s\u0103 men\u021bin\u0103 politicile de coeziune \u0219i agricultur\u0103 ca piloni esen\u021biali ai convergen\u021bei.<\/p>\n<p>&#8221;Rom\u00e2nia va continua s\u0103 se implice activ \u0219i constructiv \u00een toate dezbaterile europene, pentru a identifica cele mai bune solu\u021bii la provoc\u0103rile actuale \u0219i viitoare. Mul\u021bumesc ambasadorilor pentru dialogul deschis \u0219i substan\u021bial \u0219i le urez succes partenerilor danezi \u0219i viitoarei Pre\u0219edin\u021bii cipriote a Consiliului UE&#8221;, a mai transmis \u0219eful statului.<\/p>\n<p>Pre\u0219edintele Nicu\u0219or Dan a participat, miercuri, la dejunul de lucru cu ambasadorii statelor membre ale Uniunii Europene acredita\u021bi \u00een Rom\u00e2nia. AGERPRES \/ (AS &#8211; redactor: Georgiana T\u0103n\u0103sescu, editor: Marius Fr\u0103\u021bil\u0103, editor online: Ady Iva\u015fcu)<\/p>\n<p><a href=\"https:\/\/agerpres.ro\/politic\/2025\/12\/03\/nicusor-dan-romania-va-continua-sa-se-implice-activ-si-constructiv-in-toate-dezbaterile-europene--1508492\">https:\/\/agerpres.ro\/politic\/2025\/12\/03\/nicusor-dan-romania-va-continua-sa-se-implice-activ-si-constructiv-in-toate-dezbaterile-europene&#8211;1508492<\/a><\/p>\n<\/div>","protected":false},"excerpt":{"rendered":"<p>Pre\u0219edintele Nicu\u0219or Dan a reafirmat miercuri, la \u00eent\u00e2lnirea cu ambasadorii statelor membre ale UE la Bucure\u0219ti, angajamentul ferm al Rom\u00e2niei pentru parcursul s\u0103u pro-european \u0219i pentru consolidarea securit\u0103\u021bii \u0219i ap\u0103r\u0103rii \u00een actualul context geopolitic. Potrivit \u0219efului statului, implementarea m\u0103surilor din Defence Readiness 2030, cre\u0219terea mobilit\u0103\u021bii militare \u0219i programul SAFE r\u0103m\u00e2n prioritare pentru Rom\u00e2nia. &#8221;Ast\u0103zi, am&#8230;<\/p>","protected":false},"author":4,"featured_media":0,"comment_status":"open","ping_status":"open","sticky":false,"template":"","format":"standard","meta":{"footnotes":""},"categories":[1],"tags":[],"class_list":["post-3456","post","type-post","status-publish","format-standard","hentry","category-uncategorized"],"yoast_head":"<!-- This site is optimized with the Yoast SEO plugin v26.1.1 - https:\/\/yoast.com\/wordpress\/plugins\/seo\/ -->\n<title>Nicu\u0219or Dan: Rom\u00e2nia va continua s\u0103 se implice activ \u0219i constructiv \u00een toate dezbaterile europene - Carpathia Center Romania<\/title>\n<meta name=\"robots\" content=\"index, follow, max-snippet:-1, max-image-preview:large, max-video-preview:-1\" \/>\n<link rel=\"canonical\" href=\"https:\/\/carpathiacenter.ro\/en\/nicusor-dan-romania-va-continua-sa-se-implice-activ-si-constructiv-in-toate-dezbaterile-europene\/\" \/>\n<meta property=\"og:locale\" content=\"en_GB\" \/>\n<meta property=\"og:type\" content=\"article\" \/>\n<meta property=\"og:title\" content=\"Nicu\u0219or Dan: Rom\u00e2nia va continua s\u0103 se implice activ \u0219i constructiv \u00een toate dezbaterile europene - Carpathia Center Romania\" \/>\n<meta property=\"og:description\" content=\"Pre\u0219edintele Nicu\u0219or Dan a reafirmat miercuri, la \u00eent\u00e2lnirea cu ambasadorii statelor membre ale UE la Bucure\u0219ti, angajamentul ferm al Rom\u00e2niei pentru parcursul s\u0103u pro-european \u0219i pentru consolidarea securit\u0103\u021bii \u0219i ap\u0103r\u0103rii \u00een actualul context geopolitic. Potrivit \u0219efului statului, implementarea m\u0103surilor din Defence Readiness 2030, cre\u0219terea mobilit\u0103\u021bii militare \u0219i programul SAFE r\u0103m\u00e2n prioritare pentru Rom\u00e2nia. &#8221;Ast\u0103zi, am...\" \/>\n<meta property=\"og:url\" content=\"https:\/\/carpathiacenter.ro\/en\/nicusor-dan-romania-va-continua-sa-se-implice-activ-si-constructiv-in-toate-dezbaterile-europene\/\" \/>\n<meta property=\"og:site_name\" content=\"Carpathia Center Romania\" \/>\n<meta property=\"article:publisher\" content=\"https:\/\/www.facebook.com\/fdpscarpathia\/\" \/>\n<meta property=\"article:published_time\" content=\"2025-12-04T10:36:39+00:00\" \/>\n<meta property=\"article:modified_time\" content=\"2025-12-05T10:37:00+00:00\" \/>\n<meta name=\"author\" content=\"creativebitsolutions\" \/>\n<meta name=\"twitter:card\" content=\"summary_large_image\" \/>\n<meta name=\"twitter:label1\" content=\"Written by\" \/>\n\t<meta name=\"twitter:data1\" content=\"creativebitsolutions\" \/>\n\t<meta name=\"twitter:label2\" content=\"Estimated reading time\" \/>\n\t<meta name=\"twitter:data2\" content=\"2 minutes\" \/>\n<script type=\"application\/ld+json\" class=\"yoast-schema-graph\">{\"@context\":\"https:\/\/schema.org\",\"@graph\":[{\"@type\":\"Article\",\"@id\":\"https:\/\/carpathiacenter.ro\/nicusor-dan-romania-va-continua-sa-se-implice-activ-si-constructiv-in-toate-dezbaterile-europene\/#article\",\"isPartOf\":{\"@id\":\"https:\/\/carpathiacenter.ro\/nicusor-dan-romania-va-continua-sa-se-implice-activ-si-constructiv-in-toate-dezbaterile-europene\/\"},\"author\":{\"name\":\"creativebitsolutions\",\"@id\":\"https:\/\/carpathiacenter.ro\/#\/schema\/person\/03d9f58202fee8379268f34afa195006\"},\"headline\":\"Nicu\u0219or Dan: Rom\u00e2nia va continua s\u0103 se implice activ \u0219i constructiv \u00een toate dezbaterile europene\",\"datePublished\":\"2025-12-04T10:36:39+00:00\",\"dateModified\":\"2025-12-05T10:37:00+00:00\",\"mainEntityOfPage\":{\"@id\":\"https:\/\/carpathiacenter.ro\/nicusor-dan-romania-va-continua-sa-se-implice-activ-si-constructiv-in-toate-dezbaterile-europene\/\"},\"wordCount\":331,\"commentCount\":0,\"publisher\":{\"@id\":\"https:\/\/carpathiacenter.ro\/#organization\"},\"articleSection\":[\"Uncategorized\"],\"inLanguage\":\"en-GB\",\"potentialAction\":[{\"@type\":\"CommentAction\",\"name\":\"Comment\",\"target\":[\"https:\/\/carpathiacenter.ro\/nicusor-dan-romania-va-continua-sa-se-implice-activ-si-constructiv-in-toate-dezbaterile-europene\/#respond\"]}]},{\"@type\":\"WebPage\",\"@id\":\"https:\/\/carpathiacenter.ro\/nicusor-dan-romania-va-continua-sa-se-implice-activ-si-constructiv-in-toate-dezbaterile-europene\/\",\"url\":\"https:\/\/carpathiacenter.ro\/nicusor-dan-romania-va-continua-sa-se-implice-activ-si-constructiv-in-toate-dezbaterile-europene\/\",\"name\":\"Nicu\u0219or Dan: Rom\u00e2nia va continua s\u0103 se implice activ \u0219i constructiv \u00een toate dezbaterile europene - Carpathia Center Romania\",\"isPartOf\":{\"@id\":\"https:\/\/carpathiacenter.ro\/#website\"},\"datePublished\":\"2025-12-04T10:36:39+00:00\",\"dateModified\":\"2025-12-05T10:37:00+00:00\",\"breadcrumb\":{\"@id\":\"https:\/\/carpathiacenter.ro\/nicusor-dan-romania-va-continua-sa-se-implice-activ-si-constructiv-in-toate-dezbaterile-europene\/#breadcrumb\"},\"inLanguage\":\"en-GB\",\"potentialAction\":[{\"@type\":\"ReadAction\",\"target\":[\"https:\/\/carpathiacenter.ro\/nicusor-dan-romania-va-continua-sa-se-implice-activ-si-constructiv-in-toate-dezbaterile-europene\/\"]}]},{\"@type\":\"BreadcrumbList\",\"@id\":\"https:\/\/carpathiacenter.ro\/nicusor-dan-romania-va-continua-sa-se-implice-activ-si-constructiv-in-toate-dezbaterile-europene\/#breadcrumb\",\"itemListElement\":[{\"@type\":\"ListItem\",\"position\":1,\"name\":\"Prima pagin\u0103\",\"item\":\"https:\/\/carpathiacenter.ro\/\"},{\"@type\":\"ListItem\",\"position\":2,\"name\":\"Nicu\u0219or Dan: Rom\u00e2nia va continua s\u0103 se implice activ \u0219i constructiv \u00een toate dezbaterile europene\"}]},{\"@type\":\"WebSite\",\"@id\":\"https:\/\/carpathiacenter.ro\/#website\",\"url\":\"https:\/\/carpathiacenter.ro\/\",\"name\":\"Carpathia Center Romania\",\"description\":\"Impossible made possible!\",\"publisher\":{\"@id\":\"https:\/\/carpathiacenter.ro\/#organization\"},\"potentialAction\":[{\"@type\":\"SearchAction\",\"target\":{\"@type\":\"EntryPoint\",\"urlTemplate\":\"https:\/\/carpathiacenter.ro\/?s={search_term_string}\"},\"query-input\":{\"@type\":\"PropertyValueSpecification\",\"valueRequired\":true,\"valueName\":\"search_term_string\"}}],\"inLanguage\":\"en-GB\"},{\"@type\":\"Organization\",\"@id\":\"https:\/\/carpathiacenter.ro\/#organization\",\"name\":\"Carpathia Center Romania\",\"url\":\"https:\/\/carpathiacenter.ro\/\",\"logo\":{\"@type\":\"ImageObject\",\"inLanguage\":\"en-GB\",\"@id\":\"https:\/\/carpathiacenter.ro\/#\/schema\/logo\/image\/\",\"url\":\"https:\/\/carpathiacenter.ro\/wp-content\/uploads\/2024\/07\/logo-carpathia_bg_white-1024x941.png\",\"contentUrl\":\"https:\/\/carpathiacenter.ro\/wp-content\/uploads\/2024\/07\/logo-carpathia_bg_white-1024x941.png\",\"width\":1024,\"height\":941,\"caption\":\"Carpathia Center Romania\"},\"image\":{\"@id\":\"https:\/\/carpathiacenter.ro\/#\/schema\/logo\/image\/\"},\"sameAs\":[\"https:\/\/www.facebook.com\/fdpscarpathia\/\"]},{\"@type\":\"Person\",\"@id\":\"https:\/\/carpathiacenter.ro\/#\/schema\/person\/03d9f58202fee8379268f34afa195006\",\"name\":\"creativebitsolutions\",\"image\":{\"@type\":\"ImageObject\",\"inLanguage\":\"en-GB\",\"@id\":\"https:\/\/carpathiacenter.ro\/#\/schema\/person\/image\/\",\"url\":\"https:\/\/secure.gravatar.com\/avatar\/1b1a13e37f847c635dab78348f1dff2f07651ee2a3d77a5c355a4b8c75f9165a?s=96&d=mm&r=g\",\"contentUrl\":\"https:\/\/secure.gravatar.com\/avatar\/1b1a13e37f847c635dab78348f1dff2f07651ee2a3d77a5c355a4b8c75f9165a?s=96&d=mm&r=g\",\"caption\":\"creativebitsolutions\"},\"url\":\"https:\/\/carpathiacenter.ro\/en\/author\/creativebitsolutions\/\"}]}<\/script>\n<!-- \/ Yoast SEO plugin. -->","yoast_head_json":{"title":"Nicu\u0219or Dan: Rom\u00e2nia va continua s\u0103 se implice activ \u0219i constructiv \u00een toate dezbaterile europene - Carpathia Center Romania","robots":{"index":"index","follow":"follow","max-snippet":"max-snippet:-1","max-image-preview":"max-image-preview:large","max-video-preview":"max-video-preview:-1"},"canonical":"https:\/\/carpathiacenter.ro\/en\/nicusor-dan-romania-va-continua-sa-se-implice-activ-si-constructiv-in-toate-dezbaterile-europene\/","og_locale":"en_GB","og_type":"article","og_title":"Nicu\u0219or Dan: Rom\u00e2nia va continua s\u0103 se implice activ \u0219i constructiv \u00een toate dezbaterile europene - Carpathia Center Romania","og_description":"Pre\u0219edintele Nicu\u0219or Dan a reafirmat miercuri, la \u00eent\u00e2lnirea cu ambasadorii statelor membre ale UE la Bucure\u0219ti, angajamentul ferm al Rom\u00e2niei pentru parcursul s\u0103u pro-european \u0219i pentru consolidarea securit\u0103\u021bii \u0219i ap\u0103r\u0103rii \u00een actualul context geopolitic. Potrivit \u0219efului statului, implementarea m\u0103surilor din Defence Readiness 2030, cre\u0219terea mobilit\u0103\u021bii militare \u0219i programul SAFE r\u0103m\u00e2n prioritare pentru Rom\u00e2nia. &#8221;Ast\u0103zi, am...","og_url":"https:\/\/carpathiacenter.ro\/en\/nicusor-dan-romania-va-continua-sa-se-implice-activ-si-constructiv-in-toate-dezbaterile-europene\/","og_site_name":"Carpathia Center Romania","article_publisher":"https:\/\/www.facebook.com\/fdpscarpathia\/","article_published_time":"2025-12-04T10:36:39+00:00","article_modified_time":"2025-12-05T10:37:00+00:00","author":"creativebitsolutions","twitter_card":"summary_large_image","twitter_misc":{"Written by":"creativebitsolutions","Estimated reading time":"2 minutes"},"schema":{"@context":"https:\/\/schema.org","@graph":[{"@type":"Article","@id":"https:\/\/carpathiacenter.ro\/nicusor-dan-romania-va-continua-sa-se-implice-activ-si-constructiv-in-toate-dezbaterile-europene\/#article","isPartOf":{"@id":"https:\/\/carpathiacenter.ro\/nicusor-dan-romania-va-continua-sa-se-implice-activ-si-constructiv-in-toate-dezbaterile-europene\/"},"author":{"name":"creativebitsolutions","@id":"https:\/\/carpathiacenter.ro\/#\/schema\/person\/03d9f58202fee8379268f34afa195006"},"headline":"Nicu\u0219or Dan: Rom\u00e2nia va continua s\u0103 se implice activ \u0219i constructiv \u00een toate dezbaterile europene","datePublished":"2025-12-04T10:36:39+00:00","dateModified":"2025-12-05T10:37:00+00:00","mainEntityOfPage":{"@id":"https:\/\/carpathiacenter.ro\/nicusor-dan-romania-va-continua-sa-se-implice-activ-si-constructiv-in-toate-dezbaterile-europene\/"},"wordCount":331,"commentCount":0,"publisher":{"@id":"https:\/\/carpathiacenter.ro\/#organization"},"articleSection":["Uncategorized"],"inLanguage":"en-GB","potentialAction":[{"@type":"CommentAction","name":"Comment","target":["https:\/\/carpathiacenter.ro\/nicusor-dan-romania-va-continua-sa-se-implice-activ-si-constructiv-in-toate-dezbaterile-europene\/#respond"]}]},{"@type":"WebPage","@id":"https:\/\/carpathiacenter.ro\/nicusor-dan-romania-va-continua-sa-se-implice-activ-si-constructiv-in-toate-dezbaterile-europene\/","url":"https:\/\/carpathiacenter.ro\/nicusor-dan-romania-va-continua-sa-se-implice-activ-si-constructiv-in-toate-dezbaterile-europene\/","name":"Nicu\u0219or Dan: Rom\u00e2nia va continua s\u0103 se implice activ \u0219i constructiv \u00een toate dezbaterile europene - Carpathia Center Romania","isPartOf":{"@id":"https:\/\/carpathiacenter.ro\/#website"},"datePublished":"2025-12-04T10:36:39+00:00","dateModified":"2025-12-05T10:37:00+00:00","breadcrumb":{"@id":"https:\/\/carpathiacenter.ro\/nicusor-dan-romania-va-continua-sa-se-implice-activ-si-constructiv-in-toate-dezbaterile-europene\/#breadcrumb"},"inLanguage":"en-GB","potentialAction":[{"@type":"ReadAction","target":["https:\/\/carpathiacenter.ro\/nicusor-dan-romania-va-continua-sa-se-implice-activ-si-constructiv-in-toate-dezbaterile-europene\/"]}]},{"@type":"BreadcrumbList","@id":"https:\/\/carpathiacenter.ro\/nicusor-dan-romania-va-continua-sa-se-implice-activ-si-constructiv-in-toate-dezbaterile-europene\/#breadcrumb","itemListElement":[{"@type":"ListItem","position":1,"name":"Prima pagin\u0103","item":"https:\/\/carpathiacenter.ro\/"},{"@type":"ListItem","position":2,"name":"Nicu\u0219or Dan: Rom\u00e2nia va continua s\u0103 se implice activ \u0219i constructiv \u00een toate dezbaterile europene"}]},{"@type":"WebSite","@id":"https:\/\/carpathiacenter.ro\/#website","url":"https:\/\/carpathiacenter.ro\/","name":"Carpathia Center Romania","description":"Impossible made possible!","publisher":{"@id":"https:\/\/carpathiacenter.ro\/#organization"},"potentialAction":[{"@type":"SearchAction","target":{"@type":"EntryPoint","urlTemplate":"https:\/\/carpathiacenter.ro\/?s={search_term_string}"},"query-input":{"@type":"PropertyValueSpecification","valueRequired":true,"valueName":"search_term_string"}}],"inLanguage":"en-GB"},{"@type":"Organization","@id":"https:\/\/carpathiacenter.ro\/#organization","name":"Carpathia Center Romania","url":"https:\/\/carpathiacenter.ro\/","logo":{"@type":"ImageObject","inLanguage":"en-GB","@id":"https:\/\/carpathiacenter.ro\/#\/schema\/logo\/image\/","url":"https:\/\/carpathiacenter.ro\/wp-content\/uploads\/2024\/07\/logo-carpathia_bg_white-1024x941.png","contentUrl":"https:\/\/carpathiacenter.ro\/wp-content\/uploads\/2024\/07\/logo-carpathia_bg_white-1024x941.png","width":1024,"height":941,"caption":"Carpathia Center Romania"},"image":{"@id":"https:\/\/carpathiacenter.ro\/#\/schema\/logo\/image\/"},"sameAs":["https:\/\/www.facebook.com\/fdpscarpathia\/"]},{"@type":"Person","@id":"https:\/\/carpathiacenter.ro\/#\/schema\/person\/03d9f58202fee8379268f34afa195006","name":"creativebitsolutions","image":{"@type":"ImageObject","inLanguage":"en-GB","@id":"https:\/\/carpathiacenter.ro\/#\/schema\/person\/image\/","url":"https:\/\/secure.gravatar.com\/avatar\/1b1a13e37f847c635dab78348f1dff2f07651ee2a3d77a5c355a4b8c75f9165a?s=96&d=mm&r=g","contentUrl":"https:\/\/secure.gravatar.com\/avatar\/1b1a13e37f847c635dab78348f1dff2f07651ee2a3d77a5c355a4b8c75f9165a?s=96&d=mm&r=g","caption":"creativebitsolutions"},"url":"https:\/\/carpathiacenter.ro\/en\/author\/creativebitsolutions\/"}]}},"_links":{"self":[{"href":"https:\/\/carpathiacenter.ro\/en\/wp-json\/wp\/v2\/posts\/3456","targetHints":{"allow":["GET"]}}],"collection":[{"href":"https:\/\/carpathiacenter.ro\/en\/wp-json\/wp\/v2\/posts"}],"about":[{"href":"https:\/\/carpathiacenter.ro\/en\/wp-json\/wp\/v2\/types\/post"}],"author":[{"embeddable":true,"href":"https:\/\/carpathiacenter.ro\/en\/wp-json\/wp\/v2\/users\/4"}],"replies":[{"embeddable":true,"href":"https:\/\/carpathiacenter.ro\/en\/wp-json\/wp\/v2\/comments?post=3456"}],"version-history":[{"count":1,"href":"https:\/\/carpathiacenter.ro\/en\/wp-json\/wp\/v2\/posts\/3456\/revisions"}],"predecessor-version":[{"id":3459,"href":"https:\/\/carpathiacenter.ro\/en\/wp-json\/wp\/v2\/posts\/3456\/revisions\/3459"}],"wp:attachment":[{"href":"https:\/\/carpathiacenter.ro\/en\/wp-json\/wp\/v2\/media?parent=3456"}],"wp:term":[{"taxonomy":"category","embeddable":true,"href":"https:\/\/carpathiacenter.ro\/en\/wp-json\/wp\/v2\/categories?post=3456"},{"taxonomy":"post_tag","embeddable":true,"href":"https:\/\/carpathiacenter.ro\/en\/wp-json\/wp\/v2\/tags?post=3456"}],"curies":[{"name":"wp","href":"https:\/\/api.w.org\/{rel}","templated":true}]}}