{"id":3452,"date":"2025-12-03T16:07:43","date_gmt":"2025-12-03T16:07:43","guid":{"rendered":"https:\/\/carpathiacenter.ro\/?p=3452"},"modified":"2025-12-03T16:07:43","modified_gmt":"2025-12-03T16:07:43","slug":"energia-produsa-de-centrala-de-la-brazi-suplimentata-din-alte-surse-se-porneste-centrala-de-la-paroseni-secretar-de-stat","status":"publish","type":"post","link":"https:\/\/carpathiacenter.ro\/en\/energia-produsa-de-centrala-de-la-brazi-suplimentata-din-alte-surse-se-porneste-centrala-de-la-paroseni-secretar-de-stat\/","title":{"rendered":"Energia produs\u0103 de centrala de la Brazi &#8211; suplimentat\u0103 din alte surse; se porne\u0219te centrala de la Paro\u0219eni (secretar de stat)"},"content":{"rendered":"<p>Secretarul de stat Pavel Ni\u021bulescu din Ministerul Energiei a declarat mar\u021bi, la Ploie\u0219ti, c\u0103 energia pe care o producea centrala de la Brazi, oprit\u0103 din cauza crizei apei de la Paltinu, va fi suplimentat\u0103 din alte surse, urm\u00e2nd s\u0103 fie pornite centrala de la Paro\u0219eni \u0219i \u00eenc\u0103 un grup la CEO Oltenia.<\/p>\n<p>&#8216;\u00cen momentul de fa\u021b\u0103, aceast\u0103 energie pe care o producea centrala de la Brazi este suplimentat\u0103 din alte surse de produc\u021bie de energie electric\u0103, surse stabile. Avem energie produs\u0103 pe partea de c\u0103rbune, care \u00een momentul de fa\u021b\u0103 este suficient\u0103. Func\u021bion\u0103m doar cu trei grupuri pe c\u0103rbune, de m\u00e2ine o s\u0103 pornim \u0219i centrala de la Paro\u0219eni, \u00eenc\u0103 un grup la CEO Oltenia. Deci se va suplimenta cu cel pu\u021bin 300 de megawa\u021bi, plus partea de energie hidroelectric\u0103, care este suficient\u0103. Rezerva \u00een lacurile energetice, la nivel na\u021bional, dep\u0103\u0219e\u0219te 72%, iar debitul Dun\u0103rii, din fericire pentru noi, este destul de crescut, peste 5.000 de metri pe secund\u0103, deci Por\u021bile de Fier 1 \u0219i 2 pot merge la capacitatea maxim\u0103 prognozat\u0103 \u00een aceast\u0103 perioad\u0103. Deci, din punctul de vedere al sistemului energetic na\u021bional, suntem stabili, avem chiar \u00een anumite momente ale zilei \u0219i excedent de energie produs\u0103. Consum\u0103m, \u00eentr-adev\u0103r, la v\u00e2rful de sear\u0103, aproximativ 8.000 de megawa\u021bi, dar energia este asigurat\u0103 at\u00e2t din produc\u021bia proprie, c\u00e2t \u0219i din import de energie, care este contractat comercial \u00een aceast\u0103 perioad\u0103&#8217;, a precizat Pavel Ni\u021bulescu, \u00eentr-o declara\u021bie de pres\u0103 sus\u021binut\u0103 la Ploie\u0219ti.<\/p>\n<p>Potrivit acestuia, centrala de la Brazi va fi oprit\u0103 p\u00e2n\u0103 s\u0103pt\u0103m\u00e2na viitoare.<\/p>\n<p>&#8216;Rafin\u0103ria de la Brazi va fi func\u021bional\u0103 \u0219i va func\u021biona chiar \u00een parametri normali, iar de s\u0103pt\u0103m\u00e2na viitoare, de luni, cel t\u00e2rziu mar\u021bi diminea\u021ba, \u0219i centrala de la Brazi va putea s\u0103 func\u021bioneze \u00een parametri normali \u0219i s\u0103 livreze \u00een sistemul energetic 800 de MWh&#8217;, a explicat oficialul Ministerului Energiei.<\/p>\n<p>Prefectura Prahova a anun\u021bat, mar\u021bi, c\u0103 primele posibile m\u0103suri de remediere a situa\u021biei ap\u0103rute la rafin\u0103ria Brazi din cauza crizei apei ar fi ca Termo Ploie\u0219ti \u0219i Apa Nova s\u0103 furnizeze ap\u0103 ca sprijin \u00een acest moment.<\/p>\n<p>&#8216;\u00cen aceast\u0103 diminea\u021b\u0103, prefectul jude\u021bului Prahova a luat leg\u0103tura cu directorul OMV Petrom, identific\u00e2nd primele posibile m\u0103suri de remediere, dup\u0103 cum urmeaz\u0103: 1. Societatea Termo Ploie\u0219ti s\u0103 acorde sprijinul necesar, furniz\u00e2nd ap\u0103 demineralizat\u0103 \u00een cantitate de 100 m3\/h (\u00eencep\u00e2nd din seara aceasta ora 24:00 sau cel mai t\u00e2rziu de m\u00e2ine diminea\u021b\u0103, ora 6:00). Respectiva cantitate poate suplini circa 30% din necesarul pentru func\u021bionarea Rafin\u0103riei Brazi. 2. SC Apa Nova analizeaz\u0103 acordarea unui sprijin prin care s\u0103 se poat\u0103 distribui o cantitate de \u00eenc\u0103 150 m3\/h ap\u0103 necesar\u0103 func\u021bion\u0103rii Rafin\u0103riei Brazi&#8217;, se arat\u0103 \u00eentr-o informare postat\u0103 pe pagina de Facebook a Prefecturii Prahova. AGERPRES \/ (AS &#8211; redactor: Anamaria Constantin, editor: Marius Fr\u0103\u021bil\u0103, editor online: Ady Iva\u015fcu)<\/p>\n<p>https:\/\/agerpres.ro\/economic\/2025\/12\/02\/energia-produsa-de-centrala-de-la-brazi&#8212;suplimentata-din-alte-surse-se-porneste-centrala-de-la-par&#8211;1508108<\/p>","protected":false},"excerpt":{"rendered":"<p>Secretarul de stat Pavel Ni\u021bulescu din Ministerul Energiei a declarat mar\u021bi, la Ploie\u0219ti, c\u0103 energia pe care o producea centrala de la Brazi, oprit\u0103 din cauza crizei apei de la Paltinu, va fi suplimentat\u0103 din alte surse, urm\u00e2nd s\u0103 fie pornite centrala de la Paro\u0219eni \u0219i \u00eenc\u0103 un grup la CEO Oltenia. &#8216;\u00cen momentul de&#8230;<\/p>","protected":false},"author":4,"featured_media":0,"comment_status":"open","ping_status":"open","sticky":false,"template":"","format":"standard","meta":{"footnotes":""},"categories":[1],"tags":[],"class_list":["post-3452","post","type-post","status-publish","format-standard","hentry","category-uncategorized"],"yoast_head":"<!-- This site is optimized with the Yoast SEO plugin v26.1.1 - https:\/\/yoast.com\/wordpress\/plugins\/seo\/ -->\n<title>Energia produs\u0103 de centrala de la Brazi - suplimentat\u0103 din alte surse; se porne\u0219te centrala de la Paro\u0219eni (secretar de stat) - Carpathia Center Romania<\/title>\n<meta name=\"robots\" content=\"index, follow, max-snippet:-1, max-image-preview:large, max-video-preview:-1\" \/>\n<link rel=\"canonical\" href=\"https:\/\/carpathiacenter.ro\/en\/energia-produsa-de-centrala-de-la-brazi-suplimentata-din-alte-surse-se-porneste-centrala-de-la-paroseni-secretar-de-stat\/\" \/>\n<meta property=\"og:locale\" content=\"en_GB\" \/>\n<meta property=\"og:type\" content=\"article\" \/>\n<meta property=\"og:title\" content=\"Energia produs\u0103 de centrala de la Brazi - suplimentat\u0103 din alte surse; se porne\u0219te centrala de la Paro\u0219eni (secretar de stat) - Carpathia Center Romania\" \/>\n<meta property=\"og:description\" content=\"Secretarul de stat Pavel Ni\u021bulescu din Ministerul Energiei a declarat mar\u021bi, la Ploie\u0219ti, c\u0103 energia pe care o producea centrala de la Brazi, oprit\u0103 din cauza crizei apei de la Paltinu, va fi suplimentat\u0103 din alte surse, urm\u00e2nd s\u0103 fie pornite centrala de la Paro\u0219eni \u0219i \u00eenc\u0103 un grup la CEO Oltenia. &#8216;\u00cen momentul de...\" \/>\n<meta property=\"og:url\" content=\"https:\/\/carpathiacenter.ro\/en\/energia-produsa-de-centrala-de-la-brazi-suplimentata-din-alte-surse-se-porneste-centrala-de-la-paroseni-secretar-de-stat\/\" \/>\n<meta property=\"og:site_name\" content=\"Carpathia Center Romania\" \/>\n<meta property=\"article:publisher\" content=\"https:\/\/www.facebook.com\/fdpscarpathia\/\" \/>\n<meta property=\"article:published_time\" content=\"2025-12-03T16:07:43+00:00\" \/>\n<meta name=\"author\" content=\"creativebitsolutions\" \/>\n<meta name=\"twitter:card\" content=\"summary_large_image\" \/>\n<meta name=\"twitter:label1\" content=\"Written by\" \/>\n\t<meta name=\"twitter:data1\" content=\"creativebitsolutions\" \/>\n\t<meta name=\"twitter:label2\" content=\"Estimated reading time\" \/>\n\t<meta name=\"twitter:data2\" content=\"3 minutes\" \/>\n<script type=\"application\/ld+json\" class=\"yoast-schema-graph\">{\"@context\":\"https:\/\/schema.org\",\"@graph\":[{\"@type\":\"Article\",\"@id\":\"https:\/\/carpathiacenter.ro\/energia-produsa-de-centrala-de-la-brazi-suplimentata-din-alte-surse-se-porneste-centrala-de-la-paroseni-secretar-de-stat\/#article\",\"isPartOf\":{\"@id\":\"https:\/\/carpathiacenter.ro\/energia-produsa-de-centrala-de-la-brazi-suplimentata-din-alte-surse-se-porneste-centrala-de-la-paroseni-secretar-de-stat\/\"},\"author\":{\"name\":\"creativebitsolutions\",\"@id\":\"https:\/\/carpathiacenter.ro\/#\/schema\/person\/03d9f58202fee8379268f34afa195006\"},\"headline\":\"Energia produs\u0103 de centrala de la Brazi &#8211; suplimentat\u0103 din alte surse; se porne\u0219te centrala de la Paro\u0219eni (secretar de stat)\",\"datePublished\":\"2025-12-03T16:07:43+00:00\",\"mainEntityOfPage\":{\"@id\":\"https:\/\/carpathiacenter.ro\/energia-produsa-de-centrala-de-la-brazi-suplimentata-din-alte-surse-se-porneste-centrala-de-la-paroseni-secretar-de-stat\/\"},\"wordCount\":538,\"commentCount\":0,\"publisher\":{\"@id\":\"https:\/\/carpathiacenter.ro\/#organization\"},\"articleSection\":[\"Uncategorized\"],\"inLanguage\":\"en-GB\",\"potentialAction\":[{\"@type\":\"CommentAction\",\"name\":\"Comment\",\"target\":[\"https:\/\/carpathiacenter.ro\/energia-produsa-de-centrala-de-la-brazi-suplimentata-din-alte-surse-se-porneste-centrala-de-la-paroseni-secretar-de-stat\/#respond\"]}]},{\"@type\":\"WebPage\",\"@id\":\"https:\/\/carpathiacenter.ro\/energia-produsa-de-centrala-de-la-brazi-suplimentata-din-alte-surse-se-porneste-centrala-de-la-paroseni-secretar-de-stat\/\",\"url\":\"https:\/\/carpathiacenter.ro\/energia-produsa-de-centrala-de-la-brazi-suplimentata-din-alte-surse-se-porneste-centrala-de-la-paroseni-secretar-de-stat\/\",\"name\":\"Energia produs\u0103 de centrala de la Brazi - suplimentat\u0103 din alte surse; se porne\u0219te centrala de la Paro\u0219eni (secretar de stat) - Carpathia Center Romania\",\"isPartOf\":{\"@id\":\"https:\/\/carpathiacenter.ro\/#website\"},\"datePublished\":\"2025-12-03T16:07:43+00:00\",\"breadcrumb\":{\"@id\":\"https:\/\/carpathiacenter.ro\/energia-produsa-de-centrala-de-la-brazi-suplimentata-din-alte-surse-se-porneste-centrala-de-la-paroseni-secretar-de-stat\/#breadcrumb\"},\"inLanguage\":\"en-GB\",\"potentialAction\":[{\"@type\":\"ReadAction\",\"target\":[\"https:\/\/carpathiacenter.ro\/energia-produsa-de-centrala-de-la-brazi-suplimentata-din-alte-surse-se-porneste-centrala-de-la-paroseni-secretar-de-stat\/\"]}]},{\"@type\":\"BreadcrumbList\",\"@id\":\"https:\/\/carpathiacenter.ro\/energia-produsa-de-centrala-de-la-brazi-suplimentata-din-alte-surse-se-porneste-centrala-de-la-paroseni-secretar-de-stat\/#breadcrumb\",\"itemListElement\":[{\"@type\":\"ListItem\",\"position\":1,\"name\":\"Prima pagin\u0103\",\"item\":\"https:\/\/carpathiacenter.ro\/\"},{\"@type\":\"ListItem\",\"position\":2,\"name\":\"Energia produs\u0103 de centrala de la Brazi &#8211; suplimentat\u0103 din alte surse; se porne\u0219te centrala de la Paro\u0219eni (secretar de stat)\"}]},{\"@type\":\"WebSite\",\"@id\":\"https:\/\/carpathiacenter.ro\/#website\",\"url\":\"https:\/\/carpathiacenter.ro\/\",\"name\":\"Carpathia Center Romania\",\"description\":\"Impossible made possible!\",\"publisher\":{\"@id\":\"https:\/\/carpathiacenter.ro\/#organization\"},\"potentialAction\":[{\"@type\":\"SearchAction\",\"target\":{\"@type\":\"EntryPoint\",\"urlTemplate\":\"https:\/\/carpathiacenter.ro\/?s={search_term_string}\"},\"query-input\":{\"@type\":\"PropertyValueSpecification\",\"valueRequired\":true,\"valueName\":\"search_term_string\"}}],\"inLanguage\":\"en-GB\"},{\"@type\":\"Organization\",\"@id\":\"https:\/\/carpathiacenter.ro\/#organization\",\"name\":\"Carpathia Center Romania\",\"url\":\"https:\/\/carpathiacenter.ro\/\",\"logo\":{\"@type\":\"ImageObject\",\"inLanguage\":\"en-GB\",\"@id\":\"https:\/\/carpathiacenter.ro\/#\/schema\/logo\/image\/\",\"url\":\"https:\/\/carpathiacenter.ro\/wp-content\/uploads\/2024\/07\/logo-carpathia_bg_white-1024x941.png\",\"contentUrl\":\"https:\/\/carpathiacenter.ro\/wp-content\/uploads\/2024\/07\/logo-carpathia_bg_white-1024x941.png\",\"width\":1024,\"height\":941,\"caption\":\"Carpathia Center Romania\"},\"image\":{\"@id\":\"https:\/\/carpathiacenter.ro\/#\/schema\/logo\/image\/\"},\"sameAs\":[\"https:\/\/www.facebook.com\/fdpscarpathia\/\"]},{\"@type\":\"Person\",\"@id\":\"https:\/\/carpathiacenter.ro\/#\/schema\/person\/03d9f58202fee8379268f34afa195006\",\"name\":\"creativebitsolutions\",\"image\":{\"@type\":\"ImageObject\",\"inLanguage\":\"en-GB\",\"@id\":\"https:\/\/carpathiacenter.ro\/#\/schema\/person\/image\/\",\"url\":\"https:\/\/secure.gravatar.com\/avatar\/1b1a13e37f847c635dab78348f1dff2f07651ee2a3d77a5c355a4b8c75f9165a?s=96&d=mm&r=g\",\"contentUrl\":\"https:\/\/secure.gravatar.com\/avatar\/1b1a13e37f847c635dab78348f1dff2f07651ee2a3d77a5c355a4b8c75f9165a?s=96&d=mm&r=g\",\"caption\":\"creativebitsolutions\"},\"url\":\"https:\/\/carpathiacenter.ro\/en\/author\/creativebitsolutions\/\"}]}<\/script>\n<!-- \/ Yoast SEO plugin. -->","yoast_head_json":{"title":"Energia produs\u0103 de centrala de la Brazi - suplimentat\u0103 din alte surse; se porne\u0219te centrala de la Paro\u0219eni (secretar de stat) - Carpathia Center Romania","robots":{"index":"index","follow":"follow","max-snippet":"max-snippet:-1","max-image-preview":"max-image-preview:large","max-video-preview":"max-video-preview:-1"},"canonical":"https:\/\/carpathiacenter.ro\/en\/energia-produsa-de-centrala-de-la-brazi-suplimentata-din-alte-surse-se-porneste-centrala-de-la-paroseni-secretar-de-stat\/","og_locale":"en_GB","og_type":"article","og_title":"Energia produs\u0103 de centrala de la Brazi - suplimentat\u0103 din alte surse; se porne\u0219te centrala de la Paro\u0219eni (secretar de stat) - Carpathia Center Romania","og_description":"Secretarul de stat Pavel Ni\u021bulescu din Ministerul Energiei a declarat mar\u021bi, la Ploie\u0219ti, c\u0103 energia pe care o producea centrala de la Brazi, oprit\u0103 din cauza crizei apei de la Paltinu, va fi suplimentat\u0103 din alte surse, urm\u00e2nd s\u0103 fie pornite centrala de la Paro\u0219eni \u0219i \u00eenc\u0103 un grup la CEO Oltenia. &#8216;\u00cen momentul de...","og_url":"https:\/\/carpathiacenter.ro\/en\/energia-produsa-de-centrala-de-la-brazi-suplimentata-din-alte-surse-se-porneste-centrala-de-la-paroseni-secretar-de-stat\/","og_site_name":"Carpathia Center Romania","article_publisher":"https:\/\/www.facebook.com\/fdpscarpathia\/","article_published_time":"2025-12-03T16:07:43+00:00","author":"creativebitsolutions","twitter_card":"summary_large_image","twitter_misc":{"Written by":"creativebitsolutions","Estimated reading time":"3 minutes"},"schema":{"@context":"https:\/\/schema.org","@graph":[{"@type":"Article","@id":"https:\/\/carpathiacenter.ro\/energia-produsa-de-centrala-de-la-brazi-suplimentata-din-alte-surse-se-porneste-centrala-de-la-paroseni-secretar-de-stat\/#article","isPartOf":{"@id":"https:\/\/carpathiacenter.ro\/energia-produsa-de-centrala-de-la-brazi-suplimentata-din-alte-surse-se-porneste-centrala-de-la-paroseni-secretar-de-stat\/"},"author":{"name":"creativebitsolutions","@id":"https:\/\/carpathiacenter.ro\/#\/schema\/person\/03d9f58202fee8379268f34afa195006"},"headline":"Energia produs\u0103 de centrala de la Brazi &#8211; suplimentat\u0103 din alte surse; se porne\u0219te centrala de la Paro\u0219eni (secretar de stat)","datePublished":"2025-12-03T16:07:43+00:00","mainEntityOfPage":{"@id":"https:\/\/carpathiacenter.ro\/energia-produsa-de-centrala-de-la-brazi-suplimentata-din-alte-surse-se-porneste-centrala-de-la-paroseni-secretar-de-stat\/"},"wordCount":538,"commentCount":0,"publisher":{"@id":"https:\/\/carpathiacenter.ro\/#organization"},"articleSection":["Uncategorized"],"inLanguage":"en-GB","potentialAction":[{"@type":"CommentAction","name":"Comment","target":["https:\/\/carpathiacenter.ro\/energia-produsa-de-centrala-de-la-brazi-suplimentata-din-alte-surse-se-porneste-centrala-de-la-paroseni-secretar-de-stat\/#respond"]}]},{"@type":"WebPage","@id":"https:\/\/carpathiacenter.ro\/energia-produsa-de-centrala-de-la-brazi-suplimentata-din-alte-surse-se-porneste-centrala-de-la-paroseni-secretar-de-stat\/","url":"https:\/\/carpathiacenter.ro\/energia-produsa-de-centrala-de-la-brazi-suplimentata-din-alte-surse-se-porneste-centrala-de-la-paroseni-secretar-de-stat\/","name":"Energia produs\u0103 de centrala de la Brazi - suplimentat\u0103 din alte surse; se porne\u0219te centrala de la Paro\u0219eni (secretar de stat) - Carpathia Center Romania","isPartOf":{"@id":"https:\/\/carpathiacenter.ro\/#website"},"datePublished":"2025-12-03T16:07:43+00:00","breadcrumb":{"@id":"https:\/\/carpathiacenter.ro\/energia-produsa-de-centrala-de-la-brazi-suplimentata-din-alte-surse-se-porneste-centrala-de-la-paroseni-secretar-de-stat\/#breadcrumb"},"inLanguage":"en-GB","potentialAction":[{"@type":"ReadAction","target":["https:\/\/carpathiacenter.ro\/energia-produsa-de-centrala-de-la-brazi-suplimentata-din-alte-surse-se-porneste-centrala-de-la-paroseni-secretar-de-stat\/"]}]},{"@type":"BreadcrumbList","@id":"https:\/\/carpathiacenter.ro\/energia-produsa-de-centrala-de-la-brazi-suplimentata-din-alte-surse-se-porneste-centrala-de-la-paroseni-secretar-de-stat\/#breadcrumb","itemListElement":[{"@type":"ListItem","position":1,"name":"Prima pagin\u0103","item":"https:\/\/carpathiacenter.ro\/"},{"@type":"ListItem","position":2,"name":"Energia produs\u0103 de centrala de la Brazi &#8211; suplimentat\u0103 din alte surse; se porne\u0219te centrala de la Paro\u0219eni (secretar de stat)"}]},{"@type":"WebSite","@id":"https:\/\/carpathiacenter.ro\/#website","url":"https:\/\/carpathiacenter.ro\/","name":"Carpathia Center Romania","description":"Impossible made possible!","publisher":{"@id":"https:\/\/carpathiacenter.ro\/#organization"},"potentialAction":[{"@type":"SearchAction","target":{"@type":"EntryPoint","urlTemplate":"https:\/\/carpathiacenter.ro\/?s={search_term_string}"},"query-input":{"@type":"PropertyValueSpecification","valueRequired":true,"valueName":"search_term_string"}}],"inLanguage":"en-GB"},{"@type":"Organization","@id":"https:\/\/carpathiacenter.ro\/#organization","name":"Carpathia Center Romania","url":"https:\/\/carpathiacenter.ro\/","logo":{"@type":"ImageObject","inLanguage":"en-GB","@id":"https:\/\/carpathiacenter.ro\/#\/schema\/logo\/image\/","url":"https:\/\/carpathiacenter.ro\/wp-content\/uploads\/2024\/07\/logo-carpathia_bg_white-1024x941.png","contentUrl":"https:\/\/carpathiacenter.ro\/wp-content\/uploads\/2024\/07\/logo-carpathia_bg_white-1024x941.png","width":1024,"height":941,"caption":"Carpathia Center Romania"},"image":{"@id":"https:\/\/carpathiacenter.ro\/#\/schema\/logo\/image\/"},"sameAs":["https:\/\/www.facebook.com\/fdpscarpathia\/"]},{"@type":"Person","@id":"https:\/\/carpathiacenter.ro\/#\/schema\/person\/03d9f58202fee8379268f34afa195006","name":"creativebitsolutions","image":{"@type":"ImageObject","inLanguage":"en-GB","@id":"https:\/\/carpathiacenter.ro\/#\/schema\/person\/image\/","url":"https:\/\/secure.gravatar.com\/avatar\/1b1a13e37f847c635dab78348f1dff2f07651ee2a3d77a5c355a4b8c75f9165a?s=96&d=mm&r=g","contentUrl":"https:\/\/secure.gravatar.com\/avatar\/1b1a13e37f847c635dab78348f1dff2f07651ee2a3d77a5c355a4b8c75f9165a?s=96&d=mm&r=g","caption":"creativebitsolutions"},"url":"https:\/\/carpathiacenter.ro\/en\/author\/creativebitsolutions\/"}]}},"_links":{"self":[{"href":"https:\/\/carpathiacenter.ro\/en\/wp-json\/wp\/v2\/posts\/3452","targetHints":{"allow":["GET"]}}],"collection":[{"href":"https:\/\/carpathiacenter.ro\/en\/wp-json\/wp\/v2\/posts"}],"about":[{"href":"https:\/\/carpathiacenter.ro\/en\/wp-json\/wp\/v2\/types\/post"}],"author":[{"embeddable":true,"href":"https:\/\/carpathiacenter.ro\/en\/wp-json\/wp\/v2\/users\/4"}],"replies":[{"embeddable":true,"href":"https:\/\/carpathiacenter.ro\/en\/wp-json\/wp\/v2\/comments?post=3452"}],"version-history":[{"count":1,"href":"https:\/\/carpathiacenter.ro\/en\/wp-json\/wp\/v2\/posts\/3452\/revisions"}],"predecessor-version":[{"id":3453,"href":"https:\/\/carpathiacenter.ro\/en\/wp-json\/wp\/v2\/posts\/3452\/revisions\/3453"}],"wp:attachment":[{"href":"https:\/\/carpathiacenter.ro\/en\/wp-json\/wp\/v2\/media?parent=3452"}],"wp:term":[{"taxonomy":"category","embeddable":true,"href":"https:\/\/carpathiacenter.ro\/en\/wp-json\/wp\/v2\/categories?post=3452"},{"taxonomy":"post_tag","embeddable":true,"href":"https:\/\/carpathiacenter.ro\/en\/wp-json\/wp\/v2\/tags?post=3452"}],"curies":[{"name":"wp","href":"https:\/\/api.w.org\/{rel}","templated":true}]}}