{"id":3450,"date":"2025-12-03T16:06:59","date_gmt":"2025-12-03T16:06:59","guid":{"rendered":"https:\/\/carpathiacenter.ro\/?p=3450"},"modified":"2025-12-03T16:08:10","modified_gmt":"2025-12-03T16:08:10","slug":"premierul-vizita-oficiala-miercuri-si-joi-in-austria-in-drum-spre-viena-va-avea-o-intrevedere-cu-viktor-orban","status":"publish","type":"post","link":"https:\/\/carpathiacenter.ro\/en\/premierul-vizita-oficiala-miercuri-si-joi-in-austria-in-drum-spre-viena-va-avea-o-intrevedere-cu-viktor-orban\/","title":{"rendered":"Premierul &#8211; vizit\u0103 oficial\u0103 miercuri \u0219i joi \u00een Austria; \u00een drum spre Viena va avea o \u00eentrevedere cu Viktor Orban"},"content":{"rendered":"<p>Prim-ministrul Ilie Bolojan va efectua o vizit\u0103 oficial\u0103, miercuri \u0219i joi, \u00een Austria, la invita\u021bia cancelarului Christian Stocker, urm\u00e2nd ca \u00een drum spre Viena s\u0103 aib\u0103 o \u00eentrevedere cu omologul s\u0103u ungar, Viktor Orban, pe tema cooper\u0103rii celor trei \u021b\u0103ri pentru dezvoltarea interconect\u0103rilor \u00een sectorul energiei electrice.<\/p>\n<p>Potrivit unui comunicat al Guvernului, Bolojan va fi \u00eenso\u021bit de Bogdan Ivan, ministrul Energiei, Oana \u021aoiu, ministrul Afacerilor Externe, Mihai Jurca, \u0219eful Cancelariei prim-ministrului \u0219i Drago\u0219 Hotea, secretar de stat. Din delega\u021bia austriac\u0103 vor face parte ministrul federal pentru Europa, Integrare \u0219i Familie, Claudia Plakolm, ministrul federal al Economiei, Energiei \u0219i Turismului, Wolfgang Hattmannsdorfer, \u0219i ministrul federal al Finan\u021belor, Markus Marterbauer.<\/p>\n<p>Agenda vizitei include discu\u021bii \u00een format tete-a-tete, convorbiri \u00een plen, precum \u0219i un dejun de lucru oferit de cancelarul austriac Christian Stocker, la care vor participa reprezentan\u021bi ai companiilor rom\u00e2ne\u0219ti \u0219i austriece.<\/p>\n<p>De asemenea, prim-ministrul Bolojan va participa la recep\u021bia de Ziua Na\u021bional\u0103 a Rom\u00e2niei organizat\u0103 de Ambasada Rom\u00e2niei \u00een Austria.<\/p>\n<p>&#8216;Obiectivul principal al vizitei este consolidarea rela\u021biilor bilaterale, at\u00e2t \u00een plan politico-diplomatic, c\u00e2t \u0219i economic \u0219i o coordonare mai str\u00e2ns\u0103 \u00een plan regional \u0219i european, av\u00e2nd \u00een vedere provoc\u0103rile actuale din regiunea noastr\u0103. Cooperarea \u00een sectorul economic va viza \u0219i alte domenii cu poten\u021bial de cre\u0219tere a investi\u021biilor pe ambele pie\u021be&#8217;, se arat\u0103 \u00een comunicatul citat.<\/p>\n<p>Se va aborda \u0219i sprijinul Austriei \u00een procesul de aderare a Rom\u00e2niei la Organiza\u021bia pentru Cooperare \u0219i Dezvoltare Economic\u0103 (OCDE).<\/p>\n<p>O aten\u021bie special\u0103 va fi acordat\u0103 cooper\u0103rii \u00een domeniul energetic \u00een vederea asigur\u0103rii unor pre\u021buri accesibile ale energiei electrice pentru popula\u021bie \u0219i competitive pentru companii, a transmis Guvernul.<\/p>\n<p>&#8216;Asigurarea unor pre\u021buri accesibile ale energiei electrice pentru popula\u021bie \u0219i competitive pentru companii r\u0103m\u00e2ne, pe l\u00e2ng\u0103 securitatea energetic\u0103, o prioritate major\u0103 pentru Guvernul Rom\u00e2niei. Un element important \u00een aceast\u0103 direc\u021bie \u00eel reprezint\u0103 \u00eembun\u0103t\u0103\u021birea interconect\u0103rii \u00een sectorul energiei electrice \u00eentre statele din regiunea noastr\u0103, subiect pe care premierul Ilie Bolojan \u00eel va aborda cu cancelarul federal Christian Stocker. Pentru a face progrese reale, este \u00eens\u0103 esen\u021bial s\u0103 avem un dialog deschis \u0219i cu vecinii direct implica\u021bi \u0219i afecta\u021bi de func\u021bionarea actual\u0103 a interconect\u0103rilor \u00een sectorul energiei electrice. De aceea, \u00een drum spre Viena, premierul Ilie Bolojan va avea o \u00eent\u00e2lnire la Budapesta cu premierul Ungariei Viktor Orban, cu participarea liderului UDMR Kelemen Hunor. Va fi discutat\u0103 cooperarea \u00eentre Rom\u00e2nia, Ungaria \u0219i Austria pentru dezvoltarea interconect\u0103rilor \u00een sectorul energiei electrice&#8217;, se precizeaz\u0103 \u00een comunicat. AGERPRES\/(AS &#8211; redactor: Daniel Florea, editor: Claudia St\u0103nescu, editor online: Ady Iva\u015fcu)<\/p>\n<p>https:\/\/agerpres.ro\/politic\/2025\/12\/02\/premierul&#8212;vizita-oficiala-miercuri-si-joi-in-austria-in-drum-spre-viena-va-avea-o-intrevedere-cu-v&#8211;1508110<\/p>","protected":false},"excerpt":{"rendered":"<p>Prim-ministrul Ilie Bolojan va efectua o vizit\u0103 oficial\u0103, miercuri \u0219i joi, \u00een Austria, la invita\u021bia cancelarului Christian Stocker, urm\u00e2nd ca \u00een drum spre Viena s\u0103 aib\u0103 o \u00eentrevedere cu omologul s\u0103u ungar, Viktor Orban, pe tema cooper\u0103rii celor trei \u021b\u0103ri pentru dezvoltarea interconect\u0103rilor \u00een sectorul energiei electrice. Potrivit unui comunicat al Guvernului, Bolojan va fi&#8230;<\/p>","protected":false},"author":4,"featured_media":0,"comment_status":"open","ping_status":"open","sticky":false,"template":"","format":"standard","meta":{"footnotes":""},"categories":[1],"tags":[],"class_list":["post-3450","post","type-post","status-publish","format-standard","hentry","category-uncategorized"],"yoast_head":"<!-- This site is optimized with the Yoast SEO plugin v26.1.1 - https:\/\/yoast.com\/wordpress\/plugins\/seo\/ -->\n<title>Premierul - vizit\u0103 oficial\u0103 miercuri \u0219i joi \u00een Austria; \u00een drum spre Viena va avea o \u00eentrevedere cu Viktor Orban - Carpathia Center Romania<\/title>\n<meta name=\"robots\" content=\"index, follow, max-snippet:-1, max-image-preview:large, max-video-preview:-1\" \/>\n<link rel=\"canonical\" href=\"https:\/\/carpathiacenter.ro\/en\/premierul-vizita-oficiala-miercuri-si-joi-in-austria-in-drum-spre-viena-va-avea-o-intrevedere-cu-viktor-orban\/\" \/>\n<meta property=\"og:locale\" content=\"en_GB\" \/>\n<meta property=\"og:type\" content=\"article\" \/>\n<meta property=\"og:title\" content=\"Premierul - vizit\u0103 oficial\u0103 miercuri \u0219i joi \u00een Austria; \u00een drum spre Viena va avea o \u00eentrevedere cu Viktor Orban - Carpathia Center Romania\" \/>\n<meta property=\"og:description\" content=\"Prim-ministrul Ilie Bolojan va efectua o vizit\u0103 oficial\u0103, miercuri \u0219i joi, \u00een Austria, la invita\u021bia cancelarului Christian Stocker, urm\u00e2nd ca \u00een drum spre Viena s\u0103 aib\u0103 o \u00eentrevedere cu omologul s\u0103u ungar, Viktor Orban, pe tema cooper\u0103rii celor trei \u021b\u0103ri pentru dezvoltarea interconect\u0103rilor \u00een sectorul energiei electrice. Potrivit unui comunicat al Guvernului, Bolojan va fi...\" \/>\n<meta property=\"og:url\" content=\"https:\/\/carpathiacenter.ro\/en\/premierul-vizita-oficiala-miercuri-si-joi-in-austria-in-drum-spre-viena-va-avea-o-intrevedere-cu-viktor-orban\/\" \/>\n<meta property=\"og:site_name\" content=\"Carpathia Center Romania\" \/>\n<meta property=\"article:publisher\" content=\"https:\/\/www.facebook.com\/fdpscarpathia\/\" \/>\n<meta property=\"article:published_time\" content=\"2025-12-03T16:06:59+00:00\" \/>\n<meta property=\"article:modified_time\" content=\"2025-12-03T16:08:10+00:00\" \/>\n<meta name=\"author\" content=\"creativebitsolutions\" \/>\n<meta name=\"twitter:card\" content=\"summary_large_image\" \/>\n<meta name=\"twitter:label1\" content=\"Written by\" \/>\n\t<meta name=\"twitter:data1\" content=\"creativebitsolutions\" \/>\n\t<meta name=\"twitter:label2\" content=\"Estimated reading time\" \/>\n\t<meta name=\"twitter:data2\" content=\"3 minutes\" \/>\n<script type=\"application\/ld+json\" class=\"yoast-schema-graph\">{\"@context\":\"https:\/\/schema.org\",\"@graph\":[{\"@type\":\"Article\",\"@id\":\"https:\/\/carpathiacenter.ro\/premierul-vizita-oficiala-miercuri-si-joi-in-austria-in-drum-spre-viena-va-avea-o-intrevedere-cu-viktor-orban\/#article\",\"isPartOf\":{\"@id\":\"https:\/\/carpathiacenter.ro\/premierul-vizita-oficiala-miercuri-si-joi-in-austria-in-drum-spre-viena-va-avea-o-intrevedere-cu-viktor-orban\/\"},\"author\":{\"name\":\"creativebitsolutions\",\"@id\":\"https:\/\/carpathiacenter.ro\/#\/schema\/person\/03d9f58202fee8379268f34afa195006\"},\"headline\":\"Premierul &#8211; vizit\u0103 oficial\u0103 miercuri \u0219i joi \u00een Austria; \u00een drum spre Viena va avea o \u00eentrevedere cu Viktor Orban\",\"datePublished\":\"2025-12-03T16:06:59+00:00\",\"dateModified\":\"2025-12-03T16:08:10+00:00\",\"mainEntityOfPage\":{\"@id\":\"https:\/\/carpathiacenter.ro\/premierul-vizita-oficiala-miercuri-si-joi-in-austria-in-drum-spre-viena-va-avea-o-intrevedere-cu-viktor-orban\/\"},\"wordCount\":486,\"commentCount\":0,\"publisher\":{\"@id\":\"https:\/\/carpathiacenter.ro\/#organization\"},\"articleSection\":[\"Uncategorized\"],\"inLanguage\":\"en-GB\",\"potentialAction\":[{\"@type\":\"CommentAction\",\"name\":\"Comment\",\"target\":[\"https:\/\/carpathiacenter.ro\/premierul-vizita-oficiala-miercuri-si-joi-in-austria-in-drum-spre-viena-va-avea-o-intrevedere-cu-viktor-orban\/#respond\"]}]},{\"@type\":\"WebPage\",\"@id\":\"https:\/\/carpathiacenter.ro\/premierul-vizita-oficiala-miercuri-si-joi-in-austria-in-drum-spre-viena-va-avea-o-intrevedere-cu-viktor-orban\/\",\"url\":\"https:\/\/carpathiacenter.ro\/premierul-vizita-oficiala-miercuri-si-joi-in-austria-in-drum-spre-viena-va-avea-o-intrevedere-cu-viktor-orban\/\",\"name\":\"Premierul - vizit\u0103 oficial\u0103 miercuri \u0219i joi \u00een Austria; \u00een drum spre Viena va avea o \u00eentrevedere cu Viktor Orban - Carpathia Center Romania\",\"isPartOf\":{\"@id\":\"https:\/\/carpathiacenter.ro\/#website\"},\"datePublished\":\"2025-12-03T16:06:59+00:00\",\"dateModified\":\"2025-12-03T16:08:10+00:00\",\"breadcrumb\":{\"@id\":\"https:\/\/carpathiacenter.ro\/premierul-vizita-oficiala-miercuri-si-joi-in-austria-in-drum-spre-viena-va-avea-o-intrevedere-cu-viktor-orban\/#breadcrumb\"},\"inLanguage\":\"en-GB\",\"potentialAction\":[{\"@type\":\"ReadAction\",\"target\":[\"https:\/\/carpathiacenter.ro\/premierul-vizita-oficiala-miercuri-si-joi-in-austria-in-drum-spre-viena-va-avea-o-intrevedere-cu-viktor-orban\/\"]}]},{\"@type\":\"BreadcrumbList\",\"@id\":\"https:\/\/carpathiacenter.ro\/premierul-vizita-oficiala-miercuri-si-joi-in-austria-in-drum-spre-viena-va-avea-o-intrevedere-cu-viktor-orban\/#breadcrumb\",\"itemListElement\":[{\"@type\":\"ListItem\",\"position\":1,\"name\":\"Prima pagin\u0103\",\"item\":\"https:\/\/carpathiacenter.ro\/\"},{\"@type\":\"ListItem\",\"position\":2,\"name\":\"Premierul &#8211; vizit\u0103 oficial\u0103 miercuri \u0219i joi \u00een Austria; \u00een drum spre Viena va avea o \u00eentrevedere cu Viktor Orban\"}]},{\"@type\":\"WebSite\",\"@id\":\"https:\/\/carpathiacenter.ro\/#website\",\"url\":\"https:\/\/carpathiacenter.ro\/\",\"name\":\"Carpathia Center Romania\",\"description\":\"Impossible made possible!\",\"publisher\":{\"@id\":\"https:\/\/carpathiacenter.ro\/#organization\"},\"potentialAction\":[{\"@type\":\"SearchAction\",\"target\":{\"@type\":\"EntryPoint\",\"urlTemplate\":\"https:\/\/carpathiacenter.ro\/?s={search_term_string}\"},\"query-input\":{\"@type\":\"PropertyValueSpecification\",\"valueRequired\":true,\"valueName\":\"search_term_string\"}}],\"inLanguage\":\"en-GB\"},{\"@type\":\"Organization\",\"@id\":\"https:\/\/carpathiacenter.ro\/#organization\",\"name\":\"Carpathia Center Romania\",\"url\":\"https:\/\/carpathiacenter.ro\/\",\"logo\":{\"@type\":\"ImageObject\",\"inLanguage\":\"en-GB\",\"@id\":\"https:\/\/carpathiacenter.ro\/#\/schema\/logo\/image\/\",\"url\":\"https:\/\/carpathiacenter.ro\/wp-content\/uploads\/2024\/07\/logo-carpathia_bg_white-1024x941.png\",\"contentUrl\":\"https:\/\/carpathiacenter.ro\/wp-content\/uploads\/2024\/07\/logo-carpathia_bg_white-1024x941.png\",\"width\":1024,\"height\":941,\"caption\":\"Carpathia Center Romania\"},\"image\":{\"@id\":\"https:\/\/carpathiacenter.ro\/#\/schema\/logo\/image\/\"},\"sameAs\":[\"https:\/\/www.facebook.com\/fdpscarpathia\/\"]},{\"@type\":\"Person\",\"@id\":\"https:\/\/carpathiacenter.ro\/#\/schema\/person\/03d9f58202fee8379268f34afa195006\",\"name\":\"creativebitsolutions\",\"image\":{\"@type\":\"ImageObject\",\"inLanguage\":\"en-GB\",\"@id\":\"https:\/\/carpathiacenter.ro\/#\/schema\/person\/image\/\",\"url\":\"https:\/\/secure.gravatar.com\/avatar\/1b1a13e37f847c635dab78348f1dff2f07651ee2a3d77a5c355a4b8c75f9165a?s=96&d=mm&r=g\",\"contentUrl\":\"https:\/\/secure.gravatar.com\/avatar\/1b1a13e37f847c635dab78348f1dff2f07651ee2a3d77a5c355a4b8c75f9165a?s=96&d=mm&r=g\",\"caption\":\"creativebitsolutions\"},\"url\":\"https:\/\/carpathiacenter.ro\/en\/author\/creativebitsolutions\/\"}]}<\/script>\n<!-- \/ Yoast SEO plugin. -->","yoast_head_json":{"title":"Premierul - vizit\u0103 oficial\u0103 miercuri \u0219i joi \u00een Austria; \u00een drum spre Viena va avea o \u00eentrevedere cu Viktor Orban - Carpathia Center Romania","robots":{"index":"index","follow":"follow","max-snippet":"max-snippet:-1","max-image-preview":"max-image-preview:large","max-video-preview":"max-video-preview:-1"},"canonical":"https:\/\/carpathiacenter.ro\/en\/premierul-vizita-oficiala-miercuri-si-joi-in-austria-in-drum-spre-viena-va-avea-o-intrevedere-cu-viktor-orban\/","og_locale":"en_GB","og_type":"article","og_title":"Premierul - vizit\u0103 oficial\u0103 miercuri \u0219i joi \u00een Austria; \u00een drum spre Viena va avea o \u00eentrevedere cu Viktor Orban - Carpathia Center Romania","og_description":"Prim-ministrul Ilie Bolojan va efectua o vizit\u0103 oficial\u0103, miercuri \u0219i joi, \u00een Austria, la invita\u021bia cancelarului Christian Stocker, urm\u00e2nd ca \u00een drum spre Viena s\u0103 aib\u0103 o \u00eentrevedere cu omologul s\u0103u ungar, Viktor Orban, pe tema cooper\u0103rii celor trei \u021b\u0103ri pentru dezvoltarea interconect\u0103rilor \u00een sectorul energiei electrice. Potrivit unui comunicat al Guvernului, Bolojan va fi...","og_url":"https:\/\/carpathiacenter.ro\/en\/premierul-vizita-oficiala-miercuri-si-joi-in-austria-in-drum-spre-viena-va-avea-o-intrevedere-cu-viktor-orban\/","og_site_name":"Carpathia Center Romania","article_publisher":"https:\/\/www.facebook.com\/fdpscarpathia\/","article_published_time":"2025-12-03T16:06:59+00:00","article_modified_time":"2025-12-03T16:08:10+00:00","author":"creativebitsolutions","twitter_card":"summary_large_image","twitter_misc":{"Written by":"creativebitsolutions","Estimated reading time":"3 minutes"},"schema":{"@context":"https:\/\/schema.org","@graph":[{"@type":"Article","@id":"https:\/\/carpathiacenter.ro\/premierul-vizita-oficiala-miercuri-si-joi-in-austria-in-drum-spre-viena-va-avea-o-intrevedere-cu-viktor-orban\/#article","isPartOf":{"@id":"https:\/\/carpathiacenter.ro\/premierul-vizita-oficiala-miercuri-si-joi-in-austria-in-drum-spre-viena-va-avea-o-intrevedere-cu-viktor-orban\/"},"author":{"name":"creativebitsolutions","@id":"https:\/\/carpathiacenter.ro\/#\/schema\/person\/03d9f58202fee8379268f34afa195006"},"headline":"Premierul &#8211; vizit\u0103 oficial\u0103 miercuri \u0219i joi \u00een Austria; \u00een drum spre Viena va avea o \u00eentrevedere cu Viktor Orban","datePublished":"2025-12-03T16:06:59+00:00","dateModified":"2025-12-03T16:08:10+00:00","mainEntityOfPage":{"@id":"https:\/\/carpathiacenter.ro\/premierul-vizita-oficiala-miercuri-si-joi-in-austria-in-drum-spre-viena-va-avea-o-intrevedere-cu-viktor-orban\/"},"wordCount":486,"commentCount":0,"publisher":{"@id":"https:\/\/carpathiacenter.ro\/#organization"},"articleSection":["Uncategorized"],"inLanguage":"en-GB","potentialAction":[{"@type":"CommentAction","name":"Comment","target":["https:\/\/carpathiacenter.ro\/premierul-vizita-oficiala-miercuri-si-joi-in-austria-in-drum-spre-viena-va-avea-o-intrevedere-cu-viktor-orban\/#respond"]}]},{"@type":"WebPage","@id":"https:\/\/carpathiacenter.ro\/premierul-vizita-oficiala-miercuri-si-joi-in-austria-in-drum-spre-viena-va-avea-o-intrevedere-cu-viktor-orban\/","url":"https:\/\/carpathiacenter.ro\/premierul-vizita-oficiala-miercuri-si-joi-in-austria-in-drum-spre-viena-va-avea-o-intrevedere-cu-viktor-orban\/","name":"Premierul - vizit\u0103 oficial\u0103 miercuri \u0219i joi \u00een Austria; \u00een drum spre Viena va avea o \u00eentrevedere cu Viktor Orban - Carpathia Center Romania","isPartOf":{"@id":"https:\/\/carpathiacenter.ro\/#website"},"datePublished":"2025-12-03T16:06:59+00:00","dateModified":"2025-12-03T16:08:10+00:00","breadcrumb":{"@id":"https:\/\/carpathiacenter.ro\/premierul-vizita-oficiala-miercuri-si-joi-in-austria-in-drum-spre-viena-va-avea-o-intrevedere-cu-viktor-orban\/#breadcrumb"},"inLanguage":"en-GB","potentialAction":[{"@type":"ReadAction","target":["https:\/\/carpathiacenter.ro\/premierul-vizita-oficiala-miercuri-si-joi-in-austria-in-drum-spre-viena-va-avea-o-intrevedere-cu-viktor-orban\/"]}]},{"@type":"BreadcrumbList","@id":"https:\/\/carpathiacenter.ro\/premierul-vizita-oficiala-miercuri-si-joi-in-austria-in-drum-spre-viena-va-avea-o-intrevedere-cu-viktor-orban\/#breadcrumb","itemListElement":[{"@type":"ListItem","position":1,"name":"Prima pagin\u0103","item":"https:\/\/carpathiacenter.ro\/"},{"@type":"ListItem","position":2,"name":"Premierul &#8211; vizit\u0103 oficial\u0103 miercuri \u0219i joi \u00een Austria; \u00een drum spre Viena va avea o \u00eentrevedere cu Viktor Orban"}]},{"@type":"WebSite","@id":"https:\/\/carpathiacenter.ro\/#website","url":"https:\/\/carpathiacenter.ro\/","name":"Carpathia Center Romania","description":"Impossible made possible!","publisher":{"@id":"https:\/\/carpathiacenter.ro\/#organization"},"potentialAction":[{"@type":"SearchAction","target":{"@type":"EntryPoint","urlTemplate":"https:\/\/carpathiacenter.ro\/?s={search_term_string}"},"query-input":{"@type":"PropertyValueSpecification","valueRequired":true,"valueName":"search_term_string"}}],"inLanguage":"en-GB"},{"@type":"Organization","@id":"https:\/\/carpathiacenter.ro\/#organization","name":"Carpathia Center Romania","url":"https:\/\/carpathiacenter.ro\/","logo":{"@type":"ImageObject","inLanguage":"en-GB","@id":"https:\/\/carpathiacenter.ro\/#\/schema\/logo\/image\/","url":"https:\/\/carpathiacenter.ro\/wp-content\/uploads\/2024\/07\/logo-carpathia_bg_white-1024x941.png","contentUrl":"https:\/\/carpathiacenter.ro\/wp-content\/uploads\/2024\/07\/logo-carpathia_bg_white-1024x941.png","width":1024,"height":941,"caption":"Carpathia Center Romania"},"image":{"@id":"https:\/\/carpathiacenter.ro\/#\/schema\/logo\/image\/"},"sameAs":["https:\/\/www.facebook.com\/fdpscarpathia\/"]},{"@type":"Person","@id":"https:\/\/carpathiacenter.ro\/#\/schema\/person\/03d9f58202fee8379268f34afa195006","name":"creativebitsolutions","image":{"@type":"ImageObject","inLanguage":"en-GB","@id":"https:\/\/carpathiacenter.ro\/#\/schema\/person\/image\/","url":"https:\/\/secure.gravatar.com\/avatar\/1b1a13e37f847c635dab78348f1dff2f07651ee2a3d77a5c355a4b8c75f9165a?s=96&d=mm&r=g","contentUrl":"https:\/\/secure.gravatar.com\/avatar\/1b1a13e37f847c635dab78348f1dff2f07651ee2a3d77a5c355a4b8c75f9165a?s=96&d=mm&r=g","caption":"creativebitsolutions"},"url":"https:\/\/carpathiacenter.ro\/en\/author\/creativebitsolutions\/"}]}},"_links":{"self":[{"href":"https:\/\/carpathiacenter.ro\/en\/wp-json\/wp\/v2\/posts\/3450","targetHints":{"allow":["GET"]}}],"collection":[{"href":"https:\/\/carpathiacenter.ro\/en\/wp-json\/wp\/v2\/posts"}],"about":[{"href":"https:\/\/carpathiacenter.ro\/en\/wp-json\/wp\/v2\/types\/post"}],"author":[{"embeddable":true,"href":"https:\/\/carpathiacenter.ro\/en\/wp-json\/wp\/v2\/users\/4"}],"replies":[{"embeddable":true,"href":"https:\/\/carpathiacenter.ro\/en\/wp-json\/wp\/v2\/comments?post=3450"}],"version-history":[{"count":2,"href":"https:\/\/carpathiacenter.ro\/en\/wp-json\/wp\/v2\/posts\/3450\/revisions"}],"predecessor-version":[{"id":3454,"href":"https:\/\/carpathiacenter.ro\/en\/wp-json\/wp\/v2\/posts\/3450\/revisions\/3454"}],"wp:attachment":[{"href":"https:\/\/carpathiacenter.ro\/en\/wp-json\/wp\/v2\/media?parent=3450"}],"wp:term":[{"taxonomy":"category","embeddable":true,"href":"https:\/\/carpathiacenter.ro\/en\/wp-json\/wp\/v2\/categories?post=3450"},{"taxonomy":"post_tag","embeddable":true,"href":"https:\/\/carpathiacenter.ro\/en\/wp-json\/wp\/v2\/tags?post=3450"}],"curies":[{"name":"wp","href":"https:\/\/api.w.org\/{rel}","templated":true}]}}