{"id":3441,"date":"2025-12-02T10:04:59","date_gmt":"2025-12-02T10:04:59","guid":{"rendered":"https:\/\/carpathiacenter.ro\/?p=3441"},"modified":"2025-12-02T10:04:59","modified_gmt":"2025-12-02T10:04:59","slug":"parlament-guvernul-isi-angajeaza-raspunderea-pe-proiectul-privind-pensiile-magistratilor","status":"publish","type":"post","link":"https:\/\/carpathiacenter.ro\/en\/parlament-guvernul-isi-angajeaza-raspunderea-pe-proiectul-privind-pensiile-magistratilor\/","title":{"rendered":"Parlament\/ Guvernul \u00ee\u0219i angajeaz\u0103 r\u0103spunderea pe proiectul privind pensiile magistra\u021bilor"},"content":{"rendered":"<p>\u0218edin\u021ba comun\u0103 de plen a Camerei Deputa\u021bilor \u0219i Senatului \u00een care Guvernul urmeaz\u0103 s\u0103 \u00ee\u0219i angajeze r\u0103spunderea pe proiectul privind pensiile magistra\u021bilor va avea loc mar\u021bi dup\u0103-amiaz\u0103.<\/p>\n<p>Birourile permanente reunite ale Parlamentului au decis ca \u0219edin\u021ba comun\u0103 de plen consacrat\u0103 angaj\u0103rii r\u0103spunderii Guvernului asupra proiectului de lege pentru modificarea \u0219i completarea unor acte normative din domeniul pensiilor de serviciu s\u0103 aib\u0103 loc mar\u021bi, dup\u0103 \u0219edin\u021ba solemn\u0103 comun\u0103 a Camerei Deputa\u021bilor \u0219i Senatului dedicat\u0103 anivers\u0103rii Zilei Na\u021bionale a Rom\u00e2niei &#8211; 1 Decembrie, de la ora 14:30.<\/p>\n<p>Parlamentarii pot depune amendamente la proiectul de lege adoptat de Guvern p\u00e2n\u0103 mar\u021bi, la ora 8:00.<\/p>\n<p>Guvernul a aprobat, \u00een \u0219edin\u021ba de vineri, noul proiect de modificare a pensiilor magistra\u021bilor, care prevede cre\u0219terea etapizat\u0103 a v\u00e2rstei de pensionare la 65 de ani, iar cuantumul pensiei nu poate dep\u0103\u0219i 70% din indemniza\u021bia net\u0103 primit\u0103 \u00een ultima lun\u0103 de activitate.<\/p>\n<p>Proiectul se va aplica \u0219i personalului auxiliar din instan\u021be \u0219i parchete, angaja\u021bilor de la Institutul Na\u021bional de Expertize Criminalistice, precum \u0219i magistra\u021bilor asisten\u021bi \u0219i personalului de specialitate juridic\u0103 de la Curtea Constitu\u021bional\u0103. AGERPRES\/(AS &#8211; editor: Florin Marin, editor online: Anda Badea)<br \/>\n<br \/>\nSursa articolului:  <a href=\"https:\/\/agerpres.ro\/politic\/2025\/12\/02\/parlament-guvernul-isi-angajeaza-raspunderea-pe-proiectul-privind-pensiile-magistratilor--1507753\" target=\"_blank\" rel=\"noopener\" title=\"\">AGERPRES<\/a><\/p>","protected":false},"excerpt":{"rendered":"<p>\u0218edin\u021ba comun\u0103 de plen a Camerei Deputa\u021bilor \u0219i Senatului \u00een care Guvernul urmeaz\u0103 s\u0103 \u00ee\u0219i angajeze r\u0103spunderea pe proiectul privind pensiile magistra\u021bilor va avea loc mar\u021bi dup\u0103-amiaz\u0103. Birourile permanente reunite ale Parlamentului au decis ca \u0219edin\u021ba comun\u0103 de plen consacrat\u0103 angaj\u0103rii r\u0103spunderii Guvernului asupra proiectului de lege pentru modificarea \u0219i completarea unor acte normative din&#8230;<\/p>","protected":false},"author":4,"featured_media":1849,"comment_status":"open","ping_status":"open","sticky":false,"template":"","format":"standard","meta":{"footnotes":""},"categories":[1],"tags":[],"class_list":["post-3441","post","type-post","status-publish","format-standard","has-post-thumbnail","hentry","category-uncategorized"],"yoast_head":"<!-- This site is optimized with the Yoast SEO plugin v26.1.1 - https:\/\/yoast.com\/wordpress\/plugins\/seo\/ -->\n<title>Parlament\/ Guvernul \u00ee\u0219i angajeaz\u0103 r\u0103spunderea pe proiectul privind pensiile magistra\u021bilor - Carpathia Center Romania<\/title>\n<meta name=\"robots\" content=\"index, follow, max-snippet:-1, max-image-preview:large, max-video-preview:-1\" \/>\n<link rel=\"canonical\" href=\"https:\/\/carpathiacenter.ro\/en\/parlament-guvernul-isi-angajeaza-raspunderea-pe-proiectul-privind-pensiile-magistratilor\/\" \/>\n<meta property=\"og:locale\" content=\"en_GB\" \/>\n<meta property=\"og:type\" content=\"article\" \/>\n<meta property=\"og:title\" content=\"Parlament\/ Guvernul \u00ee\u0219i angajeaz\u0103 r\u0103spunderea pe proiectul privind pensiile magistra\u021bilor - Carpathia Center Romania\" \/>\n<meta property=\"og:description\" content=\"\u0218edin\u021ba comun\u0103 de plen a Camerei Deputa\u021bilor \u0219i Senatului \u00een care Guvernul urmeaz\u0103 s\u0103 \u00ee\u0219i angajeze r\u0103spunderea pe proiectul privind pensiile magistra\u021bilor va avea loc mar\u021bi dup\u0103-amiaz\u0103. Birourile permanente reunite ale Parlamentului au decis ca \u0219edin\u021ba comun\u0103 de plen consacrat\u0103 angaj\u0103rii r\u0103spunderii Guvernului asupra proiectului de lege pentru modificarea \u0219i completarea unor acte normative din...\" \/>\n<meta property=\"og:url\" content=\"https:\/\/carpathiacenter.ro\/en\/parlament-guvernul-isi-angajeaza-raspunderea-pe-proiectul-privind-pensiile-magistratilor\/\" \/>\n<meta property=\"og:site_name\" content=\"Carpathia Center Romania\" \/>\n<meta property=\"article:publisher\" content=\"https:\/\/www.facebook.com\/fdpscarpathia\/\" \/>\n<meta property=\"article:published_time\" content=\"2025-12-02T10:04:59+00:00\" \/>\n<meta property=\"og:image\" content=\"https:\/\/carpathiacenter.ro\/wp-content\/uploads\/2025\/02\/plen-parlament.jpg\" \/>\n\t<meta property=\"og:image:width\" content=\"860\" \/>\n\t<meta property=\"og:image:height\" content=\"573\" \/>\n\t<meta property=\"og:image:type\" content=\"image\/jpeg\" \/>\n<meta name=\"author\" content=\"creativebitsolutions\" \/>\n<meta name=\"twitter:card\" content=\"summary_large_image\" \/>\n<meta name=\"twitter:label1\" content=\"Written by\" \/>\n\t<meta name=\"twitter:data1\" content=\"creativebitsolutions\" \/>\n\t<meta name=\"twitter:label2\" content=\"Estimated reading time\" \/>\n\t<meta name=\"twitter:data2\" content=\"1 minute\" \/>\n<script type=\"application\/ld+json\" class=\"yoast-schema-graph\">{\"@context\":\"https:\/\/schema.org\",\"@graph\":[{\"@type\":\"Article\",\"@id\":\"https:\/\/carpathiacenter.ro\/parlament-guvernul-isi-angajeaza-raspunderea-pe-proiectul-privind-pensiile-magistratilor\/#article\",\"isPartOf\":{\"@id\":\"https:\/\/carpathiacenter.ro\/parlament-guvernul-isi-angajeaza-raspunderea-pe-proiectul-privind-pensiile-magistratilor\/\"},\"author\":{\"name\":\"creativebitsolutions\",\"@id\":\"https:\/\/carpathiacenter.ro\/#\/schema\/person\/03d9f58202fee8379268f34afa195006\"},\"headline\":\"Parlament\/ Guvernul \u00ee\u0219i angajeaz\u0103 r\u0103spunderea pe proiectul privind pensiile magistra\u021bilor\",\"datePublished\":\"2025-12-02T10:04:59+00:00\",\"mainEntityOfPage\":{\"@id\":\"https:\/\/carpathiacenter.ro\/parlament-guvernul-isi-angajeaza-raspunderea-pe-proiectul-privind-pensiile-magistratilor\/\"},\"wordCount\":224,\"commentCount\":0,\"publisher\":{\"@id\":\"https:\/\/carpathiacenter.ro\/#organization\"},\"image\":{\"@id\":\"https:\/\/carpathiacenter.ro\/parlament-guvernul-isi-angajeaza-raspunderea-pe-proiectul-privind-pensiile-magistratilor\/#primaryimage\"},\"thumbnailUrl\":\"https:\/\/carpathiacenter.ro\/wp-content\/uploads\/2025\/02\/plen-parlament.jpg\",\"articleSection\":[\"Uncategorized\"],\"inLanguage\":\"en-GB\",\"potentialAction\":[{\"@type\":\"CommentAction\",\"name\":\"Comment\",\"target\":[\"https:\/\/carpathiacenter.ro\/parlament-guvernul-isi-angajeaza-raspunderea-pe-proiectul-privind-pensiile-magistratilor\/#respond\"]}]},{\"@type\":\"WebPage\",\"@id\":\"https:\/\/carpathiacenter.ro\/parlament-guvernul-isi-angajeaza-raspunderea-pe-proiectul-privind-pensiile-magistratilor\/\",\"url\":\"https:\/\/carpathiacenter.ro\/parlament-guvernul-isi-angajeaza-raspunderea-pe-proiectul-privind-pensiile-magistratilor\/\",\"name\":\"Parlament\/ Guvernul \u00ee\u0219i angajeaz\u0103 r\u0103spunderea pe proiectul privind pensiile magistra\u021bilor - Carpathia Center Romania\",\"isPartOf\":{\"@id\":\"https:\/\/carpathiacenter.ro\/#website\"},\"primaryImageOfPage\":{\"@id\":\"https:\/\/carpathiacenter.ro\/parlament-guvernul-isi-angajeaza-raspunderea-pe-proiectul-privind-pensiile-magistratilor\/#primaryimage\"},\"image\":{\"@id\":\"https:\/\/carpathiacenter.ro\/parlament-guvernul-isi-angajeaza-raspunderea-pe-proiectul-privind-pensiile-magistratilor\/#primaryimage\"},\"thumbnailUrl\":\"https:\/\/carpathiacenter.ro\/wp-content\/uploads\/2025\/02\/plen-parlament.jpg\",\"datePublished\":\"2025-12-02T10:04:59+00:00\",\"breadcrumb\":{\"@id\":\"https:\/\/carpathiacenter.ro\/parlament-guvernul-isi-angajeaza-raspunderea-pe-proiectul-privind-pensiile-magistratilor\/#breadcrumb\"},\"inLanguage\":\"en-GB\",\"potentialAction\":[{\"@type\":\"ReadAction\",\"target\":[\"https:\/\/carpathiacenter.ro\/parlament-guvernul-isi-angajeaza-raspunderea-pe-proiectul-privind-pensiile-magistratilor\/\"]}]},{\"@type\":\"ImageObject\",\"inLanguage\":\"en-GB\",\"@id\":\"https:\/\/carpathiacenter.ro\/parlament-guvernul-isi-angajeaza-raspunderea-pe-proiectul-privind-pensiile-magistratilor\/#primaryimage\",\"url\":\"https:\/\/carpathiacenter.ro\/wp-content\/uploads\/2025\/02\/plen-parlament.jpg\",\"contentUrl\":\"https:\/\/carpathiacenter.ro\/wp-content\/uploads\/2025\/02\/plen-parlament.jpg\",\"width\":860,\"height\":573},{\"@type\":\"BreadcrumbList\",\"@id\":\"https:\/\/carpathiacenter.ro\/parlament-guvernul-isi-angajeaza-raspunderea-pe-proiectul-privind-pensiile-magistratilor\/#breadcrumb\",\"itemListElement\":[{\"@type\":\"ListItem\",\"position\":1,\"name\":\"Prima pagin\u0103\",\"item\":\"https:\/\/carpathiacenter.ro\/\"},{\"@type\":\"ListItem\",\"position\":2,\"name\":\"Parlament\/ Guvernul \u00ee\u0219i angajeaz\u0103 r\u0103spunderea pe proiectul privind pensiile magistra\u021bilor\"}]},{\"@type\":\"WebSite\",\"@id\":\"https:\/\/carpathiacenter.ro\/#website\",\"url\":\"https:\/\/carpathiacenter.ro\/\",\"name\":\"Carpathia Center Romania\",\"description\":\"Impossible made possible!\",\"publisher\":{\"@id\":\"https:\/\/carpathiacenter.ro\/#organization\"},\"potentialAction\":[{\"@type\":\"SearchAction\",\"target\":{\"@type\":\"EntryPoint\",\"urlTemplate\":\"https:\/\/carpathiacenter.ro\/?s={search_term_string}\"},\"query-input\":{\"@type\":\"PropertyValueSpecification\",\"valueRequired\":true,\"valueName\":\"search_term_string\"}}],\"inLanguage\":\"en-GB\"},{\"@type\":\"Organization\",\"@id\":\"https:\/\/carpathiacenter.ro\/#organization\",\"name\":\"Carpathia Center Romania\",\"url\":\"https:\/\/carpathiacenter.ro\/\",\"logo\":{\"@type\":\"ImageObject\",\"inLanguage\":\"en-GB\",\"@id\":\"https:\/\/carpathiacenter.ro\/#\/schema\/logo\/image\/\",\"url\":\"https:\/\/carpathiacenter.ro\/wp-content\/uploads\/2024\/07\/logo-carpathia_bg_white-1024x941.png\",\"contentUrl\":\"https:\/\/carpathiacenter.ro\/wp-content\/uploads\/2024\/07\/logo-carpathia_bg_white-1024x941.png\",\"width\":1024,\"height\":941,\"caption\":\"Carpathia Center Romania\"},\"image\":{\"@id\":\"https:\/\/carpathiacenter.ro\/#\/schema\/logo\/image\/\"},\"sameAs\":[\"https:\/\/www.facebook.com\/fdpscarpathia\/\"]},{\"@type\":\"Person\",\"@id\":\"https:\/\/carpathiacenter.ro\/#\/schema\/person\/03d9f58202fee8379268f34afa195006\",\"name\":\"creativebitsolutions\",\"image\":{\"@type\":\"ImageObject\",\"inLanguage\":\"en-GB\",\"@id\":\"https:\/\/carpathiacenter.ro\/#\/schema\/person\/image\/\",\"url\":\"https:\/\/secure.gravatar.com\/avatar\/1b1a13e37f847c635dab78348f1dff2f07651ee2a3d77a5c355a4b8c75f9165a?s=96&d=mm&r=g\",\"contentUrl\":\"https:\/\/secure.gravatar.com\/avatar\/1b1a13e37f847c635dab78348f1dff2f07651ee2a3d77a5c355a4b8c75f9165a?s=96&d=mm&r=g\",\"caption\":\"creativebitsolutions\"},\"url\":\"https:\/\/carpathiacenter.ro\/en\/author\/creativebitsolutions\/\"}]}<\/script>\n<!-- \/ Yoast SEO plugin. -->","yoast_head_json":{"title":"Parlament\/ Guvernul \u00ee\u0219i angajeaz\u0103 r\u0103spunderea pe proiectul privind pensiile magistra\u021bilor - Carpathia Center Romania","robots":{"index":"index","follow":"follow","max-snippet":"max-snippet:-1","max-image-preview":"max-image-preview:large","max-video-preview":"max-video-preview:-1"},"canonical":"https:\/\/carpathiacenter.ro\/en\/parlament-guvernul-isi-angajeaza-raspunderea-pe-proiectul-privind-pensiile-magistratilor\/","og_locale":"en_GB","og_type":"article","og_title":"Parlament\/ Guvernul \u00ee\u0219i angajeaz\u0103 r\u0103spunderea pe proiectul privind pensiile magistra\u021bilor - Carpathia Center Romania","og_description":"\u0218edin\u021ba comun\u0103 de plen a Camerei Deputa\u021bilor \u0219i Senatului \u00een care Guvernul urmeaz\u0103 s\u0103 \u00ee\u0219i angajeze r\u0103spunderea pe proiectul privind pensiile magistra\u021bilor va avea loc mar\u021bi dup\u0103-amiaz\u0103. Birourile permanente reunite ale Parlamentului au decis ca \u0219edin\u021ba comun\u0103 de plen consacrat\u0103 angaj\u0103rii r\u0103spunderii Guvernului asupra proiectului de lege pentru modificarea \u0219i completarea unor acte normative din...","og_url":"https:\/\/carpathiacenter.ro\/en\/parlament-guvernul-isi-angajeaza-raspunderea-pe-proiectul-privind-pensiile-magistratilor\/","og_site_name":"Carpathia Center Romania","article_publisher":"https:\/\/www.facebook.com\/fdpscarpathia\/","article_published_time":"2025-12-02T10:04:59+00:00","og_image":[{"width":860,"height":573,"url":"https:\/\/carpathiacenter.ro\/wp-content\/uploads\/2025\/02\/plen-parlament.jpg","type":"image\/jpeg"}],"author":"creativebitsolutions","twitter_card":"summary_large_image","twitter_misc":{"Written by":"creativebitsolutions","Estimated reading time":"1 minute"},"schema":{"@context":"https:\/\/schema.org","@graph":[{"@type":"Article","@id":"https:\/\/carpathiacenter.ro\/parlament-guvernul-isi-angajeaza-raspunderea-pe-proiectul-privind-pensiile-magistratilor\/#article","isPartOf":{"@id":"https:\/\/carpathiacenter.ro\/parlament-guvernul-isi-angajeaza-raspunderea-pe-proiectul-privind-pensiile-magistratilor\/"},"author":{"name":"creativebitsolutions","@id":"https:\/\/carpathiacenter.ro\/#\/schema\/person\/03d9f58202fee8379268f34afa195006"},"headline":"Parlament\/ Guvernul \u00ee\u0219i angajeaz\u0103 r\u0103spunderea pe proiectul privind pensiile magistra\u021bilor","datePublished":"2025-12-02T10:04:59+00:00","mainEntityOfPage":{"@id":"https:\/\/carpathiacenter.ro\/parlament-guvernul-isi-angajeaza-raspunderea-pe-proiectul-privind-pensiile-magistratilor\/"},"wordCount":224,"commentCount":0,"publisher":{"@id":"https:\/\/carpathiacenter.ro\/#organization"},"image":{"@id":"https:\/\/carpathiacenter.ro\/parlament-guvernul-isi-angajeaza-raspunderea-pe-proiectul-privind-pensiile-magistratilor\/#primaryimage"},"thumbnailUrl":"https:\/\/carpathiacenter.ro\/wp-content\/uploads\/2025\/02\/plen-parlament.jpg","articleSection":["Uncategorized"],"inLanguage":"en-GB","potentialAction":[{"@type":"CommentAction","name":"Comment","target":["https:\/\/carpathiacenter.ro\/parlament-guvernul-isi-angajeaza-raspunderea-pe-proiectul-privind-pensiile-magistratilor\/#respond"]}]},{"@type":"WebPage","@id":"https:\/\/carpathiacenter.ro\/parlament-guvernul-isi-angajeaza-raspunderea-pe-proiectul-privind-pensiile-magistratilor\/","url":"https:\/\/carpathiacenter.ro\/parlament-guvernul-isi-angajeaza-raspunderea-pe-proiectul-privind-pensiile-magistratilor\/","name":"Parlament\/ Guvernul \u00ee\u0219i angajeaz\u0103 r\u0103spunderea pe proiectul privind pensiile magistra\u021bilor - Carpathia Center Romania","isPartOf":{"@id":"https:\/\/carpathiacenter.ro\/#website"},"primaryImageOfPage":{"@id":"https:\/\/carpathiacenter.ro\/parlament-guvernul-isi-angajeaza-raspunderea-pe-proiectul-privind-pensiile-magistratilor\/#primaryimage"},"image":{"@id":"https:\/\/carpathiacenter.ro\/parlament-guvernul-isi-angajeaza-raspunderea-pe-proiectul-privind-pensiile-magistratilor\/#primaryimage"},"thumbnailUrl":"https:\/\/carpathiacenter.ro\/wp-content\/uploads\/2025\/02\/plen-parlament.jpg","datePublished":"2025-12-02T10:04:59+00:00","breadcrumb":{"@id":"https:\/\/carpathiacenter.ro\/parlament-guvernul-isi-angajeaza-raspunderea-pe-proiectul-privind-pensiile-magistratilor\/#breadcrumb"},"inLanguage":"en-GB","potentialAction":[{"@type":"ReadAction","target":["https:\/\/carpathiacenter.ro\/parlament-guvernul-isi-angajeaza-raspunderea-pe-proiectul-privind-pensiile-magistratilor\/"]}]},{"@type":"ImageObject","inLanguage":"en-GB","@id":"https:\/\/carpathiacenter.ro\/parlament-guvernul-isi-angajeaza-raspunderea-pe-proiectul-privind-pensiile-magistratilor\/#primaryimage","url":"https:\/\/carpathiacenter.ro\/wp-content\/uploads\/2025\/02\/plen-parlament.jpg","contentUrl":"https:\/\/carpathiacenter.ro\/wp-content\/uploads\/2025\/02\/plen-parlament.jpg","width":860,"height":573},{"@type":"BreadcrumbList","@id":"https:\/\/carpathiacenter.ro\/parlament-guvernul-isi-angajeaza-raspunderea-pe-proiectul-privind-pensiile-magistratilor\/#breadcrumb","itemListElement":[{"@type":"ListItem","position":1,"name":"Prima pagin\u0103","item":"https:\/\/carpathiacenter.ro\/"},{"@type":"ListItem","position":2,"name":"Parlament\/ Guvernul \u00ee\u0219i angajeaz\u0103 r\u0103spunderea pe proiectul privind pensiile magistra\u021bilor"}]},{"@type":"WebSite","@id":"https:\/\/carpathiacenter.ro\/#website","url":"https:\/\/carpathiacenter.ro\/","name":"Carpathia Center Romania","description":"Impossible made possible!","publisher":{"@id":"https:\/\/carpathiacenter.ro\/#organization"},"potentialAction":[{"@type":"SearchAction","target":{"@type":"EntryPoint","urlTemplate":"https:\/\/carpathiacenter.ro\/?s={search_term_string}"},"query-input":{"@type":"PropertyValueSpecification","valueRequired":true,"valueName":"search_term_string"}}],"inLanguage":"en-GB"},{"@type":"Organization","@id":"https:\/\/carpathiacenter.ro\/#organization","name":"Carpathia Center Romania","url":"https:\/\/carpathiacenter.ro\/","logo":{"@type":"ImageObject","inLanguage":"en-GB","@id":"https:\/\/carpathiacenter.ro\/#\/schema\/logo\/image\/","url":"https:\/\/carpathiacenter.ro\/wp-content\/uploads\/2024\/07\/logo-carpathia_bg_white-1024x941.png","contentUrl":"https:\/\/carpathiacenter.ro\/wp-content\/uploads\/2024\/07\/logo-carpathia_bg_white-1024x941.png","width":1024,"height":941,"caption":"Carpathia Center Romania"},"image":{"@id":"https:\/\/carpathiacenter.ro\/#\/schema\/logo\/image\/"},"sameAs":["https:\/\/www.facebook.com\/fdpscarpathia\/"]},{"@type":"Person","@id":"https:\/\/carpathiacenter.ro\/#\/schema\/person\/03d9f58202fee8379268f34afa195006","name":"creativebitsolutions","image":{"@type":"ImageObject","inLanguage":"en-GB","@id":"https:\/\/carpathiacenter.ro\/#\/schema\/person\/image\/","url":"https:\/\/secure.gravatar.com\/avatar\/1b1a13e37f847c635dab78348f1dff2f07651ee2a3d77a5c355a4b8c75f9165a?s=96&d=mm&r=g","contentUrl":"https:\/\/secure.gravatar.com\/avatar\/1b1a13e37f847c635dab78348f1dff2f07651ee2a3d77a5c355a4b8c75f9165a?s=96&d=mm&r=g","caption":"creativebitsolutions"},"url":"https:\/\/carpathiacenter.ro\/en\/author\/creativebitsolutions\/"}]}},"_links":{"self":[{"href":"https:\/\/carpathiacenter.ro\/en\/wp-json\/wp\/v2\/posts\/3441","targetHints":{"allow":["GET"]}}],"collection":[{"href":"https:\/\/carpathiacenter.ro\/en\/wp-json\/wp\/v2\/posts"}],"about":[{"href":"https:\/\/carpathiacenter.ro\/en\/wp-json\/wp\/v2\/types\/post"}],"author":[{"embeddable":true,"href":"https:\/\/carpathiacenter.ro\/en\/wp-json\/wp\/v2\/users\/4"}],"replies":[{"embeddable":true,"href":"https:\/\/carpathiacenter.ro\/en\/wp-json\/wp\/v2\/comments?post=3441"}],"version-history":[{"count":1,"href":"https:\/\/carpathiacenter.ro\/en\/wp-json\/wp\/v2\/posts\/3441\/revisions"}],"predecessor-version":[{"id":3442,"href":"https:\/\/carpathiacenter.ro\/en\/wp-json\/wp\/v2\/posts\/3441\/revisions\/3442"}],"wp:featuredmedia":[{"embeddable":true,"href":"https:\/\/carpathiacenter.ro\/en\/wp-json\/wp\/v2\/media\/1849"}],"wp:attachment":[{"href":"https:\/\/carpathiacenter.ro\/en\/wp-json\/wp\/v2\/media?parent=3441"}],"wp:term":[{"taxonomy":"category","embeddable":true,"href":"https:\/\/carpathiacenter.ro\/en\/wp-json\/wp\/v2\/categories?post=3441"},{"taxonomy":"post_tag","embeddable":true,"href":"https:\/\/carpathiacenter.ro\/en\/wp-json\/wp\/v2\/tags?post=3441"}],"curies":[{"name":"wp","href":"https:\/\/api.w.org\/{rel}","templated":true}]}}