{"id":3438,"date":"2025-12-02T10:03:23","date_gmt":"2025-12-02T10:03:23","guid":{"rendered":"https:\/\/carpathiacenter.ro\/?p=3438"},"modified":"2025-12-02T10:03:23","modified_gmt":"2025-12-02T10:03:23","slug":"2-decembrie-ziua-internationala-pentru-abolirea-sclaviei-onu","status":"publish","type":"post","link":"https:\/\/carpathiacenter.ro\/en\/2-decembrie-ziua-internationala-pentru-abolirea-sclaviei-onu\/","title":{"rendered":"2 decembrie &#8211; Ziua interna\u021bional\u0103 pentru abolirea sclaviei (ONU)"},"content":{"rendered":"<div class=\"mx-auto pt-3\">\n<p>Ziua interna\u021bional\u0103 pentru abolirea sclaviei este s\u0103rb\u0103torit\u0103 \u00een fiecare an, pe 2 decembrie, pentru a marca data la care a fost adoptat\u0103, de Conven\u021bia Na\u021biunilor Unite, Rezolu\u021bia 317(IV) din 1949 pentru suprimarea traficului de persoane \u0219i a exploat\u0103rii prin prostitu\u021bie. \u00cen prezent, accentul este pus pe eradicarea formelor contemporane de sclavie, cum ar fi traficul de persoane, exploatarea sexual\u0103, munca \u00een r\u00e2ndul copiilor, c\u0103s\u0103toria for\u021bat\u0103 \u0219i recrutarea for\u021bat\u0103 a copiilor pentru folosirea \u00een conflicte armate, potrivit site-ului <a href=\"https:\/\/www.un.org\/en\/\" target=\"_blank\">un.org<\/a>.<\/p>\n<p>\u00cen mesajul s\u0103u din 2025, de Ziua interna\u021bional\u0103 pentru abolirea sclaviei, secretarul general al ONU, Antonio Guterres, transmite c\u0103 formele contemporane de sclavie sunt perpetuate de re\u021bele criminale. &#8216;Formele contemporane de sclavie sunt perpetuate de re\u021bele criminale care exploateaz\u0103 oameni ce se lupt\u0103 s\u0103 fac\u0103 fa\u021b\u0103 s\u0103r\u0103ciei extreme, discrimin\u0103rii sau degrad\u0103rii mediului [&#8230;]. Aceasta \u00eei priveaz\u0103 pe oameni de drepturile lor \u0219i de umanitatea lor&#8217;, transmite secretarul general, citat de site-ul un.org.<\/p>\n<p>&#8216;Sclavia este o oroare de care afl\u0103m din c\u0103r\u021bile de istorie, dar \u0219i o criz\u0103 contemporan\u0103. De Ziua interna\u021bional\u0103 pentru abolirea sclaviei, ne amintim de victimele trecutului, \u00een special de cei peste 15 milioane de b\u0103rba\u021bi, femei \u0219i copii din Africa care au fost r\u0103pi\u021bi, \u00eenc\u0103tu\u0219a\u021bi \u0219i v\u00e2ndu\u021bi ca sclavi la un ocean distan\u021b\u0103 &#8211; sau au pierit pe drum&#8217;, mai precizeaz\u0103 Antonio Guterres \u00een mesajul s\u0103u din 2025.<\/p>\n<p>Sclavia a evoluat \u0219i s-a manifestat \u00een moduri diferite de-a lungul istoriei. Ast\u0103zi, unele forme tradi\u021bionale de sclavie \u00eenc\u0103 persist\u0103, \u00een timp ce altele au fost transformate. Organismele ONU pentru drepturile omului au documentat persisten\u021ba vechilor forme de sclavie care sunt \u00eencorporate \u00een credin\u021bele \u0219i obiceiurile tradi\u021bionale. Aceste forme de sclavie sunt rezultatul discrimin\u0103rii de lung\u0103 durat\u0103 \u00eempotriva celor mai vulnerabile grupuri din societ\u0103\u021bi, cum ar fi cele considerate ca apar\u021bin\u00e2nd unei caste inferioare, minorit\u0103\u021bi tribale \u0219i popoare indigene.<\/p>\n<div class=\"videoEmbed\"><iframe allowfullscreen=\"\" frameborder=\"0\" height=\"349\" mozallowfullscreen=\"\" src=\"https:\/\/www.youtube.com\/embed\/tlcwbPLoNSk\" webkitallowfullscreen=\"\" width=\"560\"><\/iframe><\/div>\n<p>ONU atrage aten\u021bia asupra faptului c\u0103 sclavia nu este o relicv\u0103 istoric\u0103. Potrivit Organiza\u021biei Interna\u021bionale a Muncii, 50 de milioane de oameni din toat\u0103 lumea sunt victime ale sclaviei moderne, \u00een cre\u0219tere cu 10 milioane fa\u021b\u0103 de 2016. De\u0219i fenomenul sclaviei moderne nu are o defini\u021bie legal\u0103 clar\u0103, acesta este folosit ca termen umbrel\u0103 pentru a acoperi practici precum munca for\u021bat\u0103, c\u0103s\u0103toriile for\u021bate sau traficul de persoane. Aceste fenomene se refer\u0103 la acele situa\u021bii \u00een care exploatarea unei persoane nu poate fi contracarat\u0103 ca urmare a amenin\u021b\u0103rilor, violen\u021bei, coerci\u021biei sau abuzului de putere, scrie site-ul <a href=\"https:\/\/www.un.org\/en\/\" target=\"_blank\">un.org<\/a>.<\/p>\n<p>Estim\u0103rile publicate \u00een studiul &#8216;Global Estimates of Modern Slavery&#8217;, din septembrie 2022, arat\u0103 c\u0103, \u00een 2021, munca for\u021bat\u0103 \u0219i c\u0103s\u0103toriile for\u021bate au crescut semnificativ \u00een ultimii 5 ani, potrivit Organiza\u021biei Interna\u021bionale a Muncii, Walk Free \u0219i Organiza\u021biei Interna\u021bionale pentru Migra\u021bie. Astfel, dintre cele 50 de milioane de victime ale sclaviei moderne, 28 de milioane de persoane sunt supuse muncii for\u021bate \u0219i 22 de milioane se afl\u0103 \u00een c\u0103s\u0103torii for\u021bate, conform <a href=\"https:\/\/www.ilo.org\/\" target=\"_blank\">https:\/\/www.ilo.org\/<\/a>.<\/p>\n<p>Femeile \u0219i copiii r\u0103m\u00e2n dispropor\u021bionat vulnerabili. Majoritatea cazurilor de munc\u0103 for\u021bat\u0103 (86%) se reg\u0103sesc \u00een sectorul privat, \u00een timp ce munca for\u021bat\u0103 impus\u0103 de stat reprezint\u0103 14%. Aproape una din opt persoane care \u00eendur\u0103 munca for\u021bat\u0103 sunt copii (3,3 milioane). Mai mult de jum\u0103tate dintre ace\u0219tia se afl\u0103 \u00een situa\u021bii de exploatare sexual\u0103 comercial\u0103, mai arat\u0103 studiul citat mai sus.<\/p>\n<div class=\"videoEmbed\"><iframe allowfullscreen=\"\" frameborder=\"0\" height=\"349\" mozallowfullscreen=\"\" src=\"https:\/\/www.youtube.com\/embed\/uSdfczS5yPA\" webkitallowfullscreen=\"\" width=\"560\"><\/iframe><\/div>\n<p>Raportul &#8216;Global Estimates of Modern Slavery&#8217;, publicat de ILO (International Labour Organization), propune \u0219i o serie de ac\u021biuni recomandate, care s\u0103 conduc\u0103 semnificativ la \u00eencetarea fenomenului de sclavie modern\u0103. Aceste ac\u021biuni includ: \u00eembun\u0103t\u0103\u021birea \u0219i aplicarea legilor \u0219i a inspec\u021biilor privind munca; \u00eencetarea muncii for\u021bate impuse de stat; m\u0103suri mai puternice de combatere a muncii for\u021bate; extinderea protec\u021biei sociale \u0219i consolidarea protec\u021biei juridice, inclusiv cre\u0219terea v\u00e2rstei legale de c\u0103s\u0103torie la 18 ani, f\u0103r\u0103 excep\u021bie. Alte m\u0103suri includ abordarea riscului crescut de trafic \u0219i munc\u0103 for\u021bat\u0103 pentru lucr\u0103torii migran\u021bi, promovarea recrut\u0103rii echitabile \u0219i etice \u0219i un sprijin mai mare pentru femei, fete \u0219i persoane vulnerabile, mai scrie site-ul ILO.<\/p>\n<p>Organiza\u021bia Interna\u021bional\u0103 a Muncii a adoptat \u0219i un nou protocol obligatoriu din punct de vedere juridic, menit s\u0103 consolideze eforturile globale de eliminare a muncii for\u021bate, care a intrat \u00een vigoare \u00een noiembrie 2016.<\/p>\n<p>Din punct de vedere legal, din 1981, sclavia nu mai este legal\u0103 \u00een niciun stat al lumii, Mauritania fiind ultimul stat care a abolit acest fenomen. \u00cen practic\u0103, sclavia se men\u021bine, fiind ascuns\u0103 sub diverse denumiri. Sclavia a evoluat \u0219i s-a manifestat \u00een diverse forme de-a lungul istoriei, \u00eens\u0103, \u00een timp ce formele tradi\u021bionale ale sclaviei sunt extrem de rare \u00een zilele noastre, exist\u0103 \u00eenc\u0103 multe forme contemporane sub care fenomenul se manifest\u0103. AGERPRES\/ (Documentare &#8211; Ionela Gavril, editor: Doina Lecea, editor online: Alexandru Cojocaru)<\/p>\n<p><\/p>\n<p> Sursa articolului:  <a href=\"https:\/\/agerpres.ro\/documentare\/2025\/12\/02\/2-decembrie---ziua-internationala-pentru-abolirea-sclaviei-onu--1507708\" target=\"_blank\" rel=\"noopener\" title=\"\">AGERPRES<\/a> <\/p>\n<p><\/p>\n<p>Sursa foto:&nbsp;<a href=\"https:\/\/www.un.org\/en\/observances\/slavery-abolition-day\" target=\"_blank\">www.un.org<\/a><\/p>\n<\/p><\/div>","protected":false},"excerpt":{"rendered":"<p>Ziua interna\u021bional\u0103 pentru abolirea sclaviei este s\u0103rb\u0103torit\u0103 \u00een fiecare an, pe 2 decembrie, pentru a marca data la care a fost adoptat\u0103, de Conven\u021bia Na\u021biunilor Unite, Rezolu\u021bia 317(IV) din 1949 pentru suprimarea traficului de persoane \u0219i a exploat\u0103rii prin prostitu\u021bie. \u00cen prezent, accentul este pus pe eradicarea formelor contemporane de sclavie, cum ar fi traficul&#8230;<\/p>","protected":false},"author":4,"featured_media":3439,"comment_status":"open","ping_status":"open","sticky":false,"template":"","format":"standard","meta":{"footnotes":""},"categories":[1],"tags":[],"class_list":["post-3438","post","type-post","status-publish","format-standard","has-post-thumbnail","hentry","category-uncategorized"],"yoast_head":"<!-- This site is optimized with the Yoast SEO plugin v26.1.1 - https:\/\/yoast.com\/wordpress\/plugins\/seo\/ -->\n<title>2 decembrie - Ziua interna\u021bional\u0103 pentru abolirea sclaviei (ONU) - Carpathia Center Romania<\/title>\n<meta name=\"robots\" content=\"index, follow, max-snippet:-1, max-image-preview:large, max-video-preview:-1\" \/>\n<link rel=\"canonical\" href=\"https:\/\/carpathiacenter.ro\/en\/2-decembrie-ziua-internationala-pentru-abolirea-sclaviei-onu\/\" \/>\n<meta property=\"og:locale\" content=\"en_GB\" \/>\n<meta property=\"og:type\" content=\"article\" \/>\n<meta property=\"og:title\" content=\"2 decembrie - Ziua interna\u021bional\u0103 pentru abolirea sclaviei (ONU) - Carpathia Center Romania\" \/>\n<meta property=\"og:description\" content=\"Ziua interna\u021bional\u0103 pentru abolirea sclaviei este s\u0103rb\u0103torit\u0103 \u00een fiecare an, pe 2 decembrie, pentru a marca data la care a fost adoptat\u0103, de Conven\u021bia Na\u021biunilor Unite, Rezolu\u021bia 317(IV) din 1949 pentru suprimarea traficului de persoane \u0219i a exploat\u0103rii prin prostitu\u021bie. \u00cen prezent, accentul este pus pe eradicarea formelor contemporane de sclavie, cum ar fi traficul...\" \/>\n<meta property=\"og:url\" content=\"https:\/\/carpathiacenter.ro\/en\/2-decembrie-ziua-internationala-pentru-abolirea-sclaviei-onu\/\" \/>\n<meta property=\"og:site_name\" content=\"Carpathia Center Romania\" \/>\n<meta property=\"article:publisher\" content=\"https:\/\/www.facebook.com\/fdpscarpathia\/\" \/>\n<meta property=\"article:published_time\" content=\"2025-12-02T10:03:23+00:00\" \/>\n<meta property=\"og:image\" content=\"https:\/\/carpathiacenter.ro\/wp-content\/uploads\/2025\/12\/profits-and-poverty-ilo.jpg\" \/>\n\t<meta property=\"og:image:width\" content=\"2000\" \/>\n\t<meta property=\"og:image:height\" content=\"1333\" \/>\n\t<meta property=\"og:image:type\" content=\"image\/jpeg\" \/>\n<meta name=\"author\" content=\"creativebitsolutions\" \/>\n<meta name=\"twitter:card\" content=\"summary_large_image\" \/>\n<meta name=\"twitter:label1\" content=\"Written by\" \/>\n\t<meta name=\"twitter:data1\" content=\"creativebitsolutions\" \/>\n\t<meta name=\"twitter:label2\" content=\"Estimated reading time\" \/>\n\t<meta name=\"twitter:data2\" content=\"1 minute\" \/>\n<script type=\"application\/ld+json\" class=\"yoast-schema-graph\">{\"@context\":\"https:\/\/schema.org\",\"@graph\":[{\"@type\":\"Article\",\"@id\":\"https:\/\/carpathiacenter.ro\/2-decembrie-ziua-internationala-pentru-abolirea-sclaviei-onu\/#article\",\"isPartOf\":{\"@id\":\"https:\/\/carpathiacenter.ro\/2-decembrie-ziua-internationala-pentru-abolirea-sclaviei-onu\/\"},\"author\":{\"name\":\"creativebitsolutions\",\"@id\":\"https:\/\/carpathiacenter.ro\/#\/schema\/person\/03d9f58202fee8379268f34afa195006\"},\"headline\":\"2 decembrie &#8211; Ziua interna\u021bional\u0103 pentru abolirea sclaviei (ONU)\",\"datePublished\":\"2025-12-02T10:03:23+00:00\",\"mainEntityOfPage\":{\"@id\":\"https:\/\/carpathiacenter.ro\/2-decembrie-ziua-internationala-pentru-abolirea-sclaviei-onu\/\"},\"wordCount\":863,\"commentCount\":0,\"publisher\":{\"@id\":\"https:\/\/carpathiacenter.ro\/#organization\"},\"image\":{\"@id\":\"https:\/\/carpathiacenter.ro\/2-decembrie-ziua-internationala-pentru-abolirea-sclaviei-onu\/#primaryimage\"},\"thumbnailUrl\":\"https:\/\/carpathiacenter.ro\/wp-content\/uploads\/2025\/12\/profits-and-poverty-ilo.jpg\",\"articleSection\":[\"Uncategorized\"],\"inLanguage\":\"en-GB\",\"potentialAction\":[{\"@type\":\"CommentAction\",\"name\":\"Comment\",\"target\":[\"https:\/\/carpathiacenter.ro\/2-decembrie-ziua-internationala-pentru-abolirea-sclaviei-onu\/#respond\"]}]},{\"@type\":\"WebPage\",\"@id\":\"https:\/\/carpathiacenter.ro\/2-decembrie-ziua-internationala-pentru-abolirea-sclaviei-onu\/\",\"url\":\"https:\/\/carpathiacenter.ro\/2-decembrie-ziua-internationala-pentru-abolirea-sclaviei-onu\/\",\"name\":\"2 decembrie - Ziua interna\u021bional\u0103 pentru abolirea sclaviei (ONU) - Carpathia Center Romania\",\"isPartOf\":{\"@id\":\"https:\/\/carpathiacenter.ro\/#website\"},\"primaryImageOfPage\":{\"@id\":\"https:\/\/carpathiacenter.ro\/2-decembrie-ziua-internationala-pentru-abolirea-sclaviei-onu\/#primaryimage\"},\"image\":{\"@id\":\"https:\/\/carpathiacenter.ro\/2-decembrie-ziua-internationala-pentru-abolirea-sclaviei-onu\/#primaryimage\"},\"thumbnailUrl\":\"https:\/\/carpathiacenter.ro\/wp-content\/uploads\/2025\/12\/profits-and-poverty-ilo.jpg\",\"datePublished\":\"2025-12-02T10:03:23+00:00\",\"breadcrumb\":{\"@id\":\"https:\/\/carpathiacenter.ro\/2-decembrie-ziua-internationala-pentru-abolirea-sclaviei-onu\/#breadcrumb\"},\"inLanguage\":\"en-GB\",\"potentialAction\":[{\"@type\":\"ReadAction\",\"target\":[\"https:\/\/carpathiacenter.ro\/2-decembrie-ziua-internationala-pentru-abolirea-sclaviei-onu\/\"]}]},{\"@type\":\"ImageObject\",\"inLanguage\":\"en-GB\",\"@id\":\"https:\/\/carpathiacenter.ro\/2-decembrie-ziua-internationala-pentru-abolirea-sclaviei-onu\/#primaryimage\",\"url\":\"https:\/\/carpathiacenter.ro\/wp-content\/uploads\/2025\/12\/profits-and-poverty-ilo.jpg\",\"contentUrl\":\"https:\/\/carpathiacenter.ro\/wp-content\/uploads\/2025\/12\/profits-and-poverty-ilo.jpg\",\"width\":2000,\"height\":1333},{\"@type\":\"BreadcrumbList\",\"@id\":\"https:\/\/carpathiacenter.ro\/2-decembrie-ziua-internationala-pentru-abolirea-sclaviei-onu\/#breadcrumb\",\"itemListElement\":[{\"@type\":\"ListItem\",\"position\":1,\"name\":\"Prima pagin\u0103\",\"item\":\"https:\/\/carpathiacenter.ro\/\"},{\"@type\":\"ListItem\",\"position\":2,\"name\":\"2 decembrie &#8211; Ziua interna\u021bional\u0103 pentru abolirea sclaviei (ONU)\"}]},{\"@type\":\"WebSite\",\"@id\":\"https:\/\/carpathiacenter.ro\/#website\",\"url\":\"https:\/\/carpathiacenter.ro\/\",\"name\":\"Carpathia Center Romania\",\"description\":\"Impossible made possible!\",\"publisher\":{\"@id\":\"https:\/\/carpathiacenter.ro\/#organization\"},\"potentialAction\":[{\"@type\":\"SearchAction\",\"target\":{\"@type\":\"EntryPoint\",\"urlTemplate\":\"https:\/\/carpathiacenter.ro\/?s={search_term_string}\"},\"query-input\":{\"@type\":\"PropertyValueSpecification\",\"valueRequired\":true,\"valueName\":\"search_term_string\"}}],\"inLanguage\":\"en-GB\"},{\"@type\":\"Organization\",\"@id\":\"https:\/\/carpathiacenter.ro\/#organization\",\"name\":\"Carpathia Center Romania\",\"url\":\"https:\/\/carpathiacenter.ro\/\",\"logo\":{\"@type\":\"ImageObject\",\"inLanguage\":\"en-GB\",\"@id\":\"https:\/\/carpathiacenter.ro\/#\/schema\/logo\/image\/\",\"url\":\"https:\/\/carpathiacenter.ro\/wp-content\/uploads\/2024\/07\/logo-carpathia_bg_white-1024x941.png\",\"contentUrl\":\"https:\/\/carpathiacenter.ro\/wp-content\/uploads\/2024\/07\/logo-carpathia_bg_white-1024x941.png\",\"width\":1024,\"height\":941,\"caption\":\"Carpathia Center Romania\"},\"image\":{\"@id\":\"https:\/\/carpathiacenter.ro\/#\/schema\/logo\/image\/\"},\"sameAs\":[\"https:\/\/www.facebook.com\/fdpscarpathia\/\"]},{\"@type\":\"Person\",\"@id\":\"https:\/\/carpathiacenter.ro\/#\/schema\/person\/03d9f58202fee8379268f34afa195006\",\"name\":\"creativebitsolutions\",\"image\":{\"@type\":\"ImageObject\",\"inLanguage\":\"en-GB\",\"@id\":\"https:\/\/carpathiacenter.ro\/#\/schema\/person\/image\/\",\"url\":\"https:\/\/secure.gravatar.com\/avatar\/1b1a13e37f847c635dab78348f1dff2f07651ee2a3d77a5c355a4b8c75f9165a?s=96&d=mm&r=g\",\"contentUrl\":\"https:\/\/secure.gravatar.com\/avatar\/1b1a13e37f847c635dab78348f1dff2f07651ee2a3d77a5c355a4b8c75f9165a?s=96&d=mm&r=g\",\"caption\":\"creativebitsolutions\"},\"url\":\"https:\/\/carpathiacenter.ro\/en\/author\/creativebitsolutions\/\"}]}<\/script>\n<!-- \/ Yoast SEO plugin. -->","yoast_head_json":{"title":"2 decembrie - Ziua interna\u021bional\u0103 pentru abolirea sclaviei (ONU) - Carpathia Center Romania","robots":{"index":"index","follow":"follow","max-snippet":"max-snippet:-1","max-image-preview":"max-image-preview:large","max-video-preview":"max-video-preview:-1"},"canonical":"https:\/\/carpathiacenter.ro\/en\/2-decembrie-ziua-internationala-pentru-abolirea-sclaviei-onu\/","og_locale":"en_GB","og_type":"article","og_title":"2 decembrie - Ziua interna\u021bional\u0103 pentru abolirea sclaviei (ONU) - Carpathia Center Romania","og_description":"Ziua interna\u021bional\u0103 pentru abolirea sclaviei este s\u0103rb\u0103torit\u0103 \u00een fiecare an, pe 2 decembrie, pentru a marca data la care a fost adoptat\u0103, de Conven\u021bia Na\u021biunilor Unite, Rezolu\u021bia 317(IV) din 1949 pentru suprimarea traficului de persoane \u0219i a exploat\u0103rii prin prostitu\u021bie. \u00cen prezent, accentul este pus pe eradicarea formelor contemporane de sclavie, cum ar fi traficul...","og_url":"https:\/\/carpathiacenter.ro\/en\/2-decembrie-ziua-internationala-pentru-abolirea-sclaviei-onu\/","og_site_name":"Carpathia Center Romania","article_publisher":"https:\/\/www.facebook.com\/fdpscarpathia\/","article_published_time":"2025-12-02T10:03:23+00:00","og_image":[{"width":2000,"height":1333,"url":"https:\/\/carpathiacenter.ro\/wp-content\/uploads\/2025\/12\/profits-and-poverty-ilo.jpg","type":"image\/jpeg"}],"author":"creativebitsolutions","twitter_card":"summary_large_image","twitter_misc":{"Written by":"creativebitsolutions","Estimated reading time":"1 minute"},"schema":{"@context":"https:\/\/schema.org","@graph":[{"@type":"Article","@id":"https:\/\/carpathiacenter.ro\/2-decembrie-ziua-internationala-pentru-abolirea-sclaviei-onu\/#article","isPartOf":{"@id":"https:\/\/carpathiacenter.ro\/2-decembrie-ziua-internationala-pentru-abolirea-sclaviei-onu\/"},"author":{"name":"creativebitsolutions","@id":"https:\/\/carpathiacenter.ro\/#\/schema\/person\/03d9f58202fee8379268f34afa195006"},"headline":"2 decembrie &#8211; Ziua interna\u021bional\u0103 pentru abolirea sclaviei (ONU)","datePublished":"2025-12-02T10:03:23+00:00","mainEntityOfPage":{"@id":"https:\/\/carpathiacenter.ro\/2-decembrie-ziua-internationala-pentru-abolirea-sclaviei-onu\/"},"wordCount":863,"commentCount":0,"publisher":{"@id":"https:\/\/carpathiacenter.ro\/#organization"},"image":{"@id":"https:\/\/carpathiacenter.ro\/2-decembrie-ziua-internationala-pentru-abolirea-sclaviei-onu\/#primaryimage"},"thumbnailUrl":"https:\/\/carpathiacenter.ro\/wp-content\/uploads\/2025\/12\/profits-and-poverty-ilo.jpg","articleSection":["Uncategorized"],"inLanguage":"en-GB","potentialAction":[{"@type":"CommentAction","name":"Comment","target":["https:\/\/carpathiacenter.ro\/2-decembrie-ziua-internationala-pentru-abolirea-sclaviei-onu\/#respond"]}]},{"@type":"WebPage","@id":"https:\/\/carpathiacenter.ro\/2-decembrie-ziua-internationala-pentru-abolirea-sclaviei-onu\/","url":"https:\/\/carpathiacenter.ro\/2-decembrie-ziua-internationala-pentru-abolirea-sclaviei-onu\/","name":"2 decembrie - Ziua interna\u021bional\u0103 pentru abolirea sclaviei (ONU) - Carpathia Center Romania","isPartOf":{"@id":"https:\/\/carpathiacenter.ro\/#website"},"primaryImageOfPage":{"@id":"https:\/\/carpathiacenter.ro\/2-decembrie-ziua-internationala-pentru-abolirea-sclaviei-onu\/#primaryimage"},"image":{"@id":"https:\/\/carpathiacenter.ro\/2-decembrie-ziua-internationala-pentru-abolirea-sclaviei-onu\/#primaryimage"},"thumbnailUrl":"https:\/\/carpathiacenter.ro\/wp-content\/uploads\/2025\/12\/profits-and-poverty-ilo.jpg","datePublished":"2025-12-02T10:03:23+00:00","breadcrumb":{"@id":"https:\/\/carpathiacenter.ro\/2-decembrie-ziua-internationala-pentru-abolirea-sclaviei-onu\/#breadcrumb"},"inLanguage":"en-GB","potentialAction":[{"@type":"ReadAction","target":["https:\/\/carpathiacenter.ro\/2-decembrie-ziua-internationala-pentru-abolirea-sclaviei-onu\/"]}]},{"@type":"ImageObject","inLanguage":"en-GB","@id":"https:\/\/carpathiacenter.ro\/2-decembrie-ziua-internationala-pentru-abolirea-sclaviei-onu\/#primaryimage","url":"https:\/\/carpathiacenter.ro\/wp-content\/uploads\/2025\/12\/profits-and-poverty-ilo.jpg","contentUrl":"https:\/\/carpathiacenter.ro\/wp-content\/uploads\/2025\/12\/profits-and-poverty-ilo.jpg","width":2000,"height":1333},{"@type":"BreadcrumbList","@id":"https:\/\/carpathiacenter.ro\/2-decembrie-ziua-internationala-pentru-abolirea-sclaviei-onu\/#breadcrumb","itemListElement":[{"@type":"ListItem","position":1,"name":"Prima pagin\u0103","item":"https:\/\/carpathiacenter.ro\/"},{"@type":"ListItem","position":2,"name":"2 decembrie &#8211; Ziua interna\u021bional\u0103 pentru abolirea sclaviei (ONU)"}]},{"@type":"WebSite","@id":"https:\/\/carpathiacenter.ro\/#website","url":"https:\/\/carpathiacenter.ro\/","name":"Carpathia Center Romania","description":"Impossible made possible!","publisher":{"@id":"https:\/\/carpathiacenter.ro\/#organization"},"potentialAction":[{"@type":"SearchAction","target":{"@type":"EntryPoint","urlTemplate":"https:\/\/carpathiacenter.ro\/?s={search_term_string}"},"query-input":{"@type":"PropertyValueSpecification","valueRequired":true,"valueName":"search_term_string"}}],"inLanguage":"en-GB"},{"@type":"Organization","@id":"https:\/\/carpathiacenter.ro\/#organization","name":"Carpathia Center Romania","url":"https:\/\/carpathiacenter.ro\/","logo":{"@type":"ImageObject","inLanguage":"en-GB","@id":"https:\/\/carpathiacenter.ro\/#\/schema\/logo\/image\/","url":"https:\/\/carpathiacenter.ro\/wp-content\/uploads\/2024\/07\/logo-carpathia_bg_white-1024x941.png","contentUrl":"https:\/\/carpathiacenter.ro\/wp-content\/uploads\/2024\/07\/logo-carpathia_bg_white-1024x941.png","width":1024,"height":941,"caption":"Carpathia Center Romania"},"image":{"@id":"https:\/\/carpathiacenter.ro\/#\/schema\/logo\/image\/"},"sameAs":["https:\/\/www.facebook.com\/fdpscarpathia\/"]},{"@type":"Person","@id":"https:\/\/carpathiacenter.ro\/#\/schema\/person\/03d9f58202fee8379268f34afa195006","name":"creativebitsolutions","image":{"@type":"ImageObject","inLanguage":"en-GB","@id":"https:\/\/carpathiacenter.ro\/#\/schema\/person\/image\/","url":"https:\/\/secure.gravatar.com\/avatar\/1b1a13e37f847c635dab78348f1dff2f07651ee2a3d77a5c355a4b8c75f9165a?s=96&d=mm&r=g","contentUrl":"https:\/\/secure.gravatar.com\/avatar\/1b1a13e37f847c635dab78348f1dff2f07651ee2a3d77a5c355a4b8c75f9165a?s=96&d=mm&r=g","caption":"creativebitsolutions"},"url":"https:\/\/carpathiacenter.ro\/en\/author\/creativebitsolutions\/"}]}},"_links":{"self":[{"href":"https:\/\/carpathiacenter.ro\/en\/wp-json\/wp\/v2\/posts\/3438","targetHints":{"allow":["GET"]}}],"collection":[{"href":"https:\/\/carpathiacenter.ro\/en\/wp-json\/wp\/v2\/posts"}],"about":[{"href":"https:\/\/carpathiacenter.ro\/en\/wp-json\/wp\/v2\/types\/post"}],"author":[{"embeddable":true,"href":"https:\/\/carpathiacenter.ro\/en\/wp-json\/wp\/v2\/users\/4"}],"replies":[{"embeddable":true,"href":"https:\/\/carpathiacenter.ro\/en\/wp-json\/wp\/v2\/comments?post=3438"}],"version-history":[{"count":1,"href":"https:\/\/carpathiacenter.ro\/en\/wp-json\/wp\/v2\/posts\/3438\/revisions"}],"predecessor-version":[{"id":3440,"href":"https:\/\/carpathiacenter.ro\/en\/wp-json\/wp\/v2\/posts\/3438\/revisions\/3440"}],"wp:featuredmedia":[{"embeddable":true,"href":"https:\/\/carpathiacenter.ro\/en\/wp-json\/wp\/v2\/media\/3439"}],"wp:attachment":[{"href":"https:\/\/carpathiacenter.ro\/en\/wp-json\/wp\/v2\/media?parent=3438"}],"wp:term":[{"taxonomy":"category","embeddable":true,"href":"https:\/\/carpathiacenter.ro\/en\/wp-json\/wp\/v2\/categories?post=3438"},{"taxonomy":"post_tag","embeddable":true,"href":"https:\/\/carpathiacenter.ro\/en\/wp-json\/wp\/v2\/tags?post=3438"}],"curies":[{"name":"wp","href":"https:\/\/api.w.org\/{rel}","templated":true}]}}