{"id":3432,"date":"2025-12-02T08:54:24","date_gmt":"2025-12-02T08:54:24","guid":{"rendered":"https:\/\/carpathiacenter.ro\/?p=3432"},"modified":"2025-12-02T08:54:24","modified_gmt":"2025-12-02T08:54:24","slug":"1-decembrie-ziua-nationala-a-romaniei","status":"publish","type":"post","link":"https:\/\/carpathiacenter.ro\/en\/1-decembrie-ziua-nationala-a-romaniei\/","title":{"rendered":"1 Decembrie &#8211; Ziua Na\u021bional\u0103 a Rom\u00e2niei"},"content":{"rendered":"<p>Ziua Na\u021bional\u0103 a Rom\u00e2niei este s\u0103rb\u0103torit\u0103, \u00een fiecare an, la 1 Decembrie, dat\u0103 la care \u00een anul 1918 Marea Adunarea Na\u021bional\u0103 de la Alba Iulia a adoptat rezolu\u021bia Unirii Transilvaniei, Banatului, Cri\u0219anei \u0219i Maramure\u0219ului cu Rom\u00e2nia.<\/p>\n<p>\u00cen 1990, Parlamentul Rom\u00e2niei a hot\u0103r\u00e2t prin Legea nr. 10 din 31 iulie proclamarea zilei de 1 Decembrie ca Zi Na\u021bional\u0103 a Rom\u00e2niei. Legea a fost publicat\u0103 \u00een Monitorul Oficial nr. 95 din 1 august 1990, potrivit <a href=\"http:\/\/www.cdep.ro\/\" target=\"_blank\">http:\/\/www.cdep.ro\/.<\/a><\/p>\n<p>\u00centre anii 1866-1947, Ziua Na\u021bional\u0103 a Rom\u00e2niei a fost s\u0103rb\u0103torit\u0103 la data de 10 Mai, dat\u0103 care are o tripl\u0103 semnifica\u021bie. La 10 mai 1866, principele Carol de Hohenzollern-Sigmaringen sosea la Bucure\u0219ti \u0219i depunea, \u00een fa\u021ba Parlamentului, jur\u0103m\u00e2ntul de credin\u021b\u0103, fiind proclamat Domnitor al Rom\u00e2niei, sub numele de Carol I. La aceea\u0219i dat\u0103, \u00een 1877, Carol I promulga Legea pentru desfiin\u021barea tributului c\u0103tre \u00cenalta Poart\u0103, \u00een urma proclam\u0103rii Independen\u021bei de Stat a Rom\u00e2niei, care avusese loc la 9 mai 1877, \u00een cadrul sesiunii extraordinare a Adun\u0103rii Deputa\u021bilor. La 10 mai 1881, era proclamat Regatul Rom\u00e2niei.<\/p>\n<p><\/p>\n<p>Dup\u0103 abdicarea, \u00een urma presiunilor regimului comunist, la 30 decembrie 1947 \u0219i plecarea din \u021bar\u0103, \u00een ianuarie 1948, a regelui Mihai I (1927-1930; 1940-1947), Ziua Na\u021bional\u0103 a Rom\u00e2niei a fost s\u0103rb\u0103torit\u0103 \u00eentre 1948 \u0219i 1989 la data de 23 august. La aceast\u0103 dat\u0103, \u00een 1944, \u00een timpul celui de-Al Doilea R\u0103zboi Mondial, Rom\u00e2nia ie\u0219ea din alian\u021ba cu Puterile Axei (Germania, Italia \u0219i Japonia), declara \u00eencetarea unilateral\u0103 a r\u0103zboiului \u00eempotriva Alia\u021bilor (Fran\u021ba, URSS, Marea Britanie, Statele Unite ale Americii) \u0219i declara r\u0103zboi Germaniei naziste \u0219i Ungariei horthyste.<\/p>\n<p>La 1 Decembrie 1990, Ziua Na\u021bional\u0103 a Rom\u00e2niei a fost s\u0103rb\u0103torit\u0103 at\u00e2t la Alba Iulia, unde la ceremoniile organizate au participat numeroase oficialit\u0103\u021bi rom\u00e2ne, c\u00e2t \u0219i la Arcul de Triumf din Bucure\u0219ti, unde a fost organizat\u0103 parada militar\u0103. \u00cencep\u00e2nd din 1990, \u00een Bucure\u0219ti \u0219i \u00een alte ora\u0219e din \u00eentreaga \u021bar\u0103 se desf\u0103\u0219oar\u0103 parade militare \u0219i sunt organizate numeroase ceremonii ce cuprind depuneri de coroane, precum \u0219i manifest\u0103ri culturale.<\/p>\n<p>***<\/p>\n<p>Unirea Transilvaniei, Banatului, Cri\u0219anei \u0219i Maramure\u0219ului cu Rom\u00e2nia a \u00eencheiat procesul de f\u0103urire a statului na\u021bional unitar rom\u00e2n, proces \u00eenceput la 24 ianuarie 1859, prin Unirea Moldovei cu \u021aara Rom\u00e2neasc\u0103, sub domnitorul Alexandru Ioan Cuza (1859-1866), continuat prin unirea Dobrogei la 14 noiembrie 1878, dup\u0103 \u00eencheierea R\u0103zboiului ruso-rom\u00e2no-turc de la 1877-1878, care a marcat cucerirea pe c\u00e2mpul de lupt\u0103 a independen\u021bei de stat a Rom\u00e2niei, \u00een timpul domniei lui Carol I (domnitor 1866-1881; rege 1881-1914), a Basarabiei \u00een 27 martie 1918 \u0219i a Bucovinei \u00een 28 noiembrie 1918, sub regele Ferdinand (1914-1927).<\/p>\n<p>\u00cen Transilvania, mi\u0219carea na\u021bional\u0103 rom\u00e2n\u0103 era cea mai puternic\u0103 din toate teritoriile locuite de rom\u00e2ni \u0219i aflate sub st\u0103p\u00e2nire str\u0103in\u0103, arat\u0103 istoricul Florin Constantiniu \u00een lucrarea sa &#8216;O istorie sincer\u0103 a poporului rom\u00e2n&#8217; (Bucure\u0219ti, Ed. Univers Enciclopedic, 2002).<\/p>\n<p><\/p>\n<p>La 17\/30 aprilie 1918, numeroase personalit\u0103\u021bi ale intelectualit\u0103\u021bii rom\u00e2ne\u0219ti, \u00een frunte cu Traian Vuia, aflate \u00een emigra\u021bie la Paris, au hot\u0103r\u00e2t \u00eentemeierea Comitetului Na\u021bional al Rom\u00e2nilor din Transilvania \u0219i Bucovina. \u00cenfiin\u021bat la Paris sub pre\u0219edin\u021bia lui Traian Vuia, \u0219i ulterior a dr. Ioan Cantacuzino, acesta a desf\u0103\u0219urat o intens\u0103 activitate pentru unirea teritoriilor rom\u00e2ne\u0219ti din Austro-Ungaria cu Rom\u00e2nia, se arat\u0103 \u00een volumul &#8221;Politica extern\u0103 a Rom\u00e2niei. Dic\u021bionar cronologic&#8221; (Bucure\u0219ti, Ed. \u0218tiin\u021bific\u0103 \u0219i Enciclopedic\u0103, 1986). Scopul Comitetului era acela de a \u00eentreprinde o campanie de informare pe l\u00e2ng\u0103 guvernele statelor occidentale asupra cerin\u021belor legitime ale rom\u00e2nilor de a se elibera de sub domina\u021bia Austro-Ungariei.<\/p>\n<p>&#8221;Printre cei dint\u00e2i care, pe l\u00e2ng\u0103 declara\u021biile f\u0103cute de elementele din emigra\u021bie, \u0219i-au afirmat \u00een mod public, oficial, hot\u0103r\u00e2rea de a dispune singuri de soarta lor, au fost rom\u00e2nii din Transilvania&#8221;, se arat\u0103 \u00een lucrarea &#8221;O zi din istoria Transilvaniei&#8221;, autor Vasile Netea (Bucure\u0219ti, Editura \u021aara Noastr\u0103, 1990).<\/p>\n<p>&#8221;Partidul Na\u021bional Rom\u00e2n, al c\u0103rui Comitet Executiv \u00ee\u0219i afirmase \u00eenc\u0103 de la 12 octombrie inten\u021bia de a asigura rom\u00e2nilor transilv\u0103neni statutul unei &#8216;na\u021biuni libere&#8217; \u0219i de a-\u0219i asuma conducerea Transilvaniei, ca organ de putere, a \u00eenvestit pe Alexandru Vaida-Voevod s\u0103 prezinte \u00een parlamentul de la Budapesta pozi\u021bia partidului \u0219i a constituit o delega\u021bie permanent\u0103 &#8211; o adev\u0103rat\u0103 conducere operativ\u0103 &#8211; alc\u0103tuit\u0103 din Iuliu Maniu, \u0218tefan Cicio Pop, Vasile Goldi\u0219, Theodor Mihali, Al. Vaida-Voevod \u0219i Aurel Vlad&#8221;, arat\u0103 istoricul Florin Constantiniu (&#8216;O istorie sincer\u0103 a poporului rom\u00e2n&#8217;, Bucure\u0219ti, Ed. Univers Enciclopedic, 2002). La 18 octombrie, \u00eentr-o cuv\u00e2ntare \u021binut\u0103 \u00een atmosfera tensionat\u0103 a parlamentului ungar, Al. Vaida-Voevod a rostit cuvintele: &#8221;Na\u021biunea rom\u00e2n\u0103 a\u0219teapt\u0103 \u0219i pretinde, dup\u0103 multe suferin\u021be de veacuri, afirmarea \u0219i valorizarea drepturilor ei nestr\u0103mutate \u0219i inalienabile la deplin\u0103 via\u021b\u0103 na\u021bional\u0103&#8221;. Era \u00eent\u00e2ia afirmare oficial\u0103 a dreptului rom\u00e2nilor la autodeterminare, \u00een concordan\u021b\u0103 cu principiul inclus de pre\u0219edintele Wilson \u00een cele 14 puncte ale sale, destinate a deveni fundamentul p\u0103cii ce urma a fi \u00eencheiat\u0103. (Florin Constantiniu, &#8216;O istorie sincer\u0103 a poporului rom\u00e2n&#8217;)<\/p>\n<p>La ini\u021biativa frunta\u0219ului socialist Ion Fluera\u0219, s-a constituit la 31 octombrie 1918 pe baze paritare &#8211; \u0219ase reprezentan\u021bi ai Partidului Na\u021bional Rom\u00e2n \u0219i \u0219ase ai Partidului Social-Democrat &#8211; Consiliul Na\u021bional Rom\u00e2n Central, organism destinat s\u0103 coordoneze eforturile celor dou\u0103 partide \u00een conducerea luptei na\u021bionale. C\u00e2teva zile dup\u0103 crearea lui la Budapesta, Consiliul \u0219i-a mutat sediul la Arad \u0219i a dat publicit\u0103\u021bii un manifest \u00een care, dup\u0103 ce denun\u021ba politica de oprimare \u0219i dezna\u021bionalizare dus\u0103 de guvernul ungar, declara: &#8221;Na\u021biunea rom\u00e2n\u0103 din Ungaria \u0219i Transilvania nu urm\u0103re\u0219te s\u0103 st\u0103p\u00e2neasc\u0103 asupra altor neamuri. Lipsit\u0103 cu des\u0103v\u00e2r\u0219ire de orice clas\u0103 st\u0103p\u00e2nitoare istoric\u0103, na\u021biunea rom\u00e2n\u0103, prin fiin\u021ba ei \u00eens\u0103\u0219i, este \u00eentruparea democra\u021biei celei mai des\u0103v\u00e2r\u0219ite. Pe teritoriul s\u0103u str\u0103mo\u0219esc, na\u021biunea rom\u00e2n\u0103 este gata a asigura fiec\u0103rui popor libertatea na\u021bional\u0103, \u0219i organizarea sa \u00een stat liber \u0219i independent o va \u00eentocmi pe temeiurile democra\u021biei, care va asigura tuturor indivizilor afl\u0103tori pe teritoriul s\u0103u egalitatea condi\u021biunilor de via\u021b\u0103, unicul mijloc al des\u0103v\u00e2r\u0219irii omene\u0219ti&#8221;. (Florin Constantiniu, &#8216;O istorie sincer\u0103 a poporului rom\u00e2n&#8217;)<\/p>\n<p><\/p>\n<p>La 7\/20 noiembrie 1918, pentru a proceda \u00een conformitate cu voin\u021ba \u00eentregului popor rom\u00e2n, Consiliul Na\u021bional a hot\u0103r\u00e2t convocarea la Alba Iulia, la data de 18 noiembrie\/1 decembrie, a unei adun\u0103ri \u00een care s\u0103 fie reprezentate toate circumscrip\u021biile electorale de pe teritoriile Ardealului, Banatului, Cri\u0219anei \u0219i Maramure\u0219ului existente la alegerile din 1910 (130 la num\u0103r), toate p\u0103turile sociale, toate institu\u021biile biserice\u0219ti, \u0219colare, culturale \u0219i economice, reuniunile de femei, reuniunile \u00eenv\u0103\u021b\u0103tore\u0219ti, reuniunile de meseria\u0219i, g\u0103rzile na\u021bionale, organiza\u021biile muncitore\u0219ti, asocia\u021biile studen\u021be\u0219ti.<\/p>\n<p>Ceea ce a determinat pe convocatori s\u0103 aleag\u0103 ca loc de adunare ora\u0219ul Alba Iulia era \u00eendelungata existen\u021b\u0103 \u0219i marea importan\u021b\u0103 istoric\u0103 a acestuia. Pentru rom\u00e2ni, ea simboliza triumful din 1599 al lui Mihai Viteazul, primul realizator al unirii celor trei provincii istorice rom\u00e2ne\u0219ti, se arat\u0103 \u00een lucrarea &#8221;O zi din istoria Transilvaniei&#8221;, autor Vasile Netea (Bucure\u0219ti, Editura \u021aara Noastr\u0103, 1990). Convocarea adun\u0103rii de la Alba Iulia a fost \u00eent\u00e2mpinat\u0103 pretutindeni cu o nem\u0103rginit\u0103 \u00eensufle\u021bire.<\/p>\n<p>&#8221;Convocarea, redactat\u0103 &#8211; ca \u0219i comunicatele \u0219i manifestele anterioare &#8211; de Vasile Goldi\u0219, directorul ziarului &#8221;Rom\u00e2nul&#8221;, era semnat\u0103 de \u0218tefan Cicio-Pop, \u00een calitate de pre\u0219edinte al Marelui Sfat al Na\u021biunii Rom\u00e2ne din Ungaria \u0219i Transilvania \u0219i de Gheorghe Cri\u0219an, ca secretar&#8221;, aminte\u0219te istoricul Vasile Netea \u00een lucrarea sa &#8221;Con\u0219tiin\u021ba originii comune \u0219i a unit\u0103\u021bii na\u021bionale \u00een istoria poporului rom\u00e2n&#8221; (Editura Albatros, 1980). Cu dou\u0103 zile \u00eenainte de Marea Adunare Na\u021bional\u0103 de la Alba Iulia, potrivit relat\u0103rilor ziarului &#8221;Alba-Iulia&#8221;, au fost primi\u021bi aici primii reprezentan\u021bi ai Consiliului Na\u021bional &#8211; \u0218tefan Cicio-Pop, Vasile Goldi\u0219, Ioan Suciu &#8211; care aveau misiunea de a definitiva programul \u0219i modalit\u0103\u021bile de desf\u0103\u0219urare a adun\u0103rii, se men\u021bioneaz\u0103 \u00een lucrarea amintit\u0103.<\/p>\n<p>La 18 noiembrie\/1 decembrie 1918, pe l\u00e2ng\u0103 cei 680 de delega\u021bi ale\u0219i \u00een cele 130 de circumscrip\u021bii electorale ale Transilvaniei, Banatului, Cri\u0219anei, Maramure\u0219ului \u0219i S\u0103tmarului, \u00een sala Casinei din Alba Iulia se aflau \u0219i reprezentan\u021bi ai diferitelor institu\u021bii \u0219i organiza\u021bii politice, culturale, profesionale, de \u00eenv\u0103\u021b\u0103m\u00e2nt, religioase, militare, de femei, de sindicat, delega\u021bi ai Partidului Social Democrat Rom\u00e2n, g\u0103rzilor na\u021bionale \u0219i ai societ\u0103\u021bilor studen\u021be\u0219ti, \u00een total 1.228 de delega\u021bi. Al\u021bi participan\u021bi, &#8216;peste 100.000 de \u021b\u0103rani, muncitori \u0219i or\u0103\u0219eni veni\u021bi din toate p\u0103r\u021bile unde se vorbea rom\u00e2ne\u0219te, de la Iza maramure\u0219ean\u0103 p\u00e2n\u0103 la Dun\u0103rea b\u0103n\u0103\u021bean\u0103, din \u021bara B\u00e2rsei p\u00e2n\u0103 la Cri\u0219uri&#8217;, erau aduna\u021bi pe C\u00e2mpul lui Horea, a\u0219tept\u00e2nd Rezolu\u021bia Adun\u0103rii, arat\u0103 lucr\u0103rile &#8216;Istoria Rom\u00e2niei \u00een date&#8217; (Editura Enciclopedic\u0103, 2003) \u0219i &#8216;Scurt\u0103 istorie a rom\u00e2nilor&#8217; (Constantin C. Giurescu, Dinu C. Giurescu, 1977).<\/p>\n<p>\u00cen primul articol al Rezolu\u021biei Marii Adun\u0103ri Na\u021bionale, ce decreta unirea tuturor rom\u00e2nilor \u00eentr-un singur stat, se ar\u0103ta: &#8216;I. Adunarea Na\u021bional\u0103 a tuturor rom\u00e2nilor din Transilvania, Banat \u0219i \u021aara Ungureasc\u0103, aduna\u021bi prin reprezentan\u021bii lor \u00eendrept\u0103\u021bi\u021bi la Alba Iulia \u00een ziua de 18 noiembrie\/1 decembrie 1918, decreteaz\u0103 unirea acestor rom\u00e2ni \u0219i a tuturor teritoriilor locuite de d\u00e2n\u0219ii cu Rom\u00e2nia. Adunarea Na\u021bional\u0103 proclam\u0103 \u00eendeosebi dreptul inalienabil al na\u021biunii rom\u00e2ne la \u00eentreg Banatul, cuprins \u00eentre r\u00e2urile Mure\u0219, Tisa \u0219i Dun\u0103re.&#8217; (&#8216;Unirea Transilvaniei cu Rom\u00e2nia 1918&#8217;, Editura Politic\u0103, 1978).<\/p>\n<p>Adunarea Na\u021bional\u0103 a procedat, apoi, la alegerea unei Adun\u0103ri legislative, numit\u0103 Marele Sfat Na\u021bional, compus\u0103 din 250 de membri, dintre care 200 s\u0103 fie ale\u0219i de Adunare imediat, iar restul de 50 s\u0103 fie coopta\u021bi de \u00eensu\u0219i Marele Sfat Na\u021bional; acesta, la r\u00e2ndu-i, numea guvernul provizoriu, Consiliul Dirigent.<\/p>\n<p><\/p>\n<p>Cei peste 100.000 de participan\u021bi la Marea Adunare Na\u021bional\u0103 de la Alba Iulia au aprobat cu aclama\u021bii entuziaste hot\u0103r\u00e2rea de unire necondi\u021bionat\u0103 \u0219i pentru totdeauna a Transilvaniei cu Rom\u00e2nia. Rezolu\u021bia votat\u0103 a devenit, astfel, documentul istoric prin care se \u00eenf\u0103ptuia visul de veacuri al poporului rom\u00e2n: Rom\u00e2nia Mare.<\/p>\n<p>\u00cen aceea\u0219i zi, regele Ferdinand \u0219i regina Maria intrau \u00een Bucure\u0219ti, dup\u0103 doi ani petrecu\u021bi \u00een refugiu la Ia\u0219i, ora\u0219ul redevenind capitala Rom\u00e2niei \u00eentregite.<\/p>\n<p>Academia Rom\u00e2n\u0103, care &#8211; se sublinia \u00een telegrama adresat\u0103 Consiliului Dirigent format la Alba Iulia &#8211; reprezenta &#8221;de la \u00eentemeierea ei unitatea cultural\u0103 a rom\u00e2nilor de pretutindeni&#8221;, tramsmitea un salut fr\u0103\u021besc \u00eenf\u0103ptuitorilor Unirii. Prin actul lor, se preciza \u00een telegram\u0103, ei realizaser\u0103 &#8221;g\u00e2ndul statornic al neamului&#8221;. (&#8221;Aspecte ale luptei pentru unitate na\u021bional\u0103&#8221;, Ia\u0219i, Ed. Junimea, 1983). Printre semnatari se num\u0103rau pre\u0219edintele Academiei, savantul Petru Poni, Iacob Negruzzi, Simion Mehedin\u021bi, Gr. Antipa, D. Onciul, dr. Victor Babe\u0219, Al. Lapedatu, Vasile P\u00e2rvan, I. Bianu, I. Bogdan \u0219.a.<\/p>\n<p>Regele Ferdinand a emis la 11\/24 decembrie 1918 Decretul-lege de unire a Transilvaniei cu Rom\u00e2nia \u0219i Decretul-lege de organizare provizorie a Transilvaniei. \u00cen Decretul regal din 11 decembrie 1918 cu privire la hot\u0103r\u00e2rea Adun\u0103rii Na\u021bionale din Alba Iulia se ar\u0103ta: &#8221;Lu\u00e2nd act de hot\u0103r\u00e2rea unanim\u0103 a Adun\u0103rii Na\u021bionale din Alba-Iulia, am decretat \u0219i decret\u0103m: Art.1. \u021ainuturile cuprinse \u00een hot\u0103r\u00e2rea Adun\u0103rii Na\u021bionale din Alba-Iulia de la 18 noiembrie\/1 decembrie 1918 sunt \u0219i r\u0103m\u00e2n deapururea unite cu Regatul Rom\u00e2niei&#8221;, conform volumului &#8221;Documente privind istoria Rom\u00e2niei \u00eentre anii 1918-1944&#8221;, coordonator Ioan Scurtu (Bucure\u0219ti, Ed. Didactic\u0103 \u0219i Pedagogic\u0103, 1995).<\/p>\n<p><\/p>\n<p>La 29 decembrie 1920, Parlamentul a votat legile de ratificare a unirii Transilvaniei, Cri\u0219anei, Maramure\u0219ului, Banatului, Bucovinei \u0219i Basarabiei cu Rom\u00e2nia.<\/p>\n<p>\u00cen prim\u0103vara anului 1919, regele Ferdinand \u0219i regina Maria au \u00eentreprins, pentru prima dat\u0103, un lung turneu \u00een Transilvania. \u00censo\u021bi\u021bi de Iuliu Maniu, pre\u0219edintele Consiliului Dirigent \u0219i de alte oficialit\u0103\u021bi, ei s-au oprit la Bra\u0219ov, F\u0103g\u0103ra\u0219, Sibiu, Blaj, Alba Iulia, \u021aebea, C\u00e2mpeni, Turda, Cluj, Bistri\u021ba, Careii Mari, Baia Mare, Oradea, bucur\u00e2ndu-se de o primire c\u0103lduroas\u0103, se arat\u0103 \u00een volumul &#8216;Istoria Rom\u00e2nilor \u00een timpul celor patru regi (1866-1947) Ferdinand I&#8217; (Editura Enciclopedic\u0103, 2004).<\/p>\n<p>La 15 octombrie 1922, la Catedrala Re\u00eentregirii Neamului din Alba Iulia, ora\u0219ul Marii Uniri, Ferdinand I a fost \u00eencoronat rege al tuturor rom\u00e2nilor, al\u0103turi de regina Maria. AGERPRES\/(Documentare &#8211; Irina Andreea Cristea, Ruxandra Bratu; editor: Doina Lecea, editor online: Alexandru Cojocaru)<br \/>\n<br \/>\nSursa articolului:  <a href=\"https:\/\/agerpres.ro\/documentare\/2025\/12\/01\/1-decembrie---ziua-nationala-a-romaniei--1507540\" target=\"_blank\" rel=\"noopener\" title=\"\">AGERPRES<\/a><\/p>","protected":false},"excerpt":{"rendered":"<p>Ziua Na\u021bional\u0103 a Rom\u00e2niei este s\u0103rb\u0103torit\u0103, \u00een fiecare an, la 1 Decembrie, dat\u0103 la care \u00een anul 1918 Marea Adunarea Na\u021bional\u0103 de la Alba Iulia a adoptat rezolu\u021bia Unirii Transilvaniei, Banatului, Cri\u0219anei \u0219i Maramure\u0219ului cu Rom\u00e2nia. \u00cen 1990, Parlamentul Rom\u00e2niei a hot\u0103r\u00e2t prin Legea nr. 10 din 31 iulie proclamarea zilei de 1 Decembrie ca&#8230;<\/p>","protected":false},"author":4,"featured_media":0,"comment_status":"open","ping_status":"open","sticky":false,"template":"","format":"standard","meta":{"footnotes":""},"categories":[1],"tags":[],"class_list":["post-3432","post","type-post","status-publish","format-standard","hentry","category-uncategorized"],"yoast_head":"<!-- This site is optimized with the Yoast SEO plugin v26.1.1 - https:\/\/yoast.com\/wordpress\/plugins\/seo\/ -->\n<title>1 Decembrie - Ziua Na\u021bional\u0103 a Rom\u00e2niei - Carpathia Center Romania<\/title>\n<meta name=\"robots\" content=\"index, follow, max-snippet:-1, max-image-preview:large, max-video-preview:-1\" \/>\n<link rel=\"canonical\" href=\"https:\/\/carpathiacenter.ro\/en\/1-decembrie-ziua-nationala-a-romaniei\/\" \/>\n<meta property=\"og:locale\" content=\"en_GB\" \/>\n<meta property=\"og:type\" content=\"article\" \/>\n<meta property=\"og:title\" content=\"1 Decembrie - Ziua Na\u021bional\u0103 a Rom\u00e2niei - Carpathia Center Romania\" \/>\n<meta property=\"og:description\" content=\"Ziua Na\u021bional\u0103 a Rom\u00e2niei este s\u0103rb\u0103torit\u0103, \u00een fiecare an, la 1 Decembrie, dat\u0103 la care \u00een anul 1918 Marea Adunarea Na\u021bional\u0103 de la Alba Iulia a adoptat rezolu\u021bia Unirii Transilvaniei, Banatului, Cri\u0219anei \u0219i Maramure\u0219ului cu Rom\u00e2nia. \u00cen 1990, Parlamentul Rom\u00e2niei a hot\u0103r\u00e2t prin Legea nr. 10 din 31 iulie proclamarea zilei de 1 Decembrie ca...\" \/>\n<meta property=\"og:url\" content=\"https:\/\/carpathiacenter.ro\/en\/1-decembrie-ziua-nationala-a-romaniei\/\" \/>\n<meta property=\"og:site_name\" content=\"Carpathia Center Romania\" \/>\n<meta property=\"article:publisher\" content=\"https:\/\/www.facebook.com\/fdpscarpathia\/\" \/>\n<meta property=\"article:published_time\" content=\"2025-12-02T08:54:24+00:00\" \/>\n<meta name=\"author\" content=\"creativebitsolutions\" \/>\n<meta name=\"twitter:card\" content=\"summary_large_image\" \/>\n<meta name=\"twitter:label1\" content=\"Written by\" \/>\n\t<meta name=\"twitter:data1\" content=\"creativebitsolutions\" \/>\n<script type=\"application\/ld+json\" class=\"yoast-schema-graph\">{\"@context\":\"https:\/\/schema.org\",\"@graph\":[{\"@type\":\"Article\",\"@id\":\"https:\/\/carpathiacenter.ro\/1-decembrie-ziua-nationala-a-romaniei\/#article\",\"isPartOf\":{\"@id\":\"https:\/\/carpathiacenter.ro\/1-decembrie-ziua-nationala-a-romaniei\/\"},\"author\":{\"name\":\"creativebitsolutions\",\"@id\":\"https:\/\/carpathiacenter.ro\/#\/schema\/person\/03d9f58202fee8379268f34afa195006\"},\"headline\":\"1 Decembrie &#8211; Ziua Na\u021bional\u0103 a Rom\u00e2niei\",\"datePublished\":\"2025-12-02T08:54:24+00:00\",\"mainEntityOfPage\":{\"@id\":\"https:\/\/carpathiacenter.ro\/1-decembrie-ziua-nationala-a-romaniei\/\"},\"wordCount\":2167,\"commentCount\":0,\"publisher\":{\"@id\":\"https:\/\/carpathiacenter.ro\/#organization\"},\"articleSection\":[\"Uncategorized\"],\"inLanguage\":\"en-GB\",\"potentialAction\":[{\"@type\":\"CommentAction\",\"name\":\"Comment\",\"target\":[\"https:\/\/carpathiacenter.ro\/1-decembrie-ziua-nationala-a-romaniei\/#respond\"]}]},{\"@type\":\"WebPage\",\"@id\":\"https:\/\/carpathiacenter.ro\/1-decembrie-ziua-nationala-a-romaniei\/\",\"url\":\"https:\/\/carpathiacenter.ro\/1-decembrie-ziua-nationala-a-romaniei\/\",\"name\":\"1 Decembrie - Ziua Na\u021bional\u0103 a Rom\u00e2niei - Carpathia Center Romania\",\"isPartOf\":{\"@id\":\"https:\/\/carpathiacenter.ro\/#website\"},\"datePublished\":\"2025-12-02T08:54:24+00:00\",\"breadcrumb\":{\"@id\":\"https:\/\/carpathiacenter.ro\/1-decembrie-ziua-nationala-a-romaniei\/#breadcrumb\"},\"inLanguage\":\"en-GB\",\"potentialAction\":[{\"@type\":\"ReadAction\",\"target\":[\"https:\/\/carpathiacenter.ro\/1-decembrie-ziua-nationala-a-romaniei\/\"]}]},{\"@type\":\"BreadcrumbList\",\"@id\":\"https:\/\/carpathiacenter.ro\/1-decembrie-ziua-nationala-a-romaniei\/#breadcrumb\",\"itemListElement\":[{\"@type\":\"ListItem\",\"position\":1,\"name\":\"Prima pagin\u0103\",\"item\":\"https:\/\/carpathiacenter.ro\/\"},{\"@type\":\"ListItem\",\"position\":2,\"name\":\"1 Decembrie &#8211; Ziua Na\u021bional\u0103 a Rom\u00e2niei\"}]},{\"@type\":\"WebSite\",\"@id\":\"https:\/\/carpathiacenter.ro\/#website\",\"url\":\"https:\/\/carpathiacenter.ro\/\",\"name\":\"Carpathia Center Romania\",\"description\":\"Impossible made possible!\",\"publisher\":{\"@id\":\"https:\/\/carpathiacenter.ro\/#organization\"},\"potentialAction\":[{\"@type\":\"SearchAction\",\"target\":{\"@type\":\"EntryPoint\",\"urlTemplate\":\"https:\/\/carpathiacenter.ro\/?s={search_term_string}\"},\"query-input\":{\"@type\":\"PropertyValueSpecification\",\"valueRequired\":true,\"valueName\":\"search_term_string\"}}],\"inLanguage\":\"en-GB\"},{\"@type\":\"Organization\",\"@id\":\"https:\/\/carpathiacenter.ro\/#organization\",\"name\":\"Carpathia Center Romania\",\"url\":\"https:\/\/carpathiacenter.ro\/\",\"logo\":{\"@type\":\"ImageObject\",\"inLanguage\":\"en-GB\",\"@id\":\"https:\/\/carpathiacenter.ro\/#\/schema\/logo\/image\/\",\"url\":\"https:\/\/carpathiacenter.ro\/wp-content\/uploads\/2024\/07\/logo-carpathia_bg_white-1024x941.png\",\"contentUrl\":\"https:\/\/carpathiacenter.ro\/wp-content\/uploads\/2024\/07\/logo-carpathia_bg_white-1024x941.png\",\"width\":1024,\"height\":941,\"caption\":\"Carpathia Center Romania\"},\"image\":{\"@id\":\"https:\/\/carpathiacenter.ro\/#\/schema\/logo\/image\/\"},\"sameAs\":[\"https:\/\/www.facebook.com\/fdpscarpathia\/\"]},{\"@type\":\"Person\",\"@id\":\"https:\/\/carpathiacenter.ro\/#\/schema\/person\/03d9f58202fee8379268f34afa195006\",\"name\":\"creativebitsolutions\",\"image\":{\"@type\":\"ImageObject\",\"inLanguage\":\"en-GB\",\"@id\":\"https:\/\/carpathiacenter.ro\/#\/schema\/person\/image\/\",\"url\":\"https:\/\/secure.gravatar.com\/avatar\/1b1a13e37f847c635dab78348f1dff2f07651ee2a3d77a5c355a4b8c75f9165a?s=96&d=mm&r=g\",\"contentUrl\":\"https:\/\/secure.gravatar.com\/avatar\/1b1a13e37f847c635dab78348f1dff2f07651ee2a3d77a5c355a4b8c75f9165a?s=96&d=mm&r=g\",\"caption\":\"creativebitsolutions\"},\"url\":\"https:\/\/carpathiacenter.ro\/en\/author\/creativebitsolutions\/\"}]}<\/script>\n<!-- \/ Yoast SEO plugin. -->","yoast_head_json":{"title":"1 Decembrie - Ziua Na\u021bional\u0103 a Rom\u00e2niei - Carpathia Center Romania","robots":{"index":"index","follow":"follow","max-snippet":"max-snippet:-1","max-image-preview":"max-image-preview:large","max-video-preview":"max-video-preview:-1"},"canonical":"https:\/\/carpathiacenter.ro\/en\/1-decembrie-ziua-nationala-a-romaniei\/","og_locale":"en_GB","og_type":"article","og_title":"1 Decembrie - Ziua Na\u021bional\u0103 a Rom\u00e2niei - Carpathia Center Romania","og_description":"Ziua Na\u021bional\u0103 a Rom\u00e2niei este s\u0103rb\u0103torit\u0103, \u00een fiecare an, la 1 Decembrie, dat\u0103 la care \u00een anul 1918 Marea Adunarea Na\u021bional\u0103 de la Alba Iulia a adoptat rezolu\u021bia Unirii Transilvaniei, Banatului, Cri\u0219anei \u0219i Maramure\u0219ului cu Rom\u00e2nia. \u00cen 1990, Parlamentul Rom\u00e2niei a hot\u0103r\u00e2t prin Legea nr. 10 din 31 iulie proclamarea zilei de 1 Decembrie ca...","og_url":"https:\/\/carpathiacenter.ro\/en\/1-decembrie-ziua-nationala-a-romaniei\/","og_site_name":"Carpathia Center Romania","article_publisher":"https:\/\/www.facebook.com\/fdpscarpathia\/","article_published_time":"2025-12-02T08:54:24+00:00","author":"creativebitsolutions","twitter_card":"summary_large_image","twitter_misc":{"Written by":"creativebitsolutions"},"schema":{"@context":"https:\/\/schema.org","@graph":[{"@type":"Article","@id":"https:\/\/carpathiacenter.ro\/1-decembrie-ziua-nationala-a-romaniei\/#article","isPartOf":{"@id":"https:\/\/carpathiacenter.ro\/1-decembrie-ziua-nationala-a-romaniei\/"},"author":{"name":"creativebitsolutions","@id":"https:\/\/carpathiacenter.ro\/#\/schema\/person\/03d9f58202fee8379268f34afa195006"},"headline":"1 Decembrie &#8211; Ziua Na\u021bional\u0103 a Rom\u00e2niei","datePublished":"2025-12-02T08:54:24+00:00","mainEntityOfPage":{"@id":"https:\/\/carpathiacenter.ro\/1-decembrie-ziua-nationala-a-romaniei\/"},"wordCount":2167,"commentCount":0,"publisher":{"@id":"https:\/\/carpathiacenter.ro\/#organization"},"articleSection":["Uncategorized"],"inLanguage":"en-GB","potentialAction":[{"@type":"CommentAction","name":"Comment","target":["https:\/\/carpathiacenter.ro\/1-decembrie-ziua-nationala-a-romaniei\/#respond"]}]},{"@type":"WebPage","@id":"https:\/\/carpathiacenter.ro\/1-decembrie-ziua-nationala-a-romaniei\/","url":"https:\/\/carpathiacenter.ro\/1-decembrie-ziua-nationala-a-romaniei\/","name":"1 Decembrie - Ziua Na\u021bional\u0103 a Rom\u00e2niei - Carpathia Center Romania","isPartOf":{"@id":"https:\/\/carpathiacenter.ro\/#website"},"datePublished":"2025-12-02T08:54:24+00:00","breadcrumb":{"@id":"https:\/\/carpathiacenter.ro\/1-decembrie-ziua-nationala-a-romaniei\/#breadcrumb"},"inLanguage":"en-GB","potentialAction":[{"@type":"ReadAction","target":["https:\/\/carpathiacenter.ro\/1-decembrie-ziua-nationala-a-romaniei\/"]}]},{"@type":"BreadcrumbList","@id":"https:\/\/carpathiacenter.ro\/1-decembrie-ziua-nationala-a-romaniei\/#breadcrumb","itemListElement":[{"@type":"ListItem","position":1,"name":"Prima pagin\u0103","item":"https:\/\/carpathiacenter.ro\/"},{"@type":"ListItem","position":2,"name":"1 Decembrie &#8211; Ziua Na\u021bional\u0103 a Rom\u00e2niei"}]},{"@type":"WebSite","@id":"https:\/\/carpathiacenter.ro\/#website","url":"https:\/\/carpathiacenter.ro\/","name":"Carpathia Center Romania","description":"Impossible made possible!","publisher":{"@id":"https:\/\/carpathiacenter.ro\/#organization"},"potentialAction":[{"@type":"SearchAction","target":{"@type":"EntryPoint","urlTemplate":"https:\/\/carpathiacenter.ro\/?s={search_term_string}"},"query-input":{"@type":"PropertyValueSpecification","valueRequired":true,"valueName":"search_term_string"}}],"inLanguage":"en-GB"},{"@type":"Organization","@id":"https:\/\/carpathiacenter.ro\/#organization","name":"Carpathia Center Romania","url":"https:\/\/carpathiacenter.ro\/","logo":{"@type":"ImageObject","inLanguage":"en-GB","@id":"https:\/\/carpathiacenter.ro\/#\/schema\/logo\/image\/","url":"https:\/\/carpathiacenter.ro\/wp-content\/uploads\/2024\/07\/logo-carpathia_bg_white-1024x941.png","contentUrl":"https:\/\/carpathiacenter.ro\/wp-content\/uploads\/2024\/07\/logo-carpathia_bg_white-1024x941.png","width":1024,"height":941,"caption":"Carpathia Center Romania"},"image":{"@id":"https:\/\/carpathiacenter.ro\/#\/schema\/logo\/image\/"},"sameAs":["https:\/\/www.facebook.com\/fdpscarpathia\/"]},{"@type":"Person","@id":"https:\/\/carpathiacenter.ro\/#\/schema\/person\/03d9f58202fee8379268f34afa195006","name":"creativebitsolutions","image":{"@type":"ImageObject","inLanguage":"en-GB","@id":"https:\/\/carpathiacenter.ro\/#\/schema\/person\/image\/","url":"https:\/\/secure.gravatar.com\/avatar\/1b1a13e37f847c635dab78348f1dff2f07651ee2a3d77a5c355a4b8c75f9165a?s=96&d=mm&r=g","contentUrl":"https:\/\/secure.gravatar.com\/avatar\/1b1a13e37f847c635dab78348f1dff2f07651ee2a3d77a5c355a4b8c75f9165a?s=96&d=mm&r=g","caption":"creativebitsolutions"},"url":"https:\/\/carpathiacenter.ro\/en\/author\/creativebitsolutions\/"}]}},"_links":{"self":[{"href":"https:\/\/carpathiacenter.ro\/en\/wp-json\/wp\/v2\/posts\/3432","targetHints":{"allow":["GET"]}}],"collection":[{"href":"https:\/\/carpathiacenter.ro\/en\/wp-json\/wp\/v2\/posts"}],"about":[{"href":"https:\/\/carpathiacenter.ro\/en\/wp-json\/wp\/v2\/types\/post"}],"author":[{"embeddable":true,"href":"https:\/\/carpathiacenter.ro\/en\/wp-json\/wp\/v2\/users\/4"}],"replies":[{"embeddable":true,"href":"https:\/\/carpathiacenter.ro\/en\/wp-json\/wp\/v2\/comments?post=3432"}],"version-history":[{"count":1,"href":"https:\/\/carpathiacenter.ro\/en\/wp-json\/wp\/v2\/posts\/3432\/revisions"}],"predecessor-version":[{"id":3437,"href":"https:\/\/carpathiacenter.ro\/en\/wp-json\/wp\/v2\/posts\/3432\/revisions\/3437"}],"wp:attachment":[{"href":"https:\/\/carpathiacenter.ro\/en\/wp-json\/wp\/v2\/media?parent=3432"}],"wp:term":[{"taxonomy":"category","embeddable":true,"href":"https:\/\/carpathiacenter.ro\/en\/wp-json\/wp\/v2\/categories?post=3432"},{"taxonomy":"post_tag","embeddable":true,"href":"https:\/\/carpathiacenter.ro\/en\/wp-json\/wp\/v2\/tags?post=3432"}],"curies":[{"name":"wp","href":"https:\/\/api.w.org\/{rel}","templated":true}]}}