{"id":3429,"date":"2025-12-02T08:45:54","date_gmt":"2025-12-02T08:45:54","guid":{"rendered":"https:\/\/carpathiacenter.ro\/?p=3429"},"modified":"2025-12-02T08:45:54","modified_gmt":"2025-12-02T08:45:54","slug":"grindeanu-despre-cum-a-fost-gestionata-situatia-dronelor-rusesti-ne-am-facut-de-ras","status":"publish","type":"post","link":"https:\/\/carpathiacenter.ro\/en\/grindeanu-despre-cum-a-fost-gestionata-situatia-dronelor-rusesti-ne-am-facut-de-ras\/","title":{"rendered":"Grindeanu, despre cum a fost gestionat\u0103 situa\u021bia dronelor ruse\u0219ti: Ne-am f\u0103cut de r\u00e2s"},"content":{"rendered":"<p>Pre\u0219edintele PSD, Sorin Grindeanu, a declarat c\u0103 \u00een privin\u021ba dobor\u00e2rii dronelor ruse\u0219ti care au p\u0103truns pe teritoriul Rom\u00e2niei, &#8216;ne-am f\u0103cut de r\u00e2s&#8217;, ad\u0103ug\u00e2nd c\u0103 mecanismele care \u021bin de aceste ac\u021biuni ar trebui s\u0103 func\u021bioneze.<\/p>\n<p>Grindeanu a fost \u00eentrebat, duminic\u0103, la Rom\u00e2nia Tv, c\u00e2te avioane trebuie s\u0103 ridice Rom\u00e2nia pentru a da jos c\u00e2te o dron\u0103<br \/>\nruseasc\u0103.<\/p>\n<p>&#8216;Eu nu sunt un fan al lui Traian B\u0103sescu, dar pot s\u0103 spun c\u0103 pe acest subiect a avut dreptate, c\u0103 ne-am f\u0103cut de r\u00e2s. Cum e posibil s\u0103 \u00ee\u021bi intre la Tulcea, apoi face o curb\u0103, intr\u0103 pe la Gala\u021bi, face acea curb\u0103 prin Vrancea, se duce la Vaslui apoi se a\u0219eaz\u0103 pe o cas\u0103 \u00een Republica Moldova? (&#8230;) Nu cred c\u0103 e o imagine bun\u0103. Ce m\u0103 intereseaz\u0103 \u0219i mai mult este s\u0103 punem la punct aceste mecanisme, dincolo de func\u021bii, pleac\u0103 cineva, vine altcineva. M\u0103 intereseaz\u0103 s\u0103 func\u021bioneze mecanismele, e important s\u0103 punem la punct \u0219i mecanisme care nu func\u021bioneaz\u0103 \u0219i ar trebui s\u0103 func\u021bioneze, mai ales din punct de vedere al securit\u0103\u021bii na\u021bionale. Tocmai de aceea s\u0103 \u0219ti\u021bi c\u0103 noi, \u0219i e o lun\u0103 deja de c\u00e2nd i-am cerut premierului s\u0103 vin\u0103 \u00een Parlament \u0219i s\u0103 prezinte, dac\u0103 ve\u021bi, un fel de radiografie, asta am cerut, un fel de radiografie care \u021bine de siguran\u021ba, securitatea na\u021bional\u0103. \u0218i s\u0103 ne spun\u0103 care sunt planurile de viitor. Eu am \u00een\u021beles c\u0103 atunci pe moment a fost o chestiune \u00een care nu voia s\u0103 cedeze. Cabinetul meu a transmis c\u0103tre cabinetul prim-ministrului c\u0103 acest lucru nu poate fi ignorat, c\u0103 a\u0219tept\u0103m din partea domniei sale s\u0103 ne transmit\u0103 o dat\u0103 c\u00e2nd vine \u00een Parlament. Nu e o chestiune cu care te po\u021bi juca, indiferent cum te cheam\u0103 ca prim-ministru&#8217;, a spus acesta.<\/p>\n<p>\u00centrebat dac\u0103 este de acord cu transparentizarea sumelor oferite ca ajutor statului ucrainean \u0219i statului moldovean, liderul PSD a spus: &#8216;Da. F\u0103r\u0103 nuan\u021be. Total. S-ar putea s\u0103 fie, \u0219i acum doar speculez, s-ar putea s\u0103 fie o decizie la nivel de CSAT&#8217;. AGERPRES\/(A &#8211; redactor: Dana Piciu, editor: C\u0103t\u0103lin Alexandru, editor online: Alexandru Cojocaru)<br \/>\n<br \/>\nSursa articolului:  <a href=\"https:\/\/agerpres.ro\/politic\/2025\/11\/30\/grindeanu-despre-cum-a-fost-gestionata-situatia-dronelor-rusesti-ne-am-facut-de-ras--1507592\" target=\"_blank\" rel=\"noopener\" title=\"\">AGERPRES<\/a><\/p>","protected":false},"excerpt":{"rendered":"<p>Pre\u0219edintele PSD, Sorin Grindeanu, a declarat c\u0103 \u00een privin\u021ba dobor\u00e2rii dronelor ruse\u0219ti care au p\u0103truns pe teritoriul Rom\u00e2niei, &#8216;ne-am f\u0103cut de r\u00e2s&#8217;, ad\u0103ug\u00e2nd c\u0103 mecanismele care \u021bin de aceste ac\u021biuni ar trebui s\u0103 func\u021bioneze. Grindeanu a fost \u00eentrebat, duminic\u0103, la Rom\u00e2nia Tv, c\u00e2te avioane trebuie s\u0103 ridice Rom\u00e2nia pentru a da jos c\u00e2te o dron\u0103&#8230;<\/p>","protected":false},"author":4,"featured_media":3430,"comment_status":"open","ping_status":"open","sticky":false,"template":"","format":"standard","meta":{"footnotes":""},"categories":[1],"tags":[],"class_list":["post-3429","post","type-post","status-publish","format-standard","has-post-thumbnail","hentry","category-uncategorized"],"yoast_head":"<!-- This site is optimized with the Yoast SEO plugin v26.1.1 - https:\/\/yoast.com\/wordpress\/plugins\/seo\/ -->\n<title>Grindeanu, despre cum a fost gestionat\u0103 situa\u021bia dronelor ruse\u0219ti: Ne-am f\u0103cut de r\u00e2s - Carpathia Center Romania<\/title>\n<meta name=\"robots\" content=\"index, follow, max-snippet:-1, max-image-preview:large, max-video-preview:-1\" \/>\n<link rel=\"canonical\" href=\"https:\/\/carpathiacenter.ro\/en\/grindeanu-despre-cum-a-fost-gestionata-situatia-dronelor-rusesti-ne-am-facut-de-ras\/\" \/>\n<meta property=\"og:locale\" content=\"en_GB\" \/>\n<meta property=\"og:type\" content=\"article\" \/>\n<meta property=\"og:title\" content=\"Grindeanu, despre cum a fost gestionat\u0103 situa\u021bia dronelor ruse\u0219ti: Ne-am f\u0103cut de r\u00e2s - Carpathia Center Romania\" \/>\n<meta property=\"og:description\" content=\"Pre\u0219edintele PSD, Sorin Grindeanu, a declarat c\u0103 \u00een privin\u021ba dobor\u00e2rii dronelor ruse\u0219ti care au p\u0103truns pe teritoriul Rom\u00e2niei, &#8216;ne-am f\u0103cut de r\u00e2s&#8217;, ad\u0103ug\u00e2nd c\u0103 mecanismele care \u021bin de aceste ac\u021biuni ar trebui s\u0103 func\u021bioneze. Grindeanu a fost \u00eentrebat, duminic\u0103, la Rom\u00e2nia Tv, c\u00e2te avioane trebuie s\u0103 ridice Rom\u00e2nia pentru a da jos c\u00e2te o dron\u0103...\" \/>\n<meta property=\"og:url\" content=\"https:\/\/carpathiacenter.ro\/en\/grindeanu-despre-cum-a-fost-gestionata-situatia-dronelor-rusesti-ne-am-facut-de-ras\/\" \/>\n<meta property=\"og:site_name\" content=\"Carpathia Center Romania\" \/>\n<meta property=\"article:publisher\" content=\"https:\/\/www.facebook.com\/fdpscarpathia\/\" \/>\n<meta property=\"article:published_time\" content=\"2025-12-02T08:45:54+00:00\" \/>\n<meta property=\"og:image\" content=\"https:\/\/carpathiacenter.ro\/wp-content\/uploads\/2025\/12\/dronelor-rusesti.jpg\" \/>\n\t<meta property=\"og:image:width\" content=\"780\" \/>\n\t<meta property=\"og:image:height\" content=\"440\" \/>\n\t<meta property=\"og:image:type\" content=\"image\/jpeg\" \/>\n<meta name=\"author\" content=\"creativebitsolutions\" \/>\n<meta name=\"twitter:card\" content=\"summary_large_image\" \/>\n<meta name=\"twitter:label1\" content=\"Written by\" \/>\n\t<meta name=\"twitter:data1\" content=\"creativebitsolutions\" \/>\n\t<meta name=\"twitter:label2\" content=\"Estimated reading time\" \/>\n\t<meta name=\"twitter:data2\" content=\"1 minute\" \/>\n<script type=\"application\/ld+json\" class=\"yoast-schema-graph\">{\"@context\":\"https:\/\/schema.org\",\"@graph\":[{\"@type\":\"Article\",\"@id\":\"https:\/\/carpathiacenter.ro\/grindeanu-despre-cum-a-fost-gestionata-situatia-dronelor-rusesti-ne-am-facut-de-ras\/#article\",\"isPartOf\":{\"@id\":\"https:\/\/carpathiacenter.ro\/grindeanu-despre-cum-a-fost-gestionata-situatia-dronelor-rusesti-ne-am-facut-de-ras\/\"},\"author\":{\"name\":\"creativebitsolutions\",\"@id\":\"https:\/\/carpathiacenter.ro\/#\/schema\/person\/03d9f58202fee8379268f34afa195006\"},\"headline\":\"Grindeanu, despre cum a fost gestionat\u0103 situa\u021bia dronelor ruse\u0219ti: Ne-am f\u0103cut de r\u00e2s\",\"datePublished\":\"2025-12-02T08:45:54+00:00\",\"mainEntityOfPage\":{\"@id\":\"https:\/\/carpathiacenter.ro\/grindeanu-despre-cum-a-fost-gestionata-situatia-dronelor-rusesti-ne-am-facut-de-ras\/\"},\"wordCount\":405,\"commentCount\":0,\"publisher\":{\"@id\":\"https:\/\/carpathiacenter.ro\/#organization\"},\"image\":{\"@id\":\"https:\/\/carpathiacenter.ro\/grindeanu-despre-cum-a-fost-gestionata-situatia-dronelor-rusesti-ne-am-facut-de-ras\/#primaryimage\"},\"thumbnailUrl\":\"https:\/\/carpathiacenter.ro\/wp-content\/uploads\/2025\/12\/dronelor-rusesti.jpg\",\"articleSection\":[\"Uncategorized\"],\"inLanguage\":\"en-GB\",\"potentialAction\":[{\"@type\":\"CommentAction\",\"name\":\"Comment\",\"target\":[\"https:\/\/carpathiacenter.ro\/grindeanu-despre-cum-a-fost-gestionata-situatia-dronelor-rusesti-ne-am-facut-de-ras\/#respond\"]}]},{\"@type\":\"WebPage\",\"@id\":\"https:\/\/carpathiacenter.ro\/grindeanu-despre-cum-a-fost-gestionata-situatia-dronelor-rusesti-ne-am-facut-de-ras\/\",\"url\":\"https:\/\/carpathiacenter.ro\/grindeanu-despre-cum-a-fost-gestionata-situatia-dronelor-rusesti-ne-am-facut-de-ras\/\",\"name\":\"Grindeanu, despre cum a fost gestionat\u0103 situa\u021bia dronelor ruse\u0219ti: Ne-am f\u0103cut de r\u00e2s - Carpathia Center Romania\",\"isPartOf\":{\"@id\":\"https:\/\/carpathiacenter.ro\/#website\"},\"primaryImageOfPage\":{\"@id\":\"https:\/\/carpathiacenter.ro\/grindeanu-despre-cum-a-fost-gestionata-situatia-dronelor-rusesti-ne-am-facut-de-ras\/#primaryimage\"},\"image\":{\"@id\":\"https:\/\/carpathiacenter.ro\/grindeanu-despre-cum-a-fost-gestionata-situatia-dronelor-rusesti-ne-am-facut-de-ras\/#primaryimage\"},\"thumbnailUrl\":\"https:\/\/carpathiacenter.ro\/wp-content\/uploads\/2025\/12\/dronelor-rusesti.jpg\",\"datePublished\":\"2025-12-02T08:45:54+00:00\",\"breadcrumb\":{\"@id\":\"https:\/\/carpathiacenter.ro\/grindeanu-despre-cum-a-fost-gestionata-situatia-dronelor-rusesti-ne-am-facut-de-ras\/#breadcrumb\"},\"inLanguage\":\"en-GB\",\"potentialAction\":[{\"@type\":\"ReadAction\",\"target\":[\"https:\/\/carpathiacenter.ro\/grindeanu-despre-cum-a-fost-gestionata-situatia-dronelor-rusesti-ne-am-facut-de-ras\/\"]}]},{\"@type\":\"ImageObject\",\"inLanguage\":\"en-GB\",\"@id\":\"https:\/\/carpathiacenter.ro\/grindeanu-despre-cum-a-fost-gestionata-situatia-dronelor-rusesti-ne-am-facut-de-ras\/#primaryimage\",\"url\":\"https:\/\/carpathiacenter.ro\/wp-content\/uploads\/2025\/12\/dronelor-rusesti.jpg\",\"contentUrl\":\"https:\/\/carpathiacenter.ro\/wp-content\/uploads\/2025\/12\/dronelor-rusesti.jpg\",\"width\":780,\"height\":440},{\"@type\":\"BreadcrumbList\",\"@id\":\"https:\/\/carpathiacenter.ro\/grindeanu-despre-cum-a-fost-gestionata-situatia-dronelor-rusesti-ne-am-facut-de-ras\/#breadcrumb\",\"itemListElement\":[{\"@type\":\"ListItem\",\"position\":1,\"name\":\"Prima pagin\u0103\",\"item\":\"https:\/\/carpathiacenter.ro\/\"},{\"@type\":\"ListItem\",\"position\":2,\"name\":\"Grindeanu, despre cum a fost gestionat\u0103 situa\u021bia dronelor ruse\u0219ti: Ne-am f\u0103cut de r\u00e2s\"}]},{\"@type\":\"WebSite\",\"@id\":\"https:\/\/carpathiacenter.ro\/#website\",\"url\":\"https:\/\/carpathiacenter.ro\/\",\"name\":\"Carpathia Center Romania\",\"description\":\"Impossible made possible!\",\"publisher\":{\"@id\":\"https:\/\/carpathiacenter.ro\/#organization\"},\"potentialAction\":[{\"@type\":\"SearchAction\",\"target\":{\"@type\":\"EntryPoint\",\"urlTemplate\":\"https:\/\/carpathiacenter.ro\/?s={search_term_string}\"},\"query-input\":{\"@type\":\"PropertyValueSpecification\",\"valueRequired\":true,\"valueName\":\"search_term_string\"}}],\"inLanguage\":\"en-GB\"},{\"@type\":\"Organization\",\"@id\":\"https:\/\/carpathiacenter.ro\/#organization\",\"name\":\"Carpathia Center Romania\",\"url\":\"https:\/\/carpathiacenter.ro\/\",\"logo\":{\"@type\":\"ImageObject\",\"inLanguage\":\"en-GB\",\"@id\":\"https:\/\/carpathiacenter.ro\/#\/schema\/logo\/image\/\",\"url\":\"https:\/\/carpathiacenter.ro\/wp-content\/uploads\/2024\/07\/logo-carpathia_bg_white-1024x941.png\",\"contentUrl\":\"https:\/\/carpathiacenter.ro\/wp-content\/uploads\/2024\/07\/logo-carpathia_bg_white-1024x941.png\",\"width\":1024,\"height\":941,\"caption\":\"Carpathia Center Romania\"},\"image\":{\"@id\":\"https:\/\/carpathiacenter.ro\/#\/schema\/logo\/image\/\"},\"sameAs\":[\"https:\/\/www.facebook.com\/fdpscarpathia\/\"]},{\"@type\":\"Person\",\"@id\":\"https:\/\/carpathiacenter.ro\/#\/schema\/person\/03d9f58202fee8379268f34afa195006\",\"name\":\"creativebitsolutions\",\"image\":{\"@type\":\"ImageObject\",\"inLanguage\":\"en-GB\",\"@id\":\"https:\/\/carpathiacenter.ro\/#\/schema\/person\/image\/\",\"url\":\"https:\/\/secure.gravatar.com\/avatar\/1b1a13e37f847c635dab78348f1dff2f07651ee2a3d77a5c355a4b8c75f9165a?s=96&d=mm&r=g\",\"contentUrl\":\"https:\/\/secure.gravatar.com\/avatar\/1b1a13e37f847c635dab78348f1dff2f07651ee2a3d77a5c355a4b8c75f9165a?s=96&d=mm&r=g\",\"caption\":\"creativebitsolutions\"},\"url\":\"https:\/\/carpathiacenter.ro\/en\/author\/creativebitsolutions\/\"}]}<\/script>\n<!-- \/ Yoast SEO plugin. -->","yoast_head_json":{"title":"Grindeanu, despre cum a fost gestionat\u0103 situa\u021bia dronelor ruse\u0219ti: Ne-am f\u0103cut de r\u00e2s - Carpathia Center Romania","robots":{"index":"index","follow":"follow","max-snippet":"max-snippet:-1","max-image-preview":"max-image-preview:large","max-video-preview":"max-video-preview:-1"},"canonical":"https:\/\/carpathiacenter.ro\/en\/grindeanu-despre-cum-a-fost-gestionata-situatia-dronelor-rusesti-ne-am-facut-de-ras\/","og_locale":"en_GB","og_type":"article","og_title":"Grindeanu, despre cum a fost gestionat\u0103 situa\u021bia dronelor ruse\u0219ti: Ne-am f\u0103cut de r\u00e2s - Carpathia Center Romania","og_description":"Pre\u0219edintele PSD, Sorin Grindeanu, a declarat c\u0103 \u00een privin\u021ba dobor\u00e2rii dronelor ruse\u0219ti care au p\u0103truns pe teritoriul Rom\u00e2niei, &#8216;ne-am f\u0103cut de r\u00e2s&#8217;, ad\u0103ug\u00e2nd c\u0103 mecanismele care \u021bin de aceste ac\u021biuni ar trebui s\u0103 func\u021bioneze. Grindeanu a fost \u00eentrebat, duminic\u0103, la Rom\u00e2nia Tv, c\u00e2te avioane trebuie s\u0103 ridice Rom\u00e2nia pentru a da jos c\u00e2te o dron\u0103...","og_url":"https:\/\/carpathiacenter.ro\/en\/grindeanu-despre-cum-a-fost-gestionata-situatia-dronelor-rusesti-ne-am-facut-de-ras\/","og_site_name":"Carpathia Center Romania","article_publisher":"https:\/\/www.facebook.com\/fdpscarpathia\/","article_published_time":"2025-12-02T08:45:54+00:00","og_image":[{"width":780,"height":440,"url":"https:\/\/carpathiacenter.ro\/wp-content\/uploads\/2025\/12\/dronelor-rusesti.jpg","type":"image\/jpeg"}],"author":"creativebitsolutions","twitter_card":"summary_large_image","twitter_misc":{"Written by":"creativebitsolutions","Estimated reading time":"1 minute"},"schema":{"@context":"https:\/\/schema.org","@graph":[{"@type":"Article","@id":"https:\/\/carpathiacenter.ro\/grindeanu-despre-cum-a-fost-gestionata-situatia-dronelor-rusesti-ne-am-facut-de-ras\/#article","isPartOf":{"@id":"https:\/\/carpathiacenter.ro\/grindeanu-despre-cum-a-fost-gestionata-situatia-dronelor-rusesti-ne-am-facut-de-ras\/"},"author":{"name":"creativebitsolutions","@id":"https:\/\/carpathiacenter.ro\/#\/schema\/person\/03d9f58202fee8379268f34afa195006"},"headline":"Grindeanu, despre cum a fost gestionat\u0103 situa\u021bia dronelor ruse\u0219ti: Ne-am f\u0103cut de r\u00e2s","datePublished":"2025-12-02T08:45:54+00:00","mainEntityOfPage":{"@id":"https:\/\/carpathiacenter.ro\/grindeanu-despre-cum-a-fost-gestionata-situatia-dronelor-rusesti-ne-am-facut-de-ras\/"},"wordCount":405,"commentCount":0,"publisher":{"@id":"https:\/\/carpathiacenter.ro\/#organization"},"image":{"@id":"https:\/\/carpathiacenter.ro\/grindeanu-despre-cum-a-fost-gestionata-situatia-dronelor-rusesti-ne-am-facut-de-ras\/#primaryimage"},"thumbnailUrl":"https:\/\/carpathiacenter.ro\/wp-content\/uploads\/2025\/12\/dronelor-rusesti.jpg","articleSection":["Uncategorized"],"inLanguage":"en-GB","potentialAction":[{"@type":"CommentAction","name":"Comment","target":["https:\/\/carpathiacenter.ro\/grindeanu-despre-cum-a-fost-gestionata-situatia-dronelor-rusesti-ne-am-facut-de-ras\/#respond"]}]},{"@type":"WebPage","@id":"https:\/\/carpathiacenter.ro\/grindeanu-despre-cum-a-fost-gestionata-situatia-dronelor-rusesti-ne-am-facut-de-ras\/","url":"https:\/\/carpathiacenter.ro\/grindeanu-despre-cum-a-fost-gestionata-situatia-dronelor-rusesti-ne-am-facut-de-ras\/","name":"Grindeanu, despre cum a fost gestionat\u0103 situa\u021bia dronelor ruse\u0219ti: Ne-am f\u0103cut de r\u00e2s - Carpathia Center Romania","isPartOf":{"@id":"https:\/\/carpathiacenter.ro\/#website"},"primaryImageOfPage":{"@id":"https:\/\/carpathiacenter.ro\/grindeanu-despre-cum-a-fost-gestionata-situatia-dronelor-rusesti-ne-am-facut-de-ras\/#primaryimage"},"image":{"@id":"https:\/\/carpathiacenter.ro\/grindeanu-despre-cum-a-fost-gestionata-situatia-dronelor-rusesti-ne-am-facut-de-ras\/#primaryimage"},"thumbnailUrl":"https:\/\/carpathiacenter.ro\/wp-content\/uploads\/2025\/12\/dronelor-rusesti.jpg","datePublished":"2025-12-02T08:45:54+00:00","breadcrumb":{"@id":"https:\/\/carpathiacenter.ro\/grindeanu-despre-cum-a-fost-gestionata-situatia-dronelor-rusesti-ne-am-facut-de-ras\/#breadcrumb"},"inLanguage":"en-GB","potentialAction":[{"@type":"ReadAction","target":["https:\/\/carpathiacenter.ro\/grindeanu-despre-cum-a-fost-gestionata-situatia-dronelor-rusesti-ne-am-facut-de-ras\/"]}]},{"@type":"ImageObject","inLanguage":"en-GB","@id":"https:\/\/carpathiacenter.ro\/grindeanu-despre-cum-a-fost-gestionata-situatia-dronelor-rusesti-ne-am-facut-de-ras\/#primaryimage","url":"https:\/\/carpathiacenter.ro\/wp-content\/uploads\/2025\/12\/dronelor-rusesti.jpg","contentUrl":"https:\/\/carpathiacenter.ro\/wp-content\/uploads\/2025\/12\/dronelor-rusesti.jpg","width":780,"height":440},{"@type":"BreadcrumbList","@id":"https:\/\/carpathiacenter.ro\/grindeanu-despre-cum-a-fost-gestionata-situatia-dronelor-rusesti-ne-am-facut-de-ras\/#breadcrumb","itemListElement":[{"@type":"ListItem","position":1,"name":"Prima pagin\u0103","item":"https:\/\/carpathiacenter.ro\/"},{"@type":"ListItem","position":2,"name":"Grindeanu, despre cum a fost gestionat\u0103 situa\u021bia dronelor ruse\u0219ti: Ne-am f\u0103cut de r\u00e2s"}]},{"@type":"WebSite","@id":"https:\/\/carpathiacenter.ro\/#website","url":"https:\/\/carpathiacenter.ro\/","name":"Carpathia Center Romania","description":"Impossible made possible!","publisher":{"@id":"https:\/\/carpathiacenter.ro\/#organization"},"potentialAction":[{"@type":"SearchAction","target":{"@type":"EntryPoint","urlTemplate":"https:\/\/carpathiacenter.ro\/?s={search_term_string}"},"query-input":{"@type":"PropertyValueSpecification","valueRequired":true,"valueName":"search_term_string"}}],"inLanguage":"en-GB"},{"@type":"Organization","@id":"https:\/\/carpathiacenter.ro\/#organization","name":"Carpathia Center Romania","url":"https:\/\/carpathiacenter.ro\/","logo":{"@type":"ImageObject","inLanguage":"en-GB","@id":"https:\/\/carpathiacenter.ro\/#\/schema\/logo\/image\/","url":"https:\/\/carpathiacenter.ro\/wp-content\/uploads\/2024\/07\/logo-carpathia_bg_white-1024x941.png","contentUrl":"https:\/\/carpathiacenter.ro\/wp-content\/uploads\/2024\/07\/logo-carpathia_bg_white-1024x941.png","width":1024,"height":941,"caption":"Carpathia Center Romania"},"image":{"@id":"https:\/\/carpathiacenter.ro\/#\/schema\/logo\/image\/"},"sameAs":["https:\/\/www.facebook.com\/fdpscarpathia\/"]},{"@type":"Person","@id":"https:\/\/carpathiacenter.ro\/#\/schema\/person\/03d9f58202fee8379268f34afa195006","name":"creativebitsolutions","image":{"@type":"ImageObject","inLanguage":"en-GB","@id":"https:\/\/carpathiacenter.ro\/#\/schema\/person\/image\/","url":"https:\/\/secure.gravatar.com\/avatar\/1b1a13e37f847c635dab78348f1dff2f07651ee2a3d77a5c355a4b8c75f9165a?s=96&d=mm&r=g","contentUrl":"https:\/\/secure.gravatar.com\/avatar\/1b1a13e37f847c635dab78348f1dff2f07651ee2a3d77a5c355a4b8c75f9165a?s=96&d=mm&r=g","caption":"creativebitsolutions"},"url":"https:\/\/carpathiacenter.ro\/en\/author\/creativebitsolutions\/"}]}},"_links":{"self":[{"href":"https:\/\/carpathiacenter.ro\/en\/wp-json\/wp\/v2\/posts\/3429","targetHints":{"allow":["GET"]}}],"collection":[{"href":"https:\/\/carpathiacenter.ro\/en\/wp-json\/wp\/v2\/posts"}],"about":[{"href":"https:\/\/carpathiacenter.ro\/en\/wp-json\/wp\/v2\/types\/post"}],"author":[{"embeddable":true,"href":"https:\/\/carpathiacenter.ro\/en\/wp-json\/wp\/v2\/users\/4"}],"replies":[{"embeddable":true,"href":"https:\/\/carpathiacenter.ro\/en\/wp-json\/wp\/v2\/comments?post=3429"}],"version-history":[{"count":1,"href":"https:\/\/carpathiacenter.ro\/en\/wp-json\/wp\/v2\/posts\/3429\/revisions"}],"predecessor-version":[{"id":3431,"href":"https:\/\/carpathiacenter.ro\/en\/wp-json\/wp\/v2\/posts\/3429\/revisions\/3431"}],"wp:featuredmedia":[{"embeddable":true,"href":"https:\/\/carpathiacenter.ro\/en\/wp-json\/wp\/v2\/media\/3430"}],"wp:attachment":[{"href":"https:\/\/carpathiacenter.ro\/en\/wp-json\/wp\/v2\/media?parent=3429"}],"wp:term":[{"taxonomy":"category","embeddable":true,"href":"https:\/\/carpathiacenter.ro\/en\/wp-json\/wp\/v2\/categories?post=3429"},{"taxonomy":"post_tag","embeddable":true,"href":"https:\/\/carpathiacenter.ro\/en\/wp-json\/wp\/v2\/tags?post=3429"}],"curies":[{"name":"wp","href":"https:\/\/api.w.org\/{rel}","templated":true}]}}