{"id":3417,"date":"2025-11-28T10:16:27","date_gmt":"2025-11-28T10:16:27","guid":{"rendered":"https:\/\/carpathiacenter.ro\/?p=3417"},"modified":"2025-11-28T10:16:27","modified_gmt":"2025-11-28T10:16:27","slug":"jurnalista-luiza-diculescu-premiata-de-consulatul-general-al-romaniei-la-torino","status":"publish","type":"post","link":"https:\/\/carpathiacenter.ro\/en\/jurnalista-luiza-diculescu-premiata-de-consulatul-general-al-romaniei-la-torino\/","title":{"rendered":"Jurnalista Luiza Diculescu, premiat\u0103 de Consulatul General al Rom\u00e2niei la Torino"},"content":{"rendered":"<p><strong>Consulatul General al Rom\u00e2niei la Torino i-a conferit jurnalistei Luiza Diculescu, stabilit\u0103 \u00een ora\u0219ul italian \u00een anul 2009 \u0219i membr\u0103 a Ordinului Jurnali\u0219tilor din Piemonte din 2013, un prestigios premiu \u00een cadrul Galei de Excelen\u021b\u0103 organizat\u0103 \u00een foaierul Teatrului Regio cu ocazia Zilei Na\u021bionale a Rom\u00e2niei, conform unui comunicat difuzat joi de Asocia\u021bia Primo Passo.<\/strong><\/p>\n<p>La eveniment au participat, potrivit comunicatului, peste 100 de invita\u021bi institu\u021bionali \u0219i reprezentan\u021bi ai mediului cultural \u0219i profesional: avoca\u021bi, medici, profesori universitari, ingineri, antreprenori, scriitori, jurnali\u0219ti italieni \u0219i rom\u00e2ni, printre care Francesco Marino, responsabil al redac\u021biei regionale RAI Piemonte. Au fost prezente, de asemenea, numeroase autorit\u0103\u021bi italiene, inclusiv primarul ora\u0219ului Torino, Stefano Lo Russo.<\/p>\n<p>Premiul a fost \u00eenm\u00e2nat de pre\u0219edinta Consiliului Municipal al Prim\u0103riei din Torino, Maria Grazia Grippo, la r\u00e2ndul s\u0103u jurnalist\u0103, care a subliniat contribu\u021bia adus\u0103 de Luiza Diculescu la promovarea culturii \u0219i identit\u0103\u021bii rom\u00e2ne\u0219ti prin activitatea sa jurnalistic\u0103 desf\u0103\u0219urat\u0103 \u00een Italia.<\/p>\n<p>Jurnalista a absolvit \u00een 2009 Facultatea de Jurnalism \u0219i \u0218tiin\u021bele Comunic\u0103rii din cadrul Universit\u0103\u021bii din Bucure\u0219ti. Dup\u0103 ce a activat ca redactor la Agen\u021bia de \u0219tiri A.M. Press, Luiza Diculescu a ajuns \u00een Italia unde a fost corespondenta cotidianului Adev\u0103rul.<\/p>\n<p>&#8216;Fondatoare a trei proiecte media Radio LU &#8211; &#8216;Vocea rom\u00e2nilor din Italia \u0219i din lume&#8217;, revista &#8216;Inspira\u021bie rom\u00e2neasc\u0103 din cadrul Asocia\u021biei Primo Passo (publica\u021bie bilingv\u0103 \u00eenregistrat\u0103 la Tribunalul din Torino) \u0219i Jurnalit.com, noua platform\u0103 realizat\u0103 \u00een colaborare cu Jurnalul Olteniei, cu lansare programat\u0103 la 1 decembrie 2025 \u0081- Luiza Diculescu este ast\u0103zi una dintre cele mai active voci ale jurnalismului rom\u00e2nesc din nordul Italiei&#8217;, se precizeaz\u0103 \u00een comunicat.<\/p>\n<p>Printre realiz\u0103rile sale se remarc\u0103, potrivit comunicatului, redescoperirea, \u00een 2018, a istoriei str\u0103zii Vasile Alecsandri din Torino, prezentat\u0103 \u00eentr-o conferin\u021b\u0103 la prim\u0103rie, un simbol al leg\u0103turilor culturale rom\u00e2no-italiene, denumit\u0103 \u00een 1977 datorit\u0103 profesorului Ovidiu Drimba, cadru universitar la Torino \u0219i Milano, \u0219i lui Diego Novelli, primar al ora\u0219ului la acea vreme.<\/p>\n<p>&#8216;Mul\u021bumesc Ordinului Jurnali\u0219tilor din Piemonte, din care fac parte din 2013, pentru libertatea \u0219i \u00eencrederea pe care mi le-a oferit. \u00cen diaspora &#8211; termenul nostru pentru marea emigra\u021bie rom\u00e2neasc\u0103 \u00een lume &#8211; jurnalismul meu nu s-a oprit, ci a crescut. Povestea de care sunt cel mai legat\u0103 r\u0103m\u00e2ne cea readus\u0103 la lumin\u0103 \u00een 2018, \u00een cadrul conferin\u021bei de la prim\u0103rie, prin care am f\u0103cut cunoscut\u0103 \u0219i italienilor memoria noastr\u0103 comun\u0103, inclusiv istoria str\u0103zii Vasile Alecsandri\u0081&#8217;, a declarat Luiza Diculescu, citat\u0103 \u00een comunicat.<\/p>\n<p>Gala de Excelen\u021b\u0103 este o tradi\u021bie anual\u0103 promovat\u0103 de Consulul General al Rom\u00e2niei la Torino, E.S. Cosmin Dumitrescu, care acord\u0103 \u00een fiecare an distinc\u021bii unor personalit\u0103\u021bi marcante ale comunit\u0103\u021bii rom\u00e2ne\u0219ti din Italia. AGERPRES\/(AS &#8211; redactor: Dana Purgaru, editor online: Ada V\u00eelceanu)<br \/>\n<br \/>\nSursa articolului:  <a href=\"https:\/\/agerpres.ro\/cultura\/2025\/11\/27\/jurnalista-luiza-diculescu-premiata-de-consulatul-general-al-romaniei-la-torino--1506931\" target=\"_blank\" rel=\"noopener\" title=\"\">AGERPRES<\/a><br \/>\n<br \/>\nSursa foto: <a href=\"https:\/\/www.facebook.com\/photo\/?fbid=25518885131040283&#038;set=pb.100000364389784.-2207520000\" target=\"_blank\" rel=\"noopener\" title=\"\">Facebook<\/a><\/p>","protected":false},"excerpt":{"rendered":"<p>Consulatul General al Rom\u00e2niei la Torino i-a conferit jurnalistei Luiza Diculescu, stabilit\u0103 \u00een ora\u0219ul italian \u00een anul 2009 \u0219i membr\u0103 a Ordinului Jurnali\u0219tilor din Piemonte din 2013, un prestigios premiu \u00een cadrul Galei de Excelen\u021b\u0103 organizat\u0103 \u00een foaierul Teatrului Regio cu ocazia Zilei Na\u021bionale a Rom\u00e2niei, conform unui comunicat difuzat joi de Asocia\u021bia Primo Passo&#8230;.<\/p>","protected":false},"author":4,"featured_media":3418,"comment_status":"open","ping_status":"open","sticky":false,"template":"","format":"standard","meta":{"footnotes":""},"categories":[1],"tags":[],"class_list":["post-3417","post","type-post","status-publish","format-standard","has-post-thumbnail","hentry","category-uncategorized"],"yoast_head":"<!-- This site is optimized with the Yoast SEO plugin v26.1.1 - https:\/\/yoast.com\/wordpress\/plugins\/seo\/ -->\n<title>Jurnalista Luiza Diculescu, premiat\u0103 de Consulatul General al Rom\u00e2niei la Torino - Carpathia Center Romania<\/title>\n<meta name=\"robots\" content=\"index, follow, max-snippet:-1, max-image-preview:large, max-video-preview:-1\" \/>\n<link rel=\"canonical\" href=\"https:\/\/carpathiacenter.ro\/en\/jurnalista-luiza-diculescu-premiata-de-consulatul-general-al-romaniei-la-torino\/\" \/>\n<meta property=\"og:locale\" content=\"en_GB\" \/>\n<meta property=\"og:type\" content=\"article\" \/>\n<meta property=\"og:title\" content=\"Jurnalista Luiza Diculescu, premiat\u0103 de Consulatul General al Rom\u00e2niei la Torino - Carpathia Center Romania\" \/>\n<meta property=\"og:description\" content=\"Consulatul General al Rom\u00e2niei la Torino i-a conferit jurnalistei Luiza Diculescu, stabilit\u0103 \u00een ora\u0219ul italian \u00een anul 2009 \u0219i membr\u0103 a Ordinului Jurnali\u0219tilor din Piemonte din 2013, un prestigios premiu \u00een cadrul Galei de Excelen\u021b\u0103 organizat\u0103 \u00een foaierul Teatrului Regio cu ocazia Zilei Na\u021bionale a Rom\u00e2niei, conform unui comunicat difuzat joi de Asocia\u021bia Primo Passo....\" \/>\n<meta property=\"og:url\" content=\"https:\/\/carpathiacenter.ro\/en\/jurnalista-luiza-diculescu-premiata-de-consulatul-general-al-romaniei-la-torino\/\" \/>\n<meta property=\"og:site_name\" content=\"Carpathia Center Romania\" \/>\n<meta property=\"article:publisher\" content=\"https:\/\/www.facebook.com\/fdpscarpathia\/\" \/>\n<meta property=\"article:published_time\" content=\"2025-11-28T10:16:27+00:00\" \/>\n<meta property=\"og:image\" content=\"https:\/\/carpathiacenter.ro\/wp-content\/uploads\/2025\/11\/Luiza-Diculescu.jpg\" \/>\n\t<meta property=\"og:image:width\" content=\"1046\" \/>\n\t<meta property=\"og:image:height\" content=\"1370\" \/>\n\t<meta property=\"og:image:type\" content=\"image\/jpeg\" \/>\n<meta name=\"author\" content=\"creativebitsolutions\" \/>\n<meta name=\"twitter:card\" content=\"summary_large_image\" \/>\n<meta name=\"twitter:label1\" content=\"Written by\" \/>\n\t<meta name=\"twitter:data1\" content=\"creativebitsolutions\" \/>\n\t<meta name=\"twitter:label2\" content=\"Estimated reading time\" \/>\n\t<meta name=\"twitter:data2\" content=\"3 minutes\" \/>\n<script type=\"application\/ld+json\" class=\"yoast-schema-graph\">{\"@context\":\"https:\/\/schema.org\",\"@graph\":[{\"@type\":\"Article\",\"@id\":\"https:\/\/carpathiacenter.ro\/jurnalista-luiza-diculescu-premiata-de-consulatul-general-al-romaniei-la-torino\/#article\",\"isPartOf\":{\"@id\":\"https:\/\/carpathiacenter.ro\/jurnalista-luiza-diculescu-premiata-de-consulatul-general-al-romaniei-la-torino\/\"},\"author\":{\"name\":\"creativebitsolutions\",\"@id\":\"https:\/\/carpathiacenter.ro\/#\/schema\/person\/03d9f58202fee8379268f34afa195006\"},\"headline\":\"Jurnalista Luiza Diculescu, premiat\u0103 de Consulatul General al Rom\u00e2niei la Torino\",\"datePublished\":\"2025-11-28T10:16:27+00:00\",\"mainEntityOfPage\":{\"@id\":\"https:\/\/carpathiacenter.ro\/jurnalista-luiza-diculescu-premiata-de-consulatul-general-al-romaniei-la-torino\/\"},\"wordCount\":505,\"commentCount\":0,\"publisher\":{\"@id\":\"https:\/\/carpathiacenter.ro\/#organization\"},\"image\":{\"@id\":\"https:\/\/carpathiacenter.ro\/jurnalista-luiza-diculescu-premiata-de-consulatul-general-al-romaniei-la-torino\/#primaryimage\"},\"thumbnailUrl\":\"https:\/\/carpathiacenter.ro\/wp-content\/uploads\/2025\/11\/Luiza-Diculescu.jpg\",\"articleSection\":[\"Uncategorized\"],\"inLanguage\":\"en-GB\",\"potentialAction\":[{\"@type\":\"CommentAction\",\"name\":\"Comment\",\"target\":[\"https:\/\/carpathiacenter.ro\/jurnalista-luiza-diculescu-premiata-de-consulatul-general-al-romaniei-la-torino\/#respond\"]}]},{\"@type\":\"WebPage\",\"@id\":\"https:\/\/carpathiacenter.ro\/jurnalista-luiza-diculescu-premiata-de-consulatul-general-al-romaniei-la-torino\/\",\"url\":\"https:\/\/carpathiacenter.ro\/jurnalista-luiza-diculescu-premiata-de-consulatul-general-al-romaniei-la-torino\/\",\"name\":\"Jurnalista Luiza Diculescu, premiat\u0103 de Consulatul General al Rom\u00e2niei la Torino - Carpathia Center Romania\",\"isPartOf\":{\"@id\":\"https:\/\/carpathiacenter.ro\/#website\"},\"primaryImageOfPage\":{\"@id\":\"https:\/\/carpathiacenter.ro\/jurnalista-luiza-diculescu-premiata-de-consulatul-general-al-romaniei-la-torino\/#primaryimage\"},\"image\":{\"@id\":\"https:\/\/carpathiacenter.ro\/jurnalista-luiza-diculescu-premiata-de-consulatul-general-al-romaniei-la-torino\/#primaryimage\"},\"thumbnailUrl\":\"https:\/\/carpathiacenter.ro\/wp-content\/uploads\/2025\/11\/Luiza-Diculescu.jpg\",\"datePublished\":\"2025-11-28T10:16:27+00:00\",\"breadcrumb\":{\"@id\":\"https:\/\/carpathiacenter.ro\/jurnalista-luiza-diculescu-premiata-de-consulatul-general-al-romaniei-la-torino\/#breadcrumb\"},\"inLanguage\":\"en-GB\",\"potentialAction\":[{\"@type\":\"ReadAction\",\"target\":[\"https:\/\/carpathiacenter.ro\/jurnalista-luiza-diculescu-premiata-de-consulatul-general-al-romaniei-la-torino\/\"]}]},{\"@type\":\"ImageObject\",\"inLanguage\":\"en-GB\",\"@id\":\"https:\/\/carpathiacenter.ro\/jurnalista-luiza-diculescu-premiata-de-consulatul-general-al-romaniei-la-torino\/#primaryimage\",\"url\":\"https:\/\/carpathiacenter.ro\/wp-content\/uploads\/2025\/11\/Luiza-Diculescu.jpg\",\"contentUrl\":\"https:\/\/carpathiacenter.ro\/wp-content\/uploads\/2025\/11\/Luiza-Diculescu.jpg\",\"width\":1046,\"height\":1370},{\"@type\":\"BreadcrumbList\",\"@id\":\"https:\/\/carpathiacenter.ro\/jurnalista-luiza-diculescu-premiata-de-consulatul-general-al-romaniei-la-torino\/#breadcrumb\",\"itemListElement\":[{\"@type\":\"ListItem\",\"position\":1,\"name\":\"Prima pagin\u0103\",\"item\":\"https:\/\/carpathiacenter.ro\/\"},{\"@type\":\"ListItem\",\"position\":2,\"name\":\"Jurnalista Luiza Diculescu, premiat\u0103 de Consulatul General al Rom\u00e2niei la Torino\"}]},{\"@type\":\"WebSite\",\"@id\":\"https:\/\/carpathiacenter.ro\/#website\",\"url\":\"https:\/\/carpathiacenter.ro\/\",\"name\":\"Carpathia Center Romania\",\"description\":\"Impossible made possible!\",\"publisher\":{\"@id\":\"https:\/\/carpathiacenter.ro\/#organization\"},\"potentialAction\":[{\"@type\":\"SearchAction\",\"target\":{\"@type\":\"EntryPoint\",\"urlTemplate\":\"https:\/\/carpathiacenter.ro\/?s={search_term_string}\"},\"query-input\":{\"@type\":\"PropertyValueSpecification\",\"valueRequired\":true,\"valueName\":\"search_term_string\"}}],\"inLanguage\":\"en-GB\"},{\"@type\":\"Organization\",\"@id\":\"https:\/\/carpathiacenter.ro\/#organization\",\"name\":\"Carpathia Center Romania\",\"url\":\"https:\/\/carpathiacenter.ro\/\",\"logo\":{\"@type\":\"ImageObject\",\"inLanguage\":\"en-GB\",\"@id\":\"https:\/\/carpathiacenter.ro\/#\/schema\/logo\/image\/\",\"url\":\"https:\/\/carpathiacenter.ro\/wp-content\/uploads\/2024\/07\/logo-carpathia_bg_white-1024x941.png\",\"contentUrl\":\"https:\/\/carpathiacenter.ro\/wp-content\/uploads\/2024\/07\/logo-carpathia_bg_white-1024x941.png\",\"width\":1024,\"height\":941,\"caption\":\"Carpathia Center Romania\"},\"image\":{\"@id\":\"https:\/\/carpathiacenter.ro\/#\/schema\/logo\/image\/\"},\"sameAs\":[\"https:\/\/www.facebook.com\/fdpscarpathia\/\"]},{\"@type\":\"Person\",\"@id\":\"https:\/\/carpathiacenter.ro\/#\/schema\/person\/03d9f58202fee8379268f34afa195006\",\"name\":\"creativebitsolutions\",\"image\":{\"@type\":\"ImageObject\",\"inLanguage\":\"en-GB\",\"@id\":\"https:\/\/carpathiacenter.ro\/#\/schema\/person\/image\/\",\"url\":\"https:\/\/secure.gravatar.com\/avatar\/1b1a13e37f847c635dab78348f1dff2f07651ee2a3d77a5c355a4b8c75f9165a?s=96&d=mm&r=g\",\"contentUrl\":\"https:\/\/secure.gravatar.com\/avatar\/1b1a13e37f847c635dab78348f1dff2f07651ee2a3d77a5c355a4b8c75f9165a?s=96&d=mm&r=g\",\"caption\":\"creativebitsolutions\"},\"url\":\"https:\/\/carpathiacenter.ro\/en\/author\/creativebitsolutions\/\"}]}<\/script>\n<!-- \/ Yoast SEO plugin. -->","yoast_head_json":{"title":"Jurnalista Luiza Diculescu, premiat\u0103 de Consulatul General al Rom\u00e2niei la Torino - Carpathia Center Romania","robots":{"index":"index","follow":"follow","max-snippet":"max-snippet:-1","max-image-preview":"max-image-preview:large","max-video-preview":"max-video-preview:-1"},"canonical":"https:\/\/carpathiacenter.ro\/en\/jurnalista-luiza-diculescu-premiata-de-consulatul-general-al-romaniei-la-torino\/","og_locale":"en_GB","og_type":"article","og_title":"Jurnalista Luiza Diculescu, premiat\u0103 de Consulatul General al Rom\u00e2niei la Torino - Carpathia Center Romania","og_description":"Consulatul General al Rom\u00e2niei la Torino i-a conferit jurnalistei Luiza Diculescu, stabilit\u0103 \u00een ora\u0219ul italian \u00een anul 2009 \u0219i membr\u0103 a Ordinului Jurnali\u0219tilor din Piemonte din 2013, un prestigios premiu \u00een cadrul Galei de Excelen\u021b\u0103 organizat\u0103 \u00een foaierul Teatrului Regio cu ocazia Zilei Na\u021bionale a Rom\u00e2niei, conform unui comunicat difuzat joi de Asocia\u021bia Primo Passo....","og_url":"https:\/\/carpathiacenter.ro\/en\/jurnalista-luiza-diculescu-premiata-de-consulatul-general-al-romaniei-la-torino\/","og_site_name":"Carpathia Center Romania","article_publisher":"https:\/\/www.facebook.com\/fdpscarpathia\/","article_published_time":"2025-11-28T10:16:27+00:00","og_image":[{"width":1046,"height":1370,"url":"https:\/\/carpathiacenter.ro\/wp-content\/uploads\/2025\/11\/Luiza-Diculescu.jpg","type":"image\/jpeg"}],"author":"creativebitsolutions","twitter_card":"summary_large_image","twitter_misc":{"Written by":"creativebitsolutions","Estimated reading time":"3 minutes"},"schema":{"@context":"https:\/\/schema.org","@graph":[{"@type":"Article","@id":"https:\/\/carpathiacenter.ro\/jurnalista-luiza-diculescu-premiata-de-consulatul-general-al-romaniei-la-torino\/#article","isPartOf":{"@id":"https:\/\/carpathiacenter.ro\/jurnalista-luiza-diculescu-premiata-de-consulatul-general-al-romaniei-la-torino\/"},"author":{"name":"creativebitsolutions","@id":"https:\/\/carpathiacenter.ro\/#\/schema\/person\/03d9f58202fee8379268f34afa195006"},"headline":"Jurnalista Luiza Diculescu, premiat\u0103 de Consulatul General al Rom\u00e2niei la Torino","datePublished":"2025-11-28T10:16:27+00:00","mainEntityOfPage":{"@id":"https:\/\/carpathiacenter.ro\/jurnalista-luiza-diculescu-premiata-de-consulatul-general-al-romaniei-la-torino\/"},"wordCount":505,"commentCount":0,"publisher":{"@id":"https:\/\/carpathiacenter.ro\/#organization"},"image":{"@id":"https:\/\/carpathiacenter.ro\/jurnalista-luiza-diculescu-premiata-de-consulatul-general-al-romaniei-la-torino\/#primaryimage"},"thumbnailUrl":"https:\/\/carpathiacenter.ro\/wp-content\/uploads\/2025\/11\/Luiza-Diculescu.jpg","articleSection":["Uncategorized"],"inLanguage":"en-GB","potentialAction":[{"@type":"CommentAction","name":"Comment","target":["https:\/\/carpathiacenter.ro\/jurnalista-luiza-diculescu-premiata-de-consulatul-general-al-romaniei-la-torino\/#respond"]}]},{"@type":"WebPage","@id":"https:\/\/carpathiacenter.ro\/jurnalista-luiza-diculescu-premiata-de-consulatul-general-al-romaniei-la-torino\/","url":"https:\/\/carpathiacenter.ro\/jurnalista-luiza-diculescu-premiata-de-consulatul-general-al-romaniei-la-torino\/","name":"Jurnalista Luiza Diculescu, premiat\u0103 de Consulatul General al Rom\u00e2niei la Torino - Carpathia Center Romania","isPartOf":{"@id":"https:\/\/carpathiacenter.ro\/#website"},"primaryImageOfPage":{"@id":"https:\/\/carpathiacenter.ro\/jurnalista-luiza-diculescu-premiata-de-consulatul-general-al-romaniei-la-torino\/#primaryimage"},"image":{"@id":"https:\/\/carpathiacenter.ro\/jurnalista-luiza-diculescu-premiata-de-consulatul-general-al-romaniei-la-torino\/#primaryimage"},"thumbnailUrl":"https:\/\/carpathiacenter.ro\/wp-content\/uploads\/2025\/11\/Luiza-Diculescu.jpg","datePublished":"2025-11-28T10:16:27+00:00","breadcrumb":{"@id":"https:\/\/carpathiacenter.ro\/jurnalista-luiza-diculescu-premiata-de-consulatul-general-al-romaniei-la-torino\/#breadcrumb"},"inLanguage":"en-GB","potentialAction":[{"@type":"ReadAction","target":["https:\/\/carpathiacenter.ro\/jurnalista-luiza-diculescu-premiata-de-consulatul-general-al-romaniei-la-torino\/"]}]},{"@type":"ImageObject","inLanguage":"en-GB","@id":"https:\/\/carpathiacenter.ro\/jurnalista-luiza-diculescu-premiata-de-consulatul-general-al-romaniei-la-torino\/#primaryimage","url":"https:\/\/carpathiacenter.ro\/wp-content\/uploads\/2025\/11\/Luiza-Diculescu.jpg","contentUrl":"https:\/\/carpathiacenter.ro\/wp-content\/uploads\/2025\/11\/Luiza-Diculescu.jpg","width":1046,"height":1370},{"@type":"BreadcrumbList","@id":"https:\/\/carpathiacenter.ro\/jurnalista-luiza-diculescu-premiata-de-consulatul-general-al-romaniei-la-torino\/#breadcrumb","itemListElement":[{"@type":"ListItem","position":1,"name":"Prima pagin\u0103","item":"https:\/\/carpathiacenter.ro\/"},{"@type":"ListItem","position":2,"name":"Jurnalista Luiza Diculescu, premiat\u0103 de Consulatul General al Rom\u00e2niei la Torino"}]},{"@type":"WebSite","@id":"https:\/\/carpathiacenter.ro\/#website","url":"https:\/\/carpathiacenter.ro\/","name":"Carpathia Center Romania","description":"Impossible made possible!","publisher":{"@id":"https:\/\/carpathiacenter.ro\/#organization"},"potentialAction":[{"@type":"SearchAction","target":{"@type":"EntryPoint","urlTemplate":"https:\/\/carpathiacenter.ro\/?s={search_term_string}"},"query-input":{"@type":"PropertyValueSpecification","valueRequired":true,"valueName":"search_term_string"}}],"inLanguage":"en-GB"},{"@type":"Organization","@id":"https:\/\/carpathiacenter.ro\/#organization","name":"Carpathia Center Romania","url":"https:\/\/carpathiacenter.ro\/","logo":{"@type":"ImageObject","inLanguage":"en-GB","@id":"https:\/\/carpathiacenter.ro\/#\/schema\/logo\/image\/","url":"https:\/\/carpathiacenter.ro\/wp-content\/uploads\/2024\/07\/logo-carpathia_bg_white-1024x941.png","contentUrl":"https:\/\/carpathiacenter.ro\/wp-content\/uploads\/2024\/07\/logo-carpathia_bg_white-1024x941.png","width":1024,"height":941,"caption":"Carpathia Center Romania"},"image":{"@id":"https:\/\/carpathiacenter.ro\/#\/schema\/logo\/image\/"},"sameAs":["https:\/\/www.facebook.com\/fdpscarpathia\/"]},{"@type":"Person","@id":"https:\/\/carpathiacenter.ro\/#\/schema\/person\/03d9f58202fee8379268f34afa195006","name":"creativebitsolutions","image":{"@type":"ImageObject","inLanguage":"en-GB","@id":"https:\/\/carpathiacenter.ro\/#\/schema\/person\/image\/","url":"https:\/\/secure.gravatar.com\/avatar\/1b1a13e37f847c635dab78348f1dff2f07651ee2a3d77a5c355a4b8c75f9165a?s=96&d=mm&r=g","contentUrl":"https:\/\/secure.gravatar.com\/avatar\/1b1a13e37f847c635dab78348f1dff2f07651ee2a3d77a5c355a4b8c75f9165a?s=96&d=mm&r=g","caption":"creativebitsolutions"},"url":"https:\/\/carpathiacenter.ro\/en\/author\/creativebitsolutions\/"}]}},"_links":{"self":[{"href":"https:\/\/carpathiacenter.ro\/en\/wp-json\/wp\/v2\/posts\/3417","targetHints":{"allow":["GET"]}}],"collection":[{"href":"https:\/\/carpathiacenter.ro\/en\/wp-json\/wp\/v2\/posts"}],"about":[{"href":"https:\/\/carpathiacenter.ro\/en\/wp-json\/wp\/v2\/types\/post"}],"author":[{"embeddable":true,"href":"https:\/\/carpathiacenter.ro\/en\/wp-json\/wp\/v2\/users\/4"}],"replies":[{"embeddable":true,"href":"https:\/\/carpathiacenter.ro\/en\/wp-json\/wp\/v2\/comments?post=3417"}],"version-history":[{"count":1,"href":"https:\/\/carpathiacenter.ro\/en\/wp-json\/wp\/v2\/posts\/3417\/revisions"}],"predecessor-version":[{"id":3419,"href":"https:\/\/carpathiacenter.ro\/en\/wp-json\/wp\/v2\/posts\/3417\/revisions\/3419"}],"wp:featuredmedia":[{"embeddable":true,"href":"https:\/\/carpathiacenter.ro\/en\/wp-json\/wp\/v2\/media\/3418"}],"wp:attachment":[{"href":"https:\/\/carpathiacenter.ro\/en\/wp-json\/wp\/v2\/media?parent=3417"}],"wp:term":[{"taxonomy":"category","embeddable":true,"href":"https:\/\/carpathiacenter.ro\/en\/wp-json\/wp\/v2\/categories?post=3417"},{"taxonomy":"post_tag","embeddable":true,"href":"https:\/\/carpathiacenter.ro\/en\/wp-json\/wp\/v2\/tags?post=3417"}],"curies":[{"name":"wp","href":"https:\/\/api.w.org\/{rel}","templated":true}]}}