{"id":3415,"date":"2025-11-28T10:10:21","date_gmt":"2025-11-28T10:10:21","guid":{"rendered":"https:\/\/carpathiacenter.ro\/?p=3415"},"modified":"2025-11-28T10:10:21","modified_gmt":"2025-11-28T10:10:21","slug":"bolojan-despre-proiectul-eliminarii-cumulului-pensiei-cu-salariul-sa-se-elimine-exceptiile-nu-cele-din-decizii-ccr","status":"publish","type":"post","link":"https:\/\/carpathiacenter.ro\/en\/bolojan-despre-proiectul-eliminarii-cumulului-pensiei-cu-salariul-sa-se-elimine-exceptiile-nu-cele-din-decizii-ccr\/","title":{"rendered":"Bolojan, despre proiectul elimin\u0103rii cumulului pensiei cu salariul: S\u0103 se elimine excep\u021biile, nu cele din decizii CCR"},"content":{"rendered":"<p>Premierul Ilie Bolojan sus\u021bine c\u0103 s-a c\u0103zut de acord \u00een coali\u021bie s\u0103 fie scoase toate excep\u021biile din proiectul privind eliminarea cumulului pensiei cu salariul \u00een afar\u0103 de cele prev\u0103zute \u00een decizii ale Cur\u021bii Constitu\u021bionale, men\u021bion\u00e2nd c\u0103 acest proiect poate fi adoptat fie prin angajarea r\u0103spunderii Guvernului, fie prin vot \u00een Parlament.<\/p>\n<p>&#8216;S-a c\u0103zut de principiu s\u0103 se sus\u021bin\u0103 acest proiect \u0219i s-a c\u0103zut de principiu s\u0103 se elimine toate excep\u021biile \u00een a\u0219a fel \u00eenc\u00e2t doar cele care sunt date de decizii ale Cur\u021bii Constitu\u021bionale, care sunt f\u0103r\u0103 echivoc \u0219i care dac\u0103 n-ar fi respectate ar face proiectul neconstitu\u021bional, deci i-am p\u0103c\u0103li pe oameni, doar acelea s\u0103 r\u0103m\u00e2n\u0103. Asta este o decizie de principiu. Acum proiectul este \u00een transparen\u021b\u0103, colegii lucreaz\u0103 la el \u0219i \u00een momentul \u00een care, \u00een c\u00e2teva zile, se g\u0103se\u0219te forma care este, din punct de vedere juridic, c\u00e2t mai clar\u0103, care evit\u0103 problemele de constitu\u021bionalitate, vom declan\u0219a adoptarea lui&#8217;, a precizat Ilie Bolojan la Digi 24.<\/p>\n<p>El a mai spus c\u0103 acest proiect poate fi adoptat fie prin de angajarea r\u0103spunderii Guvernului, fie printr-o procedur\u0103 parlamentar\u0103, acest lucru urm\u00e2nd s\u0103 fie decis zilele urm\u0103toare.<\/p>\n<p>&#8216;Nu sunt divergen\u021be pe acest proiect&#8217;, a ad\u0103ugat premierul. AGERPRES\/(AS &#8211; redactor: Alina Nov\u0103ceanu, editor: C\u0103t\u0103lin Alexandru, editor online: Alexandru Cojocaru)<br \/>\n<br \/>\nSursa articolului:  <a href=\"https:\/\/agerpres.ro\/politic\/2025\/11\/27\/bolojan-despre-proiectul-eliminarii-cumulului-pensiei-cu-salariul-sa-se-elimine-exceptiile-nu-cele-d--1506967\" target=\"_blank\" rel=\"noopener\" title=\"\">AGERPRES<\/a><\/p>","protected":false},"excerpt":{"rendered":"<p>Premierul Ilie Bolojan sus\u021bine c\u0103 s-a c\u0103zut de acord \u00een coali\u021bie s\u0103 fie scoase toate excep\u021biile din proiectul privind eliminarea cumulului pensiei cu salariul \u00een afar\u0103 de cele prev\u0103zute \u00een decizii ale Cur\u021bii Constitu\u021bionale, men\u021bion\u00e2nd c\u0103 acest proiect poate fi adoptat fie prin angajarea r\u0103spunderii Guvernului, fie prin vot \u00een Parlament. &#8216;S-a c\u0103zut de principiu&#8230;<\/p>","protected":false},"author":4,"featured_media":2679,"comment_status":"open","ping_status":"open","sticky":false,"template":"","format":"standard","meta":{"footnotes":""},"categories":[1],"tags":[],"class_list":["post-3415","post","type-post","status-publish","format-standard","has-post-thumbnail","hentry","category-uncategorized"],"yoast_head":"<!-- This site is optimized with the Yoast SEO plugin v26.1.1 - https:\/\/yoast.com\/wordpress\/plugins\/seo\/ -->\n<title>Bolojan, despre proiectul elimin\u0103rii cumulului pensiei cu salariul: S\u0103 se elimine excep\u021biile, nu cele din decizii CCR - Carpathia Center Romania<\/title>\n<meta name=\"robots\" content=\"index, follow, max-snippet:-1, max-image-preview:large, max-video-preview:-1\" \/>\n<link rel=\"canonical\" href=\"https:\/\/carpathiacenter.ro\/en\/bolojan-despre-proiectul-eliminarii-cumulului-pensiei-cu-salariul-sa-se-elimine-exceptiile-nu-cele-din-decizii-ccr\/\" \/>\n<meta property=\"og:locale\" content=\"en_GB\" \/>\n<meta property=\"og:type\" content=\"article\" \/>\n<meta property=\"og:title\" content=\"Bolojan, despre proiectul elimin\u0103rii cumulului pensiei cu salariul: S\u0103 se elimine excep\u021biile, nu cele din decizii CCR - Carpathia Center Romania\" \/>\n<meta property=\"og:description\" content=\"Premierul Ilie Bolojan sus\u021bine c\u0103 s-a c\u0103zut de acord \u00een coali\u021bie s\u0103 fie scoase toate excep\u021biile din proiectul privind eliminarea cumulului pensiei cu salariul \u00een afar\u0103 de cele prev\u0103zute \u00een decizii ale Cur\u021bii Constitu\u021bionale, men\u021bion\u00e2nd c\u0103 acest proiect poate fi adoptat fie prin angajarea r\u0103spunderii Guvernului, fie prin vot \u00een Parlament. &#8216;S-a c\u0103zut de principiu...\" \/>\n<meta property=\"og:url\" content=\"https:\/\/carpathiacenter.ro\/en\/bolojan-despre-proiectul-eliminarii-cumulului-pensiei-cu-salariul-sa-se-elimine-exceptiile-nu-cele-din-decizii-ccr\/\" \/>\n<meta property=\"og:site_name\" content=\"Carpathia Center Romania\" \/>\n<meta property=\"article:publisher\" content=\"https:\/\/www.facebook.com\/fdpscarpathia\/\" \/>\n<meta property=\"article:published_time\" content=\"2025-11-28T10:10:21+00:00\" \/>\n<meta property=\"og:image\" content=\"https:\/\/carpathiacenter.ro\/wp-content\/uploads\/2025\/07\/Ilie-Bolojan-Guvern.webp\" \/>\n\t<meta property=\"og:image:width\" content=\"1620\" \/>\n\t<meta property=\"og:image:height\" content=\"1080\" \/>\n\t<meta property=\"og:image:type\" content=\"image\/webp\" \/>\n<meta name=\"author\" content=\"creativebitsolutions\" \/>\n<meta name=\"twitter:card\" content=\"summary_large_image\" \/>\n<meta name=\"twitter:label1\" content=\"Written by\" \/>\n\t<meta name=\"twitter:data1\" content=\"creativebitsolutions\" \/>\n\t<meta name=\"twitter:label2\" content=\"Estimated reading time\" \/>\n\t<meta name=\"twitter:data2\" content=\"1 minute\" \/>\n<script type=\"application\/ld+json\" class=\"yoast-schema-graph\">{\"@context\":\"https:\/\/schema.org\",\"@graph\":[{\"@type\":\"Article\",\"@id\":\"https:\/\/carpathiacenter.ro\/bolojan-despre-proiectul-eliminarii-cumulului-pensiei-cu-salariul-sa-se-elimine-exceptiile-nu-cele-din-decizii-ccr\/#article\",\"isPartOf\":{\"@id\":\"https:\/\/carpathiacenter.ro\/bolojan-despre-proiectul-eliminarii-cumulului-pensiei-cu-salariul-sa-se-elimine-exceptiile-nu-cele-din-decizii-ccr\/\"},\"author\":{\"name\":\"creativebitsolutions\",\"@id\":\"https:\/\/carpathiacenter.ro\/#\/schema\/person\/03d9f58202fee8379268f34afa195006\"},\"headline\":\"Bolojan, despre proiectul elimin\u0103rii cumulului pensiei cu salariul: S\u0103 se elimine excep\u021biile, nu cele din decizii CCR\",\"datePublished\":\"2025-11-28T10:10:21+00:00\",\"mainEntityOfPage\":{\"@id\":\"https:\/\/carpathiacenter.ro\/bolojan-despre-proiectul-eliminarii-cumulului-pensiei-cu-salariul-sa-se-elimine-exceptiile-nu-cele-din-decizii-ccr\/\"},\"wordCount\":268,\"commentCount\":0,\"publisher\":{\"@id\":\"https:\/\/carpathiacenter.ro\/#organization\"},\"image\":{\"@id\":\"https:\/\/carpathiacenter.ro\/bolojan-despre-proiectul-eliminarii-cumulului-pensiei-cu-salariul-sa-se-elimine-exceptiile-nu-cele-din-decizii-ccr\/#primaryimage\"},\"thumbnailUrl\":\"https:\/\/carpathiacenter.ro\/wp-content\/uploads\/2025\/07\/Ilie-Bolojan-Guvern.webp\",\"articleSection\":[\"Uncategorized\"],\"inLanguage\":\"en-GB\",\"potentialAction\":[{\"@type\":\"CommentAction\",\"name\":\"Comment\",\"target\":[\"https:\/\/carpathiacenter.ro\/bolojan-despre-proiectul-eliminarii-cumulului-pensiei-cu-salariul-sa-se-elimine-exceptiile-nu-cele-din-decizii-ccr\/#respond\"]}]},{\"@type\":\"WebPage\",\"@id\":\"https:\/\/carpathiacenter.ro\/bolojan-despre-proiectul-eliminarii-cumulului-pensiei-cu-salariul-sa-se-elimine-exceptiile-nu-cele-din-decizii-ccr\/\",\"url\":\"https:\/\/carpathiacenter.ro\/bolojan-despre-proiectul-eliminarii-cumulului-pensiei-cu-salariul-sa-se-elimine-exceptiile-nu-cele-din-decizii-ccr\/\",\"name\":\"Bolojan, despre proiectul elimin\u0103rii cumulului pensiei cu salariul: S\u0103 se elimine excep\u021biile, nu cele din decizii CCR - Carpathia Center Romania\",\"isPartOf\":{\"@id\":\"https:\/\/carpathiacenter.ro\/#website\"},\"primaryImageOfPage\":{\"@id\":\"https:\/\/carpathiacenter.ro\/bolojan-despre-proiectul-eliminarii-cumulului-pensiei-cu-salariul-sa-se-elimine-exceptiile-nu-cele-din-decizii-ccr\/#primaryimage\"},\"image\":{\"@id\":\"https:\/\/carpathiacenter.ro\/bolojan-despre-proiectul-eliminarii-cumulului-pensiei-cu-salariul-sa-se-elimine-exceptiile-nu-cele-din-decizii-ccr\/#primaryimage\"},\"thumbnailUrl\":\"https:\/\/carpathiacenter.ro\/wp-content\/uploads\/2025\/07\/Ilie-Bolojan-Guvern.webp\",\"datePublished\":\"2025-11-28T10:10:21+00:00\",\"breadcrumb\":{\"@id\":\"https:\/\/carpathiacenter.ro\/bolojan-despre-proiectul-eliminarii-cumulului-pensiei-cu-salariul-sa-se-elimine-exceptiile-nu-cele-din-decizii-ccr\/#breadcrumb\"},\"inLanguage\":\"en-GB\",\"potentialAction\":[{\"@type\":\"ReadAction\",\"target\":[\"https:\/\/carpathiacenter.ro\/bolojan-despre-proiectul-eliminarii-cumulului-pensiei-cu-salariul-sa-se-elimine-exceptiile-nu-cele-din-decizii-ccr\/\"]}]},{\"@type\":\"ImageObject\",\"inLanguage\":\"en-GB\",\"@id\":\"https:\/\/carpathiacenter.ro\/bolojan-despre-proiectul-eliminarii-cumulului-pensiei-cu-salariul-sa-se-elimine-exceptiile-nu-cele-din-decizii-ccr\/#primaryimage\",\"url\":\"https:\/\/carpathiacenter.ro\/wp-content\/uploads\/2025\/07\/Ilie-Bolojan-Guvern.webp\",\"contentUrl\":\"https:\/\/carpathiacenter.ro\/wp-content\/uploads\/2025\/07\/Ilie-Bolojan-Guvern.webp\",\"width\":1620,\"height\":1080},{\"@type\":\"BreadcrumbList\",\"@id\":\"https:\/\/carpathiacenter.ro\/bolojan-despre-proiectul-eliminarii-cumulului-pensiei-cu-salariul-sa-se-elimine-exceptiile-nu-cele-din-decizii-ccr\/#breadcrumb\",\"itemListElement\":[{\"@type\":\"ListItem\",\"position\":1,\"name\":\"Prima pagin\u0103\",\"item\":\"https:\/\/carpathiacenter.ro\/\"},{\"@type\":\"ListItem\",\"position\":2,\"name\":\"Bolojan, despre proiectul elimin\u0103rii cumulului pensiei cu salariul: S\u0103 se elimine excep\u021biile, nu cele din decizii CCR\"}]},{\"@type\":\"WebSite\",\"@id\":\"https:\/\/carpathiacenter.ro\/#website\",\"url\":\"https:\/\/carpathiacenter.ro\/\",\"name\":\"Carpathia Center Romania\",\"description\":\"Impossible made possible!\",\"publisher\":{\"@id\":\"https:\/\/carpathiacenter.ro\/#organization\"},\"potentialAction\":[{\"@type\":\"SearchAction\",\"target\":{\"@type\":\"EntryPoint\",\"urlTemplate\":\"https:\/\/carpathiacenter.ro\/?s={search_term_string}\"},\"query-input\":{\"@type\":\"PropertyValueSpecification\",\"valueRequired\":true,\"valueName\":\"search_term_string\"}}],\"inLanguage\":\"en-GB\"},{\"@type\":\"Organization\",\"@id\":\"https:\/\/carpathiacenter.ro\/#organization\",\"name\":\"Carpathia Center Romania\",\"url\":\"https:\/\/carpathiacenter.ro\/\",\"logo\":{\"@type\":\"ImageObject\",\"inLanguage\":\"en-GB\",\"@id\":\"https:\/\/carpathiacenter.ro\/#\/schema\/logo\/image\/\",\"url\":\"https:\/\/carpathiacenter.ro\/wp-content\/uploads\/2024\/07\/logo-carpathia_bg_white-1024x941.png\",\"contentUrl\":\"https:\/\/carpathiacenter.ro\/wp-content\/uploads\/2024\/07\/logo-carpathia_bg_white-1024x941.png\",\"width\":1024,\"height\":941,\"caption\":\"Carpathia Center Romania\"},\"image\":{\"@id\":\"https:\/\/carpathiacenter.ro\/#\/schema\/logo\/image\/\"},\"sameAs\":[\"https:\/\/www.facebook.com\/fdpscarpathia\/\"]},{\"@type\":\"Person\",\"@id\":\"https:\/\/carpathiacenter.ro\/#\/schema\/person\/03d9f58202fee8379268f34afa195006\",\"name\":\"creativebitsolutions\",\"image\":{\"@type\":\"ImageObject\",\"inLanguage\":\"en-GB\",\"@id\":\"https:\/\/carpathiacenter.ro\/#\/schema\/person\/image\/\",\"url\":\"https:\/\/secure.gravatar.com\/avatar\/1b1a13e37f847c635dab78348f1dff2f07651ee2a3d77a5c355a4b8c75f9165a?s=96&d=mm&r=g\",\"contentUrl\":\"https:\/\/secure.gravatar.com\/avatar\/1b1a13e37f847c635dab78348f1dff2f07651ee2a3d77a5c355a4b8c75f9165a?s=96&d=mm&r=g\",\"caption\":\"creativebitsolutions\"},\"url\":\"https:\/\/carpathiacenter.ro\/en\/author\/creativebitsolutions\/\"}]}<\/script>\n<!-- \/ Yoast SEO plugin. -->","yoast_head_json":{"title":"Bolojan, despre proiectul elimin\u0103rii cumulului pensiei cu salariul: S\u0103 se elimine excep\u021biile, nu cele din decizii CCR - Carpathia Center Romania","robots":{"index":"index","follow":"follow","max-snippet":"max-snippet:-1","max-image-preview":"max-image-preview:large","max-video-preview":"max-video-preview:-1"},"canonical":"https:\/\/carpathiacenter.ro\/en\/bolojan-despre-proiectul-eliminarii-cumulului-pensiei-cu-salariul-sa-se-elimine-exceptiile-nu-cele-din-decizii-ccr\/","og_locale":"en_GB","og_type":"article","og_title":"Bolojan, despre proiectul elimin\u0103rii cumulului pensiei cu salariul: S\u0103 se elimine excep\u021biile, nu cele din decizii CCR - Carpathia Center Romania","og_description":"Premierul Ilie Bolojan sus\u021bine c\u0103 s-a c\u0103zut de acord \u00een coali\u021bie s\u0103 fie scoase toate excep\u021biile din proiectul privind eliminarea cumulului pensiei cu salariul \u00een afar\u0103 de cele prev\u0103zute \u00een decizii ale Cur\u021bii Constitu\u021bionale, men\u021bion\u00e2nd c\u0103 acest proiect poate fi adoptat fie prin angajarea r\u0103spunderii Guvernului, fie prin vot \u00een Parlament. &#8216;S-a c\u0103zut de principiu...","og_url":"https:\/\/carpathiacenter.ro\/en\/bolojan-despre-proiectul-eliminarii-cumulului-pensiei-cu-salariul-sa-se-elimine-exceptiile-nu-cele-din-decizii-ccr\/","og_site_name":"Carpathia Center Romania","article_publisher":"https:\/\/www.facebook.com\/fdpscarpathia\/","article_published_time":"2025-11-28T10:10:21+00:00","og_image":[{"width":1620,"height":1080,"url":"https:\/\/carpathiacenter.ro\/wp-content\/uploads\/2025\/07\/Ilie-Bolojan-Guvern.webp","type":"image\/webp"}],"author":"creativebitsolutions","twitter_card":"summary_large_image","twitter_misc":{"Written by":"creativebitsolutions","Estimated reading time":"1 minute"},"schema":{"@context":"https:\/\/schema.org","@graph":[{"@type":"Article","@id":"https:\/\/carpathiacenter.ro\/bolojan-despre-proiectul-eliminarii-cumulului-pensiei-cu-salariul-sa-se-elimine-exceptiile-nu-cele-din-decizii-ccr\/#article","isPartOf":{"@id":"https:\/\/carpathiacenter.ro\/bolojan-despre-proiectul-eliminarii-cumulului-pensiei-cu-salariul-sa-se-elimine-exceptiile-nu-cele-din-decizii-ccr\/"},"author":{"name":"creativebitsolutions","@id":"https:\/\/carpathiacenter.ro\/#\/schema\/person\/03d9f58202fee8379268f34afa195006"},"headline":"Bolojan, despre proiectul elimin\u0103rii cumulului pensiei cu salariul: S\u0103 se elimine excep\u021biile, nu cele din decizii CCR","datePublished":"2025-11-28T10:10:21+00:00","mainEntityOfPage":{"@id":"https:\/\/carpathiacenter.ro\/bolojan-despre-proiectul-eliminarii-cumulului-pensiei-cu-salariul-sa-se-elimine-exceptiile-nu-cele-din-decizii-ccr\/"},"wordCount":268,"commentCount":0,"publisher":{"@id":"https:\/\/carpathiacenter.ro\/#organization"},"image":{"@id":"https:\/\/carpathiacenter.ro\/bolojan-despre-proiectul-eliminarii-cumulului-pensiei-cu-salariul-sa-se-elimine-exceptiile-nu-cele-din-decizii-ccr\/#primaryimage"},"thumbnailUrl":"https:\/\/carpathiacenter.ro\/wp-content\/uploads\/2025\/07\/Ilie-Bolojan-Guvern.webp","articleSection":["Uncategorized"],"inLanguage":"en-GB","potentialAction":[{"@type":"CommentAction","name":"Comment","target":["https:\/\/carpathiacenter.ro\/bolojan-despre-proiectul-eliminarii-cumulului-pensiei-cu-salariul-sa-se-elimine-exceptiile-nu-cele-din-decizii-ccr\/#respond"]}]},{"@type":"WebPage","@id":"https:\/\/carpathiacenter.ro\/bolojan-despre-proiectul-eliminarii-cumulului-pensiei-cu-salariul-sa-se-elimine-exceptiile-nu-cele-din-decizii-ccr\/","url":"https:\/\/carpathiacenter.ro\/bolojan-despre-proiectul-eliminarii-cumulului-pensiei-cu-salariul-sa-se-elimine-exceptiile-nu-cele-din-decizii-ccr\/","name":"Bolojan, despre proiectul elimin\u0103rii cumulului pensiei cu salariul: S\u0103 se elimine excep\u021biile, nu cele din decizii CCR - Carpathia Center Romania","isPartOf":{"@id":"https:\/\/carpathiacenter.ro\/#website"},"primaryImageOfPage":{"@id":"https:\/\/carpathiacenter.ro\/bolojan-despre-proiectul-eliminarii-cumulului-pensiei-cu-salariul-sa-se-elimine-exceptiile-nu-cele-din-decizii-ccr\/#primaryimage"},"image":{"@id":"https:\/\/carpathiacenter.ro\/bolojan-despre-proiectul-eliminarii-cumulului-pensiei-cu-salariul-sa-se-elimine-exceptiile-nu-cele-din-decizii-ccr\/#primaryimage"},"thumbnailUrl":"https:\/\/carpathiacenter.ro\/wp-content\/uploads\/2025\/07\/Ilie-Bolojan-Guvern.webp","datePublished":"2025-11-28T10:10:21+00:00","breadcrumb":{"@id":"https:\/\/carpathiacenter.ro\/bolojan-despre-proiectul-eliminarii-cumulului-pensiei-cu-salariul-sa-se-elimine-exceptiile-nu-cele-din-decizii-ccr\/#breadcrumb"},"inLanguage":"en-GB","potentialAction":[{"@type":"ReadAction","target":["https:\/\/carpathiacenter.ro\/bolojan-despre-proiectul-eliminarii-cumulului-pensiei-cu-salariul-sa-se-elimine-exceptiile-nu-cele-din-decizii-ccr\/"]}]},{"@type":"ImageObject","inLanguage":"en-GB","@id":"https:\/\/carpathiacenter.ro\/bolojan-despre-proiectul-eliminarii-cumulului-pensiei-cu-salariul-sa-se-elimine-exceptiile-nu-cele-din-decizii-ccr\/#primaryimage","url":"https:\/\/carpathiacenter.ro\/wp-content\/uploads\/2025\/07\/Ilie-Bolojan-Guvern.webp","contentUrl":"https:\/\/carpathiacenter.ro\/wp-content\/uploads\/2025\/07\/Ilie-Bolojan-Guvern.webp","width":1620,"height":1080},{"@type":"BreadcrumbList","@id":"https:\/\/carpathiacenter.ro\/bolojan-despre-proiectul-eliminarii-cumulului-pensiei-cu-salariul-sa-se-elimine-exceptiile-nu-cele-din-decizii-ccr\/#breadcrumb","itemListElement":[{"@type":"ListItem","position":1,"name":"Prima pagin\u0103","item":"https:\/\/carpathiacenter.ro\/"},{"@type":"ListItem","position":2,"name":"Bolojan, despre proiectul elimin\u0103rii cumulului pensiei cu salariul: S\u0103 se elimine excep\u021biile, nu cele din decizii CCR"}]},{"@type":"WebSite","@id":"https:\/\/carpathiacenter.ro\/#website","url":"https:\/\/carpathiacenter.ro\/","name":"Carpathia Center Romania","description":"Impossible made possible!","publisher":{"@id":"https:\/\/carpathiacenter.ro\/#organization"},"potentialAction":[{"@type":"SearchAction","target":{"@type":"EntryPoint","urlTemplate":"https:\/\/carpathiacenter.ro\/?s={search_term_string}"},"query-input":{"@type":"PropertyValueSpecification","valueRequired":true,"valueName":"search_term_string"}}],"inLanguage":"en-GB"},{"@type":"Organization","@id":"https:\/\/carpathiacenter.ro\/#organization","name":"Carpathia Center Romania","url":"https:\/\/carpathiacenter.ro\/","logo":{"@type":"ImageObject","inLanguage":"en-GB","@id":"https:\/\/carpathiacenter.ro\/#\/schema\/logo\/image\/","url":"https:\/\/carpathiacenter.ro\/wp-content\/uploads\/2024\/07\/logo-carpathia_bg_white-1024x941.png","contentUrl":"https:\/\/carpathiacenter.ro\/wp-content\/uploads\/2024\/07\/logo-carpathia_bg_white-1024x941.png","width":1024,"height":941,"caption":"Carpathia Center Romania"},"image":{"@id":"https:\/\/carpathiacenter.ro\/#\/schema\/logo\/image\/"},"sameAs":["https:\/\/www.facebook.com\/fdpscarpathia\/"]},{"@type":"Person","@id":"https:\/\/carpathiacenter.ro\/#\/schema\/person\/03d9f58202fee8379268f34afa195006","name":"creativebitsolutions","image":{"@type":"ImageObject","inLanguage":"en-GB","@id":"https:\/\/carpathiacenter.ro\/#\/schema\/person\/image\/","url":"https:\/\/secure.gravatar.com\/avatar\/1b1a13e37f847c635dab78348f1dff2f07651ee2a3d77a5c355a4b8c75f9165a?s=96&d=mm&r=g","contentUrl":"https:\/\/secure.gravatar.com\/avatar\/1b1a13e37f847c635dab78348f1dff2f07651ee2a3d77a5c355a4b8c75f9165a?s=96&d=mm&r=g","caption":"creativebitsolutions"},"url":"https:\/\/carpathiacenter.ro\/en\/author\/creativebitsolutions\/"}]}},"_links":{"self":[{"href":"https:\/\/carpathiacenter.ro\/en\/wp-json\/wp\/v2\/posts\/3415","targetHints":{"allow":["GET"]}}],"collection":[{"href":"https:\/\/carpathiacenter.ro\/en\/wp-json\/wp\/v2\/posts"}],"about":[{"href":"https:\/\/carpathiacenter.ro\/en\/wp-json\/wp\/v2\/types\/post"}],"author":[{"embeddable":true,"href":"https:\/\/carpathiacenter.ro\/en\/wp-json\/wp\/v2\/users\/4"}],"replies":[{"embeddable":true,"href":"https:\/\/carpathiacenter.ro\/en\/wp-json\/wp\/v2\/comments?post=3415"}],"version-history":[{"count":1,"href":"https:\/\/carpathiacenter.ro\/en\/wp-json\/wp\/v2\/posts\/3415\/revisions"}],"predecessor-version":[{"id":3416,"href":"https:\/\/carpathiacenter.ro\/en\/wp-json\/wp\/v2\/posts\/3415\/revisions\/3416"}],"wp:featuredmedia":[{"embeddable":true,"href":"https:\/\/carpathiacenter.ro\/en\/wp-json\/wp\/v2\/media\/2679"}],"wp:attachment":[{"href":"https:\/\/carpathiacenter.ro\/en\/wp-json\/wp\/v2\/media?parent=3415"}],"wp:term":[{"taxonomy":"category","embeddable":true,"href":"https:\/\/carpathiacenter.ro\/en\/wp-json\/wp\/v2\/categories?post=3415"},{"taxonomy":"post_tag","embeddable":true,"href":"https:\/\/carpathiacenter.ro\/en\/wp-json\/wp\/v2\/tags?post=3415"}],"curies":[{"name":"wp","href":"https:\/\/api.w.org\/{rel}","templated":true}]}}